{"id":33453,"date":"2023-11-14T07:34:07","date_gmt":"2023-11-14T10:34:07","guid":{"rendered":"https:\/\/maranhaotv.com.br\/?p=33453"},"modified":"2023-11-14T07:34:07","modified_gmt":"2023-11-14T10:34:07","slug":"setor-de-mineracao-participa-de-agenda-com-presidente-da-anm-na-expo-industria","status":"publish","type":"post","link":"https:\/\/maranhaotv.com.br\/index.php\/2023\/11\/14\/setor-de-mineracao-participa-de-agenda-com-presidente-da-anm-na-expo-industria\/","title":{"rendered":"Setor de minera\u00e7\u00e3o participa de agenda com presidente da ANM na Expo Ind\u00fastria"},"content":{"rendered":"\n<p><em>Cumprindo agenda dupla organizada pelo Sebrae na Expo Ind\u00fastria 2023, setor dialoga com presidente da Ag\u00eancia e pede apoio para fortalecer atividade no Maranh\u00e3o.<\/em><br><br>O papel e o escopo de atua\u00e7\u00e3o da Ag\u00eancia Nacional de Minera\u00e7\u00e3o \u2013 ANM, uma das 11 ag\u00eancias reguladoras do Pa\u00eds, e alinhamentos para fortalecer a atividade de minera\u00e7\u00e3o no Maranh\u00e3o,  aproximando ainda mais a ag\u00eancia do setor empresarial foram tratados na Expo Ind\u00fastria 2023, em duas agendas com o presidente do \u00f3rg\u00e3o, o maranhense Mauro Henrique Moreira Sousa.<br>Organizadas pelo Sebrae, as agendas combinaram um encontro com lideran\u00e7as do setor, tratando dos desafios e oportunidades para fortalecimento da atividade de minera\u00e7\u00e3o no Maranh\u00e3o. Na ocasi\u00e3o, Sousa ouviu quest\u00f5es e apontamentos levantados pelas institui\u00e7\u00f5es presentes, em um total de 24. Mais de 70 pessoas participaram desse momento.<br>\u201cTrata-se de um momento hist\u00f3rico para o setor, organizado pelo Sebrae justamente para essa aproxima\u00e7\u00e3o com a ANM, algo muito necess\u00e1rio dado o potencial mineral que o Maranh\u00e3o det\u00e9m\u201d, manifestou-se no Encontro, o presidente do Conselho Deliberativo, Celso Gon\u00e7alo.<br>Palestra \u2013 Seguindo a programa\u00e7\u00e3o, no Espa\u00e7o Seja (estande do Sebrae na Expo Ind\u00fastria), em debate mediado pelo presidente do CDE, Celso Gon\u00e7alo, com participa\u00e7\u00e3o do secret\u00e1rio de Ind\u00fastria e Com\u00e9rcio, Junior Marreca, e de Joeder de Oliveira, presidente do Sindicato das Ind\u00fastrias de Gesso no Maranh\u00e3o, o dirigente da ANM falou sobre Oportunidades de Neg\u00f3cios no Setor de Minera\u00e7\u00e3o no Brasil e no Maranh\u00e3o.<br>Sousa destacou que a ANM passa por um processo de mudan\u00e7a e est\u00e1 cada vez mais aberta ao di\u00e1logo com diversos segmentos da sociedade. \u201cO objetivo \u00e9 o fomento da ind\u00fastria de minera\u00e7\u00e3o, de forma sustent\u00e1vel e ambientalmente respons\u00e1vel\u201d, declarou ele. No entanto, o dirigente lembrou a necessidade de maior estrutura\u00e7\u00e3o da Ag\u00eancia para que possa cumprir sua miss\u00e3o institucional e ser um vetor para atra\u00e7\u00e3o de mais investimentos no setor.<br>Ele ressaltou, ainda, que a ANM sucede o antigo Departamento Nacional de Produ\u00e7\u00e3o Mineral \u2013 DNPM e refor\u00e7ou o desafio de amplia\u00e7\u00e3o das a\u00e7\u00f5es de curadoria (levantamento) dos bens minerais nacionais, de ajustes no C\u00f3digo Nacional de Minera\u00e7\u00e3o, nas quest\u00f5es ligadas ao licenciamento ambiental da \u00e1rea, no fortalecimento da pesquisa geol\u00f3gica e no compartilhamento dessas informa\u00e7\u00f5es com o empresariado, o que ajudaria a dinamizar a atividade no Maranh\u00e3o.<br>Para Mauro Sousa, \u00e9 necess\u00e1rio maior articula\u00e7\u00e3o com os segmentos empresariais ligados \u00e0 minera\u00e7\u00e3o. \u201cTrata-se de uma atividade estrat\u00e9gica para o pa\u00eds e para a qual o Maranh\u00e3o tem potencial incontest\u00e1vel; uma atividade necess\u00e1ria, \u00fatil e fundamental para o desenvolvimento do Brasil e do Maranh\u00e3o, especialmente neste momento em que se discute a base energ\u00e9tica do Pa\u00eds e pela exist\u00eancia de minerais importantes nesse processo. Precisamos ampliar essa aproxima\u00e7\u00e3o\u201d, assegurou, destacando o papel de articula\u00e7\u00e3o do Sebrae nesse contexto.<br>Segmento estrat\u00e9gico &#8211; Enfatizando a import\u00e2ncia das agendas, o secret\u00e1rio da SEINC, Junior Marreca saudou a iniciativa, observando que o Maranh\u00e3o tem como estrat\u00e9gica a decis\u00e3o de fortalecer essa cadeia.<br>\u201cO governo do Maranh\u00e3o entende como fundamental essa aproxima\u00e7\u00e3o para promo\u00e7\u00e3o de avan\u00e7os nessa cadeia de minera\u00e7\u00e3o. A\u00e7\u00f5es como o engajamento dos diversos atores dessa cadeia, a continuidade do processo de desburocratiza\u00e7\u00e3o e a formula\u00e7\u00e3o de pol\u00edticas de incentivo, focadas no desenvolvimento e na sustentabilidade, s\u00e3o importantes mecanismos de nesse ambiente de formula\u00e7\u00e3o de alternativas de aproveitamento dessa cadeia, algo que \u00e9 do interesse do Maranh\u00e3o\u201d, justificou o secret\u00e1rio.<br>J\u00e1 o presidente do Sindicato das Ind\u00fastrias de Gesso no Maranh\u00e3o \u2013 Sindugesso, Joeder de Oliveira, falou sobre o momento, saudando esse primeiro passo. \u201cCom essa iniciativa, o Sebrae protagonizou um dos mais importantes momentos da Expo Ind\u00fastria, de di\u00e1logo e aproxima\u00e7\u00e3o do empres\u00e1rio com a ANM, com vi\u00e9s de orienta\u00e7\u00e3o e de modo que pud\u00e9ssemos externar ao presidente os entraves da minera\u00e7\u00e3o no Maranh\u00e3o, abrindo espa\u00e7o para as solu\u00e7\u00f5es\u201d, avaliou o presidente.<br>Em igual sentido, o ex-presidente do Conselho do Sebrae, Claudio Azevedo, ressaltou a relev\u00e2ncia do momento. \u201cUm passo importante e necess\u00e1ria essa aproxima\u00e7\u00e3o com a ANM, o que vai nos permitir avan\u00e7os  h\u00e1 muito esperados\u201d, frisou ele.<\/p>\n\n\n\n<figure class=\"wp-block-image size-large\"><img decoding=\"async\" src=\"https:\/\/maranhaotv.com.br\/wp-content\/uploads\/2023\/11\/IMG-20231114-WA0020-1024x684.jpg\" alt=\"\" class=\"wp-image-33451\"\/><\/figure>\n\n\n\n<figure class=\"wp-block-image\"><img decoding=\"async\" src=\"https:\/\/maranhaotv.com.br\/wp-content\/uploads\/2023\/11\/IMG-20231114-WA0018-1024x670.jpg\" alt=\"\" class=\"wp-image-33450\"\/><\/figure>\n","protected":false},"excerpt":{"rendered":"<p>Cumprindo agenda dupla organizada pelo Sebrae na Expo Ind\u00fastria 2023, setor dialoga com presidente da Ag\u00eancia e pede apoio para<\/p>\n","protected":false},"author":2,"featured_media":33452,"comment_status":"open","ping_status":"open","sticky":false,"template":"","format":"standard","meta":{"colormag_page_container_layout":"default_layout","colormag_page_sidebar_layout":"default_layout","_jetpack_memberships_contains_paid_content":false,"footnotes":""},"categories":[2],"tags":[],"class_list":["post-33453","post","type-post","status-publish","format-standard","has-post-thumbnail","hentry","category-noticias"],"magazineBlocksPostFeaturedMedia":{"thumbnail":false,"medium":false,"medium_large":false,"large":false,"1536x1536":false,"2048x2048":false,"colormag-highlighted-post":false,"colormag-featured-post-medium":false,"colormag-featured-post-small":false,"colormag-featured-image":false,"colormag-default-news":false,"colormag-featured-image-large":false},"magazineBlocksPostAuthor":{"name":"maranhaotv","avatar":"https:\/\/secure.gravatar.com\/avatar\/8fadbca458d4cb68b1dd399ae9a40618d747bb1af65ac9fad21c89220a143eb4?s=96&d=mm&r=g"},"magazineBlocksPostCommentsNumber":"0","magazineBlocksPostExcerpt":"Cumprindo agenda dupla organizada pelo Sebrae na Expo Ind\u00fastria 2023, setor dialoga com presidente da Ag\u00eancia e pede apoio para","magazineBlocksPostCategories":["not\u00edcias"],"magazineBlocksPostViewCount":231,"magazineBlocksPostReadTime":4,"magazine_blocks_featured_image_url":{"full":false,"medium":false,"thumbnail":false},"magazine_blocks_author":{"display_name":"maranhaotv","author_link":"https:\/\/maranhaotv.com.br\/index.php\/author\/maranhaotv\/"},"magazine_blocks_comment":0,"magazine_blocks_author_image":"https:\/\/secure.gravatar.com\/avatar\/8fadbca458d4cb68b1dd399ae9a40618d747bb1af65ac9fad21c89220a143eb4?s=96&d=mm&r=g","magazine_blocks_category":"<a href=\"#\" class=\"category-link category-link-2\">not\u00edcias<\/a>","yoast_head":"<!-- This site is optimized with the Yoast SEO plugin v27.4 - https:\/\/yoast.com\/product\/yoast-seo-wordpress\/ -->\n<title>Setor de minera\u00e7\u00e3o participa de agenda com presidente da ANM na Expo Ind\u00fastria - NOT\u00cdCIAS EM TEMPO REAL<\/title>\n<meta name=\"robots\" content=\"index, follow, max-snippet:-1, max-image-preview:large, max-video-preview:-1\" \/>\n<link rel=\"canonical\" href=\"https:\/\/maranhaotv.com.br\/index.php\/2023\/11\/14\/setor-de-mineracao-participa-de-agenda-com-presidente-da-anm-na-expo-industria\/\" \/>\n<meta property=\"og:locale\" content=\"pt_BR\" \/>\n<meta property=\"og:type\" content=\"article\" \/>\n<meta property=\"og:title\" content=\"Setor de minera\u00e7\u00e3o participa de agenda com presidente da ANM na Expo Ind\u00fastria - NOT\u00cdCIAS EM TEMPO REAL\" \/>\n<meta property=\"og:description\" content=\"Cumprindo agenda dupla organizada pelo Sebrae na Expo Ind\u00fastria 2023, setor dialoga com presidente da Ag\u00eancia e pede apoio para\" \/>\n<meta property=\"og:url\" content=\"https:\/\/maranhaotv.com.br\/index.php\/2023\/11\/14\/setor-de-mineracao-participa-de-agenda-com-presidente-da-anm-na-expo-industria\/\" \/>\n<meta property=\"og:site_name\" content=\"NOT\u00cdCIAS EM TEMPO REAL\" \/>\n<meta property=\"article:publisher\" content=\"https:\/\/www.facebook.com\/maiobaotv\" \/>\n<meta property=\"article:published_time\" content=\"2023-11-14T10:34:07+00:00\" \/>\n<meta name=\"author\" content=\"maranhaotv\" \/>\n<meta name=\"twitter:card\" content=\"summary_large_image\" \/>\n<meta name=\"twitter:creator\" content=\"@sitemaranhaotv\" \/>\n<meta name=\"twitter:site\" content=\"@sitemaranhaotv\" \/>\n<meta name=\"twitter:label1\" content=\"Escrito por\" \/>\n\t<meta name=\"twitter:data1\" content=\"maranhaotv\" \/>\n\t<meta name=\"twitter:label2\" content=\"Est. tempo de leitura\" \/>\n\t<meta name=\"twitter:data2\" content=\"4 minutos\" \/>\n<script type=\"application\/ld+json\" class=\"yoast-schema-graph\">{\"@context\":\"https:\\\/\\\/schema.org\",\"@graph\":[{\"@type\":\"Article\",\"@id\":\"https:\\\/\\\/maranhaotv.com.br\\\/index.php\\\/2023\\\/11\\\/14\\\/setor-de-mineracao-participa-de-agenda-com-presidente-da-anm-na-expo-industria\\\/#article\",\"isPartOf\":{\"@id\":\"https:\\\/\\\/maranhaotv.com.br\\\/index.php\\\/2023\\\/11\\\/14\\\/setor-de-mineracao-participa-de-agenda-com-presidente-da-anm-na-expo-industria\\\/\"},\"author\":{\"name\":\"maranhaotv\",\"@id\":\"https:\\\/\\\/maranhaotv.com.br\\\/#\\\/schema\\\/person\\\/3d54238e86b20bb5c89ab2fdb8f8829a\"},\"headline\":\"Setor de minera\u00e7\u00e3o participa de agenda com presidente da ANM na Expo Ind\u00fastria\",\"datePublished\":\"2023-11-14T10:34:07+00:00\",\"mainEntityOfPage\":{\"@id\":\"https:\\\/\\\/maranhaotv.com.br\\\/index.php\\\/2023\\\/11\\\/14\\\/setor-de-mineracao-participa-de-agenda-com-presidente-da-anm-na-expo-industria\\\/\"},\"wordCount\":772,\"commentCount\":0,\"publisher\":{\"@id\":\"https:\\\/\\\/maranhaotv.com.br\\\/#organization\"},\"image\":{\"@id\":\"https:\\\/\\\/maranhaotv.com.br\\\/index.php\\\/2023\\\/11\\\/14\\\/setor-de-mineracao-participa-de-agenda-com-presidente-da-anm-na-expo-industria\\\/#primaryimage\"},\"thumbnailUrl\":\"\",\"articleSection\":[\"not\u00edcias\"],\"inLanguage\":\"pt-BR\",\"potentialAction\":[{\"@type\":\"CommentAction\",\"name\":\"Comment\",\"target\":[\"https:\\\/\\\/maranhaotv.com.br\\\/index.php\\\/2023\\\/11\\\/14\\\/setor-de-mineracao-participa-de-agenda-com-presidente-da-anm-na-expo-industria\\\/#respond\"]}]},{\"@type\":\"WebPage\",\"@id\":\"https:\\\/\\\/maranhaotv.com.br\\\/index.php\\\/2023\\\/11\\\/14\\\/setor-de-mineracao-participa-de-agenda-com-presidente-da-anm-na-expo-industria\\\/\",\"url\":\"https:\\\/\\\/maranhaotv.com.br\\\/index.php\\\/2023\\\/11\\\/14\\\/setor-de-mineracao-participa-de-agenda-com-presidente-da-anm-na-expo-industria\\\/\",\"name\":\"Setor de minera\u00e7\u00e3o participa de agenda com presidente da ANM na Expo Ind\u00fastria - NOT\u00cdCIAS EM TEMPO REAL\",\"isPartOf\":{\"@id\":\"https:\\\/\\\/maranhaotv.com.br\\\/#website\"},\"primaryImageOfPage\":{\"@id\":\"https:\\\/\\\/maranhaotv.com.br\\\/index.php\\\/2023\\\/11\\\/14\\\/setor-de-mineracao-participa-de-agenda-com-presidente-da-anm-na-expo-industria\\\/#primaryimage\"},\"image\":{\"@id\":\"https:\\\/\\\/maranhaotv.com.br\\\/index.php\\\/2023\\\/11\\\/14\\\/setor-de-mineracao-participa-de-agenda-com-presidente-da-anm-na-expo-industria\\\/#primaryimage\"},\"thumbnailUrl\":\"\",\"datePublished\":\"2023-11-14T10:34:07+00:00\",\"breadcrumb\":{\"@id\":\"https:\\\/\\\/maranhaotv.com.br\\\/index.php\\\/2023\\\/11\\\/14\\\/setor-de-mineracao-participa-de-agenda-com-presidente-da-anm-na-expo-industria\\\/#breadcrumb\"},\"inLanguage\":\"pt-BR\",\"potentialAction\":[{\"@type\":\"ReadAction\",\"target\":[\"https:\\\/\\\/maranhaotv.com.br\\\/index.php\\\/2023\\\/11\\\/14\\\/setor-de-mineracao-participa-de-agenda-com-presidente-da-anm-na-expo-industria\\\/\"]}]},{\"@type\":\"ImageObject\",\"inLanguage\":\"pt-BR\",\"@id\":\"https:\\\/\\\/maranhaotv.com.br\\\/index.php\\\/2023\\\/11\\\/14\\\/setor-de-mineracao-participa-de-agenda-com-presidente-da-anm-na-expo-industria\\\/#primaryimage\",\"url\":\"\",\"contentUrl\":\"\"},{\"@type\":\"BreadcrumbList\",\"@id\":\"https:\\\/\\\/maranhaotv.com.br\\\/index.php\\\/2023\\\/11\\\/14\\\/setor-de-mineracao-participa-de-agenda-com-presidente-da-anm-na-expo-industria\\\/#breadcrumb\",\"itemListElement\":[{\"@type\":\"ListItem\",\"position\":1,\"name\":\"In\u00edcio\",\"item\":\"https:\\\/\\\/maranhaotv.com.br\\\/\"},{\"@type\":\"ListItem\",\"position\":2,\"name\":\"Setor de minera\u00e7\u00e3o participa de agenda com presidente da ANM na Expo Ind\u00fastria\"}]},{\"@type\":\"WebSite\",\"@id\":\"https:\\\/\\\/maranhaotv.com.br\\\/#website\",\"url\":\"https:\\\/\\\/maranhaotv.com.br\\\/\",\"name\":\"Maranh\u00e3oTV\",\"description\":\"\",\"publisher\":{\"@id\":\"https:\\\/\\\/maranhaotv.com.br\\\/#organization\"},\"potentialAction\":[{\"@type\":\"SearchAction\",\"target\":{\"@type\":\"EntryPoint\",\"urlTemplate\":\"https:\\\/\\\/maranhaotv.com.br\\\/?s={search_term_string}\"},\"query-input\":{\"@type\":\"PropertyValueSpecification\",\"valueRequired\":true,\"valueName\":\"search_term_string\"}}],\"inLanguage\":\"pt-BR\"},{\"@type\":\"Organization\",\"@id\":\"https:\\\/\\\/maranhaotv.com.br\\\/#organization\",\"name\":\"Portal de Not\u00edcias\",\"url\":\"https:\\\/\\\/maranhaotv.com.br\\\/\",\"logo\":{\"@type\":\"ImageObject\",\"inLanguage\":\"pt-BR\",\"@id\":\"https:\\\/\\\/maranhaotv.com.br\\\/#\\\/schema\\\/logo\\\/image\\\/\",\"url\":\"https:\\\/\\\/maranhaotv.com.br\\\/wp-content\\\/uploads\\\/2024\\\/05\\\/cropped-cropped-avatar-1.png\",\"contentUrl\":\"https:\\\/\\\/maranhaotv.com.br\\\/wp-content\\\/uploads\\\/2024\\\/05\\\/cropped-cropped-avatar-1.png\",\"width\":792,\"height\":428,\"caption\":\"Portal de Not\u00edcias\"},\"image\":{\"@id\":\"https:\\\/\\\/maranhaotv.com.br\\\/#\\\/schema\\\/logo\\\/image\\\/\"},\"sameAs\":[\"https:\\\/\\\/www.facebook.com\\\/maiobaotv\",\"https:\\\/\\\/x.com\\\/sitemaranhaotv\",\"https:\\\/\\\/www.instagram.com\\\/maranhao.tv\",\"https:\\\/\\\/www.threads.net\\\/@maranhao.tv\"]},{\"@type\":\"Person\",\"@id\":\"https:\\\/\\\/maranhaotv.com.br\\\/#\\\/schema\\\/person\\\/3d54238e86b20bb5c89ab2fdb8f8829a\",\"name\":\"maranhaotv\",\"image\":{\"@type\":\"ImageObject\",\"inLanguage\":\"pt-BR\",\"@id\":\"https:\\\/\\\/secure.gravatar.com\\\/avatar\\\/8fadbca458d4cb68b1dd399ae9a40618d747bb1af65ac9fad21c89220a143eb4?s=96&d=mm&r=g\",\"url\":\"https:\\\/\\\/secure.gravatar.com\\\/avatar\\\/8fadbca458d4cb68b1dd399ae9a40618d747bb1af65ac9fad21c89220a143eb4?s=96&d=mm&r=g\",\"contentUrl\":\"https:\\\/\\\/secure.gravatar.com\\\/avatar\\\/8fadbca458d4cb68b1dd399ae9a40618d747bb1af65ac9fad21c89220a143eb4?s=96&d=mm&r=g\",\"caption\":\"maranhaotv\"},\"sameAs\":[\"https:\\\/\\\/maranhaotv.com.br\\\/\"],\"url\":\"https:\\\/\\\/maranhaotv.com.br\\\/index.php\\\/author\\\/maranhaotv\\\/\"}]}<\/script>\n<!-- \/ Yoast SEO plugin. -->","yoast_head_json":{"title":"Setor de minera\u00e7\u00e3o participa de agenda com presidente da ANM na Expo Ind\u00fastria - NOT\u00cdCIAS EM TEMPO REAL","robots":{"index":"index","follow":"follow","max-snippet":"max-snippet:-1","max-image-preview":"max-image-preview:large","max-video-preview":"max-video-preview:-1"},"canonical":"https:\/\/maranhaotv.com.br\/index.php\/2023\/11\/14\/setor-de-mineracao-participa-de-agenda-com-presidente-da-anm-na-expo-industria\/","og_locale":"pt_BR","og_type":"article","og_title":"Setor de minera\u00e7\u00e3o participa de agenda com presidente da ANM na Expo Ind\u00fastria - NOT\u00cdCIAS EM TEMPO REAL","og_description":"Cumprindo agenda dupla organizada pelo Sebrae na Expo Ind\u00fastria 2023, setor dialoga com presidente da Ag\u00eancia e pede apoio para","og_url":"https:\/\/maranhaotv.com.br\/index.php\/2023\/11\/14\/setor-de-mineracao-participa-de-agenda-com-presidente-da-anm-na-expo-industria\/","og_site_name":"NOT\u00cdCIAS EM TEMPO REAL","article_publisher":"https:\/\/www.facebook.com\/maiobaotv","article_published_time":"2023-11-14T10:34:07+00:00","author":"maranhaotv","twitter_card":"summary_large_image","twitter_creator":"@sitemaranhaotv","twitter_site":"@sitemaranhaotv","twitter_misc":{"Escrito por":"maranhaotv","Est. tempo de leitura":"4 minutos"},"schema":{"@context":"https:\/\/schema.org","@graph":[{"@type":"Article","@id":"https:\/\/maranhaotv.com.br\/index.php\/2023\/11\/14\/setor-de-mineracao-participa-de-agenda-com-presidente-da-anm-na-expo-industria\/#article","isPartOf":{"@id":"https:\/\/maranhaotv.com.br\/index.php\/2023\/11\/14\/setor-de-mineracao-participa-de-agenda-com-presidente-da-anm-na-expo-industria\/"},"author":{"name":"maranhaotv","@id":"https:\/\/maranhaotv.com.br\/#\/schema\/person\/3d54238e86b20bb5c89ab2fdb8f8829a"},"headline":"Setor de minera\u00e7\u00e3o participa de agenda com presidente da ANM na Expo Ind\u00fastria","datePublished":"2023-11-14T10:34:07+00:00","mainEntityOfPage":{"@id":"https:\/\/maranhaotv.com.br\/index.php\/2023\/11\/14\/setor-de-mineracao-participa-de-agenda-com-presidente-da-anm-na-expo-industria\/"},"wordCount":772,"commentCount":0,"publisher":{"@id":"https:\/\/maranhaotv.com.br\/#organization"},"image":{"@id":"https:\/\/maranhaotv.com.br\/index.php\/2023\/11\/14\/setor-de-mineracao-participa-de-agenda-com-presidente-da-anm-na-expo-industria\/#primaryimage"},"thumbnailUrl":"","articleSection":["not\u00edcias"],"inLanguage":"pt-BR","potentialAction":[{"@type":"CommentAction","name":"Comment","target":["https:\/\/maranhaotv.com.br\/index.php\/2023\/11\/14\/setor-de-mineracao-participa-de-agenda-com-presidente-da-anm-na-expo-industria\/#respond"]}]},{"@type":"WebPage","@id":"https:\/\/maranhaotv.com.br\/index.php\/2023\/11\/14\/setor-de-mineracao-participa-de-agenda-com-presidente-da-anm-na-expo-industria\/","url":"https:\/\/maranhaotv.com.br\/index.php\/2023\/11\/14\/setor-de-mineracao-participa-de-agenda-com-presidente-da-anm-na-expo-industria\/","name":"Setor de minera\u00e7\u00e3o participa de agenda com presidente da ANM na Expo Ind\u00fastria - NOT\u00cdCIAS EM TEMPO REAL","isPartOf":{"@id":"https:\/\/maranhaotv.com.br\/#website"},"primaryImageOfPage":{"@id":"https:\/\/maranhaotv.com.br\/index.php\/2023\/11\/14\/setor-de-mineracao-participa-de-agenda-com-presidente-da-anm-na-expo-industria\/#primaryimage"},"image":{"@id":"https:\/\/maranhaotv.com.br\/index.php\/2023\/11\/14\/setor-de-mineracao-participa-de-agenda-com-presidente-da-anm-na-expo-industria\/#primaryimage"},"thumbnailUrl":"","datePublished":"2023-11-14T10:34:07+00:00","breadcrumb":{"@id":"https:\/\/maranhaotv.com.br\/index.php\/2023\/11\/14\/setor-de-mineracao-participa-de-agenda-com-presidente-da-anm-na-expo-industria\/#breadcrumb"},"inLanguage":"pt-BR","potentialAction":[{"@type":"ReadAction","target":["https:\/\/maranhaotv.com.br\/index.php\/2023\/11\/14\/setor-de-mineracao-participa-de-agenda-com-presidente-da-anm-na-expo-industria\/"]}]},{"@type":"ImageObject","inLanguage":"pt-BR","@id":"https:\/\/maranhaotv.com.br\/index.php\/2023\/11\/14\/setor-de-mineracao-participa-de-agenda-com-presidente-da-anm-na-expo-industria\/#primaryimage","url":"","contentUrl":""},{"@type":"BreadcrumbList","@id":"https:\/\/maranhaotv.com.br\/index.php\/2023\/11\/14\/setor-de-mineracao-participa-de-agenda-com-presidente-da-anm-na-expo-industria\/#breadcrumb","itemListElement":[{"@type":"ListItem","position":1,"name":"In\u00edcio","item":"https:\/\/maranhaotv.com.br\/"},{"@type":"ListItem","position":2,"name":"Setor de minera\u00e7\u00e3o participa de agenda com presidente da ANM na Expo Ind\u00fastria"}]},{"@type":"WebSite","@id":"https:\/\/maranhaotv.com.br\/#website","url":"https:\/\/maranhaotv.com.br\/","name":"Maranh\u00e3oTV","description":"","publisher":{"@id":"https:\/\/maranhaotv.com.br\/#organization"},"potentialAction":[{"@type":"SearchAction","target":{"@type":"EntryPoint","urlTemplate":"https:\/\/maranhaotv.com.br\/?s={search_term_string}"},"query-input":{"@type":"PropertyValueSpecification","valueRequired":true,"valueName":"search_term_string"}}],"inLanguage":"pt-BR"},{"@type":"Organization","@id":"https:\/\/maranhaotv.com.br\/#organization","name":"Portal de Not\u00edcias","url":"https:\/\/maranhaotv.com.br\/","logo":{"@type":"ImageObject","inLanguage":"pt-BR","@id":"https:\/\/maranhaotv.com.br\/#\/schema\/logo\/image\/","url":"https:\/\/maranhaotv.com.br\/wp-content\/uploads\/2024\/05\/cropped-cropped-avatar-1.png","contentUrl":"https:\/\/maranhaotv.com.br\/wp-content\/uploads\/2024\/05\/cropped-cropped-avatar-1.png","width":792,"height":428,"caption":"Portal de Not\u00edcias"},"image":{"@id":"https:\/\/maranhaotv.com.br\/#\/schema\/logo\/image\/"},"sameAs":["https:\/\/www.facebook.com\/maiobaotv","https:\/\/x.com\/sitemaranhaotv","https:\/\/www.instagram.com\/maranhao.tv","https:\/\/www.threads.net\/@maranhao.tv"]},{"@type":"Person","@id":"https:\/\/maranhaotv.com.br\/#\/schema\/person\/3d54238e86b20bb5c89ab2fdb8f8829a","name":"maranhaotv","image":{"@type":"ImageObject","inLanguage":"pt-BR","@id":"https:\/\/secure.gravatar.com\/avatar\/8fadbca458d4cb68b1dd399ae9a40618d747bb1af65ac9fad21c89220a143eb4?s=96&d=mm&r=g","url":"https:\/\/secure.gravatar.com\/avatar\/8fadbca458d4cb68b1dd399ae9a40618d747bb1af65ac9fad21c89220a143eb4?s=96&d=mm&r=g","contentUrl":"https:\/\/secure.gravatar.com\/avatar\/8fadbca458d4cb68b1dd399ae9a40618d747bb1af65ac9fad21c89220a143eb4?s=96&d=mm&r=g","caption":"maranhaotv"},"sameAs":["https:\/\/maranhaotv.com.br\/"],"url":"https:\/\/maranhaotv.com.br\/index.php\/author\/maranhaotv\/"}]}},"jetpack_featured_media_url":"","jetpack_sharing_enabled":true,"_links":{"self":[{"href":"https:\/\/maranhaotv.com.br\/index.php\/wp-json\/wp\/v2\/posts\/33453","targetHints":{"allow":["GET"]}}],"collection":[{"href":"https:\/\/maranhaotv.com.br\/index.php\/wp-json\/wp\/v2\/posts"}],"about":[{"href":"https:\/\/maranhaotv.com.br\/index.php\/wp-json\/wp\/v2\/types\/post"}],"author":[{"embeddable":true,"href":"https:\/\/maranhaotv.com.br\/index.php\/wp-json\/wp\/v2\/users\/2"}],"replies":[{"embeddable":true,"href":"https:\/\/maranhaotv.com.br\/index.php\/wp-json\/wp\/v2\/comments?post=33453"}],"version-history":[{"count":0,"href":"https:\/\/maranhaotv.com.br\/index.php\/wp-json\/wp\/v2\/posts\/33453\/revisions"}],"wp:featuredmedia":[{"embeddable":true,"href":"https:\/\/maranhaotv.com.br\/index.php\/wp-json\/"}],"wp:attachment":[{"href":"https:\/\/maranhaotv.com.br\/index.php\/wp-json\/wp\/v2\/media?parent=33453"}],"wp:term":[{"taxonomy":"category","embeddable":true,"href":"https:\/\/maranhaotv.com.br\/index.php\/wp-json\/wp\/v2\/categories?post=33453"},{"taxonomy":"post_tag","embeddable":true,"href":"https:\/\/maranhaotv.com.br\/index.php\/wp-json\/wp\/v2\/tags?post=33453"}],"curies":[{"name":"wp","href":"https:\/\/api.w.org\/{rel}","templated":true}]}}