{"id":33457,"date":"2023-11-14T08:04:56","date_gmt":"2023-11-14T11:04:56","guid":{"rendered":"https:\/\/maranhaotv.com.br\/?p=33457"},"modified":"2023-11-14T08:04:56","modified_gmt":"2023-11-14T11:04:56","slug":"campanha-novembro-azul-em-paco-do-lumiar-visa-fortalecer-combate-ao-cancer-de-prostata-nas-ubs","status":"publish","type":"post","link":"https:\/\/maranhaotv.com.br\/index.php\/2023\/11\/14\/campanha-novembro-azul-em-paco-do-lumiar-visa-fortalecer-combate-ao-cancer-de-prostata-nas-ubs\/","title":{"rendered":"Campanha Novembro Azul em Pa\u00e7o do Lumiar visa fortalecer combate ao c\u00e2ncer de pr\u00f3stata nas UBS."},"content":{"rendered":"\n<p><br><br><br>Nesta segunda-feira (13), a Prefeitura de Pa\u00e7o do Lumiar, por meio da Secretaria Municipal de Sa\u00fade (SEMUS), realizou o lan\u00e7amento da Campanha Novembro Azul. Esta iniciativa tem import\u00e2ncia crucial para a preven\u00e7\u00e3o do c\u00e2ncer de pr\u00f3stata, o segundo tipo que mais acomete os homens brasileiros, com uma morte a cada 38 minutos, uma causa que tem sido abra\u00e7ada e impulsionada na gest\u00e3o da prefeita Paula Azevedo (PCdoB).<br><br>Para prevenir o c\u00e2ncer de pr\u00f3stata, recomenda-se realizar acompanhamento m\u00e9dico regular, fazer exames preventivos, praticar atividades f\u00edsicas regularmente (pelo menos 30 minutos di\u00e1rios), ter bons h\u00e1bitos alimentares e de sono, cuidar da sa\u00fade mental, evitar o consumo de bebidas alco\u00f3licas e n\u00e3o fumar.<br><br>Durante o evento, que levou centenas de pessoas para a UBS da Vila Epit\u00e1cio Cafeteira, Paula Azevedo (PCdoB) foi representada pela secret\u00e1ria de Desenvolvimento Social, Suelly Abreu, que, na oportunidade, repassou a mensagem da relev\u00e2ncia da Iniciativa Novembro Azul.<br><br>&#8220;Este \u00e9 um m\u00eas em que os homens devem parar e cuidar um pouco mais de si mesmos. A prefeita Paula tem se empenhado e buscado parcerias para o desenvolvimento da sa\u00fade do munic\u00edpio. Recentemente esteve em Bras\u00edlia em busca de capta\u00e7\u00e3o de recursos n\u00e3o s\u00f3 para a sa\u00fade, como tamb\u00e9m para a Educa\u00e7\u00e3o&#8221;, pontuou Suelly.<br><br>Tamb\u00e9m na solenidade, o presidente da C\u00e2mara de Vereadores do munic\u00edpio, Jorge Maru (Republicanos), fez um alerta sobre a import\u00e2ncia do trabalho preventivo. &#8220;A preven\u00e7\u00e3o \u00e9 a melhor forma de cura. E a Prefeitura de Pa\u00e7o do Lumiar, que tem a prefeita Paula como gestora, n\u00e3o tem medido esfor\u00e7os para buscar o melhor para o nosso munic\u00edpio&#8221;, disse o presidente.<br><br>Toda a equipe da SEMUS est\u00e1 comprometida em criar um Pa\u00e7o do Lumiar mais saud\u00e1vel, consciente e prevenido em rela\u00e7\u00e3o ao c\u00e2ncer de pr\u00f3stata. A secret\u00e1ria Danielle Oliveira destaca a relev\u00e2ncia dos cuidados com a sa\u00fade, alertando principalmente o sexo masculino que pouco procuram tratamento.<br><br>&#8220;O Novembro Azul \u00e9 uma oportunidade de refor\u00e7armos o quanto a preven\u00e7\u00e3o pode salvar vidas. Nossa gest\u00e3o tem um compromisso s\u00f3lido com a sa\u00fade da popula\u00e7\u00e3o luminense, e essa iniciativa \u00e9 um reflexo disso. Queremos que todos os indiv\u00edduos do sexo masculino saibam o qu\u00e3o importante \u00e9 cuidar da sua sa\u00fade e fazer exames regulares, fundamental para um diagn\u00f3stico precoce. O c\u00e2ncer de pr\u00f3stata, quando detectado cedo, \u00e9 mais trat\u00e1vel e, muitas vezes, cur\u00e1vel. Portanto, a precau\u00e7\u00e3o \u00e9 a nossa melhor aliada&#8221;, lembrou a secret\u00e1ria.<br><br>At\u00e9 o final do m\u00eas, a campanha incluir\u00e1 diversas a\u00e7\u00f5es em todas as 17 UBS de Pa\u00e7o do Lumiar, como palestras, exames preventivos, distribui\u00e7\u00e3o de materiais informativos e conscientiza\u00e7\u00e3o sobre a import\u00e2ncia do exame de pr\u00f3stata.<\/p>\n\n\n\n<figure class=\"wp-block-image size-large\"><img decoding=\"async\" src=\"https:\/\/maranhaotv.com.br\/wp-content\/uploads\/2023\/11\/IMG-20231114-WA0042-682x1024.jpg\" alt=\"\" class=\"wp-image-33455\"\/><figcaption class=\"wp-element-caption\">Esta iniciativa tem import\u00e2ncia crucial para a preven\u00e7\u00e3o do c\u00e2ncer de pr\u00f3stata<\/figcaption><\/figure>\n\n\n\n<p><\/p>\n","protected":false},"excerpt":{"rendered":"<p>Nesta segunda-feira (13), a Prefeitura de Pa\u00e7o do Lumiar, por meio da Secretaria Municipal de Sa\u00fade (SEMUS), realizou o lan\u00e7amento<\/p>\n","protected":false},"author":2,"featured_media":33456,"comment_status":"open","ping_status":"open","sticky":false,"template":"","format":"standard","meta":{"colormag_page_container_layout":"default_layout","colormag_page_sidebar_layout":"default_layout","_jetpack_memberships_contains_paid_content":false,"footnotes":""},"categories":[2],"tags":[],"class_list":["post-33457","post","type-post","status-publish","format-standard","has-post-thumbnail","hentry","category-noticias"],"magazineBlocksPostFeaturedMedia":{"thumbnail":false,"medium":false,"medium_large":false,"large":false,"1536x1536":false,"2048x2048":false,"colormag-highlighted-post":false,"colormag-featured-post-medium":false,"colormag-featured-post-small":false,"colormag-featured-image":false,"colormag-default-news":false,"colormag-featured-image-large":false},"magazineBlocksPostAuthor":{"name":"maranhaotv","avatar":"https:\/\/secure.gravatar.com\/avatar\/8fadbca458d4cb68b1dd399ae9a40618d747bb1af65ac9fad21c89220a143eb4?s=96&d=mm&r=g"},"magazineBlocksPostCommentsNumber":"0","magazineBlocksPostExcerpt":"Nesta segunda-feira (13), a Prefeitura de Pa\u00e7o do Lumiar, por meio da Secretaria Municipal de Sa\u00fade (SEMUS), realizou o lan\u00e7amento","magazineBlocksPostCategories":["not\u00edcias"],"magazineBlocksPostViewCount":299,"magazineBlocksPostReadTime":3,"magazine_blocks_featured_image_url":{"full":false,"medium":false,"thumbnail":false},"magazine_blocks_author":{"display_name":"maranhaotv","author_link":"https:\/\/maranhaotv.com.br\/index.php\/author\/maranhaotv\/"},"magazine_blocks_comment":0,"magazine_blocks_author_image":"https:\/\/secure.gravatar.com\/avatar\/8fadbca458d4cb68b1dd399ae9a40618d747bb1af65ac9fad21c89220a143eb4?s=96&d=mm&r=g","magazine_blocks_category":"<a href=\"#\" class=\"category-link category-link-2\">not\u00edcias<\/a>","yoast_head":"<!-- This site is optimized with the Yoast SEO plugin v27.4 - https:\/\/yoast.com\/product\/yoast-seo-wordpress\/ -->\n<title>Campanha Novembro Azul em Pa\u00e7o do Lumiar visa fortalecer combate ao c\u00e2ncer de pr\u00f3stata nas UBS. - NOT\u00cdCIAS EM TEMPO REAL<\/title>\n<meta name=\"robots\" content=\"index, follow, max-snippet:-1, max-image-preview:large, max-video-preview:-1\" \/>\n<link rel=\"canonical\" href=\"https:\/\/maranhaotv.com.br\/index.php\/2023\/11\/14\/campanha-novembro-azul-em-paco-do-lumiar-visa-fortalecer-combate-ao-cancer-de-prostata-nas-ubs\/\" \/>\n<meta property=\"og:locale\" content=\"pt_BR\" \/>\n<meta property=\"og:type\" content=\"article\" \/>\n<meta property=\"og:title\" content=\"Campanha Novembro Azul em Pa\u00e7o do Lumiar visa fortalecer combate ao c\u00e2ncer de pr\u00f3stata nas UBS. - NOT\u00cdCIAS EM TEMPO REAL\" \/>\n<meta property=\"og:description\" content=\"Nesta segunda-feira (13), a Prefeitura de Pa\u00e7o do Lumiar, por meio da Secretaria Municipal de Sa\u00fade (SEMUS), realizou o lan\u00e7amento\" \/>\n<meta property=\"og:url\" content=\"https:\/\/maranhaotv.com.br\/index.php\/2023\/11\/14\/campanha-novembro-azul-em-paco-do-lumiar-visa-fortalecer-combate-ao-cancer-de-prostata-nas-ubs\/\" \/>\n<meta property=\"og:site_name\" content=\"NOT\u00cdCIAS EM TEMPO REAL\" \/>\n<meta property=\"article:publisher\" content=\"https:\/\/www.facebook.com\/maiobaotv\" \/>\n<meta property=\"article:published_time\" content=\"2023-11-14T11:04:56+00:00\" \/>\n<meta name=\"author\" content=\"maranhaotv\" \/>\n<meta name=\"twitter:card\" content=\"summary_large_image\" \/>\n<meta name=\"twitter:creator\" content=\"@sitemaranhaotv\" \/>\n<meta name=\"twitter:site\" content=\"@sitemaranhaotv\" \/>\n<meta name=\"twitter:label1\" content=\"Escrito por\" \/>\n\t<meta name=\"twitter:data1\" content=\"maranhaotv\" \/>\n\t<meta name=\"twitter:label2\" content=\"Est. tempo de leitura\" \/>\n\t<meta name=\"twitter:data2\" content=\"3 minutos\" \/>\n<script type=\"application\/ld+json\" class=\"yoast-schema-graph\">{\"@context\":\"https:\\\/\\\/schema.org\",\"@graph\":[{\"@type\":\"Article\",\"@id\":\"https:\\\/\\\/maranhaotv.com.br\\\/index.php\\\/2023\\\/11\\\/14\\\/campanha-novembro-azul-em-paco-do-lumiar-visa-fortalecer-combate-ao-cancer-de-prostata-nas-ubs\\\/#article\",\"isPartOf\":{\"@id\":\"https:\\\/\\\/maranhaotv.com.br\\\/index.php\\\/2023\\\/11\\\/14\\\/campanha-novembro-azul-em-paco-do-lumiar-visa-fortalecer-combate-ao-cancer-de-prostata-nas-ubs\\\/\"},\"author\":{\"name\":\"maranhaotv\",\"@id\":\"https:\\\/\\\/maranhaotv.com.br\\\/#\\\/schema\\\/person\\\/3d54238e86b20bb5c89ab2fdb8f8829a\"},\"headline\":\"Campanha Novembro Azul em Pa\u00e7o do Lumiar visa fortalecer combate ao c\u00e2ncer de pr\u00f3stata nas UBS.\",\"datePublished\":\"2023-11-14T11:04:56+00:00\",\"mainEntityOfPage\":{\"@id\":\"https:\\\/\\\/maranhaotv.com.br\\\/index.php\\\/2023\\\/11\\\/14\\\/campanha-novembro-azul-em-paco-do-lumiar-visa-fortalecer-combate-ao-cancer-de-prostata-nas-ubs\\\/\"},\"wordCount\":525,\"commentCount\":0,\"publisher\":{\"@id\":\"https:\\\/\\\/maranhaotv.com.br\\\/#organization\"},\"image\":{\"@id\":\"https:\\\/\\\/maranhaotv.com.br\\\/index.php\\\/2023\\\/11\\\/14\\\/campanha-novembro-azul-em-paco-do-lumiar-visa-fortalecer-combate-ao-cancer-de-prostata-nas-ubs\\\/#primaryimage\"},\"thumbnailUrl\":\"\",\"articleSection\":[\"not\u00edcias\"],\"inLanguage\":\"pt-BR\",\"potentialAction\":[{\"@type\":\"CommentAction\",\"name\":\"Comment\",\"target\":[\"https:\\\/\\\/maranhaotv.com.br\\\/index.php\\\/2023\\\/11\\\/14\\\/campanha-novembro-azul-em-paco-do-lumiar-visa-fortalecer-combate-ao-cancer-de-prostata-nas-ubs\\\/#respond\"]}]},{\"@type\":\"WebPage\",\"@id\":\"https:\\\/\\\/maranhaotv.com.br\\\/index.php\\\/2023\\\/11\\\/14\\\/campanha-novembro-azul-em-paco-do-lumiar-visa-fortalecer-combate-ao-cancer-de-prostata-nas-ubs\\\/\",\"url\":\"https:\\\/\\\/maranhaotv.com.br\\\/index.php\\\/2023\\\/11\\\/14\\\/campanha-novembro-azul-em-paco-do-lumiar-visa-fortalecer-combate-ao-cancer-de-prostata-nas-ubs\\\/\",\"name\":\"Campanha Novembro Azul em Pa\u00e7o do Lumiar visa fortalecer combate ao c\u00e2ncer de pr\u00f3stata nas UBS. - NOT\u00cdCIAS EM TEMPO REAL\",\"isPartOf\":{\"@id\":\"https:\\\/\\\/maranhaotv.com.br\\\/#website\"},\"primaryImageOfPage\":{\"@id\":\"https:\\\/\\\/maranhaotv.com.br\\\/index.php\\\/2023\\\/11\\\/14\\\/campanha-novembro-azul-em-paco-do-lumiar-visa-fortalecer-combate-ao-cancer-de-prostata-nas-ubs\\\/#primaryimage\"},\"image\":{\"@id\":\"https:\\\/\\\/maranhaotv.com.br\\\/index.php\\\/2023\\\/11\\\/14\\\/campanha-novembro-azul-em-paco-do-lumiar-visa-fortalecer-combate-ao-cancer-de-prostata-nas-ubs\\\/#primaryimage\"},\"thumbnailUrl\":\"\",\"datePublished\":\"2023-11-14T11:04:56+00:00\",\"breadcrumb\":{\"@id\":\"https:\\\/\\\/maranhaotv.com.br\\\/index.php\\\/2023\\\/11\\\/14\\\/campanha-novembro-azul-em-paco-do-lumiar-visa-fortalecer-combate-ao-cancer-de-prostata-nas-ubs\\\/#breadcrumb\"},\"inLanguage\":\"pt-BR\",\"potentialAction\":[{\"@type\":\"ReadAction\",\"target\":[\"https:\\\/\\\/maranhaotv.com.br\\\/index.php\\\/2023\\\/11\\\/14\\\/campanha-novembro-azul-em-paco-do-lumiar-visa-fortalecer-combate-ao-cancer-de-prostata-nas-ubs\\\/\"]}]},{\"@type\":\"ImageObject\",\"inLanguage\":\"pt-BR\",\"@id\":\"https:\\\/\\\/maranhaotv.com.br\\\/index.php\\\/2023\\\/11\\\/14\\\/campanha-novembro-azul-em-paco-do-lumiar-visa-fortalecer-combate-ao-cancer-de-prostata-nas-ubs\\\/#primaryimage\",\"url\":\"\",\"contentUrl\":\"\"},{\"@type\":\"BreadcrumbList\",\"@id\":\"https:\\\/\\\/maranhaotv.com.br\\\/index.php\\\/2023\\\/11\\\/14\\\/campanha-novembro-azul-em-paco-do-lumiar-visa-fortalecer-combate-ao-cancer-de-prostata-nas-ubs\\\/#breadcrumb\",\"itemListElement\":[{\"@type\":\"ListItem\",\"position\":1,\"name\":\"In\u00edcio\",\"item\":\"https:\\\/\\\/maranhaotv.com.br\\\/\"},{\"@type\":\"ListItem\",\"position\":2,\"name\":\"Campanha Novembro Azul em Pa\u00e7o do Lumiar visa fortalecer combate ao c\u00e2ncer de pr\u00f3stata nas UBS.\"}]},{\"@type\":\"WebSite\",\"@id\":\"https:\\\/\\\/maranhaotv.com.br\\\/#website\",\"url\":\"https:\\\/\\\/maranhaotv.com.br\\\/\",\"name\":\"Maranh\u00e3oTV\",\"description\":\"\",\"publisher\":{\"@id\":\"https:\\\/\\\/maranhaotv.com.br\\\/#organization\"},\"potentialAction\":[{\"@type\":\"SearchAction\",\"target\":{\"@type\":\"EntryPoint\",\"urlTemplate\":\"https:\\\/\\\/maranhaotv.com.br\\\/?s={search_term_string}\"},\"query-input\":{\"@type\":\"PropertyValueSpecification\",\"valueRequired\":true,\"valueName\":\"search_term_string\"}}],\"inLanguage\":\"pt-BR\"},{\"@type\":\"Organization\",\"@id\":\"https:\\\/\\\/maranhaotv.com.br\\\/#organization\",\"name\":\"Portal de Not\u00edcias\",\"url\":\"https:\\\/\\\/maranhaotv.com.br\\\/\",\"logo\":{\"@type\":\"ImageObject\",\"inLanguage\":\"pt-BR\",\"@id\":\"https:\\\/\\\/maranhaotv.com.br\\\/#\\\/schema\\\/logo\\\/image\\\/\",\"url\":\"https:\\\/\\\/maranhaotv.com.br\\\/wp-content\\\/uploads\\\/2024\\\/05\\\/cropped-cropped-avatar-1.png\",\"contentUrl\":\"https:\\\/\\\/maranhaotv.com.br\\\/wp-content\\\/uploads\\\/2024\\\/05\\\/cropped-cropped-avatar-1.png\",\"width\":792,\"height\":428,\"caption\":\"Portal de Not\u00edcias\"},\"image\":{\"@id\":\"https:\\\/\\\/maranhaotv.com.br\\\/#\\\/schema\\\/logo\\\/image\\\/\"},\"sameAs\":[\"https:\\\/\\\/www.facebook.com\\\/maiobaotv\",\"https:\\\/\\\/x.com\\\/sitemaranhaotv\",\"https:\\\/\\\/www.instagram.com\\\/maranhao.tv\",\"https:\\\/\\\/www.threads.net\\\/@maranhao.tv\"]},{\"@type\":\"Person\",\"@id\":\"https:\\\/\\\/maranhaotv.com.br\\\/#\\\/schema\\\/person\\\/3d54238e86b20bb5c89ab2fdb8f8829a\",\"name\":\"maranhaotv\",\"image\":{\"@type\":\"ImageObject\",\"inLanguage\":\"pt-BR\",\"@id\":\"https:\\\/\\\/secure.gravatar.com\\\/avatar\\\/8fadbca458d4cb68b1dd399ae9a40618d747bb1af65ac9fad21c89220a143eb4?s=96&d=mm&r=g\",\"url\":\"https:\\\/\\\/secure.gravatar.com\\\/avatar\\\/8fadbca458d4cb68b1dd399ae9a40618d747bb1af65ac9fad21c89220a143eb4?s=96&d=mm&r=g\",\"contentUrl\":\"https:\\\/\\\/secure.gravatar.com\\\/avatar\\\/8fadbca458d4cb68b1dd399ae9a40618d747bb1af65ac9fad21c89220a143eb4?s=96&d=mm&r=g\",\"caption\":\"maranhaotv\"},\"sameAs\":[\"https:\\\/\\\/maranhaotv.com.br\\\/\"],\"url\":\"https:\\\/\\\/maranhaotv.com.br\\\/index.php\\\/author\\\/maranhaotv\\\/\"}]}<\/script>\n<!-- \/ Yoast SEO plugin. -->","yoast_head_json":{"title":"Campanha Novembro Azul em Pa\u00e7o do Lumiar visa fortalecer combate ao c\u00e2ncer de pr\u00f3stata nas UBS. - NOT\u00cdCIAS EM TEMPO REAL","robots":{"index":"index","follow":"follow","max-snippet":"max-snippet:-1","max-image-preview":"max-image-preview:large","max-video-preview":"max-video-preview:-1"},"canonical":"https:\/\/maranhaotv.com.br\/index.php\/2023\/11\/14\/campanha-novembro-azul-em-paco-do-lumiar-visa-fortalecer-combate-ao-cancer-de-prostata-nas-ubs\/","og_locale":"pt_BR","og_type":"article","og_title":"Campanha Novembro Azul em Pa\u00e7o do Lumiar visa fortalecer combate ao c\u00e2ncer de pr\u00f3stata nas UBS. - NOT\u00cdCIAS EM TEMPO REAL","og_description":"Nesta segunda-feira (13), a Prefeitura de Pa\u00e7o do Lumiar, por meio da Secretaria Municipal de Sa\u00fade (SEMUS), realizou o lan\u00e7amento","og_url":"https:\/\/maranhaotv.com.br\/index.php\/2023\/11\/14\/campanha-novembro-azul-em-paco-do-lumiar-visa-fortalecer-combate-ao-cancer-de-prostata-nas-ubs\/","og_site_name":"NOT\u00cdCIAS EM TEMPO REAL","article_publisher":"https:\/\/www.facebook.com\/maiobaotv","article_published_time":"2023-11-14T11:04:56+00:00","author":"maranhaotv","twitter_card":"summary_large_image","twitter_creator":"@sitemaranhaotv","twitter_site":"@sitemaranhaotv","twitter_misc":{"Escrito por":"maranhaotv","Est. tempo de leitura":"3 minutos"},"schema":{"@context":"https:\/\/schema.org","@graph":[{"@type":"Article","@id":"https:\/\/maranhaotv.com.br\/index.php\/2023\/11\/14\/campanha-novembro-azul-em-paco-do-lumiar-visa-fortalecer-combate-ao-cancer-de-prostata-nas-ubs\/#article","isPartOf":{"@id":"https:\/\/maranhaotv.com.br\/index.php\/2023\/11\/14\/campanha-novembro-azul-em-paco-do-lumiar-visa-fortalecer-combate-ao-cancer-de-prostata-nas-ubs\/"},"author":{"name":"maranhaotv","@id":"https:\/\/maranhaotv.com.br\/#\/schema\/person\/3d54238e86b20bb5c89ab2fdb8f8829a"},"headline":"Campanha Novembro Azul em Pa\u00e7o do Lumiar visa fortalecer combate ao c\u00e2ncer de pr\u00f3stata nas UBS.","datePublished":"2023-11-14T11:04:56+00:00","mainEntityOfPage":{"@id":"https:\/\/maranhaotv.com.br\/index.php\/2023\/11\/14\/campanha-novembro-azul-em-paco-do-lumiar-visa-fortalecer-combate-ao-cancer-de-prostata-nas-ubs\/"},"wordCount":525,"commentCount":0,"publisher":{"@id":"https:\/\/maranhaotv.com.br\/#organization"},"image":{"@id":"https:\/\/maranhaotv.com.br\/index.php\/2023\/11\/14\/campanha-novembro-azul-em-paco-do-lumiar-visa-fortalecer-combate-ao-cancer-de-prostata-nas-ubs\/#primaryimage"},"thumbnailUrl":"","articleSection":["not\u00edcias"],"inLanguage":"pt-BR","potentialAction":[{"@type":"CommentAction","name":"Comment","target":["https:\/\/maranhaotv.com.br\/index.php\/2023\/11\/14\/campanha-novembro-azul-em-paco-do-lumiar-visa-fortalecer-combate-ao-cancer-de-prostata-nas-ubs\/#respond"]}]},{"@type":"WebPage","@id":"https:\/\/maranhaotv.com.br\/index.php\/2023\/11\/14\/campanha-novembro-azul-em-paco-do-lumiar-visa-fortalecer-combate-ao-cancer-de-prostata-nas-ubs\/","url":"https:\/\/maranhaotv.com.br\/index.php\/2023\/11\/14\/campanha-novembro-azul-em-paco-do-lumiar-visa-fortalecer-combate-ao-cancer-de-prostata-nas-ubs\/","name":"Campanha Novembro Azul em Pa\u00e7o do Lumiar visa fortalecer combate ao c\u00e2ncer de pr\u00f3stata nas UBS. - NOT\u00cdCIAS EM TEMPO REAL","isPartOf":{"@id":"https:\/\/maranhaotv.com.br\/#website"},"primaryImageOfPage":{"@id":"https:\/\/maranhaotv.com.br\/index.php\/2023\/11\/14\/campanha-novembro-azul-em-paco-do-lumiar-visa-fortalecer-combate-ao-cancer-de-prostata-nas-ubs\/#primaryimage"},"image":{"@id":"https:\/\/maranhaotv.com.br\/index.php\/2023\/11\/14\/campanha-novembro-azul-em-paco-do-lumiar-visa-fortalecer-combate-ao-cancer-de-prostata-nas-ubs\/#primaryimage"},"thumbnailUrl":"","datePublished":"2023-11-14T11:04:56+00:00","breadcrumb":{"@id":"https:\/\/maranhaotv.com.br\/index.php\/2023\/11\/14\/campanha-novembro-azul-em-paco-do-lumiar-visa-fortalecer-combate-ao-cancer-de-prostata-nas-ubs\/#breadcrumb"},"inLanguage":"pt-BR","potentialAction":[{"@type":"ReadAction","target":["https:\/\/maranhaotv.com.br\/index.php\/2023\/11\/14\/campanha-novembro-azul-em-paco-do-lumiar-visa-fortalecer-combate-ao-cancer-de-prostata-nas-ubs\/"]}]},{"@type":"ImageObject","inLanguage":"pt-BR","@id":"https:\/\/maranhaotv.com.br\/index.php\/2023\/11\/14\/campanha-novembro-azul-em-paco-do-lumiar-visa-fortalecer-combate-ao-cancer-de-prostata-nas-ubs\/#primaryimage","url":"","contentUrl":""},{"@type":"BreadcrumbList","@id":"https:\/\/maranhaotv.com.br\/index.php\/2023\/11\/14\/campanha-novembro-azul-em-paco-do-lumiar-visa-fortalecer-combate-ao-cancer-de-prostata-nas-ubs\/#breadcrumb","itemListElement":[{"@type":"ListItem","position":1,"name":"In\u00edcio","item":"https:\/\/maranhaotv.com.br\/"},{"@type":"ListItem","position":2,"name":"Campanha Novembro Azul em Pa\u00e7o do Lumiar visa fortalecer combate ao c\u00e2ncer de pr\u00f3stata nas UBS."}]},{"@type":"WebSite","@id":"https:\/\/maranhaotv.com.br\/#website","url":"https:\/\/maranhaotv.com.br\/","name":"Maranh\u00e3oTV","description":"","publisher":{"@id":"https:\/\/maranhaotv.com.br\/#organization"},"potentialAction":[{"@type":"SearchAction","target":{"@type":"EntryPoint","urlTemplate":"https:\/\/maranhaotv.com.br\/?s={search_term_string}"},"query-input":{"@type":"PropertyValueSpecification","valueRequired":true,"valueName":"search_term_string"}}],"inLanguage":"pt-BR"},{"@type":"Organization","@id":"https:\/\/maranhaotv.com.br\/#organization","name":"Portal de Not\u00edcias","url":"https:\/\/maranhaotv.com.br\/","logo":{"@type":"ImageObject","inLanguage":"pt-BR","@id":"https:\/\/maranhaotv.com.br\/#\/schema\/logo\/image\/","url":"https:\/\/maranhaotv.com.br\/wp-content\/uploads\/2024\/05\/cropped-cropped-avatar-1.png","contentUrl":"https:\/\/maranhaotv.com.br\/wp-content\/uploads\/2024\/05\/cropped-cropped-avatar-1.png","width":792,"height":428,"caption":"Portal de Not\u00edcias"},"image":{"@id":"https:\/\/maranhaotv.com.br\/#\/schema\/logo\/image\/"},"sameAs":["https:\/\/www.facebook.com\/maiobaotv","https:\/\/x.com\/sitemaranhaotv","https:\/\/www.instagram.com\/maranhao.tv","https:\/\/www.threads.net\/@maranhao.tv"]},{"@type":"Person","@id":"https:\/\/maranhaotv.com.br\/#\/schema\/person\/3d54238e86b20bb5c89ab2fdb8f8829a","name":"maranhaotv","image":{"@type":"ImageObject","inLanguage":"pt-BR","@id":"https:\/\/secure.gravatar.com\/avatar\/8fadbca458d4cb68b1dd399ae9a40618d747bb1af65ac9fad21c89220a143eb4?s=96&d=mm&r=g","url":"https:\/\/secure.gravatar.com\/avatar\/8fadbca458d4cb68b1dd399ae9a40618d747bb1af65ac9fad21c89220a143eb4?s=96&d=mm&r=g","contentUrl":"https:\/\/secure.gravatar.com\/avatar\/8fadbca458d4cb68b1dd399ae9a40618d747bb1af65ac9fad21c89220a143eb4?s=96&d=mm&r=g","caption":"maranhaotv"},"sameAs":["https:\/\/maranhaotv.com.br\/"],"url":"https:\/\/maranhaotv.com.br\/index.php\/author\/maranhaotv\/"}]}},"jetpack_featured_media_url":"","jetpack_sharing_enabled":true,"_links":{"self":[{"href":"https:\/\/maranhaotv.com.br\/index.php\/wp-json\/wp\/v2\/posts\/33457","targetHints":{"allow":["GET"]}}],"collection":[{"href":"https:\/\/maranhaotv.com.br\/index.php\/wp-json\/wp\/v2\/posts"}],"about":[{"href":"https:\/\/maranhaotv.com.br\/index.php\/wp-json\/wp\/v2\/types\/post"}],"author":[{"embeddable":true,"href":"https:\/\/maranhaotv.com.br\/index.php\/wp-json\/wp\/v2\/users\/2"}],"replies":[{"embeddable":true,"href":"https:\/\/maranhaotv.com.br\/index.php\/wp-json\/wp\/v2\/comments?post=33457"}],"version-history":[{"count":0,"href":"https:\/\/maranhaotv.com.br\/index.php\/wp-json\/wp\/v2\/posts\/33457\/revisions"}],"wp:featuredmedia":[{"embeddable":true,"href":"https:\/\/maranhaotv.com.br\/index.php\/wp-json\/"}],"wp:attachment":[{"href":"https:\/\/maranhaotv.com.br\/index.php\/wp-json\/wp\/v2\/media?parent=33457"}],"wp:term":[{"taxonomy":"category","embeddable":true,"href":"https:\/\/maranhaotv.com.br\/index.php\/wp-json\/wp\/v2\/categories?post=33457"},{"taxonomy":"post_tag","embeddable":true,"href":"https:\/\/maranhaotv.com.br\/index.php\/wp-json\/wp\/v2\/tags?post=33457"}],"curies":[{"name":"wp","href":"https:\/\/api.w.org\/{rel}","templated":true}]}}