{"id":33460,"date":"2023-11-14T10:30:30","date_gmt":"2023-11-14T13:30:30","guid":{"rendered":"https:\/\/maranhaotv.com.br\/?p=33460"},"modified":"2023-11-14T10:30:30","modified_gmt":"2023-11-14T13:30:30","slug":"tre-rejeita-saida-de-jota-pinto-do-podemos","status":"publish","type":"post","link":"https:\/\/maranhaotv.com.br\/index.php\/2023\/11\/14\/tre-rejeita-saida-de-jota-pinto-do-podemos\/","title":{"rendered":"TRE rejeita sa\u00edda de Jota Pinto do Podemos"},"content":{"rendered":"\n<p>O Tribunal Regional Eleitoral do Maranh\u00e3o (TRE-MA) rejeitou, por unanimidade, nesta segunda-feira, 13, a A\u00e7\u00e3o de Justifica\u00e7\u00e3o de Desfilia\u00e7\u00e3o Partid\u00e1ria do \u2018eterno\u2019 suplente de deputado estadual Jota Pinto \u2013 conhecido agora como \u201cvice de vereador\u201d \u2013 pedindo autoriza\u00e7\u00e3o para se desfiliar do Podemos.<\/p>\n\n\n\n<p>No processo, de relatoria do juiz Andr\u00e9 Bog\u00e9a Pereira Santos, o requerente alegou que seu pedido se deu em decorr\u00eancia da filia\u00e7\u00e3o do prefeito de S\u00e3o Jos\u00e9 de Ribamar, J\u00falio Matos \u2013 o Dr. Julinho ao partido.<\/p>\n\n\n\n<p>O magistrado julgou o pedido improcedente, destacando que ele n\u00e3o apresentou nenhuma justa causa para a sua desfilia\u00e7\u00e3o. Os demais membros votaram em conson\u00e2ncia ao relator do processo, com \u00eanfase ao referido documento.<\/p>\n\n\n\n<p>Na semana passada, o Minist\u00e9rio P\u00fablico Eleitoral j\u00e1 tinha se manifestado neste sentido. O Podemos, ao contestar a a\u00e7\u00e3o, foi categ\u00f3rico ao destacar que o argumento de Jota Pinto \u00e9 manifestamente improcedente. E sendo procedente, a sigla pediu a declara\u00e7\u00e3o de perda da condi\u00e7\u00e3o do requerente de primeiro suplente \u00e0 vaga eventualmente destinada ao partido na Assembleia Legislativa do Maranh\u00e3o.<\/p>\n\n\n\n<p>Impedido de deixar a agremia\u00e7\u00e3o, Jota ter\u00e1 que permanecer no mesmo partido do seu desafeto, mesmo contra a pr\u00f3pria vontade. Quem sabe na pr\u00f3xima elei\u00e7\u00e3o ele consiga encerrar a carreira como vice de algum outro vereador que deseja aventurar na disputa majorit\u00e1ria da cidade balne\u00e1ria.<\/p>\n\n\n\n<p>O \u2018eterno\u2019 suplente fez anivers\u00e1rio no dia 5 deste m\u00eas, por\u00e9m, somente hoje ele recebeu da Corte Eleitoral maranhense seu \u2018presente de grego\u2019. Caso insista em seguir \u2018sonhando\u2019 com a vice de um vereador, Pinto que \u201cnunca foi duro no voto\u201d, ainda pode recorrer ao TSE.<\/p>\n\n\n\n<p><\/p>\n","protected":false},"excerpt":{"rendered":"<p>O Tribunal Regional Eleitoral do Maranh\u00e3o (TRE-MA) rejeitou, por unanimidade, nesta segunda-feira, 13, a A\u00e7\u00e3o de Justifica\u00e7\u00e3o de Desfilia\u00e7\u00e3o Partid\u00e1ria<\/p>\n","protected":false},"author":2,"featured_media":33459,"comment_status":"open","ping_status":"open","sticky":false,"template":"","format":"standard","meta":{"colormag_page_container_layout":"default_layout","colormag_page_sidebar_layout":"default_layout","_jetpack_memberships_contains_paid_content":false,"footnotes":""},"categories":[6],"tags":[401],"class_list":["post-33460","post","type-post","status-publish","format-standard","has-post-thumbnail","hentry","category-politica","tag-jota-pinto"],"magazineBlocksPostFeaturedMedia":{"thumbnail":false,"medium":false,"medium_large":false,"large":false,"1536x1536":false,"2048x2048":false,"colormag-highlighted-post":false,"colormag-featured-post-medium":false,"colormag-featured-post-small":false,"colormag-featured-image":false,"colormag-default-news":false,"colormag-featured-image-large":false},"magazineBlocksPostAuthor":{"name":"maranhaotv","avatar":"https:\/\/secure.gravatar.com\/avatar\/8fadbca458d4cb68b1dd399ae9a40618d747bb1af65ac9fad21c89220a143eb4?s=96&d=mm&r=g"},"magazineBlocksPostCommentsNumber":"0","magazineBlocksPostExcerpt":"O Tribunal Regional Eleitoral do Maranh\u00e3o (TRE-MA) rejeitou, por unanimidade, nesta segunda-feira, 13, a A\u00e7\u00e3o de Justifica\u00e7\u00e3o de Desfilia\u00e7\u00e3o Partid\u00e1ria","magazineBlocksPostCategories":["pol\u00edtica"],"magazineBlocksPostViewCount":298,"magazineBlocksPostReadTime":2,"magazine_blocks_featured_image_url":{"full":false,"medium":false,"thumbnail":false},"magazine_blocks_author":{"display_name":"maranhaotv","author_link":"https:\/\/maranhaotv.com.br\/index.php\/author\/maranhaotv\/"},"magazine_blocks_comment":0,"magazine_blocks_author_image":"https:\/\/secure.gravatar.com\/avatar\/8fadbca458d4cb68b1dd399ae9a40618d747bb1af65ac9fad21c89220a143eb4?s=96&d=mm&r=g","magazine_blocks_category":"<a href=\"#\" class=\"category-link category-link-6\">pol\u00edtica<\/a>","yoast_head":"<!-- This site is optimized with the Yoast SEO plugin v27.4 - https:\/\/yoast.com\/product\/yoast-seo-wordpress\/ -->\n<title>TRE rejeita sa\u00edda de Jota Pinto do Podemos - NOT\u00cdCIAS EM TEMPO REAL<\/title>\n<meta name=\"robots\" content=\"index, follow, max-snippet:-1, max-image-preview:large, max-video-preview:-1\" \/>\n<link rel=\"canonical\" href=\"https:\/\/maranhaotv.com.br\/index.php\/2023\/11\/14\/tre-rejeita-saida-de-jota-pinto-do-podemos\/\" \/>\n<meta property=\"og:locale\" content=\"pt_BR\" \/>\n<meta property=\"og:type\" content=\"article\" \/>\n<meta property=\"og:title\" content=\"TRE rejeita sa\u00edda de Jota Pinto do Podemos - NOT\u00cdCIAS EM TEMPO REAL\" \/>\n<meta property=\"og:description\" content=\"O Tribunal Regional Eleitoral do Maranh\u00e3o (TRE-MA) rejeitou, por unanimidade, nesta segunda-feira, 13, a A\u00e7\u00e3o de Justifica\u00e7\u00e3o de Desfilia\u00e7\u00e3o Partid\u00e1ria\" \/>\n<meta property=\"og:url\" content=\"https:\/\/maranhaotv.com.br\/index.php\/2023\/11\/14\/tre-rejeita-saida-de-jota-pinto-do-podemos\/\" \/>\n<meta property=\"og:site_name\" content=\"NOT\u00cdCIAS EM TEMPO REAL\" \/>\n<meta property=\"article:publisher\" content=\"https:\/\/www.facebook.com\/maiobaotv\" \/>\n<meta property=\"article:published_time\" content=\"2023-11-14T13:30:30+00:00\" \/>\n<meta name=\"author\" content=\"maranhaotv\" \/>\n<meta name=\"twitter:card\" content=\"summary_large_image\" \/>\n<meta name=\"twitter:creator\" content=\"@sitemaranhaotv\" \/>\n<meta name=\"twitter:site\" content=\"@sitemaranhaotv\" \/>\n<meta name=\"twitter:label1\" content=\"Escrito por\" \/>\n\t<meta name=\"twitter:data1\" content=\"maranhaotv\" \/>\n\t<meta name=\"twitter:label2\" content=\"Est. tempo de leitura\" \/>\n\t<meta name=\"twitter:data2\" content=\"1 minuto\" \/>\n<script type=\"application\/ld+json\" class=\"yoast-schema-graph\">{\"@context\":\"https:\\\/\\\/schema.org\",\"@graph\":[{\"@type\":\"Article\",\"@id\":\"https:\\\/\\\/maranhaotv.com.br\\\/index.php\\\/2023\\\/11\\\/14\\\/tre-rejeita-saida-de-jota-pinto-do-podemos\\\/#article\",\"isPartOf\":{\"@id\":\"https:\\\/\\\/maranhaotv.com.br\\\/index.php\\\/2023\\\/11\\\/14\\\/tre-rejeita-saida-de-jota-pinto-do-podemos\\\/\"},\"author\":{\"name\":\"maranhaotv\",\"@id\":\"https:\\\/\\\/maranhaotv.com.br\\\/#\\\/schema\\\/person\\\/3d54238e86b20bb5c89ab2fdb8f8829a\"},\"headline\":\"TRE rejeita sa\u00edda de Jota Pinto do Podemos\",\"datePublished\":\"2023-11-14T13:30:30+00:00\",\"mainEntityOfPage\":{\"@id\":\"https:\\\/\\\/maranhaotv.com.br\\\/index.php\\\/2023\\\/11\\\/14\\\/tre-rejeita-saida-de-jota-pinto-do-podemos\\\/\"},\"wordCount\":296,\"commentCount\":0,\"publisher\":{\"@id\":\"https:\\\/\\\/maranhaotv.com.br\\\/#organization\"},\"image\":{\"@id\":\"https:\\\/\\\/maranhaotv.com.br\\\/index.php\\\/2023\\\/11\\\/14\\\/tre-rejeita-saida-de-jota-pinto-do-podemos\\\/#primaryimage\"},\"thumbnailUrl\":\"\",\"keywords\":[\"Jota Pinto\"],\"articleSection\":[\"pol\u00edtica\"],\"inLanguage\":\"pt-BR\",\"potentialAction\":[{\"@type\":\"CommentAction\",\"name\":\"Comment\",\"target\":[\"https:\\\/\\\/maranhaotv.com.br\\\/index.php\\\/2023\\\/11\\\/14\\\/tre-rejeita-saida-de-jota-pinto-do-podemos\\\/#respond\"]}]},{\"@type\":\"WebPage\",\"@id\":\"https:\\\/\\\/maranhaotv.com.br\\\/index.php\\\/2023\\\/11\\\/14\\\/tre-rejeita-saida-de-jota-pinto-do-podemos\\\/\",\"url\":\"https:\\\/\\\/maranhaotv.com.br\\\/index.php\\\/2023\\\/11\\\/14\\\/tre-rejeita-saida-de-jota-pinto-do-podemos\\\/\",\"name\":\"TRE rejeita sa\u00edda de Jota Pinto do Podemos - NOT\u00cdCIAS EM TEMPO REAL\",\"isPartOf\":{\"@id\":\"https:\\\/\\\/maranhaotv.com.br\\\/#website\"},\"primaryImageOfPage\":{\"@id\":\"https:\\\/\\\/maranhaotv.com.br\\\/index.php\\\/2023\\\/11\\\/14\\\/tre-rejeita-saida-de-jota-pinto-do-podemos\\\/#primaryimage\"},\"image\":{\"@id\":\"https:\\\/\\\/maranhaotv.com.br\\\/index.php\\\/2023\\\/11\\\/14\\\/tre-rejeita-saida-de-jota-pinto-do-podemos\\\/#primaryimage\"},\"thumbnailUrl\":\"\",\"datePublished\":\"2023-11-14T13:30:30+00:00\",\"breadcrumb\":{\"@id\":\"https:\\\/\\\/maranhaotv.com.br\\\/index.php\\\/2023\\\/11\\\/14\\\/tre-rejeita-saida-de-jota-pinto-do-podemos\\\/#breadcrumb\"},\"inLanguage\":\"pt-BR\",\"potentialAction\":[{\"@type\":\"ReadAction\",\"target\":[\"https:\\\/\\\/maranhaotv.com.br\\\/index.php\\\/2023\\\/11\\\/14\\\/tre-rejeita-saida-de-jota-pinto-do-podemos\\\/\"]}]},{\"@type\":\"ImageObject\",\"inLanguage\":\"pt-BR\",\"@id\":\"https:\\\/\\\/maranhaotv.com.br\\\/index.php\\\/2023\\\/11\\\/14\\\/tre-rejeita-saida-de-jota-pinto-do-podemos\\\/#primaryimage\",\"url\":\"\",\"contentUrl\":\"\"},{\"@type\":\"BreadcrumbList\",\"@id\":\"https:\\\/\\\/maranhaotv.com.br\\\/index.php\\\/2023\\\/11\\\/14\\\/tre-rejeita-saida-de-jota-pinto-do-podemos\\\/#breadcrumb\",\"itemListElement\":[{\"@type\":\"ListItem\",\"position\":1,\"name\":\"In\u00edcio\",\"item\":\"https:\\\/\\\/maranhaotv.com.br\\\/\"},{\"@type\":\"ListItem\",\"position\":2,\"name\":\"TRE rejeita sa\u00edda de Jota Pinto do Podemos\"}]},{\"@type\":\"WebSite\",\"@id\":\"https:\\\/\\\/maranhaotv.com.br\\\/#website\",\"url\":\"https:\\\/\\\/maranhaotv.com.br\\\/\",\"name\":\"Maranh\u00e3oTV\",\"description\":\"\",\"publisher\":{\"@id\":\"https:\\\/\\\/maranhaotv.com.br\\\/#organization\"},\"potentialAction\":[{\"@type\":\"SearchAction\",\"target\":{\"@type\":\"EntryPoint\",\"urlTemplate\":\"https:\\\/\\\/maranhaotv.com.br\\\/?s={search_term_string}\"},\"query-input\":{\"@type\":\"PropertyValueSpecification\",\"valueRequired\":true,\"valueName\":\"search_term_string\"}}],\"inLanguage\":\"pt-BR\"},{\"@type\":\"Organization\",\"@id\":\"https:\\\/\\\/maranhaotv.com.br\\\/#organization\",\"name\":\"Portal de Not\u00edcias\",\"url\":\"https:\\\/\\\/maranhaotv.com.br\\\/\",\"logo\":{\"@type\":\"ImageObject\",\"inLanguage\":\"pt-BR\",\"@id\":\"https:\\\/\\\/maranhaotv.com.br\\\/#\\\/schema\\\/logo\\\/image\\\/\",\"url\":\"https:\\\/\\\/maranhaotv.com.br\\\/wp-content\\\/uploads\\\/2024\\\/05\\\/cropped-cropped-avatar-1.png\",\"contentUrl\":\"https:\\\/\\\/maranhaotv.com.br\\\/wp-content\\\/uploads\\\/2024\\\/05\\\/cropped-cropped-avatar-1.png\",\"width\":792,\"height\":428,\"caption\":\"Portal de Not\u00edcias\"},\"image\":{\"@id\":\"https:\\\/\\\/maranhaotv.com.br\\\/#\\\/schema\\\/logo\\\/image\\\/\"},\"sameAs\":[\"https:\\\/\\\/www.facebook.com\\\/maiobaotv\",\"https:\\\/\\\/x.com\\\/sitemaranhaotv\",\"https:\\\/\\\/www.instagram.com\\\/maranhao.tv\",\"https:\\\/\\\/www.threads.net\\\/@maranhao.tv\"]},{\"@type\":\"Person\",\"@id\":\"https:\\\/\\\/maranhaotv.com.br\\\/#\\\/schema\\\/person\\\/3d54238e86b20bb5c89ab2fdb8f8829a\",\"name\":\"maranhaotv\",\"image\":{\"@type\":\"ImageObject\",\"inLanguage\":\"pt-BR\",\"@id\":\"https:\\\/\\\/secure.gravatar.com\\\/avatar\\\/8fadbca458d4cb68b1dd399ae9a40618d747bb1af65ac9fad21c89220a143eb4?s=96&d=mm&r=g\",\"url\":\"https:\\\/\\\/secure.gravatar.com\\\/avatar\\\/8fadbca458d4cb68b1dd399ae9a40618d747bb1af65ac9fad21c89220a143eb4?s=96&d=mm&r=g\",\"contentUrl\":\"https:\\\/\\\/secure.gravatar.com\\\/avatar\\\/8fadbca458d4cb68b1dd399ae9a40618d747bb1af65ac9fad21c89220a143eb4?s=96&d=mm&r=g\",\"caption\":\"maranhaotv\"},\"sameAs\":[\"https:\\\/\\\/maranhaotv.com.br\\\/\"],\"url\":\"https:\\\/\\\/maranhaotv.com.br\\\/index.php\\\/author\\\/maranhaotv\\\/\"}]}<\/script>\n<!-- \/ Yoast SEO plugin. -->","yoast_head_json":{"title":"TRE rejeita sa\u00edda de Jota Pinto do Podemos - NOT\u00cdCIAS EM TEMPO REAL","robots":{"index":"index","follow":"follow","max-snippet":"max-snippet:-1","max-image-preview":"max-image-preview:large","max-video-preview":"max-video-preview:-1"},"canonical":"https:\/\/maranhaotv.com.br\/index.php\/2023\/11\/14\/tre-rejeita-saida-de-jota-pinto-do-podemos\/","og_locale":"pt_BR","og_type":"article","og_title":"TRE rejeita sa\u00edda de Jota Pinto do Podemos - NOT\u00cdCIAS EM TEMPO REAL","og_description":"O Tribunal Regional Eleitoral do Maranh\u00e3o (TRE-MA) rejeitou, por unanimidade, nesta segunda-feira, 13, a A\u00e7\u00e3o de Justifica\u00e7\u00e3o de Desfilia\u00e7\u00e3o Partid\u00e1ria","og_url":"https:\/\/maranhaotv.com.br\/index.php\/2023\/11\/14\/tre-rejeita-saida-de-jota-pinto-do-podemos\/","og_site_name":"NOT\u00cdCIAS EM TEMPO REAL","article_publisher":"https:\/\/www.facebook.com\/maiobaotv","article_published_time":"2023-11-14T13:30:30+00:00","author":"maranhaotv","twitter_card":"summary_large_image","twitter_creator":"@sitemaranhaotv","twitter_site":"@sitemaranhaotv","twitter_misc":{"Escrito por":"maranhaotv","Est. tempo de leitura":"1 minuto"},"schema":{"@context":"https:\/\/schema.org","@graph":[{"@type":"Article","@id":"https:\/\/maranhaotv.com.br\/index.php\/2023\/11\/14\/tre-rejeita-saida-de-jota-pinto-do-podemos\/#article","isPartOf":{"@id":"https:\/\/maranhaotv.com.br\/index.php\/2023\/11\/14\/tre-rejeita-saida-de-jota-pinto-do-podemos\/"},"author":{"name":"maranhaotv","@id":"https:\/\/maranhaotv.com.br\/#\/schema\/person\/3d54238e86b20bb5c89ab2fdb8f8829a"},"headline":"TRE rejeita sa\u00edda de Jota Pinto do Podemos","datePublished":"2023-11-14T13:30:30+00:00","mainEntityOfPage":{"@id":"https:\/\/maranhaotv.com.br\/index.php\/2023\/11\/14\/tre-rejeita-saida-de-jota-pinto-do-podemos\/"},"wordCount":296,"commentCount":0,"publisher":{"@id":"https:\/\/maranhaotv.com.br\/#organization"},"image":{"@id":"https:\/\/maranhaotv.com.br\/index.php\/2023\/11\/14\/tre-rejeita-saida-de-jota-pinto-do-podemos\/#primaryimage"},"thumbnailUrl":"","keywords":["Jota Pinto"],"articleSection":["pol\u00edtica"],"inLanguage":"pt-BR","potentialAction":[{"@type":"CommentAction","name":"Comment","target":["https:\/\/maranhaotv.com.br\/index.php\/2023\/11\/14\/tre-rejeita-saida-de-jota-pinto-do-podemos\/#respond"]}]},{"@type":"WebPage","@id":"https:\/\/maranhaotv.com.br\/index.php\/2023\/11\/14\/tre-rejeita-saida-de-jota-pinto-do-podemos\/","url":"https:\/\/maranhaotv.com.br\/index.php\/2023\/11\/14\/tre-rejeita-saida-de-jota-pinto-do-podemos\/","name":"TRE rejeita sa\u00edda de Jota Pinto do Podemos - NOT\u00cdCIAS EM TEMPO REAL","isPartOf":{"@id":"https:\/\/maranhaotv.com.br\/#website"},"primaryImageOfPage":{"@id":"https:\/\/maranhaotv.com.br\/index.php\/2023\/11\/14\/tre-rejeita-saida-de-jota-pinto-do-podemos\/#primaryimage"},"image":{"@id":"https:\/\/maranhaotv.com.br\/index.php\/2023\/11\/14\/tre-rejeita-saida-de-jota-pinto-do-podemos\/#primaryimage"},"thumbnailUrl":"","datePublished":"2023-11-14T13:30:30+00:00","breadcrumb":{"@id":"https:\/\/maranhaotv.com.br\/index.php\/2023\/11\/14\/tre-rejeita-saida-de-jota-pinto-do-podemos\/#breadcrumb"},"inLanguage":"pt-BR","potentialAction":[{"@type":"ReadAction","target":["https:\/\/maranhaotv.com.br\/index.php\/2023\/11\/14\/tre-rejeita-saida-de-jota-pinto-do-podemos\/"]}]},{"@type":"ImageObject","inLanguage":"pt-BR","@id":"https:\/\/maranhaotv.com.br\/index.php\/2023\/11\/14\/tre-rejeita-saida-de-jota-pinto-do-podemos\/#primaryimage","url":"","contentUrl":""},{"@type":"BreadcrumbList","@id":"https:\/\/maranhaotv.com.br\/index.php\/2023\/11\/14\/tre-rejeita-saida-de-jota-pinto-do-podemos\/#breadcrumb","itemListElement":[{"@type":"ListItem","position":1,"name":"In\u00edcio","item":"https:\/\/maranhaotv.com.br\/"},{"@type":"ListItem","position":2,"name":"TRE rejeita sa\u00edda de Jota Pinto do Podemos"}]},{"@type":"WebSite","@id":"https:\/\/maranhaotv.com.br\/#website","url":"https:\/\/maranhaotv.com.br\/","name":"Maranh\u00e3oTV","description":"","publisher":{"@id":"https:\/\/maranhaotv.com.br\/#organization"},"potentialAction":[{"@type":"SearchAction","target":{"@type":"EntryPoint","urlTemplate":"https:\/\/maranhaotv.com.br\/?s={search_term_string}"},"query-input":{"@type":"PropertyValueSpecification","valueRequired":true,"valueName":"search_term_string"}}],"inLanguage":"pt-BR"},{"@type":"Organization","@id":"https:\/\/maranhaotv.com.br\/#organization","name":"Portal de Not\u00edcias","url":"https:\/\/maranhaotv.com.br\/","logo":{"@type":"ImageObject","inLanguage":"pt-BR","@id":"https:\/\/maranhaotv.com.br\/#\/schema\/logo\/image\/","url":"https:\/\/maranhaotv.com.br\/wp-content\/uploads\/2024\/05\/cropped-cropped-avatar-1.png","contentUrl":"https:\/\/maranhaotv.com.br\/wp-content\/uploads\/2024\/05\/cropped-cropped-avatar-1.png","width":792,"height":428,"caption":"Portal de Not\u00edcias"},"image":{"@id":"https:\/\/maranhaotv.com.br\/#\/schema\/logo\/image\/"},"sameAs":["https:\/\/www.facebook.com\/maiobaotv","https:\/\/x.com\/sitemaranhaotv","https:\/\/www.instagram.com\/maranhao.tv","https:\/\/www.threads.net\/@maranhao.tv"]},{"@type":"Person","@id":"https:\/\/maranhaotv.com.br\/#\/schema\/person\/3d54238e86b20bb5c89ab2fdb8f8829a","name":"maranhaotv","image":{"@type":"ImageObject","inLanguage":"pt-BR","@id":"https:\/\/secure.gravatar.com\/avatar\/8fadbca458d4cb68b1dd399ae9a40618d747bb1af65ac9fad21c89220a143eb4?s=96&d=mm&r=g","url":"https:\/\/secure.gravatar.com\/avatar\/8fadbca458d4cb68b1dd399ae9a40618d747bb1af65ac9fad21c89220a143eb4?s=96&d=mm&r=g","contentUrl":"https:\/\/secure.gravatar.com\/avatar\/8fadbca458d4cb68b1dd399ae9a40618d747bb1af65ac9fad21c89220a143eb4?s=96&d=mm&r=g","caption":"maranhaotv"},"sameAs":["https:\/\/maranhaotv.com.br\/"],"url":"https:\/\/maranhaotv.com.br\/index.php\/author\/maranhaotv\/"}]}},"jetpack_featured_media_url":"","jetpack_sharing_enabled":true,"_links":{"self":[{"href":"https:\/\/maranhaotv.com.br\/index.php\/wp-json\/wp\/v2\/posts\/33460","targetHints":{"allow":["GET"]}}],"collection":[{"href":"https:\/\/maranhaotv.com.br\/index.php\/wp-json\/wp\/v2\/posts"}],"about":[{"href":"https:\/\/maranhaotv.com.br\/index.php\/wp-json\/wp\/v2\/types\/post"}],"author":[{"embeddable":true,"href":"https:\/\/maranhaotv.com.br\/index.php\/wp-json\/wp\/v2\/users\/2"}],"replies":[{"embeddable":true,"href":"https:\/\/maranhaotv.com.br\/index.php\/wp-json\/wp\/v2\/comments?post=33460"}],"version-history":[{"count":0,"href":"https:\/\/maranhaotv.com.br\/index.php\/wp-json\/wp\/v2\/posts\/33460\/revisions"}],"wp:featuredmedia":[{"embeddable":true,"href":"https:\/\/maranhaotv.com.br\/index.php\/wp-json\/"}],"wp:attachment":[{"href":"https:\/\/maranhaotv.com.br\/index.php\/wp-json\/wp\/v2\/media?parent=33460"}],"wp:term":[{"taxonomy":"category","embeddable":true,"href":"https:\/\/maranhaotv.com.br\/index.php\/wp-json\/wp\/v2\/categories?post=33460"},{"taxonomy":"post_tag","embeddable":true,"href":"https:\/\/maranhaotv.com.br\/index.php\/wp-json\/wp\/v2\/tags?post=33460"}],"curies":[{"name":"wp","href":"https:\/\/api.w.org\/{rel}","templated":true}]}}