{"id":33463,"date":"2023-11-14T15:09:59","date_gmt":"2023-11-14T18:09:59","guid":{"rendered":"https:\/\/maranhaotv.com.br\/?p=33463"},"modified":"2023-11-14T15:09:59","modified_gmt":"2023-11-14T18:09:59","slug":"evento-esportivo-inedito-torneio-solidario-de-beach-tenis-volei-e-futevolei-em-lago-da-pedra","status":"publish","type":"post","link":"https:\/\/maranhaotv.com.br\/index.php\/2023\/11\/14\/evento-esportivo-inedito-torneio-solidario-de-beach-tenis-volei-e-futevolei-em-lago-da-pedra\/","title":{"rendered":"Evento esportivo In\u00e9dito Torneio Solid\u00e1rio de Beach T\u00eanis, V\u00f4lei e Futev\u00f4lei  em Lago da Pedra"},"content":{"rendered":"\n<p><br><br>Em um marco in\u00e9dito para a regi\u00e3o, Lago da Pedra tem a honra de sediar o Primeiro Torneio Solid\u00e1rio de Beach T\u00eanis, V\u00f4lei e Futev\u00f4lei. O evento, agendado para o dia 10 de dezembro na Arena Beach Clube, promete abrir suas portas para talentosos participantes provenientes de diversas cidades do Maranh\u00e3o.<br><br>A iniciativa, fruto da colabora\u00e7\u00e3o entre o Projeto Social Abrace e a Arena Beach Clube, busca promover n\u00e3o apenas a competi\u00e7\u00e3o esportiva, mas tamb\u00e9m a uni\u00e3o e solidariedade entre os participantes. As inscri\u00e7\u00f5es para o torneio j\u00e1 est\u00e3o em andamento e testemunham a ades\u00e3o entusiasmada de representantes de cidades como Bacabal, Paulo Ramos, Trizidela do Vale, Pedreiras, entre outras.<br><br>O evento assume um papel singular ao alinhar esporte e a\u00e7\u00e3o social, marcando um compromisso com a comunidade e seus valores. Ao formar seu time, os participantes n\u00e3o apenas competir\u00e3o nas areias da Arena Beach Clube, mas tamb\u00e9m se unir\u00e3o a uma nobre iniciativa que visa fazer a diferen\u00e7a.<br><br>Lago da Pedra-Ma, conhecida por sua hospitalidade, prepara-se para receber n\u00e3o apenas atletas, mas agentes de mudan\u00e7a em um evento que promete ir al\u00e9m das quadras. Este torneio, mais do que uma competi\u00e7\u00e3o esportiva, ser\u00e1 uma celebra\u00e7\u00e3o memor\u00e1vel de solidariedade e esportividade.<\/p>\n","protected":false},"excerpt":{"rendered":"<p>Em um marco in\u00e9dito para a regi\u00e3o, Lago da Pedra tem a honra de sediar o Primeiro Torneio Solid\u00e1rio de<\/p>\n","protected":false},"author":2,"featured_media":33462,"comment_status":"open","ping_status":"open","sticky":false,"template":"","format":"standard","meta":{"colormag_page_container_layout":"default_layout","colormag_page_sidebar_layout":"default_layout","_jetpack_memberships_contains_paid_content":false,"footnotes":""},"categories":[8],"tags":[],"class_list":["post-33463","post","type-post","status-publish","format-standard","has-post-thumbnail","hentry","category-servicos"],"magazineBlocksPostFeaturedMedia":{"thumbnail":false,"medium":false,"medium_large":false,"large":false,"1536x1536":false,"2048x2048":false,"colormag-highlighted-post":false,"colormag-featured-post-medium":false,"colormag-featured-post-small":false,"colormag-featured-image":false,"colormag-default-news":false,"colormag-featured-image-large":false},"magazineBlocksPostAuthor":{"name":"maranhaotv","avatar":"https:\/\/secure.gravatar.com\/avatar\/8fadbca458d4cb68b1dd399ae9a40618d747bb1af65ac9fad21c89220a143eb4?s=96&d=mm&r=g"},"magazineBlocksPostCommentsNumber":"0","magazineBlocksPostExcerpt":"Em um marco in\u00e9dito para a regi\u00e3o, Lago da Pedra tem a honra de sediar o Primeiro Torneio Solid\u00e1rio de","magazineBlocksPostCategories":["servi\u00e7os"],"magazineBlocksPostViewCount":243,"magazineBlocksPostReadTime":2,"magazine_blocks_featured_image_url":{"full":false,"medium":false,"thumbnail":false},"magazine_blocks_author":{"display_name":"maranhaotv","author_link":"https:\/\/maranhaotv.com.br\/index.php\/author\/maranhaotv\/"},"magazine_blocks_comment":0,"magazine_blocks_author_image":"https:\/\/secure.gravatar.com\/avatar\/8fadbca458d4cb68b1dd399ae9a40618d747bb1af65ac9fad21c89220a143eb4?s=96&d=mm&r=g","magazine_blocks_category":"<a href=\"#\" class=\"category-link category-link-8\">servi\u00e7os<\/a>","yoast_head":"<!-- This site is optimized with the Yoast SEO plugin v27.4 - https:\/\/yoast.com\/product\/yoast-seo-wordpress\/ -->\n<title>Evento esportivo In\u00e9dito Torneio Solid\u00e1rio de Beach T\u00eanis, V\u00f4lei e Futev\u00f4lei em Lago da Pedra - NOT\u00cdCIAS EM TEMPO REAL<\/title>\n<meta name=\"robots\" content=\"index, follow, max-snippet:-1, max-image-preview:large, max-video-preview:-1\" \/>\n<link rel=\"canonical\" href=\"https:\/\/maranhaotv.com.br\/index.php\/2023\/11\/14\/evento-esportivo-inedito-torneio-solidario-de-beach-tenis-volei-e-futevolei-em-lago-da-pedra\/\" \/>\n<meta property=\"og:locale\" content=\"pt_BR\" \/>\n<meta property=\"og:type\" content=\"article\" \/>\n<meta property=\"og:title\" content=\"Evento esportivo In\u00e9dito Torneio Solid\u00e1rio de Beach T\u00eanis, V\u00f4lei e Futev\u00f4lei em Lago da Pedra - NOT\u00cdCIAS EM TEMPO REAL\" \/>\n<meta property=\"og:description\" content=\"Em um marco in\u00e9dito para a regi\u00e3o, Lago da Pedra tem a honra de sediar o Primeiro Torneio Solid\u00e1rio de\" \/>\n<meta property=\"og:url\" content=\"https:\/\/maranhaotv.com.br\/index.php\/2023\/11\/14\/evento-esportivo-inedito-torneio-solidario-de-beach-tenis-volei-e-futevolei-em-lago-da-pedra\/\" \/>\n<meta property=\"og:site_name\" content=\"NOT\u00cdCIAS EM TEMPO REAL\" \/>\n<meta property=\"article:publisher\" content=\"https:\/\/www.facebook.com\/maiobaotv\" \/>\n<meta property=\"article:published_time\" content=\"2023-11-14T18:09:59+00:00\" \/>\n<meta name=\"author\" content=\"maranhaotv\" \/>\n<meta name=\"twitter:card\" content=\"summary_large_image\" \/>\n<meta name=\"twitter:creator\" content=\"@sitemaranhaotv\" \/>\n<meta name=\"twitter:site\" content=\"@sitemaranhaotv\" \/>\n<meta name=\"twitter:label1\" content=\"Escrito por\" \/>\n\t<meta name=\"twitter:data1\" content=\"maranhaotv\" \/>\n\t<meta name=\"twitter:label2\" content=\"Est. tempo de leitura\" \/>\n\t<meta name=\"twitter:data2\" content=\"1 minuto\" \/>\n<script type=\"application\/ld+json\" class=\"yoast-schema-graph\">{\"@context\":\"https:\\\/\\\/schema.org\",\"@graph\":[{\"@type\":\"Article\",\"@id\":\"https:\\\/\\\/maranhaotv.com.br\\\/index.php\\\/2023\\\/11\\\/14\\\/evento-esportivo-inedito-torneio-solidario-de-beach-tenis-volei-e-futevolei-em-lago-da-pedra\\\/#article\",\"isPartOf\":{\"@id\":\"https:\\\/\\\/maranhaotv.com.br\\\/index.php\\\/2023\\\/11\\\/14\\\/evento-esportivo-inedito-torneio-solidario-de-beach-tenis-volei-e-futevolei-em-lago-da-pedra\\\/\"},\"author\":{\"name\":\"maranhaotv\",\"@id\":\"https:\\\/\\\/maranhaotv.com.br\\\/#\\\/schema\\\/person\\\/3d54238e86b20bb5c89ab2fdb8f8829a\"},\"headline\":\"Evento esportivo In\u00e9dito Torneio Solid\u00e1rio de Beach T\u00eanis, V\u00f4lei e Futev\u00f4lei em Lago da Pedra\",\"datePublished\":\"2023-11-14T18:09:59+00:00\",\"mainEntityOfPage\":{\"@id\":\"https:\\\/\\\/maranhaotv.com.br\\\/index.php\\\/2023\\\/11\\\/14\\\/evento-esportivo-inedito-torneio-solidario-de-beach-tenis-volei-e-futevolei-em-lago-da-pedra\\\/\"},\"wordCount\":247,\"commentCount\":0,\"publisher\":{\"@id\":\"https:\\\/\\\/maranhaotv.com.br\\\/#organization\"},\"image\":{\"@id\":\"https:\\\/\\\/maranhaotv.com.br\\\/index.php\\\/2023\\\/11\\\/14\\\/evento-esportivo-inedito-torneio-solidario-de-beach-tenis-volei-e-futevolei-em-lago-da-pedra\\\/#primaryimage\"},\"thumbnailUrl\":\"\",\"articleSection\":[\"servi\u00e7os\"],\"inLanguage\":\"pt-BR\",\"potentialAction\":[{\"@type\":\"CommentAction\",\"name\":\"Comment\",\"target\":[\"https:\\\/\\\/maranhaotv.com.br\\\/index.php\\\/2023\\\/11\\\/14\\\/evento-esportivo-inedito-torneio-solidario-de-beach-tenis-volei-e-futevolei-em-lago-da-pedra\\\/#respond\"]}]},{\"@type\":\"WebPage\",\"@id\":\"https:\\\/\\\/maranhaotv.com.br\\\/index.php\\\/2023\\\/11\\\/14\\\/evento-esportivo-inedito-torneio-solidario-de-beach-tenis-volei-e-futevolei-em-lago-da-pedra\\\/\",\"url\":\"https:\\\/\\\/maranhaotv.com.br\\\/index.php\\\/2023\\\/11\\\/14\\\/evento-esportivo-inedito-torneio-solidario-de-beach-tenis-volei-e-futevolei-em-lago-da-pedra\\\/\",\"name\":\"Evento esportivo In\u00e9dito Torneio Solid\u00e1rio de Beach T\u00eanis, V\u00f4lei e Futev\u00f4lei em Lago da Pedra - NOT\u00cdCIAS EM TEMPO REAL\",\"isPartOf\":{\"@id\":\"https:\\\/\\\/maranhaotv.com.br\\\/#website\"},\"primaryImageOfPage\":{\"@id\":\"https:\\\/\\\/maranhaotv.com.br\\\/index.php\\\/2023\\\/11\\\/14\\\/evento-esportivo-inedito-torneio-solidario-de-beach-tenis-volei-e-futevolei-em-lago-da-pedra\\\/#primaryimage\"},\"image\":{\"@id\":\"https:\\\/\\\/maranhaotv.com.br\\\/index.php\\\/2023\\\/11\\\/14\\\/evento-esportivo-inedito-torneio-solidario-de-beach-tenis-volei-e-futevolei-em-lago-da-pedra\\\/#primaryimage\"},\"thumbnailUrl\":\"\",\"datePublished\":\"2023-11-14T18:09:59+00:00\",\"breadcrumb\":{\"@id\":\"https:\\\/\\\/maranhaotv.com.br\\\/index.php\\\/2023\\\/11\\\/14\\\/evento-esportivo-inedito-torneio-solidario-de-beach-tenis-volei-e-futevolei-em-lago-da-pedra\\\/#breadcrumb\"},\"inLanguage\":\"pt-BR\",\"potentialAction\":[{\"@type\":\"ReadAction\",\"target\":[\"https:\\\/\\\/maranhaotv.com.br\\\/index.php\\\/2023\\\/11\\\/14\\\/evento-esportivo-inedito-torneio-solidario-de-beach-tenis-volei-e-futevolei-em-lago-da-pedra\\\/\"]}]},{\"@type\":\"ImageObject\",\"inLanguage\":\"pt-BR\",\"@id\":\"https:\\\/\\\/maranhaotv.com.br\\\/index.php\\\/2023\\\/11\\\/14\\\/evento-esportivo-inedito-torneio-solidario-de-beach-tenis-volei-e-futevolei-em-lago-da-pedra\\\/#primaryimage\",\"url\":\"\",\"contentUrl\":\"\"},{\"@type\":\"BreadcrumbList\",\"@id\":\"https:\\\/\\\/maranhaotv.com.br\\\/index.php\\\/2023\\\/11\\\/14\\\/evento-esportivo-inedito-torneio-solidario-de-beach-tenis-volei-e-futevolei-em-lago-da-pedra\\\/#breadcrumb\",\"itemListElement\":[{\"@type\":\"ListItem\",\"position\":1,\"name\":\"In\u00edcio\",\"item\":\"https:\\\/\\\/maranhaotv.com.br\\\/\"},{\"@type\":\"ListItem\",\"position\":2,\"name\":\"Evento esportivo In\u00e9dito Torneio Solid\u00e1rio de Beach T\u00eanis, V\u00f4lei e Futev\u00f4lei em Lago da Pedra\"}]},{\"@type\":\"WebSite\",\"@id\":\"https:\\\/\\\/maranhaotv.com.br\\\/#website\",\"url\":\"https:\\\/\\\/maranhaotv.com.br\\\/\",\"name\":\"Maranh\u00e3oTV\",\"description\":\"\",\"publisher\":{\"@id\":\"https:\\\/\\\/maranhaotv.com.br\\\/#organization\"},\"potentialAction\":[{\"@type\":\"SearchAction\",\"target\":{\"@type\":\"EntryPoint\",\"urlTemplate\":\"https:\\\/\\\/maranhaotv.com.br\\\/?s={search_term_string}\"},\"query-input\":{\"@type\":\"PropertyValueSpecification\",\"valueRequired\":true,\"valueName\":\"search_term_string\"}}],\"inLanguage\":\"pt-BR\"},{\"@type\":\"Organization\",\"@id\":\"https:\\\/\\\/maranhaotv.com.br\\\/#organization\",\"name\":\"Portal de Not\u00edcias\",\"url\":\"https:\\\/\\\/maranhaotv.com.br\\\/\",\"logo\":{\"@type\":\"ImageObject\",\"inLanguage\":\"pt-BR\",\"@id\":\"https:\\\/\\\/maranhaotv.com.br\\\/#\\\/schema\\\/logo\\\/image\\\/\",\"url\":\"https:\\\/\\\/maranhaotv.com.br\\\/wp-content\\\/uploads\\\/2024\\\/05\\\/cropped-cropped-avatar-1.png\",\"contentUrl\":\"https:\\\/\\\/maranhaotv.com.br\\\/wp-content\\\/uploads\\\/2024\\\/05\\\/cropped-cropped-avatar-1.png\",\"width\":792,\"height\":428,\"caption\":\"Portal de Not\u00edcias\"},\"image\":{\"@id\":\"https:\\\/\\\/maranhaotv.com.br\\\/#\\\/schema\\\/logo\\\/image\\\/\"},\"sameAs\":[\"https:\\\/\\\/www.facebook.com\\\/maiobaotv\",\"https:\\\/\\\/x.com\\\/sitemaranhaotv\",\"https:\\\/\\\/www.instagram.com\\\/maranhao.tv\",\"https:\\\/\\\/www.threads.net\\\/@maranhao.tv\"]},{\"@type\":\"Person\",\"@id\":\"https:\\\/\\\/maranhaotv.com.br\\\/#\\\/schema\\\/person\\\/3d54238e86b20bb5c89ab2fdb8f8829a\",\"name\":\"maranhaotv\",\"image\":{\"@type\":\"ImageObject\",\"inLanguage\":\"pt-BR\",\"@id\":\"https:\\\/\\\/secure.gravatar.com\\\/avatar\\\/8fadbca458d4cb68b1dd399ae9a40618d747bb1af65ac9fad21c89220a143eb4?s=96&d=mm&r=g\",\"url\":\"https:\\\/\\\/secure.gravatar.com\\\/avatar\\\/8fadbca458d4cb68b1dd399ae9a40618d747bb1af65ac9fad21c89220a143eb4?s=96&d=mm&r=g\",\"contentUrl\":\"https:\\\/\\\/secure.gravatar.com\\\/avatar\\\/8fadbca458d4cb68b1dd399ae9a40618d747bb1af65ac9fad21c89220a143eb4?s=96&d=mm&r=g\",\"caption\":\"maranhaotv\"},\"sameAs\":[\"https:\\\/\\\/maranhaotv.com.br\\\/\"],\"url\":\"https:\\\/\\\/maranhaotv.com.br\\\/index.php\\\/author\\\/maranhaotv\\\/\"}]}<\/script>\n<!-- \/ Yoast SEO plugin. -->","yoast_head_json":{"title":"Evento esportivo In\u00e9dito Torneio Solid\u00e1rio de Beach T\u00eanis, V\u00f4lei e Futev\u00f4lei em Lago da Pedra - NOT\u00cdCIAS EM TEMPO REAL","robots":{"index":"index","follow":"follow","max-snippet":"max-snippet:-1","max-image-preview":"max-image-preview:large","max-video-preview":"max-video-preview:-1"},"canonical":"https:\/\/maranhaotv.com.br\/index.php\/2023\/11\/14\/evento-esportivo-inedito-torneio-solidario-de-beach-tenis-volei-e-futevolei-em-lago-da-pedra\/","og_locale":"pt_BR","og_type":"article","og_title":"Evento esportivo In\u00e9dito Torneio Solid\u00e1rio de Beach T\u00eanis, V\u00f4lei e Futev\u00f4lei em Lago da Pedra - NOT\u00cdCIAS EM TEMPO REAL","og_description":"Em um marco in\u00e9dito para a regi\u00e3o, Lago da Pedra tem a honra de sediar o Primeiro Torneio Solid\u00e1rio de","og_url":"https:\/\/maranhaotv.com.br\/index.php\/2023\/11\/14\/evento-esportivo-inedito-torneio-solidario-de-beach-tenis-volei-e-futevolei-em-lago-da-pedra\/","og_site_name":"NOT\u00cdCIAS EM TEMPO REAL","article_publisher":"https:\/\/www.facebook.com\/maiobaotv","article_published_time":"2023-11-14T18:09:59+00:00","author":"maranhaotv","twitter_card":"summary_large_image","twitter_creator":"@sitemaranhaotv","twitter_site":"@sitemaranhaotv","twitter_misc":{"Escrito por":"maranhaotv","Est. tempo de leitura":"1 minuto"},"schema":{"@context":"https:\/\/schema.org","@graph":[{"@type":"Article","@id":"https:\/\/maranhaotv.com.br\/index.php\/2023\/11\/14\/evento-esportivo-inedito-torneio-solidario-de-beach-tenis-volei-e-futevolei-em-lago-da-pedra\/#article","isPartOf":{"@id":"https:\/\/maranhaotv.com.br\/index.php\/2023\/11\/14\/evento-esportivo-inedito-torneio-solidario-de-beach-tenis-volei-e-futevolei-em-lago-da-pedra\/"},"author":{"name":"maranhaotv","@id":"https:\/\/maranhaotv.com.br\/#\/schema\/person\/3d54238e86b20bb5c89ab2fdb8f8829a"},"headline":"Evento esportivo In\u00e9dito Torneio Solid\u00e1rio de Beach T\u00eanis, V\u00f4lei e Futev\u00f4lei em Lago da Pedra","datePublished":"2023-11-14T18:09:59+00:00","mainEntityOfPage":{"@id":"https:\/\/maranhaotv.com.br\/index.php\/2023\/11\/14\/evento-esportivo-inedito-torneio-solidario-de-beach-tenis-volei-e-futevolei-em-lago-da-pedra\/"},"wordCount":247,"commentCount":0,"publisher":{"@id":"https:\/\/maranhaotv.com.br\/#organization"},"image":{"@id":"https:\/\/maranhaotv.com.br\/index.php\/2023\/11\/14\/evento-esportivo-inedito-torneio-solidario-de-beach-tenis-volei-e-futevolei-em-lago-da-pedra\/#primaryimage"},"thumbnailUrl":"","articleSection":["servi\u00e7os"],"inLanguage":"pt-BR","potentialAction":[{"@type":"CommentAction","name":"Comment","target":["https:\/\/maranhaotv.com.br\/index.php\/2023\/11\/14\/evento-esportivo-inedito-torneio-solidario-de-beach-tenis-volei-e-futevolei-em-lago-da-pedra\/#respond"]}]},{"@type":"WebPage","@id":"https:\/\/maranhaotv.com.br\/index.php\/2023\/11\/14\/evento-esportivo-inedito-torneio-solidario-de-beach-tenis-volei-e-futevolei-em-lago-da-pedra\/","url":"https:\/\/maranhaotv.com.br\/index.php\/2023\/11\/14\/evento-esportivo-inedito-torneio-solidario-de-beach-tenis-volei-e-futevolei-em-lago-da-pedra\/","name":"Evento esportivo In\u00e9dito Torneio Solid\u00e1rio de Beach T\u00eanis, V\u00f4lei e Futev\u00f4lei em Lago da Pedra - NOT\u00cdCIAS EM TEMPO REAL","isPartOf":{"@id":"https:\/\/maranhaotv.com.br\/#website"},"primaryImageOfPage":{"@id":"https:\/\/maranhaotv.com.br\/index.php\/2023\/11\/14\/evento-esportivo-inedito-torneio-solidario-de-beach-tenis-volei-e-futevolei-em-lago-da-pedra\/#primaryimage"},"image":{"@id":"https:\/\/maranhaotv.com.br\/index.php\/2023\/11\/14\/evento-esportivo-inedito-torneio-solidario-de-beach-tenis-volei-e-futevolei-em-lago-da-pedra\/#primaryimage"},"thumbnailUrl":"","datePublished":"2023-11-14T18:09:59+00:00","breadcrumb":{"@id":"https:\/\/maranhaotv.com.br\/index.php\/2023\/11\/14\/evento-esportivo-inedito-torneio-solidario-de-beach-tenis-volei-e-futevolei-em-lago-da-pedra\/#breadcrumb"},"inLanguage":"pt-BR","potentialAction":[{"@type":"ReadAction","target":["https:\/\/maranhaotv.com.br\/index.php\/2023\/11\/14\/evento-esportivo-inedito-torneio-solidario-de-beach-tenis-volei-e-futevolei-em-lago-da-pedra\/"]}]},{"@type":"ImageObject","inLanguage":"pt-BR","@id":"https:\/\/maranhaotv.com.br\/index.php\/2023\/11\/14\/evento-esportivo-inedito-torneio-solidario-de-beach-tenis-volei-e-futevolei-em-lago-da-pedra\/#primaryimage","url":"","contentUrl":""},{"@type":"BreadcrumbList","@id":"https:\/\/maranhaotv.com.br\/index.php\/2023\/11\/14\/evento-esportivo-inedito-torneio-solidario-de-beach-tenis-volei-e-futevolei-em-lago-da-pedra\/#breadcrumb","itemListElement":[{"@type":"ListItem","position":1,"name":"In\u00edcio","item":"https:\/\/maranhaotv.com.br\/"},{"@type":"ListItem","position":2,"name":"Evento esportivo In\u00e9dito Torneio Solid\u00e1rio de Beach T\u00eanis, V\u00f4lei e Futev\u00f4lei em Lago da Pedra"}]},{"@type":"WebSite","@id":"https:\/\/maranhaotv.com.br\/#website","url":"https:\/\/maranhaotv.com.br\/","name":"Maranh\u00e3oTV","description":"","publisher":{"@id":"https:\/\/maranhaotv.com.br\/#organization"},"potentialAction":[{"@type":"SearchAction","target":{"@type":"EntryPoint","urlTemplate":"https:\/\/maranhaotv.com.br\/?s={search_term_string}"},"query-input":{"@type":"PropertyValueSpecification","valueRequired":true,"valueName":"search_term_string"}}],"inLanguage":"pt-BR"},{"@type":"Organization","@id":"https:\/\/maranhaotv.com.br\/#organization","name":"Portal de Not\u00edcias","url":"https:\/\/maranhaotv.com.br\/","logo":{"@type":"ImageObject","inLanguage":"pt-BR","@id":"https:\/\/maranhaotv.com.br\/#\/schema\/logo\/image\/","url":"https:\/\/maranhaotv.com.br\/wp-content\/uploads\/2024\/05\/cropped-cropped-avatar-1.png","contentUrl":"https:\/\/maranhaotv.com.br\/wp-content\/uploads\/2024\/05\/cropped-cropped-avatar-1.png","width":792,"height":428,"caption":"Portal de Not\u00edcias"},"image":{"@id":"https:\/\/maranhaotv.com.br\/#\/schema\/logo\/image\/"},"sameAs":["https:\/\/www.facebook.com\/maiobaotv","https:\/\/x.com\/sitemaranhaotv","https:\/\/www.instagram.com\/maranhao.tv","https:\/\/www.threads.net\/@maranhao.tv"]},{"@type":"Person","@id":"https:\/\/maranhaotv.com.br\/#\/schema\/person\/3d54238e86b20bb5c89ab2fdb8f8829a","name":"maranhaotv","image":{"@type":"ImageObject","inLanguage":"pt-BR","@id":"https:\/\/secure.gravatar.com\/avatar\/8fadbca458d4cb68b1dd399ae9a40618d747bb1af65ac9fad21c89220a143eb4?s=96&d=mm&r=g","url":"https:\/\/secure.gravatar.com\/avatar\/8fadbca458d4cb68b1dd399ae9a40618d747bb1af65ac9fad21c89220a143eb4?s=96&d=mm&r=g","contentUrl":"https:\/\/secure.gravatar.com\/avatar\/8fadbca458d4cb68b1dd399ae9a40618d747bb1af65ac9fad21c89220a143eb4?s=96&d=mm&r=g","caption":"maranhaotv"},"sameAs":["https:\/\/maranhaotv.com.br\/"],"url":"https:\/\/maranhaotv.com.br\/index.php\/author\/maranhaotv\/"}]}},"jetpack_featured_media_url":"","jetpack_sharing_enabled":true,"_links":{"self":[{"href":"https:\/\/maranhaotv.com.br\/index.php\/wp-json\/wp\/v2\/posts\/33463","targetHints":{"allow":["GET"]}}],"collection":[{"href":"https:\/\/maranhaotv.com.br\/index.php\/wp-json\/wp\/v2\/posts"}],"about":[{"href":"https:\/\/maranhaotv.com.br\/index.php\/wp-json\/wp\/v2\/types\/post"}],"author":[{"embeddable":true,"href":"https:\/\/maranhaotv.com.br\/index.php\/wp-json\/wp\/v2\/users\/2"}],"replies":[{"embeddable":true,"href":"https:\/\/maranhaotv.com.br\/index.php\/wp-json\/wp\/v2\/comments?post=33463"}],"version-history":[{"count":0,"href":"https:\/\/maranhaotv.com.br\/index.php\/wp-json\/wp\/v2\/posts\/33463\/revisions"}],"wp:featuredmedia":[{"embeddable":true,"href":"https:\/\/maranhaotv.com.br\/index.php\/wp-json\/"}],"wp:attachment":[{"href":"https:\/\/maranhaotv.com.br\/index.php\/wp-json\/wp\/v2\/media?parent=33463"}],"wp:term":[{"taxonomy":"category","embeddable":true,"href":"https:\/\/maranhaotv.com.br\/index.php\/wp-json\/wp\/v2\/categories?post=33463"},{"taxonomy":"post_tag","embeddable":true,"href":"https:\/\/maranhaotv.com.br\/index.php\/wp-json\/wp\/v2\/tags?post=33463"}],"curies":[{"name":"wp","href":"https:\/\/api.w.org\/{rel}","templated":true}]}}