{"id":33474,"date":"2023-11-15T13:41:43","date_gmt":"2023-11-15T16:41:43","guid":{"rendered":"https:\/\/maranhaotv.com.br\/?p=33474"},"modified":"2023-11-15T13:41:43","modified_gmt":"2023-11-15T16:41:43","slug":"prefeito-julinho-esclarece-as-diferencas-entre-escola-de-tempo-integral-e-educacao-de-tempo-integral","status":"publish","type":"post","link":"https:\/\/maranhaotv.com.br\/index.php\/2023\/11\/15\/prefeito-julinho-esclarece-as-diferencas-entre-escola-de-tempo-integral-e-educacao-de-tempo-integral\/","title":{"rendered":"Prefeito Julinho esclarece as diferen\u00e7as entre \u201cEscola de Tempo Integral\u201d e \u201cEduca\u00e7\u00e3o de Tempo Integral\u201d<br>"},"content":{"rendered":"\n<p><br><br>VEJA TAMB\u00c9M A NOTA DA FEDERA\u00c7\u00c3O DOS MUNICIPIOS MARANHENSES \u2013 FAMEM<br><br>Escola de Tempo Integral: Conforme o Decreto n\u00ba 7.611\/2011, uma escola de tempo integral implica uma institui\u00e7\u00e3o de ensino em que os alunos permanecem por um per\u00edodo ampliado, usufruindo de atividades educacionais, culturais, esportivas e de lazer, al\u00e9m da carga hor\u00e1ria regular de aulas. A presen\u00e7a prolongada dos alunos na escola \u00e9 fundamental, com o objetivo de proporcionar uma forma\u00e7\u00e3o integral e diversificada.<br>Educa\u00e7\u00e3o de Tempo Integral: De acordo com a Lei n\u00ba 9.394\/1996, a Educa\u00e7\u00e3o de Tempo Integral engloba a matr\u00edcula dos alunos em programas educacionais que garantem uma carga hor\u00e1ria ampliada, sem a necessidade de perman\u00eancia prolongada na escola. Esses programas visam promover o desenvolvimento global dos estudantes por meio de atividades complementares, enriquecendo sua forma\u00e7\u00e3o acad\u00eamica, cultural e social.<br>Ao analisar as legisla\u00e7\u00f5es vigentes, observa-se que a escola de tempo integral se refere mais especificamente \u00e0 estrutura f\u00edsica e \u00e0s atividades oferecidas durante todo o dia letivo, enquanto a educa\u00e7\u00e3o de tempo integral enfatiza a amplia\u00e7\u00e3o da carga hor\u00e1ria sem a obrigatoriedade de perman\u00eancia prolongada na institui\u00e7\u00e3o de ensino.<br>\u00c9 imperativo destacar que a participa\u00e7\u00e3o dos alunos em escolas de tempo integral n\u00e3o \u00e9 um requisito para o munic\u00edpio efetuar a matr\u00edcula em tempo integral.\u00a0<br>At\u00e9 mesmo porque a nova pol\u00edtica do governo federal, liderada pela Secretaria de Educa\u00e7\u00e3o B\u00e1sica (SEB) do MEC, visa especificamente promover a inclus\u00e3o de programas educacionais abrangendo todas as etapas e modalidades da Educa\u00e7\u00e3o B\u00e1sica, alinhando-se com a meta 6 do Plano Nacional de Educa\u00e7\u00e3o 2014-2024 (Lei n\u00ba 13.005\/2014).<br>Com base nesses conceitos, a recente auditoria conduzida pelo Tribunal de Contas do Estado do Maranh\u00e3o (TCE-MA) em diversos munic\u00edpios levantou preocupa\u00e7\u00f5es em rela\u00e7\u00e3o \u00e0 poss\u00edvel confus\u00e3o conceitual entre \u201cEscola de Tempo Integral\u201d e \u201cEduca\u00e7\u00e3o de Tempo Integral\u201d, conforme definido pelas legisla\u00e7\u00f5es em vigor. Tais ambiguidades podem ter influenciado as conclus\u00f5es apresentadas na auditoria, levando a interpreta\u00e7\u00f5es equivocadas das pr\u00e1ticas educacionais implementadas nos munic\u00edpios.<br>A FAMEM v\u00ea com preocupa\u00e7\u00e3o a divulga\u00e7\u00e3o dessas informa\u00e7\u00f5es, sem a devida contextualiza\u00e7\u00e3o e clareza conceitual, pois pode ter inadvertidamente levado a uma percep\u00e7\u00e3o equivocada da efic\u00e1cia das pol\u00edticas educacionais nos munic\u00edpios auditados. A interpreta\u00e7\u00e3o err\u00f4nea dos resultados da auditoria poderia sugerir a ocorr\u00eancia de fraudes ou irregularidades por parte dos gestores, causando danos \u00e0 reputa\u00e7\u00e3o das institui\u00e7\u00f5es de ensino e \u00e0 confian\u00e7a da popula\u00e7\u00e3o.<br>Diante da poss\u00edvel confus\u00e3o conceitual identificada, \u00e9 imperativo que o TCE-MA reveja as conclus\u00f5es da auditoria, levando em considera\u00e7\u00e3o as diferen\u00e7as entre os termos \u201cEscola de Tempo Integral\u201d e \u201cEduca\u00e7\u00e3o de Tempo Integral\u201d, conforme estabelecido pelas legisla\u00e7\u00f5es pertinentes. Essa revis\u00e3o \u00e9 crucial para garantir a justi\u00e7a e a precis\u00e3o na avalia\u00e7\u00e3o das pr\u00e1ticas educacionais dos munic\u00edpios, promovendo uma compreens\u00e3o precisa da implementa\u00e7\u00e3o das pol\u00edticas educacionais em vigor, garantindo transpar\u00eancia e precis\u00e3o nas avalia\u00e7\u00f5es das pol\u00edticas educacionais nos munic\u00edpios do Estado.<\/p>\n\n\n\n<p><div class=\"jetpack-video-wrapper\"><iframe loading=\"lazy\" title=\"Pref. Julinho\" width=\"800\" height=\"450\" src=\"https:\/\/www.youtube.com\/embed\/s3XD5cFE9a8?feature=oembed\" frameborder=\"0\" allow=\"accelerometer; autoplay; clipboard-write; encrypted-media; gyroscope; picture-in-picture; web-share\" referrerpolicy=\"strict-origin-when-cross-origin\" allowfullscreen><\/iframe><\/div><\/p>\n","protected":false},"excerpt":{"rendered":"<p>VEJA TAMB\u00c9M A NOTA DA FEDERA\u00c7\u00c3O DOS MUNICIPIOS MARANHENSES \u2013 FAMEM Escola de Tempo Integral: Conforme o Decreto n\u00ba 7.611\/2011,<\/p>\n","protected":false},"author":2,"featured_media":33473,"comment_status":"open","ping_status":"open","sticky":false,"template":"","format":"standard","meta":{"colormag_page_container_layout":"default_layout","colormag_page_sidebar_layout":"default_layout","_jetpack_memberships_contains_paid_content":false,"footnotes":""},"categories":[2],"tags":[],"class_list":["post-33474","post","type-post","status-publish","format-standard","has-post-thumbnail","hentry","category-noticias"],"magazineBlocksPostFeaturedMedia":{"thumbnail":false,"medium":false,"medium_large":false,"large":false,"1536x1536":false,"2048x2048":false,"colormag-highlighted-post":false,"colormag-featured-post-medium":false,"colormag-featured-post-small":false,"colormag-featured-image":false,"colormag-default-news":false,"colormag-featured-image-large":false},"magazineBlocksPostAuthor":{"name":"maranhaotv","avatar":"https:\/\/secure.gravatar.com\/avatar\/8fadbca458d4cb68b1dd399ae9a40618d747bb1af65ac9fad21c89220a143eb4?s=96&d=mm&r=g"},"magazineBlocksPostCommentsNumber":"0","magazineBlocksPostExcerpt":"VEJA TAMB\u00c9M A NOTA DA FEDERA\u00c7\u00c3O DOS MUNICIPIOS MARANHENSES \u2013 FAMEM Escola de Tempo Integral: Conforme o Decreto n\u00ba 7.611\/2011,","magazineBlocksPostCategories":["not\u00edcias"],"magazineBlocksPostViewCount":311,"magazineBlocksPostReadTime":3,"magazine_blocks_featured_image_url":{"full":false,"medium":false,"thumbnail":false},"magazine_blocks_author":{"display_name":"maranhaotv","author_link":"https:\/\/maranhaotv.com.br\/index.php\/author\/maranhaotv\/"},"magazine_blocks_comment":0,"magazine_blocks_author_image":"https:\/\/secure.gravatar.com\/avatar\/8fadbca458d4cb68b1dd399ae9a40618d747bb1af65ac9fad21c89220a143eb4?s=96&d=mm&r=g","magazine_blocks_category":"<a href=\"#\" class=\"category-link category-link-2\">not\u00edcias<\/a>","yoast_head":"<!-- This site is optimized with the Yoast SEO plugin v27.4 - https:\/\/yoast.com\/product\/yoast-seo-wordpress\/ -->\n<title>Prefeito Julinho esclarece as diferen\u00e7as entre \u201cEscola de Tempo Integral\u201d e \u201cEduca\u00e7\u00e3o de Tempo Integral\u201d - NOT\u00cdCIAS EM TEMPO REAL<\/title>\n<meta name=\"robots\" content=\"index, follow, max-snippet:-1, max-image-preview:large, max-video-preview:-1\" \/>\n<link rel=\"canonical\" href=\"https:\/\/maranhaotv.com.br\/index.php\/2023\/11\/15\/prefeito-julinho-esclarece-as-diferencas-entre-escola-de-tempo-integral-e-educacao-de-tempo-integral\/\" \/>\n<meta property=\"og:locale\" content=\"pt_BR\" \/>\n<meta property=\"og:type\" content=\"article\" \/>\n<meta property=\"og:title\" content=\"Prefeito Julinho esclarece as diferen\u00e7as entre \u201cEscola de Tempo Integral\u201d e \u201cEduca\u00e7\u00e3o de Tempo Integral\u201d - NOT\u00cdCIAS EM TEMPO REAL\" \/>\n<meta property=\"og:description\" content=\"VEJA TAMB\u00c9M A NOTA DA FEDERA\u00c7\u00c3O DOS MUNICIPIOS MARANHENSES \u2013 FAMEM Escola de Tempo Integral: Conforme o Decreto n\u00ba 7.611\/2011,\" \/>\n<meta property=\"og:url\" content=\"https:\/\/maranhaotv.com.br\/index.php\/2023\/11\/15\/prefeito-julinho-esclarece-as-diferencas-entre-escola-de-tempo-integral-e-educacao-de-tempo-integral\/\" \/>\n<meta property=\"og:site_name\" content=\"NOT\u00cdCIAS EM TEMPO REAL\" \/>\n<meta property=\"article:publisher\" content=\"https:\/\/www.facebook.com\/maiobaotv\" \/>\n<meta property=\"article:published_time\" content=\"2023-11-15T16:41:43+00:00\" \/>\n<meta name=\"author\" content=\"maranhaotv\" \/>\n<meta name=\"twitter:card\" content=\"summary_large_image\" \/>\n<meta name=\"twitter:creator\" content=\"@sitemaranhaotv\" \/>\n<meta name=\"twitter:site\" content=\"@sitemaranhaotv\" \/>\n<meta name=\"twitter:label1\" content=\"Escrito por\" \/>\n\t<meta name=\"twitter:data1\" content=\"maranhaotv\" \/>\n\t<meta name=\"twitter:label2\" content=\"Est. tempo de leitura\" \/>\n\t<meta name=\"twitter:data2\" content=\"3 minutos\" \/>\n<script type=\"application\/ld+json\" class=\"yoast-schema-graph\">{\"@context\":\"https:\\\/\\\/schema.org\",\"@graph\":[{\"@type\":\"Article\",\"@id\":\"https:\\\/\\\/maranhaotv.com.br\\\/index.php\\\/2023\\\/11\\\/15\\\/prefeito-julinho-esclarece-as-diferencas-entre-escola-de-tempo-integral-e-educacao-de-tempo-integral\\\/#article\",\"isPartOf\":{\"@id\":\"https:\\\/\\\/maranhaotv.com.br\\\/index.php\\\/2023\\\/11\\\/15\\\/prefeito-julinho-esclarece-as-diferencas-entre-escola-de-tempo-integral-e-educacao-de-tempo-integral\\\/\"},\"author\":{\"name\":\"maranhaotv\",\"@id\":\"https:\\\/\\\/maranhaotv.com.br\\\/#\\\/schema\\\/person\\\/3d54238e86b20bb5c89ab2fdb8f8829a\"},\"headline\":\"Prefeito Julinho esclarece as diferen\u00e7as entre \u201cEscola de Tempo Integral\u201d e \u201cEduca\u00e7\u00e3o de Tempo Integral\u201d\",\"datePublished\":\"2023-11-15T16:41:43+00:00\",\"mainEntityOfPage\":{\"@id\":\"https:\\\/\\\/maranhaotv.com.br\\\/index.php\\\/2023\\\/11\\\/15\\\/prefeito-julinho-esclarece-as-diferencas-entre-escola-de-tempo-integral-e-educacao-de-tempo-integral\\\/\"},\"wordCount\":558,\"commentCount\":0,\"publisher\":{\"@id\":\"https:\\\/\\\/maranhaotv.com.br\\\/#organization\"},\"image\":{\"@id\":\"https:\\\/\\\/maranhaotv.com.br\\\/index.php\\\/2023\\\/11\\\/15\\\/prefeito-julinho-esclarece-as-diferencas-entre-escola-de-tempo-integral-e-educacao-de-tempo-integral\\\/#primaryimage\"},\"thumbnailUrl\":\"\",\"articleSection\":[\"not\u00edcias\"],\"inLanguage\":\"pt-BR\",\"potentialAction\":[{\"@type\":\"CommentAction\",\"name\":\"Comment\",\"target\":[\"https:\\\/\\\/maranhaotv.com.br\\\/index.php\\\/2023\\\/11\\\/15\\\/prefeito-julinho-esclarece-as-diferencas-entre-escola-de-tempo-integral-e-educacao-de-tempo-integral\\\/#respond\"]}]},{\"@type\":\"WebPage\",\"@id\":\"https:\\\/\\\/maranhaotv.com.br\\\/index.php\\\/2023\\\/11\\\/15\\\/prefeito-julinho-esclarece-as-diferencas-entre-escola-de-tempo-integral-e-educacao-de-tempo-integral\\\/\",\"url\":\"https:\\\/\\\/maranhaotv.com.br\\\/index.php\\\/2023\\\/11\\\/15\\\/prefeito-julinho-esclarece-as-diferencas-entre-escola-de-tempo-integral-e-educacao-de-tempo-integral\\\/\",\"name\":\"Prefeito Julinho esclarece as diferen\u00e7as entre \u201cEscola de Tempo Integral\u201d e \u201cEduca\u00e7\u00e3o de Tempo Integral\u201d - NOT\u00cdCIAS EM TEMPO REAL\",\"isPartOf\":{\"@id\":\"https:\\\/\\\/maranhaotv.com.br\\\/#website\"},\"primaryImageOfPage\":{\"@id\":\"https:\\\/\\\/maranhaotv.com.br\\\/index.php\\\/2023\\\/11\\\/15\\\/prefeito-julinho-esclarece-as-diferencas-entre-escola-de-tempo-integral-e-educacao-de-tempo-integral\\\/#primaryimage\"},\"image\":{\"@id\":\"https:\\\/\\\/maranhaotv.com.br\\\/index.php\\\/2023\\\/11\\\/15\\\/prefeito-julinho-esclarece-as-diferencas-entre-escola-de-tempo-integral-e-educacao-de-tempo-integral\\\/#primaryimage\"},\"thumbnailUrl\":\"\",\"datePublished\":\"2023-11-15T16:41:43+00:00\",\"breadcrumb\":{\"@id\":\"https:\\\/\\\/maranhaotv.com.br\\\/index.php\\\/2023\\\/11\\\/15\\\/prefeito-julinho-esclarece-as-diferencas-entre-escola-de-tempo-integral-e-educacao-de-tempo-integral\\\/#breadcrumb\"},\"inLanguage\":\"pt-BR\",\"potentialAction\":[{\"@type\":\"ReadAction\",\"target\":[\"https:\\\/\\\/maranhaotv.com.br\\\/index.php\\\/2023\\\/11\\\/15\\\/prefeito-julinho-esclarece-as-diferencas-entre-escola-de-tempo-integral-e-educacao-de-tempo-integral\\\/\"]}]},{\"@type\":\"ImageObject\",\"inLanguage\":\"pt-BR\",\"@id\":\"https:\\\/\\\/maranhaotv.com.br\\\/index.php\\\/2023\\\/11\\\/15\\\/prefeito-julinho-esclarece-as-diferencas-entre-escola-de-tempo-integral-e-educacao-de-tempo-integral\\\/#primaryimage\",\"url\":\"\",\"contentUrl\":\"\"},{\"@type\":\"BreadcrumbList\",\"@id\":\"https:\\\/\\\/maranhaotv.com.br\\\/index.php\\\/2023\\\/11\\\/15\\\/prefeito-julinho-esclarece-as-diferencas-entre-escola-de-tempo-integral-e-educacao-de-tempo-integral\\\/#breadcrumb\",\"itemListElement\":[{\"@type\":\"ListItem\",\"position\":1,\"name\":\"In\u00edcio\",\"item\":\"https:\\\/\\\/maranhaotv.com.br\\\/\"},{\"@type\":\"ListItem\",\"position\":2,\"name\":\"Prefeito Julinho esclarece as diferen\u00e7as entre \u201cEscola de Tempo Integral\u201d e \u201cEduca\u00e7\u00e3o de Tempo Integral\u201d\"}]},{\"@type\":\"WebSite\",\"@id\":\"https:\\\/\\\/maranhaotv.com.br\\\/#website\",\"url\":\"https:\\\/\\\/maranhaotv.com.br\\\/\",\"name\":\"Maranh\u00e3oTV\",\"description\":\"\",\"publisher\":{\"@id\":\"https:\\\/\\\/maranhaotv.com.br\\\/#organization\"},\"potentialAction\":[{\"@type\":\"SearchAction\",\"target\":{\"@type\":\"EntryPoint\",\"urlTemplate\":\"https:\\\/\\\/maranhaotv.com.br\\\/?s={search_term_string}\"},\"query-input\":{\"@type\":\"PropertyValueSpecification\",\"valueRequired\":true,\"valueName\":\"search_term_string\"}}],\"inLanguage\":\"pt-BR\"},{\"@type\":\"Organization\",\"@id\":\"https:\\\/\\\/maranhaotv.com.br\\\/#organization\",\"name\":\"Portal de Not\u00edcias\",\"url\":\"https:\\\/\\\/maranhaotv.com.br\\\/\",\"logo\":{\"@type\":\"ImageObject\",\"inLanguage\":\"pt-BR\",\"@id\":\"https:\\\/\\\/maranhaotv.com.br\\\/#\\\/schema\\\/logo\\\/image\\\/\",\"url\":\"https:\\\/\\\/maranhaotv.com.br\\\/wp-content\\\/uploads\\\/2024\\\/05\\\/cropped-cropped-avatar-1.png\",\"contentUrl\":\"https:\\\/\\\/maranhaotv.com.br\\\/wp-content\\\/uploads\\\/2024\\\/05\\\/cropped-cropped-avatar-1.png\",\"width\":792,\"height\":428,\"caption\":\"Portal de Not\u00edcias\"},\"image\":{\"@id\":\"https:\\\/\\\/maranhaotv.com.br\\\/#\\\/schema\\\/logo\\\/image\\\/\"},\"sameAs\":[\"https:\\\/\\\/www.facebook.com\\\/maiobaotv\",\"https:\\\/\\\/x.com\\\/sitemaranhaotv\",\"https:\\\/\\\/www.instagram.com\\\/maranhao.tv\",\"https:\\\/\\\/www.threads.net\\\/@maranhao.tv\"]},{\"@type\":\"Person\",\"@id\":\"https:\\\/\\\/maranhaotv.com.br\\\/#\\\/schema\\\/person\\\/3d54238e86b20bb5c89ab2fdb8f8829a\",\"name\":\"maranhaotv\",\"image\":{\"@type\":\"ImageObject\",\"inLanguage\":\"pt-BR\",\"@id\":\"https:\\\/\\\/secure.gravatar.com\\\/avatar\\\/8fadbca458d4cb68b1dd399ae9a40618d747bb1af65ac9fad21c89220a143eb4?s=96&d=mm&r=g\",\"url\":\"https:\\\/\\\/secure.gravatar.com\\\/avatar\\\/8fadbca458d4cb68b1dd399ae9a40618d747bb1af65ac9fad21c89220a143eb4?s=96&d=mm&r=g\",\"contentUrl\":\"https:\\\/\\\/secure.gravatar.com\\\/avatar\\\/8fadbca458d4cb68b1dd399ae9a40618d747bb1af65ac9fad21c89220a143eb4?s=96&d=mm&r=g\",\"caption\":\"maranhaotv\"},\"sameAs\":[\"https:\\\/\\\/maranhaotv.com.br\\\/\"],\"url\":\"https:\\\/\\\/maranhaotv.com.br\\\/index.php\\\/author\\\/maranhaotv\\\/\"}]}<\/script>\n<!-- \/ Yoast SEO plugin. -->","yoast_head_json":{"title":"Prefeito Julinho esclarece as diferen\u00e7as entre \u201cEscola de Tempo Integral\u201d e \u201cEduca\u00e7\u00e3o de Tempo Integral\u201d - NOT\u00cdCIAS EM TEMPO REAL","robots":{"index":"index","follow":"follow","max-snippet":"max-snippet:-1","max-image-preview":"max-image-preview:large","max-video-preview":"max-video-preview:-1"},"canonical":"https:\/\/maranhaotv.com.br\/index.php\/2023\/11\/15\/prefeito-julinho-esclarece-as-diferencas-entre-escola-de-tempo-integral-e-educacao-de-tempo-integral\/","og_locale":"pt_BR","og_type":"article","og_title":"Prefeito Julinho esclarece as diferen\u00e7as entre \u201cEscola de Tempo Integral\u201d e \u201cEduca\u00e7\u00e3o de Tempo Integral\u201d - NOT\u00cdCIAS EM TEMPO REAL","og_description":"VEJA TAMB\u00c9M A NOTA DA FEDERA\u00c7\u00c3O DOS MUNICIPIOS MARANHENSES \u2013 FAMEM Escola de Tempo Integral: Conforme o Decreto n\u00ba 7.611\/2011,","og_url":"https:\/\/maranhaotv.com.br\/index.php\/2023\/11\/15\/prefeito-julinho-esclarece-as-diferencas-entre-escola-de-tempo-integral-e-educacao-de-tempo-integral\/","og_site_name":"NOT\u00cdCIAS EM TEMPO REAL","article_publisher":"https:\/\/www.facebook.com\/maiobaotv","article_published_time":"2023-11-15T16:41:43+00:00","author":"maranhaotv","twitter_card":"summary_large_image","twitter_creator":"@sitemaranhaotv","twitter_site":"@sitemaranhaotv","twitter_misc":{"Escrito por":"maranhaotv","Est. tempo de leitura":"3 minutos"},"schema":{"@context":"https:\/\/schema.org","@graph":[{"@type":"Article","@id":"https:\/\/maranhaotv.com.br\/index.php\/2023\/11\/15\/prefeito-julinho-esclarece-as-diferencas-entre-escola-de-tempo-integral-e-educacao-de-tempo-integral\/#article","isPartOf":{"@id":"https:\/\/maranhaotv.com.br\/index.php\/2023\/11\/15\/prefeito-julinho-esclarece-as-diferencas-entre-escola-de-tempo-integral-e-educacao-de-tempo-integral\/"},"author":{"name":"maranhaotv","@id":"https:\/\/maranhaotv.com.br\/#\/schema\/person\/3d54238e86b20bb5c89ab2fdb8f8829a"},"headline":"Prefeito Julinho esclarece as diferen\u00e7as entre \u201cEscola de Tempo Integral\u201d e \u201cEduca\u00e7\u00e3o de Tempo Integral\u201d","datePublished":"2023-11-15T16:41:43+00:00","mainEntityOfPage":{"@id":"https:\/\/maranhaotv.com.br\/index.php\/2023\/11\/15\/prefeito-julinho-esclarece-as-diferencas-entre-escola-de-tempo-integral-e-educacao-de-tempo-integral\/"},"wordCount":558,"commentCount":0,"publisher":{"@id":"https:\/\/maranhaotv.com.br\/#organization"},"image":{"@id":"https:\/\/maranhaotv.com.br\/index.php\/2023\/11\/15\/prefeito-julinho-esclarece-as-diferencas-entre-escola-de-tempo-integral-e-educacao-de-tempo-integral\/#primaryimage"},"thumbnailUrl":"","articleSection":["not\u00edcias"],"inLanguage":"pt-BR","potentialAction":[{"@type":"CommentAction","name":"Comment","target":["https:\/\/maranhaotv.com.br\/index.php\/2023\/11\/15\/prefeito-julinho-esclarece-as-diferencas-entre-escola-de-tempo-integral-e-educacao-de-tempo-integral\/#respond"]}]},{"@type":"WebPage","@id":"https:\/\/maranhaotv.com.br\/index.php\/2023\/11\/15\/prefeito-julinho-esclarece-as-diferencas-entre-escola-de-tempo-integral-e-educacao-de-tempo-integral\/","url":"https:\/\/maranhaotv.com.br\/index.php\/2023\/11\/15\/prefeito-julinho-esclarece-as-diferencas-entre-escola-de-tempo-integral-e-educacao-de-tempo-integral\/","name":"Prefeito Julinho esclarece as diferen\u00e7as entre \u201cEscola de Tempo Integral\u201d e \u201cEduca\u00e7\u00e3o de Tempo Integral\u201d - NOT\u00cdCIAS EM TEMPO REAL","isPartOf":{"@id":"https:\/\/maranhaotv.com.br\/#website"},"primaryImageOfPage":{"@id":"https:\/\/maranhaotv.com.br\/index.php\/2023\/11\/15\/prefeito-julinho-esclarece-as-diferencas-entre-escola-de-tempo-integral-e-educacao-de-tempo-integral\/#primaryimage"},"image":{"@id":"https:\/\/maranhaotv.com.br\/index.php\/2023\/11\/15\/prefeito-julinho-esclarece-as-diferencas-entre-escola-de-tempo-integral-e-educacao-de-tempo-integral\/#primaryimage"},"thumbnailUrl":"","datePublished":"2023-11-15T16:41:43+00:00","breadcrumb":{"@id":"https:\/\/maranhaotv.com.br\/index.php\/2023\/11\/15\/prefeito-julinho-esclarece-as-diferencas-entre-escola-de-tempo-integral-e-educacao-de-tempo-integral\/#breadcrumb"},"inLanguage":"pt-BR","potentialAction":[{"@type":"ReadAction","target":["https:\/\/maranhaotv.com.br\/index.php\/2023\/11\/15\/prefeito-julinho-esclarece-as-diferencas-entre-escola-de-tempo-integral-e-educacao-de-tempo-integral\/"]}]},{"@type":"ImageObject","inLanguage":"pt-BR","@id":"https:\/\/maranhaotv.com.br\/index.php\/2023\/11\/15\/prefeito-julinho-esclarece-as-diferencas-entre-escola-de-tempo-integral-e-educacao-de-tempo-integral\/#primaryimage","url":"","contentUrl":""},{"@type":"BreadcrumbList","@id":"https:\/\/maranhaotv.com.br\/index.php\/2023\/11\/15\/prefeito-julinho-esclarece-as-diferencas-entre-escola-de-tempo-integral-e-educacao-de-tempo-integral\/#breadcrumb","itemListElement":[{"@type":"ListItem","position":1,"name":"In\u00edcio","item":"https:\/\/maranhaotv.com.br\/"},{"@type":"ListItem","position":2,"name":"Prefeito Julinho esclarece as diferen\u00e7as entre \u201cEscola de Tempo Integral\u201d e \u201cEduca\u00e7\u00e3o de Tempo Integral\u201d"}]},{"@type":"WebSite","@id":"https:\/\/maranhaotv.com.br\/#website","url":"https:\/\/maranhaotv.com.br\/","name":"Maranh\u00e3oTV","description":"","publisher":{"@id":"https:\/\/maranhaotv.com.br\/#organization"},"potentialAction":[{"@type":"SearchAction","target":{"@type":"EntryPoint","urlTemplate":"https:\/\/maranhaotv.com.br\/?s={search_term_string}"},"query-input":{"@type":"PropertyValueSpecification","valueRequired":true,"valueName":"search_term_string"}}],"inLanguage":"pt-BR"},{"@type":"Organization","@id":"https:\/\/maranhaotv.com.br\/#organization","name":"Portal de Not\u00edcias","url":"https:\/\/maranhaotv.com.br\/","logo":{"@type":"ImageObject","inLanguage":"pt-BR","@id":"https:\/\/maranhaotv.com.br\/#\/schema\/logo\/image\/","url":"https:\/\/maranhaotv.com.br\/wp-content\/uploads\/2024\/05\/cropped-cropped-avatar-1.png","contentUrl":"https:\/\/maranhaotv.com.br\/wp-content\/uploads\/2024\/05\/cropped-cropped-avatar-1.png","width":792,"height":428,"caption":"Portal de Not\u00edcias"},"image":{"@id":"https:\/\/maranhaotv.com.br\/#\/schema\/logo\/image\/"},"sameAs":["https:\/\/www.facebook.com\/maiobaotv","https:\/\/x.com\/sitemaranhaotv","https:\/\/www.instagram.com\/maranhao.tv","https:\/\/www.threads.net\/@maranhao.tv"]},{"@type":"Person","@id":"https:\/\/maranhaotv.com.br\/#\/schema\/person\/3d54238e86b20bb5c89ab2fdb8f8829a","name":"maranhaotv","image":{"@type":"ImageObject","inLanguage":"pt-BR","@id":"https:\/\/secure.gravatar.com\/avatar\/8fadbca458d4cb68b1dd399ae9a40618d747bb1af65ac9fad21c89220a143eb4?s=96&d=mm&r=g","url":"https:\/\/secure.gravatar.com\/avatar\/8fadbca458d4cb68b1dd399ae9a40618d747bb1af65ac9fad21c89220a143eb4?s=96&d=mm&r=g","contentUrl":"https:\/\/secure.gravatar.com\/avatar\/8fadbca458d4cb68b1dd399ae9a40618d747bb1af65ac9fad21c89220a143eb4?s=96&d=mm&r=g","caption":"maranhaotv"},"sameAs":["https:\/\/maranhaotv.com.br\/"],"url":"https:\/\/maranhaotv.com.br\/index.php\/author\/maranhaotv\/"}]}},"jetpack_featured_media_url":"","jetpack_sharing_enabled":true,"_links":{"self":[{"href":"https:\/\/maranhaotv.com.br\/index.php\/wp-json\/wp\/v2\/posts\/33474","targetHints":{"allow":["GET"]}}],"collection":[{"href":"https:\/\/maranhaotv.com.br\/index.php\/wp-json\/wp\/v2\/posts"}],"about":[{"href":"https:\/\/maranhaotv.com.br\/index.php\/wp-json\/wp\/v2\/types\/post"}],"author":[{"embeddable":true,"href":"https:\/\/maranhaotv.com.br\/index.php\/wp-json\/wp\/v2\/users\/2"}],"replies":[{"embeddable":true,"href":"https:\/\/maranhaotv.com.br\/index.php\/wp-json\/wp\/v2\/comments?post=33474"}],"version-history":[{"count":0,"href":"https:\/\/maranhaotv.com.br\/index.php\/wp-json\/wp\/v2\/posts\/33474\/revisions"}],"wp:featuredmedia":[{"embeddable":true,"href":"https:\/\/maranhaotv.com.br\/index.php\/wp-json\/"}],"wp:attachment":[{"href":"https:\/\/maranhaotv.com.br\/index.php\/wp-json\/wp\/v2\/media?parent=33474"}],"wp:term":[{"taxonomy":"category","embeddable":true,"href":"https:\/\/maranhaotv.com.br\/index.php\/wp-json\/wp\/v2\/categories?post=33474"},{"taxonomy":"post_tag","embeddable":true,"href":"https:\/\/maranhaotv.com.br\/index.php\/wp-json\/wp\/v2\/tags?post=33474"}],"curies":[{"name":"wp","href":"https:\/\/api.w.org\/{rel}","templated":true}]}}