{"id":33484,"date":"2023-11-16T15:49:22","date_gmt":"2023-11-16T18:49:22","guid":{"rendered":"https:\/\/maranhaotv.com.br\/?p=33484"},"modified":"2023-11-16T15:49:22","modified_gmt":"2023-11-16T18:49:22","slug":"carlos-lula-e-demais-deputados-saem-em-defesa-do-ministro-flavio-dino-e-denunciam-falsa-narrativa","status":"publish","type":"post","link":"https:\/\/maranhaotv.com.br\/index.php\/2023\/11\/16\/carlos-lula-e-demais-deputados-saem-em-defesa-do-ministro-flavio-dino-e-denunciam-falsa-narrativa\/","title":{"rendered":"Carlos Lula e demais deputados saem em defesa do ministro Fl\u00e1vio Dino e denunciam falsa narrativa<br>"},"content":{"rendered":"\n<p><br><br>Nos \u00faltimos dias, o ministro da Justi\u00e7a e Seguran\u00e7a P\u00fablica, Fl\u00e1vio Dino, tem sido v\u00edtima de falsas not\u00edcias, entre elas, a que teria recebido Luciane Barbosa Farias, esposa de um l\u00edder do Comando Vermelho no Amazonas, em seu Minist\u00e9rio. Na Assembleia Legislativa do Maranh\u00e3o, os deputados condenaram os ataques coordenados contra o ministro por ve\u00edculos de imprensa nacional e pol\u00edticos de oposi\u00e7\u00e3o ao governo Lula.<br><br>\u201cNo dia 14 de mar\u00e7o, o senhor Elias Vaz, que \u00e9 Secret\u00e1rio do Minist\u00e9rio da Justi\u00e7a, recebeu, em audi\u00eancia, a senhora Janira Rocha, que \u00e9 ex-deputada do Rio de Janeiro e vice-Presidente da Comiss\u00e3o de Penitenci\u00e1rios da Anacrim do Rio de Janeiro. Ela foi recebida como qualquer um que j\u00e1 exerceu cargo executivo, assim como recebemos em nossos gabinetes. Por\u00e9m, ela estava acompanhada de outras pessoas, dentre as quais uma que havia sido condenada, que seria esposa de um cidad\u00e3o chamado \u2018Tio Patinhas\u2019\u201d, esclareceu. <br><br>O parlamentar pontuou a necessidade de melhorar o protocolo de seguran\u00e7a do Minist\u00e9rio da Justi\u00e7a e refor\u00e7ou que n\u00e3o era do conhecimento do ministro Fl\u00e1vio Dino a reuni\u00e3o e seus participantes.  <br><br>\u201cJamais houve qualquer tipo de anu\u00eancia por parte do Minist\u00e9rio da Justi\u00e7a com qualquer tipo de criminoso. Tenta-se vender uma falsa narrativa de que haveria um conluio entre o Minist\u00e9rio da Justi\u00e7a e fac\u00e7\u00f5es criminosas no Brasil. Eu preciso dizer, quem est\u00e1 hoje \u00e0 frente do Minist\u00e9rio da Justi\u00e7a, assim quem assessora, s\u00e3o pessoas s\u00e9rias, pessoas que est\u00e3o fazendo um trabalho s\u00e9rio e firme no combate ao crime organizado\u201d, destacou Carlos Lula. <br><br>Ap\u00f3s o discurso, diversos parlamentares tamb\u00e9m se pronunciaram em apoio ao ministro, ressaltando sua integridade e comprometimento com a \u00e1rea das pol\u00edticas de seguran\u00e7a p\u00fablica.<br><br>\u201cEu gostaria de destacar a import\u00e2ncia de Carlos Lula usar a tribuna para que a gente se una com as informa\u00e7\u00f5es corretas, porque, realmente, \u00e9 um crime o que est\u00e3o cometendo com o nosso senador, hoje ministro da Justi\u00e7a, que tem feito um grande trabalho, que tem realmente incomodado o crime organizado. \u00c9 necess\u00e1rio frisar todo o trabalho que Fl\u00e1vio Dino tem feito no pa\u00eds inteiro, com apreens\u00f5es de grandes quantidades de drogas, coisa nunca vista no Brasil\u201d, ressaltou a deputada Ana do G\u00e1s (PCdoB).<br> <br>\u201cO que houve foi o Requerimento, a partir da Associa\u00e7\u00e3o Nacional da Advocacia Criminal Fluminense, feito por uma ex-deputada estadual que representa esta entidade. Ela foi recebida por um secret\u00e1rio da pasta. Esse secret\u00e1rio recebeu esta entidade, n\u00e3o a tal mulher do tr\u00e1fico. Por isso mesmo, n\u00e3o foi poss\u00edvel barrar a sua entrada no Minist\u00e9rio da Justi\u00e7a\u201d, explicou o deputado estadual e vice-presidente da Assembleia Legislativa, Rodrigo Lago (PCdoB). <br> <br>\u201c\u00c0s vezes, mesmo dentro da Assembleia, a gente termina recebendo figuras indesejadas em fun\u00e7\u00e3o de ser um espa\u00e7o p\u00fablico. Ent\u00e3o, para mim, come\u00e7a o absurdo da\u00ed. E a maior defesa que se pode fazer em rela\u00e7\u00e3o a isso \u00e9 na hist\u00f3ria do pr\u00f3prio senador Fl\u00e1vio Dino, do nosso ministro da Justi\u00e7a, que sempre deixou muito claro, a quest\u00e3o do combate \u00e0 corrup\u00e7\u00e3o e a criminalidade\u201d, afirmou o deputado Roberto Costa (MDB).<br><br>\u201cCada um vive da sua hist\u00f3ria constru\u00edda ao longo dos anos e o Fl\u00e1vio Dino tem uma hist\u00f3ria que \u00e9 reconhecida n\u00e3o s\u00f3 por n\u00f3s, maranhenses, mas hoje, por todos os brasileiros como uma pessoa de bem, honesta e que luta pelos direitos, um combatente do crime. Ent\u00e3o, discordar politicamente das atitudes, das a\u00e7\u00f5es do ex-governador Fl\u00e1vio Dino, at\u00e9 que \u00e9 compreens\u00edvel, mas fazer rela\u00e7\u00e3o com cometimento de crime, \u00e9 um verdadeiro absurdo\u201d, avaliou o deputado estadual Z\u00e9 In\u00e1cio (PT).<br><br>\u201cTamb\u00e9m me solidarizo com o ministro Fl\u00e1vio Dino, quando se busca esse tipo de for\u00e7a\u00e7\u00e3o de barra \u00e9 um indicativo muito claro que n\u00e3o existe nada que desabone a conduta p\u00fablica do ministro Fl\u00e1vio Dino. E isso tamb\u00e9m serve de alerta para a classe pol\u00edtica, porque esse tipo de manipula\u00e7\u00e3o, esse tipo de desonestidade intelectual, todos n\u00f3s estamos sujeitos\u201d, pontuou o deputado Ricardo Arruda (MDB).<br><br>*Requerimento*<br><br>Durante a sess\u00e3o desta quinta-feira (16), a Assembleia Legislativa aprovou o requerimento n\u00ba 479\/2023, de autoria dos deputados Carlos Lula, Rodrigo Lago, J\u00falio Mendon\u00e7a e Z\u00e9 In\u00e1cio, solicitando que sejam expressos votos de congratula\u00e7\u00f5es ao ministro da Justi\u00e7a e Seguran\u00e7a P\u00fablica, Fl\u00e1vio Dino, pelo excelente trabalho que vem desenvolvendo na pasta e de rep\u00fadio contra as falsas not\u00edcias e injustos ataques\u00a0\u00e0\u00a0sua\u00a0honra.<\/p>\n","protected":false},"excerpt":{"rendered":"<p>Nos \u00faltimos dias, o ministro da Justi\u00e7a e Seguran\u00e7a P\u00fablica, Fl\u00e1vio Dino, tem sido v\u00edtima de falsas not\u00edcias, entre elas,<\/p>\n","protected":false},"author":2,"featured_media":33483,"comment_status":"open","ping_status":"open","sticky":false,"template":"","format":"standard","meta":{"colormag_page_container_layout":"default_layout","colormag_page_sidebar_layout":"default_layout","_jetpack_memberships_contains_paid_content":false,"footnotes":""},"categories":[6],"tags":[256],"class_list":["post-33484","post","type-post","status-publish","format-standard","has-post-thumbnail","hentry","category-politica","tag-carlos-lula"],"magazineBlocksPostFeaturedMedia":{"thumbnail":false,"medium":false,"medium_large":false,"large":false,"1536x1536":false,"2048x2048":false,"colormag-highlighted-post":false,"colormag-featured-post-medium":false,"colormag-featured-post-small":false,"colormag-featured-image":false,"colormag-default-news":false,"colormag-featured-image-large":false},"magazineBlocksPostAuthor":{"name":"maranhaotv","avatar":"https:\/\/secure.gravatar.com\/avatar\/8fadbca458d4cb68b1dd399ae9a40618d747bb1af65ac9fad21c89220a143eb4?s=96&d=mm&r=g"},"magazineBlocksPostCommentsNumber":"0","magazineBlocksPostExcerpt":"Nos \u00faltimos dias, o ministro da Justi\u00e7a e Seguran\u00e7a P\u00fablica, Fl\u00e1vio Dino, tem sido v\u00edtima de falsas not\u00edcias, entre elas,","magazineBlocksPostCategories":["pol\u00edtica"],"magazineBlocksPostViewCount":166,"magazineBlocksPostReadTime":5,"magazine_blocks_featured_image_url":{"full":false,"medium":false,"thumbnail":false},"magazine_blocks_author":{"display_name":"maranhaotv","author_link":"https:\/\/maranhaotv.com.br\/index.php\/author\/maranhaotv\/"},"magazine_blocks_comment":0,"magazine_blocks_author_image":"https:\/\/secure.gravatar.com\/avatar\/8fadbca458d4cb68b1dd399ae9a40618d747bb1af65ac9fad21c89220a143eb4?s=96&d=mm&r=g","magazine_blocks_category":"<a href=\"#\" class=\"category-link category-link-6\">pol\u00edtica<\/a>","yoast_head":"<!-- This site is optimized with the Yoast SEO plugin v27.4 - https:\/\/yoast.com\/product\/yoast-seo-wordpress\/ -->\n<title>Carlos Lula e demais deputados saem em defesa do ministro Fl\u00e1vio Dino e denunciam falsa narrativa - NOT\u00cdCIAS EM TEMPO REAL<\/title>\n<meta name=\"robots\" content=\"index, follow, max-snippet:-1, max-image-preview:large, max-video-preview:-1\" \/>\n<link rel=\"canonical\" href=\"https:\/\/maranhaotv.com.br\/index.php\/2023\/11\/16\/carlos-lula-e-demais-deputados-saem-em-defesa-do-ministro-flavio-dino-e-denunciam-falsa-narrativa\/\" \/>\n<meta property=\"og:locale\" content=\"pt_BR\" \/>\n<meta property=\"og:type\" content=\"article\" \/>\n<meta property=\"og:title\" content=\"Carlos Lula e demais deputados saem em defesa do ministro Fl\u00e1vio Dino e denunciam falsa narrativa - NOT\u00cdCIAS EM TEMPO REAL\" \/>\n<meta property=\"og:description\" content=\"Nos \u00faltimos dias, o ministro da Justi\u00e7a e Seguran\u00e7a P\u00fablica, Fl\u00e1vio Dino, tem sido v\u00edtima de falsas not\u00edcias, entre elas,\" \/>\n<meta property=\"og:url\" content=\"https:\/\/maranhaotv.com.br\/index.php\/2023\/11\/16\/carlos-lula-e-demais-deputados-saem-em-defesa-do-ministro-flavio-dino-e-denunciam-falsa-narrativa\/\" \/>\n<meta property=\"og:site_name\" content=\"NOT\u00cdCIAS EM TEMPO REAL\" \/>\n<meta property=\"article:publisher\" content=\"https:\/\/www.facebook.com\/maiobaotv\" \/>\n<meta property=\"article:published_time\" content=\"2023-11-16T18:49:22+00:00\" \/>\n<meta name=\"author\" content=\"maranhaotv\" \/>\n<meta name=\"twitter:card\" content=\"summary_large_image\" \/>\n<meta name=\"twitter:creator\" content=\"@sitemaranhaotv\" \/>\n<meta name=\"twitter:site\" content=\"@sitemaranhaotv\" \/>\n<meta name=\"twitter:label1\" content=\"Escrito por\" \/>\n\t<meta name=\"twitter:data1\" content=\"maranhaotv\" \/>\n\t<meta name=\"twitter:label2\" content=\"Est. tempo de leitura\" \/>\n\t<meta name=\"twitter:data2\" content=\"4 minutos\" \/>\n<script type=\"application\/ld+json\" class=\"yoast-schema-graph\">{\"@context\":\"https:\\\/\\\/schema.org\",\"@graph\":[{\"@type\":\"Article\",\"@id\":\"https:\\\/\\\/maranhaotv.com.br\\\/index.php\\\/2023\\\/11\\\/16\\\/carlos-lula-e-demais-deputados-saem-em-defesa-do-ministro-flavio-dino-e-denunciam-falsa-narrativa\\\/#article\",\"isPartOf\":{\"@id\":\"https:\\\/\\\/maranhaotv.com.br\\\/index.php\\\/2023\\\/11\\\/16\\\/carlos-lula-e-demais-deputados-saem-em-defesa-do-ministro-flavio-dino-e-denunciam-falsa-narrativa\\\/\"},\"author\":{\"name\":\"maranhaotv\",\"@id\":\"https:\\\/\\\/maranhaotv.com.br\\\/#\\\/schema\\\/person\\\/3d54238e86b20bb5c89ab2fdb8f8829a\"},\"headline\":\"Carlos Lula e demais deputados saem em defesa do ministro Fl\u00e1vio Dino e denunciam falsa narrativa\",\"datePublished\":\"2023-11-16T18:49:22+00:00\",\"mainEntityOfPage\":{\"@id\":\"https:\\\/\\\/maranhaotv.com.br\\\/index.php\\\/2023\\\/11\\\/16\\\/carlos-lula-e-demais-deputados-saem-em-defesa-do-ministro-flavio-dino-e-denunciam-falsa-narrativa\\\/\"},\"wordCount\":823,\"commentCount\":0,\"publisher\":{\"@id\":\"https:\\\/\\\/maranhaotv.com.br\\\/#organization\"},\"image\":{\"@id\":\"https:\\\/\\\/maranhaotv.com.br\\\/index.php\\\/2023\\\/11\\\/16\\\/carlos-lula-e-demais-deputados-saem-em-defesa-do-ministro-flavio-dino-e-denunciam-falsa-narrativa\\\/#primaryimage\"},\"thumbnailUrl\":\"\",\"keywords\":[\"Carlos Lula\"],\"articleSection\":[\"pol\u00edtica\"],\"inLanguage\":\"pt-BR\",\"potentialAction\":[{\"@type\":\"CommentAction\",\"name\":\"Comment\",\"target\":[\"https:\\\/\\\/maranhaotv.com.br\\\/index.php\\\/2023\\\/11\\\/16\\\/carlos-lula-e-demais-deputados-saem-em-defesa-do-ministro-flavio-dino-e-denunciam-falsa-narrativa\\\/#respond\"]}]},{\"@type\":\"WebPage\",\"@id\":\"https:\\\/\\\/maranhaotv.com.br\\\/index.php\\\/2023\\\/11\\\/16\\\/carlos-lula-e-demais-deputados-saem-em-defesa-do-ministro-flavio-dino-e-denunciam-falsa-narrativa\\\/\",\"url\":\"https:\\\/\\\/maranhaotv.com.br\\\/index.php\\\/2023\\\/11\\\/16\\\/carlos-lula-e-demais-deputados-saem-em-defesa-do-ministro-flavio-dino-e-denunciam-falsa-narrativa\\\/\",\"name\":\"Carlos Lula e demais deputados saem em defesa do ministro Fl\u00e1vio Dino e denunciam falsa narrativa - NOT\u00cdCIAS EM TEMPO REAL\",\"isPartOf\":{\"@id\":\"https:\\\/\\\/maranhaotv.com.br\\\/#website\"},\"primaryImageOfPage\":{\"@id\":\"https:\\\/\\\/maranhaotv.com.br\\\/index.php\\\/2023\\\/11\\\/16\\\/carlos-lula-e-demais-deputados-saem-em-defesa-do-ministro-flavio-dino-e-denunciam-falsa-narrativa\\\/#primaryimage\"},\"image\":{\"@id\":\"https:\\\/\\\/maranhaotv.com.br\\\/index.php\\\/2023\\\/11\\\/16\\\/carlos-lula-e-demais-deputados-saem-em-defesa-do-ministro-flavio-dino-e-denunciam-falsa-narrativa\\\/#primaryimage\"},\"thumbnailUrl\":\"\",\"datePublished\":\"2023-11-16T18:49:22+00:00\",\"breadcrumb\":{\"@id\":\"https:\\\/\\\/maranhaotv.com.br\\\/index.php\\\/2023\\\/11\\\/16\\\/carlos-lula-e-demais-deputados-saem-em-defesa-do-ministro-flavio-dino-e-denunciam-falsa-narrativa\\\/#breadcrumb\"},\"inLanguage\":\"pt-BR\",\"potentialAction\":[{\"@type\":\"ReadAction\",\"target\":[\"https:\\\/\\\/maranhaotv.com.br\\\/index.php\\\/2023\\\/11\\\/16\\\/carlos-lula-e-demais-deputados-saem-em-defesa-do-ministro-flavio-dino-e-denunciam-falsa-narrativa\\\/\"]}]},{\"@type\":\"ImageObject\",\"inLanguage\":\"pt-BR\",\"@id\":\"https:\\\/\\\/maranhaotv.com.br\\\/index.php\\\/2023\\\/11\\\/16\\\/carlos-lula-e-demais-deputados-saem-em-defesa-do-ministro-flavio-dino-e-denunciam-falsa-narrativa\\\/#primaryimage\",\"url\":\"\",\"contentUrl\":\"\"},{\"@type\":\"BreadcrumbList\",\"@id\":\"https:\\\/\\\/maranhaotv.com.br\\\/index.php\\\/2023\\\/11\\\/16\\\/carlos-lula-e-demais-deputados-saem-em-defesa-do-ministro-flavio-dino-e-denunciam-falsa-narrativa\\\/#breadcrumb\",\"itemListElement\":[{\"@type\":\"ListItem\",\"position\":1,\"name\":\"In\u00edcio\",\"item\":\"https:\\\/\\\/maranhaotv.com.br\\\/\"},{\"@type\":\"ListItem\",\"position\":2,\"name\":\"Carlos Lula e demais deputados saem em defesa do ministro Fl\u00e1vio Dino e denunciam falsa narrativa\"}]},{\"@type\":\"WebSite\",\"@id\":\"https:\\\/\\\/maranhaotv.com.br\\\/#website\",\"url\":\"https:\\\/\\\/maranhaotv.com.br\\\/\",\"name\":\"Maranh\u00e3oTV\",\"description\":\"\",\"publisher\":{\"@id\":\"https:\\\/\\\/maranhaotv.com.br\\\/#organization\"},\"potentialAction\":[{\"@type\":\"SearchAction\",\"target\":{\"@type\":\"EntryPoint\",\"urlTemplate\":\"https:\\\/\\\/maranhaotv.com.br\\\/?s={search_term_string}\"},\"query-input\":{\"@type\":\"PropertyValueSpecification\",\"valueRequired\":true,\"valueName\":\"search_term_string\"}}],\"inLanguage\":\"pt-BR\"},{\"@type\":\"Organization\",\"@id\":\"https:\\\/\\\/maranhaotv.com.br\\\/#organization\",\"name\":\"Portal de Not\u00edcias\",\"url\":\"https:\\\/\\\/maranhaotv.com.br\\\/\",\"logo\":{\"@type\":\"ImageObject\",\"inLanguage\":\"pt-BR\",\"@id\":\"https:\\\/\\\/maranhaotv.com.br\\\/#\\\/schema\\\/logo\\\/image\\\/\",\"url\":\"https:\\\/\\\/maranhaotv.com.br\\\/wp-content\\\/uploads\\\/2024\\\/05\\\/cropped-cropped-avatar-1.png\",\"contentUrl\":\"https:\\\/\\\/maranhaotv.com.br\\\/wp-content\\\/uploads\\\/2024\\\/05\\\/cropped-cropped-avatar-1.png\",\"width\":792,\"height\":428,\"caption\":\"Portal de Not\u00edcias\"},\"image\":{\"@id\":\"https:\\\/\\\/maranhaotv.com.br\\\/#\\\/schema\\\/logo\\\/image\\\/\"},\"sameAs\":[\"https:\\\/\\\/www.facebook.com\\\/maiobaotv\",\"https:\\\/\\\/x.com\\\/sitemaranhaotv\",\"https:\\\/\\\/www.instagram.com\\\/maranhao.tv\",\"https:\\\/\\\/www.threads.net\\\/@maranhao.tv\"]},{\"@type\":\"Person\",\"@id\":\"https:\\\/\\\/maranhaotv.com.br\\\/#\\\/schema\\\/person\\\/3d54238e86b20bb5c89ab2fdb8f8829a\",\"name\":\"maranhaotv\",\"image\":{\"@type\":\"ImageObject\",\"inLanguage\":\"pt-BR\",\"@id\":\"https:\\\/\\\/secure.gravatar.com\\\/avatar\\\/8fadbca458d4cb68b1dd399ae9a40618d747bb1af65ac9fad21c89220a143eb4?s=96&d=mm&r=g\",\"url\":\"https:\\\/\\\/secure.gravatar.com\\\/avatar\\\/8fadbca458d4cb68b1dd399ae9a40618d747bb1af65ac9fad21c89220a143eb4?s=96&d=mm&r=g\",\"contentUrl\":\"https:\\\/\\\/secure.gravatar.com\\\/avatar\\\/8fadbca458d4cb68b1dd399ae9a40618d747bb1af65ac9fad21c89220a143eb4?s=96&d=mm&r=g\",\"caption\":\"maranhaotv\"},\"sameAs\":[\"https:\\\/\\\/maranhaotv.com.br\\\/\"],\"url\":\"https:\\\/\\\/maranhaotv.com.br\\\/index.php\\\/author\\\/maranhaotv\\\/\"}]}<\/script>\n<!-- \/ Yoast SEO plugin. -->","yoast_head_json":{"title":"Carlos Lula e demais deputados saem em defesa do ministro Fl\u00e1vio Dino e denunciam falsa narrativa - NOT\u00cdCIAS EM TEMPO REAL","robots":{"index":"index","follow":"follow","max-snippet":"max-snippet:-1","max-image-preview":"max-image-preview:large","max-video-preview":"max-video-preview:-1"},"canonical":"https:\/\/maranhaotv.com.br\/index.php\/2023\/11\/16\/carlos-lula-e-demais-deputados-saem-em-defesa-do-ministro-flavio-dino-e-denunciam-falsa-narrativa\/","og_locale":"pt_BR","og_type":"article","og_title":"Carlos Lula e demais deputados saem em defesa do ministro Fl\u00e1vio Dino e denunciam falsa narrativa - NOT\u00cdCIAS EM TEMPO REAL","og_description":"Nos \u00faltimos dias, o ministro da Justi\u00e7a e Seguran\u00e7a P\u00fablica, Fl\u00e1vio Dino, tem sido v\u00edtima de falsas not\u00edcias, entre elas,","og_url":"https:\/\/maranhaotv.com.br\/index.php\/2023\/11\/16\/carlos-lula-e-demais-deputados-saem-em-defesa-do-ministro-flavio-dino-e-denunciam-falsa-narrativa\/","og_site_name":"NOT\u00cdCIAS EM TEMPO REAL","article_publisher":"https:\/\/www.facebook.com\/maiobaotv","article_published_time":"2023-11-16T18:49:22+00:00","author":"maranhaotv","twitter_card":"summary_large_image","twitter_creator":"@sitemaranhaotv","twitter_site":"@sitemaranhaotv","twitter_misc":{"Escrito por":"maranhaotv","Est. tempo de leitura":"4 minutos"},"schema":{"@context":"https:\/\/schema.org","@graph":[{"@type":"Article","@id":"https:\/\/maranhaotv.com.br\/index.php\/2023\/11\/16\/carlos-lula-e-demais-deputados-saem-em-defesa-do-ministro-flavio-dino-e-denunciam-falsa-narrativa\/#article","isPartOf":{"@id":"https:\/\/maranhaotv.com.br\/index.php\/2023\/11\/16\/carlos-lula-e-demais-deputados-saem-em-defesa-do-ministro-flavio-dino-e-denunciam-falsa-narrativa\/"},"author":{"name":"maranhaotv","@id":"https:\/\/maranhaotv.com.br\/#\/schema\/person\/3d54238e86b20bb5c89ab2fdb8f8829a"},"headline":"Carlos Lula e demais deputados saem em defesa do ministro Fl\u00e1vio Dino e denunciam falsa narrativa","datePublished":"2023-11-16T18:49:22+00:00","mainEntityOfPage":{"@id":"https:\/\/maranhaotv.com.br\/index.php\/2023\/11\/16\/carlos-lula-e-demais-deputados-saem-em-defesa-do-ministro-flavio-dino-e-denunciam-falsa-narrativa\/"},"wordCount":823,"commentCount":0,"publisher":{"@id":"https:\/\/maranhaotv.com.br\/#organization"},"image":{"@id":"https:\/\/maranhaotv.com.br\/index.php\/2023\/11\/16\/carlos-lula-e-demais-deputados-saem-em-defesa-do-ministro-flavio-dino-e-denunciam-falsa-narrativa\/#primaryimage"},"thumbnailUrl":"","keywords":["Carlos Lula"],"articleSection":["pol\u00edtica"],"inLanguage":"pt-BR","potentialAction":[{"@type":"CommentAction","name":"Comment","target":["https:\/\/maranhaotv.com.br\/index.php\/2023\/11\/16\/carlos-lula-e-demais-deputados-saem-em-defesa-do-ministro-flavio-dino-e-denunciam-falsa-narrativa\/#respond"]}]},{"@type":"WebPage","@id":"https:\/\/maranhaotv.com.br\/index.php\/2023\/11\/16\/carlos-lula-e-demais-deputados-saem-em-defesa-do-ministro-flavio-dino-e-denunciam-falsa-narrativa\/","url":"https:\/\/maranhaotv.com.br\/index.php\/2023\/11\/16\/carlos-lula-e-demais-deputados-saem-em-defesa-do-ministro-flavio-dino-e-denunciam-falsa-narrativa\/","name":"Carlos Lula e demais deputados saem em defesa do ministro Fl\u00e1vio Dino e denunciam falsa narrativa - NOT\u00cdCIAS EM TEMPO REAL","isPartOf":{"@id":"https:\/\/maranhaotv.com.br\/#website"},"primaryImageOfPage":{"@id":"https:\/\/maranhaotv.com.br\/index.php\/2023\/11\/16\/carlos-lula-e-demais-deputados-saem-em-defesa-do-ministro-flavio-dino-e-denunciam-falsa-narrativa\/#primaryimage"},"image":{"@id":"https:\/\/maranhaotv.com.br\/index.php\/2023\/11\/16\/carlos-lula-e-demais-deputados-saem-em-defesa-do-ministro-flavio-dino-e-denunciam-falsa-narrativa\/#primaryimage"},"thumbnailUrl":"","datePublished":"2023-11-16T18:49:22+00:00","breadcrumb":{"@id":"https:\/\/maranhaotv.com.br\/index.php\/2023\/11\/16\/carlos-lula-e-demais-deputados-saem-em-defesa-do-ministro-flavio-dino-e-denunciam-falsa-narrativa\/#breadcrumb"},"inLanguage":"pt-BR","potentialAction":[{"@type":"ReadAction","target":["https:\/\/maranhaotv.com.br\/index.php\/2023\/11\/16\/carlos-lula-e-demais-deputados-saem-em-defesa-do-ministro-flavio-dino-e-denunciam-falsa-narrativa\/"]}]},{"@type":"ImageObject","inLanguage":"pt-BR","@id":"https:\/\/maranhaotv.com.br\/index.php\/2023\/11\/16\/carlos-lula-e-demais-deputados-saem-em-defesa-do-ministro-flavio-dino-e-denunciam-falsa-narrativa\/#primaryimage","url":"","contentUrl":""},{"@type":"BreadcrumbList","@id":"https:\/\/maranhaotv.com.br\/index.php\/2023\/11\/16\/carlos-lula-e-demais-deputados-saem-em-defesa-do-ministro-flavio-dino-e-denunciam-falsa-narrativa\/#breadcrumb","itemListElement":[{"@type":"ListItem","position":1,"name":"In\u00edcio","item":"https:\/\/maranhaotv.com.br\/"},{"@type":"ListItem","position":2,"name":"Carlos Lula e demais deputados saem em defesa do ministro Fl\u00e1vio Dino e denunciam falsa narrativa"}]},{"@type":"WebSite","@id":"https:\/\/maranhaotv.com.br\/#website","url":"https:\/\/maranhaotv.com.br\/","name":"Maranh\u00e3oTV","description":"","publisher":{"@id":"https:\/\/maranhaotv.com.br\/#organization"},"potentialAction":[{"@type":"SearchAction","target":{"@type":"EntryPoint","urlTemplate":"https:\/\/maranhaotv.com.br\/?s={search_term_string}"},"query-input":{"@type":"PropertyValueSpecification","valueRequired":true,"valueName":"search_term_string"}}],"inLanguage":"pt-BR"},{"@type":"Organization","@id":"https:\/\/maranhaotv.com.br\/#organization","name":"Portal de Not\u00edcias","url":"https:\/\/maranhaotv.com.br\/","logo":{"@type":"ImageObject","inLanguage":"pt-BR","@id":"https:\/\/maranhaotv.com.br\/#\/schema\/logo\/image\/","url":"https:\/\/maranhaotv.com.br\/wp-content\/uploads\/2024\/05\/cropped-cropped-avatar-1.png","contentUrl":"https:\/\/maranhaotv.com.br\/wp-content\/uploads\/2024\/05\/cropped-cropped-avatar-1.png","width":792,"height":428,"caption":"Portal de Not\u00edcias"},"image":{"@id":"https:\/\/maranhaotv.com.br\/#\/schema\/logo\/image\/"},"sameAs":["https:\/\/www.facebook.com\/maiobaotv","https:\/\/x.com\/sitemaranhaotv","https:\/\/www.instagram.com\/maranhao.tv","https:\/\/www.threads.net\/@maranhao.tv"]},{"@type":"Person","@id":"https:\/\/maranhaotv.com.br\/#\/schema\/person\/3d54238e86b20bb5c89ab2fdb8f8829a","name":"maranhaotv","image":{"@type":"ImageObject","inLanguage":"pt-BR","@id":"https:\/\/secure.gravatar.com\/avatar\/8fadbca458d4cb68b1dd399ae9a40618d747bb1af65ac9fad21c89220a143eb4?s=96&d=mm&r=g","url":"https:\/\/secure.gravatar.com\/avatar\/8fadbca458d4cb68b1dd399ae9a40618d747bb1af65ac9fad21c89220a143eb4?s=96&d=mm&r=g","contentUrl":"https:\/\/secure.gravatar.com\/avatar\/8fadbca458d4cb68b1dd399ae9a40618d747bb1af65ac9fad21c89220a143eb4?s=96&d=mm&r=g","caption":"maranhaotv"},"sameAs":["https:\/\/maranhaotv.com.br\/"],"url":"https:\/\/maranhaotv.com.br\/index.php\/author\/maranhaotv\/"}]}},"jetpack_featured_media_url":"","jetpack_sharing_enabled":true,"_links":{"self":[{"href":"https:\/\/maranhaotv.com.br\/index.php\/wp-json\/wp\/v2\/posts\/33484","targetHints":{"allow":["GET"]}}],"collection":[{"href":"https:\/\/maranhaotv.com.br\/index.php\/wp-json\/wp\/v2\/posts"}],"about":[{"href":"https:\/\/maranhaotv.com.br\/index.php\/wp-json\/wp\/v2\/types\/post"}],"author":[{"embeddable":true,"href":"https:\/\/maranhaotv.com.br\/index.php\/wp-json\/wp\/v2\/users\/2"}],"replies":[{"embeddable":true,"href":"https:\/\/maranhaotv.com.br\/index.php\/wp-json\/wp\/v2\/comments?post=33484"}],"version-history":[{"count":0,"href":"https:\/\/maranhaotv.com.br\/index.php\/wp-json\/wp\/v2\/posts\/33484\/revisions"}],"wp:featuredmedia":[{"embeddable":true,"href":"https:\/\/maranhaotv.com.br\/index.php\/wp-json\/"}],"wp:attachment":[{"href":"https:\/\/maranhaotv.com.br\/index.php\/wp-json\/wp\/v2\/media?parent=33484"}],"wp:term":[{"taxonomy":"category","embeddable":true,"href":"https:\/\/maranhaotv.com.br\/index.php\/wp-json\/wp\/v2\/categories?post=33484"},{"taxonomy":"post_tag","embeddable":true,"href":"https:\/\/maranhaotv.com.br\/index.php\/wp-json\/wp\/v2\/tags?post=33484"}],"curies":[{"name":"wp","href":"https:\/\/api.w.org\/{rel}","templated":true}]}}