{"id":33567,"date":"2023-11-27T19:40:50","date_gmt":"2023-11-27T22:40:50","guid":{"rendered":"https:\/\/maranhaotv.com.br\/?p=33567"},"modified":"2023-11-27T19:40:50","modified_gmt":"2023-11-27T22:40:50","slug":"penha-quer-ampliar-gratuidade-no-transporte-a-acompanhantes-de-pessoas-com-deficiencia","status":"publish","type":"post","link":"https:\/\/maranhaotv.com.br\/index.php\/2023\/11\/27\/penha-quer-ampliar-gratuidade-no-transporte-a-acompanhantes-de-pessoas-com-deficiencia\/","title":{"rendered":"Penha quer ampliar gratuidade no transporte a acompanhantes de pessoas com defici\u00eancia"},"content":{"rendered":"\n<p><br> <br>Por meio do projeto de lei n.\u00ba 228\/23, o vereador Raimundo Penha prop\u00f5e que seja alterada a lei que assegura a gratuidade no sistema de transporte coletivo urbano. O projeto estabelece que o acompanhante poder\u00e1 utilizar a gratuidade quando estiver com pessoas com defici\u00eancia, mas tamb\u00e9m desacompanhado, desde que portando o Cart\u00e3o de Transporte Gratuidade, tanto nas hip\u00f3teses de entrega e\/ou recebimento de documentos, como exames, como para marca\u00e7\u00e3o de consultas ou garantia de quaisquer outros direitos sociais relativos ao benefici\u00e1rio da gratuidade.<br><br>Na justificativa do projeto, Raimundo Penha destaca que o objetivo \u00e9 assegurar dignidade e mobilidade tamb\u00e9m aos acompanhantes de baixa renda das pessoas com defici\u00eancia beneficiadas pela lei original. \u201cGeralmente os pais de uma crian\u00e7a com defici\u00eancia n\u00e3o podem trabalhar, seja por veda\u00e7\u00e3o legal quando este recebe o BPC ou mesmo para poder oferecer o menor cuidado. Ent\u00e3o, se a pessoa n\u00e3o trabalha e precisar marcar uma consulta ou exame, ou resolver um problema de escola e n\u00e3o estiver com o benefici\u00e1rio ela tem que pagar a passagem, n\u00e3o pode usufruir da gratuidade\u201d, destaca.<br><br>A proposta tamb\u00e9m acrescenta o par\u00e1grafo 4\u00ba ao artigo 2\u00aa da referida lei, cuja nova reda\u00e7\u00e3o estabelece que, para fins do benef\u00edcio da gratuidade em transporte coletivo prevista, deve o acompanhante comprovar estar inscrito no Cadastro \u00danico (Cad\u00danico) do Governo Federal.<br><br>Nesta quarta-feira, \u00e0s 14h, Raimundo Penha realizar\u00e1 uma audi\u00eancia p\u00fablica na C\u00e2mara de S\u00e3o Lu\u00eds para apresentar o projeto para as fam\u00edlias de pessoas com defici\u00eancia.<\/p>\n","protected":false},"excerpt":{"rendered":"<p>Por meio do projeto de lei n.\u00ba 228\/23, o vereador Raimundo Penha prop\u00f5e que seja alterada a lei que assegura<\/p>\n","protected":false},"author":2,"featured_media":33566,"comment_status":"open","ping_status":"open","sticky":false,"template":"","format":"standard","meta":{"colormag_page_container_layout":"default_layout","colormag_page_sidebar_layout":"default_layout","_jetpack_memberships_contains_paid_content":false,"footnotes":""},"categories":[8],"tags":[],"class_list":["post-33567","post","type-post","status-publish","format-standard","has-post-thumbnail","hentry","category-servicos"],"magazineBlocksPostFeaturedMedia":{"thumbnail":false,"medium":false,"medium_large":false,"large":false,"1536x1536":false,"2048x2048":false,"colormag-highlighted-post":false,"colormag-featured-post-medium":false,"colormag-featured-post-small":false,"colormag-featured-image":false,"colormag-default-news":false,"colormag-featured-image-large":false},"magazineBlocksPostAuthor":{"name":"maranhaotv","avatar":"https:\/\/secure.gravatar.com\/avatar\/8fadbca458d4cb68b1dd399ae9a40618d747bb1af65ac9fad21c89220a143eb4?s=96&d=mm&r=g"},"magazineBlocksPostCommentsNumber":"0","magazineBlocksPostExcerpt":"Por meio do projeto de lei n.\u00ba 228\/23, o vereador Raimundo Penha prop\u00f5e que seja alterada a lei que assegura","magazineBlocksPostCategories":["servi\u00e7os"],"magazineBlocksPostViewCount":218,"magazineBlocksPostReadTime":2,"magazine_blocks_featured_image_url":{"full":false,"medium":false,"thumbnail":false},"magazine_blocks_author":{"display_name":"maranhaotv","author_link":"https:\/\/maranhaotv.com.br\/index.php\/author\/maranhaotv\/"},"magazine_blocks_comment":0,"magazine_blocks_author_image":"https:\/\/secure.gravatar.com\/avatar\/8fadbca458d4cb68b1dd399ae9a40618d747bb1af65ac9fad21c89220a143eb4?s=96&d=mm&r=g","magazine_blocks_category":"<a href=\"#\" class=\"category-link category-link-8\">servi\u00e7os<\/a>","yoast_head":"<!-- This site is optimized with the Yoast SEO plugin v27.4 - https:\/\/yoast.com\/product\/yoast-seo-wordpress\/ -->\n<title>Penha quer ampliar gratuidade no transporte a acompanhantes de pessoas com defici\u00eancia - NOT\u00cdCIAS EM TEMPO REAL<\/title>\n<meta name=\"robots\" content=\"index, follow, max-snippet:-1, max-image-preview:large, max-video-preview:-1\" \/>\n<link rel=\"canonical\" href=\"https:\/\/maranhaotv.com.br\/index.php\/2023\/11\/27\/penha-quer-ampliar-gratuidade-no-transporte-a-acompanhantes-de-pessoas-com-deficiencia\/\" \/>\n<meta property=\"og:locale\" content=\"pt_BR\" \/>\n<meta property=\"og:type\" content=\"article\" \/>\n<meta property=\"og:title\" content=\"Penha quer ampliar gratuidade no transporte a acompanhantes de pessoas com defici\u00eancia - NOT\u00cdCIAS EM TEMPO REAL\" \/>\n<meta property=\"og:description\" content=\"Por meio do projeto de lei n.\u00ba 228\/23, o vereador Raimundo Penha prop\u00f5e que seja alterada a lei que assegura\" \/>\n<meta property=\"og:url\" content=\"https:\/\/maranhaotv.com.br\/index.php\/2023\/11\/27\/penha-quer-ampliar-gratuidade-no-transporte-a-acompanhantes-de-pessoas-com-deficiencia\/\" \/>\n<meta property=\"og:site_name\" content=\"NOT\u00cdCIAS EM TEMPO REAL\" \/>\n<meta property=\"article:publisher\" content=\"https:\/\/www.facebook.com\/maiobaotv\" \/>\n<meta property=\"article:published_time\" content=\"2023-11-27T22:40:50+00:00\" \/>\n<meta name=\"author\" content=\"maranhaotv\" \/>\n<meta name=\"twitter:card\" content=\"summary_large_image\" \/>\n<meta name=\"twitter:creator\" content=\"@sitemaranhaotv\" \/>\n<meta name=\"twitter:site\" content=\"@sitemaranhaotv\" \/>\n<meta name=\"twitter:label1\" content=\"Escrito por\" \/>\n\t<meta name=\"twitter:data1\" content=\"maranhaotv\" \/>\n\t<meta name=\"twitter:label2\" content=\"Est. tempo de leitura\" \/>\n\t<meta name=\"twitter:data2\" content=\"1 minuto\" \/>\n<script type=\"application\/ld+json\" class=\"yoast-schema-graph\">{\"@context\":\"https:\\\/\\\/schema.org\",\"@graph\":[{\"@type\":\"Article\",\"@id\":\"https:\\\/\\\/maranhaotv.com.br\\\/index.php\\\/2023\\\/11\\\/27\\\/penha-quer-ampliar-gratuidade-no-transporte-a-acompanhantes-de-pessoas-com-deficiencia\\\/#article\",\"isPartOf\":{\"@id\":\"https:\\\/\\\/maranhaotv.com.br\\\/index.php\\\/2023\\\/11\\\/27\\\/penha-quer-ampliar-gratuidade-no-transporte-a-acompanhantes-de-pessoas-com-deficiencia\\\/\"},\"author\":{\"name\":\"maranhaotv\",\"@id\":\"https:\\\/\\\/maranhaotv.com.br\\\/#\\\/schema\\\/person\\\/3d54238e86b20bb5c89ab2fdb8f8829a\"},\"headline\":\"Penha quer ampliar gratuidade no transporte a acompanhantes de pessoas com defici\u00eancia\",\"datePublished\":\"2023-11-27T22:40:50+00:00\",\"mainEntityOfPage\":{\"@id\":\"https:\\\/\\\/maranhaotv.com.br\\\/index.php\\\/2023\\\/11\\\/27\\\/penha-quer-ampliar-gratuidade-no-transporte-a-acompanhantes-de-pessoas-com-deficiencia\\\/\"},\"wordCount\":284,\"commentCount\":0,\"publisher\":{\"@id\":\"https:\\\/\\\/maranhaotv.com.br\\\/#organization\"},\"image\":{\"@id\":\"https:\\\/\\\/maranhaotv.com.br\\\/index.php\\\/2023\\\/11\\\/27\\\/penha-quer-ampliar-gratuidade-no-transporte-a-acompanhantes-de-pessoas-com-deficiencia\\\/#primaryimage\"},\"thumbnailUrl\":\"\",\"articleSection\":[\"servi\u00e7os\"],\"inLanguage\":\"pt-BR\",\"potentialAction\":[{\"@type\":\"CommentAction\",\"name\":\"Comment\",\"target\":[\"https:\\\/\\\/maranhaotv.com.br\\\/index.php\\\/2023\\\/11\\\/27\\\/penha-quer-ampliar-gratuidade-no-transporte-a-acompanhantes-de-pessoas-com-deficiencia\\\/#respond\"]}]},{\"@type\":\"WebPage\",\"@id\":\"https:\\\/\\\/maranhaotv.com.br\\\/index.php\\\/2023\\\/11\\\/27\\\/penha-quer-ampliar-gratuidade-no-transporte-a-acompanhantes-de-pessoas-com-deficiencia\\\/\",\"url\":\"https:\\\/\\\/maranhaotv.com.br\\\/index.php\\\/2023\\\/11\\\/27\\\/penha-quer-ampliar-gratuidade-no-transporte-a-acompanhantes-de-pessoas-com-deficiencia\\\/\",\"name\":\"Penha quer ampliar gratuidade no transporte a acompanhantes de pessoas com defici\u00eancia - NOT\u00cdCIAS EM TEMPO REAL\",\"isPartOf\":{\"@id\":\"https:\\\/\\\/maranhaotv.com.br\\\/#website\"},\"primaryImageOfPage\":{\"@id\":\"https:\\\/\\\/maranhaotv.com.br\\\/index.php\\\/2023\\\/11\\\/27\\\/penha-quer-ampliar-gratuidade-no-transporte-a-acompanhantes-de-pessoas-com-deficiencia\\\/#primaryimage\"},\"image\":{\"@id\":\"https:\\\/\\\/maranhaotv.com.br\\\/index.php\\\/2023\\\/11\\\/27\\\/penha-quer-ampliar-gratuidade-no-transporte-a-acompanhantes-de-pessoas-com-deficiencia\\\/#primaryimage\"},\"thumbnailUrl\":\"\",\"datePublished\":\"2023-11-27T22:40:50+00:00\",\"breadcrumb\":{\"@id\":\"https:\\\/\\\/maranhaotv.com.br\\\/index.php\\\/2023\\\/11\\\/27\\\/penha-quer-ampliar-gratuidade-no-transporte-a-acompanhantes-de-pessoas-com-deficiencia\\\/#breadcrumb\"},\"inLanguage\":\"pt-BR\",\"potentialAction\":[{\"@type\":\"ReadAction\",\"target\":[\"https:\\\/\\\/maranhaotv.com.br\\\/index.php\\\/2023\\\/11\\\/27\\\/penha-quer-ampliar-gratuidade-no-transporte-a-acompanhantes-de-pessoas-com-deficiencia\\\/\"]}]},{\"@type\":\"ImageObject\",\"inLanguage\":\"pt-BR\",\"@id\":\"https:\\\/\\\/maranhaotv.com.br\\\/index.php\\\/2023\\\/11\\\/27\\\/penha-quer-ampliar-gratuidade-no-transporte-a-acompanhantes-de-pessoas-com-deficiencia\\\/#primaryimage\",\"url\":\"\",\"contentUrl\":\"\"},{\"@type\":\"BreadcrumbList\",\"@id\":\"https:\\\/\\\/maranhaotv.com.br\\\/index.php\\\/2023\\\/11\\\/27\\\/penha-quer-ampliar-gratuidade-no-transporte-a-acompanhantes-de-pessoas-com-deficiencia\\\/#breadcrumb\",\"itemListElement\":[{\"@type\":\"ListItem\",\"position\":1,\"name\":\"In\u00edcio\",\"item\":\"https:\\\/\\\/maranhaotv.com.br\\\/\"},{\"@type\":\"ListItem\",\"position\":2,\"name\":\"Penha quer ampliar gratuidade no transporte a acompanhantes de pessoas com defici\u00eancia\"}]},{\"@type\":\"WebSite\",\"@id\":\"https:\\\/\\\/maranhaotv.com.br\\\/#website\",\"url\":\"https:\\\/\\\/maranhaotv.com.br\\\/\",\"name\":\"Maranh\u00e3oTV\",\"description\":\"\",\"publisher\":{\"@id\":\"https:\\\/\\\/maranhaotv.com.br\\\/#organization\"},\"potentialAction\":[{\"@type\":\"SearchAction\",\"target\":{\"@type\":\"EntryPoint\",\"urlTemplate\":\"https:\\\/\\\/maranhaotv.com.br\\\/?s={search_term_string}\"},\"query-input\":{\"@type\":\"PropertyValueSpecification\",\"valueRequired\":true,\"valueName\":\"search_term_string\"}}],\"inLanguage\":\"pt-BR\"},{\"@type\":\"Organization\",\"@id\":\"https:\\\/\\\/maranhaotv.com.br\\\/#organization\",\"name\":\"Portal de Not\u00edcias\",\"url\":\"https:\\\/\\\/maranhaotv.com.br\\\/\",\"logo\":{\"@type\":\"ImageObject\",\"inLanguage\":\"pt-BR\",\"@id\":\"https:\\\/\\\/maranhaotv.com.br\\\/#\\\/schema\\\/logo\\\/image\\\/\",\"url\":\"https:\\\/\\\/maranhaotv.com.br\\\/wp-content\\\/uploads\\\/2024\\\/05\\\/cropped-cropped-avatar-1.png\",\"contentUrl\":\"https:\\\/\\\/maranhaotv.com.br\\\/wp-content\\\/uploads\\\/2024\\\/05\\\/cropped-cropped-avatar-1.png\",\"width\":792,\"height\":428,\"caption\":\"Portal de Not\u00edcias\"},\"image\":{\"@id\":\"https:\\\/\\\/maranhaotv.com.br\\\/#\\\/schema\\\/logo\\\/image\\\/\"},\"sameAs\":[\"https:\\\/\\\/www.facebook.com\\\/maiobaotv\",\"https:\\\/\\\/x.com\\\/sitemaranhaotv\",\"https:\\\/\\\/www.instagram.com\\\/maranhao.tv\",\"https:\\\/\\\/www.threads.net\\\/@maranhao.tv\"]},{\"@type\":\"Person\",\"@id\":\"https:\\\/\\\/maranhaotv.com.br\\\/#\\\/schema\\\/person\\\/3d54238e86b20bb5c89ab2fdb8f8829a\",\"name\":\"maranhaotv\",\"image\":{\"@type\":\"ImageObject\",\"inLanguage\":\"pt-BR\",\"@id\":\"https:\\\/\\\/secure.gravatar.com\\\/avatar\\\/8fadbca458d4cb68b1dd399ae9a40618d747bb1af65ac9fad21c89220a143eb4?s=96&d=mm&r=g\",\"url\":\"https:\\\/\\\/secure.gravatar.com\\\/avatar\\\/8fadbca458d4cb68b1dd399ae9a40618d747bb1af65ac9fad21c89220a143eb4?s=96&d=mm&r=g\",\"contentUrl\":\"https:\\\/\\\/secure.gravatar.com\\\/avatar\\\/8fadbca458d4cb68b1dd399ae9a40618d747bb1af65ac9fad21c89220a143eb4?s=96&d=mm&r=g\",\"caption\":\"maranhaotv\"},\"sameAs\":[\"https:\\\/\\\/maranhaotv.com.br\\\/\"],\"url\":\"https:\\\/\\\/maranhaotv.com.br\\\/index.php\\\/author\\\/maranhaotv\\\/\"}]}<\/script>\n<!-- \/ Yoast SEO plugin. -->","yoast_head_json":{"title":"Penha quer ampliar gratuidade no transporte a acompanhantes de pessoas com defici\u00eancia - NOT\u00cdCIAS EM TEMPO REAL","robots":{"index":"index","follow":"follow","max-snippet":"max-snippet:-1","max-image-preview":"max-image-preview:large","max-video-preview":"max-video-preview:-1"},"canonical":"https:\/\/maranhaotv.com.br\/index.php\/2023\/11\/27\/penha-quer-ampliar-gratuidade-no-transporte-a-acompanhantes-de-pessoas-com-deficiencia\/","og_locale":"pt_BR","og_type":"article","og_title":"Penha quer ampliar gratuidade no transporte a acompanhantes de pessoas com defici\u00eancia - NOT\u00cdCIAS EM TEMPO REAL","og_description":"Por meio do projeto de lei n.\u00ba 228\/23, o vereador Raimundo Penha prop\u00f5e que seja alterada a lei que assegura","og_url":"https:\/\/maranhaotv.com.br\/index.php\/2023\/11\/27\/penha-quer-ampliar-gratuidade-no-transporte-a-acompanhantes-de-pessoas-com-deficiencia\/","og_site_name":"NOT\u00cdCIAS EM TEMPO REAL","article_publisher":"https:\/\/www.facebook.com\/maiobaotv","article_published_time":"2023-11-27T22:40:50+00:00","author":"maranhaotv","twitter_card":"summary_large_image","twitter_creator":"@sitemaranhaotv","twitter_site":"@sitemaranhaotv","twitter_misc":{"Escrito por":"maranhaotv","Est. tempo de leitura":"1 minuto"},"schema":{"@context":"https:\/\/schema.org","@graph":[{"@type":"Article","@id":"https:\/\/maranhaotv.com.br\/index.php\/2023\/11\/27\/penha-quer-ampliar-gratuidade-no-transporte-a-acompanhantes-de-pessoas-com-deficiencia\/#article","isPartOf":{"@id":"https:\/\/maranhaotv.com.br\/index.php\/2023\/11\/27\/penha-quer-ampliar-gratuidade-no-transporte-a-acompanhantes-de-pessoas-com-deficiencia\/"},"author":{"name":"maranhaotv","@id":"https:\/\/maranhaotv.com.br\/#\/schema\/person\/3d54238e86b20bb5c89ab2fdb8f8829a"},"headline":"Penha quer ampliar gratuidade no transporte a acompanhantes de pessoas com defici\u00eancia","datePublished":"2023-11-27T22:40:50+00:00","mainEntityOfPage":{"@id":"https:\/\/maranhaotv.com.br\/index.php\/2023\/11\/27\/penha-quer-ampliar-gratuidade-no-transporte-a-acompanhantes-de-pessoas-com-deficiencia\/"},"wordCount":284,"commentCount":0,"publisher":{"@id":"https:\/\/maranhaotv.com.br\/#organization"},"image":{"@id":"https:\/\/maranhaotv.com.br\/index.php\/2023\/11\/27\/penha-quer-ampliar-gratuidade-no-transporte-a-acompanhantes-de-pessoas-com-deficiencia\/#primaryimage"},"thumbnailUrl":"","articleSection":["servi\u00e7os"],"inLanguage":"pt-BR","potentialAction":[{"@type":"CommentAction","name":"Comment","target":["https:\/\/maranhaotv.com.br\/index.php\/2023\/11\/27\/penha-quer-ampliar-gratuidade-no-transporte-a-acompanhantes-de-pessoas-com-deficiencia\/#respond"]}]},{"@type":"WebPage","@id":"https:\/\/maranhaotv.com.br\/index.php\/2023\/11\/27\/penha-quer-ampliar-gratuidade-no-transporte-a-acompanhantes-de-pessoas-com-deficiencia\/","url":"https:\/\/maranhaotv.com.br\/index.php\/2023\/11\/27\/penha-quer-ampliar-gratuidade-no-transporte-a-acompanhantes-de-pessoas-com-deficiencia\/","name":"Penha quer ampliar gratuidade no transporte a acompanhantes de pessoas com defici\u00eancia - NOT\u00cdCIAS EM TEMPO REAL","isPartOf":{"@id":"https:\/\/maranhaotv.com.br\/#website"},"primaryImageOfPage":{"@id":"https:\/\/maranhaotv.com.br\/index.php\/2023\/11\/27\/penha-quer-ampliar-gratuidade-no-transporte-a-acompanhantes-de-pessoas-com-deficiencia\/#primaryimage"},"image":{"@id":"https:\/\/maranhaotv.com.br\/index.php\/2023\/11\/27\/penha-quer-ampliar-gratuidade-no-transporte-a-acompanhantes-de-pessoas-com-deficiencia\/#primaryimage"},"thumbnailUrl":"","datePublished":"2023-11-27T22:40:50+00:00","breadcrumb":{"@id":"https:\/\/maranhaotv.com.br\/index.php\/2023\/11\/27\/penha-quer-ampliar-gratuidade-no-transporte-a-acompanhantes-de-pessoas-com-deficiencia\/#breadcrumb"},"inLanguage":"pt-BR","potentialAction":[{"@type":"ReadAction","target":["https:\/\/maranhaotv.com.br\/index.php\/2023\/11\/27\/penha-quer-ampliar-gratuidade-no-transporte-a-acompanhantes-de-pessoas-com-deficiencia\/"]}]},{"@type":"ImageObject","inLanguage":"pt-BR","@id":"https:\/\/maranhaotv.com.br\/index.php\/2023\/11\/27\/penha-quer-ampliar-gratuidade-no-transporte-a-acompanhantes-de-pessoas-com-deficiencia\/#primaryimage","url":"","contentUrl":""},{"@type":"BreadcrumbList","@id":"https:\/\/maranhaotv.com.br\/index.php\/2023\/11\/27\/penha-quer-ampliar-gratuidade-no-transporte-a-acompanhantes-de-pessoas-com-deficiencia\/#breadcrumb","itemListElement":[{"@type":"ListItem","position":1,"name":"In\u00edcio","item":"https:\/\/maranhaotv.com.br\/"},{"@type":"ListItem","position":2,"name":"Penha quer ampliar gratuidade no transporte a acompanhantes de pessoas com defici\u00eancia"}]},{"@type":"WebSite","@id":"https:\/\/maranhaotv.com.br\/#website","url":"https:\/\/maranhaotv.com.br\/","name":"Maranh\u00e3oTV","description":"","publisher":{"@id":"https:\/\/maranhaotv.com.br\/#organization"},"potentialAction":[{"@type":"SearchAction","target":{"@type":"EntryPoint","urlTemplate":"https:\/\/maranhaotv.com.br\/?s={search_term_string}"},"query-input":{"@type":"PropertyValueSpecification","valueRequired":true,"valueName":"search_term_string"}}],"inLanguage":"pt-BR"},{"@type":"Organization","@id":"https:\/\/maranhaotv.com.br\/#organization","name":"Portal de Not\u00edcias","url":"https:\/\/maranhaotv.com.br\/","logo":{"@type":"ImageObject","inLanguage":"pt-BR","@id":"https:\/\/maranhaotv.com.br\/#\/schema\/logo\/image\/","url":"https:\/\/maranhaotv.com.br\/wp-content\/uploads\/2024\/05\/cropped-cropped-avatar-1.png","contentUrl":"https:\/\/maranhaotv.com.br\/wp-content\/uploads\/2024\/05\/cropped-cropped-avatar-1.png","width":792,"height":428,"caption":"Portal de Not\u00edcias"},"image":{"@id":"https:\/\/maranhaotv.com.br\/#\/schema\/logo\/image\/"},"sameAs":["https:\/\/www.facebook.com\/maiobaotv","https:\/\/x.com\/sitemaranhaotv","https:\/\/www.instagram.com\/maranhao.tv","https:\/\/www.threads.net\/@maranhao.tv"]},{"@type":"Person","@id":"https:\/\/maranhaotv.com.br\/#\/schema\/person\/3d54238e86b20bb5c89ab2fdb8f8829a","name":"maranhaotv","image":{"@type":"ImageObject","inLanguage":"pt-BR","@id":"https:\/\/secure.gravatar.com\/avatar\/8fadbca458d4cb68b1dd399ae9a40618d747bb1af65ac9fad21c89220a143eb4?s=96&d=mm&r=g","url":"https:\/\/secure.gravatar.com\/avatar\/8fadbca458d4cb68b1dd399ae9a40618d747bb1af65ac9fad21c89220a143eb4?s=96&d=mm&r=g","contentUrl":"https:\/\/secure.gravatar.com\/avatar\/8fadbca458d4cb68b1dd399ae9a40618d747bb1af65ac9fad21c89220a143eb4?s=96&d=mm&r=g","caption":"maranhaotv"},"sameAs":["https:\/\/maranhaotv.com.br\/"],"url":"https:\/\/maranhaotv.com.br\/index.php\/author\/maranhaotv\/"}]}},"jetpack_featured_media_url":"","jetpack_sharing_enabled":true,"_links":{"self":[{"href":"https:\/\/maranhaotv.com.br\/index.php\/wp-json\/wp\/v2\/posts\/33567","targetHints":{"allow":["GET"]}}],"collection":[{"href":"https:\/\/maranhaotv.com.br\/index.php\/wp-json\/wp\/v2\/posts"}],"about":[{"href":"https:\/\/maranhaotv.com.br\/index.php\/wp-json\/wp\/v2\/types\/post"}],"author":[{"embeddable":true,"href":"https:\/\/maranhaotv.com.br\/index.php\/wp-json\/wp\/v2\/users\/2"}],"replies":[{"embeddable":true,"href":"https:\/\/maranhaotv.com.br\/index.php\/wp-json\/wp\/v2\/comments?post=33567"}],"version-history":[{"count":0,"href":"https:\/\/maranhaotv.com.br\/index.php\/wp-json\/wp\/v2\/posts\/33567\/revisions"}],"wp:featuredmedia":[{"embeddable":true,"href":"https:\/\/maranhaotv.com.br\/index.php\/wp-json\/"}],"wp:attachment":[{"href":"https:\/\/maranhaotv.com.br\/index.php\/wp-json\/wp\/v2\/media?parent=33567"}],"wp:term":[{"taxonomy":"category","embeddable":true,"href":"https:\/\/maranhaotv.com.br\/index.php\/wp-json\/wp\/v2\/categories?post=33567"},{"taxonomy":"post_tag","embeddable":true,"href":"https:\/\/maranhaotv.com.br\/index.php\/wp-json\/wp\/v2\/tags?post=33567"}],"curies":[{"name":"wp","href":"https:\/\/api.w.org\/{rel}","templated":true}]}}