{"id":33572,"date":"2023-11-27T19:43:11","date_gmt":"2023-11-27T22:43:11","guid":{"rendered":"https:\/\/maranhaotv.com.br\/?p=33572"},"modified":"2023-11-27T19:43:11","modified_gmt":"2023-11-27T22:43:11","slug":"o-coletivo-precisa-sobrepor-se-ao-individual-diz-paula-azevedo-apos-reuniao-com-carlos-brandao-para-discutir-demandas-administrativas-em-paco-do-lumiar","status":"publish","type":"post","link":"https:\/\/maranhaotv.com.br\/index.php\/2023\/11\/27\/o-coletivo-precisa-sobrepor-se-ao-individual-diz-paula-azevedo-apos-reuniao-com-carlos-brandao-para-discutir-demandas-administrativas-em-paco-do-lumiar\/","title":{"rendered":"\u201cO coletivo precisa sobrepor-se ao individual\u201d, diz Paula Azevedo ap\u00f3s reuni\u00e3o com Carlos Brand\u00e3o para discutir demandas administrativas em Pa\u00e7o do Lumiar"},"content":{"rendered":"\n<p><br><em>O encontro teve como intuito alinhar benfeitorias para alavancar a infraestrutura do munic\u00edpio.<\/em><br><br><br><br><br>Compromisso com o mun\u00edcipe  e maturidade pol\u00edtica. Por pensar desta forma, \u00e9 que a prefeita Paula Azevedo (PCdoB) recebeu com muita tranquilidade a presen\u00e7a do advogado e empres\u00e1rio Fred Campos na reuni\u00e3o em que a gestora teve na manh\u00e3 desta segunda-feira (27), no Pal\u00e1cio dos Le\u00f5es, com o governador Carlos Brand\u00e3o (PSB).<br><br>\u201cO coletivo precisa se sobrepor ao individual. Como gestora, estou pensando em cada cidad\u00e3o e cidad\u00e3 luminense. Almejo ver nossa cidade continuar avan\u00e7ando. Estamos aqui para formalizar, apenas, o pacote de obras em infraestrutura e educa\u00e7\u00e3o que ser\u00e3o entregues para beneficiar Pa\u00e7o do Lumiar\u201d, pontuou a prefeita.<br><br>Na 6\u00aa maior cidade do Estado, assim como nas demais do pa\u00eds, houve uma redu\u00e7\u00e3o nos repasses federais que ultrapassam R$ 30 milh\u00f5es de reais. No entanto, com for\u00e7a pol\u00edtica e articula\u00e7\u00e3o entre os poderes, a prefeita formalizou esse encontro para que novas obras possam ser entregues.<br><br>Entre as benfeitorias, foi anunciada a conclus\u00e3o da reforma da escola CAIC &#8211; UEB Gon\u00e7alves Dias, no Maiob\u00e3o, entrega de bloquetamento, repavimenta\u00e7\u00e3o de novas ruas, entre outras que ser\u00e3o anunciadas em breve. Evidenciando respeito \u00e0 maior lideran\u00e7a pol\u00edtica luminense, o deputado federal M\u00e1rcio Jerry (PCdoB), o deputado estadual Carlos Lula (PSB) e o deputado federal Rubens J\u00fanior (PT) estiveram acompanhando o ato.<br><br>ELEI\u00c7\u00d5ES 2024<br>O governador sabe que na esfera municipal, Fred e Paula s\u00e3o advers\u00e1rios declarados. Diante dos dois aliados, j\u00e1 que ambos estiveram ao lado de Brand\u00e3o na elei\u00e7\u00e3o vitoriosa de 2020, o mesmo externou o desejo de uma poss\u00edvel uni\u00e3o e a vontade de candidatura \u00fanica no grupo, o que foi recha\u00e7ado. A prefeita n\u00e3o firmou alian\u00e7a pol\u00edtica com Fred Campos.<br><br>Na \u00f3tica da gestora, a reuni\u00e3o teve um \u00fanico intuito: o melhor para Pa\u00e7o do Lumiar. \u201cFoi um momento importante com o Governador. Estive com nossos aliados e empres\u00e1rios da cidade com o objetivo exclusivo de trazer recursos que beneficiem o povo luminense\u201d, finalizou Azevedo.<\/p>\n\n\n\n<figure class=\"wp-block-image size-large\"><img decoding=\"async\" src=\"https:\/\/maranhaotv.com.br\/wp-content\/uploads\/2023\/11\/IMG-20231127-WA0345-1024x682.jpg\" alt=\"\" class=\"wp-image-33570\"\/><\/figure>\n\n\n\n<figure class=\"wp-block-image\"><img decoding=\"async\" src=\"https:\/\/maranhaotv.com.br\/wp-content\/uploads\/2023\/11\/IMG-20231127-WA0346-1024x682.jpg\" alt=\"\" class=\"wp-image-33569\"\/><\/figure>\n","protected":false},"excerpt":{"rendered":"<p>O encontro teve como intuito alinhar benfeitorias para alavancar a infraestrutura do munic\u00edpio. Compromisso com o mun\u00edcipe e maturidade pol\u00edtica.<\/p>\n","protected":false},"author":2,"featured_media":33571,"comment_status":"open","ping_status":"open","sticky":false,"template":"","format":"standard","meta":{"colormag_page_container_layout":"default_layout","colormag_page_sidebar_layout":"default_layout","_jetpack_memberships_contains_paid_content":false,"footnotes":""},"categories":[2],"tags":[],"class_list":["post-33572","post","type-post","status-publish","format-standard","has-post-thumbnail","hentry","category-noticias"],"magazineBlocksPostFeaturedMedia":{"thumbnail":false,"medium":false,"medium_large":false,"large":false,"1536x1536":false,"2048x2048":false,"colormag-highlighted-post":false,"colormag-featured-post-medium":false,"colormag-featured-post-small":false,"colormag-featured-image":false,"colormag-default-news":false,"colormag-featured-image-large":false},"magazineBlocksPostAuthor":{"name":"maranhaotv","avatar":"https:\/\/secure.gravatar.com\/avatar\/8fadbca458d4cb68b1dd399ae9a40618d747bb1af65ac9fad21c89220a143eb4?s=96&d=mm&r=g"},"magazineBlocksPostCommentsNumber":"0","magazineBlocksPostExcerpt":"O encontro teve como intuito alinhar benfeitorias para alavancar a infraestrutura do munic\u00edpio. Compromisso com o mun\u00edcipe e maturidade pol\u00edtica.","magazineBlocksPostCategories":["not\u00edcias"],"magazineBlocksPostViewCount":206,"magazineBlocksPostReadTime":2,"magazine_blocks_featured_image_url":{"full":false,"medium":false,"thumbnail":false},"magazine_blocks_author":{"display_name":"maranhaotv","author_link":"https:\/\/maranhaotv.com.br\/index.php\/author\/maranhaotv\/"},"magazine_blocks_comment":0,"magazine_blocks_author_image":"https:\/\/secure.gravatar.com\/avatar\/8fadbca458d4cb68b1dd399ae9a40618d747bb1af65ac9fad21c89220a143eb4?s=96&d=mm&r=g","magazine_blocks_category":"<a href=\"#\" class=\"category-link category-link-2\">not\u00edcias<\/a>","yoast_head":"<!-- This site is optimized with the Yoast SEO plugin v27.4 - https:\/\/yoast.com\/product\/yoast-seo-wordpress\/ -->\n<title>\u201cO coletivo precisa sobrepor-se ao individual\u201d, diz Paula Azevedo ap\u00f3s reuni\u00e3o com Carlos Brand\u00e3o para discutir demandas administrativas em Pa\u00e7o do Lumiar - NOT\u00cdCIAS EM TEMPO REAL<\/title>\n<meta name=\"robots\" content=\"index, follow, max-snippet:-1, max-image-preview:large, max-video-preview:-1\" \/>\n<link rel=\"canonical\" href=\"https:\/\/maranhaotv.com.br\/index.php\/2023\/11\/27\/o-coletivo-precisa-sobrepor-se-ao-individual-diz-paula-azevedo-apos-reuniao-com-carlos-brandao-para-discutir-demandas-administrativas-em-paco-do-lumiar\/\" \/>\n<meta property=\"og:locale\" content=\"pt_BR\" \/>\n<meta property=\"og:type\" content=\"article\" \/>\n<meta property=\"og:title\" content=\"\u201cO coletivo precisa sobrepor-se ao individual\u201d, diz Paula Azevedo ap\u00f3s reuni\u00e3o com Carlos Brand\u00e3o para discutir demandas administrativas em Pa\u00e7o do Lumiar - NOT\u00cdCIAS EM TEMPO REAL\" \/>\n<meta property=\"og:description\" content=\"O encontro teve como intuito alinhar benfeitorias para alavancar a infraestrutura do munic\u00edpio. Compromisso com o mun\u00edcipe e maturidade pol\u00edtica.\" \/>\n<meta property=\"og:url\" content=\"https:\/\/maranhaotv.com.br\/index.php\/2023\/11\/27\/o-coletivo-precisa-sobrepor-se-ao-individual-diz-paula-azevedo-apos-reuniao-com-carlos-brandao-para-discutir-demandas-administrativas-em-paco-do-lumiar\/\" \/>\n<meta property=\"og:site_name\" content=\"NOT\u00cdCIAS EM TEMPO REAL\" \/>\n<meta property=\"article:publisher\" content=\"https:\/\/www.facebook.com\/maiobaotv\" \/>\n<meta property=\"article:published_time\" content=\"2023-11-27T22:43:11+00:00\" \/>\n<meta name=\"author\" content=\"maranhaotv\" \/>\n<meta name=\"twitter:card\" content=\"summary_large_image\" \/>\n<meta name=\"twitter:creator\" content=\"@sitemaranhaotv\" \/>\n<meta name=\"twitter:site\" content=\"@sitemaranhaotv\" \/>\n<meta name=\"twitter:label1\" content=\"Escrito por\" \/>\n\t<meta name=\"twitter:data1\" content=\"maranhaotv\" \/>\n\t<meta name=\"twitter:label2\" content=\"Est. tempo de leitura\" \/>\n\t<meta name=\"twitter:data2\" content=\"2 minutos\" \/>\n<script type=\"application\/ld+json\" class=\"yoast-schema-graph\">{\"@context\":\"https:\\\/\\\/schema.org\",\"@graph\":[{\"@type\":\"Article\",\"@id\":\"https:\\\/\\\/maranhaotv.com.br\\\/index.php\\\/2023\\\/11\\\/27\\\/o-coletivo-precisa-sobrepor-se-ao-individual-diz-paula-azevedo-apos-reuniao-com-carlos-brandao-para-discutir-demandas-administrativas-em-paco-do-lumiar\\\/#article\",\"isPartOf\":{\"@id\":\"https:\\\/\\\/maranhaotv.com.br\\\/index.php\\\/2023\\\/11\\\/27\\\/o-coletivo-precisa-sobrepor-se-ao-individual-diz-paula-azevedo-apos-reuniao-com-carlos-brandao-para-discutir-demandas-administrativas-em-paco-do-lumiar\\\/\"},\"author\":{\"name\":\"maranhaotv\",\"@id\":\"https:\\\/\\\/maranhaotv.com.br\\\/#\\\/schema\\\/person\\\/3d54238e86b20bb5c89ab2fdb8f8829a\"},\"headline\":\"\u201cO coletivo precisa sobrepor-se ao individual\u201d, diz Paula Azevedo ap\u00f3s reuni\u00e3o com Carlos Brand\u00e3o para discutir demandas administrativas em Pa\u00e7o do Lumiar\",\"datePublished\":\"2023-11-27T22:43:11+00:00\",\"mainEntityOfPage\":{\"@id\":\"https:\\\/\\\/maranhaotv.com.br\\\/index.php\\\/2023\\\/11\\\/27\\\/o-coletivo-precisa-sobrepor-se-ao-individual-diz-paula-azevedo-apos-reuniao-com-carlos-brandao-para-discutir-demandas-administrativas-em-paco-do-lumiar\\\/\"},\"wordCount\":390,\"commentCount\":0,\"publisher\":{\"@id\":\"https:\\\/\\\/maranhaotv.com.br\\\/#organization\"},\"image\":{\"@id\":\"https:\\\/\\\/maranhaotv.com.br\\\/index.php\\\/2023\\\/11\\\/27\\\/o-coletivo-precisa-sobrepor-se-ao-individual-diz-paula-azevedo-apos-reuniao-com-carlos-brandao-para-discutir-demandas-administrativas-em-paco-do-lumiar\\\/#primaryimage\"},\"thumbnailUrl\":\"\",\"articleSection\":[\"not\u00edcias\"],\"inLanguage\":\"pt-BR\",\"potentialAction\":[{\"@type\":\"CommentAction\",\"name\":\"Comment\",\"target\":[\"https:\\\/\\\/maranhaotv.com.br\\\/index.php\\\/2023\\\/11\\\/27\\\/o-coletivo-precisa-sobrepor-se-ao-individual-diz-paula-azevedo-apos-reuniao-com-carlos-brandao-para-discutir-demandas-administrativas-em-paco-do-lumiar\\\/#respond\"]}]},{\"@type\":\"WebPage\",\"@id\":\"https:\\\/\\\/maranhaotv.com.br\\\/index.php\\\/2023\\\/11\\\/27\\\/o-coletivo-precisa-sobrepor-se-ao-individual-diz-paula-azevedo-apos-reuniao-com-carlos-brandao-para-discutir-demandas-administrativas-em-paco-do-lumiar\\\/\",\"url\":\"https:\\\/\\\/maranhaotv.com.br\\\/index.php\\\/2023\\\/11\\\/27\\\/o-coletivo-precisa-sobrepor-se-ao-individual-diz-paula-azevedo-apos-reuniao-com-carlos-brandao-para-discutir-demandas-administrativas-em-paco-do-lumiar\\\/\",\"name\":\"\u201cO coletivo precisa sobrepor-se ao individual\u201d, diz Paula Azevedo ap\u00f3s reuni\u00e3o com Carlos Brand\u00e3o para discutir demandas administrativas em Pa\u00e7o do Lumiar - NOT\u00cdCIAS EM TEMPO REAL\",\"isPartOf\":{\"@id\":\"https:\\\/\\\/maranhaotv.com.br\\\/#website\"},\"primaryImageOfPage\":{\"@id\":\"https:\\\/\\\/maranhaotv.com.br\\\/index.php\\\/2023\\\/11\\\/27\\\/o-coletivo-precisa-sobrepor-se-ao-individual-diz-paula-azevedo-apos-reuniao-com-carlos-brandao-para-discutir-demandas-administrativas-em-paco-do-lumiar\\\/#primaryimage\"},\"image\":{\"@id\":\"https:\\\/\\\/maranhaotv.com.br\\\/index.php\\\/2023\\\/11\\\/27\\\/o-coletivo-precisa-sobrepor-se-ao-individual-diz-paula-azevedo-apos-reuniao-com-carlos-brandao-para-discutir-demandas-administrativas-em-paco-do-lumiar\\\/#primaryimage\"},\"thumbnailUrl\":\"\",\"datePublished\":\"2023-11-27T22:43:11+00:00\",\"breadcrumb\":{\"@id\":\"https:\\\/\\\/maranhaotv.com.br\\\/index.php\\\/2023\\\/11\\\/27\\\/o-coletivo-precisa-sobrepor-se-ao-individual-diz-paula-azevedo-apos-reuniao-com-carlos-brandao-para-discutir-demandas-administrativas-em-paco-do-lumiar\\\/#breadcrumb\"},\"inLanguage\":\"pt-BR\",\"potentialAction\":[{\"@type\":\"ReadAction\",\"target\":[\"https:\\\/\\\/maranhaotv.com.br\\\/index.php\\\/2023\\\/11\\\/27\\\/o-coletivo-precisa-sobrepor-se-ao-individual-diz-paula-azevedo-apos-reuniao-com-carlos-brandao-para-discutir-demandas-administrativas-em-paco-do-lumiar\\\/\"]}]},{\"@type\":\"ImageObject\",\"inLanguage\":\"pt-BR\",\"@id\":\"https:\\\/\\\/maranhaotv.com.br\\\/index.php\\\/2023\\\/11\\\/27\\\/o-coletivo-precisa-sobrepor-se-ao-individual-diz-paula-azevedo-apos-reuniao-com-carlos-brandao-para-discutir-demandas-administrativas-em-paco-do-lumiar\\\/#primaryimage\",\"url\":\"\",\"contentUrl\":\"\"},{\"@type\":\"BreadcrumbList\",\"@id\":\"https:\\\/\\\/maranhaotv.com.br\\\/index.php\\\/2023\\\/11\\\/27\\\/o-coletivo-precisa-sobrepor-se-ao-individual-diz-paula-azevedo-apos-reuniao-com-carlos-brandao-para-discutir-demandas-administrativas-em-paco-do-lumiar\\\/#breadcrumb\",\"itemListElement\":[{\"@type\":\"ListItem\",\"position\":1,\"name\":\"In\u00edcio\",\"item\":\"https:\\\/\\\/maranhaotv.com.br\\\/\"},{\"@type\":\"ListItem\",\"position\":2,\"name\":\"\u201cO coletivo precisa sobrepor-se ao individual\u201d, diz Paula Azevedo ap\u00f3s reuni\u00e3o com Carlos Brand\u00e3o para discutir demandas administrativas em Pa\u00e7o do Lumiar\"}]},{\"@type\":\"WebSite\",\"@id\":\"https:\\\/\\\/maranhaotv.com.br\\\/#website\",\"url\":\"https:\\\/\\\/maranhaotv.com.br\\\/\",\"name\":\"Maranh\u00e3oTV\",\"description\":\"\",\"publisher\":{\"@id\":\"https:\\\/\\\/maranhaotv.com.br\\\/#organization\"},\"potentialAction\":[{\"@type\":\"SearchAction\",\"target\":{\"@type\":\"EntryPoint\",\"urlTemplate\":\"https:\\\/\\\/maranhaotv.com.br\\\/?s={search_term_string}\"},\"query-input\":{\"@type\":\"PropertyValueSpecification\",\"valueRequired\":true,\"valueName\":\"search_term_string\"}}],\"inLanguage\":\"pt-BR\"},{\"@type\":\"Organization\",\"@id\":\"https:\\\/\\\/maranhaotv.com.br\\\/#organization\",\"name\":\"Portal de Not\u00edcias\",\"url\":\"https:\\\/\\\/maranhaotv.com.br\\\/\",\"logo\":{\"@type\":\"ImageObject\",\"inLanguage\":\"pt-BR\",\"@id\":\"https:\\\/\\\/maranhaotv.com.br\\\/#\\\/schema\\\/logo\\\/image\\\/\",\"url\":\"https:\\\/\\\/maranhaotv.com.br\\\/wp-content\\\/uploads\\\/2024\\\/05\\\/cropped-cropped-avatar-1.png\",\"contentUrl\":\"https:\\\/\\\/maranhaotv.com.br\\\/wp-content\\\/uploads\\\/2024\\\/05\\\/cropped-cropped-avatar-1.png\",\"width\":792,\"height\":428,\"caption\":\"Portal de Not\u00edcias\"},\"image\":{\"@id\":\"https:\\\/\\\/maranhaotv.com.br\\\/#\\\/schema\\\/logo\\\/image\\\/\"},\"sameAs\":[\"https:\\\/\\\/www.facebook.com\\\/maiobaotv\",\"https:\\\/\\\/x.com\\\/sitemaranhaotv\",\"https:\\\/\\\/www.instagram.com\\\/maranhao.tv\",\"https:\\\/\\\/www.threads.net\\\/@maranhao.tv\"]},{\"@type\":\"Person\",\"@id\":\"https:\\\/\\\/maranhaotv.com.br\\\/#\\\/schema\\\/person\\\/3d54238e86b20bb5c89ab2fdb8f8829a\",\"name\":\"maranhaotv\",\"image\":{\"@type\":\"ImageObject\",\"inLanguage\":\"pt-BR\",\"@id\":\"https:\\\/\\\/secure.gravatar.com\\\/avatar\\\/8fadbca458d4cb68b1dd399ae9a40618d747bb1af65ac9fad21c89220a143eb4?s=96&d=mm&r=g\",\"url\":\"https:\\\/\\\/secure.gravatar.com\\\/avatar\\\/8fadbca458d4cb68b1dd399ae9a40618d747bb1af65ac9fad21c89220a143eb4?s=96&d=mm&r=g\",\"contentUrl\":\"https:\\\/\\\/secure.gravatar.com\\\/avatar\\\/8fadbca458d4cb68b1dd399ae9a40618d747bb1af65ac9fad21c89220a143eb4?s=96&d=mm&r=g\",\"caption\":\"maranhaotv\"},\"sameAs\":[\"https:\\\/\\\/maranhaotv.com.br\\\/\"],\"url\":\"https:\\\/\\\/maranhaotv.com.br\\\/index.php\\\/author\\\/maranhaotv\\\/\"}]}<\/script>\n<!-- \/ Yoast SEO plugin. -->","yoast_head_json":{"title":"\u201cO coletivo precisa sobrepor-se ao individual\u201d, diz Paula Azevedo ap\u00f3s reuni\u00e3o com Carlos Brand\u00e3o para discutir demandas administrativas em Pa\u00e7o do Lumiar - NOT\u00cdCIAS EM TEMPO REAL","robots":{"index":"index","follow":"follow","max-snippet":"max-snippet:-1","max-image-preview":"max-image-preview:large","max-video-preview":"max-video-preview:-1"},"canonical":"https:\/\/maranhaotv.com.br\/index.php\/2023\/11\/27\/o-coletivo-precisa-sobrepor-se-ao-individual-diz-paula-azevedo-apos-reuniao-com-carlos-brandao-para-discutir-demandas-administrativas-em-paco-do-lumiar\/","og_locale":"pt_BR","og_type":"article","og_title":"\u201cO coletivo precisa sobrepor-se ao individual\u201d, diz Paula Azevedo ap\u00f3s reuni\u00e3o com Carlos Brand\u00e3o para discutir demandas administrativas em Pa\u00e7o do Lumiar - NOT\u00cdCIAS EM TEMPO REAL","og_description":"O encontro teve como intuito alinhar benfeitorias para alavancar a infraestrutura do munic\u00edpio. Compromisso com o mun\u00edcipe e maturidade pol\u00edtica.","og_url":"https:\/\/maranhaotv.com.br\/index.php\/2023\/11\/27\/o-coletivo-precisa-sobrepor-se-ao-individual-diz-paula-azevedo-apos-reuniao-com-carlos-brandao-para-discutir-demandas-administrativas-em-paco-do-lumiar\/","og_site_name":"NOT\u00cdCIAS EM TEMPO REAL","article_publisher":"https:\/\/www.facebook.com\/maiobaotv","article_published_time":"2023-11-27T22:43:11+00:00","author":"maranhaotv","twitter_card":"summary_large_image","twitter_creator":"@sitemaranhaotv","twitter_site":"@sitemaranhaotv","twitter_misc":{"Escrito por":"maranhaotv","Est. tempo de leitura":"2 minutos"},"schema":{"@context":"https:\/\/schema.org","@graph":[{"@type":"Article","@id":"https:\/\/maranhaotv.com.br\/index.php\/2023\/11\/27\/o-coletivo-precisa-sobrepor-se-ao-individual-diz-paula-azevedo-apos-reuniao-com-carlos-brandao-para-discutir-demandas-administrativas-em-paco-do-lumiar\/#article","isPartOf":{"@id":"https:\/\/maranhaotv.com.br\/index.php\/2023\/11\/27\/o-coletivo-precisa-sobrepor-se-ao-individual-diz-paula-azevedo-apos-reuniao-com-carlos-brandao-para-discutir-demandas-administrativas-em-paco-do-lumiar\/"},"author":{"name":"maranhaotv","@id":"https:\/\/maranhaotv.com.br\/#\/schema\/person\/3d54238e86b20bb5c89ab2fdb8f8829a"},"headline":"\u201cO coletivo precisa sobrepor-se ao individual\u201d, diz Paula Azevedo ap\u00f3s reuni\u00e3o com Carlos Brand\u00e3o para discutir demandas administrativas em Pa\u00e7o do Lumiar","datePublished":"2023-11-27T22:43:11+00:00","mainEntityOfPage":{"@id":"https:\/\/maranhaotv.com.br\/index.php\/2023\/11\/27\/o-coletivo-precisa-sobrepor-se-ao-individual-diz-paula-azevedo-apos-reuniao-com-carlos-brandao-para-discutir-demandas-administrativas-em-paco-do-lumiar\/"},"wordCount":390,"commentCount":0,"publisher":{"@id":"https:\/\/maranhaotv.com.br\/#organization"},"image":{"@id":"https:\/\/maranhaotv.com.br\/index.php\/2023\/11\/27\/o-coletivo-precisa-sobrepor-se-ao-individual-diz-paula-azevedo-apos-reuniao-com-carlos-brandao-para-discutir-demandas-administrativas-em-paco-do-lumiar\/#primaryimage"},"thumbnailUrl":"","articleSection":["not\u00edcias"],"inLanguage":"pt-BR","potentialAction":[{"@type":"CommentAction","name":"Comment","target":["https:\/\/maranhaotv.com.br\/index.php\/2023\/11\/27\/o-coletivo-precisa-sobrepor-se-ao-individual-diz-paula-azevedo-apos-reuniao-com-carlos-brandao-para-discutir-demandas-administrativas-em-paco-do-lumiar\/#respond"]}]},{"@type":"WebPage","@id":"https:\/\/maranhaotv.com.br\/index.php\/2023\/11\/27\/o-coletivo-precisa-sobrepor-se-ao-individual-diz-paula-azevedo-apos-reuniao-com-carlos-brandao-para-discutir-demandas-administrativas-em-paco-do-lumiar\/","url":"https:\/\/maranhaotv.com.br\/index.php\/2023\/11\/27\/o-coletivo-precisa-sobrepor-se-ao-individual-diz-paula-azevedo-apos-reuniao-com-carlos-brandao-para-discutir-demandas-administrativas-em-paco-do-lumiar\/","name":"\u201cO coletivo precisa sobrepor-se ao individual\u201d, diz Paula Azevedo ap\u00f3s reuni\u00e3o com Carlos Brand\u00e3o para discutir demandas administrativas em Pa\u00e7o do Lumiar - NOT\u00cdCIAS EM TEMPO REAL","isPartOf":{"@id":"https:\/\/maranhaotv.com.br\/#website"},"primaryImageOfPage":{"@id":"https:\/\/maranhaotv.com.br\/index.php\/2023\/11\/27\/o-coletivo-precisa-sobrepor-se-ao-individual-diz-paula-azevedo-apos-reuniao-com-carlos-brandao-para-discutir-demandas-administrativas-em-paco-do-lumiar\/#primaryimage"},"image":{"@id":"https:\/\/maranhaotv.com.br\/index.php\/2023\/11\/27\/o-coletivo-precisa-sobrepor-se-ao-individual-diz-paula-azevedo-apos-reuniao-com-carlos-brandao-para-discutir-demandas-administrativas-em-paco-do-lumiar\/#primaryimage"},"thumbnailUrl":"","datePublished":"2023-11-27T22:43:11+00:00","breadcrumb":{"@id":"https:\/\/maranhaotv.com.br\/index.php\/2023\/11\/27\/o-coletivo-precisa-sobrepor-se-ao-individual-diz-paula-azevedo-apos-reuniao-com-carlos-brandao-para-discutir-demandas-administrativas-em-paco-do-lumiar\/#breadcrumb"},"inLanguage":"pt-BR","potentialAction":[{"@type":"ReadAction","target":["https:\/\/maranhaotv.com.br\/index.php\/2023\/11\/27\/o-coletivo-precisa-sobrepor-se-ao-individual-diz-paula-azevedo-apos-reuniao-com-carlos-brandao-para-discutir-demandas-administrativas-em-paco-do-lumiar\/"]}]},{"@type":"ImageObject","inLanguage":"pt-BR","@id":"https:\/\/maranhaotv.com.br\/index.php\/2023\/11\/27\/o-coletivo-precisa-sobrepor-se-ao-individual-diz-paula-azevedo-apos-reuniao-com-carlos-brandao-para-discutir-demandas-administrativas-em-paco-do-lumiar\/#primaryimage","url":"","contentUrl":""},{"@type":"BreadcrumbList","@id":"https:\/\/maranhaotv.com.br\/index.php\/2023\/11\/27\/o-coletivo-precisa-sobrepor-se-ao-individual-diz-paula-azevedo-apos-reuniao-com-carlos-brandao-para-discutir-demandas-administrativas-em-paco-do-lumiar\/#breadcrumb","itemListElement":[{"@type":"ListItem","position":1,"name":"In\u00edcio","item":"https:\/\/maranhaotv.com.br\/"},{"@type":"ListItem","position":2,"name":"\u201cO coletivo precisa sobrepor-se ao individual\u201d, diz Paula Azevedo ap\u00f3s reuni\u00e3o com Carlos Brand\u00e3o para discutir demandas administrativas em Pa\u00e7o do Lumiar"}]},{"@type":"WebSite","@id":"https:\/\/maranhaotv.com.br\/#website","url":"https:\/\/maranhaotv.com.br\/","name":"Maranh\u00e3oTV","description":"","publisher":{"@id":"https:\/\/maranhaotv.com.br\/#organization"},"potentialAction":[{"@type":"SearchAction","target":{"@type":"EntryPoint","urlTemplate":"https:\/\/maranhaotv.com.br\/?s={search_term_string}"},"query-input":{"@type":"PropertyValueSpecification","valueRequired":true,"valueName":"search_term_string"}}],"inLanguage":"pt-BR"},{"@type":"Organization","@id":"https:\/\/maranhaotv.com.br\/#organization","name":"Portal de Not\u00edcias","url":"https:\/\/maranhaotv.com.br\/","logo":{"@type":"ImageObject","inLanguage":"pt-BR","@id":"https:\/\/maranhaotv.com.br\/#\/schema\/logo\/image\/","url":"https:\/\/maranhaotv.com.br\/wp-content\/uploads\/2024\/05\/cropped-cropped-avatar-1.png","contentUrl":"https:\/\/maranhaotv.com.br\/wp-content\/uploads\/2024\/05\/cropped-cropped-avatar-1.png","width":792,"height":428,"caption":"Portal de Not\u00edcias"},"image":{"@id":"https:\/\/maranhaotv.com.br\/#\/schema\/logo\/image\/"},"sameAs":["https:\/\/www.facebook.com\/maiobaotv","https:\/\/x.com\/sitemaranhaotv","https:\/\/www.instagram.com\/maranhao.tv","https:\/\/www.threads.net\/@maranhao.tv"]},{"@type":"Person","@id":"https:\/\/maranhaotv.com.br\/#\/schema\/person\/3d54238e86b20bb5c89ab2fdb8f8829a","name":"maranhaotv","image":{"@type":"ImageObject","inLanguage":"pt-BR","@id":"https:\/\/secure.gravatar.com\/avatar\/8fadbca458d4cb68b1dd399ae9a40618d747bb1af65ac9fad21c89220a143eb4?s=96&d=mm&r=g","url":"https:\/\/secure.gravatar.com\/avatar\/8fadbca458d4cb68b1dd399ae9a40618d747bb1af65ac9fad21c89220a143eb4?s=96&d=mm&r=g","contentUrl":"https:\/\/secure.gravatar.com\/avatar\/8fadbca458d4cb68b1dd399ae9a40618d747bb1af65ac9fad21c89220a143eb4?s=96&d=mm&r=g","caption":"maranhaotv"},"sameAs":["https:\/\/maranhaotv.com.br\/"],"url":"https:\/\/maranhaotv.com.br\/index.php\/author\/maranhaotv\/"}]}},"jetpack_featured_media_url":"","jetpack_sharing_enabled":true,"_links":{"self":[{"href":"https:\/\/maranhaotv.com.br\/index.php\/wp-json\/wp\/v2\/posts\/33572","targetHints":{"allow":["GET"]}}],"collection":[{"href":"https:\/\/maranhaotv.com.br\/index.php\/wp-json\/wp\/v2\/posts"}],"about":[{"href":"https:\/\/maranhaotv.com.br\/index.php\/wp-json\/wp\/v2\/types\/post"}],"author":[{"embeddable":true,"href":"https:\/\/maranhaotv.com.br\/index.php\/wp-json\/wp\/v2\/users\/2"}],"replies":[{"embeddable":true,"href":"https:\/\/maranhaotv.com.br\/index.php\/wp-json\/wp\/v2\/comments?post=33572"}],"version-history":[{"count":0,"href":"https:\/\/maranhaotv.com.br\/index.php\/wp-json\/wp\/v2\/posts\/33572\/revisions"}],"wp:featuredmedia":[{"embeddable":true,"href":"https:\/\/maranhaotv.com.br\/index.php\/wp-json\/"}],"wp:attachment":[{"href":"https:\/\/maranhaotv.com.br\/index.php\/wp-json\/wp\/v2\/media?parent=33572"}],"wp:term":[{"taxonomy":"category","embeddable":true,"href":"https:\/\/maranhaotv.com.br\/index.php\/wp-json\/wp\/v2\/categories?post=33572"},{"taxonomy":"post_tag","embeddable":true,"href":"https:\/\/maranhaotv.com.br\/index.php\/wp-json\/wp\/v2\/tags?post=33572"}],"curies":[{"name":"wp","href":"https:\/\/api.w.org\/{rel}","templated":true}]}}