{"id":33581,"date":"2023-11-29T07:16:32","date_gmt":"2023-11-29T10:16:32","guid":{"rendered":"https:\/\/maranhaotv.com.br\/?p=33581"},"modified":"2023-11-29T07:16:32","modified_gmt":"2023-11-29T10:16:32","slug":"ja-havia-tomado-a-decisao-de-voltar-ao-maranhao-explica-othelino-sobre-retorno-a-alema","status":"publish","type":"post","link":"https:\/\/maranhaotv.com.br\/index.php\/2023\/11\/29\/ja-havia-tomado-a-decisao-de-voltar-ao-maranhao-explica-othelino-sobre-retorno-a-alema\/","title":{"rendered":"\u201cJ\u00e1 havia tomado a decis\u00e3o de voltar ao Maranh\u00e3o\u201d, explica Othelino sobre retorno \u00e0 Alema"},"content":{"rendered":"\n<p>O deputado estadual Othelino Neto (PCdoB) explicou nesta ter\u00e7a-feira, 28, os motivos que o levaram a reassumir o mandato na Assembleia Legislativa.<br><br>\u2013 J\u00e1 havia tomado a decis\u00e3o de voltar a morar em S\u00e3o Lu\u00eds; conversei hoje [ontem] com o governador Carlos Brand\u00e3o (PSB) e definimos a entrega da secretaria \u2013 disse o parlamentar.<br><br>Segundo Othelino Neto, a decis\u00e3o de voltar logo nesta semana se d\u00e1 pelo fato de que ele precisa articular a indica\u00e7\u00e3o de suas emendas parlamentares ao or\u00e7amento do estado de 2024.<br><br>\u2013 As emendas s\u00e3o apresentadas s\u00f3 no dia da vota\u00e7\u00e3o do or\u00e7amento, que geralmente ocorre no \u00faltimo dia de sess\u00e3o do ano; mas sempre acabam antecipando e eu preciso estar pronto \u2013 explicou.<br><br>O deputado garantiu que a volta ao Maranh\u00e3o nada tem a ver com a indica\u00e7\u00e3o do ministro da Justi\u00e7a Fl\u00e1vio Dino para o Supremo Tribunal Federal, o que garante \u00e0 sua esposa, senadora Ana Paula Lobato (PSB), a posse definitiva no mandato.<br><br>\u2013 N\u00e3o h\u00e1 nenhuma rela\u00e7\u00e3o entre uma coisa e outra \u2013 garantiu.<br><br>Othelino tamb\u00e9m n\u00e3o discutiu com Brand\u00e3o sobre o comando da Representa\u00e7\u00e3oMaranh\u00e3o em Bras\u00edlia.<br><br>A posse do deputado ocorre nesta quinta-feira, 30.<\/p>\n","protected":false},"excerpt":{"rendered":"<p>O deputado estadual Othelino Neto (PCdoB) explicou nesta ter\u00e7a-feira, 28, os motivos que o levaram a reassumir o mandato na<\/p>\n","protected":false},"author":2,"featured_media":33580,"comment_status":"open","ping_status":"open","sticky":false,"template":"","format":"standard","meta":{"colormag_page_container_layout":"default_layout","colormag_page_sidebar_layout":"default_layout","_jetpack_memberships_contains_paid_content":false,"footnotes":""},"categories":[6],"tags":[],"class_list":["post-33581","post","type-post","status-publish","format-standard","has-post-thumbnail","hentry","category-politica"],"magazineBlocksPostFeaturedMedia":{"thumbnail":false,"medium":false,"medium_large":false,"large":false,"1536x1536":false,"2048x2048":false,"colormag-highlighted-post":false,"colormag-featured-post-medium":false,"colormag-featured-post-small":false,"colormag-featured-image":false,"colormag-default-news":false,"colormag-featured-image-large":false},"magazineBlocksPostAuthor":{"name":"maranhaotv","avatar":"https:\/\/secure.gravatar.com\/avatar\/8fadbca458d4cb68b1dd399ae9a40618d747bb1af65ac9fad21c89220a143eb4?s=96&d=mm&r=g"},"magazineBlocksPostCommentsNumber":"0","magazineBlocksPostExcerpt":"O deputado estadual Othelino Neto (PCdoB) explicou nesta ter\u00e7a-feira, 28, os motivos que o levaram a reassumir o mandato na","magazineBlocksPostCategories":["pol\u00edtica"],"magazineBlocksPostViewCount":147,"magazineBlocksPostReadTime":2,"magazine_blocks_featured_image_url":{"full":false,"medium":false,"thumbnail":false},"magazine_blocks_author":{"display_name":"maranhaotv","author_link":"https:\/\/maranhaotv.com.br\/index.php\/author\/maranhaotv\/"},"magazine_blocks_comment":0,"magazine_blocks_author_image":"https:\/\/secure.gravatar.com\/avatar\/8fadbca458d4cb68b1dd399ae9a40618d747bb1af65ac9fad21c89220a143eb4?s=96&d=mm&r=g","magazine_blocks_category":"<a href=\"#\" class=\"category-link category-link-6\">pol\u00edtica<\/a>","yoast_head":"<!-- This site is optimized with the Yoast SEO plugin v27.4 - https:\/\/yoast.com\/product\/yoast-seo-wordpress\/ -->\n<title>\u201cJ\u00e1 havia tomado a decis\u00e3o de voltar ao Maranh\u00e3o\u201d, explica Othelino sobre retorno \u00e0 Alema - NOT\u00cdCIAS EM TEMPO REAL<\/title>\n<meta name=\"robots\" content=\"index, follow, max-snippet:-1, max-image-preview:large, max-video-preview:-1\" \/>\n<link rel=\"canonical\" href=\"https:\/\/maranhaotv.com.br\/index.php\/2023\/11\/29\/ja-havia-tomado-a-decisao-de-voltar-ao-maranhao-explica-othelino-sobre-retorno-a-alema\/\" \/>\n<meta property=\"og:locale\" content=\"pt_BR\" \/>\n<meta property=\"og:type\" content=\"article\" \/>\n<meta property=\"og:title\" content=\"\u201cJ\u00e1 havia tomado a decis\u00e3o de voltar ao Maranh\u00e3o\u201d, explica Othelino sobre retorno \u00e0 Alema - NOT\u00cdCIAS EM TEMPO REAL\" \/>\n<meta property=\"og:description\" content=\"O deputado estadual Othelino Neto (PCdoB) explicou nesta ter\u00e7a-feira, 28, os motivos que o levaram a reassumir o mandato na\" \/>\n<meta property=\"og:url\" content=\"https:\/\/maranhaotv.com.br\/index.php\/2023\/11\/29\/ja-havia-tomado-a-decisao-de-voltar-ao-maranhao-explica-othelino-sobre-retorno-a-alema\/\" \/>\n<meta property=\"og:site_name\" content=\"NOT\u00cdCIAS EM TEMPO REAL\" \/>\n<meta property=\"article:publisher\" content=\"https:\/\/www.facebook.com\/maiobaotv\" \/>\n<meta property=\"article:published_time\" content=\"2023-11-29T10:16:32+00:00\" \/>\n<meta name=\"author\" content=\"maranhaotv\" \/>\n<meta name=\"twitter:card\" content=\"summary_large_image\" \/>\n<meta name=\"twitter:creator\" content=\"@sitemaranhaotv\" \/>\n<meta name=\"twitter:site\" content=\"@sitemaranhaotv\" \/>\n<meta name=\"twitter:label1\" content=\"Escrito por\" \/>\n\t<meta name=\"twitter:data1\" content=\"maranhaotv\" \/>\n\t<meta name=\"twitter:label2\" content=\"Est. tempo de leitura\" \/>\n\t<meta name=\"twitter:data2\" content=\"1 minuto\" \/>\n<script type=\"application\/ld+json\" class=\"yoast-schema-graph\">{\"@context\":\"https:\\\/\\\/schema.org\",\"@graph\":[{\"@type\":\"Article\",\"@id\":\"https:\\\/\\\/maranhaotv.com.br\\\/index.php\\\/2023\\\/11\\\/29\\\/ja-havia-tomado-a-decisao-de-voltar-ao-maranhao-explica-othelino-sobre-retorno-a-alema\\\/#article\",\"isPartOf\":{\"@id\":\"https:\\\/\\\/maranhaotv.com.br\\\/index.php\\\/2023\\\/11\\\/29\\\/ja-havia-tomado-a-decisao-de-voltar-ao-maranhao-explica-othelino-sobre-retorno-a-alema\\\/\"},\"author\":{\"name\":\"maranhaotv\",\"@id\":\"https:\\\/\\\/maranhaotv.com.br\\\/#\\\/schema\\\/person\\\/3d54238e86b20bb5c89ab2fdb8f8829a\"},\"headline\":\"\u201cJ\u00e1 havia tomado a decis\u00e3o de voltar ao Maranh\u00e3o\u201d, explica Othelino sobre retorno \u00e0 Alema\",\"datePublished\":\"2023-11-29T10:16:32+00:00\",\"mainEntityOfPage\":{\"@id\":\"https:\\\/\\\/maranhaotv.com.br\\\/index.php\\\/2023\\\/11\\\/29\\\/ja-havia-tomado-a-decisao-de-voltar-ao-maranhao-explica-othelino-sobre-retorno-a-alema\\\/\"},\"wordCount\":223,\"commentCount\":0,\"publisher\":{\"@id\":\"https:\\\/\\\/maranhaotv.com.br\\\/#organization\"},\"image\":{\"@id\":\"https:\\\/\\\/maranhaotv.com.br\\\/index.php\\\/2023\\\/11\\\/29\\\/ja-havia-tomado-a-decisao-de-voltar-ao-maranhao-explica-othelino-sobre-retorno-a-alema\\\/#primaryimage\"},\"thumbnailUrl\":\"\",\"articleSection\":[\"pol\u00edtica\"],\"inLanguage\":\"pt-BR\",\"potentialAction\":[{\"@type\":\"CommentAction\",\"name\":\"Comment\",\"target\":[\"https:\\\/\\\/maranhaotv.com.br\\\/index.php\\\/2023\\\/11\\\/29\\\/ja-havia-tomado-a-decisao-de-voltar-ao-maranhao-explica-othelino-sobre-retorno-a-alema\\\/#respond\"]}]},{\"@type\":\"WebPage\",\"@id\":\"https:\\\/\\\/maranhaotv.com.br\\\/index.php\\\/2023\\\/11\\\/29\\\/ja-havia-tomado-a-decisao-de-voltar-ao-maranhao-explica-othelino-sobre-retorno-a-alema\\\/\",\"url\":\"https:\\\/\\\/maranhaotv.com.br\\\/index.php\\\/2023\\\/11\\\/29\\\/ja-havia-tomado-a-decisao-de-voltar-ao-maranhao-explica-othelino-sobre-retorno-a-alema\\\/\",\"name\":\"\u201cJ\u00e1 havia tomado a decis\u00e3o de voltar ao Maranh\u00e3o\u201d, explica Othelino sobre retorno \u00e0 Alema - NOT\u00cdCIAS EM TEMPO REAL\",\"isPartOf\":{\"@id\":\"https:\\\/\\\/maranhaotv.com.br\\\/#website\"},\"primaryImageOfPage\":{\"@id\":\"https:\\\/\\\/maranhaotv.com.br\\\/index.php\\\/2023\\\/11\\\/29\\\/ja-havia-tomado-a-decisao-de-voltar-ao-maranhao-explica-othelino-sobre-retorno-a-alema\\\/#primaryimage\"},\"image\":{\"@id\":\"https:\\\/\\\/maranhaotv.com.br\\\/index.php\\\/2023\\\/11\\\/29\\\/ja-havia-tomado-a-decisao-de-voltar-ao-maranhao-explica-othelino-sobre-retorno-a-alema\\\/#primaryimage\"},\"thumbnailUrl\":\"\",\"datePublished\":\"2023-11-29T10:16:32+00:00\",\"breadcrumb\":{\"@id\":\"https:\\\/\\\/maranhaotv.com.br\\\/index.php\\\/2023\\\/11\\\/29\\\/ja-havia-tomado-a-decisao-de-voltar-ao-maranhao-explica-othelino-sobre-retorno-a-alema\\\/#breadcrumb\"},\"inLanguage\":\"pt-BR\",\"potentialAction\":[{\"@type\":\"ReadAction\",\"target\":[\"https:\\\/\\\/maranhaotv.com.br\\\/index.php\\\/2023\\\/11\\\/29\\\/ja-havia-tomado-a-decisao-de-voltar-ao-maranhao-explica-othelino-sobre-retorno-a-alema\\\/\"]}]},{\"@type\":\"ImageObject\",\"inLanguage\":\"pt-BR\",\"@id\":\"https:\\\/\\\/maranhaotv.com.br\\\/index.php\\\/2023\\\/11\\\/29\\\/ja-havia-tomado-a-decisao-de-voltar-ao-maranhao-explica-othelino-sobre-retorno-a-alema\\\/#primaryimage\",\"url\":\"\",\"contentUrl\":\"\"},{\"@type\":\"BreadcrumbList\",\"@id\":\"https:\\\/\\\/maranhaotv.com.br\\\/index.php\\\/2023\\\/11\\\/29\\\/ja-havia-tomado-a-decisao-de-voltar-ao-maranhao-explica-othelino-sobre-retorno-a-alema\\\/#breadcrumb\",\"itemListElement\":[{\"@type\":\"ListItem\",\"position\":1,\"name\":\"In\u00edcio\",\"item\":\"https:\\\/\\\/maranhaotv.com.br\\\/\"},{\"@type\":\"ListItem\",\"position\":2,\"name\":\"\u201cJ\u00e1 havia tomado a decis\u00e3o de voltar ao Maranh\u00e3o\u201d, explica Othelino sobre retorno \u00e0 Alema\"}]},{\"@type\":\"WebSite\",\"@id\":\"https:\\\/\\\/maranhaotv.com.br\\\/#website\",\"url\":\"https:\\\/\\\/maranhaotv.com.br\\\/\",\"name\":\"Maranh\u00e3oTV\",\"description\":\"\",\"publisher\":{\"@id\":\"https:\\\/\\\/maranhaotv.com.br\\\/#organization\"},\"potentialAction\":[{\"@type\":\"SearchAction\",\"target\":{\"@type\":\"EntryPoint\",\"urlTemplate\":\"https:\\\/\\\/maranhaotv.com.br\\\/?s={search_term_string}\"},\"query-input\":{\"@type\":\"PropertyValueSpecification\",\"valueRequired\":true,\"valueName\":\"search_term_string\"}}],\"inLanguage\":\"pt-BR\"},{\"@type\":\"Organization\",\"@id\":\"https:\\\/\\\/maranhaotv.com.br\\\/#organization\",\"name\":\"Portal de Not\u00edcias\",\"url\":\"https:\\\/\\\/maranhaotv.com.br\\\/\",\"logo\":{\"@type\":\"ImageObject\",\"inLanguage\":\"pt-BR\",\"@id\":\"https:\\\/\\\/maranhaotv.com.br\\\/#\\\/schema\\\/logo\\\/image\\\/\",\"url\":\"https:\\\/\\\/maranhaotv.com.br\\\/wp-content\\\/uploads\\\/2024\\\/05\\\/cropped-cropped-avatar-1.png\",\"contentUrl\":\"https:\\\/\\\/maranhaotv.com.br\\\/wp-content\\\/uploads\\\/2024\\\/05\\\/cropped-cropped-avatar-1.png\",\"width\":792,\"height\":428,\"caption\":\"Portal de Not\u00edcias\"},\"image\":{\"@id\":\"https:\\\/\\\/maranhaotv.com.br\\\/#\\\/schema\\\/logo\\\/image\\\/\"},\"sameAs\":[\"https:\\\/\\\/www.facebook.com\\\/maiobaotv\",\"https:\\\/\\\/x.com\\\/sitemaranhaotv\",\"https:\\\/\\\/www.instagram.com\\\/maranhao.tv\",\"https:\\\/\\\/www.threads.net\\\/@maranhao.tv\"]},{\"@type\":\"Person\",\"@id\":\"https:\\\/\\\/maranhaotv.com.br\\\/#\\\/schema\\\/person\\\/3d54238e86b20bb5c89ab2fdb8f8829a\",\"name\":\"maranhaotv\",\"image\":{\"@type\":\"ImageObject\",\"inLanguage\":\"pt-BR\",\"@id\":\"https:\\\/\\\/secure.gravatar.com\\\/avatar\\\/8fadbca458d4cb68b1dd399ae9a40618d747bb1af65ac9fad21c89220a143eb4?s=96&d=mm&r=g\",\"url\":\"https:\\\/\\\/secure.gravatar.com\\\/avatar\\\/8fadbca458d4cb68b1dd399ae9a40618d747bb1af65ac9fad21c89220a143eb4?s=96&d=mm&r=g\",\"contentUrl\":\"https:\\\/\\\/secure.gravatar.com\\\/avatar\\\/8fadbca458d4cb68b1dd399ae9a40618d747bb1af65ac9fad21c89220a143eb4?s=96&d=mm&r=g\",\"caption\":\"maranhaotv\"},\"sameAs\":[\"https:\\\/\\\/maranhaotv.com.br\\\/\"],\"url\":\"https:\\\/\\\/maranhaotv.com.br\\\/index.php\\\/author\\\/maranhaotv\\\/\"}]}<\/script>\n<!-- \/ Yoast SEO plugin. -->","yoast_head_json":{"title":"\u201cJ\u00e1 havia tomado a decis\u00e3o de voltar ao Maranh\u00e3o\u201d, explica Othelino sobre retorno \u00e0 Alema - NOT\u00cdCIAS EM TEMPO REAL","robots":{"index":"index","follow":"follow","max-snippet":"max-snippet:-1","max-image-preview":"max-image-preview:large","max-video-preview":"max-video-preview:-1"},"canonical":"https:\/\/maranhaotv.com.br\/index.php\/2023\/11\/29\/ja-havia-tomado-a-decisao-de-voltar-ao-maranhao-explica-othelino-sobre-retorno-a-alema\/","og_locale":"pt_BR","og_type":"article","og_title":"\u201cJ\u00e1 havia tomado a decis\u00e3o de voltar ao Maranh\u00e3o\u201d, explica Othelino sobre retorno \u00e0 Alema - NOT\u00cdCIAS EM TEMPO REAL","og_description":"O deputado estadual Othelino Neto (PCdoB) explicou nesta ter\u00e7a-feira, 28, os motivos que o levaram a reassumir o mandato na","og_url":"https:\/\/maranhaotv.com.br\/index.php\/2023\/11\/29\/ja-havia-tomado-a-decisao-de-voltar-ao-maranhao-explica-othelino-sobre-retorno-a-alema\/","og_site_name":"NOT\u00cdCIAS EM TEMPO REAL","article_publisher":"https:\/\/www.facebook.com\/maiobaotv","article_published_time":"2023-11-29T10:16:32+00:00","author":"maranhaotv","twitter_card":"summary_large_image","twitter_creator":"@sitemaranhaotv","twitter_site":"@sitemaranhaotv","twitter_misc":{"Escrito por":"maranhaotv","Est. tempo de leitura":"1 minuto"},"schema":{"@context":"https:\/\/schema.org","@graph":[{"@type":"Article","@id":"https:\/\/maranhaotv.com.br\/index.php\/2023\/11\/29\/ja-havia-tomado-a-decisao-de-voltar-ao-maranhao-explica-othelino-sobre-retorno-a-alema\/#article","isPartOf":{"@id":"https:\/\/maranhaotv.com.br\/index.php\/2023\/11\/29\/ja-havia-tomado-a-decisao-de-voltar-ao-maranhao-explica-othelino-sobre-retorno-a-alema\/"},"author":{"name":"maranhaotv","@id":"https:\/\/maranhaotv.com.br\/#\/schema\/person\/3d54238e86b20bb5c89ab2fdb8f8829a"},"headline":"\u201cJ\u00e1 havia tomado a decis\u00e3o de voltar ao Maranh\u00e3o\u201d, explica Othelino sobre retorno \u00e0 Alema","datePublished":"2023-11-29T10:16:32+00:00","mainEntityOfPage":{"@id":"https:\/\/maranhaotv.com.br\/index.php\/2023\/11\/29\/ja-havia-tomado-a-decisao-de-voltar-ao-maranhao-explica-othelino-sobre-retorno-a-alema\/"},"wordCount":223,"commentCount":0,"publisher":{"@id":"https:\/\/maranhaotv.com.br\/#organization"},"image":{"@id":"https:\/\/maranhaotv.com.br\/index.php\/2023\/11\/29\/ja-havia-tomado-a-decisao-de-voltar-ao-maranhao-explica-othelino-sobre-retorno-a-alema\/#primaryimage"},"thumbnailUrl":"","articleSection":["pol\u00edtica"],"inLanguage":"pt-BR","potentialAction":[{"@type":"CommentAction","name":"Comment","target":["https:\/\/maranhaotv.com.br\/index.php\/2023\/11\/29\/ja-havia-tomado-a-decisao-de-voltar-ao-maranhao-explica-othelino-sobre-retorno-a-alema\/#respond"]}]},{"@type":"WebPage","@id":"https:\/\/maranhaotv.com.br\/index.php\/2023\/11\/29\/ja-havia-tomado-a-decisao-de-voltar-ao-maranhao-explica-othelino-sobre-retorno-a-alema\/","url":"https:\/\/maranhaotv.com.br\/index.php\/2023\/11\/29\/ja-havia-tomado-a-decisao-de-voltar-ao-maranhao-explica-othelino-sobre-retorno-a-alema\/","name":"\u201cJ\u00e1 havia tomado a decis\u00e3o de voltar ao Maranh\u00e3o\u201d, explica Othelino sobre retorno \u00e0 Alema - NOT\u00cdCIAS EM TEMPO REAL","isPartOf":{"@id":"https:\/\/maranhaotv.com.br\/#website"},"primaryImageOfPage":{"@id":"https:\/\/maranhaotv.com.br\/index.php\/2023\/11\/29\/ja-havia-tomado-a-decisao-de-voltar-ao-maranhao-explica-othelino-sobre-retorno-a-alema\/#primaryimage"},"image":{"@id":"https:\/\/maranhaotv.com.br\/index.php\/2023\/11\/29\/ja-havia-tomado-a-decisao-de-voltar-ao-maranhao-explica-othelino-sobre-retorno-a-alema\/#primaryimage"},"thumbnailUrl":"","datePublished":"2023-11-29T10:16:32+00:00","breadcrumb":{"@id":"https:\/\/maranhaotv.com.br\/index.php\/2023\/11\/29\/ja-havia-tomado-a-decisao-de-voltar-ao-maranhao-explica-othelino-sobre-retorno-a-alema\/#breadcrumb"},"inLanguage":"pt-BR","potentialAction":[{"@type":"ReadAction","target":["https:\/\/maranhaotv.com.br\/index.php\/2023\/11\/29\/ja-havia-tomado-a-decisao-de-voltar-ao-maranhao-explica-othelino-sobre-retorno-a-alema\/"]}]},{"@type":"ImageObject","inLanguage":"pt-BR","@id":"https:\/\/maranhaotv.com.br\/index.php\/2023\/11\/29\/ja-havia-tomado-a-decisao-de-voltar-ao-maranhao-explica-othelino-sobre-retorno-a-alema\/#primaryimage","url":"","contentUrl":""},{"@type":"BreadcrumbList","@id":"https:\/\/maranhaotv.com.br\/index.php\/2023\/11\/29\/ja-havia-tomado-a-decisao-de-voltar-ao-maranhao-explica-othelino-sobre-retorno-a-alema\/#breadcrumb","itemListElement":[{"@type":"ListItem","position":1,"name":"In\u00edcio","item":"https:\/\/maranhaotv.com.br\/"},{"@type":"ListItem","position":2,"name":"\u201cJ\u00e1 havia tomado a decis\u00e3o de voltar ao Maranh\u00e3o\u201d, explica Othelino sobre retorno \u00e0 Alema"}]},{"@type":"WebSite","@id":"https:\/\/maranhaotv.com.br\/#website","url":"https:\/\/maranhaotv.com.br\/","name":"Maranh\u00e3oTV","description":"","publisher":{"@id":"https:\/\/maranhaotv.com.br\/#organization"},"potentialAction":[{"@type":"SearchAction","target":{"@type":"EntryPoint","urlTemplate":"https:\/\/maranhaotv.com.br\/?s={search_term_string}"},"query-input":{"@type":"PropertyValueSpecification","valueRequired":true,"valueName":"search_term_string"}}],"inLanguage":"pt-BR"},{"@type":"Organization","@id":"https:\/\/maranhaotv.com.br\/#organization","name":"Portal de Not\u00edcias","url":"https:\/\/maranhaotv.com.br\/","logo":{"@type":"ImageObject","inLanguage":"pt-BR","@id":"https:\/\/maranhaotv.com.br\/#\/schema\/logo\/image\/","url":"https:\/\/maranhaotv.com.br\/wp-content\/uploads\/2024\/05\/cropped-cropped-avatar-1.png","contentUrl":"https:\/\/maranhaotv.com.br\/wp-content\/uploads\/2024\/05\/cropped-cropped-avatar-1.png","width":792,"height":428,"caption":"Portal de Not\u00edcias"},"image":{"@id":"https:\/\/maranhaotv.com.br\/#\/schema\/logo\/image\/"},"sameAs":["https:\/\/www.facebook.com\/maiobaotv","https:\/\/x.com\/sitemaranhaotv","https:\/\/www.instagram.com\/maranhao.tv","https:\/\/www.threads.net\/@maranhao.tv"]},{"@type":"Person","@id":"https:\/\/maranhaotv.com.br\/#\/schema\/person\/3d54238e86b20bb5c89ab2fdb8f8829a","name":"maranhaotv","image":{"@type":"ImageObject","inLanguage":"pt-BR","@id":"https:\/\/secure.gravatar.com\/avatar\/8fadbca458d4cb68b1dd399ae9a40618d747bb1af65ac9fad21c89220a143eb4?s=96&d=mm&r=g","url":"https:\/\/secure.gravatar.com\/avatar\/8fadbca458d4cb68b1dd399ae9a40618d747bb1af65ac9fad21c89220a143eb4?s=96&d=mm&r=g","contentUrl":"https:\/\/secure.gravatar.com\/avatar\/8fadbca458d4cb68b1dd399ae9a40618d747bb1af65ac9fad21c89220a143eb4?s=96&d=mm&r=g","caption":"maranhaotv"},"sameAs":["https:\/\/maranhaotv.com.br\/"],"url":"https:\/\/maranhaotv.com.br\/index.php\/author\/maranhaotv\/"}]}},"jetpack_featured_media_url":"","jetpack_sharing_enabled":true,"_links":{"self":[{"href":"https:\/\/maranhaotv.com.br\/index.php\/wp-json\/wp\/v2\/posts\/33581","targetHints":{"allow":["GET"]}}],"collection":[{"href":"https:\/\/maranhaotv.com.br\/index.php\/wp-json\/wp\/v2\/posts"}],"about":[{"href":"https:\/\/maranhaotv.com.br\/index.php\/wp-json\/wp\/v2\/types\/post"}],"author":[{"embeddable":true,"href":"https:\/\/maranhaotv.com.br\/index.php\/wp-json\/wp\/v2\/users\/2"}],"replies":[{"embeddable":true,"href":"https:\/\/maranhaotv.com.br\/index.php\/wp-json\/wp\/v2\/comments?post=33581"}],"version-history":[{"count":0,"href":"https:\/\/maranhaotv.com.br\/index.php\/wp-json\/wp\/v2\/posts\/33581\/revisions"}],"wp:featuredmedia":[{"embeddable":true,"href":"https:\/\/maranhaotv.com.br\/index.php\/wp-json\/"}],"wp:attachment":[{"href":"https:\/\/maranhaotv.com.br\/index.php\/wp-json\/wp\/v2\/media?parent=33581"}],"wp:term":[{"taxonomy":"category","embeddable":true,"href":"https:\/\/maranhaotv.com.br\/index.php\/wp-json\/wp\/v2\/categories?post=33581"},{"taxonomy":"post_tag","embeddable":true,"href":"https:\/\/maranhaotv.com.br\/index.php\/wp-json\/wp\/v2\/tags?post=33581"}],"curies":[{"name":"wp","href":"https:\/\/api.w.org\/{rel}","templated":true}]}}