{"id":33589,"date":"2023-11-29T17:28:29","date_gmt":"2023-11-29T20:28:29","guid":{"rendered":"https:\/\/maranhaotv.com.br\/?p=33589"},"modified":"2023-11-29T17:28:29","modified_gmt":"2023-11-29T20:28:29","slug":"prefeita-paula-azevedo-visita-areas-que-serao-beneficiadas-com-acoes-de-infraestrutura-em-paco-do-lumiar","status":"publish","type":"post","link":"https:\/\/maranhaotv.com.br\/index.php\/2023\/11\/29\/prefeita-paula-azevedo-visita-areas-que-serao-beneficiadas-com-acoes-de-infraestrutura-em-paco-do-lumiar\/","title":{"rendered":"Prefeita Paula Azevedo visita \u00e1reas que ser\u00e3o beneficiadas com a\u00e7\u00f5es de Infraestrutura em Pa\u00e7o do Lumiar"},"content":{"rendered":"\n<p><br><br>Na manh\u00e3 desta quarta-feira (29), a prefeita Paula Azevedo (PCdoB) e o secret\u00e1rio de Infraestrutura e Urbanismo (Semiu), Walburg Neto, realizaram visita t\u00e9cnica nas comunidades Pindoba e S\u00edtio Grande, em Pa\u00e7o do Lumiar, para avaliar os principais problemas das vias que ir\u00e3o receber interven\u00e7\u00f5es, atrav\u00e9s de parceria administrativa com o Governo do Estado.<br><br>Um dos servi\u00e7os que a Rua S\u00e3o Roque (\u00e1rea da Pindoba) vai receber \u00e9 a recoloca\u00e7\u00e3o de bloquetes. Trata-se da retomada e finaliza\u00e7\u00e3o da obra, restando 500 metros de cal\u00e7amento e meio fio para concluir os servi\u00e7os. Cerca de 30 fam\u00edlias ser\u00e3o beneficiadas com essa iniciativa aguardada por anos.<br><br>Da Rua S\u00e3o Roque, a prefeita e sua equipe t\u00e9cnica foram at\u00e9 a Rua Bras\u00edlia e Avenida Pericum\u00e3, na comunidade do S\u00edtio Grande. L\u00e1 a obra ser\u00e1 de cal\u00e7amento. <br><br>As vias, que d\u00e3o acesso a U.E.B Jos\u00e9 Raimundo Rubim, precisam de melhora na mobilidade urbana. A prefeita Paula Azevedo determinou que o local receba o servi\u00e7o. O secret\u00e1rio Walburg Neto destacou que a obra contribuir\u00e1 significativamente para melhorar o tr\u00e1fego de ve\u00edculos e a mobilidade de moradores, professores e alunos, al\u00e9m de diminuir os transtornos com poeira, alagamentos e lama. &#8220;Neste primeiro momento, estamos neste trabalho de vistoria para poder apresentar um relat\u00f3rio para a Secid, bem como definir nossas metas de curto, m\u00e9dio e longo prazo. N\u00e3o faltar\u00e1 empenho e esfor\u00e7o para beneficiar nossa popula\u00e7\u00e3o\u201d, declarou o titular da pasta.<br><br>A prefeita Paula Azevedo enfatizou a import\u00e2ncia dessa parceria estrat\u00e9gica com o governo estadual, que tem permitido a realiza\u00e7\u00e3o de melhorias na \u00e1rea urbana. &#8220;Nosso maior objetivo \u00e9 o bem estar do povo. Agrade\u00e7o ao Governo do Estado por fornecer as ferramentas necess\u00e1rias que ir\u00e3o melhorar, significativamente, as condi\u00e7\u00f5es de vida de cada morador e moradora que ser\u00e3o beneficiados\u201d, destacou a chefe do Executivo Municipal.<\/p>\n\n\n\n<figure class=\"wp-block-image size-large\"><img decoding=\"async\" src=\"https:\/\/maranhaotv.com.br\/wp-content\/uploads\/2023\/11\/IMG-20231129-WA0501-1024x682.jpg\" alt=\"\" class=\"wp-image-33586\"\/><\/figure>\n\n\n\n<figure class=\"wp-block-image\"><img decoding=\"async\" src=\"https:\/\/maranhaotv.com.br\/wp-content\/uploads\/2023\/11\/IMG-20231129-WA0499-1024x682.jpg\" alt=\"\" class=\"wp-image-33587\"\/><\/figure>\n","protected":false},"excerpt":{"rendered":"<p>Na manh\u00e3 desta quarta-feira (29), a prefeita Paula Azevedo (PCdoB) e o secret\u00e1rio de Infraestrutura e Urbanismo (Semiu), Walburg Neto,<\/p>\n","protected":false},"author":2,"featured_media":33588,"comment_status":"open","ping_status":"open","sticky":false,"template":"","format":"standard","meta":{"colormag_page_container_layout":"default_layout","colormag_page_sidebar_layout":"default_layout","_jetpack_memberships_contains_paid_content":false,"footnotes":""},"categories":[8],"tags":[],"class_list":["post-33589","post","type-post","status-publish","format-standard","has-post-thumbnail","hentry","category-servicos"],"magazineBlocksPostFeaturedMedia":{"thumbnail":false,"medium":false,"medium_large":false,"large":false,"1536x1536":false,"2048x2048":false,"colormag-highlighted-post":false,"colormag-featured-post-medium":false,"colormag-featured-post-small":false,"colormag-featured-image":false,"colormag-default-news":false,"colormag-featured-image-large":false},"magazineBlocksPostAuthor":{"name":"maranhaotv","avatar":"https:\/\/secure.gravatar.com\/avatar\/8fadbca458d4cb68b1dd399ae9a40618d747bb1af65ac9fad21c89220a143eb4?s=96&d=mm&r=g"},"magazineBlocksPostCommentsNumber":"0","magazineBlocksPostExcerpt":"Na manh\u00e3 desta quarta-feira (29), a prefeita Paula Azevedo (PCdoB) e o secret\u00e1rio de Infraestrutura e Urbanismo (Semiu), Walburg Neto,","magazineBlocksPostCategories":["servi\u00e7os"],"magazineBlocksPostViewCount":281,"magazineBlocksPostReadTime":2,"magazine_blocks_featured_image_url":{"full":false,"medium":false,"thumbnail":false},"magazine_blocks_author":{"display_name":"maranhaotv","author_link":"https:\/\/maranhaotv.com.br\/index.php\/author\/maranhaotv\/"},"magazine_blocks_comment":0,"magazine_blocks_author_image":"https:\/\/secure.gravatar.com\/avatar\/8fadbca458d4cb68b1dd399ae9a40618d747bb1af65ac9fad21c89220a143eb4?s=96&d=mm&r=g","magazine_blocks_category":"<a href=\"#\" class=\"category-link category-link-8\">servi\u00e7os<\/a>","yoast_head":"<!-- This site is optimized with the Yoast SEO plugin v27.4 - https:\/\/yoast.com\/product\/yoast-seo-wordpress\/ -->\n<title>Prefeita Paula Azevedo visita \u00e1reas que ser\u00e3o beneficiadas com a\u00e7\u00f5es de Infraestrutura em Pa\u00e7o do Lumiar - NOT\u00cdCIAS EM TEMPO REAL<\/title>\n<meta name=\"robots\" content=\"index, follow, max-snippet:-1, max-image-preview:large, max-video-preview:-1\" \/>\n<link rel=\"canonical\" href=\"https:\/\/maranhaotv.com.br\/index.php\/2023\/11\/29\/prefeita-paula-azevedo-visita-areas-que-serao-beneficiadas-com-acoes-de-infraestrutura-em-paco-do-lumiar\/\" \/>\n<meta property=\"og:locale\" content=\"pt_BR\" \/>\n<meta property=\"og:type\" content=\"article\" \/>\n<meta property=\"og:title\" content=\"Prefeita Paula Azevedo visita \u00e1reas que ser\u00e3o beneficiadas com a\u00e7\u00f5es de Infraestrutura em Pa\u00e7o do Lumiar - NOT\u00cdCIAS EM TEMPO REAL\" \/>\n<meta property=\"og:description\" content=\"Na manh\u00e3 desta quarta-feira (29), a prefeita Paula Azevedo (PCdoB) e o secret\u00e1rio de Infraestrutura e Urbanismo (Semiu), Walburg Neto,\" \/>\n<meta property=\"og:url\" content=\"https:\/\/maranhaotv.com.br\/index.php\/2023\/11\/29\/prefeita-paula-azevedo-visita-areas-que-serao-beneficiadas-com-acoes-de-infraestrutura-em-paco-do-lumiar\/\" \/>\n<meta property=\"og:site_name\" content=\"NOT\u00cdCIAS EM TEMPO REAL\" \/>\n<meta property=\"article:publisher\" content=\"https:\/\/www.facebook.com\/maiobaotv\" \/>\n<meta property=\"article:published_time\" content=\"2023-11-29T20:28:29+00:00\" \/>\n<meta name=\"author\" content=\"maranhaotv\" \/>\n<meta name=\"twitter:card\" content=\"summary_large_image\" \/>\n<meta name=\"twitter:creator\" content=\"@sitemaranhaotv\" \/>\n<meta name=\"twitter:site\" content=\"@sitemaranhaotv\" \/>\n<meta name=\"twitter:label1\" content=\"Escrito por\" \/>\n\t<meta name=\"twitter:data1\" content=\"maranhaotv\" \/>\n\t<meta name=\"twitter:label2\" content=\"Est. tempo de leitura\" \/>\n\t<meta name=\"twitter:data2\" content=\"2 minutos\" \/>\n<script type=\"application\/ld+json\" class=\"yoast-schema-graph\">{\"@context\":\"https:\\\/\\\/schema.org\",\"@graph\":[{\"@type\":\"Article\",\"@id\":\"https:\\\/\\\/maranhaotv.com.br\\\/index.php\\\/2023\\\/11\\\/29\\\/prefeita-paula-azevedo-visita-areas-que-serao-beneficiadas-com-acoes-de-infraestrutura-em-paco-do-lumiar\\\/#article\",\"isPartOf\":{\"@id\":\"https:\\\/\\\/maranhaotv.com.br\\\/index.php\\\/2023\\\/11\\\/29\\\/prefeita-paula-azevedo-visita-areas-que-serao-beneficiadas-com-acoes-de-infraestrutura-em-paco-do-lumiar\\\/\"},\"author\":{\"name\":\"maranhaotv\",\"@id\":\"https:\\\/\\\/maranhaotv.com.br\\\/#\\\/schema\\\/person\\\/3d54238e86b20bb5c89ab2fdb8f8829a\"},\"headline\":\"Prefeita Paula Azevedo visita \u00e1reas que ser\u00e3o beneficiadas com a\u00e7\u00f5es de Infraestrutura em Pa\u00e7o do Lumiar\",\"datePublished\":\"2023-11-29T20:28:29+00:00\",\"mainEntityOfPage\":{\"@id\":\"https:\\\/\\\/maranhaotv.com.br\\\/index.php\\\/2023\\\/11\\\/29\\\/prefeita-paula-azevedo-visita-areas-que-serao-beneficiadas-com-acoes-de-infraestrutura-em-paco-do-lumiar\\\/\"},\"wordCount\":353,\"commentCount\":0,\"publisher\":{\"@id\":\"https:\\\/\\\/maranhaotv.com.br\\\/#organization\"},\"image\":{\"@id\":\"https:\\\/\\\/maranhaotv.com.br\\\/index.php\\\/2023\\\/11\\\/29\\\/prefeita-paula-azevedo-visita-areas-que-serao-beneficiadas-com-acoes-de-infraestrutura-em-paco-do-lumiar\\\/#primaryimage\"},\"thumbnailUrl\":\"\",\"articleSection\":[\"servi\u00e7os\"],\"inLanguage\":\"pt-BR\",\"potentialAction\":[{\"@type\":\"CommentAction\",\"name\":\"Comment\",\"target\":[\"https:\\\/\\\/maranhaotv.com.br\\\/index.php\\\/2023\\\/11\\\/29\\\/prefeita-paula-azevedo-visita-areas-que-serao-beneficiadas-com-acoes-de-infraestrutura-em-paco-do-lumiar\\\/#respond\"]}]},{\"@type\":\"WebPage\",\"@id\":\"https:\\\/\\\/maranhaotv.com.br\\\/index.php\\\/2023\\\/11\\\/29\\\/prefeita-paula-azevedo-visita-areas-que-serao-beneficiadas-com-acoes-de-infraestrutura-em-paco-do-lumiar\\\/\",\"url\":\"https:\\\/\\\/maranhaotv.com.br\\\/index.php\\\/2023\\\/11\\\/29\\\/prefeita-paula-azevedo-visita-areas-que-serao-beneficiadas-com-acoes-de-infraestrutura-em-paco-do-lumiar\\\/\",\"name\":\"Prefeita Paula Azevedo visita \u00e1reas que ser\u00e3o beneficiadas com a\u00e7\u00f5es de Infraestrutura em Pa\u00e7o do Lumiar - NOT\u00cdCIAS EM TEMPO REAL\",\"isPartOf\":{\"@id\":\"https:\\\/\\\/maranhaotv.com.br\\\/#website\"},\"primaryImageOfPage\":{\"@id\":\"https:\\\/\\\/maranhaotv.com.br\\\/index.php\\\/2023\\\/11\\\/29\\\/prefeita-paula-azevedo-visita-areas-que-serao-beneficiadas-com-acoes-de-infraestrutura-em-paco-do-lumiar\\\/#primaryimage\"},\"image\":{\"@id\":\"https:\\\/\\\/maranhaotv.com.br\\\/index.php\\\/2023\\\/11\\\/29\\\/prefeita-paula-azevedo-visita-areas-que-serao-beneficiadas-com-acoes-de-infraestrutura-em-paco-do-lumiar\\\/#primaryimage\"},\"thumbnailUrl\":\"\",\"datePublished\":\"2023-11-29T20:28:29+00:00\",\"breadcrumb\":{\"@id\":\"https:\\\/\\\/maranhaotv.com.br\\\/index.php\\\/2023\\\/11\\\/29\\\/prefeita-paula-azevedo-visita-areas-que-serao-beneficiadas-com-acoes-de-infraestrutura-em-paco-do-lumiar\\\/#breadcrumb\"},\"inLanguage\":\"pt-BR\",\"potentialAction\":[{\"@type\":\"ReadAction\",\"target\":[\"https:\\\/\\\/maranhaotv.com.br\\\/index.php\\\/2023\\\/11\\\/29\\\/prefeita-paula-azevedo-visita-areas-que-serao-beneficiadas-com-acoes-de-infraestrutura-em-paco-do-lumiar\\\/\"]}]},{\"@type\":\"ImageObject\",\"inLanguage\":\"pt-BR\",\"@id\":\"https:\\\/\\\/maranhaotv.com.br\\\/index.php\\\/2023\\\/11\\\/29\\\/prefeita-paula-azevedo-visita-areas-que-serao-beneficiadas-com-acoes-de-infraestrutura-em-paco-do-lumiar\\\/#primaryimage\",\"url\":\"\",\"contentUrl\":\"\"},{\"@type\":\"BreadcrumbList\",\"@id\":\"https:\\\/\\\/maranhaotv.com.br\\\/index.php\\\/2023\\\/11\\\/29\\\/prefeita-paula-azevedo-visita-areas-que-serao-beneficiadas-com-acoes-de-infraestrutura-em-paco-do-lumiar\\\/#breadcrumb\",\"itemListElement\":[{\"@type\":\"ListItem\",\"position\":1,\"name\":\"In\u00edcio\",\"item\":\"https:\\\/\\\/maranhaotv.com.br\\\/\"},{\"@type\":\"ListItem\",\"position\":2,\"name\":\"Prefeita Paula Azevedo visita \u00e1reas que ser\u00e3o beneficiadas com a\u00e7\u00f5es de Infraestrutura em Pa\u00e7o do Lumiar\"}]},{\"@type\":\"WebSite\",\"@id\":\"https:\\\/\\\/maranhaotv.com.br\\\/#website\",\"url\":\"https:\\\/\\\/maranhaotv.com.br\\\/\",\"name\":\"Maranh\u00e3oTV\",\"description\":\"\",\"publisher\":{\"@id\":\"https:\\\/\\\/maranhaotv.com.br\\\/#organization\"},\"potentialAction\":[{\"@type\":\"SearchAction\",\"target\":{\"@type\":\"EntryPoint\",\"urlTemplate\":\"https:\\\/\\\/maranhaotv.com.br\\\/?s={search_term_string}\"},\"query-input\":{\"@type\":\"PropertyValueSpecification\",\"valueRequired\":true,\"valueName\":\"search_term_string\"}}],\"inLanguage\":\"pt-BR\"},{\"@type\":\"Organization\",\"@id\":\"https:\\\/\\\/maranhaotv.com.br\\\/#organization\",\"name\":\"Portal de Not\u00edcias\",\"url\":\"https:\\\/\\\/maranhaotv.com.br\\\/\",\"logo\":{\"@type\":\"ImageObject\",\"inLanguage\":\"pt-BR\",\"@id\":\"https:\\\/\\\/maranhaotv.com.br\\\/#\\\/schema\\\/logo\\\/image\\\/\",\"url\":\"https:\\\/\\\/maranhaotv.com.br\\\/wp-content\\\/uploads\\\/2024\\\/05\\\/cropped-cropped-avatar-1.png\",\"contentUrl\":\"https:\\\/\\\/maranhaotv.com.br\\\/wp-content\\\/uploads\\\/2024\\\/05\\\/cropped-cropped-avatar-1.png\",\"width\":792,\"height\":428,\"caption\":\"Portal de Not\u00edcias\"},\"image\":{\"@id\":\"https:\\\/\\\/maranhaotv.com.br\\\/#\\\/schema\\\/logo\\\/image\\\/\"},\"sameAs\":[\"https:\\\/\\\/www.facebook.com\\\/maiobaotv\",\"https:\\\/\\\/x.com\\\/sitemaranhaotv\",\"https:\\\/\\\/www.instagram.com\\\/maranhao.tv\",\"https:\\\/\\\/www.threads.net\\\/@maranhao.tv\"]},{\"@type\":\"Person\",\"@id\":\"https:\\\/\\\/maranhaotv.com.br\\\/#\\\/schema\\\/person\\\/3d54238e86b20bb5c89ab2fdb8f8829a\",\"name\":\"maranhaotv\",\"image\":{\"@type\":\"ImageObject\",\"inLanguage\":\"pt-BR\",\"@id\":\"https:\\\/\\\/secure.gravatar.com\\\/avatar\\\/8fadbca458d4cb68b1dd399ae9a40618d747bb1af65ac9fad21c89220a143eb4?s=96&d=mm&r=g\",\"url\":\"https:\\\/\\\/secure.gravatar.com\\\/avatar\\\/8fadbca458d4cb68b1dd399ae9a40618d747bb1af65ac9fad21c89220a143eb4?s=96&d=mm&r=g\",\"contentUrl\":\"https:\\\/\\\/secure.gravatar.com\\\/avatar\\\/8fadbca458d4cb68b1dd399ae9a40618d747bb1af65ac9fad21c89220a143eb4?s=96&d=mm&r=g\",\"caption\":\"maranhaotv\"},\"sameAs\":[\"https:\\\/\\\/maranhaotv.com.br\\\/\"],\"url\":\"https:\\\/\\\/maranhaotv.com.br\\\/index.php\\\/author\\\/maranhaotv\\\/\"}]}<\/script>\n<!-- \/ Yoast SEO plugin. -->","yoast_head_json":{"title":"Prefeita Paula Azevedo visita \u00e1reas que ser\u00e3o beneficiadas com a\u00e7\u00f5es de Infraestrutura em Pa\u00e7o do Lumiar - NOT\u00cdCIAS EM TEMPO REAL","robots":{"index":"index","follow":"follow","max-snippet":"max-snippet:-1","max-image-preview":"max-image-preview:large","max-video-preview":"max-video-preview:-1"},"canonical":"https:\/\/maranhaotv.com.br\/index.php\/2023\/11\/29\/prefeita-paula-azevedo-visita-areas-que-serao-beneficiadas-com-acoes-de-infraestrutura-em-paco-do-lumiar\/","og_locale":"pt_BR","og_type":"article","og_title":"Prefeita Paula Azevedo visita \u00e1reas que ser\u00e3o beneficiadas com a\u00e7\u00f5es de Infraestrutura em Pa\u00e7o do Lumiar - NOT\u00cdCIAS EM TEMPO REAL","og_description":"Na manh\u00e3 desta quarta-feira (29), a prefeita Paula Azevedo (PCdoB) e o secret\u00e1rio de Infraestrutura e Urbanismo (Semiu), Walburg Neto,","og_url":"https:\/\/maranhaotv.com.br\/index.php\/2023\/11\/29\/prefeita-paula-azevedo-visita-areas-que-serao-beneficiadas-com-acoes-de-infraestrutura-em-paco-do-lumiar\/","og_site_name":"NOT\u00cdCIAS EM TEMPO REAL","article_publisher":"https:\/\/www.facebook.com\/maiobaotv","article_published_time":"2023-11-29T20:28:29+00:00","author":"maranhaotv","twitter_card":"summary_large_image","twitter_creator":"@sitemaranhaotv","twitter_site":"@sitemaranhaotv","twitter_misc":{"Escrito por":"maranhaotv","Est. tempo de leitura":"2 minutos"},"schema":{"@context":"https:\/\/schema.org","@graph":[{"@type":"Article","@id":"https:\/\/maranhaotv.com.br\/index.php\/2023\/11\/29\/prefeita-paula-azevedo-visita-areas-que-serao-beneficiadas-com-acoes-de-infraestrutura-em-paco-do-lumiar\/#article","isPartOf":{"@id":"https:\/\/maranhaotv.com.br\/index.php\/2023\/11\/29\/prefeita-paula-azevedo-visita-areas-que-serao-beneficiadas-com-acoes-de-infraestrutura-em-paco-do-lumiar\/"},"author":{"name":"maranhaotv","@id":"https:\/\/maranhaotv.com.br\/#\/schema\/person\/3d54238e86b20bb5c89ab2fdb8f8829a"},"headline":"Prefeita Paula Azevedo visita \u00e1reas que ser\u00e3o beneficiadas com a\u00e7\u00f5es de Infraestrutura em Pa\u00e7o do Lumiar","datePublished":"2023-11-29T20:28:29+00:00","mainEntityOfPage":{"@id":"https:\/\/maranhaotv.com.br\/index.php\/2023\/11\/29\/prefeita-paula-azevedo-visita-areas-que-serao-beneficiadas-com-acoes-de-infraestrutura-em-paco-do-lumiar\/"},"wordCount":353,"commentCount":0,"publisher":{"@id":"https:\/\/maranhaotv.com.br\/#organization"},"image":{"@id":"https:\/\/maranhaotv.com.br\/index.php\/2023\/11\/29\/prefeita-paula-azevedo-visita-areas-que-serao-beneficiadas-com-acoes-de-infraestrutura-em-paco-do-lumiar\/#primaryimage"},"thumbnailUrl":"","articleSection":["servi\u00e7os"],"inLanguage":"pt-BR","potentialAction":[{"@type":"CommentAction","name":"Comment","target":["https:\/\/maranhaotv.com.br\/index.php\/2023\/11\/29\/prefeita-paula-azevedo-visita-areas-que-serao-beneficiadas-com-acoes-de-infraestrutura-em-paco-do-lumiar\/#respond"]}]},{"@type":"WebPage","@id":"https:\/\/maranhaotv.com.br\/index.php\/2023\/11\/29\/prefeita-paula-azevedo-visita-areas-que-serao-beneficiadas-com-acoes-de-infraestrutura-em-paco-do-lumiar\/","url":"https:\/\/maranhaotv.com.br\/index.php\/2023\/11\/29\/prefeita-paula-azevedo-visita-areas-que-serao-beneficiadas-com-acoes-de-infraestrutura-em-paco-do-lumiar\/","name":"Prefeita Paula Azevedo visita \u00e1reas que ser\u00e3o beneficiadas com a\u00e7\u00f5es de Infraestrutura em Pa\u00e7o do Lumiar - NOT\u00cdCIAS EM TEMPO REAL","isPartOf":{"@id":"https:\/\/maranhaotv.com.br\/#website"},"primaryImageOfPage":{"@id":"https:\/\/maranhaotv.com.br\/index.php\/2023\/11\/29\/prefeita-paula-azevedo-visita-areas-que-serao-beneficiadas-com-acoes-de-infraestrutura-em-paco-do-lumiar\/#primaryimage"},"image":{"@id":"https:\/\/maranhaotv.com.br\/index.php\/2023\/11\/29\/prefeita-paula-azevedo-visita-areas-que-serao-beneficiadas-com-acoes-de-infraestrutura-em-paco-do-lumiar\/#primaryimage"},"thumbnailUrl":"","datePublished":"2023-11-29T20:28:29+00:00","breadcrumb":{"@id":"https:\/\/maranhaotv.com.br\/index.php\/2023\/11\/29\/prefeita-paula-azevedo-visita-areas-que-serao-beneficiadas-com-acoes-de-infraestrutura-em-paco-do-lumiar\/#breadcrumb"},"inLanguage":"pt-BR","potentialAction":[{"@type":"ReadAction","target":["https:\/\/maranhaotv.com.br\/index.php\/2023\/11\/29\/prefeita-paula-azevedo-visita-areas-que-serao-beneficiadas-com-acoes-de-infraestrutura-em-paco-do-lumiar\/"]}]},{"@type":"ImageObject","inLanguage":"pt-BR","@id":"https:\/\/maranhaotv.com.br\/index.php\/2023\/11\/29\/prefeita-paula-azevedo-visita-areas-que-serao-beneficiadas-com-acoes-de-infraestrutura-em-paco-do-lumiar\/#primaryimage","url":"","contentUrl":""},{"@type":"BreadcrumbList","@id":"https:\/\/maranhaotv.com.br\/index.php\/2023\/11\/29\/prefeita-paula-azevedo-visita-areas-que-serao-beneficiadas-com-acoes-de-infraestrutura-em-paco-do-lumiar\/#breadcrumb","itemListElement":[{"@type":"ListItem","position":1,"name":"In\u00edcio","item":"https:\/\/maranhaotv.com.br\/"},{"@type":"ListItem","position":2,"name":"Prefeita Paula Azevedo visita \u00e1reas que ser\u00e3o beneficiadas com a\u00e7\u00f5es de Infraestrutura em Pa\u00e7o do Lumiar"}]},{"@type":"WebSite","@id":"https:\/\/maranhaotv.com.br\/#website","url":"https:\/\/maranhaotv.com.br\/","name":"Maranh\u00e3oTV","description":"","publisher":{"@id":"https:\/\/maranhaotv.com.br\/#organization"},"potentialAction":[{"@type":"SearchAction","target":{"@type":"EntryPoint","urlTemplate":"https:\/\/maranhaotv.com.br\/?s={search_term_string}"},"query-input":{"@type":"PropertyValueSpecification","valueRequired":true,"valueName":"search_term_string"}}],"inLanguage":"pt-BR"},{"@type":"Organization","@id":"https:\/\/maranhaotv.com.br\/#organization","name":"Portal de Not\u00edcias","url":"https:\/\/maranhaotv.com.br\/","logo":{"@type":"ImageObject","inLanguage":"pt-BR","@id":"https:\/\/maranhaotv.com.br\/#\/schema\/logo\/image\/","url":"https:\/\/maranhaotv.com.br\/wp-content\/uploads\/2024\/05\/cropped-cropped-avatar-1.png","contentUrl":"https:\/\/maranhaotv.com.br\/wp-content\/uploads\/2024\/05\/cropped-cropped-avatar-1.png","width":792,"height":428,"caption":"Portal de Not\u00edcias"},"image":{"@id":"https:\/\/maranhaotv.com.br\/#\/schema\/logo\/image\/"},"sameAs":["https:\/\/www.facebook.com\/maiobaotv","https:\/\/x.com\/sitemaranhaotv","https:\/\/www.instagram.com\/maranhao.tv","https:\/\/www.threads.net\/@maranhao.tv"]},{"@type":"Person","@id":"https:\/\/maranhaotv.com.br\/#\/schema\/person\/3d54238e86b20bb5c89ab2fdb8f8829a","name":"maranhaotv","image":{"@type":"ImageObject","inLanguage":"pt-BR","@id":"https:\/\/secure.gravatar.com\/avatar\/8fadbca458d4cb68b1dd399ae9a40618d747bb1af65ac9fad21c89220a143eb4?s=96&d=mm&r=g","url":"https:\/\/secure.gravatar.com\/avatar\/8fadbca458d4cb68b1dd399ae9a40618d747bb1af65ac9fad21c89220a143eb4?s=96&d=mm&r=g","contentUrl":"https:\/\/secure.gravatar.com\/avatar\/8fadbca458d4cb68b1dd399ae9a40618d747bb1af65ac9fad21c89220a143eb4?s=96&d=mm&r=g","caption":"maranhaotv"},"sameAs":["https:\/\/maranhaotv.com.br\/"],"url":"https:\/\/maranhaotv.com.br\/index.php\/author\/maranhaotv\/"}]}},"jetpack_featured_media_url":"","jetpack_sharing_enabled":true,"_links":{"self":[{"href":"https:\/\/maranhaotv.com.br\/index.php\/wp-json\/wp\/v2\/posts\/33589","targetHints":{"allow":["GET"]}}],"collection":[{"href":"https:\/\/maranhaotv.com.br\/index.php\/wp-json\/wp\/v2\/posts"}],"about":[{"href":"https:\/\/maranhaotv.com.br\/index.php\/wp-json\/wp\/v2\/types\/post"}],"author":[{"embeddable":true,"href":"https:\/\/maranhaotv.com.br\/index.php\/wp-json\/wp\/v2\/users\/2"}],"replies":[{"embeddable":true,"href":"https:\/\/maranhaotv.com.br\/index.php\/wp-json\/wp\/v2\/comments?post=33589"}],"version-history":[{"count":0,"href":"https:\/\/maranhaotv.com.br\/index.php\/wp-json\/wp\/v2\/posts\/33589\/revisions"}],"wp:featuredmedia":[{"embeddable":true,"href":"https:\/\/maranhaotv.com.br\/index.php\/wp-json\/"}],"wp:attachment":[{"href":"https:\/\/maranhaotv.com.br\/index.php\/wp-json\/wp\/v2\/media?parent=33589"}],"wp:term":[{"taxonomy":"category","embeddable":true,"href":"https:\/\/maranhaotv.com.br\/index.php\/wp-json\/wp\/v2\/categories?post=33589"},{"taxonomy":"post_tag","embeddable":true,"href":"https:\/\/maranhaotv.com.br\/index.php\/wp-json\/wp\/v2\/tags?post=33589"}],"curies":[{"name":"wp","href":"https:\/\/api.w.org\/{rel}","templated":true}]}}