{"id":33903,"date":"2024-01-05T16:51:14","date_gmt":"2024-01-05T19:51:14","guid":{"rendered":"https:\/\/maranhaotv.com.br\/?p=33903"},"modified":"2024-01-05T16:51:14","modified_gmt":"2024-01-05T19:51:14","slug":"guilherme-mulato-confirma-pre-candidatura-a-prefeito-de-sao-jose-de-ribamar","status":"publish","type":"post","link":"https:\/\/maranhaotv.com.br\/index.php\/2024\/01\/05\/guilherme-mulato-confirma-pre-candidatura-a-prefeito-de-sao-jose-de-ribamar\/","title":{"rendered":"Guilherme Mulato confirma pr\u00e9-candidatura a prefeito de S\u00e3o Jos\u00e9 de Ribamar"},"content":{"rendered":"\n<p><br><br>Em entrevista ao jornalista Osvaldo Maya, apresentador do Programa Linha de Frente, da TV Maranhense, Guilherme Mulato confirmou sua pr\u00e9-candidatura a prefeito de S\u00e3o Jos\u00e9 de Ribamar, terceira maior cidade do Estado do Maranh\u00e3o.<br><br>Ao ser questionado sobre esse novo desafio, Mulato disse que a pr\u00e9-candidatura nasce do desejo popular de quem est\u00e1 nos maios mais distantes do centro urbano da cidade.<br><br>&#8220;Nossa pr\u00e9-candidatura tem como alicerse as pessoas que moram nos bairros esquecidos pelo Poder P\u00fablico de nossa cidade, \u00e9 por essas pessoas que estamos nesse desafio e trabalharemos incans\u00e1velmente&#8221;, disse Mulato.<br><br>Osvaldo Maya questionou a discrep\u00e2ncia de realidade entre uma prefeitura de arrecada tanto e que presta t\u00e3o pouco servi\u00e7o, e ouviu de Mulato, a explica\u00e7\u00e3o que os ribamarenses tem percebido no contidiano.<br><br>&#8220;Quem governa nossa cidade, sabe arrecadar, mas n\u00e3o sabe onde aplicar tanto recurso porque n\u00e3o se preocupa com os problemas da grande massa. Do cidad\u00e3o comum que sofre com problemas de infraestrutura, de falta de escolas, prec\u00e1riedade no servi\u00e7o de Sa\u00fade e transporte p\u00fablico, e o principal, a falta de postos de emprego para os pais de fam\u00edlias de nossa cidade&#8221;. disse.<br><br>Sobre os valores arrecadados pela Prefeitura atrav\u00e9s da CIP &#8211; Contrinui\u00e7\u00e3o para Ilumina\u00e7\u00e3o P\u00fablica, cobrada na conta de energia, Mulato detalhou que \u00e9 poss\u00edvel reduzir os valores cobrados j\u00e1 que tem dinheiro de sobra.<br><br>&#8220;Nos \u00faltimos tr\u00eas anos, arrecadou-se o dobro do que \u00e9 preciso para garantir a manuten\u00e7\u00e3o, custeio, amplian\u00e7\u00e3o e moderniza\u00e7\u00e3o da ilumina\u00e7\u00e3o p\u00fablica, por isso, tenho certeza absoluta que ser\u00e1 poss\u00edvel garantir esse benf\u00edcio, principalmente \u00e0s fam\u00edlias que vivem com menos de 1 sal\u00e1rio min\u00edmo. \u00c9 poss\u00edvel fazer, falta coragem e boa vontade.&#8221; disse Mulato.<br><br>O pr\u00e9-candidato a prefeito tamb\u00e9m antecipou que seu destino partid\u00e1rio ser\u00e1 anunciado somente ap\u00f3s o carnaval.<\/p>\n","protected":false},"excerpt":{"rendered":"<p>Em entrevista ao jornalista Osvaldo Maya, apresentador do Programa Linha de Frente, da TV Maranhense, Guilherme Mulato confirmou sua pr\u00e9-candidatura<\/p>\n","protected":false},"author":2,"featured_media":33902,"comment_status":"open","ping_status":"open","sticky":false,"template":"","format":"standard","meta":{"colormag_page_container_layout":"default_layout","colormag_page_sidebar_layout":"default_layout","_jetpack_memberships_contains_paid_content":false,"footnotes":""},"categories":[2],"tags":[174],"class_list":["post-33903","post","type-post","status-publish","format-standard","has-post-thumbnail","hentry","category-noticias","tag-guilherme-mulato"],"magazineBlocksPostFeaturedMedia":{"thumbnail":false,"medium":false,"medium_large":false,"large":false,"1536x1536":false,"2048x2048":false,"colormag-highlighted-post":false,"colormag-featured-post-medium":false,"colormag-featured-post-small":false,"colormag-featured-image":false,"colormag-default-news":false,"colormag-featured-image-large":false},"magazineBlocksPostAuthor":{"name":"maranhaotv","avatar":"https:\/\/secure.gravatar.com\/avatar\/8fadbca458d4cb68b1dd399ae9a40618d747bb1af65ac9fad21c89220a143eb4?s=96&d=mm&r=g"},"magazineBlocksPostCommentsNumber":"0","magazineBlocksPostExcerpt":"Em entrevista ao jornalista Osvaldo Maya, apresentador do Programa Linha de Frente, da TV Maranhense, Guilherme Mulato confirmou sua pr\u00e9-candidatura","magazineBlocksPostCategories":["not\u00edcias"],"magazineBlocksPostViewCount":173,"magazineBlocksPostReadTime":2,"magazine_blocks_featured_image_url":{"full":false,"medium":false,"thumbnail":false},"magazine_blocks_author":{"display_name":"maranhaotv","author_link":"https:\/\/maranhaotv.com.br\/index.php\/author\/maranhaotv\/"},"magazine_blocks_comment":0,"magazine_blocks_author_image":"https:\/\/secure.gravatar.com\/avatar\/8fadbca458d4cb68b1dd399ae9a40618d747bb1af65ac9fad21c89220a143eb4?s=96&d=mm&r=g","magazine_blocks_category":"<a href=\"#\" class=\"category-link category-link-2\">not\u00edcias<\/a>","yoast_head":"<!-- This site is optimized with the Yoast SEO plugin v27.4 - https:\/\/yoast.com\/product\/yoast-seo-wordpress\/ -->\n<title>Guilherme Mulato confirma pr\u00e9-candidatura a prefeito de S\u00e3o Jos\u00e9 de Ribamar - NOT\u00cdCIAS EM TEMPO REAL<\/title>\n<meta name=\"robots\" content=\"index, follow, max-snippet:-1, max-image-preview:large, max-video-preview:-1\" \/>\n<link rel=\"canonical\" href=\"https:\/\/maranhaotv.com.br\/index.php\/2024\/01\/05\/guilherme-mulato-confirma-pre-candidatura-a-prefeito-de-sao-jose-de-ribamar\/\" \/>\n<meta property=\"og:locale\" content=\"pt_BR\" \/>\n<meta property=\"og:type\" content=\"article\" \/>\n<meta property=\"og:title\" content=\"Guilherme Mulato confirma pr\u00e9-candidatura a prefeito de S\u00e3o Jos\u00e9 de Ribamar - NOT\u00cdCIAS EM TEMPO REAL\" \/>\n<meta property=\"og:description\" content=\"Em entrevista ao jornalista Osvaldo Maya, apresentador do Programa Linha de Frente, da TV Maranhense, Guilherme Mulato confirmou sua pr\u00e9-candidatura\" \/>\n<meta property=\"og:url\" content=\"https:\/\/maranhaotv.com.br\/index.php\/2024\/01\/05\/guilherme-mulato-confirma-pre-candidatura-a-prefeito-de-sao-jose-de-ribamar\/\" \/>\n<meta property=\"og:site_name\" content=\"NOT\u00cdCIAS EM TEMPO REAL\" \/>\n<meta property=\"article:publisher\" content=\"https:\/\/www.facebook.com\/maiobaotv\" \/>\n<meta property=\"article:published_time\" content=\"2024-01-05T19:51:14+00:00\" \/>\n<meta name=\"author\" content=\"maranhaotv\" \/>\n<meta name=\"twitter:card\" content=\"summary_large_image\" \/>\n<meta name=\"twitter:creator\" content=\"@sitemaranhaotv\" \/>\n<meta name=\"twitter:site\" content=\"@sitemaranhaotv\" \/>\n<meta name=\"twitter:label1\" content=\"Escrito por\" \/>\n\t<meta name=\"twitter:data1\" content=\"maranhaotv\" \/>\n\t<meta name=\"twitter:label2\" content=\"Est. tempo de leitura\" \/>\n\t<meta name=\"twitter:data2\" content=\"2 minutos\" \/>\n<script type=\"application\/ld+json\" class=\"yoast-schema-graph\">{\"@context\":\"https:\\\/\\\/schema.org\",\"@graph\":[{\"@type\":\"Article\",\"@id\":\"https:\\\/\\\/maranhaotv.com.br\\\/index.php\\\/2024\\\/01\\\/05\\\/guilherme-mulato-confirma-pre-candidatura-a-prefeito-de-sao-jose-de-ribamar\\\/#article\",\"isPartOf\":{\"@id\":\"https:\\\/\\\/maranhaotv.com.br\\\/index.php\\\/2024\\\/01\\\/05\\\/guilherme-mulato-confirma-pre-candidatura-a-prefeito-de-sao-jose-de-ribamar\\\/\"},\"author\":{\"name\":\"maranhaotv\",\"@id\":\"https:\\\/\\\/maranhaotv.com.br\\\/#\\\/schema\\\/person\\\/3d54238e86b20bb5c89ab2fdb8f8829a\"},\"headline\":\"Guilherme Mulato confirma pr\u00e9-candidatura a prefeito de S\u00e3o Jos\u00e9 de Ribamar\",\"datePublished\":\"2024-01-05T19:51:14+00:00\",\"mainEntityOfPage\":{\"@id\":\"https:\\\/\\\/maranhaotv.com.br\\\/index.php\\\/2024\\\/01\\\/05\\\/guilherme-mulato-confirma-pre-candidatura-a-prefeito-de-sao-jose-de-ribamar\\\/\"},\"wordCount\":339,\"commentCount\":0,\"publisher\":{\"@id\":\"https:\\\/\\\/maranhaotv.com.br\\\/#organization\"},\"image\":{\"@id\":\"https:\\\/\\\/maranhaotv.com.br\\\/index.php\\\/2024\\\/01\\\/05\\\/guilherme-mulato-confirma-pre-candidatura-a-prefeito-de-sao-jose-de-ribamar\\\/#primaryimage\"},\"thumbnailUrl\":\"\",\"keywords\":[\"Guilherme Mulato\"],\"articleSection\":[\"not\u00edcias\"],\"inLanguage\":\"pt-BR\",\"potentialAction\":[{\"@type\":\"CommentAction\",\"name\":\"Comment\",\"target\":[\"https:\\\/\\\/maranhaotv.com.br\\\/index.php\\\/2024\\\/01\\\/05\\\/guilherme-mulato-confirma-pre-candidatura-a-prefeito-de-sao-jose-de-ribamar\\\/#respond\"]}]},{\"@type\":\"WebPage\",\"@id\":\"https:\\\/\\\/maranhaotv.com.br\\\/index.php\\\/2024\\\/01\\\/05\\\/guilherme-mulato-confirma-pre-candidatura-a-prefeito-de-sao-jose-de-ribamar\\\/\",\"url\":\"https:\\\/\\\/maranhaotv.com.br\\\/index.php\\\/2024\\\/01\\\/05\\\/guilherme-mulato-confirma-pre-candidatura-a-prefeito-de-sao-jose-de-ribamar\\\/\",\"name\":\"Guilherme Mulato confirma pr\u00e9-candidatura a prefeito de S\u00e3o Jos\u00e9 de Ribamar - NOT\u00cdCIAS EM TEMPO REAL\",\"isPartOf\":{\"@id\":\"https:\\\/\\\/maranhaotv.com.br\\\/#website\"},\"primaryImageOfPage\":{\"@id\":\"https:\\\/\\\/maranhaotv.com.br\\\/index.php\\\/2024\\\/01\\\/05\\\/guilherme-mulato-confirma-pre-candidatura-a-prefeito-de-sao-jose-de-ribamar\\\/#primaryimage\"},\"image\":{\"@id\":\"https:\\\/\\\/maranhaotv.com.br\\\/index.php\\\/2024\\\/01\\\/05\\\/guilherme-mulato-confirma-pre-candidatura-a-prefeito-de-sao-jose-de-ribamar\\\/#primaryimage\"},\"thumbnailUrl\":\"\",\"datePublished\":\"2024-01-05T19:51:14+00:00\",\"breadcrumb\":{\"@id\":\"https:\\\/\\\/maranhaotv.com.br\\\/index.php\\\/2024\\\/01\\\/05\\\/guilherme-mulato-confirma-pre-candidatura-a-prefeito-de-sao-jose-de-ribamar\\\/#breadcrumb\"},\"inLanguage\":\"pt-BR\",\"potentialAction\":[{\"@type\":\"ReadAction\",\"target\":[\"https:\\\/\\\/maranhaotv.com.br\\\/index.php\\\/2024\\\/01\\\/05\\\/guilherme-mulato-confirma-pre-candidatura-a-prefeito-de-sao-jose-de-ribamar\\\/\"]}]},{\"@type\":\"ImageObject\",\"inLanguage\":\"pt-BR\",\"@id\":\"https:\\\/\\\/maranhaotv.com.br\\\/index.php\\\/2024\\\/01\\\/05\\\/guilherme-mulato-confirma-pre-candidatura-a-prefeito-de-sao-jose-de-ribamar\\\/#primaryimage\",\"url\":\"\",\"contentUrl\":\"\"},{\"@type\":\"BreadcrumbList\",\"@id\":\"https:\\\/\\\/maranhaotv.com.br\\\/index.php\\\/2024\\\/01\\\/05\\\/guilherme-mulato-confirma-pre-candidatura-a-prefeito-de-sao-jose-de-ribamar\\\/#breadcrumb\",\"itemListElement\":[{\"@type\":\"ListItem\",\"position\":1,\"name\":\"In\u00edcio\",\"item\":\"https:\\\/\\\/maranhaotv.com.br\\\/\"},{\"@type\":\"ListItem\",\"position\":2,\"name\":\"Guilherme Mulato confirma pr\u00e9-candidatura a prefeito de S\u00e3o Jos\u00e9 de Ribamar\"}]},{\"@type\":\"WebSite\",\"@id\":\"https:\\\/\\\/maranhaotv.com.br\\\/#website\",\"url\":\"https:\\\/\\\/maranhaotv.com.br\\\/\",\"name\":\"Maranh\u00e3oTV\",\"description\":\"\",\"publisher\":{\"@id\":\"https:\\\/\\\/maranhaotv.com.br\\\/#organization\"},\"potentialAction\":[{\"@type\":\"SearchAction\",\"target\":{\"@type\":\"EntryPoint\",\"urlTemplate\":\"https:\\\/\\\/maranhaotv.com.br\\\/?s={search_term_string}\"},\"query-input\":{\"@type\":\"PropertyValueSpecification\",\"valueRequired\":true,\"valueName\":\"search_term_string\"}}],\"inLanguage\":\"pt-BR\"},{\"@type\":\"Organization\",\"@id\":\"https:\\\/\\\/maranhaotv.com.br\\\/#organization\",\"name\":\"Portal de Not\u00edcias\",\"url\":\"https:\\\/\\\/maranhaotv.com.br\\\/\",\"logo\":{\"@type\":\"ImageObject\",\"inLanguage\":\"pt-BR\",\"@id\":\"https:\\\/\\\/maranhaotv.com.br\\\/#\\\/schema\\\/logo\\\/image\\\/\",\"url\":\"https:\\\/\\\/maranhaotv.com.br\\\/wp-content\\\/uploads\\\/2024\\\/05\\\/cropped-cropped-avatar-1.png\",\"contentUrl\":\"https:\\\/\\\/maranhaotv.com.br\\\/wp-content\\\/uploads\\\/2024\\\/05\\\/cropped-cropped-avatar-1.png\",\"width\":792,\"height\":428,\"caption\":\"Portal de Not\u00edcias\"},\"image\":{\"@id\":\"https:\\\/\\\/maranhaotv.com.br\\\/#\\\/schema\\\/logo\\\/image\\\/\"},\"sameAs\":[\"https:\\\/\\\/www.facebook.com\\\/maiobaotv\",\"https:\\\/\\\/x.com\\\/sitemaranhaotv\",\"https:\\\/\\\/www.instagram.com\\\/maranhao.tv\",\"https:\\\/\\\/www.threads.net\\\/@maranhao.tv\"]},{\"@type\":\"Person\",\"@id\":\"https:\\\/\\\/maranhaotv.com.br\\\/#\\\/schema\\\/person\\\/3d54238e86b20bb5c89ab2fdb8f8829a\",\"name\":\"maranhaotv\",\"image\":{\"@type\":\"ImageObject\",\"inLanguage\":\"pt-BR\",\"@id\":\"https:\\\/\\\/secure.gravatar.com\\\/avatar\\\/8fadbca458d4cb68b1dd399ae9a40618d747bb1af65ac9fad21c89220a143eb4?s=96&d=mm&r=g\",\"url\":\"https:\\\/\\\/secure.gravatar.com\\\/avatar\\\/8fadbca458d4cb68b1dd399ae9a40618d747bb1af65ac9fad21c89220a143eb4?s=96&d=mm&r=g\",\"contentUrl\":\"https:\\\/\\\/secure.gravatar.com\\\/avatar\\\/8fadbca458d4cb68b1dd399ae9a40618d747bb1af65ac9fad21c89220a143eb4?s=96&d=mm&r=g\",\"caption\":\"maranhaotv\"},\"sameAs\":[\"https:\\\/\\\/maranhaotv.com.br\\\/\"],\"url\":\"https:\\\/\\\/maranhaotv.com.br\\\/index.php\\\/author\\\/maranhaotv\\\/\"}]}<\/script>\n<!-- \/ Yoast SEO plugin. -->","yoast_head_json":{"title":"Guilherme Mulato confirma pr\u00e9-candidatura a prefeito de S\u00e3o Jos\u00e9 de Ribamar - NOT\u00cdCIAS EM TEMPO REAL","robots":{"index":"index","follow":"follow","max-snippet":"max-snippet:-1","max-image-preview":"max-image-preview:large","max-video-preview":"max-video-preview:-1"},"canonical":"https:\/\/maranhaotv.com.br\/index.php\/2024\/01\/05\/guilherme-mulato-confirma-pre-candidatura-a-prefeito-de-sao-jose-de-ribamar\/","og_locale":"pt_BR","og_type":"article","og_title":"Guilherme Mulato confirma pr\u00e9-candidatura a prefeito de S\u00e3o Jos\u00e9 de Ribamar - NOT\u00cdCIAS EM TEMPO REAL","og_description":"Em entrevista ao jornalista Osvaldo Maya, apresentador do Programa Linha de Frente, da TV Maranhense, Guilherme Mulato confirmou sua pr\u00e9-candidatura","og_url":"https:\/\/maranhaotv.com.br\/index.php\/2024\/01\/05\/guilherme-mulato-confirma-pre-candidatura-a-prefeito-de-sao-jose-de-ribamar\/","og_site_name":"NOT\u00cdCIAS EM TEMPO REAL","article_publisher":"https:\/\/www.facebook.com\/maiobaotv","article_published_time":"2024-01-05T19:51:14+00:00","author":"maranhaotv","twitter_card":"summary_large_image","twitter_creator":"@sitemaranhaotv","twitter_site":"@sitemaranhaotv","twitter_misc":{"Escrito por":"maranhaotv","Est. tempo de leitura":"2 minutos"},"schema":{"@context":"https:\/\/schema.org","@graph":[{"@type":"Article","@id":"https:\/\/maranhaotv.com.br\/index.php\/2024\/01\/05\/guilherme-mulato-confirma-pre-candidatura-a-prefeito-de-sao-jose-de-ribamar\/#article","isPartOf":{"@id":"https:\/\/maranhaotv.com.br\/index.php\/2024\/01\/05\/guilherme-mulato-confirma-pre-candidatura-a-prefeito-de-sao-jose-de-ribamar\/"},"author":{"name":"maranhaotv","@id":"https:\/\/maranhaotv.com.br\/#\/schema\/person\/3d54238e86b20bb5c89ab2fdb8f8829a"},"headline":"Guilherme Mulato confirma pr\u00e9-candidatura a prefeito de S\u00e3o Jos\u00e9 de Ribamar","datePublished":"2024-01-05T19:51:14+00:00","mainEntityOfPage":{"@id":"https:\/\/maranhaotv.com.br\/index.php\/2024\/01\/05\/guilherme-mulato-confirma-pre-candidatura-a-prefeito-de-sao-jose-de-ribamar\/"},"wordCount":339,"commentCount":0,"publisher":{"@id":"https:\/\/maranhaotv.com.br\/#organization"},"image":{"@id":"https:\/\/maranhaotv.com.br\/index.php\/2024\/01\/05\/guilherme-mulato-confirma-pre-candidatura-a-prefeito-de-sao-jose-de-ribamar\/#primaryimage"},"thumbnailUrl":"","keywords":["Guilherme Mulato"],"articleSection":["not\u00edcias"],"inLanguage":"pt-BR","potentialAction":[{"@type":"CommentAction","name":"Comment","target":["https:\/\/maranhaotv.com.br\/index.php\/2024\/01\/05\/guilherme-mulato-confirma-pre-candidatura-a-prefeito-de-sao-jose-de-ribamar\/#respond"]}]},{"@type":"WebPage","@id":"https:\/\/maranhaotv.com.br\/index.php\/2024\/01\/05\/guilherme-mulato-confirma-pre-candidatura-a-prefeito-de-sao-jose-de-ribamar\/","url":"https:\/\/maranhaotv.com.br\/index.php\/2024\/01\/05\/guilherme-mulato-confirma-pre-candidatura-a-prefeito-de-sao-jose-de-ribamar\/","name":"Guilherme Mulato confirma pr\u00e9-candidatura a prefeito de S\u00e3o Jos\u00e9 de Ribamar - NOT\u00cdCIAS EM TEMPO REAL","isPartOf":{"@id":"https:\/\/maranhaotv.com.br\/#website"},"primaryImageOfPage":{"@id":"https:\/\/maranhaotv.com.br\/index.php\/2024\/01\/05\/guilherme-mulato-confirma-pre-candidatura-a-prefeito-de-sao-jose-de-ribamar\/#primaryimage"},"image":{"@id":"https:\/\/maranhaotv.com.br\/index.php\/2024\/01\/05\/guilherme-mulato-confirma-pre-candidatura-a-prefeito-de-sao-jose-de-ribamar\/#primaryimage"},"thumbnailUrl":"","datePublished":"2024-01-05T19:51:14+00:00","breadcrumb":{"@id":"https:\/\/maranhaotv.com.br\/index.php\/2024\/01\/05\/guilherme-mulato-confirma-pre-candidatura-a-prefeito-de-sao-jose-de-ribamar\/#breadcrumb"},"inLanguage":"pt-BR","potentialAction":[{"@type":"ReadAction","target":["https:\/\/maranhaotv.com.br\/index.php\/2024\/01\/05\/guilherme-mulato-confirma-pre-candidatura-a-prefeito-de-sao-jose-de-ribamar\/"]}]},{"@type":"ImageObject","inLanguage":"pt-BR","@id":"https:\/\/maranhaotv.com.br\/index.php\/2024\/01\/05\/guilherme-mulato-confirma-pre-candidatura-a-prefeito-de-sao-jose-de-ribamar\/#primaryimage","url":"","contentUrl":""},{"@type":"BreadcrumbList","@id":"https:\/\/maranhaotv.com.br\/index.php\/2024\/01\/05\/guilherme-mulato-confirma-pre-candidatura-a-prefeito-de-sao-jose-de-ribamar\/#breadcrumb","itemListElement":[{"@type":"ListItem","position":1,"name":"In\u00edcio","item":"https:\/\/maranhaotv.com.br\/"},{"@type":"ListItem","position":2,"name":"Guilherme Mulato confirma pr\u00e9-candidatura a prefeito de S\u00e3o Jos\u00e9 de Ribamar"}]},{"@type":"WebSite","@id":"https:\/\/maranhaotv.com.br\/#website","url":"https:\/\/maranhaotv.com.br\/","name":"Maranh\u00e3oTV","description":"","publisher":{"@id":"https:\/\/maranhaotv.com.br\/#organization"},"potentialAction":[{"@type":"SearchAction","target":{"@type":"EntryPoint","urlTemplate":"https:\/\/maranhaotv.com.br\/?s={search_term_string}"},"query-input":{"@type":"PropertyValueSpecification","valueRequired":true,"valueName":"search_term_string"}}],"inLanguage":"pt-BR"},{"@type":"Organization","@id":"https:\/\/maranhaotv.com.br\/#organization","name":"Portal de Not\u00edcias","url":"https:\/\/maranhaotv.com.br\/","logo":{"@type":"ImageObject","inLanguage":"pt-BR","@id":"https:\/\/maranhaotv.com.br\/#\/schema\/logo\/image\/","url":"https:\/\/maranhaotv.com.br\/wp-content\/uploads\/2024\/05\/cropped-cropped-avatar-1.png","contentUrl":"https:\/\/maranhaotv.com.br\/wp-content\/uploads\/2024\/05\/cropped-cropped-avatar-1.png","width":792,"height":428,"caption":"Portal de Not\u00edcias"},"image":{"@id":"https:\/\/maranhaotv.com.br\/#\/schema\/logo\/image\/"},"sameAs":["https:\/\/www.facebook.com\/maiobaotv","https:\/\/x.com\/sitemaranhaotv","https:\/\/www.instagram.com\/maranhao.tv","https:\/\/www.threads.net\/@maranhao.tv"]},{"@type":"Person","@id":"https:\/\/maranhaotv.com.br\/#\/schema\/person\/3d54238e86b20bb5c89ab2fdb8f8829a","name":"maranhaotv","image":{"@type":"ImageObject","inLanguage":"pt-BR","@id":"https:\/\/secure.gravatar.com\/avatar\/8fadbca458d4cb68b1dd399ae9a40618d747bb1af65ac9fad21c89220a143eb4?s=96&d=mm&r=g","url":"https:\/\/secure.gravatar.com\/avatar\/8fadbca458d4cb68b1dd399ae9a40618d747bb1af65ac9fad21c89220a143eb4?s=96&d=mm&r=g","contentUrl":"https:\/\/secure.gravatar.com\/avatar\/8fadbca458d4cb68b1dd399ae9a40618d747bb1af65ac9fad21c89220a143eb4?s=96&d=mm&r=g","caption":"maranhaotv"},"sameAs":["https:\/\/maranhaotv.com.br\/"],"url":"https:\/\/maranhaotv.com.br\/index.php\/author\/maranhaotv\/"}]}},"jetpack_featured_media_url":"","jetpack_sharing_enabled":true,"_links":{"self":[{"href":"https:\/\/maranhaotv.com.br\/index.php\/wp-json\/wp\/v2\/posts\/33903","targetHints":{"allow":["GET"]}}],"collection":[{"href":"https:\/\/maranhaotv.com.br\/index.php\/wp-json\/wp\/v2\/posts"}],"about":[{"href":"https:\/\/maranhaotv.com.br\/index.php\/wp-json\/wp\/v2\/types\/post"}],"author":[{"embeddable":true,"href":"https:\/\/maranhaotv.com.br\/index.php\/wp-json\/wp\/v2\/users\/2"}],"replies":[{"embeddable":true,"href":"https:\/\/maranhaotv.com.br\/index.php\/wp-json\/wp\/v2\/comments?post=33903"}],"version-history":[{"count":0,"href":"https:\/\/maranhaotv.com.br\/index.php\/wp-json\/wp\/v2\/posts\/33903\/revisions"}],"wp:featuredmedia":[{"embeddable":true,"href":"https:\/\/maranhaotv.com.br\/index.php\/wp-json\/"}],"wp:attachment":[{"href":"https:\/\/maranhaotv.com.br\/index.php\/wp-json\/wp\/v2\/media?parent=33903"}],"wp:term":[{"taxonomy":"category","embeddable":true,"href":"https:\/\/maranhaotv.com.br\/index.php\/wp-json\/wp\/v2\/categories?post=33903"},{"taxonomy":"post_tag","embeddable":true,"href":"https:\/\/maranhaotv.com.br\/index.php\/wp-json\/wp\/v2\/tags?post=33903"}],"curies":[{"name":"wp","href":"https:\/\/api.w.org\/{rel}","templated":true}]}}