{"id":33913,"date":"2024-01-06T15:23:14","date_gmt":"2024-01-06T18:23:14","guid":{"rendered":"https:\/\/maranhaotv.com.br\/?p=33913"},"modified":"2024-01-06T15:23:14","modified_gmt":"2024-01-06T18:23:14","slug":"pl-de-carlos-lula-proibe-contratos-da-administracao-publica-estadual-com-condenados-pelos-atos-do-dia-8-de-janeiro","status":"publish","type":"post","link":"https:\/\/maranhaotv.com.br\/index.php\/2024\/01\/06\/pl-de-carlos-lula-proibe-contratos-da-administracao-publica-estadual-com-condenados-pelos-atos-do-dia-8-de-janeiro\/","title":{"rendered":"PL de Carlos Lula pro\u00edbe contratos da Administra\u00e7\u00e3o P\u00fablica Estadual com condenados pelos atos do dia 8 de janeiro"},"content":{"rendered":"\n<p><em>PL de Carlos Lula pro\u00edbe contratos da Administra\u00e7\u00e3o P\u00fablica Estadual com condenados pelos atos do dia 8 de janeiro<\/em><\/p>\n\n\n\n<p><br><br>H\u00e1 quase um ano, no dia 8 de janeiro de 2023, o Brasil acompanhou uma onda de vandalismo que deixou um rastro de destrui\u00e7\u00e3o nas sedes dos Tr\u00eas Poderes, em Bras\u00edlia. Durante uma tentativa frustrada de golpe devido \u00e0 insatisfa\u00e7\u00e3o de apoiadores do ex-presidente Jair Bolsonaro (PL) com o resultado das elei\u00e7\u00f5es. <br><br>Em decorr\u00eancia disso, no Maranh\u00e3o, o deputado estadual Carlos Lula (PSB), prop\u00f4s um Projeto de Lei que pro\u00edbe a pessoa f\u00edsica ou jur\u00eddica que tenha sido comprovadamente condenada pela Justi\u00e7a por ter planejado, executado e\/ou financiado os atos criminosos antidemocr\u00e1ticos praticados em 8 de janeiro de 2023 de contratar com a Administra\u00e7\u00e3o P\u00fablica Estadual. <br><br>\u201cQuase um ano ap\u00f3s o ato do dia 8 de janeiro conseguirmos ter a percep\u00e7\u00e3o de que o que aconteceu foi mais grave do que parecia inicialmente. N\u00e3o foi apenas um ato de vandalismo e depreda\u00e7\u00e3o, se tratou de uma tentativa, ainda que desastrada, de golpe de estado. Uma tentativa de macular a democracia, pois os derrotados da elei\u00e7\u00e3o n\u00e3o aceitaram o resultado do processo eleitoral. E eles devem ser punidos por essa raz\u00e3o\u201d, avaliou o parlamentar. <br><br>Carlos Lula complementa. \u201cPor isso, propomos nessa simbologia do 8 de janeiro, que essas pessoas e empresas, sobretudo, que financiaram e deram apoio a essa tentativa de golpe, n\u00e3o possam mais celebrar contratos ou firmar parcerias com a Administra\u00e7\u00e3o P\u00fablica do Estado do Maranh\u00e3o\u201d, disse. <br><br>Em resposta aos ataques de 8 de janeiro, a PGR (Procuradoria-Geral da Rep\u00fablica) denunciou 1.413 pessoas. Entre eles, 1.156 incitadores, 248 executores, oito agentes p\u00fablicos e um financiador dos atos criminosos. O Supremo Tribunal Federal (STF) j\u00e1 condenou 30 pessoas a partir de den\u00fancias apresentadas pela PGR. O grupo responde pelos crimes de associa\u00e7\u00e3o criminosa armada, aboli\u00e7\u00e3o violenta do Estado democr\u00e1tico de direito, golpe de Estado, dano qualificado pela viol\u00eancia e grave amea\u00e7a e deteriora\u00e7\u00e3o de patrim\u00f4nio tombado.<br><br>\u201cNada mais justo do que impedir que essas pessoas, que participaram desse golpe frustrado, n\u00e3o possam mais se utilizar da Administra\u00e7\u00e3o P\u00fablica Maranhense. Essa \u00e9 uma resposta que a sociedade tem que dar para dizer que n\u00e3o aceita esse tipo de atitude. Nas elei\u00e7\u00f5es ou a gente vence, ou perde e n\u00e3o d\u00e1 para mudar as regras do jogo porque o resultado n\u00e3o agradou\u201d, pontuou o deputado estadual Carlos Lula.<\/p>\n","protected":false},"excerpt":{"rendered":"<p>PL de Carlos Lula pro\u00edbe contratos da Administra\u00e7\u00e3o P\u00fablica Estadual com condenados pelos atos do dia 8 de janeiro H\u00e1<\/p>\n","protected":false},"author":2,"featured_media":33912,"comment_status":"open","ping_status":"open","sticky":false,"template":"","format":"standard","meta":{"colormag_page_container_layout":"default_layout","colormag_page_sidebar_layout":"default_layout","_jetpack_memberships_contains_paid_content":false,"footnotes":""},"categories":[2],"tags":[],"class_list":["post-33913","post","type-post","status-publish","format-standard","has-post-thumbnail","hentry","category-noticias"],"magazineBlocksPostFeaturedMedia":{"thumbnail":false,"medium":false,"medium_large":false,"large":false,"1536x1536":false,"2048x2048":false,"colormag-highlighted-post":false,"colormag-featured-post-medium":false,"colormag-featured-post-small":false,"colormag-featured-image":false,"colormag-default-news":false,"colormag-featured-image-large":false},"magazineBlocksPostAuthor":{"name":"maranhaotv","avatar":"https:\/\/secure.gravatar.com\/avatar\/8fadbca458d4cb68b1dd399ae9a40618d747bb1af65ac9fad21c89220a143eb4?s=96&d=mm&r=g"},"magazineBlocksPostCommentsNumber":"0","magazineBlocksPostExcerpt":"PL de Carlos Lula pro\u00edbe contratos da Administra\u00e7\u00e3o P\u00fablica Estadual com condenados pelos atos do dia 8 de janeiro H\u00e1","magazineBlocksPostCategories":["not\u00edcias"],"magazineBlocksPostViewCount":174,"magazineBlocksPostReadTime":3,"magazine_blocks_featured_image_url":{"full":false,"medium":false,"thumbnail":false},"magazine_blocks_author":{"display_name":"maranhaotv","author_link":"https:\/\/maranhaotv.com.br\/index.php\/author\/maranhaotv\/"},"magazine_blocks_comment":0,"magazine_blocks_author_image":"https:\/\/secure.gravatar.com\/avatar\/8fadbca458d4cb68b1dd399ae9a40618d747bb1af65ac9fad21c89220a143eb4?s=96&d=mm&r=g","magazine_blocks_category":"<a href=\"#\" class=\"category-link category-link-2\">not\u00edcias<\/a>","yoast_head":"<!-- This site is optimized with the Yoast SEO plugin v27.4 - https:\/\/yoast.com\/product\/yoast-seo-wordpress\/ -->\n<title>PL de Carlos Lula pro\u00edbe contratos da Administra\u00e7\u00e3o P\u00fablica Estadual com condenados pelos atos do dia 8 de janeiro - NOT\u00cdCIAS EM TEMPO REAL<\/title>\n<meta name=\"robots\" content=\"index, follow, max-snippet:-1, max-image-preview:large, max-video-preview:-1\" \/>\n<link rel=\"canonical\" href=\"https:\/\/maranhaotv.com.br\/index.php\/2024\/01\/06\/pl-de-carlos-lula-proibe-contratos-da-administracao-publica-estadual-com-condenados-pelos-atos-do-dia-8-de-janeiro\/\" \/>\n<meta property=\"og:locale\" content=\"pt_BR\" \/>\n<meta property=\"og:type\" content=\"article\" \/>\n<meta property=\"og:title\" content=\"PL de Carlos Lula pro\u00edbe contratos da Administra\u00e7\u00e3o P\u00fablica Estadual com condenados pelos atos do dia 8 de janeiro - NOT\u00cdCIAS EM TEMPO REAL\" \/>\n<meta property=\"og:description\" content=\"PL de Carlos Lula pro\u00edbe contratos da Administra\u00e7\u00e3o P\u00fablica Estadual com condenados pelos atos do dia 8 de janeiro H\u00e1\" \/>\n<meta property=\"og:url\" content=\"https:\/\/maranhaotv.com.br\/index.php\/2024\/01\/06\/pl-de-carlos-lula-proibe-contratos-da-administracao-publica-estadual-com-condenados-pelos-atos-do-dia-8-de-janeiro\/\" \/>\n<meta property=\"og:site_name\" content=\"NOT\u00cdCIAS EM TEMPO REAL\" \/>\n<meta property=\"article:publisher\" content=\"https:\/\/www.facebook.com\/maiobaotv\" \/>\n<meta property=\"article:published_time\" content=\"2024-01-06T18:23:14+00:00\" \/>\n<meta name=\"author\" content=\"maranhaotv\" \/>\n<meta name=\"twitter:card\" content=\"summary_large_image\" \/>\n<meta name=\"twitter:creator\" content=\"@sitemaranhaotv\" \/>\n<meta name=\"twitter:site\" content=\"@sitemaranhaotv\" \/>\n<meta name=\"twitter:label1\" content=\"Escrito por\" \/>\n\t<meta name=\"twitter:data1\" content=\"maranhaotv\" \/>\n\t<meta name=\"twitter:label2\" content=\"Est. tempo de leitura\" \/>\n\t<meta name=\"twitter:data2\" content=\"2 minutos\" \/>\n<script type=\"application\/ld+json\" class=\"yoast-schema-graph\">{\"@context\":\"https:\\\/\\\/schema.org\",\"@graph\":[{\"@type\":\"Article\",\"@id\":\"https:\\\/\\\/maranhaotv.com.br\\\/index.php\\\/2024\\\/01\\\/06\\\/pl-de-carlos-lula-proibe-contratos-da-administracao-publica-estadual-com-condenados-pelos-atos-do-dia-8-de-janeiro\\\/#article\",\"isPartOf\":{\"@id\":\"https:\\\/\\\/maranhaotv.com.br\\\/index.php\\\/2024\\\/01\\\/06\\\/pl-de-carlos-lula-proibe-contratos-da-administracao-publica-estadual-com-condenados-pelos-atos-do-dia-8-de-janeiro\\\/\"},\"author\":{\"name\":\"maranhaotv\",\"@id\":\"https:\\\/\\\/maranhaotv.com.br\\\/#\\\/schema\\\/person\\\/3d54238e86b20bb5c89ab2fdb8f8829a\"},\"headline\":\"PL de Carlos Lula pro\u00edbe contratos da Administra\u00e7\u00e3o P\u00fablica Estadual com condenados pelos atos do dia 8 de janeiro\",\"datePublished\":\"2024-01-06T18:23:14+00:00\",\"mainEntityOfPage\":{\"@id\":\"https:\\\/\\\/maranhaotv.com.br\\\/index.php\\\/2024\\\/01\\\/06\\\/pl-de-carlos-lula-proibe-contratos-da-administracao-publica-estadual-com-condenados-pelos-atos-do-dia-8-de-janeiro\\\/\"},\"wordCount\":449,\"commentCount\":0,\"publisher\":{\"@id\":\"https:\\\/\\\/maranhaotv.com.br\\\/#organization\"},\"image\":{\"@id\":\"https:\\\/\\\/maranhaotv.com.br\\\/index.php\\\/2024\\\/01\\\/06\\\/pl-de-carlos-lula-proibe-contratos-da-administracao-publica-estadual-com-condenados-pelos-atos-do-dia-8-de-janeiro\\\/#primaryimage\"},\"thumbnailUrl\":\"\",\"articleSection\":[\"not\u00edcias\"],\"inLanguage\":\"pt-BR\",\"potentialAction\":[{\"@type\":\"CommentAction\",\"name\":\"Comment\",\"target\":[\"https:\\\/\\\/maranhaotv.com.br\\\/index.php\\\/2024\\\/01\\\/06\\\/pl-de-carlos-lula-proibe-contratos-da-administracao-publica-estadual-com-condenados-pelos-atos-do-dia-8-de-janeiro\\\/#respond\"]}]},{\"@type\":\"WebPage\",\"@id\":\"https:\\\/\\\/maranhaotv.com.br\\\/index.php\\\/2024\\\/01\\\/06\\\/pl-de-carlos-lula-proibe-contratos-da-administracao-publica-estadual-com-condenados-pelos-atos-do-dia-8-de-janeiro\\\/\",\"url\":\"https:\\\/\\\/maranhaotv.com.br\\\/index.php\\\/2024\\\/01\\\/06\\\/pl-de-carlos-lula-proibe-contratos-da-administracao-publica-estadual-com-condenados-pelos-atos-do-dia-8-de-janeiro\\\/\",\"name\":\"PL de Carlos Lula pro\u00edbe contratos da Administra\u00e7\u00e3o P\u00fablica Estadual com condenados pelos atos do dia 8 de janeiro - NOT\u00cdCIAS EM TEMPO REAL\",\"isPartOf\":{\"@id\":\"https:\\\/\\\/maranhaotv.com.br\\\/#website\"},\"primaryImageOfPage\":{\"@id\":\"https:\\\/\\\/maranhaotv.com.br\\\/index.php\\\/2024\\\/01\\\/06\\\/pl-de-carlos-lula-proibe-contratos-da-administracao-publica-estadual-com-condenados-pelos-atos-do-dia-8-de-janeiro\\\/#primaryimage\"},\"image\":{\"@id\":\"https:\\\/\\\/maranhaotv.com.br\\\/index.php\\\/2024\\\/01\\\/06\\\/pl-de-carlos-lula-proibe-contratos-da-administracao-publica-estadual-com-condenados-pelos-atos-do-dia-8-de-janeiro\\\/#primaryimage\"},\"thumbnailUrl\":\"\",\"datePublished\":\"2024-01-06T18:23:14+00:00\",\"breadcrumb\":{\"@id\":\"https:\\\/\\\/maranhaotv.com.br\\\/index.php\\\/2024\\\/01\\\/06\\\/pl-de-carlos-lula-proibe-contratos-da-administracao-publica-estadual-com-condenados-pelos-atos-do-dia-8-de-janeiro\\\/#breadcrumb\"},\"inLanguage\":\"pt-BR\",\"potentialAction\":[{\"@type\":\"ReadAction\",\"target\":[\"https:\\\/\\\/maranhaotv.com.br\\\/index.php\\\/2024\\\/01\\\/06\\\/pl-de-carlos-lula-proibe-contratos-da-administracao-publica-estadual-com-condenados-pelos-atos-do-dia-8-de-janeiro\\\/\"]}]},{\"@type\":\"ImageObject\",\"inLanguage\":\"pt-BR\",\"@id\":\"https:\\\/\\\/maranhaotv.com.br\\\/index.php\\\/2024\\\/01\\\/06\\\/pl-de-carlos-lula-proibe-contratos-da-administracao-publica-estadual-com-condenados-pelos-atos-do-dia-8-de-janeiro\\\/#primaryimage\",\"url\":\"\",\"contentUrl\":\"\"},{\"@type\":\"BreadcrumbList\",\"@id\":\"https:\\\/\\\/maranhaotv.com.br\\\/index.php\\\/2024\\\/01\\\/06\\\/pl-de-carlos-lula-proibe-contratos-da-administracao-publica-estadual-com-condenados-pelos-atos-do-dia-8-de-janeiro\\\/#breadcrumb\",\"itemListElement\":[{\"@type\":\"ListItem\",\"position\":1,\"name\":\"In\u00edcio\",\"item\":\"https:\\\/\\\/maranhaotv.com.br\\\/\"},{\"@type\":\"ListItem\",\"position\":2,\"name\":\"PL de Carlos Lula pro\u00edbe contratos da Administra\u00e7\u00e3o P\u00fablica Estadual com condenados pelos atos do dia 8 de janeiro\"}]},{\"@type\":\"WebSite\",\"@id\":\"https:\\\/\\\/maranhaotv.com.br\\\/#website\",\"url\":\"https:\\\/\\\/maranhaotv.com.br\\\/\",\"name\":\"Maranh\u00e3oTV\",\"description\":\"\",\"publisher\":{\"@id\":\"https:\\\/\\\/maranhaotv.com.br\\\/#organization\"},\"potentialAction\":[{\"@type\":\"SearchAction\",\"target\":{\"@type\":\"EntryPoint\",\"urlTemplate\":\"https:\\\/\\\/maranhaotv.com.br\\\/?s={search_term_string}\"},\"query-input\":{\"@type\":\"PropertyValueSpecification\",\"valueRequired\":true,\"valueName\":\"search_term_string\"}}],\"inLanguage\":\"pt-BR\"},{\"@type\":\"Organization\",\"@id\":\"https:\\\/\\\/maranhaotv.com.br\\\/#organization\",\"name\":\"Portal de Not\u00edcias\",\"url\":\"https:\\\/\\\/maranhaotv.com.br\\\/\",\"logo\":{\"@type\":\"ImageObject\",\"inLanguage\":\"pt-BR\",\"@id\":\"https:\\\/\\\/maranhaotv.com.br\\\/#\\\/schema\\\/logo\\\/image\\\/\",\"url\":\"https:\\\/\\\/maranhaotv.com.br\\\/wp-content\\\/uploads\\\/2024\\\/05\\\/cropped-cropped-avatar-1.png\",\"contentUrl\":\"https:\\\/\\\/maranhaotv.com.br\\\/wp-content\\\/uploads\\\/2024\\\/05\\\/cropped-cropped-avatar-1.png\",\"width\":792,\"height\":428,\"caption\":\"Portal de Not\u00edcias\"},\"image\":{\"@id\":\"https:\\\/\\\/maranhaotv.com.br\\\/#\\\/schema\\\/logo\\\/image\\\/\"},\"sameAs\":[\"https:\\\/\\\/www.facebook.com\\\/maiobaotv\",\"https:\\\/\\\/x.com\\\/sitemaranhaotv\",\"https:\\\/\\\/www.instagram.com\\\/maranhao.tv\",\"https:\\\/\\\/www.threads.net\\\/@maranhao.tv\"]},{\"@type\":\"Person\",\"@id\":\"https:\\\/\\\/maranhaotv.com.br\\\/#\\\/schema\\\/person\\\/3d54238e86b20bb5c89ab2fdb8f8829a\",\"name\":\"maranhaotv\",\"image\":{\"@type\":\"ImageObject\",\"inLanguage\":\"pt-BR\",\"@id\":\"https:\\\/\\\/secure.gravatar.com\\\/avatar\\\/8fadbca458d4cb68b1dd399ae9a40618d747bb1af65ac9fad21c89220a143eb4?s=96&d=mm&r=g\",\"url\":\"https:\\\/\\\/secure.gravatar.com\\\/avatar\\\/8fadbca458d4cb68b1dd399ae9a40618d747bb1af65ac9fad21c89220a143eb4?s=96&d=mm&r=g\",\"contentUrl\":\"https:\\\/\\\/secure.gravatar.com\\\/avatar\\\/8fadbca458d4cb68b1dd399ae9a40618d747bb1af65ac9fad21c89220a143eb4?s=96&d=mm&r=g\",\"caption\":\"maranhaotv\"},\"sameAs\":[\"https:\\\/\\\/maranhaotv.com.br\\\/\"],\"url\":\"https:\\\/\\\/maranhaotv.com.br\\\/index.php\\\/author\\\/maranhaotv\\\/\"}]}<\/script>\n<!-- \/ Yoast SEO plugin. -->","yoast_head_json":{"title":"PL de Carlos Lula pro\u00edbe contratos da Administra\u00e7\u00e3o P\u00fablica Estadual com condenados pelos atos do dia 8 de janeiro - NOT\u00cdCIAS EM TEMPO REAL","robots":{"index":"index","follow":"follow","max-snippet":"max-snippet:-1","max-image-preview":"max-image-preview:large","max-video-preview":"max-video-preview:-1"},"canonical":"https:\/\/maranhaotv.com.br\/index.php\/2024\/01\/06\/pl-de-carlos-lula-proibe-contratos-da-administracao-publica-estadual-com-condenados-pelos-atos-do-dia-8-de-janeiro\/","og_locale":"pt_BR","og_type":"article","og_title":"PL de Carlos Lula pro\u00edbe contratos da Administra\u00e7\u00e3o P\u00fablica Estadual com condenados pelos atos do dia 8 de janeiro - NOT\u00cdCIAS EM TEMPO REAL","og_description":"PL de Carlos Lula pro\u00edbe contratos da Administra\u00e7\u00e3o P\u00fablica Estadual com condenados pelos atos do dia 8 de janeiro H\u00e1","og_url":"https:\/\/maranhaotv.com.br\/index.php\/2024\/01\/06\/pl-de-carlos-lula-proibe-contratos-da-administracao-publica-estadual-com-condenados-pelos-atos-do-dia-8-de-janeiro\/","og_site_name":"NOT\u00cdCIAS EM TEMPO REAL","article_publisher":"https:\/\/www.facebook.com\/maiobaotv","article_published_time":"2024-01-06T18:23:14+00:00","author":"maranhaotv","twitter_card":"summary_large_image","twitter_creator":"@sitemaranhaotv","twitter_site":"@sitemaranhaotv","twitter_misc":{"Escrito por":"maranhaotv","Est. tempo de leitura":"2 minutos"},"schema":{"@context":"https:\/\/schema.org","@graph":[{"@type":"Article","@id":"https:\/\/maranhaotv.com.br\/index.php\/2024\/01\/06\/pl-de-carlos-lula-proibe-contratos-da-administracao-publica-estadual-com-condenados-pelos-atos-do-dia-8-de-janeiro\/#article","isPartOf":{"@id":"https:\/\/maranhaotv.com.br\/index.php\/2024\/01\/06\/pl-de-carlos-lula-proibe-contratos-da-administracao-publica-estadual-com-condenados-pelos-atos-do-dia-8-de-janeiro\/"},"author":{"name":"maranhaotv","@id":"https:\/\/maranhaotv.com.br\/#\/schema\/person\/3d54238e86b20bb5c89ab2fdb8f8829a"},"headline":"PL de Carlos Lula pro\u00edbe contratos da Administra\u00e7\u00e3o P\u00fablica Estadual com condenados pelos atos do dia 8 de janeiro","datePublished":"2024-01-06T18:23:14+00:00","mainEntityOfPage":{"@id":"https:\/\/maranhaotv.com.br\/index.php\/2024\/01\/06\/pl-de-carlos-lula-proibe-contratos-da-administracao-publica-estadual-com-condenados-pelos-atos-do-dia-8-de-janeiro\/"},"wordCount":449,"commentCount":0,"publisher":{"@id":"https:\/\/maranhaotv.com.br\/#organization"},"image":{"@id":"https:\/\/maranhaotv.com.br\/index.php\/2024\/01\/06\/pl-de-carlos-lula-proibe-contratos-da-administracao-publica-estadual-com-condenados-pelos-atos-do-dia-8-de-janeiro\/#primaryimage"},"thumbnailUrl":"","articleSection":["not\u00edcias"],"inLanguage":"pt-BR","potentialAction":[{"@type":"CommentAction","name":"Comment","target":["https:\/\/maranhaotv.com.br\/index.php\/2024\/01\/06\/pl-de-carlos-lula-proibe-contratos-da-administracao-publica-estadual-com-condenados-pelos-atos-do-dia-8-de-janeiro\/#respond"]}]},{"@type":"WebPage","@id":"https:\/\/maranhaotv.com.br\/index.php\/2024\/01\/06\/pl-de-carlos-lula-proibe-contratos-da-administracao-publica-estadual-com-condenados-pelos-atos-do-dia-8-de-janeiro\/","url":"https:\/\/maranhaotv.com.br\/index.php\/2024\/01\/06\/pl-de-carlos-lula-proibe-contratos-da-administracao-publica-estadual-com-condenados-pelos-atos-do-dia-8-de-janeiro\/","name":"PL de Carlos Lula pro\u00edbe contratos da Administra\u00e7\u00e3o P\u00fablica Estadual com condenados pelos atos do dia 8 de janeiro - NOT\u00cdCIAS EM TEMPO REAL","isPartOf":{"@id":"https:\/\/maranhaotv.com.br\/#website"},"primaryImageOfPage":{"@id":"https:\/\/maranhaotv.com.br\/index.php\/2024\/01\/06\/pl-de-carlos-lula-proibe-contratos-da-administracao-publica-estadual-com-condenados-pelos-atos-do-dia-8-de-janeiro\/#primaryimage"},"image":{"@id":"https:\/\/maranhaotv.com.br\/index.php\/2024\/01\/06\/pl-de-carlos-lula-proibe-contratos-da-administracao-publica-estadual-com-condenados-pelos-atos-do-dia-8-de-janeiro\/#primaryimage"},"thumbnailUrl":"","datePublished":"2024-01-06T18:23:14+00:00","breadcrumb":{"@id":"https:\/\/maranhaotv.com.br\/index.php\/2024\/01\/06\/pl-de-carlos-lula-proibe-contratos-da-administracao-publica-estadual-com-condenados-pelos-atos-do-dia-8-de-janeiro\/#breadcrumb"},"inLanguage":"pt-BR","potentialAction":[{"@type":"ReadAction","target":["https:\/\/maranhaotv.com.br\/index.php\/2024\/01\/06\/pl-de-carlos-lula-proibe-contratos-da-administracao-publica-estadual-com-condenados-pelos-atos-do-dia-8-de-janeiro\/"]}]},{"@type":"ImageObject","inLanguage":"pt-BR","@id":"https:\/\/maranhaotv.com.br\/index.php\/2024\/01\/06\/pl-de-carlos-lula-proibe-contratos-da-administracao-publica-estadual-com-condenados-pelos-atos-do-dia-8-de-janeiro\/#primaryimage","url":"","contentUrl":""},{"@type":"BreadcrumbList","@id":"https:\/\/maranhaotv.com.br\/index.php\/2024\/01\/06\/pl-de-carlos-lula-proibe-contratos-da-administracao-publica-estadual-com-condenados-pelos-atos-do-dia-8-de-janeiro\/#breadcrumb","itemListElement":[{"@type":"ListItem","position":1,"name":"In\u00edcio","item":"https:\/\/maranhaotv.com.br\/"},{"@type":"ListItem","position":2,"name":"PL de Carlos Lula pro\u00edbe contratos da Administra\u00e7\u00e3o P\u00fablica Estadual com condenados pelos atos do dia 8 de janeiro"}]},{"@type":"WebSite","@id":"https:\/\/maranhaotv.com.br\/#website","url":"https:\/\/maranhaotv.com.br\/","name":"Maranh\u00e3oTV","description":"","publisher":{"@id":"https:\/\/maranhaotv.com.br\/#organization"},"potentialAction":[{"@type":"SearchAction","target":{"@type":"EntryPoint","urlTemplate":"https:\/\/maranhaotv.com.br\/?s={search_term_string}"},"query-input":{"@type":"PropertyValueSpecification","valueRequired":true,"valueName":"search_term_string"}}],"inLanguage":"pt-BR"},{"@type":"Organization","@id":"https:\/\/maranhaotv.com.br\/#organization","name":"Portal de Not\u00edcias","url":"https:\/\/maranhaotv.com.br\/","logo":{"@type":"ImageObject","inLanguage":"pt-BR","@id":"https:\/\/maranhaotv.com.br\/#\/schema\/logo\/image\/","url":"https:\/\/maranhaotv.com.br\/wp-content\/uploads\/2024\/05\/cropped-cropped-avatar-1.png","contentUrl":"https:\/\/maranhaotv.com.br\/wp-content\/uploads\/2024\/05\/cropped-cropped-avatar-1.png","width":792,"height":428,"caption":"Portal de Not\u00edcias"},"image":{"@id":"https:\/\/maranhaotv.com.br\/#\/schema\/logo\/image\/"},"sameAs":["https:\/\/www.facebook.com\/maiobaotv","https:\/\/x.com\/sitemaranhaotv","https:\/\/www.instagram.com\/maranhao.tv","https:\/\/www.threads.net\/@maranhao.tv"]},{"@type":"Person","@id":"https:\/\/maranhaotv.com.br\/#\/schema\/person\/3d54238e86b20bb5c89ab2fdb8f8829a","name":"maranhaotv","image":{"@type":"ImageObject","inLanguage":"pt-BR","@id":"https:\/\/secure.gravatar.com\/avatar\/8fadbca458d4cb68b1dd399ae9a40618d747bb1af65ac9fad21c89220a143eb4?s=96&d=mm&r=g","url":"https:\/\/secure.gravatar.com\/avatar\/8fadbca458d4cb68b1dd399ae9a40618d747bb1af65ac9fad21c89220a143eb4?s=96&d=mm&r=g","contentUrl":"https:\/\/secure.gravatar.com\/avatar\/8fadbca458d4cb68b1dd399ae9a40618d747bb1af65ac9fad21c89220a143eb4?s=96&d=mm&r=g","caption":"maranhaotv"},"sameAs":["https:\/\/maranhaotv.com.br\/"],"url":"https:\/\/maranhaotv.com.br\/index.php\/author\/maranhaotv\/"}]}},"jetpack_featured_media_url":"","jetpack_sharing_enabled":true,"_links":{"self":[{"href":"https:\/\/maranhaotv.com.br\/index.php\/wp-json\/wp\/v2\/posts\/33913","targetHints":{"allow":["GET"]}}],"collection":[{"href":"https:\/\/maranhaotv.com.br\/index.php\/wp-json\/wp\/v2\/posts"}],"about":[{"href":"https:\/\/maranhaotv.com.br\/index.php\/wp-json\/wp\/v2\/types\/post"}],"author":[{"embeddable":true,"href":"https:\/\/maranhaotv.com.br\/index.php\/wp-json\/wp\/v2\/users\/2"}],"replies":[{"embeddable":true,"href":"https:\/\/maranhaotv.com.br\/index.php\/wp-json\/wp\/v2\/comments?post=33913"}],"version-history":[{"count":0,"href":"https:\/\/maranhaotv.com.br\/index.php\/wp-json\/wp\/v2\/posts\/33913\/revisions"}],"wp:featuredmedia":[{"embeddable":true,"href":"https:\/\/maranhaotv.com.br\/index.php\/wp-json\/"}],"wp:attachment":[{"href":"https:\/\/maranhaotv.com.br\/index.php\/wp-json\/wp\/v2\/media?parent=33913"}],"wp:term":[{"taxonomy":"category","embeddable":true,"href":"https:\/\/maranhaotv.com.br\/index.php\/wp-json\/wp\/v2\/categories?post=33913"},{"taxonomy":"post_tag","embeddable":true,"href":"https:\/\/maranhaotv.com.br\/index.php\/wp-json\/wp\/v2\/tags?post=33913"}],"curies":[{"name":"wp","href":"https:\/\/api.w.org\/{rel}","templated":true}]}}