{"id":34021,"date":"2024-01-15T08:15:10","date_gmt":"2024-01-15T11:15:10","guid":{"rendered":"https:\/\/maranhaotv.com.br\/?p=34021"},"modified":"2024-01-15T08:15:10","modified_gmt":"2024-01-15T11:15:10","slug":"sao-jose-de-ribamar-representa-o-maranhao-no-maior-torneio-regional-de-robotica-do-brasil","status":"publish","type":"post","link":"https:\/\/maranhaotv.com.br\/index.php\/2024\/01\/15\/sao-jose-de-ribamar-representa-o-maranhao-no-maior-torneio-regional-de-robotica-do-brasil\/","title":{"rendered":"S\u00e3o Jos\u00e9 de Ribamar representa o Maranh\u00e3o no maior torneio regional de rob\u00f3tica do Brasil"},"content":{"rendered":"\n<p>Celebrando a abertura oficial do Torneio Sesi de Rob\u00f3tica, ao lado de diversas autoridades, a secret\u00e1ria de Assist\u00eancia Social, Trabalho e Renda e primeira-dama de S\u00e3o Jos\u00e9 de Ribamar, Gilvana Duailibe, refor\u00e7a a import\u00e2ncia da Educa\u00e7\u00e3o Criativa nas escolas, como o ensino da rob\u00f3tica.<br><br>\u201cA rob\u00f3tica \u00e9 a materializa\u00e7\u00e3o do pensamento computacional e envolve o desenvolvimento de habilidades que s\u00e3o essenciais durante toda a trajet\u00f3ria humana, como a coordena\u00e7\u00e3o motora, o racioc\u00ednio l\u00f3gico e a socializa\u00e7\u00e3o\u201d, destacou.<br><br>Ela refor\u00e7a que a educa\u00e7\u00e3o mudou e que no nosso cen\u00e1rio atual, \u00e9 primordial que o aluno seja trabalhado nas diferentes esferas: intelectual, f\u00edsico, emocional, social e cultural.<br><br><br><br>E se disse honrada em representar todos o munic\u00edpios do Maranh\u00e3o para falar sobre essa o \u201cPrototipando Sonhos\u201d, importante iniciativa do Sesi que busca levar para as escolas p\u00fablicas o ensino da rob\u00f3tica e colaborar para que esses jovens e adolescentes se tornem mais criativos, inovadores e engajados em solu\u00e7\u00f5es, o que preconiza a Base Nacional Comum Curricular (BNCC).<br><br>Estavam presentes no evento, que vai at\u00e9 este domingo (14), no Multicenter Sebrae e Neg\u00f3cios, o presidente da Federa\u00e7\u00e3o das Ind\u00fastrias do Maranh\u00e3o (FIEMA) e diretor regional do SESI-MA, Edilson Baldez, o superintendente do SESI-MA, Diogo Lima, o governador em exerc\u00edcio do Maranh\u00e3o, Felipe Camar\u00e3o e demais autoridades.<\/p>\n","protected":false},"excerpt":{"rendered":"<p>Celebrando a abertura oficial do Torneio Sesi de Rob\u00f3tica, ao lado de diversas autoridades, a secret\u00e1ria de Assist\u00eancia Social, Trabalho<\/p>\n","protected":false},"author":2,"featured_media":34020,"comment_status":"open","ping_status":"open","sticky":false,"template":"","format":"standard","meta":{"colormag_page_container_layout":"default_layout","colormag_page_sidebar_layout":"default_layout","_jetpack_memberships_contains_paid_content":false,"footnotes":""},"categories":[2],"tags":[],"class_list":["post-34021","post","type-post","status-publish","format-standard","has-post-thumbnail","hentry","category-noticias"],"magazineBlocksPostFeaturedMedia":{"thumbnail":false,"medium":false,"medium_large":false,"large":false,"1536x1536":false,"2048x2048":false,"colormag-highlighted-post":false,"colormag-featured-post-medium":false,"colormag-featured-post-small":false,"colormag-featured-image":false,"colormag-default-news":false,"colormag-featured-image-large":false},"magazineBlocksPostAuthor":{"name":"maranhaotv","avatar":"https:\/\/secure.gravatar.com\/avatar\/8fadbca458d4cb68b1dd399ae9a40618d747bb1af65ac9fad21c89220a143eb4?s=96&d=mm&r=g"},"magazineBlocksPostCommentsNumber":"0","magazineBlocksPostExcerpt":"Celebrando a abertura oficial do Torneio Sesi de Rob\u00f3tica, ao lado de diversas autoridades, a secret\u00e1ria de Assist\u00eancia Social, Trabalho","magazineBlocksPostCategories":["not\u00edcias"],"magazineBlocksPostViewCount":303,"magazineBlocksPostReadTime":2,"magazine_blocks_featured_image_url":{"full":false,"medium":false,"thumbnail":false},"magazine_blocks_author":{"display_name":"maranhaotv","author_link":"https:\/\/maranhaotv.com.br\/index.php\/author\/maranhaotv\/"},"magazine_blocks_comment":0,"magazine_blocks_author_image":"https:\/\/secure.gravatar.com\/avatar\/8fadbca458d4cb68b1dd399ae9a40618d747bb1af65ac9fad21c89220a143eb4?s=96&d=mm&r=g","magazine_blocks_category":"<a href=\"#\" class=\"category-link category-link-2\">not\u00edcias<\/a>","yoast_head":"<!-- This site is optimized with the Yoast SEO plugin v27.4 - https:\/\/yoast.com\/product\/yoast-seo-wordpress\/ -->\n<title>S\u00e3o Jos\u00e9 de Ribamar representa o Maranh\u00e3o no maior torneio regional de rob\u00f3tica do Brasil - NOT\u00cdCIAS EM TEMPO REAL<\/title>\n<meta name=\"robots\" content=\"index, follow, max-snippet:-1, max-image-preview:large, max-video-preview:-1\" \/>\n<link rel=\"canonical\" href=\"https:\/\/maranhaotv.com.br\/index.php\/2024\/01\/15\/sao-jose-de-ribamar-representa-o-maranhao-no-maior-torneio-regional-de-robotica-do-brasil\/\" \/>\n<meta property=\"og:locale\" content=\"pt_BR\" \/>\n<meta property=\"og:type\" content=\"article\" \/>\n<meta property=\"og:title\" content=\"S\u00e3o Jos\u00e9 de Ribamar representa o Maranh\u00e3o no maior torneio regional de rob\u00f3tica do Brasil - NOT\u00cdCIAS EM TEMPO REAL\" \/>\n<meta property=\"og:description\" content=\"Celebrando a abertura oficial do Torneio Sesi de Rob\u00f3tica, ao lado de diversas autoridades, a secret\u00e1ria de Assist\u00eancia Social, Trabalho\" \/>\n<meta property=\"og:url\" content=\"https:\/\/maranhaotv.com.br\/index.php\/2024\/01\/15\/sao-jose-de-ribamar-representa-o-maranhao-no-maior-torneio-regional-de-robotica-do-brasil\/\" \/>\n<meta property=\"og:site_name\" content=\"NOT\u00cdCIAS EM TEMPO REAL\" \/>\n<meta property=\"article:publisher\" content=\"https:\/\/www.facebook.com\/maiobaotv\" \/>\n<meta property=\"article:published_time\" content=\"2024-01-15T11:15:10+00:00\" \/>\n<meta name=\"author\" content=\"maranhaotv\" \/>\n<meta name=\"twitter:card\" content=\"summary_large_image\" \/>\n<meta name=\"twitter:creator\" content=\"@sitemaranhaotv\" \/>\n<meta name=\"twitter:site\" content=\"@sitemaranhaotv\" \/>\n<meta name=\"twitter:label1\" content=\"Escrito por\" \/>\n\t<meta name=\"twitter:data1\" content=\"maranhaotv\" \/>\n\t<meta name=\"twitter:label2\" content=\"Est. tempo de leitura\" \/>\n\t<meta name=\"twitter:data2\" content=\"1 minuto\" \/>\n<script type=\"application\/ld+json\" class=\"yoast-schema-graph\">{\"@context\":\"https:\\\/\\\/schema.org\",\"@graph\":[{\"@type\":\"Article\",\"@id\":\"https:\\\/\\\/maranhaotv.com.br\\\/index.php\\\/2024\\\/01\\\/15\\\/sao-jose-de-ribamar-representa-o-maranhao-no-maior-torneio-regional-de-robotica-do-brasil\\\/#article\",\"isPartOf\":{\"@id\":\"https:\\\/\\\/maranhaotv.com.br\\\/index.php\\\/2024\\\/01\\\/15\\\/sao-jose-de-ribamar-representa-o-maranhao-no-maior-torneio-regional-de-robotica-do-brasil\\\/\"},\"author\":{\"name\":\"maranhaotv\",\"@id\":\"https:\\\/\\\/maranhaotv.com.br\\\/#\\\/schema\\\/person\\\/3d54238e86b20bb5c89ab2fdb8f8829a\"},\"headline\":\"S\u00e3o Jos\u00e9 de Ribamar representa o Maranh\u00e3o no maior torneio regional de rob\u00f3tica do Brasil\",\"datePublished\":\"2024-01-15T11:15:10+00:00\",\"mainEntityOfPage\":{\"@id\":\"https:\\\/\\\/maranhaotv.com.br\\\/index.php\\\/2024\\\/01\\\/15\\\/sao-jose-de-ribamar-representa-o-maranhao-no-maior-torneio-regional-de-robotica-do-brasil\\\/\"},\"wordCount\":259,\"commentCount\":0,\"publisher\":{\"@id\":\"https:\\\/\\\/maranhaotv.com.br\\\/#organization\"},\"image\":{\"@id\":\"https:\\\/\\\/maranhaotv.com.br\\\/index.php\\\/2024\\\/01\\\/15\\\/sao-jose-de-ribamar-representa-o-maranhao-no-maior-torneio-regional-de-robotica-do-brasil\\\/#primaryimage\"},\"thumbnailUrl\":\"\",\"articleSection\":[\"not\u00edcias\"],\"inLanguage\":\"pt-BR\",\"potentialAction\":[{\"@type\":\"CommentAction\",\"name\":\"Comment\",\"target\":[\"https:\\\/\\\/maranhaotv.com.br\\\/index.php\\\/2024\\\/01\\\/15\\\/sao-jose-de-ribamar-representa-o-maranhao-no-maior-torneio-regional-de-robotica-do-brasil\\\/#respond\"]}]},{\"@type\":\"WebPage\",\"@id\":\"https:\\\/\\\/maranhaotv.com.br\\\/index.php\\\/2024\\\/01\\\/15\\\/sao-jose-de-ribamar-representa-o-maranhao-no-maior-torneio-regional-de-robotica-do-brasil\\\/\",\"url\":\"https:\\\/\\\/maranhaotv.com.br\\\/index.php\\\/2024\\\/01\\\/15\\\/sao-jose-de-ribamar-representa-o-maranhao-no-maior-torneio-regional-de-robotica-do-brasil\\\/\",\"name\":\"S\u00e3o Jos\u00e9 de Ribamar representa o Maranh\u00e3o no maior torneio regional de rob\u00f3tica do Brasil - NOT\u00cdCIAS EM TEMPO REAL\",\"isPartOf\":{\"@id\":\"https:\\\/\\\/maranhaotv.com.br\\\/#website\"},\"primaryImageOfPage\":{\"@id\":\"https:\\\/\\\/maranhaotv.com.br\\\/index.php\\\/2024\\\/01\\\/15\\\/sao-jose-de-ribamar-representa-o-maranhao-no-maior-torneio-regional-de-robotica-do-brasil\\\/#primaryimage\"},\"image\":{\"@id\":\"https:\\\/\\\/maranhaotv.com.br\\\/index.php\\\/2024\\\/01\\\/15\\\/sao-jose-de-ribamar-representa-o-maranhao-no-maior-torneio-regional-de-robotica-do-brasil\\\/#primaryimage\"},\"thumbnailUrl\":\"\",\"datePublished\":\"2024-01-15T11:15:10+00:00\",\"breadcrumb\":{\"@id\":\"https:\\\/\\\/maranhaotv.com.br\\\/index.php\\\/2024\\\/01\\\/15\\\/sao-jose-de-ribamar-representa-o-maranhao-no-maior-torneio-regional-de-robotica-do-brasil\\\/#breadcrumb\"},\"inLanguage\":\"pt-BR\",\"potentialAction\":[{\"@type\":\"ReadAction\",\"target\":[\"https:\\\/\\\/maranhaotv.com.br\\\/index.php\\\/2024\\\/01\\\/15\\\/sao-jose-de-ribamar-representa-o-maranhao-no-maior-torneio-regional-de-robotica-do-brasil\\\/\"]}]},{\"@type\":\"ImageObject\",\"inLanguage\":\"pt-BR\",\"@id\":\"https:\\\/\\\/maranhaotv.com.br\\\/index.php\\\/2024\\\/01\\\/15\\\/sao-jose-de-ribamar-representa-o-maranhao-no-maior-torneio-regional-de-robotica-do-brasil\\\/#primaryimage\",\"url\":\"\",\"contentUrl\":\"\"},{\"@type\":\"BreadcrumbList\",\"@id\":\"https:\\\/\\\/maranhaotv.com.br\\\/index.php\\\/2024\\\/01\\\/15\\\/sao-jose-de-ribamar-representa-o-maranhao-no-maior-torneio-regional-de-robotica-do-brasil\\\/#breadcrumb\",\"itemListElement\":[{\"@type\":\"ListItem\",\"position\":1,\"name\":\"In\u00edcio\",\"item\":\"https:\\\/\\\/maranhaotv.com.br\\\/\"},{\"@type\":\"ListItem\",\"position\":2,\"name\":\"S\u00e3o Jos\u00e9 de Ribamar representa o Maranh\u00e3o no maior torneio regional de rob\u00f3tica do Brasil\"}]},{\"@type\":\"WebSite\",\"@id\":\"https:\\\/\\\/maranhaotv.com.br\\\/#website\",\"url\":\"https:\\\/\\\/maranhaotv.com.br\\\/\",\"name\":\"Maranh\u00e3oTV\",\"description\":\"\",\"publisher\":{\"@id\":\"https:\\\/\\\/maranhaotv.com.br\\\/#organization\"},\"potentialAction\":[{\"@type\":\"SearchAction\",\"target\":{\"@type\":\"EntryPoint\",\"urlTemplate\":\"https:\\\/\\\/maranhaotv.com.br\\\/?s={search_term_string}\"},\"query-input\":{\"@type\":\"PropertyValueSpecification\",\"valueRequired\":true,\"valueName\":\"search_term_string\"}}],\"inLanguage\":\"pt-BR\"},{\"@type\":\"Organization\",\"@id\":\"https:\\\/\\\/maranhaotv.com.br\\\/#organization\",\"name\":\"Portal de Not\u00edcias\",\"url\":\"https:\\\/\\\/maranhaotv.com.br\\\/\",\"logo\":{\"@type\":\"ImageObject\",\"inLanguage\":\"pt-BR\",\"@id\":\"https:\\\/\\\/maranhaotv.com.br\\\/#\\\/schema\\\/logo\\\/image\\\/\",\"url\":\"https:\\\/\\\/maranhaotv.com.br\\\/wp-content\\\/uploads\\\/2024\\\/05\\\/cropped-cropped-avatar-1.png\",\"contentUrl\":\"https:\\\/\\\/maranhaotv.com.br\\\/wp-content\\\/uploads\\\/2024\\\/05\\\/cropped-cropped-avatar-1.png\",\"width\":792,\"height\":428,\"caption\":\"Portal de Not\u00edcias\"},\"image\":{\"@id\":\"https:\\\/\\\/maranhaotv.com.br\\\/#\\\/schema\\\/logo\\\/image\\\/\"},\"sameAs\":[\"https:\\\/\\\/www.facebook.com\\\/maiobaotv\",\"https:\\\/\\\/x.com\\\/sitemaranhaotv\",\"https:\\\/\\\/www.instagram.com\\\/maranhao.tv\",\"https:\\\/\\\/www.threads.net\\\/@maranhao.tv\"]},{\"@type\":\"Person\",\"@id\":\"https:\\\/\\\/maranhaotv.com.br\\\/#\\\/schema\\\/person\\\/3d54238e86b20bb5c89ab2fdb8f8829a\",\"name\":\"maranhaotv\",\"image\":{\"@type\":\"ImageObject\",\"inLanguage\":\"pt-BR\",\"@id\":\"https:\\\/\\\/secure.gravatar.com\\\/avatar\\\/8fadbca458d4cb68b1dd399ae9a40618d747bb1af65ac9fad21c89220a143eb4?s=96&d=mm&r=g\",\"url\":\"https:\\\/\\\/secure.gravatar.com\\\/avatar\\\/8fadbca458d4cb68b1dd399ae9a40618d747bb1af65ac9fad21c89220a143eb4?s=96&d=mm&r=g\",\"contentUrl\":\"https:\\\/\\\/secure.gravatar.com\\\/avatar\\\/8fadbca458d4cb68b1dd399ae9a40618d747bb1af65ac9fad21c89220a143eb4?s=96&d=mm&r=g\",\"caption\":\"maranhaotv\"},\"sameAs\":[\"https:\\\/\\\/maranhaotv.com.br\\\/\"],\"url\":\"https:\\\/\\\/maranhaotv.com.br\\\/index.php\\\/author\\\/maranhaotv\\\/\"}]}<\/script>\n<!-- \/ Yoast SEO plugin. -->","yoast_head_json":{"title":"S\u00e3o Jos\u00e9 de Ribamar representa o Maranh\u00e3o no maior torneio regional de rob\u00f3tica do Brasil - NOT\u00cdCIAS EM TEMPO REAL","robots":{"index":"index","follow":"follow","max-snippet":"max-snippet:-1","max-image-preview":"max-image-preview:large","max-video-preview":"max-video-preview:-1"},"canonical":"https:\/\/maranhaotv.com.br\/index.php\/2024\/01\/15\/sao-jose-de-ribamar-representa-o-maranhao-no-maior-torneio-regional-de-robotica-do-brasil\/","og_locale":"pt_BR","og_type":"article","og_title":"S\u00e3o Jos\u00e9 de Ribamar representa o Maranh\u00e3o no maior torneio regional de rob\u00f3tica do Brasil - NOT\u00cdCIAS EM TEMPO REAL","og_description":"Celebrando a abertura oficial do Torneio Sesi de Rob\u00f3tica, ao lado de diversas autoridades, a secret\u00e1ria de Assist\u00eancia Social, Trabalho","og_url":"https:\/\/maranhaotv.com.br\/index.php\/2024\/01\/15\/sao-jose-de-ribamar-representa-o-maranhao-no-maior-torneio-regional-de-robotica-do-brasil\/","og_site_name":"NOT\u00cdCIAS EM TEMPO REAL","article_publisher":"https:\/\/www.facebook.com\/maiobaotv","article_published_time":"2024-01-15T11:15:10+00:00","author":"maranhaotv","twitter_card":"summary_large_image","twitter_creator":"@sitemaranhaotv","twitter_site":"@sitemaranhaotv","twitter_misc":{"Escrito por":"maranhaotv","Est. tempo de leitura":"1 minuto"},"schema":{"@context":"https:\/\/schema.org","@graph":[{"@type":"Article","@id":"https:\/\/maranhaotv.com.br\/index.php\/2024\/01\/15\/sao-jose-de-ribamar-representa-o-maranhao-no-maior-torneio-regional-de-robotica-do-brasil\/#article","isPartOf":{"@id":"https:\/\/maranhaotv.com.br\/index.php\/2024\/01\/15\/sao-jose-de-ribamar-representa-o-maranhao-no-maior-torneio-regional-de-robotica-do-brasil\/"},"author":{"name":"maranhaotv","@id":"https:\/\/maranhaotv.com.br\/#\/schema\/person\/3d54238e86b20bb5c89ab2fdb8f8829a"},"headline":"S\u00e3o Jos\u00e9 de Ribamar representa o Maranh\u00e3o no maior torneio regional de rob\u00f3tica do Brasil","datePublished":"2024-01-15T11:15:10+00:00","mainEntityOfPage":{"@id":"https:\/\/maranhaotv.com.br\/index.php\/2024\/01\/15\/sao-jose-de-ribamar-representa-o-maranhao-no-maior-torneio-regional-de-robotica-do-brasil\/"},"wordCount":259,"commentCount":0,"publisher":{"@id":"https:\/\/maranhaotv.com.br\/#organization"},"image":{"@id":"https:\/\/maranhaotv.com.br\/index.php\/2024\/01\/15\/sao-jose-de-ribamar-representa-o-maranhao-no-maior-torneio-regional-de-robotica-do-brasil\/#primaryimage"},"thumbnailUrl":"","articleSection":["not\u00edcias"],"inLanguage":"pt-BR","potentialAction":[{"@type":"CommentAction","name":"Comment","target":["https:\/\/maranhaotv.com.br\/index.php\/2024\/01\/15\/sao-jose-de-ribamar-representa-o-maranhao-no-maior-torneio-regional-de-robotica-do-brasil\/#respond"]}]},{"@type":"WebPage","@id":"https:\/\/maranhaotv.com.br\/index.php\/2024\/01\/15\/sao-jose-de-ribamar-representa-o-maranhao-no-maior-torneio-regional-de-robotica-do-brasil\/","url":"https:\/\/maranhaotv.com.br\/index.php\/2024\/01\/15\/sao-jose-de-ribamar-representa-o-maranhao-no-maior-torneio-regional-de-robotica-do-brasil\/","name":"S\u00e3o Jos\u00e9 de Ribamar representa o Maranh\u00e3o no maior torneio regional de rob\u00f3tica do Brasil - NOT\u00cdCIAS EM TEMPO REAL","isPartOf":{"@id":"https:\/\/maranhaotv.com.br\/#website"},"primaryImageOfPage":{"@id":"https:\/\/maranhaotv.com.br\/index.php\/2024\/01\/15\/sao-jose-de-ribamar-representa-o-maranhao-no-maior-torneio-regional-de-robotica-do-brasil\/#primaryimage"},"image":{"@id":"https:\/\/maranhaotv.com.br\/index.php\/2024\/01\/15\/sao-jose-de-ribamar-representa-o-maranhao-no-maior-torneio-regional-de-robotica-do-brasil\/#primaryimage"},"thumbnailUrl":"","datePublished":"2024-01-15T11:15:10+00:00","breadcrumb":{"@id":"https:\/\/maranhaotv.com.br\/index.php\/2024\/01\/15\/sao-jose-de-ribamar-representa-o-maranhao-no-maior-torneio-regional-de-robotica-do-brasil\/#breadcrumb"},"inLanguage":"pt-BR","potentialAction":[{"@type":"ReadAction","target":["https:\/\/maranhaotv.com.br\/index.php\/2024\/01\/15\/sao-jose-de-ribamar-representa-o-maranhao-no-maior-torneio-regional-de-robotica-do-brasil\/"]}]},{"@type":"ImageObject","inLanguage":"pt-BR","@id":"https:\/\/maranhaotv.com.br\/index.php\/2024\/01\/15\/sao-jose-de-ribamar-representa-o-maranhao-no-maior-torneio-regional-de-robotica-do-brasil\/#primaryimage","url":"","contentUrl":""},{"@type":"BreadcrumbList","@id":"https:\/\/maranhaotv.com.br\/index.php\/2024\/01\/15\/sao-jose-de-ribamar-representa-o-maranhao-no-maior-torneio-regional-de-robotica-do-brasil\/#breadcrumb","itemListElement":[{"@type":"ListItem","position":1,"name":"In\u00edcio","item":"https:\/\/maranhaotv.com.br\/"},{"@type":"ListItem","position":2,"name":"S\u00e3o Jos\u00e9 de Ribamar representa o Maranh\u00e3o no maior torneio regional de rob\u00f3tica do Brasil"}]},{"@type":"WebSite","@id":"https:\/\/maranhaotv.com.br\/#website","url":"https:\/\/maranhaotv.com.br\/","name":"Maranh\u00e3oTV","description":"","publisher":{"@id":"https:\/\/maranhaotv.com.br\/#organization"},"potentialAction":[{"@type":"SearchAction","target":{"@type":"EntryPoint","urlTemplate":"https:\/\/maranhaotv.com.br\/?s={search_term_string}"},"query-input":{"@type":"PropertyValueSpecification","valueRequired":true,"valueName":"search_term_string"}}],"inLanguage":"pt-BR"},{"@type":"Organization","@id":"https:\/\/maranhaotv.com.br\/#organization","name":"Portal de Not\u00edcias","url":"https:\/\/maranhaotv.com.br\/","logo":{"@type":"ImageObject","inLanguage":"pt-BR","@id":"https:\/\/maranhaotv.com.br\/#\/schema\/logo\/image\/","url":"https:\/\/maranhaotv.com.br\/wp-content\/uploads\/2024\/05\/cropped-cropped-avatar-1.png","contentUrl":"https:\/\/maranhaotv.com.br\/wp-content\/uploads\/2024\/05\/cropped-cropped-avatar-1.png","width":792,"height":428,"caption":"Portal de Not\u00edcias"},"image":{"@id":"https:\/\/maranhaotv.com.br\/#\/schema\/logo\/image\/"},"sameAs":["https:\/\/www.facebook.com\/maiobaotv","https:\/\/x.com\/sitemaranhaotv","https:\/\/www.instagram.com\/maranhao.tv","https:\/\/www.threads.net\/@maranhao.tv"]},{"@type":"Person","@id":"https:\/\/maranhaotv.com.br\/#\/schema\/person\/3d54238e86b20bb5c89ab2fdb8f8829a","name":"maranhaotv","image":{"@type":"ImageObject","inLanguage":"pt-BR","@id":"https:\/\/secure.gravatar.com\/avatar\/8fadbca458d4cb68b1dd399ae9a40618d747bb1af65ac9fad21c89220a143eb4?s=96&d=mm&r=g","url":"https:\/\/secure.gravatar.com\/avatar\/8fadbca458d4cb68b1dd399ae9a40618d747bb1af65ac9fad21c89220a143eb4?s=96&d=mm&r=g","contentUrl":"https:\/\/secure.gravatar.com\/avatar\/8fadbca458d4cb68b1dd399ae9a40618d747bb1af65ac9fad21c89220a143eb4?s=96&d=mm&r=g","caption":"maranhaotv"},"sameAs":["https:\/\/maranhaotv.com.br\/"],"url":"https:\/\/maranhaotv.com.br\/index.php\/author\/maranhaotv\/"}]}},"jetpack_featured_media_url":"","jetpack_sharing_enabled":true,"_links":{"self":[{"href":"https:\/\/maranhaotv.com.br\/index.php\/wp-json\/wp\/v2\/posts\/34021","targetHints":{"allow":["GET"]}}],"collection":[{"href":"https:\/\/maranhaotv.com.br\/index.php\/wp-json\/wp\/v2\/posts"}],"about":[{"href":"https:\/\/maranhaotv.com.br\/index.php\/wp-json\/wp\/v2\/types\/post"}],"author":[{"embeddable":true,"href":"https:\/\/maranhaotv.com.br\/index.php\/wp-json\/wp\/v2\/users\/2"}],"replies":[{"embeddable":true,"href":"https:\/\/maranhaotv.com.br\/index.php\/wp-json\/wp\/v2\/comments?post=34021"}],"version-history":[{"count":0,"href":"https:\/\/maranhaotv.com.br\/index.php\/wp-json\/wp\/v2\/posts\/34021\/revisions"}],"wp:featuredmedia":[{"embeddable":true,"href":"https:\/\/maranhaotv.com.br\/index.php\/wp-json\/"}],"wp:attachment":[{"href":"https:\/\/maranhaotv.com.br\/index.php\/wp-json\/wp\/v2\/media?parent=34021"}],"wp:term":[{"taxonomy":"category","embeddable":true,"href":"https:\/\/maranhaotv.com.br\/index.php\/wp-json\/wp\/v2\/categories?post=34021"},{"taxonomy":"post_tag","embeddable":true,"href":"https:\/\/maranhaotv.com.br\/index.php\/wp-json\/wp\/v2\/tags?post=34021"}],"curies":[{"name":"wp","href":"https:\/\/api.w.org\/{rel}","templated":true}]}}