{"id":34030,"date":"2024-01-15T12:01:45","date_gmt":"2024-01-15T15:01:45","guid":{"rendered":"https:\/\/maranhaotv.com.br\/?p=34030"},"modified":"2024-01-15T12:01:45","modified_gmt":"2024-01-15T15:01:45","slug":"eleicoes-2024-voce-conhece-as-atribuicoes-do-prefeito-e-do-vereador-em-seu-municipio","status":"publish","type":"post","link":"https:\/\/maranhaotv.com.br\/index.php\/2024\/01\/15\/eleicoes-2024-voce-conhece-as-atribuicoes-do-prefeito-e-do-vereador-em-seu-municipio\/","title":{"rendered":"Elei\u00e7\u00f5es 2024: Voc\u00ea conhece as atribui\u00e7\u00f5es do prefeito e do vereador em seu munic\u00edpio?"},"content":{"rendered":"\n<p>Em novembro de 2020, mais de 147 milh\u00f5es de eleitoras e eleitores estavam aptos a escolher candidatas e candidatos aos cargos de prefeito e vereador. Nas Elei\u00e7\u00f5es Municipais de 2024, mais de 150 milh\u00f5es de eleitoras e eleitores estar\u00e3o aptos a votar nas urnas eletr\u00f4nicas para os mesmos cargos em outubro. Mas voc\u00ea sabe o que um prefeito ou uma prefeita faz? E qual \u00e9 o papel de uma vereadora ou de um vereador? A gente explica tudo direitinho aqui.<br><br>Tanto prefeitos quanto vereadores cuidam do bem-estar social dos habitantes de um munic\u00edpio. Na esfera pol\u00edtica e administrativa do pa\u00eds, s\u00e3o as pessoas que est\u00e3o mais pr\u00f3ximas das necessidades dos moradores de uma cidade. Por isso, devem ter os mandatos e as realiza\u00e7\u00f5es acompanhados por todos para uma avalia\u00e7\u00e3o.<br><br>O que faz o prefeito?<br><br>O prefeito \u00e9 o chefe do Poder Executivo municipal. Isso quer dizer que a pessoa que ocupa o cargo \u00e9 a gestora da cidade onde voc\u00ea mora. Sabe a cal\u00e7ada por onde voc\u00ea passa, o parque que voc\u00ea frequenta ou a unidade de sa\u00fade aonde voc\u00ea vai quando est\u00e1 doente? Tudo isso e muito mais tem rela\u00e7\u00e3o com a atua\u00e7\u00e3o de prefeitas e prefeitos.<br><br>Durante o mandato de quatro anos, eles devem controlar os gastos do dinheiro p\u00fablico; planejar e concretizar obras p\u00fablicas; administrar o munic\u00edpio por meio da arrecada\u00e7\u00e3o de impostos e taxas que servem para custear projetos e programas em diversas \u00e1reas, como limpeza e ilumina\u00e7\u00e3o p\u00fablica, servi\u00e7os de sa\u00fade municipal, educa\u00e7\u00e3o infantil e ensino fundamental, entre outras.<br><br>Cabe a quem ocupa o cargo de prefeito:<br><br>desenvolver as fun\u00e7\u00f5es sociais da cidade e garantir o bem-estar de seus habitantes;<br>organizar os servi\u00e7os p\u00fablicos de interesse local;<br>proteger o patrim\u00f4nio hist\u00f3rico-cultural do munic\u00edpio;<br>garantir o transporte p\u00fablico e a organiza\u00e7\u00e3o do tr\u00e2nsito;<br>atender \u00e0 comunidade, ouvindo suas reivindica\u00e7\u00f5es e seus anseios;<br>pavimentar ruas, preservar e construir espa\u00e7os p\u00fablicos, como pra\u00e7as e parques;<br>promover o desenvolvimento urbano e o ordenamento territorial;<br>buscar conv\u00eanios, benef\u00edcios e aux\u00edlios para o munic\u00edpio que representa;<br>apresentar projetos de lei \u00e0 C\u00e2mara Municipal, al\u00e9m de sancionar ou vetar projetos de lei aprovados pelo Legislativo da cidade;<br>intermediar politicamente com outras esferas do poder, sempre com o intuito de beneficiar a popula\u00e7\u00e3o local;<br>zelar pelo meio ambiente, pela limpeza do munic\u00edpio e pelo saneamento b\u00e1sico;<br>implementar e manter \u2013 em boas condi\u00e7\u00f5es de funcionamento \u2013 postos de sa\u00fade, escolas e creches municipais, al\u00e9m de assumir o transporte escolar das crian\u00e7as; e<br>arrecadar, administrar e aplicar os impostos municipais da melhor forma.<br>A elei\u00e7\u00e3o para as Prefeituras segue a mesma l\u00f3gica da escolha para governador e presidente da Rep\u00fablica: vota\u00e7\u00e3o majorit\u00e1ria. Em munic\u00edpios com mais de 200 mil eleitores, a elei\u00e7\u00e3o para o cargo de prefeito pode acontecer no segundo turno caso uma candidatura n\u00e3o alcance mais da metade dos votos v\u00e1lidos (dados somente a candidatas e a candidatos) na primeira vota\u00e7\u00e3o. Nesse caso, competem no segundo turno os dois concorrentes mais votados na primeira etapa. Nos demais munic\u00edpios, quem vencer no primeiro turno, independentemente da quantidade de votos, \u00e9 eleito.<br><br>O que faz o vereador?<br><br>J\u00e1 o vereador \u00e9 aquele que orienta o caminho, ou seja, ele \u00e9 a liga\u00e7\u00e3o entre o povo e o governo municipal. O vereador faz parte do Poder Legislativo da cidade e, assim como o prefeito, \u00e9 um representante da sociedade. \u00c9 a pessoa que elabora projetos de lei, que depois v\u00e3o ser votados pela C\u00e2mara Municipal.<br><br>Tamb\u00e9m \u00e9 responsabilidade do vereador fiscalizar os projetos, os programas e as a\u00e7\u00f5es da Prefeitura, principalmente no que diz respeito ao cumprimento da lei e da boa gest\u00e3o do dinheiro p\u00fablico, observando o or\u00e7amento e a aplica\u00e7\u00e3o dos recursos.<br><br>Em conjunto com os prefeitos, vereadoras e vereadores trabalham na promo\u00e7\u00e3o dos interesses e do bem-estar da popula\u00e7\u00e3o, mas de forma diferente.<br><br>O papel principal do vereador \u00e9 propor, analisar, discutir e votar leis municipais relacionadas a temas como transporte p\u00fablico, educa\u00e7\u00e3o municipal, servi\u00e7os de aten\u00e7\u00e3o b\u00e1sica \u00e0 sa\u00fade, saneamento e determinados impostos, entre outros temas importantes para a cidade. Vale lembrar que a pessoa que ocupa o cargo de vereador n\u00e3o realiza obras.<br><br>Entre os projetos mais importantes discutidos pelas C\u00e2maras Municipais, est\u00e1 a Lei Or\u00e7ament\u00e1ria Anual (LOA), proposta pelo prefeito, mas que pode ser modificada pelos vereadores e que define como os recursos financeiros ser\u00e3o aplicados pela Prefeitura no exerc\u00edcio financeiro do ano seguinte.<br><br>A elei\u00e7\u00e3o para vereador \u00e9 proporcional. Isso significa que nem sempre os mais votados conseguem um cargo na C\u00e2mara Municipal. Isso porque o C\u00f3digo Eleitoral prev\u00ea a aplica\u00e7\u00e3o dos quocientes eleitoral e partid\u00e1rio para esse tipo de vota\u00e7\u00e3o. O total de vagas para a C\u00e2mara de Vereadores depende do tamanho da popula\u00e7\u00e3o de cada cidade, conforme definido pelo inciso IV do artigo 29 da Constitui\u00e7\u00e3o Federal.<br><br>Fonte: Tribunal Superior Eleitoral<\/p>\n","protected":false},"excerpt":{"rendered":"<p>Em novembro de 2020, mais de 147 milh\u00f5es de eleitoras e eleitores estavam aptos a escolher candidatas e candidatos aos<\/p>\n","protected":false},"author":2,"featured_media":34029,"comment_status":"open","ping_status":"open","sticky":false,"template":"","format":"standard","meta":{"colormag_page_container_layout":"default_layout","colormag_page_sidebar_layout":"default_layout","_jetpack_memberships_contains_paid_content":false,"footnotes":""},"categories":[2],"tags":[],"class_list":["post-34030","post","type-post","status-publish","format-standard","has-post-thumbnail","hentry","category-noticias"],"magazineBlocksPostFeaturedMedia":{"thumbnail":false,"medium":false,"medium_large":false,"large":false,"1536x1536":false,"2048x2048":false,"colormag-highlighted-post":false,"colormag-featured-post-medium":false,"colormag-featured-post-small":false,"colormag-featured-image":false,"colormag-default-news":false,"colormag-featured-image-large":false},"magazineBlocksPostAuthor":{"name":"maranhaotv","avatar":"https:\/\/secure.gravatar.com\/avatar\/8fadbca458d4cb68b1dd399ae9a40618d747bb1af65ac9fad21c89220a143eb4?s=96&d=mm&r=g"},"magazineBlocksPostCommentsNumber":"0","magazineBlocksPostExcerpt":"Em novembro de 2020, mais de 147 milh\u00f5es de eleitoras e eleitores estavam aptos a escolher candidatas e candidatos aos","magazineBlocksPostCategories":["not\u00edcias"],"magazineBlocksPostViewCount":204,"magazineBlocksPostReadTime":5,"magazine_blocks_featured_image_url":{"full":false,"medium":false,"thumbnail":false},"magazine_blocks_author":{"display_name":"maranhaotv","author_link":"https:\/\/maranhaotv.com.br\/index.php\/author\/maranhaotv\/"},"magazine_blocks_comment":0,"magazine_blocks_author_image":"https:\/\/secure.gravatar.com\/avatar\/8fadbca458d4cb68b1dd399ae9a40618d747bb1af65ac9fad21c89220a143eb4?s=96&d=mm&r=g","magazine_blocks_category":"<a href=\"#\" class=\"category-link category-link-2\">not\u00edcias<\/a>","yoast_head":"<!-- This site is optimized with the Yoast SEO plugin v27.4 - https:\/\/yoast.com\/product\/yoast-seo-wordpress\/ -->\n<title>Elei\u00e7\u00f5es 2024: Voc\u00ea conhece as atribui\u00e7\u00f5es do prefeito e do vereador em seu munic\u00edpio? - NOT\u00cdCIAS EM TEMPO REAL<\/title>\n<meta name=\"robots\" content=\"index, follow, max-snippet:-1, max-image-preview:large, max-video-preview:-1\" \/>\n<link rel=\"canonical\" href=\"https:\/\/maranhaotv.com.br\/index.php\/2024\/01\/15\/eleicoes-2024-voce-conhece-as-atribuicoes-do-prefeito-e-do-vereador-em-seu-municipio\/\" \/>\n<meta property=\"og:locale\" content=\"pt_BR\" \/>\n<meta property=\"og:type\" content=\"article\" \/>\n<meta property=\"og:title\" content=\"Elei\u00e7\u00f5es 2024: Voc\u00ea conhece as atribui\u00e7\u00f5es do prefeito e do vereador em seu munic\u00edpio? - NOT\u00cdCIAS EM TEMPO REAL\" \/>\n<meta property=\"og:description\" content=\"Em novembro de 2020, mais de 147 milh\u00f5es de eleitoras e eleitores estavam aptos a escolher candidatas e candidatos aos\" \/>\n<meta property=\"og:url\" content=\"https:\/\/maranhaotv.com.br\/index.php\/2024\/01\/15\/eleicoes-2024-voce-conhece-as-atribuicoes-do-prefeito-e-do-vereador-em-seu-municipio\/\" \/>\n<meta property=\"og:site_name\" content=\"NOT\u00cdCIAS EM TEMPO REAL\" \/>\n<meta property=\"article:publisher\" content=\"https:\/\/www.facebook.com\/maiobaotv\" \/>\n<meta property=\"article:published_time\" content=\"2024-01-15T15:01:45+00:00\" \/>\n<meta name=\"author\" content=\"maranhaotv\" \/>\n<meta name=\"twitter:card\" content=\"summary_large_image\" \/>\n<meta name=\"twitter:creator\" content=\"@sitemaranhaotv\" \/>\n<meta name=\"twitter:site\" content=\"@sitemaranhaotv\" \/>\n<meta name=\"twitter:label1\" content=\"Escrito por\" \/>\n\t<meta name=\"twitter:data1\" content=\"maranhaotv\" \/>\n\t<meta name=\"twitter:label2\" content=\"Est. tempo de leitura\" \/>\n\t<meta name=\"twitter:data2\" content=\"4 minutos\" \/>\n<script type=\"application\/ld+json\" class=\"yoast-schema-graph\">{\"@context\":\"https:\\\/\\\/schema.org\",\"@graph\":[{\"@type\":\"Article\",\"@id\":\"https:\\\/\\\/maranhaotv.com.br\\\/index.php\\\/2024\\\/01\\\/15\\\/eleicoes-2024-voce-conhece-as-atribuicoes-do-prefeito-e-do-vereador-em-seu-municipio\\\/#article\",\"isPartOf\":{\"@id\":\"https:\\\/\\\/maranhaotv.com.br\\\/index.php\\\/2024\\\/01\\\/15\\\/eleicoes-2024-voce-conhece-as-atribuicoes-do-prefeito-e-do-vereador-em-seu-municipio\\\/\"},\"author\":{\"name\":\"maranhaotv\",\"@id\":\"https:\\\/\\\/maranhaotv.com.br\\\/#\\\/schema\\\/person\\\/3d54238e86b20bb5c89ab2fdb8f8829a\"},\"headline\":\"Elei\u00e7\u00f5es 2024: Voc\u00ea conhece as atribui\u00e7\u00f5es do prefeito e do vereador em seu munic\u00edpio?\",\"datePublished\":\"2024-01-15T15:01:45+00:00\",\"mainEntityOfPage\":{\"@id\":\"https:\\\/\\\/maranhaotv.com.br\\\/index.php\\\/2024\\\/01\\\/15\\\/eleicoes-2024-voce-conhece-as-atribuicoes-do-prefeito-e-do-vereador-em-seu-municipio\\\/\"},\"wordCount\":883,\"commentCount\":0,\"publisher\":{\"@id\":\"https:\\\/\\\/maranhaotv.com.br\\\/#organization\"},\"image\":{\"@id\":\"https:\\\/\\\/maranhaotv.com.br\\\/index.php\\\/2024\\\/01\\\/15\\\/eleicoes-2024-voce-conhece-as-atribuicoes-do-prefeito-e-do-vereador-em-seu-municipio\\\/#primaryimage\"},\"thumbnailUrl\":\"\",\"articleSection\":[\"not\u00edcias\"],\"inLanguage\":\"pt-BR\",\"potentialAction\":[{\"@type\":\"CommentAction\",\"name\":\"Comment\",\"target\":[\"https:\\\/\\\/maranhaotv.com.br\\\/index.php\\\/2024\\\/01\\\/15\\\/eleicoes-2024-voce-conhece-as-atribuicoes-do-prefeito-e-do-vereador-em-seu-municipio\\\/#respond\"]}]},{\"@type\":\"WebPage\",\"@id\":\"https:\\\/\\\/maranhaotv.com.br\\\/index.php\\\/2024\\\/01\\\/15\\\/eleicoes-2024-voce-conhece-as-atribuicoes-do-prefeito-e-do-vereador-em-seu-municipio\\\/\",\"url\":\"https:\\\/\\\/maranhaotv.com.br\\\/index.php\\\/2024\\\/01\\\/15\\\/eleicoes-2024-voce-conhece-as-atribuicoes-do-prefeito-e-do-vereador-em-seu-municipio\\\/\",\"name\":\"Elei\u00e7\u00f5es 2024: Voc\u00ea conhece as atribui\u00e7\u00f5es do prefeito e do vereador em seu munic\u00edpio? - NOT\u00cdCIAS EM TEMPO REAL\",\"isPartOf\":{\"@id\":\"https:\\\/\\\/maranhaotv.com.br\\\/#website\"},\"primaryImageOfPage\":{\"@id\":\"https:\\\/\\\/maranhaotv.com.br\\\/index.php\\\/2024\\\/01\\\/15\\\/eleicoes-2024-voce-conhece-as-atribuicoes-do-prefeito-e-do-vereador-em-seu-municipio\\\/#primaryimage\"},\"image\":{\"@id\":\"https:\\\/\\\/maranhaotv.com.br\\\/index.php\\\/2024\\\/01\\\/15\\\/eleicoes-2024-voce-conhece-as-atribuicoes-do-prefeito-e-do-vereador-em-seu-municipio\\\/#primaryimage\"},\"thumbnailUrl\":\"\",\"datePublished\":\"2024-01-15T15:01:45+00:00\",\"breadcrumb\":{\"@id\":\"https:\\\/\\\/maranhaotv.com.br\\\/index.php\\\/2024\\\/01\\\/15\\\/eleicoes-2024-voce-conhece-as-atribuicoes-do-prefeito-e-do-vereador-em-seu-municipio\\\/#breadcrumb\"},\"inLanguage\":\"pt-BR\",\"potentialAction\":[{\"@type\":\"ReadAction\",\"target\":[\"https:\\\/\\\/maranhaotv.com.br\\\/index.php\\\/2024\\\/01\\\/15\\\/eleicoes-2024-voce-conhece-as-atribuicoes-do-prefeito-e-do-vereador-em-seu-municipio\\\/\"]}]},{\"@type\":\"ImageObject\",\"inLanguage\":\"pt-BR\",\"@id\":\"https:\\\/\\\/maranhaotv.com.br\\\/index.php\\\/2024\\\/01\\\/15\\\/eleicoes-2024-voce-conhece-as-atribuicoes-do-prefeito-e-do-vereador-em-seu-municipio\\\/#primaryimage\",\"url\":\"\",\"contentUrl\":\"\"},{\"@type\":\"BreadcrumbList\",\"@id\":\"https:\\\/\\\/maranhaotv.com.br\\\/index.php\\\/2024\\\/01\\\/15\\\/eleicoes-2024-voce-conhece-as-atribuicoes-do-prefeito-e-do-vereador-em-seu-municipio\\\/#breadcrumb\",\"itemListElement\":[{\"@type\":\"ListItem\",\"position\":1,\"name\":\"In\u00edcio\",\"item\":\"https:\\\/\\\/maranhaotv.com.br\\\/\"},{\"@type\":\"ListItem\",\"position\":2,\"name\":\"Elei\u00e7\u00f5es 2024: Voc\u00ea conhece as atribui\u00e7\u00f5es do prefeito e do vereador em seu munic\u00edpio?\"}]},{\"@type\":\"WebSite\",\"@id\":\"https:\\\/\\\/maranhaotv.com.br\\\/#website\",\"url\":\"https:\\\/\\\/maranhaotv.com.br\\\/\",\"name\":\"Maranh\u00e3oTV\",\"description\":\"\",\"publisher\":{\"@id\":\"https:\\\/\\\/maranhaotv.com.br\\\/#organization\"},\"potentialAction\":[{\"@type\":\"SearchAction\",\"target\":{\"@type\":\"EntryPoint\",\"urlTemplate\":\"https:\\\/\\\/maranhaotv.com.br\\\/?s={search_term_string}\"},\"query-input\":{\"@type\":\"PropertyValueSpecification\",\"valueRequired\":true,\"valueName\":\"search_term_string\"}}],\"inLanguage\":\"pt-BR\"},{\"@type\":\"Organization\",\"@id\":\"https:\\\/\\\/maranhaotv.com.br\\\/#organization\",\"name\":\"Portal de Not\u00edcias\",\"url\":\"https:\\\/\\\/maranhaotv.com.br\\\/\",\"logo\":{\"@type\":\"ImageObject\",\"inLanguage\":\"pt-BR\",\"@id\":\"https:\\\/\\\/maranhaotv.com.br\\\/#\\\/schema\\\/logo\\\/image\\\/\",\"url\":\"https:\\\/\\\/maranhaotv.com.br\\\/wp-content\\\/uploads\\\/2024\\\/05\\\/cropped-cropped-avatar-1.png\",\"contentUrl\":\"https:\\\/\\\/maranhaotv.com.br\\\/wp-content\\\/uploads\\\/2024\\\/05\\\/cropped-cropped-avatar-1.png\",\"width\":792,\"height\":428,\"caption\":\"Portal de Not\u00edcias\"},\"image\":{\"@id\":\"https:\\\/\\\/maranhaotv.com.br\\\/#\\\/schema\\\/logo\\\/image\\\/\"},\"sameAs\":[\"https:\\\/\\\/www.facebook.com\\\/maiobaotv\",\"https:\\\/\\\/x.com\\\/sitemaranhaotv\",\"https:\\\/\\\/www.instagram.com\\\/maranhao.tv\",\"https:\\\/\\\/www.threads.net\\\/@maranhao.tv\"]},{\"@type\":\"Person\",\"@id\":\"https:\\\/\\\/maranhaotv.com.br\\\/#\\\/schema\\\/person\\\/3d54238e86b20bb5c89ab2fdb8f8829a\",\"name\":\"maranhaotv\",\"image\":{\"@type\":\"ImageObject\",\"inLanguage\":\"pt-BR\",\"@id\":\"https:\\\/\\\/secure.gravatar.com\\\/avatar\\\/8fadbca458d4cb68b1dd399ae9a40618d747bb1af65ac9fad21c89220a143eb4?s=96&d=mm&r=g\",\"url\":\"https:\\\/\\\/secure.gravatar.com\\\/avatar\\\/8fadbca458d4cb68b1dd399ae9a40618d747bb1af65ac9fad21c89220a143eb4?s=96&d=mm&r=g\",\"contentUrl\":\"https:\\\/\\\/secure.gravatar.com\\\/avatar\\\/8fadbca458d4cb68b1dd399ae9a40618d747bb1af65ac9fad21c89220a143eb4?s=96&d=mm&r=g\",\"caption\":\"maranhaotv\"},\"sameAs\":[\"https:\\\/\\\/maranhaotv.com.br\\\/\"],\"url\":\"https:\\\/\\\/maranhaotv.com.br\\\/index.php\\\/author\\\/maranhaotv\\\/\"}]}<\/script>\n<!-- \/ Yoast SEO plugin. -->","yoast_head_json":{"title":"Elei\u00e7\u00f5es 2024: Voc\u00ea conhece as atribui\u00e7\u00f5es do prefeito e do vereador em seu munic\u00edpio? - NOT\u00cdCIAS EM TEMPO REAL","robots":{"index":"index","follow":"follow","max-snippet":"max-snippet:-1","max-image-preview":"max-image-preview:large","max-video-preview":"max-video-preview:-1"},"canonical":"https:\/\/maranhaotv.com.br\/index.php\/2024\/01\/15\/eleicoes-2024-voce-conhece-as-atribuicoes-do-prefeito-e-do-vereador-em-seu-municipio\/","og_locale":"pt_BR","og_type":"article","og_title":"Elei\u00e7\u00f5es 2024: Voc\u00ea conhece as atribui\u00e7\u00f5es do prefeito e do vereador em seu munic\u00edpio? - NOT\u00cdCIAS EM TEMPO REAL","og_description":"Em novembro de 2020, mais de 147 milh\u00f5es de eleitoras e eleitores estavam aptos a escolher candidatas e candidatos aos","og_url":"https:\/\/maranhaotv.com.br\/index.php\/2024\/01\/15\/eleicoes-2024-voce-conhece-as-atribuicoes-do-prefeito-e-do-vereador-em-seu-municipio\/","og_site_name":"NOT\u00cdCIAS EM TEMPO REAL","article_publisher":"https:\/\/www.facebook.com\/maiobaotv","article_published_time":"2024-01-15T15:01:45+00:00","author":"maranhaotv","twitter_card":"summary_large_image","twitter_creator":"@sitemaranhaotv","twitter_site":"@sitemaranhaotv","twitter_misc":{"Escrito por":"maranhaotv","Est. tempo de leitura":"4 minutos"},"schema":{"@context":"https:\/\/schema.org","@graph":[{"@type":"Article","@id":"https:\/\/maranhaotv.com.br\/index.php\/2024\/01\/15\/eleicoes-2024-voce-conhece-as-atribuicoes-do-prefeito-e-do-vereador-em-seu-municipio\/#article","isPartOf":{"@id":"https:\/\/maranhaotv.com.br\/index.php\/2024\/01\/15\/eleicoes-2024-voce-conhece-as-atribuicoes-do-prefeito-e-do-vereador-em-seu-municipio\/"},"author":{"name":"maranhaotv","@id":"https:\/\/maranhaotv.com.br\/#\/schema\/person\/3d54238e86b20bb5c89ab2fdb8f8829a"},"headline":"Elei\u00e7\u00f5es 2024: Voc\u00ea conhece as atribui\u00e7\u00f5es do prefeito e do vereador em seu munic\u00edpio?","datePublished":"2024-01-15T15:01:45+00:00","mainEntityOfPage":{"@id":"https:\/\/maranhaotv.com.br\/index.php\/2024\/01\/15\/eleicoes-2024-voce-conhece-as-atribuicoes-do-prefeito-e-do-vereador-em-seu-municipio\/"},"wordCount":883,"commentCount":0,"publisher":{"@id":"https:\/\/maranhaotv.com.br\/#organization"},"image":{"@id":"https:\/\/maranhaotv.com.br\/index.php\/2024\/01\/15\/eleicoes-2024-voce-conhece-as-atribuicoes-do-prefeito-e-do-vereador-em-seu-municipio\/#primaryimage"},"thumbnailUrl":"","articleSection":["not\u00edcias"],"inLanguage":"pt-BR","potentialAction":[{"@type":"CommentAction","name":"Comment","target":["https:\/\/maranhaotv.com.br\/index.php\/2024\/01\/15\/eleicoes-2024-voce-conhece-as-atribuicoes-do-prefeito-e-do-vereador-em-seu-municipio\/#respond"]}]},{"@type":"WebPage","@id":"https:\/\/maranhaotv.com.br\/index.php\/2024\/01\/15\/eleicoes-2024-voce-conhece-as-atribuicoes-do-prefeito-e-do-vereador-em-seu-municipio\/","url":"https:\/\/maranhaotv.com.br\/index.php\/2024\/01\/15\/eleicoes-2024-voce-conhece-as-atribuicoes-do-prefeito-e-do-vereador-em-seu-municipio\/","name":"Elei\u00e7\u00f5es 2024: Voc\u00ea conhece as atribui\u00e7\u00f5es do prefeito e do vereador em seu munic\u00edpio? - NOT\u00cdCIAS EM TEMPO REAL","isPartOf":{"@id":"https:\/\/maranhaotv.com.br\/#website"},"primaryImageOfPage":{"@id":"https:\/\/maranhaotv.com.br\/index.php\/2024\/01\/15\/eleicoes-2024-voce-conhece-as-atribuicoes-do-prefeito-e-do-vereador-em-seu-municipio\/#primaryimage"},"image":{"@id":"https:\/\/maranhaotv.com.br\/index.php\/2024\/01\/15\/eleicoes-2024-voce-conhece-as-atribuicoes-do-prefeito-e-do-vereador-em-seu-municipio\/#primaryimage"},"thumbnailUrl":"","datePublished":"2024-01-15T15:01:45+00:00","breadcrumb":{"@id":"https:\/\/maranhaotv.com.br\/index.php\/2024\/01\/15\/eleicoes-2024-voce-conhece-as-atribuicoes-do-prefeito-e-do-vereador-em-seu-municipio\/#breadcrumb"},"inLanguage":"pt-BR","potentialAction":[{"@type":"ReadAction","target":["https:\/\/maranhaotv.com.br\/index.php\/2024\/01\/15\/eleicoes-2024-voce-conhece-as-atribuicoes-do-prefeito-e-do-vereador-em-seu-municipio\/"]}]},{"@type":"ImageObject","inLanguage":"pt-BR","@id":"https:\/\/maranhaotv.com.br\/index.php\/2024\/01\/15\/eleicoes-2024-voce-conhece-as-atribuicoes-do-prefeito-e-do-vereador-em-seu-municipio\/#primaryimage","url":"","contentUrl":""},{"@type":"BreadcrumbList","@id":"https:\/\/maranhaotv.com.br\/index.php\/2024\/01\/15\/eleicoes-2024-voce-conhece-as-atribuicoes-do-prefeito-e-do-vereador-em-seu-municipio\/#breadcrumb","itemListElement":[{"@type":"ListItem","position":1,"name":"In\u00edcio","item":"https:\/\/maranhaotv.com.br\/"},{"@type":"ListItem","position":2,"name":"Elei\u00e7\u00f5es 2024: Voc\u00ea conhece as atribui\u00e7\u00f5es do prefeito e do vereador em seu munic\u00edpio?"}]},{"@type":"WebSite","@id":"https:\/\/maranhaotv.com.br\/#website","url":"https:\/\/maranhaotv.com.br\/","name":"Maranh\u00e3oTV","description":"","publisher":{"@id":"https:\/\/maranhaotv.com.br\/#organization"},"potentialAction":[{"@type":"SearchAction","target":{"@type":"EntryPoint","urlTemplate":"https:\/\/maranhaotv.com.br\/?s={search_term_string}"},"query-input":{"@type":"PropertyValueSpecification","valueRequired":true,"valueName":"search_term_string"}}],"inLanguage":"pt-BR"},{"@type":"Organization","@id":"https:\/\/maranhaotv.com.br\/#organization","name":"Portal de Not\u00edcias","url":"https:\/\/maranhaotv.com.br\/","logo":{"@type":"ImageObject","inLanguage":"pt-BR","@id":"https:\/\/maranhaotv.com.br\/#\/schema\/logo\/image\/","url":"https:\/\/maranhaotv.com.br\/wp-content\/uploads\/2024\/05\/cropped-cropped-avatar-1.png","contentUrl":"https:\/\/maranhaotv.com.br\/wp-content\/uploads\/2024\/05\/cropped-cropped-avatar-1.png","width":792,"height":428,"caption":"Portal de Not\u00edcias"},"image":{"@id":"https:\/\/maranhaotv.com.br\/#\/schema\/logo\/image\/"},"sameAs":["https:\/\/www.facebook.com\/maiobaotv","https:\/\/x.com\/sitemaranhaotv","https:\/\/www.instagram.com\/maranhao.tv","https:\/\/www.threads.net\/@maranhao.tv"]},{"@type":"Person","@id":"https:\/\/maranhaotv.com.br\/#\/schema\/person\/3d54238e86b20bb5c89ab2fdb8f8829a","name":"maranhaotv","image":{"@type":"ImageObject","inLanguage":"pt-BR","@id":"https:\/\/secure.gravatar.com\/avatar\/8fadbca458d4cb68b1dd399ae9a40618d747bb1af65ac9fad21c89220a143eb4?s=96&d=mm&r=g","url":"https:\/\/secure.gravatar.com\/avatar\/8fadbca458d4cb68b1dd399ae9a40618d747bb1af65ac9fad21c89220a143eb4?s=96&d=mm&r=g","contentUrl":"https:\/\/secure.gravatar.com\/avatar\/8fadbca458d4cb68b1dd399ae9a40618d747bb1af65ac9fad21c89220a143eb4?s=96&d=mm&r=g","caption":"maranhaotv"},"sameAs":["https:\/\/maranhaotv.com.br\/"],"url":"https:\/\/maranhaotv.com.br\/index.php\/author\/maranhaotv\/"}]}},"jetpack_featured_media_url":"","jetpack_sharing_enabled":true,"_links":{"self":[{"href":"https:\/\/maranhaotv.com.br\/index.php\/wp-json\/wp\/v2\/posts\/34030","targetHints":{"allow":["GET"]}}],"collection":[{"href":"https:\/\/maranhaotv.com.br\/index.php\/wp-json\/wp\/v2\/posts"}],"about":[{"href":"https:\/\/maranhaotv.com.br\/index.php\/wp-json\/wp\/v2\/types\/post"}],"author":[{"embeddable":true,"href":"https:\/\/maranhaotv.com.br\/index.php\/wp-json\/wp\/v2\/users\/2"}],"replies":[{"embeddable":true,"href":"https:\/\/maranhaotv.com.br\/index.php\/wp-json\/wp\/v2\/comments?post=34030"}],"version-history":[{"count":0,"href":"https:\/\/maranhaotv.com.br\/index.php\/wp-json\/wp\/v2\/posts\/34030\/revisions"}],"wp:featuredmedia":[{"embeddable":true,"href":"https:\/\/maranhaotv.com.br\/index.php\/wp-json\/"}],"wp:attachment":[{"href":"https:\/\/maranhaotv.com.br\/index.php\/wp-json\/wp\/v2\/media?parent=34030"}],"wp:term":[{"taxonomy":"category","embeddable":true,"href":"https:\/\/maranhaotv.com.br\/index.php\/wp-json\/wp\/v2\/categories?post=34030"},{"taxonomy":"post_tag","embeddable":true,"href":"https:\/\/maranhaotv.com.br\/index.php\/wp-json\/wp\/v2\/tags?post=34030"}],"curies":[{"name":"wp","href":"https:\/\/api.w.org\/{rel}","templated":true}]}}