{"id":34049,"date":"2024-01-15T17:49:26","date_gmt":"2024-01-15T20:49:26","guid":{"rendered":"https:\/\/maranhaotv.com.br\/?p=34049"},"modified":"2024-01-15T17:49:26","modified_gmt":"2024-01-15T20:49:26","slug":"ministerio-do-turismo-ignora-pre-carnaval-de-sao-luis-ao-divulgar-previas-da-folia-brasil-afora","status":"publish","type":"post","link":"https:\/\/maranhaotv.com.br\/index.php\/2024\/01\/15\/ministerio-do-turismo-ignora-pre-carnaval-de-sao-luis-ao-divulgar-previas-da-folia-brasil-afora\/","title":{"rendered":"Minist\u00e9rio do Turismo ignora Pr\u00e9-Carnaval de S\u00e3o Lu\u00eds ao divulgar pr\u00e9vias da folia Brasil afora"},"content":{"rendered":"\n<p> O per\u00edodo de Carnaval ainda n\u00e3o come\u00e7ou, mas os festejos que s\u00e3o o verdadeiro \u201cesquenta\u201d para folia de Momo j\u00e1 est\u00e3o agitando v\u00e1rias partes do pa\u00eds, e levando turistas a aproveitarem as diversas atra\u00e7\u00f5es pr\u00e9-Carvanal durante o Ver\u00e3o. Ao divulgar as pr\u00e9vias da folia Brasil afora em mat\u00e9ria publicada em seu site e distribu\u00edda \u00e0 imprensa, o Minist\u00e9rio do Turismo deu destaque a programa\u00e7\u00f5es realizadas em diversas cidades, algumas do Nordeste, mas ignorou o pr\u00e9-Carnaval de S\u00e3o Lu\u00eds, que em dois fins de semana j\u00e1 foi consagrado como um dos mais animados dos \u00faltimos anos, e acontece dois circuitos: a Avenida Beira-Mar e a Avenida Litor\u00e2nea.<br><br>Na mat\u00e9ria, o Minist\u00e9rio do Turismo ressaltou que diversas cidades j\u00e1 est\u00e3o com os blocos nas ruas, citando quatro capitais nordestinas entre as que j\u00e1 t\u00eam pr\u00e9vias carnavalescas. O texto n\u00e3o faz nenhuma men\u00e7\u00e3o \u00e0 folia em S\u00e3o Lu\u00eds, o que exp\u00f5e a falta de conex\u00e3o entre os gestores do turismo no Maranh\u00e3o e o Governo Federal.<br><br>Faltando menos de um m\u00eas para o Carnaval, que este ano acontecer\u00e1 entre os dias 12 e 13 de fevereiro (Segunda e Ter\u00e7a-Feira Gordas) -, o tempo para apresenta\u00e7\u00e3o do Pr\u00e9-Carnaval local em n\u00edvel nacional, de modo a atrair turistas.<br><br>Abaixo, a mat\u00e9ria publicada no site do Minist\u00e9rio do Turismo sobre o pr\u00e9-Carnaval em diversas cidades brasileiras:<br><br>O clima festivo toma conta das ruas, pra\u00e7as e espa\u00e7os p\u00fablicos, onde blocos de Carnaval, bandas e grupos musicais se apresentam, envolvendo as cidades e agitando a atividade tur\u00edstica que movimenta a economia local, gera emprego e renda. S\u00e3o milhares de viajantes que aproveitam as f\u00e9rias de janeiro e caem na folia.<br><br>A programa\u00e7\u00e3o para o per\u00edodo est\u00e1 animada. Cidades como S\u00e3o Paulo (SP), Fortaleza (CE), Recife (PE), Jo\u00e3o Pessoa (PB) e Rio de Janeiro (RJ) j\u00e1 est\u00e3o com os blocos nas ruas. Na capital paulista, por exemplo, desde o dia 11 de janeiro, est\u00e1 rolando festas, ensaios de escolas de samba abertos ao p\u00fablico e blocos prontos para desfilar atraindo multid\u00f5es.<br><br>No Cear\u00e1, o Ciclo Carnavalesco de Fortaleza come\u00e7a, oficialmente, nesta sexta-feira (12), com apresenta\u00e7\u00f5es espalhadas por pontos tradicionais da cidade. O pr\u00e9-Carnaval segue at\u00e9 a primeira quinzena de fevereiro e conta com atra\u00e7\u00f5es locais e nacionais.<br><br>Em Recife (PE), o clima de festa come\u00e7a a esquentar com as pr\u00e9vias carnavalescas. As comemora\u00e7\u00f5es v\u00e3o se iniciar a partir do dia 13 de janeiro. J\u00e1 na capital paraibana a \u201cFolia de Rua\u201d come\u00e7a no dia 1\u00ba de fevereiro e deve seguir at\u00e9 o dia 7 do m\u00eas.<br><br>No Rio de Janeiro (RJ) op\u00e7\u00e3o no vai faltar. Ser\u00e3o 453 desfiles de rua por toda a cidade. Os blocos menores come\u00e7am a sair neste s\u00e1bado (13). J\u00e1 a programa\u00e7\u00e3o dos grandes desfiles ter\u00e1 in\u00edcio no dia 20 de janeiro, tr\u00eas semanas antes do Carnaval.<br><br>Na capital baiana, Salvador (BA), a tradicional Lavagem do Bonfim, maior festa religiosa da Bahia, que acontece a cerca de 280 anos, abriu espa\u00e7o para o in\u00edcio das festividades carnavalescas.<br><br>Al\u00e9m desses destinos, muitos outros j\u00e1 est\u00e3o em ritmo de Carnaval e prontos para receber os turistas nacionais e estrangeiros que ter\u00e3o, desde agora, uma pr\u00e9via animada do que est\u00e1 por vir.<br><br>INCENTIVO \u2013 Para estimular o brasileiro a viajar mais pelo pa\u00eds, o Minist\u00e9rio do Turismo lan\u00e7ou v\u00e1rios programas para promo\u00e7\u00e3o tur\u00edstica nacional. Um deles \u00e9 o \u201cConhe\u00e7a o Brasil: Voando\u201d, uma parceria com empresas a\u00e9reas que busca incentivar viagens a partir de a\u00e7\u00f5es como a oferta de \u201cstopover\u201d (quando o passageiro, sem custos extras, pode conhecer um destino intermedi\u00e1rio antes de seguir ao rumo final); e o \u201cConhe\u00e7a o Brasil: Realiza\u201d, a\u00e7\u00e3o junto ao Banco do Brasil que oferece cr\u00e9dito a correntistas para turismo.<br><br><\/p>\n","protected":false},"excerpt":{"rendered":"<p>O per\u00edodo de Carnaval ainda n\u00e3o come\u00e7ou, mas os festejos que s\u00e3o o verdadeiro \u201cesquenta\u201d para folia de Momo j\u00e1<\/p>\n","protected":false},"author":2,"featured_media":34048,"comment_status":"open","ping_status":"open","sticky":false,"template":"","format":"standard","meta":{"colormag_page_container_layout":"default_layout","colormag_page_sidebar_layout":"default_layout","_jetpack_memberships_contains_paid_content":false,"footnotes":""},"categories":[306],"tags":[404],"class_list":["post-34049","post","type-post","status-publish","format-standard","has-post-thumbnail","hentry","category-entretenimento","tag-carnaval-2024"],"magazineBlocksPostFeaturedMedia":{"thumbnail":false,"medium":false,"medium_large":false,"large":false,"1536x1536":false,"2048x2048":false,"colormag-highlighted-post":false,"colormag-featured-post-medium":false,"colormag-featured-post-small":false,"colormag-featured-image":false,"colormag-default-news":false,"colormag-featured-image-large":false},"magazineBlocksPostAuthor":{"name":"maranhaotv","avatar":"https:\/\/secure.gravatar.com\/avatar\/8fadbca458d4cb68b1dd399ae9a40618d747bb1af65ac9fad21c89220a143eb4?s=96&d=mm&r=g"},"magazineBlocksPostCommentsNumber":"0","magazineBlocksPostExcerpt":"O per\u00edodo de Carnaval ainda n\u00e3o come\u00e7ou, mas os festejos que s\u00e3o o verdadeiro \u201cesquenta\u201d para folia de Momo j\u00e1","magazineBlocksPostCategories":["entretenimento"],"magazineBlocksPostViewCount":194,"magazineBlocksPostReadTime":4,"magazine_blocks_featured_image_url":{"full":false,"medium":false,"thumbnail":false},"magazine_blocks_author":{"display_name":"maranhaotv","author_link":"https:\/\/maranhaotv.com.br\/index.php\/author\/maranhaotv\/"},"magazine_blocks_comment":0,"magazine_blocks_author_image":"https:\/\/secure.gravatar.com\/avatar\/8fadbca458d4cb68b1dd399ae9a40618d747bb1af65ac9fad21c89220a143eb4?s=96&d=mm&r=g","magazine_blocks_category":"<a href=\"#\" class=\"category-link category-link-306\">entretenimento<\/a>","yoast_head":"<!-- This site is optimized with the Yoast SEO plugin v27.4 - https:\/\/yoast.com\/product\/yoast-seo-wordpress\/ -->\n<title>Minist\u00e9rio do Turismo ignora Pr\u00e9-Carnaval de S\u00e3o Lu\u00eds ao divulgar pr\u00e9vias da folia Brasil afora - NOT\u00cdCIAS EM TEMPO REAL<\/title>\n<meta name=\"robots\" content=\"index, follow, max-snippet:-1, max-image-preview:large, max-video-preview:-1\" \/>\n<link rel=\"canonical\" href=\"https:\/\/maranhaotv.com.br\/index.php\/2024\/01\/15\/ministerio-do-turismo-ignora-pre-carnaval-de-sao-luis-ao-divulgar-previas-da-folia-brasil-afora\/\" \/>\n<meta property=\"og:locale\" content=\"pt_BR\" \/>\n<meta property=\"og:type\" content=\"article\" \/>\n<meta property=\"og:title\" content=\"Minist\u00e9rio do Turismo ignora Pr\u00e9-Carnaval de S\u00e3o Lu\u00eds ao divulgar pr\u00e9vias da folia Brasil afora - NOT\u00cdCIAS EM TEMPO REAL\" \/>\n<meta property=\"og:description\" content=\"O per\u00edodo de Carnaval ainda n\u00e3o come\u00e7ou, mas os festejos que s\u00e3o o verdadeiro \u201cesquenta\u201d para folia de Momo j\u00e1\" \/>\n<meta property=\"og:url\" content=\"https:\/\/maranhaotv.com.br\/index.php\/2024\/01\/15\/ministerio-do-turismo-ignora-pre-carnaval-de-sao-luis-ao-divulgar-previas-da-folia-brasil-afora\/\" \/>\n<meta property=\"og:site_name\" content=\"NOT\u00cdCIAS EM TEMPO REAL\" \/>\n<meta property=\"article:publisher\" content=\"https:\/\/www.facebook.com\/maiobaotv\" \/>\n<meta property=\"article:published_time\" content=\"2024-01-15T20:49:26+00:00\" \/>\n<meta name=\"author\" content=\"maranhaotv\" \/>\n<meta name=\"twitter:card\" content=\"summary_large_image\" \/>\n<meta name=\"twitter:creator\" content=\"@sitemaranhaotv\" \/>\n<meta name=\"twitter:site\" content=\"@sitemaranhaotv\" \/>\n<meta name=\"twitter:label1\" content=\"Escrito por\" \/>\n\t<meta name=\"twitter:data1\" content=\"maranhaotv\" \/>\n\t<meta name=\"twitter:label2\" content=\"Est. tempo de leitura\" \/>\n\t<meta name=\"twitter:data2\" content=\"3 minutos\" \/>\n<script type=\"application\/ld+json\" class=\"yoast-schema-graph\">{\"@context\":\"https:\\\/\\\/schema.org\",\"@graph\":[{\"@type\":\"Article\",\"@id\":\"https:\\\/\\\/maranhaotv.com.br\\\/index.php\\\/2024\\\/01\\\/15\\\/ministerio-do-turismo-ignora-pre-carnaval-de-sao-luis-ao-divulgar-previas-da-folia-brasil-afora\\\/#article\",\"isPartOf\":{\"@id\":\"https:\\\/\\\/maranhaotv.com.br\\\/index.php\\\/2024\\\/01\\\/15\\\/ministerio-do-turismo-ignora-pre-carnaval-de-sao-luis-ao-divulgar-previas-da-folia-brasil-afora\\\/\"},\"author\":{\"name\":\"maranhaotv\",\"@id\":\"https:\\\/\\\/maranhaotv.com.br\\\/#\\\/schema\\\/person\\\/3d54238e86b20bb5c89ab2fdb8f8829a\"},\"headline\":\"Minist\u00e9rio do Turismo ignora Pr\u00e9-Carnaval de S\u00e3o Lu\u00eds ao divulgar pr\u00e9vias da folia Brasil afora\",\"datePublished\":\"2024-01-15T20:49:26+00:00\",\"mainEntityOfPage\":{\"@id\":\"https:\\\/\\\/maranhaotv.com.br\\\/index.php\\\/2024\\\/01\\\/15\\\/ministerio-do-turismo-ignora-pre-carnaval-de-sao-luis-ao-divulgar-previas-da-folia-brasil-afora\\\/\"},\"wordCount\":701,\"commentCount\":0,\"publisher\":{\"@id\":\"https:\\\/\\\/maranhaotv.com.br\\\/#organization\"},\"image\":{\"@id\":\"https:\\\/\\\/maranhaotv.com.br\\\/index.php\\\/2024\\\/01\\\/15\\\/ministerio-do-turismo-ignora-pre-carnaval-de-sao-luis-ao-divulgar-previas-da-folia-brasil-afora\\\/#primaryimage\"},\"thumbnailUrl\":\"\",\"keywords\":[\"Carnaval 2024\"],\"articleSection\":[\"entretenimento\"],\"inLanguage\":\"pt-BR\",\"potentialAction\":[{\"@type\":\"CommentAction\",\"name\":\"Comment\",\"target\":[\"https:\\\/\\\/maranhaotv.com.br\\\/index.php\\\/2024\\\/01\\\/15\\\/ministerio-do-turismo-ignora-pre-carnaval-de-sao-luis-ao-divulgar-previas-da-folia-brasil-afora\\\/#respond\"]}]},{\"@type\":\"WebPage\",\"@id\":\"https:\\\/\\\/maranhaotv.com.br\\\/index.php\\\/2024\\\/01\\\/15\\\/ministerio-do-turismo-ignora-pre-carnaval-de-sao-luis-ao-divulgar-previas-da-folia-brasil-afora\\\/\",\"url\":\"https:\\\/\\\/maranhaotv.com.br\\\/index.php\\\/2024\\\/01\\\/15\\\/ministerio-do-turismo-ignora-pre-carnaval-de-sao-luis-ao-divulgar-previas-da-folia-brasil-afora\\\/\",\"name\":\"Minist\u00e9rio do Turismo ignora Pr\u00e9-Carnaval de S\u00e3o Lu\u00eds ao divulgar pr\u00e9vias da folia Brasil afora - NOT\u00cdCIAS EM TEMPO REAL\",\"isPartOf\":{\"@id\":\"https:\\\/\\\/maranhaotv.com.br\\\/#website\"},\"primaryImageOfPage\":{\"@id\":\"https:\\\/\\\/maranhaotv.com.br\\\/index.php\\\/2024\\\/01\\\/15\\\/ministerio-do-turismo-ignora-pre-carnaval-de-sao-luis-ao-divulgar-previas-da-folia-brasil-afora\\\/#primaryimage\"},\"image\":{\"@id\":\"https:\\\/\\\/maranhaotv.com.br\\\/index.php\\\/2024\\\/01\\\/15\\\/ministerio-do-turismo-ignora-pre-carnaval-de-sao-luis-ao-divulgar-previas-da-folia-brasil-afora\\\/#primaryimage\"},\"thumbnailUrl\":\"\",\"datePublished\":\"2024-01-15T20:49:26+00:00\",\"breadcrumb\":{\"@id\":\"https:\\\/\\\/maranhaotv.com.br\\\/index.php\\\/2024\\\/01\\\/15\\\/ministerio-do-turismo-ignora-pre-carnaval-de-sao-luis-ao-divulgar-previas-da-folia-brasil-afora\\\/#breadcrumb\"},\"inLanguage\":\"pt-BR\",\"potentialAction\":[{\"@type\":\"ReadAction\",\"target\":[\"https:\\\/\\\/maranhaotv.com.br\\\/index.php\\\/2024\\\/01\\\/15\\\/ministerio-do-turismo-ignora-pre-carnaval-de-sao-luis-ao-divulgar-previas-da-folia-brasil-afora\\\/\"]}]},{\"@type\":\"ImageObject\",\"inLanguage\":\"pt-BR\",\"@id\":\"https:\\\/\\\/maranhaotv.com.br\\\/index.php\\\/2024\\\/01\\\/15\\\/ministerio-do-turismo-ignora-pre-carnaval-de-sao-luis-ao-divulgar-previas-da-folia-brasil-afora\\\/#primaryimage\",\"url\":\"\",\"contentUrl\":\"\"},{\"@type\":\"BreadcrumbList\",\"@id\":\"https:\\\/\\\/maranhaotv.com.br\\\/index.php\\\/2024\\\/01\\\/15\\\/ministerio-do-turismo-ignora-pre-carnaval-de-sao-luis-ao-divulgar-previas-da-folia-brasil-afora\\\/#breadcrumb\",\"itemListElement\":[{\"@type\":\"ListItem\",\"position\":1,\"name\":\"In\u00edcio\",\"item\":\"https:\\\/\\\/maranhaotv.com.br\\\/\"},{\"@type\":\"ListItem\",\"position\":2,\"name\":\"Minist\u00e9rio do Turismo ignora Pr\u00e9-Carnaval de S\u00e3o Lu\u00eds ao divulgar pr\u00e9vias da folia Brasil afora\"}]},{\"@type\":\"WebSite\",\"@id\":\"https:\\\/\\\/maranhaotv.com.br\\\/#website\",\"url\":\"https:\\\/\\\/maranhaotv.com.br\\\/\",\"name\":\"Maranh\u00e3oTV\",\"description\":\"\",\"publisher\":{\"@id\":\"https:\\\/\\\/maranhaotv.com.br\\\/#organization\"},\"potentialAction\":[{\"@type\":\"SearchAction\",\"target\":{\"@type\":\"EntryPoint\",\"urlTemplate\":\"https:\\\/\\\/maranhaotv.com.br\\\/?s={search_term_string}\"},\"query-input\":{\"@type\":\"PropertyValueSpecification\",\"valueRequired\":true,\"valueName\":\"search_term_string\"}}],\"inLanguage\":\"pt-BR\"},{\"@type\":\"Organization\",\"@id\":\"https:\\\/\\\/maranhaotv.com.br\\\/#organization\",\"name\":\"Portal de Not\u00edcias\",\"url\":\"https:\\\/\\\/maranhaotv.com.br\\\/\",\"logo\":{\"@type\":\"ImageObject\",\"inLanguage\":\"pt-BR\",\"@id\":\"https:\\\/\\\/maranhaotv.com.br\\\/#\\\/schema\\\/logo\\\/image\\\/\",\"url\":\"https:\\\/\\\/maranhaotv.com.br\\\/wp-content\\\/uploads\\\/2024\\\/05\\\/cropped-cropped-avatar-1.png\",\"contentUrl\":\"https:\\\/\\\/maranhaotv.com.br\\\/wp-content\\\/uploads\\\/2024\\\/05\\\/cropped-cropped-avatar-1.png\",\"width\":792,\"height\":428,\"caption\":\"Portal de Not\u00edcias\"},\"image\":{\"@id\":\"https:\\\/\\\/maranhaotv.com.br\\\/#\\\/schema\\\/logo\\\/image\\\/\"},\"sameAs\":[\"https:\\\/\\\/www.facebook.com\\\/maiobaotv\",\"https:\\\/\\\/x.com\\\/sitemaranhaotv\",\"https:\\\/\\\/www.instagram.com\\\/maranhao.tv\",\"https:\\\/\\\/www.threads.net\\\/@maranhao.tv\"]},{\"@type\":\"Person\",\"@id\":\"https:\\\/\\\/maranhaotv.com.br\\\/#\\\/schema\\\/person\\\/3d54238e86b20bb5c89ab2fdb8f8829a\",\"name\":\"maranhaotv\",\"image\":{\"@type\":\"ImageObject\",\"inLanguage\":\"pt-BR\",\"@id\":\"https:\\\/\\\/secure.gravatar.com\\\/avatar\\\/8fadbca458d4cb68b1dd399ae9a40618d747bb1af65ac9fad21c89220a143eb4?s=96&d=mm&r=g\",\"url\":\"https:\\\/\\\/secure.gravatar.com\\\/avatar\\\/8fadbca458d4cb68b1dd399ae9a40618d747bb1af65ac9fad21c89220a143eb4?s=96&d=mm&r=g\",\"contentUrl\":\"https:\\\/\\\/secure.gravatar.com\\\/avatar\\\/8fadbca458d4cb68b1dd399ae9a40618d747bb1af65ac9fad21c89220a143eb4?s=96&d=mm&r=g\",\"caption\":\"maranhaotv\"},\"sameAs\":[\"https:\\\/\\\/maranhaotv.com.br\\\/\"],\"url\":\"https:\\\/\\\/maranhaotv.com.br\\\/index.php\\\/author\\\/maranhaotv\\\/\"}]}<\/script>\n<!-- \/ Yoast SEO plugin. -->","yoast_head_json":{"title":"Minist\u00e9rio do Turismo ignora Pr\u00e9-Carnaval de S\u00e3o Lu\u00eds ao divulgar pr\u00e9vias da folia Brasil afora - NOT\u00cdCIAS EM TEMPO REAL","robots":{"index":"index","follow":"follow","max-snippet":"max-snippet:-1","max-image-preview":"max-image-preview:large","max-video-preview":"max-video-preview:-1"},"canonical":"https:\/\/maranhaotv.com.br\/index.php\/2024\/01\/15\/ministerio-do-turismo-ignora-pre-carnaval-de-sao-luis-ao-divulgar-previas-da-folia-brasil-afora\/","og_locale":"pt_BR","og_type":"article","og_title":"Minist\u00e9rio do Turismo ignora Pr\u00e9-Carnaval de S\u00e3o Lu\u00eds ao divulgar pr\u00e9vias da folia Brasil afora - NOT\u00cdCIAS EM TEMPO REAL","og_description":"O per\u00edodo de Carnaval ainda n\u00e3o come\u00e7ou, mas os festejos que s\u00e3o o verdadeiro \u201cesquenta\u201d para folia de Momo j\u00e1","og_url":"https:\/\/maranhaotv.com.br\/index.php\/2024\/01\/15\/ministerio-do-turismo-ignora-pre-carnaval-de-sao-luis-ao-divulgar-previas-da-folia-brasil-afora\/","og_site_name":"NOT\u00cdCIAS EM TEMPO REAL","article_publisher":"https:\/\/www.facebook.com\/maiobaotv","article_published_time":"2024-01-15T20:49:26+00:00","author":"maranhaotv","twitter_card":"summary_large_image","twitter_creator":"@sitemaranhaotv","twitter_site":"@sitemaranhaotv","twitter_misc":{"Escrito por":"maranhaotv","Est. tempo de leitura":"3 minutos"},"schema":{"@context":"https:\/\/schema.org","@graph":[{"@type":"Article","@id":"https:\/\/maranhaotv.com.br\/index.php\/2024\/01\/15\/ministerio-do-turismo-ignora-pre-carnaval-de-sao-luis-ao-divulgar-previas-da-folia-brasil-afora\/#article","isPartOf":{"@id":"https:\/\/maranhaotv.com.br\/index.php\/2024\/01\/15\/ministerio-do-turismo-ignora-pre-carnaval-de-sao-luis-ao-divulgar-previas-da-folia-brasil-afora\/"},"author":{"name":"maranhaotv","@id":"https:\/\/maranhaotv.com.br\/#\/schema\/person\/3d54238e86b20bb5c89ab2fdb8f8829a"},"headline":"Minist\u00e9rio do Turismo ignora Pr\u00e9-Carnaval de S\u00e3o Lu\u00eds ao divulgar pr\u00e9vias da folia Brasil afora","datePublished":"2024-01-15T20:49:26+00:00","mainEntityOfPage":{"@id":"https:\/\/maranhaotv.com.br\/index.php\/2024\/01\/15\/ministerio-do-turismo-ignora-pre-carnaval-de-sao-luis-ao-divulgar-previas-da-folia-brasil-afora\/"},"wordCount":701,"commentCount":0,"publisher":{"@id":"https:\/\/maranhaotv.com.br\/#organization"},"image":{"@id":"https:\/\/maranhaotv.com.br\/index.php\/2024\/01\/15\/ministerio-do-turismo-ignora-pre-carnaval-de-sao-luis-ao-divulgar-previas-da-folia-brasil-afora\/#primaryimage"},"thumbnailUrl":"","keywords":["Carnaval 2024"],"articleSection":["entretenimento"],"inLanguage":"pt-BR","potentialAction":[{"@type":"CommentAction","name":"Comment","target":["https:\/\/maranhaotv.com.br\/index.php\/2024\/01\/15\/ministerio-do-turismo-ignora-pre-carnaval-de-sao-luis-ao-divulgar-previas-da-folia-brasil-afora\/#respond"]}]},{"@type":"WebPage","@id":"https:\/\/maranhaotv.com.br\/index.php\/2024\/01\/15\/ministerio-do-turismo-ignora-pre-carnaval-de-sao-luis-ao-divulgar-previas-da-folia-brasil-afora\/","url":"https:\/\/maranhaotv.com.br\/index.php\/2024\/01\/15\/ministerio-do-turismo-ignora-pre-carnaval-de-sao-luis-ao-divulgar-previas-da-folia-brasil-afora\/","name":"Minist\u00e9rio do Turismo ignora Pr\u00e9-Carnaval de S\u00e3o Lu\u00eds ao divulgar pr\u00e9vias da folia Brasil afora - NOT\u00cdCIAS EM TEMPO REAL","isPartOf":{"@id":"https:\/\/maranhaotv.com.br\/#website"},"primaryImageOfPage":{"@id":"https:\/\/maranhaotv.com.br\/index.php\/2024\/01\/15\/ministerio-do-turismo-ignora-pre-carnaval-de-sao-luis-ao-divulgar-previas-da-folia-brasil-afora\/#primaryimage"},"image":{"@id":"https:\/\/maranhaotv.com.br\/index.php\/2024\/01\/15\/ministerio-do-turismo-ignora-pre-carnaval-de-sao-luis-ao-divulgar-previas-da-folia-brasil-afora\/#primaryimage"},"thumbnailUrl":"","datePublished":"2024-01-15T20:49:26+00:00","breadcrumb":{"@id":"https:\/\/maranhaotv.com.br\/index.php\/2024\/01\/15\/ministerio-do-turismo-ignora-pre-carnaval-de-sao-luis-ao-divulgar-previas-da-folia-brasil-afora\/#breadcrumb"},"inLanguage":"pt-BR","potentialAction":[{"@type":"ReadAction","target":["https:\/\/maranhaotv.com.br\/index.php\/2024\/01\/15\/ministerio-do-turismo-ignora-pre-carnaval-de-sao-luis-ao-divulgar-previas-da-folia-brasil-afora\/"]}]},{"@type":"ImageObject","inLanguage":"pt-BR","@id":"https:\/\/maranhaotv.com.br\/index.php\/2024\/01\/15\/ministerio-do-turismo-ignora-pre-carnaval-de-sao-luis-ao-divulgar-previas-da-folia-brasil-afora\/#primaryimage","url":"","contentUrl":""},{"@type":"BreadcrumbList","@id":"https:\/\/maranhaotv.com.br\/index.php\/2024\/01\/15\/ministerio-do-turismo-ignora-pre-carnaval-de-sao-luis-ao-divulgar-previas-da-folia-brasil-afora\/#breadcrumb","itemListElement":[{"@type":"ListItem","position":1,"name":"In\u00edcio","item":"https:\/\/maranhaotv.com.br\/"},{"@type":"ListItem","position":2,"name":"Minist\u00e9rio do Turismo ignora Pr\u00e9-Carnaval de S\u00e3o Lu\u00eds ao divulgar pr\u00e9vias da folia Brasil afora"}]},{"@type":"WebSite","@id":"https:\/\/maranhaotv.com.br\/#website","url":"https:\/\/maranhaotv.com.br\/","name":"Maranh\u00e3oTV","description":"","publisher":{"@id":"https:\/\/maranhaotv.com.br\/#organization"},"potentialAction":[{"@type":"SearchAction","target":{"@type":"EntryPoint","urlTemplate":"https:\/\/maranhaotv.com.br\/?s={search_term_string}"},"query-input":{"@type":"PropertyValueSpecification","valueRequired":true,"valueName":"search_term_string"}}],"inLanguage":"pt-BR"},{"@type":"Organization","@id":"https:\/\/maranhaotv.com.br\/#organization","name":"Portal de Not\u00edcias","url":"https:\/\/maranhaotv.com.br\/","logo":{"@type":"ImageObject","inLanguage":"pt-BR","@id":"https:\/\/maranhaotv.com.br\/#\/schema\/logo\/image\/","url":"https:\/\/maranhaotv.com.br\/wp-content\/uploads\/2024\/05\/cropped-cropped-avatar-1.png","contentUrl":"https:\/\/maranhaotv.com.br\/wp-content\/uploads\/2024\/05\/cropped-cropped-avatar-1.png","width":792,"height":428,"caption":"Portal de Not\u00edcias"},"image":{"@id":"https:\/\/maranhaotv.com.br\/#\/schema\/logo\/image\/"},"sameAs":["https:\/\/www.facebook.com\/maiobaotv","https:\/\/x.com\/sitemaranhaotv","https:\/\/www.instagram.com\/maranhao.tv","https:\/\/www.threads.net\/@maranhao.tv"]},{"@type":"Person","@id":"https:\/\/maranhaotv.com.br\/#\/schema\/person\/3d54238e86b20bb5c89ab2fdb8f8829a","name":"maranhaotv","image":{"@type":"ImageObject","inLanguage":"pt-BR","@id":"https:\/\/secure.gravatar.com\/avatar\/8fadbca458d4cb68b1dd399ae9a40618d747bb1af65ac9fad21c89220a143eb4?s=96&d=mm&r=g","url":"https:\/\/secure.gravatar.com\/avatar\/8fadbca458d4cb68b1dd399ae9a40618d747bb1af65ac9fad21c89220a143eb4?s=96&d=mm&r=g","contentUrl":"https:\/\/secure.gravatar.com\/avatar\/8fadbca458d4cb68b1dd399ae9a40618d747bb1af65ac9fad21c89220a143eb4?s=96&d=mm&r=g","caption":"maranhaotv"},"sameAs":["https:\/\/maranhaotv.com.br\/"],"url":"https:\/\/maranhaotv.com.br\/index.php\/author\/maranhaotv\/"}]}},"jetpack_featured_media_url":"","jetpack_sharing_enabled":true,"_links":{"self":[{"href":"https:\/\/maranhaotv.com.br\/index.php\/wp-json\/wp\/v2\/posts\/34049","targetHints":{"allow":["GET"]}}],"collection":[{"href":"https:\/\/maranhaotv.com.br\/index.php\/wp-json\/wp\/v2\/posts"}],"about":[{"href":"https:\/\/maranhaotv.com.br\/index.php\/wp-json\/wp\/v2\/types\/post"}],"author":[{"embeddable":true,"href":"https:\/\/maranhaotv.com.br\/index.php\/wp-json\/wp\/v2\/users\/2"}],"replies":[{"embeddable":true,"href":"https:\/\/maranhaotv.com.br\/index.php\/wp-json\/wp\/v2\/comments?post=34049"}],"version-history":[{"count":0,"href":"https:\/\/maranhaotv.com.br\/index.php\/wp-json\/wp\/v2\/posts\/34049\/revisions"}],"wp:featuredmedia":[{"embeddable":true,"href":"https:\/\/maranhaotv.com.br\/index.php\/wp-json\/"}],"wp:attachment":[{"href":"https:\/\/maranhaotv.com.br\/index.php\/wp-json\/wp\/v2\/media?parent=34049"}],"wp:term":[{"taxonomy":"category","embeddable":true,"href":"https:\/\/maranhaotv.com.br\/index.php\/wp-json\/wp\/v2\/categories?post=34049"},{"taxonomy":"post_tag","embeddable":true,"href":"https:\/\/maranhaotv.com.br\/index.php\/wp-json\/wp\/v2\/tags?post=34049"}],"curies":[{"name":"wp","href":"https:\/\/api.w.org\/{rel}","templated":true}]}}