{"id":34086,"date":"2024-01-17T16:13:38","date_gmt":"2024-01-17T19:13:38","guid":{"rendered":"https:\/\/maranhaotv.com.br\/?p=34086"},"modified":"2024-01-17T16:13:38","modified_gmt":"2024-01-17T19:13:38","slug":"deputado-wellington-solicita-ao-governo-e-prefeitura-reajuste-dos-professores-em-362-e-implantacao-do-piso-nacional-de-r-4-58057","status":"publish","type":"post","link":"https:\/\/maranhaotv.com.br\/index.php\/2024\/01\/17\/deputado-wellington-solicita-ao-governo-e-prefeitura-reajuste-dos-professores-em-362-e-implantacao-do-piso-nacional-de-r-4-58057\/","title":{"rendered":"Deputado Wellington solicita ao Governo e Prefeitura reajuste dos professores em 3,62% e implanta\u00e7\u00e3o do piso nacional de R$ 4.580,57"},"content":{"rendered":"\n<p><br>Nesta quarta-feira (17), o deputado estadual Wellington do Curso utilizou as redes sociais para expor uma indica\u00e7\u00e3o, de sua autoria, que foi encaminhada ao Governo do Estado solicitando o reajuste do piso salarial dos professores em 3,62% e a implanta\u00e7\u00e3o do piso nacional do magist\u00e9rio no valor de R$ 4.580,57, j\u00e1 que o valor pago aos educadores da rede estadual \u00e9 de <br>R$ 3.460,03, abaixo do previsto na legisla\u00e7\u00e3o. Em rela\u00e7\u00e3o \u00e0 Prefeitura de S\u00e3o Lu\u00eds, o parlamentar disse que estar\u00e1 avaliando o projeto encaminhado para garantir que o reajuste esteja em conformidade com a lei.<br><br>Sobre a proposta, Wellington destacou que o reajuste proposto visa corrigir distor\u00e7\u00f5es salariais e proporcionar aos professores uma remunera\u00e7\u00e3o mais condizente com a relev\u00e2ncia de seu trabalho.<br><br> &#8220;Encaminhei indica\u00e7\u00e3o ao Governo do Estado para garantir o reajuste de 3,62% e a implanta\u00e7\u00e3o do piso nacional do magist\u00e9rio, que est\u00e1 previsto em lei. Quanto aos professores da rede p\u00fablica municipal de S\u00e3o Lu\u00eds, estarei avaliando o projeto encaminhado pelo prefeito para garantir que esteja em conformidade com a lei. Estamos falando n\u00e3o apenas de n\u00fameros, mas de reconhecimento, dignidade e incentivo para aqueles que dedicam suas vidas \u00e0 forma\u00e7\u00e3o de cidad\u00e3os capacitado\u201d, disse Wellington.<br><br>Ao abordar a implanta\u00e7\u00e3o do Piso Nacional do Magist\u00e9rio, Wellington do Curso salientou a necessidade de uniformizar a remunera\u00e7\u00e3o dos professores em todo o pa\u00eds. <br><br>&#8220;N\u00e3o podemos permitir que haja discrep\u00e2ncias salariais significativas. O Piso Nacional \u00e9 uma medida justa e equitativa para garantir que todos os educadores recebam uma remunera\u00e7\u00e3o m\u00ednima adequada. O governo tem o dever de cumprir a lei&#8221;, ressaltou.<\/p>\n","protected":false},"excerpt":{"rendered":"<p>Nesta quarta-feira (17), o deputado estadual Wellington do Curso utilizou as redes sociais para expor uma indica\u00e7\u00e3o, de sua autoria,<\/p>\n","protected":false},"author":2,"featured_media":34084,"comment_status":"open","ping_status":"open","sticky":false,"template":"","format":"standard","meta":{"colormag_page_container_layout":"default_layout","colormag_page_sidebar_layout":"default_layout","_jetpack_memberships_contains_paid_content":false,"footnotes":""},"categories":[2],"tags":[],"class_list":["post-34086","post","type-post","status-publish","format-standard","has-post-thumbnail","hentry","category-noticias"],"magazineBlocksPostFeaturedMedia":{"thumbnail":false,"medium":false,"medium_large":false,"large":false,"1536x1536":false,"2048x2048":false,"colormag-highlighted-post":false,"colormag-featured-post-medium":false,"colormag-featured-post-small":false,"colormag-featured-image":false,"colormag-default-news":false,"colormag-featured-image-large":false},"magazineBlocksPostAuthor":{"name":"maranhaotv","avatar":"https:\/\/secure.gravatar.com\/avatar\/8fadbca458d4cb68b1dd399ae9a40618d747bb1af65ac9fad21c89220a143eb4?s=96&d=mm&r=g"},"magazineBlocksPostCommentsNumber":"0","magazineBlocksPostExcerpt":"Nesta quarta-feira (17), o deputado estadual Wellington do Curso utilizou as redes sociais para expor uma indica\u00e7\u00e3o, de sua autoria,","magazineBlocksPostCategories":["not\u00edcias"],"magazineBlocksPostViewCount":191,"magazineBlocksPostReadTime":2,"magazine_blocks_featured_image_url":{"full":false,"medium":false,"thumbnail":false},"magazine_blocks_author":{"display_name":"maranhaotv","author_link":"https:\/\/maranhaotv.com.br\/index.php\/author\/maranhaotv\/"},"magazine_blocks_comment":0,"magazine_blocks_author_image":"https:\/\/secure.gravatar.com\/avatar\/8fadbca458d4cb68b1dd399ae9a40618d747bb1af65ac9fad21c89220a143eb4?s=96&d=mm&r=g","magazine_blocks_category":"<a href=\"#\" class=\"category-link category-link-2\">not\u00edcias<\/a>","yoast_head":"<!-- This site is optimized with the Yoast SEO plugin v27.4 - https:\/\/yoast.com\/product\/yoast-seo-wordpress\/ -->\n<title>Deputado Wellington solicita ao Governo e Prefeitura reajuste dos professores em 3,62% e implanta\u00e7\u00e3o do piso nacional de R$ 4.580,57 - NOT\u00cdCIAS EM TEMPO REAL<\/title>\n<meta name=\"robots\" content=\"index, follow, max-snippet:-1, max-image-preview:large, max-video-preview:-1\" \/>\n<link rel=\"canonical\" href=\"https:\/\/maranhaotv.com.br\/index.php\/2024\/01\/17\/deputado-wellington-solicita-ao-governo-e-prefeitura-reajuste-dos-professores-em-362-e-implantacao-do-piso-nacional-de-r-4-58057\/\" \/>\n<meta property=\"og:locale\" content=\"pt_BR\" \/>\n<meta property=\"og:type\" content=\"article\" \/>\n<meta property=\"og:title\" content=\"Deputado Wellington solicita ao Governo e Prefeitura reajuste dos professores em 3,62% e implanta\u00e7\u00e3o do piso nacional de R$ 4.580,57 - NOT\u00cdCIAS EM TEMPO REAL\" \/>\n<meta property=\"og:description\" content=\"Nesta quarta-feira (17), o deputado estadual Wellington do Curso utilizou as redes sociais para expor uma indica\u00e7\u00e3o, de sua autoria,\" \/>\n<meta property=\"og:url\" content=\"https:\/\/maranhaotv.com.br\/index.php\/2024\/01\/17\/deputado-wellington-solicita-ao-governo-e-prefeitura-reajuste-dos-professores-em-362-e-implantacao-do-piso-nacional-de-r-4-58057\/\" \/>\n<meta property=\"og:site_name\" content=\"NOT\u00cdCIAS EM TEMPO REAL\" \/>\n<meta property=\"article:publisher\" content=\"https:\/\/www.facebook.com\/maiobaotv\" \/>\n<meta property=\"article:published_time\" content=\"2024-01-17T19:13:38+00:00\" \/>\n<meta name=\"author\" content=\"maranhaotv\" \/>\n<meta name=\"twitter:card\" content=\"summary_large_image\" \/>\n<meta name=\"twitter:creator\" content=\"@sitemaranhaotv\" \/>\n<meta name=\"twitter:site\" content=\"@sitemaranhaotv\" \/>\n<meta name=\"twitter:label1\" content=\"Escrito por\" \/>\n\t<meta name=\"twitter:data1\" content=\"maranhaotv\" \/>\n\t<meta name=\"twitter:label2\" content=\"Est. tempo de leitura\" \/>\n\t<meta name=\"twitter:data2\" content=\"1 minuto\" \/>\n<script type=\"application\/ld+json\" class=\"yoast-schema-graph\">{\"@context\":\"https:\\\/\\\/schema.org\",\"@graph\":[{\"@type\":\"Article\",\"@id\":\"https:\\\/\\\/maranhaotv.com.br\\\/index.php\\\/2024\\\/01\\\/17\\\/deputado-wellington-solicita-ao-governo-e-prefeitura-reajuste-dos-professores-em-362-e-implantacao-do-piso-nacional-de-r-4-58057\\\/#article\",\"isPartOf\":{\"@id\":\"https:\\\/\\\/maranhaotv.com.br\\\/index.php\\\/2024\\\/01\\\/17\\\/deputado-wellington-solicita-ao-governo-e-prefeitura-reajuste-dos-professores-em-362-e-implantacao-do-piso-nacional-de-r-4-58057\\\/\"},\"author\":{\"name\":\"maranhaotv\",\"@id\":\"https:\\\/\\\/maranhaotv.com.br\\\/#\\\/schema\\\/person\\\/3d54238e86b20bb5c89ab2fdb8f8829a\"},\"headline\":\"Deputado Wellington solicita ao Governo e Prefeitura reajuste dos professores em 3,62% e implanta\u00e7\u00e3o do piso nacional de R$ 4.580,57\",\"datePublished\":\"2024-01-17T19:13:38+00:00\",\"mainEntityOfPage\":{\"@id\":\"https:\\\/\\\/maranhaotv.com.br\\\/index.php\\\/2024\\\/01\\\/17\\\/deputado-wellington-solicita-ao-governo-e-prefeitura-reajuste-dos-professores-em-362-e-implantacao-do-piso-nacional-de-r-4-58057\\\/\"},\"wordCount\":300,\"commentCount\":0,\"publisher\":{\"@id\":\"https:\\\/\\\/maranhaotv.com.br\\\/#organization\"},\"image\":{\"@id\":\"https:\\\/\\\/maranhaotv.com.br\\\/index.php\\\/2024\\\/01\\\/17\\\/deputado-wellington-solicita-ao-governo-e-prefeitura-reajuste-dos-professores-em-362-e-implantacao-do-piso-nacional-de-r-4-58057\\\/#primaryimage\"},\"thumbnailUrl\":\"\",\"articleSection\":[\"not\u00edcias\"],\"inLanguage\":\"pt-BR\",\"potentialAction\":[{\"@type\":\"CommentAction\",\"name\":\"Comment\",\"target\":[\"https:\\\/\\\/maranhaotv.com.br\\\/index.php\\\/2024\\\/01\\\/17\\\/deputado-wellington-solicita-ao-governo-e-prefeitura-reajuste-dos-professores-em-362-e-implantacao-do-piso-nacional-de-r-4-58057\\\/#respond\"]}]},{\"@type\":\"WebPage\",\"@id\":\"https:\\\/\\\/maranhaotv.com.br\\\/index.php\\\/2024\\\/01\\\/17\\\/deputado-wellington-solicita-ao-governo-e-prefeitura-reajuste-dos-professores-em-362-e-implantacao-do-piso-nacional-de-r-4-58057\\\/\",\"url\":\"https:\\\/\\\/maranhaotv.com.br\\\/index.php\\\/2024\\\/01\\\/17\\\/deputado-wellington-solicita-ao-governo-e-prefeitura-reajuste-dos-professores-em-362-e-implantacao-do-piso-nacional-de-r-4-58057\\\/\",\"name\":\"Deputado Wellington solicita ao Governo e Prefeitura reajuste dos professores em 3,62% e implanta\u00e7\u00e3o do piso nacional de R$ 4.580,57 - NOT\u00cdCIAS EM TEMPO REAL\",\"isPartOf\":{\"@id\":\"https:\\\/\\\/maranhaotv.com.br\\\/#website\"},\"primaryImageOfPage\":{\"@id\":\"https:\\\/\\\/maranhaotv.com.br\\\/index.php\\\/2024\\\/01\\\/17\\\/deputado-wellington-solicita-ao-governo-e-prefeitura-reajuste-dos-professores-em-362-e-implantacao-do-piso-nacional-de-r-4-58057\\\/#primaryimage\"},\"image\":{\"@id\":\"https:\\\/\\\/maranhaotv.com.br\\\/index.php\\\/2024\\\/01\\\/17\\\/deputado-wellington-solicita-ao-governo-e-prefeitura-reajuste-dos-professores-em-362-e-implantacao-do-piso-nacional-de-r-4-58057\\\/#primaryimage\"},\"thumbnailUrl\":\"\",\"datePublished\":\"2024-01-17T19:13:38+00:00\",\"breadcrumb\":{\"@id\":\"https:\\\/\\\/maranhaotv.com.br\\\/index.php\\\/2024\\\/01\\\/17\\\/deputado-wellington-solicita-ao-governo-e-prefeitura-reajuste-dos-professores-em-362-e-implantacao-do-piso-nacional-de-r-4-58057\\\/#breadcrumb\"},\"inLanguage\":\"pt-BR\",\"potentialAction\":[{\"@type\":\"ReadAction\",\"target\":[\"https:\\\/\\\/maranhaotv.com.br\\\/index.php\\\/2024\\\/01\\\/17\\\/deputado-wellington-solicita-ao-governo-e-prefeitura-reajuste-dos-professores-em-362-e-implantacao-do-piso-nacional-de-r-4-58057\\\/\"]}]},{\"@type\":\"ImageObject\",\"inLanguage\":\"pt-BR\",\"@id\":\"https:\\\/\\\/maranhaotv.com.br\\\/index.php\\\/2024\\\/01\\\/17\\\/deputado-wellington-solicita-ao-governo-e-prefeitura-reajuste-dos-professores-em-362-e-implantacao-do-piso-nacional-de-r-4-58057\\\/#primaryimage\",\"url\":\"\",\"contentUrl\":\"\"},{\"@type\":\"BreadcrumbList\",\"@id\":\"https:\\\/\\\/maranhaotv.com.br\\\/index.php\\\/2024\\\/01\\\/17\\\/deputado-wellington-solicita-ao-governo-e-prefeitura-reajuste-dos-professores-em-362-e-implantacao-do-piso-nacional-de-r-4-58057\\\/#breadcrumb\",\"itemListElement\":[{\"@type\":\"ListItem\",\"position\":1,\"name\":\"In\u00edcio\",\"item\":\"https:\\\/\\\/maranhaotv.com.br\\\/\"},{\"@type\":\"ListItem\",\"position\":2,\"name\":\"Deputado Wellington solicita ao Governo e Prefeitura reajuste dos professores em 3,62% e implanta\u00e7\u00e3o do piso nacional de R$ 4.580,57\"}]},{\"@type\":\"WebSite\",\"@id\":\"https:\\\/\\\/maranhaotv.com.br\\\/#website\",\"url\":\"https:\\\/\\\/maranhaotv.com.br\\\/\",\"name\":\"Maranh\u00e3oTV\",\"description\":\"\",\"publisher\":{\"@id\":\"https:\\\/\\\/maranhaotv.com.br\\\/#organization\"},\"potentialAction\":[{\"@type\":\"SearchAction\",\"target\":{\"@type\":\"EntryPoint\",\"urlTemplate\":\"https:\\\/\\\/maranhaotv.com.br\\\/?s={search_term_string}\"},\"query-input\":{\"@type\":\"PropertyValueSpecification\",\"valueRequired\":true,\"valueName\":\"search_term_string\"}}],\"inLanguage\":\"pt-BR\"},{\"@type\":\"Organization\",\"@id\":\"https:\\\/\\\/maranhaotv.com.br\\\/#organization\",\"name\":\"Portal de Not\u00edcias\",\"url\":\"https:\\\/\\\/maranhaotv.com.br\\\/\",\"logo\":{\"@type\":\"ImageObject\",\"inLanguage\":\"pt-BR\",\"@id\":\"https:\\\/\\\/maranhaotv.com.br\\\/#\\\/schema\\\/logo\\\/image\\\/\",\"url\":\"https:\\\/\\\/maranhaotv.com.br\\\/wp-content\\\/uploads\\\/2024\\\/05\\\/cropped-cropped-avatar-1.png\",\"contentUrl\":\"https:\\\/\\\/maranhaotv.com.br\\\/wp-content\\\/uploads\\\/2024\\\/05\\\/cropped-cropped-avatar-1.png\",\"width\":792,\"height\":428,\"caption\":\"Portal de Not\u00edcias\"},\"image\":{\"@id\":\"https:\\\/\\\/maranhaotv.com.br\\\/#\\\/schema\\\/logo\\\/image\\\/\"},\"sameAs\":[\"https:\\\/\\\/www.facebook.com\\\/maiobaotv\",\"https:\\\/\\\/x.com\\\/sitemaranhaotv\",\"https:\\\/\\\/www.instagram.com\\\/maranhao.tv\",\"https:\\\/\\\/www.threads.net\\\/@maranhao.tv\"]},{\"@type\":\"Person\",\"@id\":\"https:\\\/\\\/maranhaotv.com.br\\\/#\\\/schema\\\/person\\\/3d54238e86b20bb5c89ab2fdb8f8829a\",\"name\":\"maranhaotv\",\"image\":{\"@type\":\"ImageObject\",\"inLanguage\":\"pt-BR\",\"@id\":\"https:\\\/\\\/secure.gravatar.com\\\/avatar\\\/8fadbca458d4cb68b1dd399ae9a40618d747bb1af65ac9fad21c89220a143eb4?s=96&d=mm&r=g\",\"url\":\"https:\\\/\\\/secure.gravatar.com\\\/avatar\\\/8fadbca458d4cb68b1dd399ae9a40618d747bb1af65ac9fad21c89220a143eb4?s=96&d=mm&r=g\",\"contentUrl\":\"https:\\\/\\\/secure.gravatar.com\\\/avatar\\\/8fadbca458d4cb68b1dd399ae9a40618d747bb1af65ac9fad21c89220a143eb4?s=96&d=mm&r=g\",\"caption\":\"maranhaotv\"},\"sameAs\":[\"https:\\\/\\\/maranhaotv.com.br\\\/\"],\"url\":\"https:\\\/\\\/maranhaotv.com.br\\\/index.php\\\/author\\\/maranhaotv\\\/\"}]}<\/script>\n<!-- \/ Yoast SEO plugin. -->","yoast_head_json":{"title":"Deputado Wellington solicita ao Governo e Prefeitura reajuste dos professores em 3,62% e implanta\u00e7\u00e3o do piso nacional de R$ 4.580,57 - NOT\u00cdCIAS EM TEMPO REAL","robots":{"index":"index","follow":"follow","max-snippet":"max-snippet:-1","max-image-preview":"max-image-preview:large","max-video-preview":"max-video-preview:-1"},"canonical":"https:\/\/maranhaotv.com.br\/index.php\/2024\/01\/17\/deputado-wellington-solicita-ao-governo-e-prefeitura-reajuste-dos-professores-em-362-e-implantacao-do-piso-nacional-de-r-4-58057\/","og_locale":"pt_BR","og_type":"article","og_title":"Deputado Wellington solicita ao Governo e Prefeitura reajuste dos professores em 3,62% e implanta\u00e7\u00e3o do piso nacional de R$ 4.580,57 - NOT\u00cdCIAS EM TEMPO REAL","og_description":"Nesta quarta-feira (17), o deputado estadual Wellington do Curso utilizou as redes sociais para expor uma indica\u00e7\u00e3o, de sua autoria,","og_url":"https:\/\/maranhaotv.com.br\/index.php\/2024\/01\/17\/deputado-wellington-solicita-ao-governo-e-prefeitura-reajuste-dos-professores-em-362-e-implantacao-do-piso-nacional-de-r-4-58057\/","og_site_name":"NOT\u00cdCIAS EM TEMPO REAL","article_publisher":"https:\/\/www.facebook.com\/maiobaotv","article_published_time":"2024-01-17T19:13:38+00:00","author":"maranhaotv","twitter_card":"summary_large_image","twitter_creator":"@sitemaranhaotv","twitter_site":"@sitemaranhaotv","twitter_misc":{"Escrito por":"maranhaotv","Est. tempo de leitura":"1 minuto"},"schema":{"@context":"https:\/\/schema.org","@graph":[{"@type":"Article","@id":"https:\/\/maranhaotv.com.br\/index.php\/2024\/01\/17\/deputado-wellington-solicita-ao-governo-e-prefeitura-reajuste-dos-professores-em-362-e-implantacao-do-piso-nacional-de-r-4-58057\/#article","isPartOf":{"@id":"https:\/\/maranhaotv.com.br\/index.php\/2024\/01\/17\/deputado-wellington-solicita-ao-governo-e-prefeitura-reajuste-dos-professores-em-362-e-implantacao-do-piso-nacional-de-r-4-58057\/"},"author":{"name":"maranhaotv","@id":"https:\/\/maranhaotv.com.br\/#\/schema\/person\/3d54238e86b20bb5c89ab2fdb8f8829a"},"headline":"Deputado Wellington solicita ao Governo e Prefeitura reajuste dos professores em 3,62% e implanta\u00e7\u00e3o do piso nacional de R$ 4.580,57","datePublished":"2024-01-17T19:13:38+00:00","mainEntityOfPage":{"@id":"https:\/\/maranhaotv.com.br\/index.php\/2024\/01\/17\/deputado-wellington-solicita-ao-governo-e-prefeitura-reajuste-dos-professores-em-362-e-implantacao-do-piso-nacional-de-r-4-58057\/"},"wordCount":300,"commentCount":0,"publisher":{"@id":"https:\/\/maranhaotv.com.br\/#organization"},"image":{"@id":"https:\/\/maranhaotv.com.br\/index.php\/2024\/01\/17\/deputado-wellington-solicita-ao-governo-e-prefeitura-reajuste-dos-professores-em-362-e-implantacao-do-piso-nacional-de-r-4-58057\/#primaryimage"},"thumbnailUrl":"","articleSection":["not\u00edcias"],"inLanguage":"pt-BR","potentialAction":[{"@type":"CommentAction","name":"Comment","target":["https:\/\/maranhaotv.com.br\/index.php\/2024\/01\/17\/deputado-wellington-solicita-ao-governo-e-prefeitura-reajuste-dos-professores-em-362-e-implantacao-do-piso-nacional-de-r-4-58057\/#respond"]}]},{"@type":"WebPage","@id":"https:\/\/maranhaotv.com.br\/index.php\/2024\/01\/17\/deputado-wellington-solicita-ao-governo-e-prefeitura-reajuste-dos-professores-em-362-e-implantacao-do-piso-nacional-de-r-4-58057\/","url":"https:\/\/maranhaotv.com.br\/index.php\/2024\/01\/17\/deputado-wellington-solicita-ao-governo-e-prefeitura-reajuste-dos-professores-em-362-e-implantacao-do-piso-nacional-de-r-4-58057\/","name":"Deputado Wellington solicita ao Governo e Prefeitura reajuste dos professores em 3,62% e implanta\u00e7\u00e3o do piso nacional de R$ 4.580,57 - NOT\u00cdCIAS EM TEMPO REAL","isPartOf":{"@id":"https:\/\/maranhaotv.com.br\/#website"},"primaryImageOfPage":{"@id":"https:\/\/maranhaotv.com.br\/index.php\/2024\/01\/17\/deputado-wellington-solicita-ao-governo-e-prefeitura-reajuste-dos-professores-em-362-e-implantacao-do-piso-nacional-de-r-4-58057\/#primaryimage"},"image":{"@id":"https:\/\/maranhaotv.com.br\/index.php\/2024\/01\/17\/deputado-wellington-solicita-ao-governo-e-prefeitura-reajuste-dos-professores-em-362-e-implantacao-do-piso-nacional-de-r-4-58057\/#primaryimage"},"thumbnailUrl":"","datePublished":"2024-01-17T19:13:38+00:00","breadcrumb":{"@id":"https:\/\/maranhaotv.com.br\/index.php\/2024\/01\/17\/deputado-wellington-solicita-ao-governo-e-prefeitura-reajuste-dos-professores-em-362-e-implantacao-do-piso-nacional-de-r-4-58057\/#breadcrumb"},"inLanguage":"pt-BR","potentialAction":[{"@type":"ReadAction","target":["https:\/\/maranhaotv.com.br\/index.php\/2024\/01\/17\/deputado-wellington-solicita-ao-governo-e-prefeitura-reajuste-dos-professores-em-362-e-implantacao-do-piso-nacional-de-r-4-58057\/"]}]},{"@type":"ImageObject","inLanguage":"pt-BR","@id":"https:\/\/maranhaotv.com.br\/index.php\/2024\/01\/17\/deputado-wellington-solicita-ao-governo-e-prefeitura-reajuste-dos-professores-em-362-e-implantacao-do-piso-nacional-de-r-4-58057\/#primaryimage","url":"","contentUrl":""},{"@type":"BreadcrumbList","@id":"https:\/\/maranhaotv.com.br\/index.php\/2024\/01\/17\/deputado-wellington-solicita-ao-governo-e-prefeitura-reajuste-dos-professores-em-362-e-implantacao-do-piso-nacional-de-r-4-58057\/#breadcrumb","itemListElement":[{"@type":"ListItem","position":1,"name":"In\u00edcio","item":"https:\/\/maranhaotv.com.br\/"},{"@type":"ListItem","position":2,"name":"Deputado Wellington solicita ao Governo e Prefeitura reajuste dos professores em 3,62% e implanta\u00e7\u00e3o do piso nacional de R$ 4.580,57"}]},{"@type":"WebSite","@id":"https:\/\/maranhaotv.com.br\/#website","url":"https:\/\/maranhaotv.com.br\/","name":"Maranh\u00e3oTV","description":"","publisher":{"@id":"https:\/\/maranhaotv.com.br\/#organization"},"potentialAction":[{"@type":"SearchAction","target":{"@type":"EntryPoint","urlTemplate":"https:\/\/maranhaotv.com.br\/?s={search_term_string}"},"query-input":{"@type":"PropertyValueSpecification","valueRequired":true,"valueName":"search_term_string"}}],"inLanguage":"pt-BR"},{"@type":"Organization","@id":"https:\/\/maranhaotv.com.br\/#organization","name":"Portal de Not\u00edcias","url":"https:\/\/maranhaotv.com.br\/","logo":{"@type":"ImageObject","inLanguage":"pt-BR","@id":"https:\/\/maranhaotv.com.br\/#\/schema\/logo\/image\/","url":"https:\/\/maranhaotv.com.br\/wp-content\/uploads\/2024\/05\/cropped-cropped-avatar-1.png","contentUrl":"https:\/\/maranhaotv.com.br\/wp-content\/uploads\/2024\/05\/cropped-cropped-avatar-1.png","width":792,"height":428,"caption":"Portal de Not\u00edcias"},"image":{"@id":"https:\/\/maranhaotv.com.br\/#\/schema\/logo\/image\/"},"sameAs":["https:\/\/www.facebook.com\/maiobaotv","https:\/\/x.com\/sitemaranhaotv","https:\/\/www.instagram.com\/maranhao.tv","https:\/\/www.threads.net\/@maranhao.tv"]},{"@type":"Person","@id":"https:\/\/maranhaotv.com.br\/#\/schema\/person\/3d54238e86b20bb5c89ab2fdb8f8829a","name":"maranhaotv","image":{"@type":"ImageObject","inLanguage":"pt-BR","@id":"https:\/\/secure.gravatar.com\/avatar\/8fadbca458d4cb68b1dd399ae9a40618d747bb1af65ac9fad21c89220a143eb4?s=96&d=mm&r=g","url":"https:\/\/secure.gravatar.com\/avatar\/8fadbca458d4cb68b1dd399ae9a40618d747bb1af65ac9fad21c89220a143eb4?s=96&d=mm&r=g","contentUrl":"https:\/\/secure.gravatar.com\/avatar\/8fadbca458d4cb68b1dd399ae9a40618d747bb1af65ac9fad21c89220a143eb4?s=96&d=mm&r=g","caption":"maranhaotv"},"sameAs":["https:\/\/maranhaotv.com.br\/"],"url":"https:\/\/maranhaotv.com.br\/index.php\/author\/maranhaotv\/"}]}},"jetpack_featured_media_url":"","jetpack_sharing_enabled":true,"_links":{"self":[{"href":"https:\/\/maranhaotv.com.br\/index.php\/wp-json\/wp\/v2\/posts\/34086","targetHints":{"allow":["GET"]}}],"collection":[{"href":"https:\/\/maranhaotv.com.br\/index.php\/wp-json\/wp\/v2\/posts"}],"about":[{"href":"https:\/\/maranhaotv.com.br\/index.php\/wp-json\/wp\/v2\/types\/post"}],"author":[{"embeddable":true,"href":"https:\/\/maranhaotv.com.br\/index.php\/wp-json\/wp\/v2\/users\/2"}],"replies":[{"embeddable":true,"href":"https:\/\/maranhaotv.com.br\/index.php\/wp-json\/wp\/v2\/comments?post=34086"}],"version-history":[{"count":0,"href":"https:\/\/maranhaotv.com.br\/index.php\/wp-json\/wp\/v2\/posts\/34086\/revisions"}],"wp:featuredmedia":[{"embeddable":true,"href":"https:\/\/maranhaotv.com.br\/index.php\/wp-json\/"}],"wp:attachment":[{"href":"https:\/\/maranhaotv.com.br\/index.php\/wp-json\/wp\/v2\/media?parent=34086"}],"wp:term":[{"taxonomy":"category","embeddable":true,"href":"https:\/\/maranhaotv.com.br\/index.php\/wp-json\/wp\/v2\/categories?post=34086"},{"taxonomy":"post_tag","embeddable":true,"href":"https:\/\/maranhaotv.com.br\/index.php\/wp-json\/wp\/v2\/tags?post=34086"}],"curies":[{"name":"wp","href":"https:\/\/api.w.org\/{rel}","templated":true}]}}