{"id":34095,"date":"2024-01-18T08:12:01","date_gmt":"2024-01-18T11:12:01","guid":{"rendered":"https:\/\/maranhaotv.com.br\/?p=34095"},"modified":"2024-01-18T08:12:01","modified_gmt":"2024-01-18T11:12:01","slug":"andre-fufuca-contrata-athirson-ex-flamengo-para-time-do-ministerio-do-esporte","status":"publish","type":"post","link":"https:\/\/maranhaotv.com.br\/index.php\/2024\/01\/18\/andre-fufuca-contrata-athirson-ex-flamengo-para-time-do-ministerio-do-esporte\/","title":{"rendered":"Andr\u00e9 Fufuca \u201ccontrata\u201d Athirson, ex-Flamengo, para time do Minist\u00e9rio do Esporte"},"content":{"rendered":"\n<p>Ex-jogador do Flamengo, entre v\u00e1rios outros clubes, Athirson Mazzoli assumiu a Secretaria Nacional de Futebol e Defesa dos Direitos do Torcedor, do Minist\u00e9rio do Esporte. Pelas redes sociais, o ministro Andr\u00e9 Fufuca deu boas vindas ao lateral-esquerdo que teve sua grande fase no futebol entre as d\u00e9cadas de 1990 e 2000.<br><br><br>\u201cAvan\u00e7aremos juntos com empenho e dedica\u00e7\u00e3o nesta miss\u00e3o\u201d, disse Fufuca nesta quarta-feira (17). Pelo site do minist\u00e9rio, Athirson declarou ser \u201cuma grande honra\u201d assumir o cargo. \u201c\u00c9 uma grande honra poder desempenhar um papel t\u00e3o importante dentro do futebol brasileiro, e ao mesmo tempo um grande desafio para minha carreira.\u201d<br><br>A miss\u00e3o da secretaria \u00e9 fortalecer o futebol como instrumento fundamental de cidadania, inclus\u00e3o social e de fortalecimento da identidade nacional. Ela elabora, acompanha e implementa pol\u00edticas p\u00fablicas para o futebol amador e profissional, masculino e feminino.<br><br>PUBLICIDADE<br><br>\u201cAcredito que minhas experi\u00eancias dentro do futebol nacional e internacional me trouxeram at\u00e9 aqui, agora \u00e9 a hora de contribuir para o fortalecimento do futebol brasileiro, empenhando todo o meu conhecimento e pr\u00e1tica adquiridos. O futebol transformou a minha vida, e acredito que pode transformar a vida de muitos meninos e meninas. Vou trabalhar com o ministro Andr\u00e9 Fufuca, para que juntos possamos dar oportunidade a todos que sonham em um dia ser um profissional do futebol\u201d, disse o secret\u00e1rio.<br><br>Athirson, 47, iniciou sua carreira no futebol profissional como lateral-esquerdo do Flamengo, em 1996. No clube carioca, fez 253 jogos, divididos em duas passagens. Jogou tamb\u00e9m em uma s\u00e9rie de outros clubes, como Santos, Juventus (It\u00e1lia), Bayer Leverkusen (Alemanha) e Botafogo. Vestiu a camisa da sele\u00e7\u00e3o brasileira em cinco oportunidades, de 1999 a 2003. Ap\u00f3s encerrar a carreira como jogador, foi t\u00e9cnico e comentarista de futebol em canais de televis\u00e3o. (Ag\u00eancia Brasil)<\/p>\n","protected":false},"excerpt":{"rendered":"<p>Ex-jogador do Flamengo, entre v\u00e1rios outros clubes, Athirson Mazzoli assumiu a Secretaria Nacional de Futebol e Defesa dos Direitos do<\/p>\n","protected":false},"author":2,"featured_media":34094,"comment_status":"open","ping_status":"open","sticky":false,"template":"","format":"standard","meta":{"colormag_page_container_layout":"default_layout","colormag_page_sidebar_layout":"default_layout","_jetpack_memberships_contains_paid_content":false,"footnotes":""},"categories":[2],"tags":[],"class_list":["post-34095","post","type-post","status-publish","format-standard","has-post-thumbnail","hentry","category-noticias"],"magazineBlocksPostFeaturedMedia":{"thumbnail":false,"medium":false,"medium_large":false,"large":false,"1536x1536":false,"2048x2048":false,"colormag-highlighted-post":false,"colormag-featured-post-medium":false,"colormag-featured-post-small":false,"colormag-featured-image":false,"colormag-default-news":false,"colormag-featured-image-large":false},"magazineBlocksPostAuthor":{"name":"maranhaotv","avatar":"https:\/\/secure.gravatar.com\/avatar\/8fadbca458d4cb68b1dd399ae9a40618d747bb1af65ac9fad21c89220a143eb4?s=96&d=mm&r=g"},"magazineBlocksPostCommentsNumber":"0","magazineBlocksPostExcerpt":"Ex-jogador do Flamengo, entre v\u00e1rios outros clubes, Athirson Mazzoli assumiu a Secretaria Nacional de Futebol e Defesa dos Direitos do","magazineBlocksPostCategories":["not\u00edcias"],"magazineBlocksPostViewCount":218,"magazineBlocksPostReadTime":2,"magazine_blocks_featured_image_url":{"full":false,"medium":false,"thumbnail":false},"magazine_blocks_author":{"display_name":"maranhaotv","author_link":"https:\/\/maranhaotv.com.br\/index.php\/author\/maranhaotv\/"},"magazine_blocks_comment":0,"magazine_blocks_author_image":"https:\/\/secure.gravatar.com\/avatar\/8fadbca458d4cb68b1dd399ae9a40618d747bb1af65ac9fad21c89220a143eb4?s=96&d=mm&r=g","magazine_blocks_category":"<a href=\"#\" class=\"category-link category-link-2\">not\u00edcias<\/a>","yoast_head":"<!-- This site is optimized with the Yoast SEO plugin v27.4 - https:\/\/yoast.com\/product\/yoast-seo-wordpress\/ -->\n<title>Andr\u00e9 Fufuca \u201ccontrata\u201d Athirson, ex-Flamengo, para time do Minist\u00e9rio do Esporte - NOT\u00cdCIAS EM TEMPO REAL<\/title>\n<meta name=\"robots\" content=\"index, follow, max-snippet:-1, max-image-preview:large, max-video-preview:-1\" \/>\n<link rel=\"canonical\" href=\"https:\/\/maranhaotv.com.br\/index.php\/2024\/01\/18\/andre-fufuca-contrata-athirson-ex-flamengo-para-time-do-ministerio-do-esporte\/\" \/>\n<meta property=\"og:locale\" content=\"pt_BR\" \/>\n<meta property=\"og:type\" content=\"article\" \/>\n<meta property=\"og:title\" content=\"Andr\u00e9 Fufuca \u201ccontrata\u201d Athirson, ex-Flamengo, para time do Minist\u00e9rio do Esporte - NOT\u00cdCIAS EM TEMPO REAL\" \/>\n<meta property=\"og:description\" content=\"Ex-jogador do Flamengo, entre v\u00e1rios outros clubes, Athirson Mazzoli assumiu a Secretaria Nacional de Futebol e Defesa dos Direitos do\" \/>\n<meta property=\"og:url\" content=\"https:\/\/maranhaotv.com.br\/index.php\/2024\/01\/18\/andre-fufuca-contrata-athirson-ex-flamengo-para-time-do-ministerio-do-esporte\/\" \/>\n<meta property=\"og:site_name\" content=\"NOT\u00cdCIAS EM TEMPO REAL\" \/>\n<meta property=\"article:publisher\" content=\"https:\/\/www.facebook.com\/maiobaotv\" \/>\n<meta property=\"article:published_time\" content=\"2024-01-18T11:12:01+00:00\" \/>\n<meta name=\"author\" content=\"maranhaotv\" \/>\n<meta name=\"twitter:card\" content=\"summary_large_image\" \/>\n<meta name=\"twitter:creator\" content=\"@sitemaranhaotv\" \/>\n<meta name=\"twitter:site\" content=\"@sitemaranhaotv\" \/>\n<meta name=\"twitter:label1\" content=\"Escrito por\" \/>\n\t<meta name=\"twitter:data1\" content=\"maranhaotv\" \/>\n\t<meta name=\"twitter:label2\" content=\"Est. tempo de leitura\" \/>\n\t<meta name=\"twitter:data2\" content=\"2 minutos\" \/>\n<script type=\"application\/ld+json\" class=\"yoast-schema-graph\">{\"@context\":\"https:\\\/\\\/schema.org\",\"@graph\":[{\"@type\":\"Article\",\"@id\":\"https:\\\/\\\/maranhaotv.com.br\\\/index.php\\\/2024\\\/01\\\/18\\\/andre-fufuca-contrata-athirson-ex-flamengo-para-time-do-ministerio-do-esporte\\\/#article\",\"isPartOf\":{\"@id\":\"https:\\\/\\\/maranhaotv.com.br\\\/index.php\\\/2024\\\/01\\\/18\\\/andre-fufuca-contrata-athirson-ex-flamengo-para-time-do-ministerio-do-esporte\\\/\"},\"author\":{\"name\":\"maranhaotv\",\"@id\":\"https:\\\/\\\/maranhaotv.com.br\\\/#\\\/schema\\\/person\\\/3d54238e86b20bb5c89ab2fdb8f8829a\"},\"headline\":\"Andr\u00e9 Fufuca \u201ccontrata\u201d Athirson, ex-Flamengo, para time do Minist\u00e9rio do Esporte\",\"datePublished\":\"2024-01-18T11:12:01+00:00\",\"mainEntityOfPage\":{\"@id\":\"https:\\\/\\\/maranhaotv.com.br\\\/index.php\\\/2024\\\/01\\\/18\\\/andre-fufuca-contrata-athirson-ex-flamengo-para-time-do-ministerio-do-esporte\\\/\"},\"wordCount\":315,\"commentCount\":0,\"publisher\":{\"@id\":\"https:\\\/\\\/maranhaotv.com.br\\\/#organization\"},\"image\":{\"@id\":\"https:\\\/\\\/maranhaotv.com.br\\\/index.php\\\/2024\\\/01\\\/18\\\/andre-fufuca-contrata-athirson-ex-flamengo-para-time-do-ministerio-do-esporte\\\/#primaryimage\"},\"thumbnailUrl\":\"\",\"articleSection\":[\"not\u00edcias\"],\"inLanguage\":\"pt-BR\",\"potentialAction\":[{\"@type\":\"CommentAction\",\"name\":\"Comment\",\"target\":[\"https:\\\/\\\/maranhaotv.com.br\\\/index.php\\\/2024\\\/01\\\/18\\\/andre-fufuca-contrata-athirson-ex-flamengo-para-time-do-ministerio-do-esporte\\\/#respond\"]}]},{\"@type\":\"WebPage\",\"@id\":\"https:\\\/\\\/maranhaotv.com.br\\\/index.php\\\/2024\\\/01\\\/18\\\/andre-fufuca-contrata-athirson-ex-flamengo-para-time-do-ministerio-do-esporte\\\/\",\"url\":\"https:\\\/\\\/maranhaotv.com.br\\\/index.php\\\/2024\\\/01\\\/18\\\/andre-fufuca-contrata-athirson-ex-flamengo-para-time-do-ministerio-do-esporte\\\/\",\"name\":\"Andr\u00e9 Fufuca \u201ccontrata\u201d Athirson, ex-Flamengo, para time do Minist\u00e9rio do Esporte - NOT\u00cdCIAS EM TEMPO REAL\",\"isPartOf\":{\"@id\":\"https:\\\/\\\/maranhaotv.com.br\\\/#website\"},\"primaryImageOfPage\":{\"@id\":\"https:\\\/\\\/maranhaotv.com.br\\\/index.php\\\/2024\\\/01\\\/18\\\/andre-fufuca-contrata-athirson-ex-flamengo-para-time-do-ministerio-do-esporte\\\/#primaryimage\"},\"image\":{\"@id\":\"https:\\\/\\\/maranhaotv.com.br\\\/index.php\\\/2024\\\/01\\\/18\\\/andre-fufuca-contrata-athirson-ex-flamengo-para-time-do-ministerio-do-esporte\\\/#primaryimage\"},\"thumbnailUrl\":\"\",\"datePublished\":\"2024-01-18T11:12:01+00:00\",\"breadcrumb\":{\"@id\":\"https:\\\/\\\/maranhaotv.com.br\\\/index.php\\\/2024\\\/01\\\/18\\\/andre-fufuca-contrata-athirson-ex-flamengo-para-time-do-ministerio-do-esporte\\\/#breadcrumb\"},\"inLanguage\":\"pt-BR\",\"potentialAction\":[{\"@type\":\"ReadAction\",\"target\":[\"https:\\\/\\\/maranhaotv.com.br\\\/index.php\\\/2024\\\/01\\\/18\\\/andre-fufuca-contrata-athirson-ex-flamengo-para-time-do-ministerio-do-esporte\\\/\"]}]},{\"@type\":\"ImageObject\",\"inLanguage\":\"pt-BR\",\"@id\":\"https:\\\/\\\/maranhaotv.com.br\\\/index.php\\\/2024\\\/01\\\/18\\\/andre-fufuca-contrata-athirson-ex-flamengo-para-time-do-ministerio-do-esporte\\\/#primaryimage\",\"url\":\"\",\"contentUrl\":\"\"},{\"@type\":\"BreadcrumbList\",\"@id\":\"https:\\\/\\\/maranhaotv.com.br\\\/index.php\\\/2024\\\/01\\\/18\\\/andre-fufuca-contrata-athirson-ex-flamengo-para-time-do-ministerio-do-esporte\\\/#breadcrumb\",\"itemListElement\":[{\"@type\":\"ListItem\",\"position\":1,\"name\":\"In\u00edcio\",\"item\":\"https:\\\/\\\/maranhaotv.com.br\\\/\"},{\"@type\":\"ListItem\",\"position\":2,\"name\":\"Andr\u00e9 Fufuca \u201ccontrata\u201d Athirson, ex-Flamengo, para time do Minist\u00e9rio do Esporte\"}]},{\"@type\":\"WebSite\",\"@id\":\"https:\\\/\\\/maranhaotv.com.br\\\/#website\",\"url\":\"https:\\\/\\\/maranhaotv.com.br\\\/\",\"name\":\"Maranh\u00e3oTV\",\"description\":\"\",\"publisher\":{\"@id\":\"https:\\\/\\\/maranhaotv.com.br\\\/#organization\"},\"potentialAction\":[{\"@type\":\"SearchAction\",\"target\":{\"@type\":\"EntryPoint\",\"urlTemplate\":\"https:\\\/\\\/maranhaotv.com.br\\\/?s={search_term_string}\"},\"query-input\":{\"@type\":\"PropertyValueSpecification\",\"valueRequired\":true,\"valueName\":\"search_term_string\"}}],\"inLanguage\":\"pt-BR\"},{\"@type\":\"Organization\",\"@id\":\"https:\\\/\\\/maranhaotv.com.br\\\/#organization\",\"name\":\"Portal de Not\u00edcias\",\"url\":\"https:\\\/\\\/maranhaotv.com.br\\\/\",\"logo\":{\"@type\":\"ImageObject\",\"inLanguage\":\"pt-BR\",\"@id\":\"https:\\\/\\\/maranhaotv.com.br\\\/#\\\/schema\\\/logo\\\/image\\\/\",\"url\":\"https:\\\/\\\/maranhaotv.com.br\\\/wp-content\\\/uploads\\\/2024\\\/05\\\/cropped-cropped-avatar-1.png\",\"contentUrl\":\"https:\\\/\\\/maranhaotv.com.br\\\/wp-content\\\/uploads\\\/2024\\\/05\\\/cropped-cropped-avatar-1.png\",\"width\":792,\"height\":428,\"caption\":\"Portal de Not\u00edcias\"},\"image\":{\"@id\":\"https:\\\/\\\/maranhaotv.com.br\\\/#\\\/schema\\\/logo\\\/image\\\/\"},\"sameAs\":[\"https:\\\/\\\/www.facebook.com\\\/maiobaotv\",\"https:\\\/\\\/x.com\\\/sitemaranhaotv\",\"https:\\\/\\\/www.instagram.com\\\/maranhao.tv\",\"https:\\\/\\\/www.threads.net\\\/@maranhao.tv\"]},{\"@type\":\"Person\",\"@id\":\"https:\\\/\\\/maranhaotv.com.br\\\/#\\\/schema\\\/person\\\/3d54238e86b20bb5c89ab2fdb8f8829a\",\"name\":\"maranhaotv\",\"image\":{\"@type\":\"ImageObject\",\"inLanguage\":\"pt-BR\",\"@id\":\"https:\\\/\\\/secure.gravatar.com\\\/avatar\\\/8fadbca458d4cb68b1dd399ae9a40618d747bb1af65ac9fad21c89220a143eb4?s=96&d=mm&r=g\",\"url\":\"https:\\\/\\\/secure.gravatar.com\\\/avatar\\\/8fadbca458d4cb68b1dd399ae9a40618d747bb1af65ac9fad21c89220a143eb4?s=96&d=mm&r=g\",\"contentUrl\":\"https:\\\/\\\/secure.gravatar.com\\\/avatar\\\/8fadbca458d4cb68b1dd399ae9a40618d747bb1af65ac9fad21c89220a143eb4?s=96&d=mm&r=g\",\"caption\":\"maranhaotv\"},\"sameAs\":[\"https:\\\/\\\/maranhaotv.com.br\\\/\"],\"url\":\"https:\\\/\\\/maranhaotv.com.br\\\/index.php\\\/author\\\/maranhaotv\\\/\"}]}<\/script>\n<!-- \/ Yoast SEO plugin. -->","yoast_head_json":{"title":"Andr\u00e9 Fufuca \u201ccontrata\u201d Athirson, ex-Flamengo, para time do Minist\u00e9rio do Esporte - NOT\u00cdCIAS EM TEMPO REAL","robots":{"index":"index","follow":"follow","max-snippet":"max-snippet:-1","max-image-preview":"max-image-preview:large","max-video-preview":"max-video-preview:-1"},"canonical":"https:\/\/maranhaotv.com.br\/index.php\/2024\/01\/18\/andre-fufuca-contrata-athirson-ex-flamengo-para-time-do-ministerio-do-esporte\/","og_locale":"pt_BR","og_type":"article","og_title":"Andr\u00e9 Fufuca \u201ccontrata\u201d Athirson, ex-Flamengo, para time do Minist\u00e9rio do Esporte - NOT\u00cdCIAS EM TEMPO REAL","og_description":"Ex-jogador do Flamengo, entre v\u00e1rios outros clubes, Athirson Mazzoli assumiu a Secretaria Nacional de Futebol e Defesa dos Direitos do","og_url":"https:\/\/maranhaotv.com.br\/index.php\/2024\/01\/18\/andre-fufuca-contrata-athirson-ex-flamengo-para-time-do-ministerio-do-esporte\/","og_site_name":"NOT\u00cdCIAS EM TEMPO REAL","article_publisher":"https:\/\/www.facebook.com\/maiobaotv","article_published_time":"2024-01-18T11:12:01+00:00","author":"maranhaotv","twitter_card":"summary_large_image","twitter_creator":"@sitemaranhaotv","twitter_site":"@sitemaranhaotv","twitter_misc":{"Escrito por":"maranhaotv","Est. tempo de leitura":"2 minutos"},"schema":{"@context":"https:\/\/schema.org","@graph":[{"@type":"Article","@id":"https:\/\/maranhaotv.com.br\/index.php\/2024\/01\/18\/andre-fufuca-contrata-athirson-ex-flamengo-para-time-do-ministerio-do-esporte\/#article","isPartOf":{"@id":"https:\/\/maranhaotv.com.br\/index.php\/2024\/01\/18\/andre-fufuca-contrata-athirson-ex-flamengo-para-time-do-ministerio-do-esporte\/"},"author":{"name":"maranhaotv","@id":"https:\/\/maranhaotv.com.br\/#\/schema\/person\/3d54238e86b20bb5c89ab2fdb8f8829a"},"headline":"Andr\u00e9 Fufuca \u201ccontrata\u201d Athirson, ex-Flamengo, para time do Minist\u00e9rio do Esporte","datePublished":"2024-01-18T11:12:01+00:00","mainEntityOfPage":{"@id":"https:\/\/maranhaotv.com.br\/index.php\/2024\/01\/18\/andre-fufuca-contrata-athirson-ex-flamengo-para-time-do-ministerio-do-esporte\/"},"wordCount":315,"commentCount":0,"publisher":{"@id":"https:\/\/maranhaotv.com.br\/#organization"},"image":{"@id":"https:\/\/maranhaotv.com.br\/index.php\/2024\/01\/18\/andre-fufuca-contrata-athirson-ex-flamengo-para-time-do-ministerio-do-esporte\/#primaryimage"},"thumbnailUrl":"","articleSection":["not\u00edcias"],"inLanguage":"pt-BR","potentialAction":[{"@type":"CommentAction","name":"Comment","target":["https:\/\/maranhaotv.com.br\/index.php\/2024\/01\/18\/andre-fufuca-contrata-athirson-ex-flamengo-para-time-do-ministerio-do-esporte\/#respond"]}]},{"@type":"WebPage","@id":"https:\/\/maranhaotv.com.br\/index.php\/2024\/01\/18\/andre-fufuca-contrata-athirson-ex-flamengo-para-time-do-ministerio-do-esporte\/","url":"https:\/\/maranhaotv.com.br\/index.php\/2024\/01\/18\/andre-fufuca-contrata-athirson-ex-flamengo-para-time-do-ministerio-do-esporte\/","name":"Andr\u00e9 Fufuca \u201ccontrata\u201d Athirson, ex-Flamengo, para time do Minist\u00e9rio do Esporte - NOT\u00cdCIAS EM TEMPO REAL","isPartOf":{"@id":"https:\/\/maranhaotv.com.br\/#website"},"primaryImageOfPage":{"@id":"https:\/\/maranhaotv.com.br\/index.php\/2024\/01\/18\/andre-fufuca-contrata-athirson-ex-flamengo-para-time-do-ministerio-do-esporte\/#primaryimage"},"image":{"@id":"https:\/\/maranhaotv.com.br\/index.php\/2024\/01\/18\/andre-fufuca-contrata-athirson-ex-flamengo-para-time-do-ministerio-do-esporte\/#primaryimage"},"thumbnailUrl":"","datePublished":"2024-01-18T11:12:01+00:00","breadcrumb":{"@id":"https:\/\/maranhaotv.com.br\/index.php\/2024\/01\/18\/andre-fufuca-contrata-athirson-ex-flamengo-para-time-do-ministerio-do-esporte\/#breadcrumb"},"inLanguage":"pt-BR","potentialAction":[{"@type":"ReadAction","target":["https:\/\/maranhaotv.com.br\/index.php\/2024\/01\/18\/andre-fufuca-contrata-athirson-ex-flamengo-para-time-do-ministerio-do-esporte\/"]}]},{"@type":"ImageObject","inLanguage":"pt-BR","@id":"https:\/\/maranhaotv.com.br\/index.php\/2024\/01\/18\/andre-fufuca-contrata-athirson-ex-flamengo-para-time-do-ministerio-do-esporte\/#primaryimage","url":"","contentUrl":""},{"@type":"BreadcrumbList","@id":"https:\/\/maranhaotv.com.br\/index.php\/2024\/01\/18\/andre-fufuca-contrata-athirson-ex-flamengo-para-time-do-ministerio-do-esporte\/#breadcrumb","itemListElement":[{"@type":"ListItem","position":1,"name":"In\u00edcio","item":"https:\/\/maranhaotv.com.br\/"},{"@type":"ListItem","position":2,"name":"Andr\u00e9 Fufuca \u201ccontrata\u201d Athirson, ex-Flamengo, para time do Minist\u00e9rio do Esporte"}]},{"@type":"WebSite","@id":"https:\/\/maranhaotv.com.br\/#website","url":"https:\/\/maranhaotv.com.br\/","name":"Maranh\u00e3oTV","description":"","publisher":{"@id":"https:\/\/maranhaotv.com.br\/#organization"},"potentialAction":[{"@type":"SearchAction","target":{"@type":"EntryPoint","urlTemplate":"https:\/\/maranhaotv.com.br\/?s={search_term_string}"},"query-input":{"@type":"PropertyValueSpecification","valueRequired":true,"valueName":"search_term_string"}}],"inLanguage":"pt-BR"},{"@type":"Organization","@id":"https:\/\/maranhaotv.com.br\/#organization","name":"Portal de Not\u00edcias","url":"https:\/\/maranhaotv.com.br\/","logo":{"@type":"ImageObject","inLanguage":"pt-BR","@id":"https:\/\/maranhaotv.com.br\/#\/schema\/logo\/image\/","url":"https:\/\/maranhaotv.com.br\/wp-content\/uploads\/2024\/05\/cropped-cropped-avatar-1.png","contentUrl":"https:\/\/maranhaotv.com.br\/wp-content\/uploads\/2024\/05\/cropped-cropped-avatar-1.png","width":792,"height":428,"caption":"Portal de Not\u00edcias"},"image":{"@id":"https:\/\/maranhaotv.com.br\/#\/schema\/logo\/image\/"},"sameAs":["https:\/\/www.facebook.com\/maiobaotv","https:\/\/x.com\/sitemaranhaotv","https:\/\/www.instagram.com\/maranhao.tv","https:\/\/www.threads.net\/@maranhao.tv"]},{"@type":"Person","@id":"https:\/\/maranhaotv.com.br\/#\/schema\/person\/3d54238e86b20bb5c89ab2fdb8f8829a","name":"maranhaotv","image":{"@type":"ImageObject","inLanguage":"pt-BR","@id":"https:\/\/secure.gravatar.com\/avatar\/8fadbca458d4cb68b1dd399ae9a40618d747bb1af65ac9fad21c89220a143eb4?s=96&d=mm&r=g","url":"https:\/\/secure.gravatar.com\/avatar\/8fadbca458d4cb68b1dd399ae9a40618d747bb1af65ac9fad21c89220a143eb4?s=96&d=mm&r=g","contentUrl":"https:\/\/secure.gravatar.com\/avatar\/8fadbca458d4cb68b1dd399ae9a40618d747bb1af65ac9fad21c89220a143eb4?s=96&d=mm&r=g","caption":"maranhaotv"},"sameAs":["https:\/\/maranhaotv.com.br\/"],"url":"https:\/\/maranhaotv.com.br\/index.php\/author\/maranhaotv\/"}]}},"jetpack_featured_media_url":"","jetpack_sharing_enabled":true,"_links":{"self":[{"href":"https:\/\/maranhaotv.com.br\/index.php\/wp-json\/wp\/v2\/posts\/34095","targetHints":{"allow":["GET"]}}],"collection":[{"href":"https:\/\/maranhaotv.com.br\/index.php\/wp-json\/wp\/v2\/posts"}],"about":[{"href":"https:\/\/maranhaotv.com.br\/index.php\/wp-json\/wp\/v2\/types\/post"}],"author":[{"embeddable":true,"href":"https:\/\/maranhaotv.com.br\/index.php\/wp-json\/wp\/v2\/users\/2"}],"replies":[{"embeddable":true,"href":"https:\/\/maranhaotv.com.br\/index.php\/wp-json\/wp\/v2\/comments?post=34095"}],"version-history":[{"count":0,"href":"https:\/\/maranhaotv.com.br\/index.php\/wp-json\/wp\/v2\/posts\/34095\/revisions"}],"wp:featuredmedia":[{"embeddable":true,"href":"https:\/\/maranhaotv.com.br\/index.php\/wp-json\/"}],"wp:attachment":[{"href":"https:\/\/maranhaotv.com.br\/index.php\/wp-json\/wp\/v2\/media?parent=34095"}],"wp:term":[{"taxonomy":"category","embeddable":true,"href":"https:\/\/maranhaotv.com.br\/index.php\/wp-json\/wp\/v2\/categories?post=34095"},{"taxonomy":"post_tag","embeddable":true,"href":"https:\/\/maranhaotv.com.br\/index.php\/wp-json\/wp\/v2\/tags?post=34095"}],"curies":[{"name":"wp","href":"https:\/\/api.w.org\/{rel}","templated":true}]}}