{"id":34098,"date":"2024-01-18T08:16:45","date_gmt":"2024-01-18T11:16:45","guid":{"rendered":"https:\/\/maranhaotv.com.br\/?p=34098"},"modified":"2024-01-18T08:16:45","modified_gmt":"2024-01-18T11:16:45","slug":"gestao-do-padre-josias-deixa-peritoro-sem-receber-recursos-para-educacao-em-2024","status":"publish","type":"post","link":"https:\/\/maranhaotv.com.br\/index.php\/2024\/01\/18\/gestao-do-padre-josias-deixa-peritoro-sem-receber-recursos-para-educacao-em-2024\/","title":{"rendered":"Gest\u00e3o do Padre Josias deixa Peritor\u00f3 sem receber recursos para educa\u00e7\u00e3o em 2024"},"content":{"rendered":"\n<p>\u00c9 lament\u00e1vel e inconceb\u00edvel que uma gest\u00e3o irrespons\u00e1vel possa deixar um munic\u00edpio com problemas, mesmo anos depois de ter sido encerrada. Infelizmente foi o que aconteceu com o munic\u00edpio de Peritor\u00f3, localizado na regi\u00e3o dos Cocais do estado do Maranh\u00e3o. Em decorr\u00eancia do descaso e da gest\u00e3o desastrosa de Padre Josias, ent\u00e3o prefeito de Peritor\u00f3 entre 2017 e 2020, o munic\u00edpio n\u00e3o recebeu recursos para educa\u00e7\u00e3o, deixando de ser contemplado com a Uni\u00e3o VAAR do FUNDEB no ano de 2024.<br><br>O motivo do n\u00e3o recebimento dos recursos foi que o munic\u00edpio n\u00e3o atendeu a condicionalidade de melhoria dos \u00edndices educacionais, com foco na diminui\u00e7\u00e3o das desigualdades educacionais entre os diferentes grupos raciais e entre diferentes n\u00edveis socioecon\u00f4micos, medidos nos anos de avalia\u00e7\u00e3o do Saeb de \u201c2017-2019\u201d, conforme a Nota T\u00e9cnica INEP N\u00ba 024\/2023.<br><br>Lamentavelmente, o descaso, a irresponsabilidade e inefici\u00eancia com que a administra\u00e7\u00e3o do ent\u00e3o prefeito, Padre Josias, geriu a educa\u00e7\u00e3o, deixou mais uma sequela negativa e de atraso para a popula\u00e7\u00e3o, sobretudo a parcela mais vulner\u00e1vel. Agora, mesmo ap\u00f3s anos de ter sa\u00eddo do governo, a irresponsabilidade e a incompet\u00eancia da gest\u00e3o Padre Josias ir\u00e3o atingir a educa\u00e7\u00e3o de crian\u00e7as e jovens do munic\u00edpio. A popula\u00e7\u00e3o espera que essa heran\u00e7a maldita seja deletada da hist\u00f3ria da cidade, que o atual governo continue trabalhando para desenvolver a educa\u00e7\u00e3o e que jamais o munic\u00edpio fa\u00e7a escolhas erradas.<\/p>\n","protected":false},"excerpt":{"rendered":"<p>\u00c9 lament\u00e1vel e inconceb\u00edvel que uma gest\u00e3o irrespons\u00e1vel possa deixar um munic\u00edpio com problemas, mesmo anos depois de ter sido<\/p>\n","protected":false},"author":2,"featured_media":34097,"comment_status":"open","ping_status":"open","sticky":false,"template":"","format":"standard","meta":{"colormag_page_container_layout":"default_layout","colormag_page_sidebar_layout":"default_layout","_jetpack_memberships_contains_paid_content":false,"footnotes":""},"categories":[6],"tags":[],"class_list":["post-34098","post","type-post","status-publish","format-standard","has-post-thumbnail","hentry","category-politica"],"magazineBlocksPostFeaturedMedia":{"thumbnail":false,"medium":false,"medium_large":false,"large":false,"1536x1536":false,"2048x2048":false,"colormag-highlighted-post":false,"colormag-featured-post-medium":false,"colormag-featured-post-small":false,"colormag-featured-image":false,"colormag-default-news":false,"colormag-featured-image-large":false},"magazineBlocksPostAuthor":{"name":"maranhaotv","avatar":"https:\/\/secure.gravatar.com\/avatar\/8fadbca458d4cb68b1dd399ae9a40618d747bb1af65ac9fad21c89220a143eb4?s=96&d=mm&r=g"},"magazineBlocksPostCommentsNumber":"0","magazineBlocksPostExcerpt":"\u00c9 lament\u00e1vel e inconceb\u00edvel que uma gest\u00e3o irrespons\u00e1vel possa deixar um munic\u00edpio com problemas, mesmo anos depois de ter sido","magazineBlocksPostCategories":["pol\u00edtica"],"magazineBlocksPostViewCount":182,"magazineBlocksPostReadTime":2,"magazine_blocks_featured_image_url":{"full":false,"medium":false,"thumbnail":false},"magazine_blocks_author":{"display_name":"maranhaotv","author_link":"https:\/\/maranhaotv.com.br\/index.php\/author\/maranhaotv\/"},"magazine_blocks_comment":0,"magazine_blocks_author_image":"https:\/\/secure.gravatar.com\/avatar\/8fadbca458d4cb68b1dd399ae9a40618d747bb1af65ac9fad21c89220a143eb4?s=96&d=mm&r=g","magazine_blocks_category":"<a href=\"#\" class=\"category-link category-link-6\">pol\u00edtica<\/a>","yoast_head":"<!-- This site is optimized with the Yoast SEO plugin v27.4 - https:\/\/yoast.com\/product\/yoast-seo-wordpress\/ -->\n<title>Gest\u00e3o do Padre Josias deixa Peritor\u00f3 sem receber recursos para educa\u00e7\u00e3o em 2024 - NOT\u00cdCIAS EM TEMPO REAL<\/title>\n<meta name=\"robots\" content=\"index, follow, max-snippet:-1, max-image-preview:large, max-video-preview:-1\" \/>\n<link rel=\"canonical\" href=\"https:\/\/maranhaotv.com.br\/index.php\/2024\/01\/18\/gestao-do-padre-josias-deixa-peritoro-sem-receber-recursos-para-educacao-em-2024\/\" \/>\n<meta property=\"og:locale\" content=\"pt_BR\" \/>\n<meta property=\"og:type\" content=\"article\" \/>\n<meta property=\"og:title\" content=\"Gest\u00e3o do Padre Josias deixa Peritor\u00f3 sem receber recursos para educa\u00e7\u00e3o em 2024 - NOT\u00cdCIAS EM TEMPO REAL\" \/>\n<meta property=\"og:description\" content=\"\u00c9 lament\u00e1vel e inconceb\u00edvel que uma gest\u00e3o irrespons\u00e1vel possa deixar um munic\u00edpio com problemas, mesmo anos depois de ter sido\" \/>\n<meta property=\"og:url\" content=\"https:\/\/maranhaotv.com.br\/index.php\/2024\/01\/18\/gestao-do-padre-josias-deixa-peritoro-sem-receber-recursos-para-educacao-em-2024\/\" \/>\n<meta property=\"og:site_name\" content=\"NOT\u00cdCIAS EM TEMPO REAL\" \/>\n<meta property=\"article:publisher\" content=\"https:\/\/www.facebook.com\/maiobaotv\" \/>\n<meta property=\"article:published_time\" content=\"2024-01-18T11:16:45+00:00\" \/>\n<meta name=\"author\" content=\"maranhaotv\" \/>\n<meta name=\"twitter:card\" content=\"summary_large_image\" \/>\n<meta name=\"twitter:creator\" content=\"@sitemaranhaotv\" \/>\n<meta name=\"twitter:site\" content=\"@sitemaranhaotv\" \/>\n<meta name=\"twitter:label1\" content=\"Escrito por\" \/>\n\t<meta name=\"twitter:data1\" content=\"maranhaotv\" \/>\n\t<meta name=\"twitter:label2\" content=\"Est. tempo de leitura\" \/>\n\t<meta name=\"twitter:data2\" content=\"1 minuto\" \/>\n<script type=\"application\/ld+json\" class=\"yoast-schema-graph\">{\"@context\":\"https:\\\/\\\/schema.org\",\"@graph\":[{\"@type\":\"Article\",\"@id\":\"https:\\\/\\\/maranhaotv.com.br\\\/index.php\\\/2024\\\/01\\\/18\\\/gestao-do-padre-josias-deixa-peritoro-sem-receber-recursos-para-educacao-em-2024\\\/#article\",\"isPartOf\":{\"@id\":\"https:\\\/\\\/maranhaotv.com.br\\\/index.php\\\/2024\\\/01\\\/18\\\/gestao-do-padre-josias-deixa-peritoro-sem-receber-recursos-para-educacao-em-2024\\\/\"},\"author\":{\"name\":\"maranhaotv\",\"@id\":\"https:\\\/\\\/maranhaotv.com.br\\\/#\\\/schema\\\/person\\\/3d54238e86b20bb5c89ab2fdb8f8829a\"},\"headline\":\"Gest\u00e3o do Padre Josias deixa Peritor\u00f3 sem receber recursos para educa\u00e7\u00e3o em 2024\",\"datePublished\":\"2024-01-18T11:16:45+00:00\",\"mainEntityOfPage\":{\"@id\":\"https:\\\/\\\/maranhaotv.com.br\\\/index.php\\\/2024\\\/01\\\/18\\\/gestao-do-padre-josias-deixa-peritoro-sem-receber-recursos-para-educacao-em-2024\\\/\"},\"wordCount\":279,\"commentCount\":0,\"publisher\":{\"@id\":\"https:\\\/\\\/maranhaotv.com.br\\\/#organization\"},\"image\":{\"@id\":\"https:\\\/\\\/maranhaotv.com.br\\\/index.php\\\/2024\\\/01\\\/18\\\/gestao-do-padre-josias-deixa-peritoro-sem-receber-recursos-para-educacao-em-2024\\\/#primaryimage\"},\"thumbnailUrl\":\"\",\"articleSection\":[\"pol\u00edtica\"],\"inLanguage\":\"pt-BR\",\"potentialAction\":[{\"@type\":\"CommentAction\",\"name\":\"Comment\",\"target\":[\"https:\\\/\\\/maranhaotv.com.br\\\/index.php\\\/2024\\\/01\\\/18\\\/gestao-do-padre-josias-deixa-peritoro-sem-receber-recursos-para-educacao-em-2024\\\/#respond\"]}]},{\"@type\":\"WebPage\",\"@id\":\"https:\\\/\\\/maranhaotv.com.br\\\/index.php\\\/2024\\\/01\\\/18\\\/gestao-do-padre-josias-deixa-peritoro-sem-receber-recursos-para-educacao-em-2024\\\/\",\"url\":\"https:\\\/\\\/maranhaotv.com.br\\\/index.php\\\/2024\\\/01\\\/18\\\/gestao-do-padre-josias-deixa-peritoro-sem-receber-recursos-para-educacao-em-2024\\\/\",\"name\":\"Gest\u00e3o do Padre Josias deixa Peritor\u00f3 sem receber recursos para educa\u00e7\u00e3o em 2024 - NOT\u00cdCIAS EM TEMPO REAL\",\"isPartOf\":{\"@id\":\"https:\\\/\\\/maranhaotv.com.br\\\/#website\"},\"primaryImageOfPage\":{\"@id\":\"https:\\\/\\\/maranhaotv.com.br\\\/index.php\\\/2024\\\/01\\\/18\\\/gestao-do-padre-josias-deixa-peritoro-sem-receber-recursos-para-educacao-em-2024\\\/#primaryimage\"},\"image\":{\"@id\":\"https:\\\/\\\/maranhaotv.com.br\\\/index.php\\\/2024\\\/01\\\/18\\\/gestao-do-padre-josias-deixa-peritoro-sem-receber-recursos-para-educacao-em-2024\\\/#primaryimage\"},\"thumbnailUrl\":\"\",\"datePublished\":\"2024-01-18T11:16:45+00:00\",\"breadcrumb\":{\"@id\":\"https:\\\/\\\/maranhaotv.com.br\\\/index.php\\\/2024\\\/01\\\/18\\\/gestao-do-padre-josias-deixa-peritoro-sem-receber-recursos-para-educacao-em-2024\\\/#breadcrumb\"},\"inLanguage\":\"pt-BR\",\"potentialAction\":[{\"@type\":\"ReadAction\",\"target\":[\"https:\\\/\\\/maranhaotv.com.br\\\/index.php\\\/2024\\\/01\\\/18\\\/gestao-do-padre-josias-deixa-peritoro-sem-receber-recursos-para-educacao-em-2024\\\/\"]}]},{\"@type\":\"ImageObject\",\"inLanguage\":\"pt-BR\",\"@id\":\"https:\\\/\\\/maranhaotv.com.br\\\/index.php\\\/2024\\\/01\\\/18\\\/gestao-do-padre-josias-deixa-peritoro-sem-receber-recursos-para-educacao-em-2024\\\/#primaryimage\",\"url\":\"\",\"contentUrl\":\"\"},{\"@type\":\"BreadcrumbList\",\"@id\":\"https:\\\/\\\/maranhaotv.com.br\\\/index.php\\\/2024\\\/01\\\/18\\\/gestao-do-padre-josias-deixa-peritoro-sem-receber-recursos-para-educacao-em-2024\\\/#breadcrumb\",\"itemListElement\":[{\"@type\":\"ListItem\",\"position\":1,\"name\":\"In\u00edcio\",\"item\":\"https:\\\/\\\/maranhaotv.com.br\\\/\"},{\"@type\":\"ListItem\",\"position\":2,\"name\":\"Gest\u00e3o do Padre Josias deixa Peritor\u00f3 sem receber recursos para educa\u00e7\u00e3o em 2024\"}]},{\"@type\":\"WebSite\",\"@id\":\"https:\\\/\\\/maranhaotv.com.br\\\/#website\",\"url\":\"https:\\\/\\\/maranhaotv.com.br\\\/\",\"name\":\"Maranh\u00e3oTV\",\"description\":\"\",\"publisher\":{\"@id\":\"https:\\\/\\\/maranhaotv.com.br\\\/#organization\"},\"potentialAction\":[{\"@type\":\"SearchAction\",\"target\":{\"@type\":\"EntryPoint\",\"urlTemplate\":\"https:\\\/\\\/maranhaotv.com.br\\\/?s={search_term_string}\"},\"query-input\":{\"@type\":\"PropertyValueSpecification\",\"valueRequired\":true,\"valueName\":\"search_term_string\"}}],\"inLanguage\":\"pt-BR\"},{\"@type\":\"Organization\",\"@id\":\"https:\\\/\\\/maranhaotv.com.br\\\/#organization\",\"name\":\"Portal de Not\u00edcias\",\"url\":\"https:\\\/\\\/maranhaotv.com.br\\\/\",\"logo\":{\"@type\":\"ImageObject\",\"inLanguage\":\"pt-BR\",\"@id\":\"https:\\\/\\\/maranhaotv.com.br\\\/#\\\/schema\\\/logo\\\/image\\\/\",\"url\":\"https:\\\/\\\/maranhaotv.com.br\\\/wp-content\\\/uploads\\\/2024\\\/05\\\/cropped-cropped-avatar-1.png\",\"contentUrl\":\"https:\\\/\\\/maranhaotv.com.br\\\/wp-content\\\/uploads\\\/2024\\\/05\\\/cropped-cropped-avatar-1.png\",\"width\":792,\"height\":428,\"caption\":\"Portal de Not\u00edcias\"},\"image\":{\"@id\":\"https:\\\/\\\/maranhaotv.com.br\\\/#\\\/schema\\\/logo\\\/image\\\/\"},\"sameAs\":[\"https:\\\/\\\/www.facebook.com\\\/maiobaotv\",\"https:\\\/\\\/x.com\\\/sitemaranhaotv\",\"https:\\\/\\\/www.instagram.com\\\/maranhao.tv\",\"https:\\\/\\\/www.threads.net\\\/@maranhao.tv\"]},{\"@type\":\"Person\",\"@id\":\"https:\\\/\\\/maranhaotv.com.br\\\/#\\\/schema\\\/person\\\/3d54238e86b20bb5c89ab2fdb8f8829a\",\"name\":\"maranhaotv\",\"image\":{\"@type\":\"ImageObject\",\"inLanguage\":\"pt-BR\",\"@id\":\"https:\\\/\\\/secure.gravatar.com\\\/avatar\\\/8fadbca458d4cb68b1dd399ae9a40618d747bb1af65ac9fad21c89220a143eb4?s=96&d=mm&r=g\",\"url\":\"https:\\\/\\\/secure.gravatar.com\\\/avatar\\\/8fadbca458d4cb68b1dd399ae9a40618d747bb1af65ac9fad21c89220a143eb4?s=96&d=mm&r=g\",\"contentUrl\":\"https:\\\/\\\/secure.gravatar.com\\\/avatar\\\/8fadbca458d4cb68b1dd399ae9a40618d747bb1af65ac9fad21c89220a143eb4?s=96&d=mm&r=g\",\"caption\":\"maranhaotv\"},\"sameAs\":[\"https:\\\/\\\/maranhaotv.com.br\\\/\"],\"url\":\"https:\\\/\\\/maranhaotv.com.br\\\/index.php\\\/author\\\/maranhaotv\\\/\"}]}<\/script>\n<!-- \/ Yoast SEO plugin. -->","yoast_head_json":{"title":"Gest\u00e3o do Padre Josias deixa Peritor\u00f3 sem receber recursos para educa\u00e7\u00e3o em 2024 - NOT\u00cdCIAS EM TEMPO REAL","robots":{"index":"index","follow":"follow","max-snippet":"max-snippet:-1","max-image-preview":"max-image-preview:large","max-video-preview":"max-video-preview:-1"},"canonical":"https:\/\/maranhaotv.com.br\/index.php\/2024\/01\/18\/gestao-do-padre-josias-deixa-peritoro-sem-receber-recursos-para-educacao-em-2024\/","og_locale":"pt_BR","og_type":"article","og_title":"Gest\u00e3o do Padre Josias deixa Peritor\u00f3 sem receber recursos para educa\u00e7\u00e3o em 2024 - NOT\u00cdCIAS EM TEMPO REAL","og_description":"\u00c9 lament\u00e1vel e inconceb\u00edvel que uma gest\u00e3o irrespons\u00e1vel possa deixar um munic\u00edpio com problemas, mesmo anos depois de ter sido","og_url":"https:\/\/maranhaotv.com.br\/index.php\/2024\/01\/18\/gestao-do-padre-josias-deixa-peritoro-sem-receber-recursos-para-educacao-em-2024\/","og_site_name":"NOT\u00cdCIAS EM TEMPO REAL","article_publisher":"https:\/\/www.facebook.com\/maiobaotv","article_published_time":"2024-01-18T11:16:45+00:00","author":"maranhaotv","twitter_card":"summary_large_image","twitter_creator":"@sitemaranhaotv","twitter_site":"@sitemaranhaotv","twitter_misc":{"Escrito por":"maranhaotv","Est. tempo de leitura":"1 minuto"},"schema":{"@context":"https:\/\/schema.org","@graph":[{"@type":"Article","@id":"https:\/\/maranhaotv.com.br\/index.php\/2024\/01\/18\/gestao-do-padre-josias-deixa-peritoro-sem-receber-recursos-para-educacao-em-2024\/#article","isPartOf":{"@id":"https:\/\/maranhaotv.com.br\/index.php\/2024\/01\/18\/gestao-do-padre-josias-deixa-peritoro-sem-receber-recursos-para-educacao-em-2024\/"},"author":{"name":"maranhaotv","@id":"https:\/\/maranhaotv.com.br\/#\/schema\/person\/3d54238e86b20bb5c89ab2fdb8f8829a"},"headline":"Gest\u00e3o do Padre Josias deixa Peritor\u00f3 sem receber recursos para educa\u00e7\u00e3o em 2024","datePublished":"2024-01-18T11:16:45+00:00","mainEntityOfPage":{"@id":"https:\/\/maranhaotv.com.br\/index.php\/2024\/01\/18\/gestao-do-padre-josias-deixa-peritoro-sem-receber-recursos-para-educacao-em-2024\/"},"wordCount":279,"commentCount":0,"publisher":{"@id":"https:\/\/maranhaotv.com.br\/#organization"},"image":{"@id":"https:\/\/maranhaotv.com.br\/index.php\/2024\/01\/18\/gestao-do-padre-josias-deixa-peritoro-sem-receber-recursos-para-educacao-em-2024\/#primaryimage"},"thumbnailUrl":"","articleSection":["pol\u00edtica"],"inLanguage":"pt-BR","potentialAction":[{"@type":"CommentAction","name":"Comment","target":["https:\/\/maranhaotv.com.br\/index.php\/2024\/01\/18\/gestao-do-padre-josias-deixa-peritoro-sem-receber-recursos-para-educacao-em-2024\/#respond"]}]},{"@type":"WebPage","@id":"https:\/\/maranhaotv.com.br\/index.php\/2024\/01\/18\/gestao-do-padre-josias-deixa-peritoro-sem-receber-recursos-para-educacao-em-2024\/","url":"https:\/\/maranhaotv.com.br\/index.php\/2024\/01\/18\/gestao-do-padre-josias-deixa-peritoro-sem-receber-recursos-para-educacao-em-2024\/","name":"Gest\u00e3o do Padre Josias deixa Peritor\u00f3 sem receber recursos para educa\u00e7\u00e3o em 2024 - NOT\u00cdCIAS EM TEMPO REAL","isPartOf":{"@id":"https:\/\/maranhaotv.com.br\/#website"},"primaryImageOfPage":{"@id":"https:\/\/maranhaotv.com.br\/index.php\/2024\/01\/18\/gestao-do-padre-josias-deixa-peritoro-sem-receber-recursos-para-educacao-em-2024\/#primaryimage"},"image":{"@id":"https:\/\/maranhaotv.com.br\/index.php\/2024\/01\/18\/gestao-do-padre-josias-deixa-peritoro-sem-receber-recursos-para-educacao-em-2024\/#primaryimage"},"thumbnailUrl":"","datePublished":"2024-01-18T11:16:45+00:00","breadcrumb":{"@id":"https:\/\/maranhaotv.com.br\/index.php\/2024\/01\/18\/gestao-do-padre-josias-deixa-peritoro-sem-receber-recursos-para-educacao-em-2024\/#breadcrumb"},"inLanguage":"pt-BR","potentialAction":[{"@type":"ReadAction","target":["https:\/\/maranhaotv.com.br\/index.php\/2024\/01\/18\/gestao-do-padre-josias-deixa-peritoro-sem-receber-recursos-para-educacao-em-2024\/"]}]},{"@type":"ImageObject","inLanguage":"pt-BR","@id":"https:\/\/maranhaotv.com.br\/index.php\/2024\/01\/18\/gestao-do-padre-josias-deixa-peritoro-sem-receber-recursos-para-educacao-em-2024\/#primaryimage","url":"","contentUrl":""},{"@type":"BreadcrumbList","@id":"https:\/\/maranhaotv.com.br\/index.php\/2024\/01\/18\/gestao-do-padre-josias-deixa-peritoro-sem-receber-recursos-para-educacao-em-2024\/#breadcrumb","itemListElement":[{"@type":"ListItem","position":1,"name":"In\u00edcio","item":"https:\/\/maranhaotv.com.br\/"},{"@type":"ListItem","position":2,"name":"Gest\u00e3o do Padre Josias deixa Peritor\u00f3 sem receber recursos para educa\u00e7\u00e3o em 2024"}]},{"@type":"WebSite","@id":"https:\/\/maranhaotv.com.br\/#website","url":"https:\/\/maranhaotv.com.br\/","name":"Maranh\u00e3oTV","description":"","publisher":{"@id":"https:\/\/maranhaotv.com.br\/#organization"},"potentialAction":[{"@type":"SearchAction","target":{"@type":"EntryPoint","urlTemplate":"https:\/\/maranhaotv.com.br\/?s={search_term_string}"},"query-input":{"@type":"PropertyValueSpecification","valueRequired":true,"valueName":"search_term_string"}}],"inLanguage":"pt-BR"},{"@type":"Organization","@id":"https:\/\/maranhaotv.com.br\/#organization","name":"Portal de Not\u00edcias","url":"https:\/\/maranhaotv.com.br\/","logo":{"@type":"ImageObject","inLanguage":"pt-BR","@id":"https:\/\/maranhaotv.com.br\/#\/schema\/logo\/image\/","url":"https:\/\/maranhaotv.com.br\/wp-content\/uploads\/2024\/05\/cropped-cropped-avatar-1.png","contentUrl":"https:\/\/maranhaotv.com.br\/wp-content\/uploads\/2024\/05\/cropped-cropped-avatar-1.png","width":792,"height":428,"caption":"Portal de Not\u00edcias"},"image":{"@id":"https:\/\/maranhaotv.com.br\/#\/schema\/logo\/image\/"},"sameAs":["https:\/\/www.facebook.com\/maiobaotv","https:\/\/x.com\/sitemaranhaotv","https:\/\/www.instagram.com\/maranhao.tv","https:\/\/www.threads.net\/@maranhao.tv"]},{"@type":"Person","@id":"https:\/\/maranhaotv.com.br\/#\/schema\/person\/3d54238e86b20bb5c89ab2fdb8f8829a","name":"maranhaotv","image":{"@type":"ImageObject","inLanguage":"pt-BR","@id":"https:\/\/secure.gravatar.com\/avatar\/8fadbca458d4cb68b1dd399ae9a40618d747bb1af65ac9fad21c89220a143eb4?s=96&d=mm&r=g","url":"https:\/\/secure.gravatar.com\/avatar\/8fadbca458d4cb68b1dd399ae9a40618d747bb1af65ac9fad21c89220a143eb4?s=96&d=mm&r=g","contentUrl":"https:\/\/secure.gravatar.com\/avatar\/8fadbca458d4cb68b1dd399ae9a40618d747bb1af65ac9fad21c89220a143eb4?s=96&d=mm&r=g","caption":"maranhaotv"},"sameAs":["https:\/\/maranhaotv.com.br\/"],"url":"https:\/\/maranhaotv.com.br\/index.php\/author\/maranhaotv\/"}]}},"jetpack_featured_media_url":"","jetpack_sharing_enabled":true,"_links":{"self":[{"href":"https:\/\/maranhaotv.com.br\/index.php\/wp-json\/wp\/v2\/posts\/34098","targetHints":{"allow":["GET"]}}],"collection":[{"href":"https:\/\/maranhaotv.com.br\/index.php\/wp-json\/wp\/v2\/posts"}],"about":[{"href":"https:\/\/maranhaotv.com.br\/index.php\/wp-json\/wp\/v2\/types\/post"}],"author":[{"embeddable":true,"href":"https:\/\/maranhaotv.com.br\/index.php\/wp-json\/wp\/v2\/users\/2"}],"replies":[{"embeddable":true,"href":"https:\/\/maranhaotv.com.br\/index.php\/wp-json\/wp\/v2\/comments?post=34098"}],"version-history":[{"count":0,"href":"https:\/\/maranhaotv.com.br\/index.php\/wp-json\/wp\/v2\/posts\/34098\/revisions"}],"wp:featuredmedia":[{"embeddable":true,"href":"https:\/\/maranhaotv.com.br\/index.php\/wp-json\/"}],"wp:attachment":[{"href":"https:\/\/maranhaotv.com.br\/index.php\/wp-json\/wp\/v2\/media?parent=34098"}],"wp:term":[{"taxonomy":"category","embeddable":true,"href":"https:\/\/maranhaotv.com.br\/index.php\/wp-json\/wp\/v2\/categories?post=34098"},{"taxonomy":"post_tag","embeddable":true,"href":"https:\/\/maranhaotv.com.br\/index.php\/wp-json\/wp\/v2\/tags?post=34098"}],"curies":[{"name":"wp","href":"https:\/\/api.w.org\/{rel}","templated":true}]}}