{"id":34551,"date":"2024-02-06T11:17:02","date_gmt":"2024-02-06T14:17:02","guid":{"rendered":"https:\/\/maranhaotv.com.br\/?p=34551"},"modified":"2024-02-06T11:17:02","modified_gmt":"2024-02-06T14:17:02","slug":"uniao-brasil-ma-propoe-ao-diretorio-nacional-a-criacao-do-uniao-brasil-inclusao","status":"publish","type":"post","link":"https:\/\/maranhaotv.com.br\/index.php\/2024\/02\/06\/uniao-brasil-ma-propoe-ao-diretorio-nacional-a-criacao-do-uniao-brasil-inclusao\/","title":{"rendered":"Uni\u00e3o Brasil\/MA prop\u00f5e ao diret\u00f3rio nacional a cria\u00e7\u00e3o do Uni\u00e3o Brasil Inclus\u00e3o"},"content":{"rendered":"\n<p><br><br>O Uni\u00e3o Brasil Maranh\u00e3o realizou nessa segunda-feira (5) a entrega da carta sugest\u00e3o ao vice-presidente nacional do Uni\u00e3o Brasil, Antonio Rueda, que prop\u00f5e a altera\u00e7\u00e3o do Art. 74 do partido, que trata dos \u00f3rg\u00e3os de apoio, e sugeriu a cria\u00e7\u00e3o, em \u00e2mbito nacional, do Uni\u00e3o Brasil Inclus\u00e3o.<br><br>O ato, realizado na sede do partido, tamb\u00e9m marcou a filia\u00e7\u00e3o do Coletivo Inclus\u00e3o, que conta com quatro integrantes: Nanah Paz, Raimundo Cutrim, Kleudiane Campos e Edgar Pontes, que j\u00e1 atuam em S\u00e3o Lu\u00eds na defesa dos direitos das pessoas com defici\u00eancia em diferentes \u00e1reas.<br><br>Na carta, o partido destaca que, apesar de representarem aproximadamente 18,6 milh\u00f5es da popula\u00e7\u00e3o brasileira, as pessoas com defici\u00eancia ainda s\u00e3o sub-representadas na pol\u00edtica, como demonstram os dados das elei\u00e7\u00f5es de 2022, em que somente 475 pessoas com defici\u00eancia registraram candidatura no pa\u00eds, representando 1,6% do total de candidatos. Entre os eleitores, houve um aumento de 32% entre os que declararam possuir algum tipo de defici\u00eancia.<br><br>\u201cCom o Uni\u00e3o Brasil Inclus\u00e3o o diret\u00f3rio do Maranh\u00e3o garante um pioneirismo neste assunto dentro do partido e em nosso estado. Com di\u00e1logo e muita a\u00e7\u00e3o iremos garantir que cada vez mais as pessoas com defici\u00eancia estejam inseridas no contexto pol\u00edtico partid\u00e1rio, como demonstramos ser poss\u00edvel com o Coletivo Inclus\u00e3o, em S\u00e3o Lu\u00eds\u201d, destacou o presidente do Uni\u00e3o Brasil\/MA, o deputado federal Pedro Lucas Fernandes.<br><br>Com a realiza\u00e7\u00e3o desta a\u00e7\u00e3o no Maranh\u00e3o, o partido se destaca ao seguir o que determina o Estatuto da Pessoa com Defici\u00eancia, que garante o direito \u00e0 participa\u00e7\u00e3o na vida p\u00fablica e pol\u00edtica, estabelecendo a necessidade de incentivo \u00e0 pessoa com defici\u00eancia a candidatar-se e a desempenhar quaisquer fun\u00e7\u00f5es p\u00fablicas em todos os n\u00edveis de governo. Garantias tamb\u00e9m previstas no Estatuto da Inclus\u00e3o Social e Econ\u00f4mica das Pessoas com Defici\u00eancia no Estado do Maranh\u00e3o, que assegura a  participa\u00e7\u00e3o plena na sociedade e igualdade de oportunidades.<\/p>\n","protected":false},"excerpt":{"rendered":"<p>O Uni\u00e3o Brasil Maranh\u00e3o realizou nessa segunda-feira (5) a entrega da carta sugest\u00e3o ao vice-presidente nacional do Uni\u00e3o Brasil, Antonio<\/p>\n","protected":false},"author":2,"featured_media":34550,"comment_status":"open","ping_status":"open","sticky":false,"template":"","format":"standard","meta":{"colormag_page_container_layout":"default_layout","colormag_page_sidebar_layout":"default_layout","_jetpack_memberships_contains_paid_content":false,"footnotes":""},"categories":[2],"tags":[],"class_list":["post-34551","post","type-post","status-publish","format-standard","has-post-thumbnail","hentry","category-noticias"],"magazineBlocksPostFeaturedMedia":{"thumbnail":false,"medium":false,"medium_large":false,"large":false,"1536x1536":false,"2048x2048":false,"colormag-highlighted-post":false,"colormag-featured-post-medium":false,"colormag-featured-post-small":false,"colormag-featured-image":false,"colormag-default-news":false,"colormag-featured-image-large":false},"magazineBlocksPostAuthor":{"name":"maranhaotv","avatar":"https:\/\/secure.gravatar.com\/avatar\/8fadbca458d4cb68b1dd399ae9a40618d747bb1af65ac9fad21c89220a143eb4?s=96&d=mm&r=g"},"magazineBlocksPostCommentsNumber":"0","magazineBlocksPostExcerpt":"O Uni\u00e3o Brasil Maranh\u00e3o realizou nessa segunda-feira (5) a entrega da carta sugest\u00e3o ao vice-presidente nacional do Uni\u00e3o Brasil, Antonio","magazineBlocksPostCategories":["not\u00edcias"],"magazineBlocksPostViewCount":288,"magazineBlocksPostReadTime":2,"magazine_blocks_featured_image_url":{"full":false,"medium":false,"thumbnail":false},"magazine_blocks_author":{"display_name":"maranhaotv","author_link":"https:\/\/maranhaotv.com.br\/index.php\/author\/maranhaotv\/"},"magazine_blocks_comment":0,"magazine_blocks_author_image":"https:\/\/secure.gravatar.com\/avatar\/8fadbca458d4cb68b1dd399ae9a40618d747bb1af65ac9fad21c89220a143eb4?s=96&d=mm&r=g","magazine_blocks_category":"<a href=\"#\" class=\"category-link category-link-2\">not\u00edcias<\/a>","yoast_head":"<!-- This site is optimized with the Yoast SEO plugin v27.4 - https:\/\/yoast.com\/product\/yoast-seo-wordpress\/ -->\n<title>Uni\u00e3o Brasil\/MA prop\u00f5e ao diret\u00f3rio nacional a cria\u00e7\u00e3o do Uni\u00e3o Brasil Inclus\u00e3o - NOT\u00cdCIAS EM TEMPO REAL<\/title>\n<meta name=\"robots\" content=\"index, follow, max-snippet:-1, max-image-preview:large, max-video-preview:-1\" \/>\n<link rel=\"canonical\" href=\"https:\/\/maranhaotv.com.br\/index.php\/2024\/02\/06\/uniao-brasil-ma-propoe-ao-diretorio-nacional-a-criacao-do-uniao-brasil-inclusao\/\" \/>\n<meta property=\"og:locale\" content=\"pt_BR\" \/>\n<meta property=\"og:type\" content=\"article\" \/>\n<meta property=\"og:title\" content=\"Uni\u00e3o Brasil\/MA prop\u00f5e ao diret\u00f3rio nacional a cria\u00e7\u00e3o do Uni\u00e3o Brasil Inclus\u00e3o - NOT\u00cdCIAS EM TEMPO REAL\" \/>\n<meta property=\"og:description\" content=\"O Uni\u00e3o Brasil Maranh\u00e3o realizou nessa segunda-feira (5) a entrega da carta sugest\u00e3o ao vice-presidente nacional do Uni\u00e3o Brasil, Antonio\" \/>\n<meta property=\"og:url\" content=\"https:\/\/maranhaotv.com.br\/index.php\/2024\/02\/06\/uniao-brasil-ma-propoe-ao-diretorio-nacional-a-criacao-do-uniao-brasil-inclusao\/\" \/>\n<meta property=\"og:site_name\" content=\"NOT\u00cdCIAS EM TEMPO REAL\" \/>\n<meta property=\"article:publisher\" content=\"https:\/\/www.facebook.com\/maiobaotv\" \/>\n<meta property=\"article:published_time\" content=\"2024-02-06T14:17:02+00:00\" \/>\n<meta name=\"author\" content=\"maranhaotv\" \/>\n<meta name=\"twitter:card\" content=\"summary_large_image\" \/>\n<meta name=\"twitter:creator\" content=\"@sitemaranhaotv\" \/>\n<meta name=\"twitter:site\" content=\"@sitemaranhaotv\" \/>\n<meta name=\"twitter:label1\" content=\"Escrito por\" \/>\n\t<meta name=\"twitter:data1\" content=\"maranhaotv\" \/>\n\t<meta name=\"twitter:label2\" content=\"Est. tempo de leitura\" \/>\n\t<meta name=\"twitter:data2\" content=\"2 minutos\" \/>\n<script type=\"application\/ld+json\" class=\"yoast-schema-graph\">{\"@context\":\"https:\\\/\\\/schema.org\",\"@graph\":[{\"@type\":\"Article\",\"@id\":\"https:\\\/\\\/maranhaotv.com.br\\\/index.php\\\/2024\\\/02\\\/06\\\/uniao-brasil-ma-propoe-ao-diretorio-nacional-a-criacao-do-uniao-brasil-inclusao\\\/#article\",\"isPartOf\":{\"@id\":\"https:\\\/\\\/maranhaotv.com.br\\\/index.php\\\/2024\\\/02\\\/06\\\/uniao-brasil-ma-propoe-ao-diretorio-nacional-a-criacao-do-uniao-brasil-inclusao\\\/\"},\"author\":{\"name\":\"maranhaotv\",\"@id\":\"https:\\\/\\\/maranhaotv.com.br\\\/#\\\/schema\\\/person\\\/3d54238e86b20bb5c89ab2fdb8f8829a\"},\"headline\":\"Uni\u00e3o Brasil\\\/MA prop\u00f5e ao diret\u00f3rio nacional a cria\u00e7\u00e3o do Uni\u00e3o Brasil Inclus\u00e3o\",\"datePublished\":\"2024-02-06T14:17:02+00:00\",\"mainEntityOfPage\":{\"@id\":\"https:\\\/\\\/maranhaotv.com.br\\\/index.php\\\/2024\\\/02\\\/06\\\/uniao-brasil-ma-propoe-ao-diretorio-nacional-a-criacao-do-uniao-brasil-inclusao\\\/\"},\"wordCount\":375,\"commentCount\":0,\"publisher\":{\"@id\":\"https:\\\/\\\/maranhaotv.com.br\\\/#organization\"},\"image\":{\"@id\":\"https:\\\/\\\/maranhaotv.com.br\\\/index.php\\\/2024\\\/02\\\/06\\\/uniao-brasil-ma-propoe-ao-diretorio-nacional-a-criacao-do-uniao-brasil-inclusao\\\/#primaryimage\"},\"thumbnailUrl\":\"\",\"articleSection\":[\"not\u00edcias\"],\"inLanguage\":\"pt-BR\",\"potentialAction\":[{\"@type\":\"CommentAction\",\"name\":\"Comment\",\"target\":[\"https:\\\/\\\/maranhaotv.com.br\\\/index.php\\\/2024\\\/02\\\/06\\\/uniao-brasil-ma-propoe-ao-diretorio-nacional-a-criacao-do-uniao-brasil-inclusao\\\/#respond\"]}]},{\"@type\":\"WebPage\",\"@id\":\"https:\\\/\\\/maranhaotv.com.br\\\/index.php\\\/2024\\\/02\\\/06\\\/uniao-brasil-ma-propoe-ao-diretorio-nacional-a-criacao-do-uniao-brasil-inclusao\\\/\",\"url\":\"https:\\\/\\\/maranhaotv.com.br\\\/index.php\\\/2024\\\/02\\\/06\\\/uniao-brasil-ma-propoe-ao-diretorio-nacional-a-criacao-do-uniao-brasil-inclusao\\\/\",\"name\":\"Uni\u00e3o Brasil\\\/MA prop\u00f5e ao diret\u00f3rio nacional a cria\u00e7\u00e3o do Uni\u00e3o Brasil Inclus\u00e3o - NOT\u00cdCIAS EM TEMPO REAL\",\"isPartOf\":{\"@id\":\"https:\\\/\\\/maranhaotv.com.br\\\/#website\"},\"primaryImageOfPage\":{\"@id\":\"https:\\\/\\\/maranhaotv.com.br\\\/index.php\\\/2024\\\/02\\\/06\\\/uniao-brasil-ma-propoe-ao-diretorio-nacional-a-criacao-do-uniao-brasil-inclusao\\\/#primaryimage\"},\"image\":{\"@id\":\"https:\\\/\\\/maranhaotv.com.br\\\/index.php\\\/2024\\\/02\\\/06\\\/uniao-brasil-ma-propoe-ao-diretorio-nacional-a-criacao-do-uniao-brasil-inclusao\\\/#primaryimage\"},\"thumbnailUrl\":\"\",\"datePublished\":\"2024-02-06T14:17:02+00:00\",\"breadcrumb\":{\"@id\":\"https:\\\/\\\/maranhaotv.com.br\\\/index.php\\\/2024\\\/02\\\/06\\\/uniao-brasil-ma-propoe-ao-diretorio-nacional-a-criacao-do-uniao-brasil-inclusao\\\/#breadcrumb\"},\"inLanguage\":\"pt-BR\",\"potentialAction\":[{\"@type\":\"ReadAction\",\"target\":[\"https:\\\/\\\/maranhaotv.com.br\\\/index.php\\\/2024\\\/02\\\/06\\\/uniao-brasil-ma-propoe-ao-diretorio-nacional-a-criacao-do-uniao-brasil-inclusao\\\/\"]}]},{\"@type\":\"ImageObject\",\"inLanguage\":\"pt-BR\",\"@id\":\"https:\\\/\\\/maranhaotv.com.br\\\/index.php\\\/2024\\\/02\\\/06\\\/uniao-brasil-ma-propoe-ao-diretorio-nacional-a-criacao-do-uniao-brasil-inclusao\\\/#primaryimage\",\"url\":\"\",\"contentUrl\":\"\"},{\"@type\":\"BreadcrumbList\",\"@id\":\"https:\\\/\\\/maranhaotv.com.br\\\/index.php\\\/2024\\\/02\\\/06\\\/uniao-brasil-ma-propoe-ao-diretorio-nacional-a-criacao-do-uniao-brasil-inclusao\\\/#breadcrumb\",\"itemListElement\":[{\"@type\":\"ListItem\",\"position\":1,\"name\":\"In\u00edcio\",\"item\":\"https:\\\/\\\/maranhaotv.com.br\\\/\"},{\"@type\":\"ListItem\",\"position\":2,\"name\":\"Uni\u00e3o Brasil\\\/MA prop\u00f5e ao diret\u00f3rio nacional a cria\u00e7\u00e3o do Uni\u00e3o Brasil Inclus\u00e3o\"}]},{\"@type\":\"WebSite\",\"@id\":\"https:\\\/\\\/maranhaotv.com.br\\\/#website\",\"url\":\"https:\\\/\\\/maranhaotv.com.br\\\/\",\"name\":\"Maranh\u00e3oTV\",\"description\":\"\",\"publisher\":{\"@id\":\"https:\\\/\\\/maranhaotv.com.br\\\/#organization\"},\"potentialAction\":[{\"@type\":\"SearchAction\",\"target\":{\"@type\":\"EntryPoint\",\"urlTemplate\":\"https:\\\/\\\/maranhaotv.com.br\\\/?s={search_term_string}\"},\"query-input\":{\"@type\":\"PropertyValueSpecification\",\"valueRequired\":true,\"valueName\":\"search_term_string\"}}],\"inLanguage\":\"pt-BR\"},{\"@type\":\"Organization\",\"@id\":\"https:\\\/\\\/maranhaotv.com.br\\\/#organization\",\"name\":\"Portal de Not\u00edcias\",\"url\":\"https:\\\/\\\/maranhaotv.com.br\\\/\",\"logo\":{\"@type\":\"ImageObject\",\"inLanguage\":\"pt-BR\",\"@id\":\"https:\\\/\\\/maranhaotv.com.br\\\/#\\\/schema\\\/logo\\\/image\\\/\",\"url\":\"https:\\\/\\\/maranhaotv.com.br\\\/wp-content\\\/uploads\\\/2024\\\/05\\\/cropped-cropped-avatar-1.png\",\"contentUrl\":\"https:\\\/\\\/maranhaotv.com.br\\\/wp-content\\\/uploads\\\/2024\\\/05\\\/cropped-cropped-avatar-1.png\",\"width\":792,\"height\":428,\"caption\":\"Portal de Not\u00edcias\"},\"image\":{\"@id\":\"https:\\\/\\\/maranhaotv.com.br\\\/#\\\/schema\\\/logo\\\/image\\\/\"},\"sameAs\":[\"https:\\\/\\\/www.facebook.com\\\/maiobaotv\",\"https:\\\/\\\/x.com\\\/sitemaranhaotv\",\"https:\\\/\\\/www.instagram.com\\\/maranhao.tv\",\"https:\\\/\\\/www.threads.net\\\/@maranhao.tv\"]},{\"@type\":\"Person\",\"@id\":\"https:\\\/\\\/maranhaotv.com.br\\\/#\\\/schema\\\/person\\\/3d54238e86b20bb5c89ab2fdb8f8829a\",\"name\":\"maranhaotv\",\"image\":{\"@type\":\"ImageObject\",\"inLanguage\":\"pt-BR\",\"@id\":\"https:\\\/\\\/secure.gravatar.com\\\/avatar\\\/8fadbca458d4cb68b1dd399ae9a40618d747bb1af65ac9fad21c89220a143eb4?s=96&d=mm&r=g\",\"url\":\"https:\\\/\\\/secure.gravatar.com\\\/avatar\\\/8fadbca458d4cb68b1dd399ae9a40618d747bb1af65ac9fad21c89220a143eb4?s=96&d=mm&r=g\",\"contentUrl\":\"https:\\\/\\\/secure.gravatar.com\\\/avatar\\\/8fadbca458d4cb68b1dd399ae9a40618d747bb1af65ac9fad21c89220a143eb4?s=96&d=mm&r=g\",\"caption\":\"maranhaotv\"},\"sameAs\":[\"https:\\\/\\\/maranhaotv.com.br\\\/\"],\"url\":\"https:\\\/\\\/maranhaotv.com.br\\\/index.php\\\/author\\\/maranhaotv\\\/\"}]}<\/script>\n<!-- \/ Yoast SEO plugin. -->","yoast_head_json":{"title":"Uni\u00e3o Brasil\/MA prop\u00f5e ao diret\u00f3rio nacional a cria\u00e7\u00e3o do Uni\u00e3o Brasil Inclus\u00e3o - NOT\u00cdCIAS EM TEMPO REAL","robots":{"index":"index","follow":"follow","max-snippet":"max-snippet:-1","max-image-preview":"max-image-preview:large","max-video-preview":"max-video-preview:-1"},"canonical":"https:\/\/maranhaotv.com.br\/index.php\/2024\/02\/06\/uniao-brasil-ma-propoe-ao-diretorio-nacional-a-criacao-do-uniao-brasil-inclusao\/","og_locale":"pt_BR","og_type":"article","og_title":"Uni\u00e3o Brasil\/MA prop\u00f5e ao diret\u00f3rio nacional a cria\u00e7\u00e3o do Uni\u00e3o Brasil Inclus\u00e3o - NOT\u00cdCIAS EM TEMPO REAL","og_description":"O Uni\u00e3o Brasil Maranh\u00e3o realizou nessa segunda-feira (5) a entrega da carta sugest\u00e3o ao vice-presidente nacional do Uni\u00e3o Brasil, Antonio","og_url":"https:\/\/maranhaotv.com.br\/index.php\/2024\/02\/06\/uniao-brasil-ma-propoe-ao-diretorio-nacional-a-criacao-do-uniao-brasil-inclusao\/","og_site_name":"NOT\u00cdCIAS EM TEMPO REAL","article_publisher":"https:\/\/www.facebook.com\/maiobaotv","article_published_time":"2024-02-06T14:17:02+00:00","author":"maranhaotv","twitter_card":"summary_large_image","twitter_creator":"@sitemaranhaotv","twitter_site":"@sitemaranhaotv","twitter_misc":{"Escrito por":"maranhaotv","Est. tempo de leitura":"2 minutos"},"schema":{"@context":"https:\/\/schema.org","@graph":[{"@type":"Article","@id":"https:\/\/maranhaotv.com.br\/index.php\/2024\/02\/06\/uniao-brasil-ma-propoe-ao-diretorio-nacional-a-criacao-do-uniao-brasil-inclusao\/#article","isPartOf":{"@id":"https:\/\/maranhaotv.com.br\/index.php\/2024\/02\/06\/uniao-brasil-ma-propoe-ao-diretorio-nacional-a-criacao-do-uniao-brasil-inclusao\/"},"author":{"name":"maranhaotv","@id":"https:\/\/maranhaotv.com.br\/#\/schema\/person\/3d54238e86b20bb5c89ab2fdb8f8829a"},"headline":"Uni\u00e3o Brasil\/MA prop\u00f5e ao diret\u00f3rio nacional a cria\u00e7\u00e3o do Uni\u00e3o Brasil Inclus\u00e3o","datePublished":"2024-02-06T14:17:02+00:00","mainEntityOfPage":{"@id":"https:\/\/maranhaotv.com.br\/index.php\/2024\/02\/06\/uniao-brasil-ma-propoe-ao-diretorio-nacional-a-criacao-do-uniao-brasil-inclusao\/"},"wordCount":375,"commentCount":0,"publisher":{"@id":"https:\/\/maranhaotv.com.br\/#organization"},"image":{"@id":"https:\/\/maranhaotv.com.br\/index.php\/2024\/02\/06\/uniao-brasil-ma-propoe-ao-diretorio-nacional-a-criacao-do-uniao-brasil-inclusao\/#primaryimage"},"thumbnailUrl":"","articleSection":["not\u00edcias"],"inLanguage":"pt-BR","potentialAction":[{"@type":"CommentAction","name":"Comment","target":["https:\/\/maranhaotv.com.br\/index.php\/2024\/02\/06\/uniao-brasil-ma-propoe-ao-diretorio-nacional-a-criacao-do-uniao-brasil-inclusao\/#respond"]}]},{"@type":"WebPage","@id":"https:\/\/maranhaotv.com.br\/index.php\/2024\/02\/06\/uniao-brasil-ma-propoe-ao-diretorio-nacional-a-criacao-do-uniao-brasil-inclusao\/","url":"https:\/\/maranhaotv.com.br\/index.php\/2024\/02\/06\/uniao-brasil-ma-propoe-ao-diretorio-nacional-a-criacao-do-uniao-brasil-inclusao\/","name":"Uni\u00e3o Brasil\/MA prop\u00f5e ao diret\u00f3rio nacional a cria\u00e7\u00e3o do Uni\u00e3o Brasil Inclus\u00e3o - NOT\u00cdCIAS EM TEMPO REAL","isPartOf":{"@id":"https:\/\/maranhaotv.com.br\/#website"},"primaryImageOfPage":{"@id":"https:\/\/maranhaotv.com.br\/index.php\/2024\/02\/06\/uniao-brasil-ma-propoe-ao-diretorio-nacional-a-criacao-do-uniao-brasil-inclusao\/#primaryimage"},"image":{"@id":"https:\/\/maranhaotv.com.br\/index.php\/2024\/02\/06\/uniao-brasil-ma-propoe-ao-diretorio-nacional-a-criacao-do-uniao-brasil-inclusao\/#primaryimage"},"thumbnailUrl":"","datePublished":"2024-02-06T14:17:02+00:00","breadcrumb":{"@id":"https:\/\/maranhaotv.com.br\/index.php\/2024\/02\/06\/uniao-brasil-ma-propoe-ao-diretorio-nacional-a-criacao-do-uniao-brasil-inclusao\/#breadcrumb"},"inLanguage":"pt-BR","potentialAction":[{"@type":"ReadAction","target":["https:\/\/maranhaotv.com.br\/index.php\/2024\/02\/06\/uniao-brasil-ma-propoe-ao-diretorio-nacional-a-criacao-do-uniao-brasil-inclusao\/"]}]},{"@type":"ImageObject","inLanguage":"pt-BR","@id":"https:\/\/maranhaotv.com.br\/index.php\/2024\/02\/06\/uniao-brasil-ma-propoe-ao-diretorio-nacional-a-criacao-do-uniao-brasil-inclusao\/#primaryimage","url":"","contentUrl":""},{"@type":"BreadcrumbList","@id":"https:\/\/maranhaotv.com.br\/index.php\/2024\/02\/06\/uniao-brasil-ma-propoe-ao-diretorio-nacional-a-criacao-do-uniao-brasil-inclusao\/#breadcrumb","itemListElement":[{"@type":"ListItem","position":1,"name":"In\u00edcio","item":"https:\/\/maranhaotv.com.br\/"},{"@type":"ListItem","position":2,"name":"Uni\u00e3o Brasil\/MA prop\u00f5e ao diret\u00f3rio nacional a cria\u00e7\u00e3o do Uni\u00e3o Brasil Inclus\u00e3o"}]},{"@type":"WebSite","@id":"https:\/\/maranhaotv.com.br\/#website","url":"https:\/\/maranhaotv.com.br\/","name":"Maranh\u00e3oTV","description":"","publisher":{"@id":"https:\/\/maranhaotv.com.br\/#organization"},"potentialAction":[{"@type":"SearchAction","target":{"@type":"EntryPoint","urlTemplate":"https:\/\/maranhaotv.com.br\/?s={search_term_string}"},"query-input":{"@type":"PropertyValueSpecification","valueRequired":true,"valueName":"search_term_string"}}],"inLanguage":"pt-BR"},{"@type":"Organization","@id":"https:\/\/maranhaotv.com.br\/#organization","name":"Portal de Not\u00edcias","url":"https:\/\/maranhaotv.com.br\/","logo":{"@type":"ImageObject","inLanguage":"pt-BR","@id":"https:\/\/maranhaotv.com.br\/#\/schema\/logo\/image\/","url":"https:\/\/maranhaotv.com.br\/wp-content\/uploads\/2024\/05\/cropped-cropped-avatar-1.png","contentUrl":"https:\/\/maranhaotv.com.br\/wp-content\/uploads\/2024\/05\/cropped-cropped-avatar-1.png","width":792,"height":428,"caption":"Portal de Not\u00edcias"},"image":{"@id":"https:\/\/maranhaotv.com.br\/#\/schema\/logo\/image\/"},"sameAs":["https:\/\/www.facebook.com\/maiobaotv","https:\/\/x.com\/sitemaranhaotv","https:\/\/www.instagram.com\/maranhao.tv","https:\/\/www.threads.net\/@maranhao.tv"]},{"@type":"Person","@id":"https:\/\/maranhaotv.com.br\/#\/schema\/person\/3d54238e86b20bb5c89ab2fdb8f8829a","name":"maranhaotv","image":{"@type":"ImageObject","inLanguage":"pt-BR","@id":"https:\/\/secure.gravatar.com\/avatar\/8fadbca458d4cb68b1dd399ae9a40618d747bb1af65ac9fad21c89220a143eb4?s=96&d=mm&r=g","url":"https:\/\/secure.gravatar.com\/avatar\/8fadbca458d4cb68b1dd399ae9a40618d747bb1af65ac9fad21c89220a143eb4?s=96&d=mm&r=g","contentUrl":"https:\/\/secure.gravatar.com\/avatar\/8fadbca458d4cb68b1dd399ae9a40618d747bb1af65ac9fad21c89220a143eb4?s=96&d=mm&r=g","caption":"maranhaotv"},"sameAs":["https:\/\/maranhaotv.com.br\/"],"url":"https:\/\/maranhaotv.com.br\/index.php\/author\/maranhaotv\/"}]}},"jetpack_featured_media_url":"","jetpack_sharing_enabled":true,"_links":{"self":[{"href":"https:\/\/maranhaotv.com.br\/index.php\/wp-json\/wp\/v2\/posts\/34551","targetHints":{"allow":["GET"]}}],"collection":[{"href":"https:\/\/maranhaotv.com.br\/index.php\/wp-json\/wp\/v2\/posts"}],"about":[{"href":"https:\/\/maranhaotv.com.br\/index.php\/wp-json\/wp\/v2\/types\/post"}],"author":[{"embeddable":true,"href":"https:\/\/maranhaotv.com.br\/index.php\/wp-json\/wp\/v2\/users\/2"}],"replies":[{"embeddable":true,"href":"https:\/\/maranhaotv.com.br\/index.php\/wp-json\/wp\/v2\/comments?post=34551"}],"version-history":[{"count":0,"href":"https:\/\/maranhaotv.com.br\/index.php\/wp-json\/wp\/v2\/posts\/34551\/revisions"}],"wp:featuredmedia":[{"embeddable":true,"href":"https:\/\/maranhaotv.com.br\/index.php\/wp-json\/"}],"wp:attachment":[{"href":"https:\/\/maranhaotv.com.br\/index.php\/wp-json\/wp\/v2\/media?parent=34551"}],"wp:term":[{"taxonomy":"category","embeddable":true,"href":"https:\/\/maranhaotv.com.br\/index.php\/wp-json\/wp\/v2\/categories?post=34551"},{"taxonomy":"post_tag","embeddable":true,"href":"https:\/\/maranhaotv.com.br\/index.php\/wp-json\/wp\/v2\/tags?post=34551"}],"curies":[{"name":"wp","href":"https:\/\/api.w.org\/{rel}","templated":true}]}}