{"id":34735,"date":"2024-02-16T13:37:43","date_gmt":"2024-02-16T16:37:43","guid":{"rendered":"https:\/\/maranhaotv.com.br\/?p=34735"},"modified":"2024-02-16T13:37:43","modified_gmt":"2024-02-16T16:37:43","slug":"conheca-erika-palley-nome-forte-do-esporte-maranhense-que-deve-disputar-vaga-na-camara-de-sao-luis","status":"publish","type":"post","link":"https:\/\/maranhaotv.com.br\/index.php\/2024\/02\/16\/conheca-erika-palley-nome-forte-do-esporte-maranhense-que-deve-disputar-vaga-na-camara-de-sao-luis\/","title":{"rendered":"Conhe\u00e7a \u00c9rika Palley, nome forte do esporte maranhense, que deve disputar vaga na C\u00e2mara de S\u00e3o Lu\u00eds"},"content":{"rendered":"\n<p><br><em>Apresentadora do Jogo Aberto Maranh\u00e3o, da TV Band, advogada e jornalista deve concorrer a uma vaga na C\u00e2mara Municipal de S\u00e3o Lu\u00eds<\/em><br><br>Com um trabalho voltado ao esporte maranhense, junto ao profissional e amador nos \u00faltimos 11 anos, a advogada, jornalista e apresentadora do Jogo Aberto Maranh\u00e3o, da TV Band Maranh\u00e3o, \u00c9rika Palley, vem agradando ao p\u00fablico com seu \u00e1rduo trabalho e muito carisma. <br><br>Com pouco mais de 120 mil seguidores no Instagram e com quase 40 mil inscritos no canal Mulherada do Futebol, no YouTube, que valoriza a participa\u00e7\u00e3o feminina no esporte e que trata com leveza de todos os assuntos relacionados \u00e0 diversas modalidades esportivas, a maranhense\u00a0 tem ganhado destaque no cen\u00e1rio tamb\u00e9m pol\u00edtico, ao cobrar das autoridades, melhorias e valoriza\u00e7\u00e3o dos atletas maranhenses.<\/p>\n\n\n\n<figure class=\"wp-block-image size-large\"><img decoding=\"async\" src=\"https:\/\/maranhaotv.com.br\/wp-content\/uploads\/2024\/02\/img-20240216-wa03985394377409042040694-682x1024.jpg\" alt=\"\" class=\"wp-image-34732\"\/><\/figure>\n\n\n\n<p><br><br><strong>Biografia<\/strong><br>Nascida no Centro da capital maranhense, S\u00e3o Lu\u00eds, \u00c9rika Palley morou parte da sua inf\u00e2ncia no bairro Tibiri, regi\u00e3o em que sua av\u00f3 residia. Durante a adolesc\u00eancia, a hoje advogada e jornalista, de 45 anos, morou no bairro Turu.<br><br><strong>Hist\u00f3rico no esporte<\/strong><br>No Maranh\u00e3o, \u00c9rika Palley foi a primeira mulher a correr arrancada. Aventureira e apaixonado por esportes, desde a sua juventude ela esteve envolvida em projetos esportivos. \u00c9rika Palley praticou, ainda, diversos esportes, entre eles a nata\u00e7\u00e3o.<br><br><strong>Trabalho<\/strong><br>Com a forma de trabalhar, indo \u00e0s comunidades e prestigiando os bairros, \u00c9rika Palley conseguiu fidelizar a audi\u00eancia do Jogo Aberto Maranh\u00e3o, programa esportivo que conquistou milhares de telespectadores em S\u00e3o Lu\u00eds e no Maranh\u00e3o, sendo sucesso nos \u00faltimos 4 anos. <br><br><strong>Causas<\/strong><br>M\u00e3e at\u00edpica, \u00c9rika Palley sempre buscou fazer mat\u00e9rias no paradesporto, levantando a bandeira da inclus\u00e3o, esportes e participa\u00e7\u00e3o feminina como pautas relevantes. Sendo assim, seu nome foi visto com bons olhos pela sociedade esportiva e na zona rural, regi\u00e3o em que \u00e9 feito grande parte do trabalho de cobertura esportiva e apoio junto \u00e0s comunidades. <br><br><strong>Disputa acirrada<\/strong><br>Pelo visto, a disputa pelas cadeiras \u00e0 vereancia de S\u00e3o Lu\u00eds n\u00e3o ser\u00e1 t\u00e3o f\u00e1cil, ainda mais com o nome da advogada, jornalista e apresentadora do Jogo Aberto Maranh\u00e3o, \u00c9rika Palley, estando na corrida por uma vaga na C\u00e2mara de Vereadores.<br><br><strong>Renova\u00e7\u00e3o<\/strong><br>Durante as elei\u00e7\u00f5es de 2024, estima-se uma mudan\u00e7a de 50% do atual cen\u00e1rio pol\u00edtico e quem tem um trabalho forte pode conseguir destaque neste pleito, aonde se tem como a elei\u00e7\u00e3o de maior dificuldade dos \u00faltimos tempos.<br><br><strong>Elei\u00e7\u00f5es 2024<\/strong><br>As pr\u00f3ximas elei\u00e7\u00f5es ser\u00e3o para a escolha de candidatas e candidatos aos cargos de Prefeita(o), Vice-Prefeita(o) e Vereador(a).<br><br>O primeiro turno ser\u00e1 no dia 6 de outubro de 2024. J\u00e1 o segundo turno, onde for necess\u00e1rio, para a escolha de Prefeita(o) em munic\u00edpios com mais de 200 mil eleitores, ocorrer\u00e1 no dia 27 de outubro.<\/p>\n\n\n\n<figure class=\"wp-block-image size-large\"><img decoding=\"async\" src=\"https:\/\/maranhaotv.com.br\/wp-content\/uploads\/2024\/02\/img-20240216-wa03995410241771152796389-682x1024.jpg\" alt=\"\" class=\"wp-image-34733\"\/><\/figure>\n\n\n\n<figure class=\"wp-block-image size-large\"><img decoding=\"async\" src=\"https:\/\/maranhaotv.com.br\/wp-content\/uploads\/2024\/02\/img-20240216-wa0400759974328545531283-682x1024.jpg\" alt=\"\" class=\"wp-image-34731\"\/><\/figure>\n","protected":false},"excerpt":{"rendered":"<p>Apresentadora do Jogo Aberto Maranh\u00e3o, da TV Band, advogada e jornalista deve concorrer a uma vaga na C\u00e2mara Municipal de<\/p>\n","protected":false},"author":2,"featured_media":34734,"comment_status":"open","ping_status":"open","sticky":false,"template":"","format":"standard","meta":{"colormag_page_container_layout":"default_layout","colormag_page_sidebar_layout":"default_layout","_jetpack_memberships_contains_paid_content":false,"footnotes":""},"categories":[2],"tags":[407],"class_list":["post-34735","post","type-post","status-publish","format-standard","has-post-thumbnail","hentry","category-noticias","tag-erika-palley"],"magazineBlocksPostFeaturedMedia":{"thumbnail":false,"medium":false,"medium_large":false,"large":false,"1536x1536":false,"2048x2048":false,"colormag-highlighted-post":false,"colormag-featured-post-medium":false,"colormag-featured-post-small":false,"colormag-featured-image":false,"colormag-default-news":false,"colormag-featured-image-large":false},"magazineBlocksPostAuthor":{"name":"maranhaotv","avatar":"https:\/\/secure.gravatar.com\/avatar\/8fadbca458d4cb68b1dd399ae9a40618d747bb1af65ac9fad21c89220a143eb4?s=96&d=mm&r=g"},"magazineBlocksPostCommentsNumber":"0","magazineBlocksPostExcerpt":"Apresentadora do Jogo Aberto Maranh\u00e3o, da TV Band, advogada e jornalista deve concorrer a uma vaga na C\u00e2mara Municipal de","magazineBlocksPostCategories":["not\u00edcias"],"magazineBlocksPostViewCount":523,"magazineBlocksPostReadTime":3,"magazine_blocks_featured_image_url":{"full":false,"medium":false,"thumbnail":false},"magazine_blocks_author":{"display_name":"maranhaotv","author_link":"https:\/\/maranhaotv.com.br\/index.php\/author\/maranhaotv\/"},"magazine_blocks_comment":0,"magazine_blocks_author_image":"https:\/\/secure.gravatar.com\/avatar\/8fadbca458d4cb68b1dd399ae9a40618d747bb1af65ac9fad21c89220a143eb4?s=96&d=mm&r=g","magazine_blocks_category":"<a href=\"#\" class=\"category-link category-link-2\">not\u00edcias<\/a>","yoast_head":"<!-- This site is optimized with the Yoast SEO plugin v27.4 - https:\/\/yoast.com\/product\/yoast-seo-wordpress\/ -->\n<title>Conhe\u00e7a \u00c9rika Palley, nome forte do esporte maranhense, que deve disputar vaga na C\u00e2mara de S\u00e3o Lu\u00eds - NOT\u00cdCIAS EM TEMPO REAL<\/title>\n<meta name=\"robots\" content=\"index, follow, max-snippet:-1, max-image-preview:large, max-video-preview:-1\" \/>\n<link rel=\"canonical\" href=\"https:\/\/maranhaotv.com.br\/index.php\/2024\/02\/16\/conheca-erika-palley-nome-forte-do-esporte-maranhense-que-deve-disputar-vaga-na-camara-de-sao-luis\/\" \/>\n<meta property=\"og:locale\" content=\"pt_BR\" \/>\n<meta property=\"og:type\" content=\"article\" \/>\n<meta property=\"og:title\" content=\"Conhe\u00e7a \u00c9rika Palley, nome forte do esporte maranhense, que deve disputar vaga na C\u00e2mara de S\u00e3o Lu\u00eds - NOT\u00cdCIAS EM TEMPO REAL\" \/>\n<meta property=\"og:description\" content=\"Apresentadora do Jogo Aberto Maranh\u00e3o, da TV Band, advogada e jornalista deve concorrer a uma vaga na C\u00e2mara Municipal de\" \/>\n<meta property=\"og:url\" content=\"https:\/\/maranhaotv.com.br\/index.php\/2024\/02\/16\/conheca-erika-palley-nome-forte-do-esporte-maranhense-que-deve-disputar-vaga-na-camara-de-sao-luis\/\" \/>\n<meta property=\"og:site_name\" content=\"NOT\u00cdCIAS EM TEMPO REAL\" \/>\n<meta property=\"article:publisher\" content=\"https:\/\/www.facebook.com\/maiobaotv\" \/>\n<meta property=\"article:published_time\" content=\"2024-02-16T16:37:43+00:00\" \/>\n<meta name=\"author\" content=\"maranhaotv\" \/>\n<meta name=\"twitter:card\" content=\"summary_large_image\" \/>\n<meta name=\"twitter:creator\" content=\"@sitemaranhaotv\" \/>\n<meta name=\"twitter:site\" content=\"@sitemaranhaotv\" \/>\n<meta name=\"twitter:label1\" content=\"Escrito por\" \/>\n\t<meta name=\"twitter:data1\" content=\"maranhaotv\" \/>\n\t<meta name=\"twitter:label2\" content=\"Est. tempo de leitura\" \/>\n\t<meta name=\"twitter:data2\" content=\"2 minutos\" \/>\n<script type=\"application\/ld+json\" class=\"yoast-schema-graph\">{\"@context\":\"https:\\\/\\\/schema.org\",\"@graph\":[{\"@type\":\"Article\",\"@id\":\"https:\\\/\\\/maranhaotv.com.br\\\/index.php\\\/2024\\\/02\\\/16\\\/conheca-erika-palley-nome-forte-do-esporte-maranhense-que-deve-disputar-vaga-na-camara-de-sao-luis\\\/#article\",\"isPartOf\":{\"@id\":\"https:\\\/\\\/maranhaotv.com.br\\\/index.php\\\/2024\\\/02\\\/16\\\/conheca-erika-palley-nome-forte-do-esporte-maranhense-que-deve-disputar-vaga-na-camara-de-sao-luis\\\/\"},\"author\":{\"name\":\"maranhaotv\",\"@id\":\"https:\\\/\\\/maranhaotv.com.br\\\/#\\\/schema\\\/person\\\/3d54238e86b20bb5c89ab2fdb8f8829a\"},\"headline\":\"Conhe\u00e7a \u00c9rika Palley, nome forte do esporte maranhense, que deve disputar vaga na C\u00e2mara de S\u00e3o Lu\u00eds\",\"datePublished\":\"2024-02-16T16:37:43+00:00\",\"mainEntityOfPage\":{\"@id\":\"https:\\\/\\\/maranhaotv.com.br\\\/index.php\\\/2024\\\/02\\\/16\\\/conheca-erika-palley-nome-forte-do-esporte-maranhense-que-deve-disputar-vaga-na-camara-de-sao-luis\\\/\"},\"wordCount\":501,\"commentCount\":0,\"publisher\":{\"@id\":\"https:\\\/\\\/maranhaotv.com.br\\\/#organization\"},\"image\":{\"@id\":\"https:\\\/\\\/maranhaotv.com.br\\\/index.php\\\/2024\\\/02\\\/16\\\/conheca-erika-palley-nome-forte-do-esporte-maranhense-que-deve-disputar-vaga-na-camara-de-sao-luis\\\/#primaryimage\"},\"thumbnailUrl\":\"\",\"keywords\":[\"Erika Palley\"],\"articleSection\":[\"not\u00edcias\"],\"inLanguage\":\"pt-BR\",\"potentialAction\":[{\"@type\":\"CommentAction\",\"name\":\"Comment\",\"target\":[\"https:\\\/\\\/maranhaotv.com.br\\\/index.php\\\/2024\\\/02\\\/16\\\/conheca-erika-palley-nome-forte-do-esporte-maranhense-que-deve-disputar-vaga-na-camara-de-sao-luis\\\/#respond\"]}]},{\"@type\":\"WebPage\",\"@id\":\"https:\\\/\\\/maranhaotv.com.br\\\/index.php\\\/2024\\\/02\\\/16\\\/conheca-erika-palley-nome-forte-do-esporte-maranhense-que-deve-disputar-vaga-na-camara-de-sao-luis\\\/\",\"url\":\"https:\\\/\\\/maranhaotv.com.br\\\/index.php\\\/2024\\\/02\\\/16\\\/conheca-erika-palley-nome-forte-do-esporte-maranhense-que-deve-disputar-vaga-na-camara-de-sao-luis\\\/\",\"name\":\"Conhe\u00e7a \u00c9rika Palley, nome forte do esporte maranhense, que deve disputar vaga na C\u00e2mara de S\u00e3o Lu\u00eds - NOT\u00cdCIAS EM TEMPO REAL\",\"isPartOf\":{\"@id\":\"https:\\\/\\\/maranhaotv.com.br\\\/#website\"},\"primaryImageOfPage\":{\"@id\":\"https:\\\/\\\/maranhaotv.com.br\\\/index.php\\\/2024\\\/02\\\/16\\\/conheca-erika-palley-nome-forte-do-esporte-maranhense-que-deve-disputar-vaga-na-camara-de-sao-luis\\\/#primaryimage\"},\"image\":{\"@id\":\"https:\\\/\\\/maranhaotv.com.br\\\/index.php\\\/2024\\\/02\\\/16\\\/conheca-erika-palley-nome-forte-do-esporte-maranhense-que-deve-disputar-vaga-na-camara-de-sao-luis\\\/#primaryimage\"},\"thumbnailUrl\":\"\",\"datePublished\":\"2024-02-16T16:37:43+00:00\",\"breadcrumb\":{\"@id\":\"https:\\\/\\\/maranhaotv.com.br\\\/index.php\\\/2024\\\/02\\\/16\\\/conheca-erika-palley-nome-forte-do-esporte-maranhense-que-deve-disputar-vaga-na-camara-de-sao-luis\\\/#breadcrumb\"},\"inLanguage\":\"pt-BR\",\"potentialAction\":[{\"@type\":\"ReadAction\",\"target\":[\"https:\\\/\\\/maranhaotv.com.br\\\/index.php\\\/2024\\\/02\\\/16\\\/conheca-erika-palley-nome-forte-do-esporte-maranhense-que-deve-disputar-vaga-na-camara-de-sao-luis\\\/\"]}]},{\"@type\":\"ImageObject\",\"inLanguage\":\"pt-BR\",\"@id\":\"https:\\\/\\\/maranhaotv.com.br\\\/index.php\\\/2024\\\/02\\\/16\\\/conheca-erika-palley-nome-forte-do-esporte-maranhense-que-deve-disputar-vaga-na-camara-de-sao-luis\\\/#primaryimage\",\"url\":\"\",\"contentUrl\":\"\"},{\"@type\":\"BreadcrumbList\",\"@id\":\"https:\\\/\\\/maranhaotv.com.br\\\/index.php\\\/2024\\\/02\\\/16\\\/conheca-erika-palley-nome-forte-do-esporte-maranhense-que-deve-disputar-vaga-na-camara-de-sao-luis\\\/#breadcrumb\",\"itemListElement\":[{\"@type\":\"ListItem\",\"position\":1,\"name\":\"In\u00edcio\",\"item\":\"https:\\\/\\\/maranhaotv.com.br\\\/\"},{\"@type\":\"ListItem\",\"position\":2,\"name\":\"Conhe\u00e7a \u00c9rika Palley, nome forte do esporte maranhense, que deve disputar vaga na C\u00e2mara de S\u00e3o Lu\u00eds\"}]},{\"@type\":\"WebSite\",\"@id\":\"https:\\\/\\\/maranhaotv.com.br\\\/#website\",\"url\":\"https:\\\/\\\/maranhaotv.com.br\\\/\",\"name\":\"Maranh\u00e3oTV\",\"description\":\"\",\"publisher\":{\"@id\":\"https:\\\/\\\/maranhaotv.com.br\\\/#organization\"},\"potentialAction\":[{\"@type\":\"SearchAction\",\"target\":{\"@type\":\"EntryPoint\",\"urlTemplate\":\"https:\\\/\\\/maranhaotv.com.br\\\/?s={search_term_string}\"},\"query-input\":{\"@type\":\"PropertyValueSpecification\",\"valueRequired\":true,\"valueName\":\"search_term_string\"}}],\"inLanguage\":\"pt-BR\"},{\"@type\":\"Organization\",\"@id\":\"https:\\\/\\\/maranhaotv.com.br\\\/#organization\",\"name\":\"Portal de Not\u00edcias\",\"url\":\"https:\\\/\\\/maranhaotv.com.br\\\/\",\"logo\":{\"@type\":\"ImageObject\",\"inLanguage\":\"pt-BR\",\"@id\":\"https:\\\/\\\/maranhaotv.com.br\\\/#\\\/schema\\\/logo\\\/image\\\/\",\"url\":\"https:\\\/\\\/maranhaotv.com.br\\\/wp-content\\\/uploads\\\/2024\\\/05\\\/cropped-cropped-avatar-1.png\",\"contentUrl\":\"https:\\\/\\\/maranhaotv.com.br\\\/wp-content\\\/uploads\\\/2024\\\/05\\\/cropped-cropped-avatar-1.png\",\"width\":792,\"height\":428,\"caption\":\"Portal de Not\u00edcias\"},\"image\":{\"@id\":\"https:\\\/\\\/maranhaotv.com.br\\\/#\\\/schema\\\/logo\\\/image\\\/\"},\"sameAs\":[\"https:\\\/\\\/www.facebook.com\\\/maiobaotv\",\"https:\\\/\\\/x.com\\\/sitemaranhaotv\",\"https:\\\/\\\/www.instagram.com\\\/maranhao.tv\",\"https:\\\/\\\/www.threads.net\\\/@maranhao.tv\"]},{\"@type\":\"Person\",\"@id\":\"https:\\\/\\\/maranhaotv.com.br\\\/#\\\/schema\\\/person\\\/3d54238e86b20bb5c89ab2fdb8f8829a\",\"name\":\"maranhaotv\",\"image\":{\"@type\":\"ImageObject\",\"inLanguage\":\"pt-BR\",\"@id\":\"https:\\\/\\\/secure.gravatar.com\\\/avatar\\\/8fadbca458d4cb68b1dd399ae9a40618d747bb1af65ac9fad21c89220a143eb4?s=96&d=mm&r=g\",\"url\":\"https:\\\/\\\/secure.gravatar.com\\\/avatar\\\/8fadbca458d4cb68b1dd399ae9a40618d747bb1af65ac9fad21c89220a143eb4?s=96&d=mm&r=g\",\"contentUrl\":\"https:\\\/\\\/secure.gravatar.com\\\/avatar\\\/8fadbca458d4cb68b1dd399ae9a40618d747bb1af65ac9fad21c89220a143eb4?s=96&d=mm&r=g\",\"caption\":\"maranhaotv\"},\"sameAs\":[\"https:\\\/\\\/maranhaotv.com.br\\\/\"],\"url\":\"https:\\\/\\\/maranhaotv.com.br\\\/index.php\\\/author\\\/maranhaotv\\\/\"}]}<\/script>\n<!-- \/ Yoast SEO plugin. -->","yoast_head_json":{"title":"Conhe\u00e7a \u00c9rika Palley, nome forte do esporte maranhense, que deve disputar vaga na C\u00e2mara de S\u00e3o Lu\u00eds - NOT\u00cdCIAS EM TEMPO REAL","robots":{"index":"index","follow":"follow","max-snippet":"max-snippet:-1","max-image-preview":"max-image-preview:large","max-video-preview":"max-video-preview:-1"},"canonical":"https:\/\/maranhaotv.com.br\/index.php\/2024\/02\/16\/conheca-erika-palley-nome-forte-do-esporte-maranhense-que-deve-disputar-vaga-na-camara-de-sao-luis\/","og_locale":"pt_BR","og_type":"article","og_title":"Conhe\u00e7a \u00c9rika Palley, nome forte do esporte maranhense, que deve disputar vaga na C\u00e2mara de S\u00e3o Lu\u00eds - NOT\u00cdCIAS EM TEMPO REAL","og_description":"Apresentadora do Jogo Aberto Maranh\u00e3o, da TV Band, advogada e jornalista deve concorrer a uma vaga na C\u00e2mara Municipal de","og_url":"https:\/\/maranhaotv.com.br\/index.php\/2024\/02\/16\/conheca-erika-palley-nome-forte-do-esporte-maranhense-que-deve-disputar-vaga-na-camara-de-sao-luis\/","og_site_name":"NOT\u00cdCIAS EM TEMPO REAL","article_publisher":"https:\/\/www.facebook.com\/maiobaotv","article_published_time":"2024-02-16T16:37:43+00:00","author":"maranhaotv","twitter_card":"summary_large_image","twitter_creator":"@sitemaranhaotv","twitter_site":"@sitemaranhaotv","twitter_misc":{"Escrito por":"maranhaotv","Est. tempo de leitura":"2 minutos"},"schema":{"@context":"https:\/\/schema.org","@graph":[{"@type":"Article","@id":"https:\/\/maranhaotv.com.br\/index.php\/2024\/02\/16\/conheca-erika-palley-nome-forte-do-esporte-maranhense-que-deve-disputar-vaga-na-camara-de-sao-luis\/#article","isPartOf":{"@id":"https:\/\/maranhaotv.com.br\/index.php\/2024\/02\/16\/conheca-erika-palley-nome-forte-do-esporte-maranhense-que-deve-disputar-vaga-na-camara-de-sao-luis\/"},"author":{"name":"maranhaotv","@id":"https:\/\/maranhaotv.com.br\/#\/schema\/person\/3d54238e86b20bb5c89ab2fdb8f8829a"},"headline":"Conhe\u00e7a \u00c9rika Palley, nome forte do esporte maranhense, que deve disputar vaga na C\u00e2mara de S\u00e3o Lu\u00eds","datePublished":"2024-02-16T16:37:43+00:00","mainEntityOfPage":{"@id":"https:\/\/maranhaotv.com.br\/index.php\/2024\/02\/16\/conheca-erika-palley-nome-forte-do-esporte-maranhense-que-deve-disputar-vaga-na-camara-de-sao-luis\/"},"wordCount":501,"commentCount":0,"publisher":{"@id":"https:\/\/maranhaotv.com.br\/#organization"},"image":{"@id":"https:\/\/maranhaotv.com.br\/index.php\/2024\/02\/16\/conheca-erika-palley-nome-forte-do-esporte-maranhense-que-deve-disputar-vaga-na-camara-de-sao-luis\/#primaryimage"},"thumbnailUrl":"","keywords":["Erika Palley"],"articleSection":["not\u00edcias"],"inLanguage":"pt-BR","potentialAction":[{"@type":"CommentAction","name":"Comment","target":["https:\/\/maranhaotv.com.br\/index.php\/2024\/02\/16\/conheca-erika-palley-nome-forte-do-esporte-maranhense-que-deve-disputar-vaga-na-camara-de-sao-luis\/#respond"]}]},{"@type":"WebPage","@id":"https:\/\/maranhaotv.com.br\/index.php\/2024\/02\/16\/conheca-erika-palley-nome-forte-do-esporte-maranhense-que-deve-disputar-vaga-na-camara-de-sao-luis\/","url":"https:\/\/maranhaotv.com.br\/index.php\/2024\/02\/16\/conheca-erika-palley-nome-forte-do-esporte-maranhense-que-deve-disputar-vaga-na-camara-de-sao-luis\/","name":"Conhe\u00e7a \u00c9rika Palley, nome forte do esporte maranhense, que deve disputar vaga na C\u00e2mara de S\u00e3o Lu\u00eds - NOT\u00cdCIAS EM TEMPO REAL","isPartOf":{"@id":"https:\/\/maranhaotv.com.br\/#website"},"primaryImageOfPage":{"@id":"https:\/\/maranhaotv.com.br\/index.php\/2024\/02\/16\/conheca-erika-palley-nome-forte-do-esporte-maranhense-que-deve-disputar-vaga-na-camara-de-sao-luis\/#primaryimage"},"image":{"@id":"https:\/\/maranhaotv.com.br\/index.php\/2024\/02\/16\/conheca-erika-palley-nome-forte-do-esporte-maranhense-que-deve-disputar-vaga-na-camara-de-sao-luis\/#primaryimage"},"thumbnailUrl":"","datePublished":"2024-02-16T16:37:43+00:00","breadcrumb":{"@id":"https:\/\/maranhaotv.com.br\/index.php\/2024\/02\/16\/conheca-erika-palley-nome-forte-do-esporte-maranhense-que-deve-disputar-vaga-na-camara-de-sao-luis\/#breadcrumb"},"inLanguage":"pt-BR","potentialAction":[{"@type":"ReadAction","target":["https:\/\/maranhaotv.com.br\/index.php\/2024\/02\/16\/conheca-erika-palley-nome-forte-do-esporte-maranhense-que-deve-disputar-vaga-na-camara-de-sao-luis\/"]}]},{"@type":"ImageObject","inLanguage":"pt-BR","@id":"https:\/\/maranhaotv.com.br\/index.php\/2024\/02\/16\/conheca-erika-palley-nome-forte-do-esporte-maranhense-que-deve-disputar-vaga-na-camara-de-sao-luis\/#primaryimage","url":"","contentUrl":""},{"@type":"BreadcrumbList","@id":"https:\/\/maranhaotv.com.br\/index.php\/2024\/02\/16\/conheca-erika-palley-nome-forte-do-esporte-maranhense-que-deve-disputar-vaga-na-camara-de-sao-luis\/#breadcrumb","itemListElement":[{"@type":"ListItem","position":1,"name":"In\u00edcio","item":"https:\/\/maranhaotv.com.br\/"},{"@type":"ListItem","position":2,"name":"Conhe\u00e7a \u00c9rika Palley, nome forte do esporte maranhense, que deve disputar vaga na C\u00e2mara de S\u00e3o Lu\u00eds"}]},{"@type":"WebSite","@id":"https:\/\/maranhaotv.com.br\/#website","url":"https:\/\/maranhaotv.com.br\/","name":"Maranh\u00e3oTV","description":"","publisher":{"@id":"https:\/\/maranhaotv.com.br\/#organization"},"potentialAction":[{"@type":"SearchAction","target":{"@type":"EntryPoint","urlTemplate":"https:\/\/maranhaotv.com.br\/?s={search_term_string}"},"query-input":{"@type":"PropertyValueSpecification","valueRequired":true,"valueName":"search_term_string"}}],"inLanguage":"pt-BR"},{"@type":"Organization","@id":"https:\/\/maranhaotv.com.br\/#organization","name":"Portal de Not\u00edcias","url":"https:\/\/maranhaotv.com.br\/","logo":{"@type":"ImageObject","inLanguage":"pt-BR","@id":"https:\/\/maranhaotv.com.br\/#\/schema\/logo\/image\/","url":"https:\/\/maranhaotv.com.br\/wp-content\/uploads\/2024\/05\/cropped-cropped-avatar-1.png","contentUrl":"https:\/\/maranhaotv.com.br\/wp-content\/uploads\/2024\/05\/cropped-cropped-avatar-1.png","width":792,"height":428,"caption":"Portal de Not\u00edcias"},"image":{"@id":"https:\/\/maranhaotv.com.br\/#\/schema\/logo\/image\/"},"sameAs":["https:\/\/www.facebook.com\/maiobaotv","https:\/\/x.com\/sitemaranhaotv","https:\/\/www.instagram.com\/maranhao.tv","https:\/\/www.threads.net\/@maranhao.tv"]},{"@type":"Person","@id":"https:\/\/maranhaotv.com.br\/#\/schema\/person\/3d54238e86b20bb5c89ab2fdb8f8829a","name":"maranhaotv","image":{"@type":"ImageObject","inLanguage":"pt-BR","@id":"https:\/\/secure.gravatar.com\/avatar\/8fadbca458d4cb68b1dd399ae9a40618d747bb1af65ac9fad21c89220a143eb4?s=96&d=mm&r=g","url":"https:\/\/secure.gravatar.com\/avatar\/8fadbca458d4cb68b1dd399ae9a40618d747bb1af65ac9fad21c89220a143eb4?s=96&d=mm&r=g","contentUrl":"https:\/\/secure.gravatar.com\/avatar\/8fadbca458d4cb68b1dd399ae9a40618d747bb1af65ac9fad21c89220a143eb4?s=96&d=mm&r=g","caption":"maranhaotv"},"sameAs":["https:\/\/maranhaotv.com.br\/"],"url":"https:\/\/maranhaotv.com.br\/index.php\/author\/maranhaotv\/"}]}},"jetpack_featured_media_url":"","jetpack_sharing_enabled":true,"_links":{"self":[{"href":"https:\/\/maranhaotv.com.br\/index.php\/wp-json\/wp\/v2\/posts\/34735","targetHints":{"allow":["GET"]}}],"collection":[{"href":"https:\/\/maranhaotv.com.br\/index.php\/wp-json\/wp\/v2\/posts"}],"about":[{"href":"https:\/\/maranhaotv.com.br\/index.php\/wp-json\/wp\/v2\/types\/post"}],"author":[{"embeddable":true,"href":"https:\/\/maranhaotv.com.br\/index.php\/wp-json\/wp\/v2\/users\/2"}],"replies":[{"embeddable":true,"href":"https:\/\/maranhaotv.com.br\/index.php\/wp-json\/wp\/v2\/comments?post=34735"}],"version-history":[{"count":0,"href":"https:\/\/maranhaotv.com.br\/index.php\/wp-json\/wp\/v2\/posts\/34735\/revisions"}],"wp:featuredmedia":[{"embeddable":true,"href":"https:\/\/maranhaotv.com.br\/index.php\/wp-json\/"}],"wp:attachment":[{"href":"https:\/\/maranhaotv.com.br\/index.php\/wp-json\/wp\/v2\/media?parent=34735"}],"wp:term":[{"taxonomy":"category","embeddable":true,"href":"https:\/\/maranhaotv.com.br\/index.php\/wp-json\/wp\/v2\/categories?post=34735"},{"taxonomy":"post_tag","embeddable":true,"href":"https:\/\/maranhaotv.com.br\/index.php\/wp-json\/wp\/v2\/tags?post=34735"}],"curies":[{"name":"wp","href":"https:\/\/api.w.org\/{rel}","templated":true}]}}