{"id":34781,"date":"2024-02-20T09:26:21","date_gmt":"2024-02-20T12:26:21","guid":{"rendered":"https:\/\/maranhaotv.com.br\/?p=34781"},"modified":"2024-02-20T09:26:21","modified_gmt":"2024-02-20T12:26:21","slug":"deputada-federal-aliada-de-paula-da-pindoba-em-paco-do-lumiar-assina-impeachment-contra-lula","status":"publish","type":"post","link":"https:\/\/maranhaotv.com.br\/index.php\/2024\/02\/20\/deputada-federal-aliada-de-paula-da-pindoba-em-paco-do-lumiar-assina-impeachment-contra-lula\/","title":{"rendered":"Deputada federal aliada de Paula da Pindoba em Pa\u00e7o do Lumiar assina impeachment contra Lula"},"content":{"rendered":"\n<p>Deputada federal bolsonarista que veio ao bairro Maiob\u00e3o para evento de lan\u00e7amento da pr\u00e9-candidatura a prefeito de aliado de Paula da Pindoba, assina proposta de impeachment contra o presidente Luiz In\u00e1cio Lula da Silva (PT) protocolada por Carla Zambelli (PL-SP) nesta \u00faltima segunda-feira.<br><br>Trata-se de Mariana Carvalho (Republicanos), suplente de Alu\u00edsio Mendes, que chancela a futura candidatura do presidente da C\u00e2mara, vereador Jorge Maru. <br><br>At\u00e9 o momento, 103 parlamentares subscreveram o pedido motivado pelas falas recentes do petista comparando a\u00e7\u00f5es de Israel contra palestinos a nazistas contra judeus. <br><br>Paula \u00e9 do PCdoB, prefeita eleita com a bandeira socialista e apoiada por Flavio Dino, Marcio Jerry e governador Carlos Brand\u00e3o, realmente \u201cvirou a casaca\u201d para o bolsonarismo.<\/p>\n\n\n\n<figure class=\"wp-block-video\"><video controls src=\"https:\/\/maranhaotv.com.br\/wp-content\/uploads\/2024\/02\/VID-20240220-WA0172.mp4\"><\/video><\/figure>\n","protected":false},"excerpt":{"rendered":"<p>Deputada federal bolsonarista que veio ao bairro Maiob\u00e3o para evento de lan\u00e7amento da pr\u00e9-candidatura a prefeito de aliado de Paula<\/p>\n","protected":false},"author":2,"featured_media":34779,"comment_status":"open","ping_status":"open","sticky":false,"template":"","format":"standard","meta":{"colormag_page_container_layout":"default_layout","colormag_page_sidebar_layout":"default_layout","_jetpack_memberships_contains_paid_content":false,"footnotes":""},"categories":[6],"tags":[95],"class_list":["post-34781","post","type-post","status-publish","format-standard","has-post-thumbnail","hentry","category-politica","tag-paula-azevedo"],"magazineBlocksPostFeaturedMedia":{"thumbnail":false,"medium":false,"medium_large":false,"large":false,"1536x1536":false,"2048x2048":false,"colormag-highlighted-post":false,"colormag-featured-post-medium":false,"colormag-featured-post-small":false,"colormag-featured-image":false,"colormag-default-news":false,"colormag-featured-image-large":false},"magazineBlocksPostAuthor":{"name":"maranhaotv","avatar":"https:\/\/secure.gravatar.com\/avatar\/8fadbca458d4cb68b1dd399ae9a40618d747bb1af65ac9fad21c89220a143eb4?s=96&d=mm&r=g"},"magazineBlocksPostCommentsNumber":"0","magazineBlocksPostExcerpt":"Deputada federal bolsonarista que veio ao bairro Maiob\u00e3o para evento de lan\u00e7amento da pr\u00e9-candidatura a prefeito de aliado de Paula","magazineBlocksPostCategories":["pol\u00edtica"],"magazineBlocksPostViewCount":240,"magazineBlocksPostReadTime":1,"magazine_blocks_featured_image_url":{"full":false,"medium":false,"thumbnail":false},"magazine_blocks_author":{"display_name":"maranhaotv","author_link":"https:\/\/maranhaotv.com.br\/index.php\/author\/maranhaotv\/"},"magazine_blocks_comment":0,"magazine_blocks_author_image":"https:\/\/secure.gravatar.com\/avatar\/8fadbca458d4cb68b1dd399ae9a40618d747bb1af65ac9fad21c89220a143eb4?s=96&d=mm&r=g","magazine_blocks_category":"<a href=\"#\" class=\"category-link category-link-6\">pol\u00edtica<\/a>","yoast_head":"<!-- This site is optimized with the Yoast SEO plugin v27.4 - https:\/\/yoast.com\/product\/yoast-seo-wordpress\/ -->\n<title>Deputada federal aliada de Paula da Pindoba em Pa\u00e7o do Lumiar assina impeachment contra Lula - NOT\u00cdCIAS EM TEMPO REAL<\/title>\n<meta name=\"robots\" content=\"index, follow, max-snippet:-1, max-image-preview:large, max-video-preview:-1\" \/>\n<link rel=\"canonical\" href=\"https:\/\/maranhaotv.com.br\/index.php\/2024\/02\/20\/deputada-federal-aliada-de-paula-da-pindoba-em-paco-do-lumiar-assina-impeachment-contra-lula\/\" \/>\n<meta property=\"og:locale\" content=\"pt_BR\" \/>\n<meta property=\"og:type\" content=\"article\" \/>\n<meta property=\"og:title\" content=\"Deputada federal aliada de Paula da Pindoba em Pa\u00e7o do Lumiar assina impeachment contra Lula - NOT\u00cdCIAS EM TEMPO REAL\" \/>\n<meta property=\"og:description\" content=\"Deputada federal bolsonarista que veio ao bairro Maiob\u00e3o para evento de lan\u00e7amento da pr\u00e9-candidatura a prefeito de aliado de Paula\" \/>\n<meta property=\"og:url\" content=\"https:\/\/maranhaotv.com.br\/index.php\/2024\/02\/20\/deputada-federal-aliada-de-paula-da-pindoba-em-paco-do-lumiar-assina-impeachment-contra-lula\/\" \/>\n<meta property=\"og:site_name\" content=\"NOT\u00cdCIAS EM TEMPO REAL\" \/>\n<meta property=\"article:publisher\" content=\"https:\/\/www.facebook.com\/maiobaotv\" \/>\n<meta property=\"article:published_time\" content=\"2024-02-20T12:26:21+00:00\" \/>\n<meta name=\"author\" content=\"maranhaotv\" \/>\n<meta name=\"twitter:card\" content=\"summary_large_image\" \/>\n<meta name=\"twitter:creator\" content=\"@sitemaranhaotv\" \/>\n<meta name=\"twitter:site\" content=\"@sitemaranhaotv\" \/>\n<meta name=\"twitter:label1\" content=\"Escrito por\" \/>\n\t<meta name=\"twitter:data1\" content=\"maranhaotv\" \/>\n\t<meta name=\"twitter:label2\" content=\"Est. tempo de leitura\" \/>\n\t<meta name=\"twitter:data2\" content=\"1 minuto\" \/>\n<script type=\"application\/ld+json\" class=\"yoast-schema-graph\">{\"@context\":\"https:\\\/\\\/schema.org\",\"@graph\":[{\"@type\":\"Article\",\"@id\":\"https:\\\/\\\/maranhaotv.com.br\\\/index.php\\\/2024\\\/02\\\/20\\\/deputada-federal-aliada-de-paula-da-pindoba-em-paco-do-lumiar-assina-impeachment-contra-lula\\\/#article\",\"isPartOf\":{\"@id\":\"https:\\\/\\\/maranhaotv.com.br\\\/index.php\\\/2024\\\/02\\\/20\\\/deputada-federal-aliada-de-paula-da-pindoba-em-paco-do-lumiar-assina-impeachment-contra-lula\\\/\"},\"author\":{\"name\":\"maranhaotv\",\"@id\":\"https:\\\/\\\/maranhaotv.com.br\\\/#\\\/schema\\\/person\\\/3d54238e86b20bb5c89ab2fdb8f8829a\"},\"headline\":\"Deputada federal aliada de Paula da Pindoba em Pa\u00e7o do Lumiar assina impeachment contra Lula\",\"datePublished\":\"2024-02-20T12:26:21+00:00\",\"mainEntityOfPage\":{\"@id\":\"https:\\\/\\\/maranhaotv.com.br\\\/index.php\\\/2024\\\/02\\\/20\\\/deputada-federal-aliada-de-paula-da-pindoba-em-paco-do-lumiar-assina-impeachment-contra-lula\\\/\"},\"wordCount\":138,\"commentCount\":0,\"publisher\":{\"@id\":\"https:\\\/\\\/maranhaotv.com.br\\\/#organization\"},\"image\":{\"@id\":\"https:\\\/\\\/maranhaotv.com.br\\\/index.php\\\/2024\\\/02\\\/20\\\/deputada-federal-aliada-de-paula-da-pindoba-em-paco-do-lumiar-assina-impeachment-contra-lula\\\/#primaryimage\"},\"thumbnailUrl\":\"\",\"keywords\":[\"Paula Azevedo\"],\"articleSection\":[\"pol\u00edtica\"],\"inLanguage\":\"pt-BR\",\"potentialAction\":[{\"@type\":\"CommentAction\",\"name\":\"Comment\",\"target\":[\"https:\\\/\\\/maranhaotv.com.br\\\/index.php\\\/2024\\\/02\\\/20\\\/deputada-federal-aliada-de-paula-da-pindoba-em-paco-do-lumiar-assina-impeachment-contra-lula\\\/#respond\"]}]},{\"@type\":\"WebPage\",\"@id\":\"https:\\\/\\\/maranhaotv.com.br\\\/index.php\\\/2024\\\/02\\\/20\\\/deputada-federal-aliada-de-paula-da-pindoba-em-paco-do-lumiar-assina-impeachment-contra-lula\\\/\",\"url\":\"https:\\\/\\\/maranhaotv.com.br\\\/index.php\\\/2024\\\/02\\\/20\\\/deputada-federal-aliada-de-paula-da-pindoba-em-paco-do-lumiar-assina-impeachment-contra-lula\\\/\",\"name\":\"Deputada federal aliada de Paula da Pindoba em Pa\u00e7o do Lumiar assina impeachment contra Lula - NOT\u00cdCIAS EM TEMPO REAL\",\"isPartOf\":{\"@id\":\"https:\\\/\\\/maranhaotv.com.br\\\/#website\"},\"primaryImageOfPage\":{\"@id\":\"https:\\\/\\\/maranhaotv.com.br\\\/index.php\\\/2024\\\/02\\\/20\\\/deputada-federal-aliada-de-paula-da-pindoba-em-paco-do-lumiar-assina-impeachment-contra-lula\\\/#primaryimage\"},\"image\":{\"@id\":\"https:\\\/\\\/maranhaotv.com.br\\\/index.php\\\/2024\\\/02\\\/20\\\/deputada-federal-aliada-de-paula-da-pindoba-em-paco-do-lumiar-assina-impeachment-contra-lula\\\/#primaryimage\"},\"thumbnailUrl\":\"\",\"datePublished\":\"2024-02-20T12:26:21+00:00\",\"breadcrumb\":{\"@id\":\"https:\\\/\\\/maranhaotv.com.br\\\/index.php\\\/2024\\\/02\\\/20\\\/deputada-federal-aliada-de-paula-da-pindoba-em-paco-do-lumiar-assina-impeachment-contra-lula\\\/#breadcrumb\"},\"inLanguage\":\"pt-BR\",\"potentialAction\":[{\"@type\":\"ReadAction\",\"target\":[\"https:\\\/\\\/maranhaotv.com.br\\\/index.php\\\/2024\\\/02\\\/20\\\/deputada-federal-aliada-de-paula-da-pindoba-em-paco-do-lumiar-assina-impeachment-contra-lula\\\/\"]}]},{\"@type\":\"ImageObject\",\"inLanguage\":\"pt-BR\",\"@id\":\"https:\\\/\\\/maranhaotv.com.br\\\/index.php\\\/2024\\\/02\\\/20\\\/deputada-federal-aliada-de-paula-da-pindoba-em-paco-do-lumiar-assina-impeachment-contra-lula\\\/#primaryimage\",\"url\":\"\",\"contentUrl\":\"\"},{\"@type\":\"BreadcrumbList\",\"@id\":\"https:\\\/\\\/maranhaotv.com.br\\\/index.php\\\/2024\\\/02\\\/20\\\/deputada-federal-aliada-de-paula-da-pindoba-em-paco-do-lumiar-assina-impeachment-contra-lula\\\/#breadcrumb\",\"itemListElement\":[{\"@type\":\"ListItem\",\"position\":1,\"name\":\"In\u00edcio\",\"item\":\"https:\\\/\\\/maranhaotv.com.br\\\/\"},{\"@type\":\"ListItem\",\"position\":2,\"name\":\"Deputada federal aliada de Paula da Pindoba em Pa\u00e7o do Lumiar assina impeachment contra Lula\"}]},{\"@type\":\"WebSite\",\"@id\":\"https:\\\/\\\/maranhaotv.com.br\\\/#website\",\"url\":\"https:\\\/\\\/maranhaotv.com.br\\\/\",\"name\":\"Maranh\u00e3oTV\",\"description\":\"\",\"publisher\":{\"@id\":\"https:\\\/\\\/maranhaotv.com.br\\\/#organization\"},\"potentialAction\":[{\"@type\":\"SearchAction\",\"target\":{\"@type\":\"EntryPoint\",\"urlTemplate\":\"https:\\\/\\\/maranhaotv.com.br\\\/?s={search_term_string}\"},\"query-input\":{\"@type\":\"PropertyValueSpecification\",\"valueRequired\":true,\"valueName\":\"search_term_string\"}}],\"inLanguage\":\"pt-BR\"},{\"@type\":\"Organization\",\"@id\":\"https:\\\/\\\/maranhaotv.com.br\\\/#organization\",\"name\":\"Portal de Not\u00edcias\",\"url\":\"https:\\\/\\\/maranhaotv.com.br\\\/\",\"logo\":{\"@type\":\"ImageObject\",\"inLanguage\":\"pt-BR\",\"@id\":\"https:\\\/\\\/maranhaotv.com.br\\\/#\\\/schema\\\/logo\\\/image\\\/\",\"url\":\"https:\\\/\\\/maranhaotv.com.br\\\/wp-content\\\/uploads\\\/2024\\\/05\\\/cropped-cropped-avatar-1.png\",\"contentUrl\":\"https:\\\/\\\/maranhaotv.com.br\\\/wp-content\\\/uploads\\\/2024\\\/05\\\/cropped-cropped-avatar-1.png\",\"width\":792,\"height\":428,\"caption\":\"Portal de Not\u00edcias\"},\"image\":{\"@id\":\"https:\\\/\\\/maranhaotv.com.br\\\/#\\\/schema\\\/logo\\\/image\\\/\"},\"sameAs\":[\"https:\\\/\\\/www.facebook.com\\\/maiobaotv\",\"https:\\\/\\\/x.com\\\/sitemaranhaotv\",\"https:\\\/\\\/www.instagram.com\\\/maranhao.tv\",\"https:\\\/\\\/www.threads.net\\\/@maranhao.tv\"]},{\"@type\":\"Person\",\"@id\":\"https:\\\/\\\/maranhaotv.com.br\\\/#\\\/schema\\\/person\\\/3d54238e86b20bb5c89ab2fdb8f8829a\",\"name\":\"maranhaotv\",\"image\":{\"@type\":\"ImageObject\",\"inLanguage\":\"pt-BR\",\"@id\":\"https:\\\/\\\/secure.gravatar.com\\\/avatar\\\/8fadbca458d4cb68b1dd399ae9a40618d747bb1af65ac9fad21c89220a143eb4?s=96&d=mm&r=g\",\"url\":\"https:\\\/\\\/secure.gravatar.com\\\/avatar\\\/8fadbca458d4cb68b1dd399ae9a40618d747bb1af65ac9fad21c89220a143eb4?s=96&d=mm&r=g\",\"contentUrl\":\"https:\\\/\\\/secure.gravatar.com\\\/avatar\\\/8fadbca458d4cb68b1dd399ae9a40618d747bb1af65ac9fad21c89220a143eb4?s=96&d=mm&r=g\",\"caption\":\"maranhaotv\"},\"sameAs\":[\"https:\\\/\\\/maranhaotv.com.br\\\/\"],\"url\":\"https:\\\/\\\/maranhaotv.com.br\\\/index.php\\\/author\\\/maranhaotv\\\/\"}]}<\/script>\n<!-- \/ Yoast SEO plugin. -->","yoast_head_json":{"title":"Deputada federal aliada de Paula da Pindoba em Pa\u00e7o do Lumiar assina impeachment contra Lula - NOT\u00cdCIAS EM TEMPO REAL","robots":{"index":"index","follow":"follow","max-snippet":"max-snippet:-1","max-image-preview":"max-image-preview:large","max-video-preview":"max-video-preview:-1"},"canonical":"https:\/\/maranhaotv.com.br\/index.php\/2024\/02\/20\/deputada-federal-aliada-de-paula-da-pindoba-em-paco-do-lumiar-assina-impeachment-contra-lula\/","og_locale":"pt_BR","og_type":"article","og_title":"Deputada federal aliada de Paula da Pindoba em Pa\u00e7o do Lumiar assina impeachment contra Lula - NOT\u00cdCIAS EM TEMPO REAL","og_description":"Deputada federal bolsonarista que veio ao bairro Maiob\u00e3o para evento de lan\u00e7amento da pr\u00e9-candidatura a prefeito de aliado de Paula","og_url":"https:\/\/maranhaotv.com.br\/index.php\/2024\/02\/20\/deputada-federal-aliada-de-paula-da-pindoba-em-paco-do-lumiar-assina-impeachment-contra-lula\/","og_site_name":"NOT\u00cdCIAS EM TEMPO REAL","article_publisher":"https:\/\/www.facebook.com\/maiobaotv","article_published_time":"2024-02-20T12:26:21+00:00","author":"maranhaotv","twitter_card":"summary_large_image","twitter_creator":"@sitemaranhaotv","twitter_site":"@sitemaranhaotv","twitter_misc":{"Escrito por":"maranhaotv","Est. tempo de leitura":"1 minuto"},"schema":{"@context":"https:\/\/schema.org","@graph":[{"@type":"Article","@id":"https:\/\/maranhaotv.com.br\/index.php\/2024\/02\/20\/deputada-federal-aliada-de-paula-da-pindoba-em-paco-do-lumiar-assina-impeachment-contra-lula\/#article","isPartOf":{"@id":"https:\/\/maranhaotv.com.br\/index.php\/2024\/02\/20\/deputada-federal-aliada-de-paula-da-pindoba-em-paco-do-lumiar-assina-impeachment-contra-lula\/"},"author":{"name":"maranhaotv","@id":"https:\/\/maranhaotv.com.br\/#\/schema\/person\/3d54238e86b20bb5c89ab2fdb8f8829a"},"headline":"Deputada federal aliada de Paula da Pindoba em Pa\u00e7o do Lumiar assina impeachment contra Lula","datePublished":"2024-02-20T12:26:21+00:00","mainEntityOfPage":{"@id":"https:\/\/maranhaotv.com.br\/index.php\/2024\/02\/20\/deputada-federal-aliada-de-paula-da-pindoba-em-paco-do-lumiar-assina-impeachment-contra-lula\/"},"wordCount":138,"commentCount":0,"publisher":{"@id":"https:\/\/maranhaotv.com.br\/#organization"},"image":{"@id":"https:\/\/maranhaotv.com.br\/index.php\/2024\/02\/20\/deputada-federal-aliada-de-paula-da-pindoba-em-paco-do-lumiar-assina-impeachment-contra-lula\/#primaryimage"},"thumbnailUrl":"","keywords":["Paula Azevedo"],"articleSection":["pol\u00edtica"],"inLanguage":"pt-BR","potentialAction":[{"@type":"CommentAction","name":"Comment","target":["https:\/\/maranhaotv.com.br\/index.php\/2024\/02\/20\/deputada-federal-aliada-de-paula-da-pindoba-em-paco-do-lumiar-assina-impeachment-contra-lula\/#respond"]}]},{"@type":"WebPage","@id":"https:\/\/maranhaotv.com.br\/index.php\/2024\/02\/20\/deputada-federal-aliada-de-paula-da-pindoba-em-paco-do-lumiar-assina-impeachment-contra-lula\/","url":"https:\/\/maranhaotv.com.br\/index.php\/2024\/02\/20\/deputada-federal-aliada-de-paula-da-pindoba-em-paco-do-lumiar-assina-impeachment-contra-lula\/","name":"Deputada federal aliada de Paula da Pindoba em Pa\u00e7o do Lumiar assina impeachment contra Lula - NOT\u00cdCIAS EM TEMPO REAL","isPartOf":{"@id":"https:\/\/maranhaotv.com.br\/#website"},"primaryImageOfPage":{"@id":"https:\/\/maranhaotv.com.br\/index.php\/2024\/02\/20\/deputada-federal-aliada-de-paula-da-pindoba-em-paco-do-lumiar-assina-impeachment-contra-lula\/#primaryimage"},"image":{"@id":"https:\/\/maranhaotv.com.br\/index.php\/2024\/02\/20\/deputada-federal-aliada-de-paula-da-pindoba-em-paco-do-lumiar-assina-impeachment-contra-lula\/#primaryimage"},"thumbnailUrl":"","datePublished":"2024-02-20T12:26:21+00:00","breadcrumb":{"@id":"https:\/\/maranhaotv.com.br\/index.php\/2024\/02\/20\/deputada-federal-aliada-de-paula-da-pindoba-em-paco-do-lumiar-assina-impeachment-contra-lula\/#breadcrumb"},"inLanguage":"pt-BR","potentialAction":[{"@type":"ReadAction","target":["https:\/\/maranhaotv.com.br\/index.php\/2024\/02\/20\/deputada-federal-aliada-de-paula-da-pindoba-em-paco-do-lumiar-assina-impeachment-contra-lula\/"]}]},{"@type":"ImageObject","inLanguage":"pt-BR","@id":"https:\/\/maranhaotv.com.br\/index.php\/2024\/02\/20\/deputada-federal-aliada-de-paula-da-pindoba-em-paco-do-lumiar-assina-impeachment-contra-lula\/#primaryimage","url":"","contentUrl":""},{"@type":"BreadcrumbList","@id":"https:\/\/maranhaotv.com.br\/index.php\/2024\/02\/20\/deputada-federal-aliada-de-paula-da-pindoba-em-paco-do-lumiar-assina-impeachment-contra-lula\/#breadcrumb","itemListElement":[{"@type":"ListItem","position":1,"name":"In\u00edcio","item":"https:\/\/maranhaotv.com.br\/"},{"@type":"ListItem","position":2,"name":"Deputada federal aliada de Paula da Pindoba em Pa\u00e7o do Lumiar assina impeachment contra Lula"}]},{"@type":"WebSite","@id":"https:\/\/maranhaotv.com.br\/#website","url":"https:\/\/maranhaotv.com.br\/","name":"Maranh\u00e3oTV","description":"","publisher":{"@id":"https:\/\/maranhaotv.com.br\/#organization"},"potentialAction":[{"@type":"SearchAction","target":{"@type":"EntryPoint","urlTemplate":"https:\/\/maranhaotv.com.br\/?s={search_term_string}"},"query-input":{"@type":"PropertyValueSpecification","valueRequired":true,"valueName":"search_term_string"}}],"inLanguage":"pt-BR"},{"@type":"Organization","@id":"https:\/\/maranhaotv.com.br\/#organization","name":"Portal de Not\u00edcias","url":"https:\/\/maranhaotv.com.br\/","logo":{"@type":"ImageObject","inLanguage":"pt-BR","@id":"https:\/\/maranhaotv.com.br\/#\/schema\/logo\/image\/","url":"https:\/\/maranhaotv.com.br\/wp-content\/uploads\/2024\/05\/cropped-cropped-avatar-1.png","contentUrl":"https:\/\/maranhaotv.com.br\/wp-content\/uploads\/2024\/05\/cropped-cropped-avatar-1.png","width":792,"height":428,"caption":"Portal de Not\u00edcias"},"image":{"@id":"https:\/\/maranhaotv.com.br\/#\/schema\/logo\/image\/"},"sameAs":["https:\/\/www.facebook.com\/maiobaotv","https:\/\/x.com\/sitemaranhaotv","https:\/\/www.instagram.com\/maranhao.tv","https:\/\/www.threads.net\/@maranhao.tv"]},{"@type":"Person","@id":"https:\/\/maranhaotv.com.br\/#\/schema\/person\/3d54238e86b20bb5c89ab2fdb8f8829a","name":"maranhaotv","image":{"@type":"ImageObject","inLanguage":"pt-BR","@id":"https:\/\/secure.gravatar.com\/avatar\/8fadbca458d4cb68b1dd399ae9a40618d747bb1af65ac9fad21c89220a143eb4?s=96&d=mm&r=g","url":"https:\/\/secure.gravatar.com\/avatar\/8fadbca458d4cb68b1dd399ae9a40618d747bb1af65ac9fad21c89220a143eb4?s=96&d=mm&r=g","contentUrl":"https:\/\/secure.gravatar.com\/avatar\/8fadbca458d4cb68b1dd399ae9a40618d747bb1af65ac9fad21c89220a143eb4?s=96&d=mm&r=g","caption":"maranhaotv"},"sameAs":["https:\/\/maranhaotv.com.br\/"],"url":"https:\/\/maranhaotv.com.br\/index.php\/author\/maranhaotv\/"}]}},"jetpack_featured_media_url":"","jetpack_sharing_enabled":true,"_links":{"self":[{"href":"https:\/\/maranhaotv.com.br\/index.php\/wp-json\/wp\/v2\/posts\/34781","targetHints":{"allow":["GET"]}}],"collection":[{"href":"https:\/\/maranhaotv.com.br\/index.php\/wp-json\/wp\/v2\/posts"}],"about":[{"href":"https:\/\/maranhaotv.com.br\/index.php\/wp-json\/wp\/v2\/types\/post"}],"author":[{"embeddable":true,"href":"https:\/\/maranhaotv.com.br\/index.php\/wp-json\/wp\/v2\/users\/2"}],"replies":[{"embeddable":true,"href":"https:\/\/maranhaotv.com.br\/index.php\/wp-json\/wp\/v2\/comments?post=34781"}],"version-history":[{"count":0,"href":"https:\/\/maranhaotv.com.br\/index.php\/wp-json\/wp\/v2\/posts\/34781\/revisions"}],"wp:featuredmedia":[{"embeddable":true,"href":"https:\/\/maranhaotv.com.br\/index.php\/wp-json\/"}],"wp:attachment":[{"href":"https:\/\/maranhaotv.com.br\/index.php\/wp-json\/wp\/v2\/media?parent=34781"}],"wp:term":[{"taxonomy":"category","embeddable":true,"href":"https:\/\/maranhaotv.com.br\/index.php\/wp-json\/wp\/v2\/categories?post=34781"},{"taxonomy":"post_tag","embeddable":true,"href":"https:\/\/maranhaotv.com.br\/index.php\/wp-json\/wp\/v2\/tags?post=34781"}],"curies":[{"name":"wp","href":"https:\/\/api.w.org\/{rel}","templated":true}]}}