{"id":34788,"date":"2024-02-20T11:02:28","date_gmt":"2024-02-20T14:02:28","guid":{"rendered":"https:\/\/maranhaotv.com.br\/?p=34788"},"modified":"2024-02-20T11:02:28","modified_gmt":"2024-02-20T14:02:28","slug":"novo-presidente-da-amda-eduardo-alcoforado-assume-o-cargo-com-compromisso-de-renovacao-e-transparencia","status":"publish","type":"post","link":"https:\/\/maranhaotv.com.br\/index.php\/2024\/02\/20\/novo-presidente-da-amda-eduardo-alcoforado-assume-o-cargo-com-compromisso-de-renovacao-e-transparencia\/","title":{"rendered":"Novo Presidente da AMDA, Eduardo Alcoforado, assume o cargo com compromisso de renova\u00e7\u00e3o e transpar\u00eancia"},"content":{"rendered":"\n<p><br> <br>S\u00e3o Lu\u00eds, Maranh\u00e3o &#8211; Eduardo Alcoforado, renomado empres\u00e1rio maranhense e ex-executivo comercial da Ambev, assume a presid\u00eancia da Associa\u00e7\u00e3o Maranhense de Distribuidores e Atacadistas (AMDA) com a promessa de liderar uma gest\u00e3o marcada pela renova\u00e7\u00e3o e transpar\u00eancia em busca de pautas importantes para o setor. A cerim\u00f4nia de posse da nova diretoria est\u00e1 marcada para hoje (20), \u00e0s 19h, na FECOMERCIO, e promete ser um marco para o setor. <br> <br>Com mais de 20 anos de experi\u00eancia no segmento distribuidor e uma s\u00f3lida trajet\u00f3ria como executivo comercial e empres\u00e1rio, Eduardo traz consigo uma vis\u00e3o inovadora e um compromisso firme com o progresso do setor distribuidor e atacadista no estado. Sua elei\u00e7\u00e3o para a presid\u00eancia, juntamente com uma nova diretoria composta por mais de 14 membros, todos empres\u00e1rios bem-sucedidos do setor, reflete o desejo de renova\u00e7\u00e3o e fortalecimento do associativismo. <br> <br><em><strong>&#8220;Estamos comprometidos em tornar a AMDA uma entidade relevante perante o estado e a sociedade&#8221;, afirmou Alcoforado. &#8220;Nossa gest\u00e3o ser\u00e1 pautada pela transpar\u00eancia e pela busca constante por melhores condi\u00e7\u00f5es para as empresas do setor proporcionando desenvolvimento econ\u00f4mico para nosso estado. \u201d<\/strong><\/em> <br> <br>Dentre as prioridades da nova gest\u00e3o, destacam-se a melhoria na al\u00edquota de cr\u00e9dito do ICMS de forma que possa gerar mais competitividade interna para empresas do setor, busca por um assento no Conselho Econ\u00f4mico do Governo do Maranh\u00e3o (CEMA), a cria\u00e7\u00e3o de um Distrito Atacadista com infraestrutura adequada dentro da grande Ilha de S\u00e3o Lu\u00eds, dentre outras. <br> <br><em><strong>&#8220;Acreditamos que \u00e9 fundamental que os empres\u00e1rios se unam em busca do bem comum, especialmente em tempos de grandes desafios de inova\u00e7\u00f5es tecnol\u00f3gicas e econ\u00f4micas que os mercados passam&#8221;, ressaltou Alcoforado. &#8220;\u00c9 hora de assumirmos um papel protagonista no crescimento econ\u00f4mico do Maranh\u00e3o.\u201d <\/strong><\/em><br><em><strong> <\/strong><\/em><br>A cerim\u00f4nia de posse da nova diretoria da AMDA promete reunir autoridades, empres\u00e1rios e representantes da sociedade civil, destacando a import\u00e2ncia do setor que responde por mais de 52% do movimento do varejo. Este n\u00e3o ser\u00e1 apenas mais um evento, mas sim uma demonstra\u00e7\u00e3o do compromisso dos empres\u00e1rios em contribuir para o desenvolvimento econ\u00f4mico e social do estado. <br> <br>Para mais informa\u00e7\u00f5es sobre a cerim\u00f4nia de posse e as iniciativas da nova gest\u00e3o da AMDA, acompanhe nas redes sociais @amda_maranhao, entre em contato pelo telefone (98) 3210 &#8211; 3634 ou pelo e-mail amda@amda-ma.coom.br <\/p>\n","protected":false},"excerpt":{"rendered":"<p>S\u00e3o Lu\u00eds, Maranh\u00e3o &#8211; Eduardo Alcoforado, renomado empres\u00e1rio maranhense e ex-executivo comercial da Ambev, assume a presid\u00eancia da Associa\u00e7\u00e3o Maranhense<\/p>\n","protected":false},"author":2,"featured_media":34787,"comment_status":"open","ping_status":"open","sticky":false,"template":"","format":"standard","meta":{"colormag_page_container_layout":"default_layout","colormag_page_sidebar_layout":"default_layout","_jetpack_memberships_contains_paid_content":false,"footnotes":""},"categories":[2],"tags":[],"class_list":["post-34788","post","type-post","status-publish","format-standard","has-post-thumbnail","hentry","category-noticias"],"magazineBlocksPostFeaturedMedia":{"thumbnail":false,"medium":false,"medium_large":false,"large":false,"1536x1536":false,"2048x2048":false,"colormag-highlighted-post":false,"colormag-featured-post-medium":false,"colormag-featured-post-small":false,"colormag-featured-image":false,"colormag-default-news":false,"colormag-featured-image-large":false},"magazineBlocksPostAuthor":{"name":"maranhaotv","avatar":"https:\/\/secure.gravatar.com\/avatar\/8fadbca458d4cb68b1dd399ae9a40618d747bb1af65ac9fad21c89220a143eb4?s=96&d=mm&r=g"},"magazineBlocksPostCommentsNumber":"0","magazineBlocksPostExcerpt":"S\u00e3o Lu\u00eds, Maranh\u00e3o &#8211; Eduardo Alcoforado, renomado empres\u00e1rio maranhense e ex-executivo comercial da Ambev, assume a presid\u00eancia da Associa\u00e7\u00e3o Maranhense","magazineBlocksPostCategories":["not\u00edcias"],"magazineBlocksPostViewCount":198,"magazineBlocksPostReadTime":3,"magazine_blocks_featured_image_url":{"full":false,"medium":false,"thumbnail":false},"magazine_blocks_author":{"display_name":"maranhaotv","author_link":"https:\/\/maranhaotv.com.br\/index.php\/author\/maranhaotv\/"},"magazine_blocks_comment":0,"magazine_blocks_author_image":"https:\/\/secure.gravatar.com\/avatar\/8fadbca458d4cb68b1dd399ae9a40618d747bb1af65ac9fad21c89220a143eb4?s=96&d=mm&r=g","magazine_blocks_category":"<a href=\"#\" class=\"category-link category-link-2\">not\u00edcias<\/a>","yoast_head":"<!-- This site is optimized with the Yoast SEO plugin v27.4 - https:\/\/yoast.com\/product\/yoast-seo-wordpress\/ -->\n<title>Novo Presidente da AMDA, Eduardo Alcoforado, assume o cargo com compromisso de renova\u00e7\u00e3o e transpar\u00eancia - NOT\u00cdCIAS EM TEMPO REAL<\/title>\n<meta name=\"robots\" content=\"index, follow, max-snippet:-1, max-image-preview:large, max-video-preview:-1\" \/>\n<link rel=\"canonical\" href=\"https:\/\/maranhaotv.com.br\/index.php\/2024\/02\/20\/novo-presidente-da-amda-eduardo-alcoforado-assume-o-cargo-com-compromisso-de-renovacao-e-transparencia\/\" \/>\n<meta property=\"og:locale\" content=\"pt_BR\" \/>\n<meta property=\"og:type\" content=\"article\" \/>\n<meta property=\"og:title\" content=\"Novo Presidente da AMDA, Eduardo Alcoforado, assume o cargo com compromisso de renova\u00e7\u00e3o e transpar\u00eancia - NOT\u00cdCIAS EM TEMPO REAL\" \/>\n<meta property=\"og:description\" content=\"S\u00e3o Lu\u00eds, Maranh\u00e3o &#8211; Eduardo Alcoforado, renomado empres\u00e1rio maranhense e ex-executivo comercial da Ambev, assume a presid\u00eancia da Associa\u00e7\u00e3o Maranhense\" \/>\n<meta property=\"og:url\" content=\"https:\/\/maranhaotv.com.br\/index.php\/2024\/02\/20\/novo-presidente-da-amda-eduardo-alcoforado-assume-o-cargo-com-compromisso-de-renovacao-e-transparencia\/\" \/>\n<meta property=\"og:site_name\" content=\"NOT\u00cdCIAS EM TEMPO REAL\" \/>\n<meta property=\"article:publisher\" content=\"https:\/\/www.facebook.com\/maiobaotv\" \/>\n<meta property=\"article:published_time\" content=\"2024-02-20T14:02:28+00:00\" \/>\n<meta name=\"author\" content=\"maranhaotv\" \/>\n<meta name=\"twitter:card\" content=\"summary_large_image\" \/>\n<meta name=\"twitter:creator\" content=\"@sitemaranhaotv\" \/>\n<meta name=\"twitter:site\" content=\"@sitemaranhaotv\" \/>\n<meta name=\"twitter:label1\" content=\"Escrito por\" \/>\n\t<meta name=\"twitter:data1\" content=\"maranhaotv\" \/>\n\t<meta name=\"twitter:label2\" content=\"Est. tempo de leitura\" \/>\n\t<meta name=\"twitter:data2\" content=\"2 minutos\" \/>\n<script type=\"application\/ld+json\" class=\"yoast-schema-graph\">{\"@context\":\"https:\\\/\\\/schema.org\",\"@graph\":[{\"@type\":\"Article\",\"@id\":\"https:\\\/\\\/maranhaotv.com.br\\\/index.php\\\/2024\\\/02\\\/20\\\/novo-presidente-da-amda-eduardo-alcoforado-assume-o-cargo-com-compromisso-de-renovacao-e-transparencia\\\/#article\",\"isPartOf\":{\"@id\":\"https:\\\/\\\/maranhaotv.com.br\\\/index.php\\\/2024\\\/02\\\/20\\\/novo-presidente-da-amda-eduardo-alcoforado-assume-o-cargo-com-compromisso-de-renovacao-e-transparencia\\\/\"},\"author\":{\"name\":\"maranhaotv\",\"@id\":\"https:\\\/\\\/maranhaotv.com.br\\\/#\\\/schema\\\/person\\\/3d54238e86b20bb5c89ab2fdb8f8829a\"},\"headline\":\"Novo Presidente da AMDA, Eduardo Alcoforado, assume o cargo com compromisso de renova\u00e7\u00e3o e transpar\u00eancia\",\"datePublished\":\"2024-02-20T14:02:28+00:00\",\"mainEntityOfPage\":{\"@id\":\"https:\\\/\\\/maranhaotv.com.br\\\/index.php\\\/2024\\\/02\\\/20\\\/novo-presidente-da-amda-eduardo-alcoforado-assume-o-cargo-com-compromisso-de-renovacao-e-transparencia\\\/\"},\"wordCount\":430,\"commentCount\":0,\"publisher\":{\"@id\":\"https:\\\/\\\/maranhaotv.com.br\\\/#organization\"},\"image\":{\"@id\":\"https:\\\/\\\/maranhaotv.com.br\\\/index.php\\\/2024\\\/02\\\/20\\\/novo-presidente-da-amda-eduardo-alcoforado-assume-o-cargo-com-compromisso-de-renovacao-e-transparencia\\\/#primaryimage\"},\"thumbnailUrl\":\"\",\"articleSection\":[\"not\u00edcias\"],\"inLanguage\":\"pt-BR\",\"potentialAction\":[{\"@type\":\"CommentAction\",\"name\":\"Comment\",\"target\":[\"https:\\\/\\\/maranhaotv.com.br\\\/index.php\\\/2024\\\/02\\\/20\\\/novo-presidente-da-amda-eduardo-alcoforado-assume-o-cargo-com-compromisso-de-renovacao-e-transparencia\\\/#respond\"]}]},{\"@type\":\"WebPage\",\"@id\":\"https:\\\/\\\/maranhaotv.com.br\\\/index.php\\\/2024\\\/02\\\/20\\\/novo-presidente-da-amda-eduardo-alcoforado-assume-o-cargo-com-compromisso-de-renovacao-e-transparencia\\\/\",\"url\":\"https:\\\/\\\/maranhaotv.com.br\\\/index.php\\\/2024\\\/02\\\/20\\\/novo-presidente-da-amda-eduardo-alcoforado-assume-o-cargo-com-compromisso-de-renovacao-e-transparencia\\\/\",\"name\":\"Novo Presidente da AMDA, Eduardo Alcoforado, assume o cargo com compromisso de renova\u00e7\u00e3o e transpar\u00eancia - NOT\u00cdCIAS EM TEMPO REAL\",\"isPartOf\":{\"@id\":\"https:\\\/\\\/maranhaotv.com.br\\\/#website\"},\"primaryImageOfPage\":{\"@id\":\"https:\\\/\\\/maranhaotv.com.br\\\/index.php\\\/2024\\\/02\\\/20\\\/novo-presidente-da-amda-eduardo-alcoforado-assume-o-cargo-com-compromisso-de-renovacao-e-transparencia\\\/#primaryimage\"},\"image\":{\"@id\":\"https:\\\/\\\/maranhaotv.com.br\\\/index.php\\\/2024\\\/02\\\/20\\\/novo-presidente-da-amda-eduardo-alcoforado-assume-o-cargo-com-compromisso-de-renovacao-e-transparencia\\\/#primaryimage\"},\"thumbnailUrl\":\"\",\"datePublished\":\"2024-02-20T14:02:28+00:00\",\"breadcrumb\":{\"@id\":\"https:\\\/\\\/maranhaotv.com.br\\\/index.php\\\/2024\\\/02\\\/20\\\/novo-presidente-da-amda-eduardo-alcoforado-assume-o-cargo-com-compromisso-de-renovacao-e-transparencia\\\/#breadcrumb\"},\"inLanguage\":\"pt-BR\",\"potentialAction\":[{\"@type\":\"ReadAction\",\"target\":[\"https:\\\/\\\/maranhaotv.com.br\\\/index.php\\\/2024\\\/02\\\/20\\\/novo-presidente-da-amda-eduardo-alcoforado-assume-o-cargo-com-compromisso-de-renovacao-e-transparencia\\\/\"]}]},{\"@type\":\"ImageObject\",\"inLanguage\":\"pt-BR\",\"@id\":\"https:\\\/\\\/maranhaotv.com.br\\\/index.php\\\/2024\\\/02\\\/20\\\/novo-presidente-da-amda-eduardo-alcoforado-assume-o-cargo-com-compromisso-de-renovacao-e-transparencia\\\/#primaryimage\",\"url\":\"\",\"contentUrl\":\"\"},{\"@type\":\"BreadcrumbList\",\"@id\":\"https:\\\/\\\/maranhaotv.com.br\\\/index.php\\\/2024\\\/02\\\/20\\\/novo-presidente-da-amda-eduardo-alcoforado-assume-o-cargo-com-compromisso-de-renovacao-e-transparencia\\\/#breadcrumb\",\"itemListElement\":[{\"@type\":\"ListItem\",\"position\":1,\"name\":\"In\u00edcio\",\"item\":\"https:\\\/\\\/maranhaotv.com.br\\\/\"},{\"@type\":\"ListItem\",\"position\":2,\"name\":\"Novo Presidente da AMDA, Eduardo Alcoforado, assume o cargo com compromisso de renova\u00e7\u00e3o e transpar\u00eancia\"}]},{\"@type\":\"WebSite\",\"@id\":\"https:\\\/\\\/maranhaotv.com.br\\\/#website\",\"url\":\"https:\\\/\\\/maranhaotv.com.br\\\/\",\"name\":\"Maranh\u00e3oTV\",\"description\":\"\",\"publisher\":{\"@id\":\"https:\\\/\\\/maranhaotv.com.br\\\/#organization\"},\"potentialAction\":[{\"@type\":\"SearchAction\",\"target\":{\"@type\":\"EntryPoint\",\"urlTemplate\":\"https:\\\/\\\/maranhaotv.com.br\\\/?s={search_term_string}\"},\"query-input\":{\"@type\":\"PropertyValueSpecification\",\"valueRequired\":true,\"valueName\":\"search_term_string\"}}],\"inLanguage\":\"pt-BR\"},{\"@type\":\"Organization\",\"@id\":\"https:\\\/\\\/maranhaotv.com.br\\\/#organization\",\"name\":\"Portal de Not\u00edcias\",\"url\":\"https:\\\/\\\/maranhaotv.com.br\\\/\",\"logo\":{\"@type\":\"ImageObject\",\"inLanguage\":\"pt-BR\",\"@id\":\"https:\\\/\\\/maranhaotv.com.br\\\/#\\\/schema\\\/logo\\\/image\\\/\",\"url\":\"https:\\\/\\\/maranhaotv.com.br\\\/wp-content\\\/uploads\\\/2024\\\/05\\\/cropped-cropped-avatar-1.png\",\"contentUrl\":\"https:\\\/\\\/maranhaotv.com.br\\\/wp-content\\\/uploads\\\/2024\\\/05\\\/cropped-cropped-avatar-1.png\",\"width\":792,\"height\":428,\"caption\":\"Portal de Not\u00edcias\"},\"image\":{\"@id\":\"https:\\\/\\\/maranhaotv.com.br\\\/#\\\/schema\\\/logo\\\/image\\\/\"},\"sameAs\":[\"https:\\\/\\\/www.facebook.com\\\/maiobaotv\",\"https:\\\/\\\/x.com\\\/sitemaranhaotv\",\"https:\\\/\\\/www.instagram.com\\\/maranhao.tv\",\"https:\\\/\\\/www.threads.net\\\/@maranhao.tv\"]},{\"@type\":\"Person\",\"@id\":\"https:\\\/\\\/maranhaotv.com.br\\\/#\\\/schema\\\/person\\\/3d54238e86b20bb5c89ab2fdb8f8829a\",\"name\":\"maranhaotv\",\"image\":{\"@type\":\"ImageObject\",\"inLanguage\":\"pt-BR\",\"@id\":\"https:\\\/\\\/secure.gravatar.com\\\/avatar\\\/8fadbca458d4cb68b1dd399ae9a40618d747bb1af65ac9fad21c89220a143eb4?s=96&d=mm&r=g\",\"url\":\"https:\\\/\\\/secure.gravatar.com\\\/avatar\\\/8fadbca458d4cb68b1dd399ae9a40618d747bb1af65ac9fad21c89220a143eb4?s=96&d=mm&r=g\",\"contentUrl\":\"https:\\\/\\\/secure.gravatar.com\\\/avatar\\\/8fadbca458d4cb68b1dd399ae9a40618d747bb1af65ac9fad21c89220a143eb4?s=96&d=mm&r=g\",\"caption\":\"maranhaotv\"},\"sameAs\":[\"https:\\\/\\\/maranhaotv.com.br\\\/\"],\"url\":\"https:\\\/\\\/maranhaotv.com.br\\\/index.php\\\/author\\\/maranhaotv\\\/\"}]}<\/script>\n<!-- \/ Yoast SEO plugin. -->","yoast_head_json":{"title":"Novo Presidente da AMDA, Eduardo Alcoforado, assume o cargo com compromisso de renova\u00e7\u00e3o e transpar\u00eancia - NOT\u00cdCIAS EM TEMPO REAL","robots":{"index":"index","follow":"follow","max-snippet":"max-snippet:-1","max-image-preview":"max-image-preview:large","max-video-preview":"max-video-preview:-1"},"canonical":"https:\/\/maranhaotv.com.br\/index.php\/2024\/02\/20\/novo-presidente-da-amda-eduardo-alcoforado-assume-o-cargo-com-compromisso-de-renovacao-e-transparencia\/","og_locale":"pt_BR","og_type":"article","og_title":"Novo Presidente da AMDA, Eduardo Alcoforado, assume o cargo com compromisso de renova\u00e7\u00e3o e transpar\u00eancia - NOT\u00cdCIAS EM TEMPO REAL","og_description":"S\u00e3o Lu\u00eds, Maranh\u00e3o &#8211; Eduardo Alcoforado, renomado empres\u00e1rio maranhense e ex-executivo comercial da Ambev, assume a presid\u00eancia da Associa\u00e7\u00e3o Maranhense","og_url":"https:\/\/maranhaotv.com.br\/index.php\/2024\/02\/20\/novo-presidente-da-amda-eduardo-alcoforado-assume-o-cargo-com-compromisso-de-renovacao-e-transparencia\/","og_site_name":"NOT\u00cdCIAS EM TEMPO REAL","article_publisher":"https:\/\/www.facebook.com\/maiobaotv","article_published_time":"2024-02-20T14:02:28+00:00","author":"maranhaotv","twitter_card":"summary_large_image","twitter_creator":"@sitemaranhaotv","twitter_site":"@sitemaranhaotv","twitter_misc":{"Escrito por":"maranhaotv","Est. tempo de leitura":"2 minutos"},"schema":{"@context":"https:\/\/schema.org","@graph":[{"@type":"Article","@id":"https:\/\/maranhaotv.com.br\/index.php\/2024\/02\/20\/novo-presidente-da-amda-eduardo-alcoforado-assume-o-cargo-com-compromisso-de-renovacao-e-transparencia\/#article","isPartOf":{"@id":"https:\/\/maranhaotv.com.br\/index.php\/2024\/02\/20\/novo-presidente-da-amda-eduardo-alcoforado-assume-o-cargo-com-compromisso-de-renovacao-e-transparencia\/"},"author":{"name":"maranhaotv","@id":"https:\/\/maranhaotv.com.br\/#\/schema\/person\/3d54238e86b20bb5c89ab2fdb8f8829a"},"headline":"Novo Presidente da AMDA, Eduardo Alcoforado, assume o cargo com compromisso de renova\u00e7\u00e3o e transpar\u00eancia","datePublished":"2024-02-20T14:02:28+00:00","mainEntityOfPage":{"@id":"https:\/\/maranhaotv.com.br\/index.php\/2024\/02\/20\/novo-presidente-da-amda-eduardo-alcoforado-assume-o-cargo-com-compromisso-de-renovacao-e-transparencia\/"},"wordCount":430,"commentCount":0,"publisher":{"@id":"https:\/\/maranhaotv.com.br\/#organization"},"image":{"@id":"https:\/\/maranhaotv.com.br\/index.php\/2024\/02\/20\/novo-presidente-da-amda-eduardo-alcoforado-assume-o-cargo-com-compromisso-de-renovacao-e-transparencia\/#primaryimage"},"thumbnailUrl":"","articleSection":["not\u00edcias"],"inLanguage":"pt-BR","potentialAction":[{"@type":"CommentAction","name":"Comment","target":["https:\/\/maranhaotv.com.br\/index.php\/2024\/02\/20\/novo-presidente-da-amda-eduardo-alcoforado-assume-o-cargo-com-compromisso-de-renovacao-e-transparencia\/#respond"]}]},{"@type":"WebPage","@id":"https:\/\/maranhaotv.com.br\/index.php\/2024\/02\/20\/novo-presidente-da-amda-eduardo-alcoforado-assume-o-cargo-com-compromisso-de-renovacao-e-transparencia\/","url":"https:\/\/maranhaotv.com.br\/index.php\/2024\/02\/20\/novo-presidente-da-amda-eduardo-alcoforado-assume-o-cargo-com-compromisso-de-renovacao-e-transparencia\/","name":"Novo Presidente da AMDA, Eduardo Alcoforado, assume o cargo com compromisso de renova\u00e7\u00e3o e transpar\u00eancia - NOT\u00cdCIAS EM TEMPO REAL","isPartOf":{"@id":"https:\/\/maranhaotv.com.br\/#website"},"primaryImageOfPage":{"@id":"https:\/\/maranhaotv.com.br\/index.php\/2024\/02\/20\/novo-presidente-da-amda-eduardo-alcoforado-assume-o-cargo-com-compromisso-de-renovacao-e-transparencia\/#primaryimage"},"image":{"@id":"https:\/\/maranhaotv.com.br\/index.php\/2024\/02\/20\/novo-presidente-da-amda-eduardo-alcoforado-assume-o-cargo-com-compromisso-de-renovacao-e-transparencia\/#primaryimage"},"thumbnailUrl":"","datePublished":"2024-02-20T14:02:28+00:00","breadcrumb":{"@id":"https:\/\/maranhaotv.com.br\/index.php\/2024\/02\/20\/novo-presidente-da-amda-eduardo-alcoforado-assume-o-cargo-com-compromisso-de-renovacao-e-transparencia\/#breadcrumb"},"inLanguage":"pt-BR","potentialAction":[{"@type":"ReadAction","target":["https:\/\/maranhaotv.com.br\/index.php\/2024\/02\/20\/novo-presidente-da-amda-eduardo-alcoforado-assume-o-cargo-com-compromisso-de-renovacao-e-transparencia\/"]}]},{"@type":"ImageObject","inLanguage":"pt-BR","@id":"https:\/\/maranhaotv.com.br\/index.php\/2024\/02\/20\/novo-presidente-da-amda-eduardo-alcoforado-assume-o-cargo-com-compromisso-de-renovacao-e-transparencia\/#primaryimage","url":"","contentUrl":""},{"@type":"BreadcrumbList","@id":"https:\/\/maranhaotv.com.br\/index.php\/2024\/02\/20\/novo-presidente-da-amda-eduardo-alcoforado-assume-o-cargo-com-compromisso-de-renovacao-e-transparencia\/#breadcrumb","itemListElement":[{"@type":"ListItem","position":1,"name":"In\u00edcio","item":"https:\/\/maranhaotv.com.br\/"},{"@type":"ListItem","position":2,"name":"Novo Presidente da AMDA, Eduardo Alcoforado, assume o cargo com compromisso de renova\u00e7\u00e3o e transpar\u00eancia"}]},{"@type":"WebSite","@id":"https:\/\/maranhaotv.com.br\/#website","url":"https:\/\/maranhaotv.com.br\/","name":"Maranh\u00e3oTV","description":"","publisher":{"@id":"https:\/\/maranhaotv.com.br\/#organization"},"potentialAction":[{"@type":"SearchAction","target":{"@type":"EntryPoint","urlTemplate":"https:\/\/maranhaotv.com.br\/?s={search_term_string}"},"query-input":{"@type":"PropertyValueSpecification","valueRequired":true,"valueName":"search_term_string"}}],"inLanguage":"pt-BR"},{"@type":"Organization","@id":"https:\/\/maranhaotv.com.br\/#organization","name":"Portal de Not\u00edcias","url":"https:\/\/maranhaotv.com.br\/","logo":{"@type":"ImageObject","inLanguage":"pt-BR","@id":"https:\/\/maranhaotv.com.br\/#\/schema\/logo\/image\/","url":"https:\/\/maranhaotv.com.br\/wp-content\/uploads\/2024\/05\/cropped-cropped-avatar-1.png","contentUrl":"https:\/\/maranhaotv.com.br\/wp-content\/uploads\/2024\/05\/cropped-cropped-avatar-1.png","width":792,"height":428,"caption":"Portal de Not\u00edcias"},"image":{"@id":"https:\/\/maranhaotv.com.br\/#\/schema\/logo\/image\/"},"sameAs":["https:\/\/www.facebook.com\/maiobaotv","https:\/\/x.com\/sitemaranhaotv","https:\/\/www.instagram.com\/maranhao.tv","https:\/\/www.threads.net\/@maranhao.tv"]},{"@type":"Person","@id":"https:\/\/maranhaotv.com.br\/#\/schema\/person\/3d54238e86b20bb5c89ab2fdb8f8829a","name":"maranhaotv","image":{"@type":"ImageObject","inLanguage":"pt-BR","@id":"https:\/\/secure.gravatar.com\/avatar\/8fadbca458d4cb68b1dd399ae9a40618d747bb1af65ac9fad21c89220a143eb4?s=96&d=mm&r=g","url":"https:\/\/secure.gravatar.com\/avatar\/8fadbca458d4cb68b1dd399ae9a40618d747bb1af65ac9fad21c89220a143eb4?s=96&d=mm&r=g","contentUrl":"https:\/\/secure.gravatar.com\/avatar\/8fadbca458d4cb68b1dd399ae9a40618d747bb1af65ac9fad21c89220a143eb4?s=96&d=mm&r=g","caption":"maranhaotv"},"sameAs":["https:\/\/maranhaotv.com.br\/"],"url":"https:\/\/maranhaotv.com.br\/index.php\/author\/maranhaotv\/"}]}},"jetpack_featured_media_url":"","jetpack_sharing_enabled":true,"_links":{"self":[{"href":"https:\/\/maranhaotv.com.br\/index.php\/wp-json\/wp\/v2\/posts\/34788","targetHints":{"allow":["GET"]}}],"collection":[{"href":"https:\/\/maranhaotv.com.br\/index.php\/wp-json\/wp\/v2\/posts"}],"about":[{"href":"https:\/\/maranhaotv.com.br\/index.php\/wp-json\/wp\/v2\/types\/post"}],"author":[{"embeddable":true,"href":"https:\/\/maranhaotv.com.br\/index.php\/wp-json\/wp\/v2\/users\/2"}],"replies":[{"embeddable":true,"href":"https:\/\/maranhaotv.com.br\/index.php\/wp-json\/wp\/v2\/comments?post=34788"}],"version-history":[{"count":0,"href":"https:\/\/maranhaotv.com.br\/index.php\/wp-json\/wp\/v2\/posts\/34788\/revisions"}],"wp:featuredmedia":[{"embeddable":true,"href":"https:\/\/maranhaotv.com.br\/index.php\/wp-json\/"}],"wp:attachment":[{"href":"https:\/\/maranhaotv.com.br\/index.php\/wp-json\/wp\/v2\/media?parent=34788"}],"wp:term":[{"taxonomy":"category","embeddable":true,"href":"https:\/\/maranhaotv.com.br\/index.php\/wp-json\/wp\/v2\/categories?post=34788"},{"taxonomy":"post_tag","embeddable":true,"href":"https:\/\/maranhaotv.com.br\/index.php\/wp-json\/wp\/v2\/tags?post=34788"}],"curies":[{"name":"wp","href":"https:\/\/api.w.org\/{rel}","templated":true}]}}