{"id":34837,"date":"2024-02-22T08:28:11","date_gmt":"2024-02-22T11:28:11","guid":{"rendered":"https:\/\/maranhaotv.com.br\/?p=34837"},"modified":"2024-02-22T08:28:11","modified_gmt":"2024-02-22T11:28:11","slug":"viana-apos-receber-r-225-milhoes-apenas-no-mes-de-janeiro-prefeito-carrinho-cidreira-deixa-criancas-sem-aulas","status":"publish","type":"post","link":"https:\/\/maranhaotv.com.br\/index.php\/2024\/02\/22\/viana-apos-receber-r-225-milhoes-apenas-no-mes-de-janeiro-prefeito-carrinho-cidreira-deixa-criancas-sem-aulas\/","title":{"rendered":"Viana: Ap\u00f3s receber R$ 22,5 milh\u00f5es apenas no m\u00eas de janeiro, prefeito Carrinho Cidreira deixa crian\u00e7as sem aulas"},"content":{"rendered":"\n<p>Alunos de dois grandes povoados do munic\u00edpio de Viana est\u00e3o sem aulas por falta de transporte escolar. A informa\u00e7\u00e3o foi repassada por uma m\u00e3e de um estudante que pediu para n\u00e3o divulgar seu nome.<br><br>De acordo com ela, que mora no Povoado Caru, n\u00e3o apenas o seu filho como tamb\u00e9m outros alunos do Povoado Santeiro est\u00e3o sem transporte escolar por motivos ainda n\u00e3o esclarecidos pela secretaria de Educa\u00e7\u00e3o de Viana.<br><br>A m\u00e3e do aluno tamb\u00e9m enviou uma foto (veja acima) dos \u00f4nibus escolares da prefeituras estacionados em um terreno do SAAE \u2013 Servi\u00e7o Aut\u00f4nomo de \u00c1gua e Esgoto, localizado no bairro da Subesta\u00e7\u00e3o.<br><br>Embora a falta de transporte escolar seja assunto em Viana, as contas da prefeitura est\u00e3o abarrotadas de recursos. Conforme informa\u00e7\u00e3o do Demonstrativo de Distribui\u00e7\u00e3o da Arrecada\u00e7\u00e3o do Sistema de Informa\u00e7\u00f5es Banco do Brasil (SISBB), apenas no m\u00eas de janeiro deste ano de 2024, a gest\u00e3o Carrinho recebeu nada menos que R$ 22,5 milh\u00f5es.<br><br>Desse total, 17,3 milh\u00f5es s\u00e3o recursos da Educa\u00e7\u00e3o, isto \u00e9, dinheiro que deveria est\u00e1 sendo aplicado no transporte escolar da cidade de Viana.<br><br>O Blog\u00a0 buscou contato com a gest\u00e3o do prefeito de Viana, Carlos Augusto Furtado Cidreira, o Carrinho, do PL, contudo, ningu\u00e9m soube explicar o motivo da falta de \u00f4nibus escolares para os povoados Caru e Santeiro.<\/p>\n\n\n\n<figure class=\"wp-block-image size-large\"><img decoding=\"async\" src=\"https:\/\/maranhaotv.com.br\/wp-content\/uploads\/2024\/02\/423542091_808809744408926_6308854356191439351_n3629591361834297442-1024x682.jpg\" alt=\"\" class=\"wp-image-34835\"\/><\/figure>\n\n\n\n<p><br><br>Blog Domingos Costa<\/p>\n","protected":false},"excerpt":{"rendered":"<p>Alunos de dois grandes povoados do munic\u00edpio de Viana est\u00e3o sem aulas por falta de transporte escolar. A informa\u00e7\u00e3o foi<\/p>\n","protected":false},"author":2,"featured_media":34836,"comment_status":"open","ping_status":"open","sticky":false,"template":"","format":"standard","meta":{"colormag_page_container_layout":"default_layout","colormag_page_sidebar_layout":"default_layout","_jetpack_memberships_contains_paid_content":false,"footnotes":""},"categories":[2],"tags":[4,5],"class_list":["post-34837","post","type-post","status-publish","format-standard","has-post-thumbnail","hentry","category-noticias","tag-carrinho-cidreira","tag-viana"],"magazineBlocksPostFeaturedMedia":{"thumbnail":false,"medium":false,"medium_large":false,"large":false,"1536x1536":false,"2048x2048":false,"colormag-highlighted-post":false,"colormag-featured-post-medium":false,"colormag-featured-post-small":false,"colormag-featured-image":false,"colormag-default-news":false,"colormag-featured-image-large":false},"magazineBlocksPostAuthor":{"name":"maranhaotv","avatar":"https:\/\/secure.gravatar.com\/avatar\/8fadbca458d4cb68b1dd399ae9a40618d747bb1af65ac9fad21c89220a143eb4?s=96&d=mm&r=g"},"magazineBlocksPostCommentsNumber":"0","magazineBlocksPostExcerpt":"Alunos de dois grandes povoados do munic\u00edpio de Viana est\u00e3o sem aulas por falta de transporte escolar. A informa\u00e7\u00e3o foi","magazineBlocksPostCategories":["not\u00edcias"],"magazineBlocksPostViewCount":166,"magazineBlocksPostReadTime":2,"magazine_blocks_featured_image_url":{"full":false,"medium":false,"thumbnail":false},"magazine_blocks_author":{"display_name":"maranhaotv","author_link":"https:\/\/maranhaotv.com.br\/index.php\/author\/maranhaotv\/"},"magazine_blocks_comment":0,"magazine_blocks_author_image":"https:\/\/secure.gravatar.com\/avatar\/8fadbca458d4cb68b1dd399ae9a40618d747bb1af65ac9fad21c89220a143eb4?s=96&d=mm&r=g","magazine_blocks_category":"<a href=\"#\" class=\"category-link category-link-2\">not\u00edcias<\/a>","yoast_head":"<!-- This site is optimized with the Yoast SEO plugin v27.4 - https:\/\/yoast.com\/product\/yoast-seo-wordpress\/ -->\n<title>Viana: Ap\u00f3s receber R$ 22,5 milh\u00f5es apenas no m\u00eas de janeiro, prefeito Carrinho Cidreira deixa crian\u00e7as sem aulas - NOT\u00cdCIAS EM TEMPO REAL<\/title>\n<meta name=\"robots\" content=\"index, follow, max-snippet:-1, max-image-preview:large, max-video-preview:-1\" \/>\n<link rel=\"canonical\" href=\"https:\/\/maranhaotv.com.br\/index.php\/2024\/02\/22\/viana-apos-receber-r-225-milhoes-apenas-no-mes-de-janeiro-prefeito-carrinho-cidreira-deixa-criancas-sem-aulas\/\" \/>\n<meta property=\"og:locale\" content=\"pt_BR\" \/>\n<meta property=\"og:type\" content=\"article\" \/>\n<meta property=\"og:title\" content=\"Viana: Ap\u00f3s receber R$ 22,5 milh\u00f5es apenas no m\u00eas de janeiro, prefeito Carrinho Cidreira deixa crian\u00e7as sem aulas - NOT\u00cdCIAS EM TEMPO REAL\" \/>\n<meta property=\"og:description\" content=\"Alunos de dois grandes povoados do munic\u00edpio de Viana est\u00e3o sem aulas por falta de transporte escolar. A informa\u00e7\u00e3o foi\" \/>\n<meta property=\"og:url\" content=\"https:\/\/maranhaotv.com.br\/index.php\/2024\/02\/22\/viana-apos-receber-r-225-milhoes-apenas-no-mes-de-janeiro-prefeito-carrinho-cidreira-deixa-criancas-sem-aulas\/\" \/>\n<meta property=\"og:site_name\" content=\"NOT\u00cdCIAS EM TEMPO REAL\" \/>\n<meta property=\"article:publisher\" content=\"https:\/\/www.facebook.com\/maiobaotv\" \/>\n<meta property=\"article:published_time\" content=\"2024-02-22T11:28:11+00:00\" \/>\n<meta name=\"author\" content=\"maranhaotv\" \/>\n<meta name=\"twitter:card\" content=\"summary_large_image\" \/>\n<meta name=\"twitter:creator\" content=\"@sitemaranhaotv\" \/>\n<meta name=\"twitter:site\" content=\"@sitemaranhaotv\" \/>\n<meta name=\"twitter:label1\" content=\"Escrito por\" \/>\n\t<meta name=\"twitter:data1\" content=\"maranhaotv\" \/>\n\t<meta name=\"twitter:label2\" content=\"Est. tempo de leitura\" \/>\n\t<meta name=\"twitter:data2\" content=\"1 minuto\" \/>\n<script type=\"application\/ld+json\" class=\"yoast-schema-graph\">{\"@context\":\"https:\\\/\\\/schema.org\",\"@graph\":[{\"@type\":\"Article\",\"@id\":\"https:\\\/\\\/maranhaotv.com.br\\\/index.php\\\/2024\\\/02\\\/22\\\/viana-apos-receber-r-225-milhoes-apenas-no-mes-de-janeiro-prefeito-carrinho-cidreira-deixa-criancas-sem-aulas\\\/#article\",\"isPartOf\":{\"@id\":\"https:\\\/\\\/maranhaotv.com.br\\\/index.php\\\/2024\\\/02\\\/22\\\/viana-apos-receber-r-225-milhoes-apenas-no-mes-de-janeiro-prefeito-carrinho-cidreira-deixa-criancas-sem-aulas\\\/\"},\"author\":{\"name\":\"maranhaotv\",\"@id\":\"https:\\\/\\\/maranhaotv.com.br\\\/#\\\/schema\\\/person\\\/3d54238e86b20bb5c89ab2fdb8f8829a\"},\"headline\":\"Viana: Ap\u00f3s receber R$ 22,5 milh\u00f5es apenas no m\u00eas de janeiro, prefeito Carrinho Cidreira deixa crian\u00e7as sem aulas\",\"datePublished\":\"2024-02-22T11:28:11+00:00\",\"mainEntityOfPage\":{\"@id\":\"https:\\\/\\\/maranhaotv.com.br\\\/index.php\\\/2024\\\/02\\\/22\\\/viana-apos-receber-r-225-milhoes-apenas-no-mes-de-janeiro-prefeito-carrinho-cidreira-deixa-criancas-sem-aulas\\\/\"},\"wordCount\":262,\"commentCount\":0,\"publisher\":{\"@id\":\"https:\\\/\\\/maranhaotv.com.br\\\/#organization\"},\"image\":{\"@id\":\"https:\\\/\\\/maranhaotv.com.br\\\/index.php\\\/2024\\\/02\\\/22\\\/viana-apos-receber-r-225-milhoes-apenas-no-mes-de-janeiro-prefeito-carrinho-cidreira-deixa-criancas-sem-aulas\\\/#primaryimage\"},\"thumbnailUrl\":\"\",\"keywords\":[\"Carrinho Cidreira\",\"Viana\"],\"articleSection\":[\"not\u00edcias\"],\"inLanguage\":\"pt-BR\",\"potentialAction\":[{\"@type\":\"CommentAction\",\"name\":\"Comment\",\"target\":[\"https:\\\/\\\/maranhaotv.com.br\\\/index.php\\\/2024\\\/02\\\/22\\\/viana-apos-receber-r-225-milhoes-apenas-no-mes-de-janeiro-prefeito-carrinho-cidreira-deixa-criancas-sem-aulas\\\/#respond\"]}]},{\"@type\":\"WebPage\",\"@id\":\"https:\\\/\\\/maranhaotv.com.br\\\/index.php\\\/2024\\\/02\\\/22\\\/viana-apos-receber-r-225-milhoes-apenas-no-mes-de-janeiro-prefeito-carrinho-cidreira-deixa-criancas-sem-aulas\\\/\",\"url\":\"https:\\\/\\\/maranhaotv.com.br\\\/index.php\\\/2024\\\/02\\\/22\\\/viana-apos-receber-r-225-milhoes-apenas-no-mes-de-janeiro-prefeito-carrinho-cidreira-deixa-criancas-sem-aulas\\\/\",\"name\":\"Viana: Ap\u00f3s receber R$ 22,5 milh\u00f5es apenas no m\u00eas de janeiro, prefeito Carrinho Cidreira deixa crian\u00e7as sem aulas - NOT\u00cdCIAS EM TEMPO REAL\",\"isPartOf\":{\"@id\":\"https:\\\/\\\/maranhaotv.com.br\\\/#website\"},\"primaryImageOfPage\":{\"@id\":\"https:\\\/\\\/maranhaotv.com.br\\\/index.php\\\/2024\\\/02\\\/22\\\/viana-apos-receber-r-225-milhoes-apenas-no-mes-de-janeiro-prefeito-carrinho-cidreira-deixa-criancas-sem-aulas\\\/#primaryimage\"},\"image\":{\"@id\":\"https:\\\/\\\/maranhaotv.com.br\\\/index.php\\\/2024\\\/02\\\/22\\\/viana-apos-receber-r-225-milhoes-apenas-no-mes-de-janeiro-prefeito-carrinho-cidreira-deixa-criancas-sem-aulas\\\/#primaryimage\"},\"thumbnailUrl\":\"\",\"datePublished\":\"2024-02-22T11:28:11+00:00\",\"breadcrumb\":{\"@id\":\"https:\\\/\\\/maranhaotv.com.br\\\/index.php\\\/2024\\\/02\\\/22\\\/viana-apos-receber-r-225-milhoes-apenas-no-mes-de-janeiro-prefeito-carrinho-cidreira-deixa-criancas-sem-aulas\\\/#breadcrumb\"},\"inLanguage\":\"pt-BR\",\"potentialAction\":[{\"@type\":\"ReadAction\",\"target\":[\"https:\\\/\\\/maranhaotv.com.br\\\/index.php\\\/2024\\\/02\\\/22\\\/viana-apos-receber-r-225-milhoes-apenas-no-mes-de-janeiro-prefeito-carrinho-cidreira-deixa-criancas-sem-aulas\\\/\"]}]},{\"@type\":\"ImageObject\",\"inLanguage\":\"pt-BR\",\"@id\":\"https:\\\/\\\/maranhaotv.com.br\\\/index.php\\\/2024\\\/02\\\/22\\\/viana-apos-receber-r-225-milhoes-apenas-no-mes-de-janeiro-prefeito-carrinho-cidreira-deixa-criancas-sem-aulas\\\/#primaryimage\",\"url\":\"\",\"contentUrl\":\"\"},{\"@type\":\"BreadcrumbList\",\"@id\":\"https:\\\/\\\/maranhaotv.com.br\\\/index.php\\\/2024\\\/02\\\/22\\\/viana-apos-receber-r-225-milhoes-apenas-no-mes-de-janeiro-prefeito-carrinho-cidreira-deixa-criancas-sem-aulas\\\/#breadcrumb\",\"itemListElement\":[{\"@type\":\"ListItem\",\"position\":1,\"name\":\"In\u00edcio\",\"item\":\"https:\\\/\\\/maranhaotv.com.br\\\/\"},{\"@type\":\"ListItem\",\"position\":2,\"name\":\"Viana: Ap\u00f3s receber R$ 22,5 milh\u00f5es apenas no m\u00eas de janeiro, prefeito Carrinho Cidreira deixa crian\u00e7as sem aulas\"}]},{\"@type\":\"WebSite\",\"@id\":\"https:\\\/\\\/maranhaotv.com.br\\\/#website\",\"url\":\"https:\\\/\\\/maranhaotv.com.br\\\/\",\"name\":\"Maranh\u00e3oTV\",\"description\":\"\",\"publisher\":{\"@id\":\"https:\\\/\\\/maranhaotv.com.br\\\/#organization\"},\"potentialAction\":[{\"@type\":\"SearchAction\",\"target\":{\"@type\":\"EntryPoint\",\"urlTemplate\":\"https:\\\/\\\/maranhaotv.com.br\\\/?s={search_term_string}\"},\"query-input\":{\"@type\":\"PropertyValueSpecification\",\"valueRequired\":true,\"valueName\":\"search_term_string\"}}],\"inLanguage\":\"pt-BR\"},{\"@type\":\"Organization\",\"@id\":\"https:\\\/\\\/maranhaotv.com.br\\\/#organization\",\"name\":\"Portal de Not\u00edcias\",\"url\":\"https:\\\/\\\/maranhaotv.com.br\\\/\",\"logo\":{\"@type\":\"ImageObject\",\"inLanguage\":\"pt-BR\",\"@id\":\"https:\\\/\\\/maranhaotv.com.br\\\/#\\\/schema\\\/logo\\\/image\\\/\",\"url\":\"https:\\\/\\\/maranhaotv.com.br\\\/wp-content\\\/uploads\\\/2024\\\/05\\\/cropped-cropped-avatar-1.png\",\"contentUrl\":\"https:\\\/\\\/maranhaotv.com.br\\\/wp-content\\\/uploads\\\/2024\\\/05\\\/cropped-cropped-avatar-1.png\",\"width\":792,\"height\":428,\"caption\":\"Portal de Not\u00edcias\"},\"image\":{\"@id\":\"https:\\\/\\\/maranhaotv.com.br\\\/#\\\/schema\\\/logo\\\/image\\\/\"},\"sameAs\":[\"https:\\\/\\\/www.facebook.com\\\/maiobaotv\",\"https:\\\/\\\/x.com\\\/sitemaranhaotv\",\"https:\\\/\\\/www.instagram.com\\\/maranhao.tv\",\"https:\\\/\\\/www.threads.net\\\/@maranhao.tv\"]},{\"@type\":\"Person\",\"@id\":\"https:\\\/\\\/maranhaotv.com.br\\\/#\\\/schema\\\/person\\\/3d54238e86b20bb5c89ab2fdb8f8829a\",\"name\":\"maranhaotv\",\"image\":{\"@type\":\"ImageObject\",\"inLanguage\":\"pt-BR\",\"@id\":\"https:\\\/\\\/secure.gravatar.com\\\/avatar\\\/8fadbca458d4cb68b1dd399ae9a40618d747bb1af65ac9fad21c89220a143eb4?s=96&d=mm&r=g\",\"url\":\"https:\\\/\\\/secure.gravatar.com\\\/avatar\\\/8fadbca458d4cb68b1dd399ae9a40618d747bb1af65ac9fad21c89220a143eb4?s=96&d=mm&r=g\",\"contentUrl\":\"https:\\\/\\\/secure.gravatar.com\\\/avatar\\\/8fadbca458d4cb68b1dd399ae9a40618d747bb1af65ac9fad21c89220a143eb4?s=96&d=mm&r=g\",\"caption\":\"maranhaotv\"},\"sameAs\":[\"https:\\\/\\\/maranhaotv.com.br\\\/\"],\"url\":\"https:\\\/\\\/maranhaotv.com.br\\\/index.php\\\/author\\\/maranhaotv\\\/\"}]}<\/script>\n<!-- \/ Yoast SEO plugin. -->","yoast_head_json":{"title":"Viana: Ap\u00f3s receber R$ 22,5 milh\u00f5es apenas no m\u00eas de janeiro, prefeito Carrinho Cidreira deixa crian\u00e7as sem aulas - NOT\u00cdCIAS EM TEMPO REAL","robots":{"index":"index","follow":"follow","max-snippet":"max-snippet:-1","max-image-preview":"max-image-preview:large","max-video-preview":"max-video-preview:-1"},"canonical":"https:\/\/maranhaotv.com.br\/index.php\/2024\/02\/22\/viana-apos-receber-r-225-milhoes-apenas-no-mes-de-janeiro-prefeito-carrinho-cidreira-deixa-criancas-sem-aulas\/","og_locale":"pt_BR","og_type":"article","og_title":"Viana: Ap\u00f3s receber R$ 22,5 milh\u00f5es apenas no m\u00eas de janeiro, prefeito Carrinho Cidreira deixa crian\u00e7as sem aulas - NOT\u00cdCIAS EM TEMPO REAL","og_description":"Alunos de dois grandes povoados do munic\u00edpio de Viana est\u00e3o sem aulas por falta de transporte escolar. A informa\u00e7\u00e3o foi","og_url":"https:\/\/maranhaotv.com.br\/index.php\/2024\/02\/22\/viana-apos-receber-r-225-milhoes-apenas-no-mes-de-janeiro-prefeito-carrinho-cidreira-deixa-criancas-sem-aulas\/","og_site_name":"NOT\u00cdCIAS EM TEMPO REAL","article_publisher":"https:\/\/www.facebook.com\/maiobaotv","article_published_time":"2024-02-22T11:28:11+00:00","author":"maranhaotv","twitter_card":"summary_large_image","twitter_creator":"@sitemaranhaotv","twitter_site":"@sitemaranhaotv","twitter_misc":{"Escrito por":"maranhaotv","Est. tempo de leitura":"1 minuto"},"schema":{"@context":"https:\/\/schema.org","@graph":[{"@type":"Article","@id":"https:\/\/maranhaotv.com.br\/index.php\/2024\/02\/22\/viana-apos-receber-r-225-milhoes-apenas-no-mes-de-janeiro-prefeito-carrinho-cidreira-deixa-criancas-sem-aulas\/#article","isPartOf":{"@id":"https:\/\/maranhaotv.com.br\/index.php\/2024\/02\/22\/viana-apos-receber-r-225-milhoes-apenas-no-mes-de-janeiro-prefeito-carrinho-cidreira-deixa-criancas-sem-aulas\/"},"author":{"name":"maranhaotv","@id":"https:\/\/maranhaotv.com.br\/#\/schema\/person\/3d54238e86b20bb5c89ab2fdb8f8829a"},"headline":"Viana: Ap\u00f3s receber R$ 22,5 milh\u00f5es apenas no m\u00eas de janeiro, prefeito Carrinho Cidreira deixa crian\u00e7as sem aulas","datePublished":"2024-02-22T11:28:11+00:00","mainEntityOfPage":{"@id":"https:\/\/maranhaotv.com.br\/index.php\/2024\/02\/22\/viana-apos-receber-r-225-milhoes-apenas-no-mes-de-janeiro-prefeito-carrinho-cidreira-deixa-criancas-sem-aulas\/"},"wordCount":262,"commentCount":0,"publisher":{"@id":"https:\/\/maranhaotv.com.br\/#organization"},"image":{"@id":"https:\/\/maranhaotv.com.br\/index.php\/2024\/02\/22\/viana-apos-receber-r-225-milhoes-apenas-no-mes-de-janeiro-prefeito-carrinho-cidreira-deixa-criancas-sem-aulas\/#primaryimage"},"thumbnailUrl":"","keywords":["Carrinho Cidreira","Viana"],"articleSection":["not\u00edcias"],"inLanguage":"pt-BR","potentialAction":[{"@type":"CommentAction","name":"Comment","target":["https:\/\/maranhaotv.com.br\/index.php\/2024\/02\/22\/viana-apos-receber-r-225-milhoes-apenas-no-mes-de-janeiro-prefeito-carrinho-cidreira-deixa-criancas-sem-aulas\/#respond"]}]},{"@type":"WebPage","@id":"https:\/\/maranhaotv.com.br\/index.php\/2024\/02\/22\/viana-apos-receber-r-225-milhoes-apenas-no-mes-de-janeiro-prefeito-carrinho-cidreira-deixa-criancas-sem-aulas\/","url":"https:\/\/maranhaotv.com.br\/index.php\/2024\/02\/22\/viana-apos-receber-r-225-milhoes-apenas-no-mes-de-janeiro-prefeito-carrinho-cidreira-deixa-criancas-sem-aulas\/","name":"Viana: Ap\u00f3s receber R$ 22,5 milh\u00f5es apenas no m\u00eas de janeiro, prefeito Carrinho Cidreira deixa crian\u00e7as sem aulas - NOT\u00cdCIAS EM TEMPO REAL","isPartOf":{"@id":"https:\/\/maranhaotv.com.br\/#website"},"primaryImageOfPage":{"@id":"https:\/\/maranhaotv.com.br\/index.php\/2024\/02\/22\/viana-apos-receber-r-225-milhoes-apenas-no-mes-de-janeiro-prefeito-carrinho-cidreira-deixa-criancas-sem-aulas\/#primaryimage"},"image":{"@id":"https:\/\/maranhaotv.com.br\/index.php\/2024\/02\/22\/viana-apos-receber-r-225-milhoes-apenas-no-mes-de-janeiro-prefeito-carrinho-cidreira-deixa-criancas-sem-aulas\/#primaryimage"},"thumbnailUrl":"","datePublished":"2024-02-22T11:28:11+00:00","breadcrumb":{"@id":"https:\/\/maranhaotv.com.br\/index.php\/2024\/02\/22\/viana-apos-receber-r-225-milhoes-apenas-no-mes-de-janeiro-prefeito-carrinho-cidreira-deixa-criancas-sem-aulas\/#breadcrumb"},"inLanguage":"pt-BR","potentialAction":[{"@type":"ReadAction","target":["https:\/\/maranhaotv.com.br\/index.php\/2024\/02\/22\/viana-apos-receber-r-225-milhoes-apenas-no-mes-de-janeiro-prefeito-carrinho-cidreira-deixa-criancas-sem-aulas\/"]}]},{"@type":"ImageObject","inLanguage":"pt-BR","@id":"https:\/\/maranhaotv.com.br\/index.php\/2024\/02\/22\/viana-apos-receber-r-225-milhoes-apenas-no-mes-de-janeiro-prefeito-carrinho-cidreira-deixa-criancas-sem-aulas\/#primaryimage","url":"","contentUrl":""},{"@type":"BreadcrumbList","@id":"https:\/\/maranhaotv.com.br\/index.php\/2024\/02\/22\/viana-apos-receber-r-225-milhoes-apenas-no-mes-de-janeiro-prefeito-carrinho-cidreira-deixa-criancas-sem-aulas\/#breadcrumb","itemListElement":[{"@type":"ListItem","position":1,"name":"In\u00edcio","item":"https:\/\/maranhaotv.com.br\/"},{"@type":"ListItem","position":2,"name":"Viana: Ap\u00f3s receber R$ 22,5 milh\u00f5es apenas no m\u00eas de janeiro, prefeito Carrinho Cidreira deixa crian\u00e7as sem aulas"}]},{"@type":"WebSite","@id":"https:\/\/maranhaotv.com.br\/#website","url":"https:\/\/maranhaotv.com.br\/","name":"Maranh\u00e3oTV","description":"","publisher":{"@id":"https:\/\/maranhaotv.com.br\/#organization"},"potentialAction":[{"@type":"SearchAction","target":{"@type":"EntryPoint","urlTemplate":"https:\/\/maranhaotv.com.br\/?s={search_term_string}"},"query-input":{"@type":"PropertyValueSpecification","valueRequired":true,"valueName":"search_term_string"}}],"inLanguage":"pt-BR"},{"@type":"Organization","@id":"https:\/\/maranhaotv.com.br\/#organization","name":"Portal de Not\u00edcias","url":"https:\/\/maranhaotv.com.br\/","logo":{"@type":"ImageObject","inLanguage":"pt-BR","@id":"https:\/\/maranhaotv.com.br\/#\/schema\/logo\/image\/","url":"https:\/\/maranhaotv.com.br\/wp-content\/uploads\/2024\/05\/cropped-cropped-avatar-1.png","contentUrl":"https:\/\/maranhaotv.com.br\/wp-content\/uploads\/2024\/05\/cropped-cropped-avatar-1.png","width":792,"height":428,"caption":"Portal de Not\u00edcias"},"image":{"@id":"https:\/\/maranhaotv.com.br\/#\/schema\/logo\/image\/"},"sameAs":["https:\/\/www.facebook.com\/maiobaotv","https:\/\/x.com\/sitemaranhaotv","https:\/\/www.instagram.com\/maranhao.tv","https:\/\/www.threads.net\/@maranhao.tv"]},{"@type":"Person","@id":"https:\/\/maranhaotv.com.br\/#\/schema\/person\/3d54238e86b20bb5c89ab2fdb8f8829a","name":"maranhaotv","image":{"@type":"ImageObject","inLanguage":"pt-BR","@id":"https:\/\/secure.gravatar.com\/avatar\/8fadbca458d4cb68b1dd399ae9a40618d747bb1af65ac9fad21c89220a143eb4?s=96&d=mm&r=g","url":"https:\/\/secure.gravatar.com\/avatar\/8fadbca458d4cb68b1dd399ae9a40618d747bb1af65ac9fad21c89220a143eb4?s=96&d=mm&r=g","contentUrl":"https:\/\/secure.gravatar.com\/avatar\/8fadbca458d4cb68b1dd399ae9a40618d747bb1af65ac9fad21c89220a143eb4?s=96&d=mm&r=g","caption":"maranhaotv"},"sameAs":["https:\/\/maranhaotv.com.br\/"],"url":"https:\/\/maranhaotv.com.br\/index.php\/author\/maranhaotv\/"}]}},"jetpack_featured_media_url":"","jetpack_sharing_enabled":true,"_links":{"self":[{"href":"https:\/\/maranhaotv.com.br\/index.php\/wp-json\/wp\/v2\/posts\/34837","targetHints":{"allow":["GET"]}}],"collection":[{"href":"https:\/\/maranhaotv.com.br\/index.php\/wp-json\/wp\/v2\/posts"}],"about":[{"href":"https:\/\/maranhaotv.com.br\/index.php\/wp-json\/wp\/v2\/types\/post"}],"author":[{"embeddable":true,"href":"https:\/\/maranhaotv.com.br\/index.php\/wp-json\/wp\/v2\/users\/2"}],"replies":[{"embeddable":true,"href":"https:\/\/maranhaotv.com.br\/index.php\/wp-json\/wp\/v2\/comments?post=34837"}],"version-history":[{"count":0,"href":"https:\/\/maranhaotv.com.br\/index.php\/wp-json\/wp\/v2\/posts\/34837\/revisions"}],"wp:featuredmedia":[{"embeddable":true,"href":"https:\/\/maranhaotv.com.br\/index.php\/wp-json\/"}],"wp:attachment":[{"href":"https:\/\/maranhaotv.com.br\/index.php\/wp-json\/wp\/v2\/media?parent=34837"}],"wp:term":[{"taxonomy":"category","embeddable":true,"href":"https:\/\/maranhaotv.com.br\/index.php\/wp-json\/wp\/v2\/categories?post=34837"},{"taxonomy":"post_tag","embeddable":true,"href":"https:\/\/maranhaotv.com.br\/index.php\/wp-json\/wp\/v2\/tags?post=34837"}],"curies":[{"name":"wp","href":"https:\/\/api.w.org\/{rel}","templated":true}]}}