{"id":34845,"date":"2024-02-22T09:28:01","date_gmt":"2024-02-22T12:28:01","guid":{"rendered":"https:\/\/maranhaotv.com.br\/?p=34845"},"modified":"2024-02-22T09:28:01","modified_gmt":"2024-02-22T12:28:01","slug":"flavio-dino-toma-posse-como-ministro-do-supremo-nesta-quinta-feira","status":"publish","type":"post","link":"https:\/\/maranhaotv.com.br\/index.php\/2024\/02\/22\/flavio-dino-toma-posse-como-ministro-do-supremo-nesta-quinta-feira\/","title":{"rendered":"Fl\u00e1vio Dino toma posse como ministro do Supremo nesta quinta-feira"},"content":{"rendered":"\n<p><br><br>Escolhido pelo presidente Luiz In\u00e1cio Lula da Silva (PT) para suceder a ministra Rosa Weber, que se aposentou no ano passado, Fl\u00e1vio Dino tomar\u00e1 posse como ministro do Supremo Tribunal Federal nesta quinta-feira (22\/2).<br><br>A sess\u00e3o solene de posse do novo ministro ter\u00e1 in\u00edcio \u00e0s 16h e contar\u00e1 com a presen\u00e7a de cerca de 800 pessoas, entre autoridades, amigos e convidados. Ap\u00f3s a solenidade, Dino assistir\u00e1 a uma missa de a\u00e7\u00e3o de gra\u00e7as na Catedral Metropolitana Nossa Senhora Aparecida, localizada na Esplanada dos Minist\u00e9rios, em Bras\u00edlia.<br><br>O decreto de nomea\u00e7\u00e3o de Dino foi publicado em 31 de janeiro, data em que ele deixou o Minist\u00e9rio da Justi\u00e7a e da Seguran\u00e7a P\u00fablica. Quando assume a vaga, um novo membro da corte herda os processos que estavam no gabinete do ministro a quem sucede. Assim, Dino receber\u00e1 340 processos do acervo da ministra Rosa Weber.<br><br>Tr\u00eas Poderes<br><br>Ao longo de sua vida profissional, Dino exerceu cargos nos Tr\u00eas Poderes da Rep\u00fablica, nas esferas estadual e federal. No Judici\u00e1rio, foi juiz federal por 12 anos, entre 1994 e 2006. No per\u00edodo, representou a categoria presidindo por dois anos a Associa\u00e7\u00e3o dos Ju\u00edzes Federais do Brasil (Ajufe). Ele integrou o Conselho da Justi\u00e7a Federal (CJF) e o Conselho Nacional de Justi\u00e7a (CNJ), em que ocupou o cargo de secret\u00e1rio-geral. No Supremo, foi juiz auxiliar no gabinete do ministro Nelson Jobim (aposentado).<br><br>Dino deixou a magistratura em 2006, seguindo uma tradi\u00e7\u00e3o familiar de dedica\u00e7\u00e3o ao Direito e \u00e0 pol\u00edtica. No Poder Legislativo, elegeu-se deputado federal pelo Maranh\u00e3o para a legislatura de 2007 a 2011. Com o t\u00e9rmino do mandato, ocupou a presid\u00eancia da Ag\u00eancia Brasileira de Promo\u00e7\u00e3o Internacional do Turismo (Embratur). Em 2014, foi eleito governador de seu estado e tomou posse no ano seguinte. Ele permaneceu no cargo, ap\u00f3s reelei\u00e7\u00e3o, at\u00e9 2022.<br><br>Em seguida, Dino foi eleito para o Senado Federal. Tomou posse, mas logo se licenciou para atender ao convite de Lula para integrar o Poder Executivo, no comando do Minist\u00e9rio da Justi\u00e7a e Seguran\u00e7a P\u00fablica, \u00f3rg\u00e3o em que estava quando foi nomeado para o STF. Ele renunciou ao mandato no Congresso Nacional, encerrando 18 anos de carreira na pol\u00edtica partid\u00e1ria.<\/p>\n","protected":false},"excerpt":{"rendered":"<p>Escolhido pelo presidente Luiz In\u00e1cio Lula da Silva (PT) para suceder a ministra Rosa Weber, que se aposentou no ano<\/p>\n","protected":false},"author":2,"featured_media":34844,"comment_status":"open","ping_status":"open","sticky":false,"template":"","format":"standard","meta":{"colormag_page_container_layout":"default_layout","colormag_page_sidebar_layout":"default_layout","_jetpack_memberships_contains_paid_content":false,"footnotes":""},"categories":[6],"tags":[],"class_list":["post-34845","post","type-post","status-publish","format-standard","has-post-thumbnail","hentry","category-politica"],"magazineBlocksPostFeaturedMedia":{"thumbnail":false,"medium":false,"medium_large":false,"large":false,"1536x1536":false,"2048x2048":false,"colormag-highlighted-post":false,"colormag-featured-post-medium":false,"colormag-featured-post-small":false,"colormag-featured-image":false,"colormag-default-news":false,"colormag-featured-image-large":false},"magazineBlocksPostAuthor":{"name":"maranhaotv","avatar":"https:\/\/secure.gravatar.com\/avatar\/8fadbca458d4cb68b1dd399ae9a40618d747bb1af65ac9fad21c89220a143eb4?s=96&d=mm&r=g"},"magazineBlocksPostCommentsNumber":"0","magazineBlocksPostExcerpt":"Escolhido pelo presidente Luiz In\u00e1cio Lula da Silva (PT) para suceder a ministra Rosa Weber, que se aposentou no ano","magazineBlocksPostCategories":["pol\u00edtica"],"magazineBlocksPostViewCount":164,"magazineBlocksPostReadTime":2,"magazine_blocks_featured_image_url":{"full":false,"medium":false,"thumbnail":false},"magazine_blocks_author":{"display_name":"maranhaotv","author_link":"https:\/\/maranhaotv.com.br\/index.php\/author\/maranhaotv\/"},"magazine_blocks_comment":0,"magazine_blocks_author_image":"https:\/\/secure.gravatar.com\/avatar\/8fadbca458d4cb68b1dd399ae9a40618d747bb1af65ac9fad21c89220a143eb4?s=96&d=mm&r=g","magazine_blocks_category":"<a href=\"#\" class=\"category-link category-link-6\">pol\u00edtica<\/a>","yoast_head":"<!-- This site is optimized with the Yoast SEO plugin v27.4 - https:\/\/yoast.com\/product\/yoast-seo-wordpress\/ -->\n<title>Fl\u00e1vio Dino toma posse como ministro do Supremo nesta quinta-feira - NOT\u00cdCIAS EM TEMPO REAL<\/title>\n<meta name=\"robots\" content=\"index, follow, max-snippet:-1, max-image-preview:large, max-video-preview:-1\" \/>\n<link rel=\"canonical\" href=\"https:\/\/maranhaotv.com.br\/index.php\/2024\/02\/22\/flavio-dino-toma-posse-como-ministro-do-supremo-nesta-quinta-feira\/\" \/>\n<meta property=\"og:locale\" content=\"pt_BR\" \/>\n<meta property=\"og:type\" content=\"article\" \/>\n<meta property=\"og:title\" content=\"Fl\u00e1vio Dino toma posse como ministro do Supremo nesta quinta-feira - NOT\u00cdCIAS EM TEMPO REAL\" \/>\n<meta property=\"og:description\" content=\"Escolhido pelo presidente Luiz In\u00e1cio Lula da Silva (PT) para suceder a ministra Rosa Weber, que se aposentou no ano\" \/>\n<meta property=\"og:url\" content=\"https:\/\/maranhaotv.com.br\/index.php\/2024\/02\/22\/flavio-dino-toma-posse-como-ministro-do-supremo-nesta-quinta-feira\/\" \/>\n<meta property=\"og:site_name\" content=\"NOT\u00cdCIAS EM TEMPO REAL\" \/>\n<meta property=\"article:publisher\" content=\"https:\/\/www.facebook.com\/maiobaotv\" \/>\n<meta property=\"article:published_time\" content=\"2024-02-22T12:28:01+00:00\" \/>\n<meta name=\"author\" content=\"maranhaotv\" \/>\n<meta name=\"twitter:card\" content=\"summary_large_image\" \/>\n<meta name=\"twitter:creator\" content=\"@sitemaranhaotv\" \/>\n<meta name=\"twitter:site\" content=\"@sitemaranhaotv\" \/>\n<meta name=\"twitter:label1\" content=\"Escrito por\" \/>\n\t<meta name=\"twitter:data1\" content=\"maranhaotv\" \/>\n\t<meta name=\"twitter:label2\" content=\"Est. tempo de leitura\" \/>\n\t<meta name=\"twitter:data2\" content=\"2 minutos\" \/>\n<script type=\"application\/ld+json\" class=\"yoast-schema-graph\">{\"@context\":\"https:\\\/\\\/schema.org\",\"@graph\":[{\"@type\":\"Article\",\"@id\":\"https:\\\/\\\/maranhaotv.com.br\\\/index.php\\\/2024\\\/02\\\/22\\\/flavio-dino-toma-posse-como-ministro-do-supremo-nesta-quinta-feira\\\/#article\",\"isPartOf\":{\"@id\":\"https:\\\/\\\/maranhaotv.com.br\\\/index.php\\\/2024\\\/02\\\/22\\\/flavio-dino-toma-posse-como-ministro-do-supremo-nesta-quinta-feira\\\/\"},\"author\":{\"name\":\"maranhaotv\",\"@id\":\"https:\\\/\\\/maranhaotv.com.br\\\/#\\\/schema\\\/person\\\/3d54238e86b20bb5c89ab2fdb8f8829a\"},\"headline\":\"Fl\u00e1vio Dino toma posse como ministro do Supremo nesta quinta-feira\",\"datePublished\":\"2024-02-22T12:28:01+00:00\",\"mainEntityOfPage\":{\"@id\":\"https:\\\/\\\/maranhaotv.com.br\\\/index.php\\\/2024\\\/02\\\/22\\\/flavio-dino-toma-posse-como-ministro-do-supremo-nesta-quinta-feira\\\/\"},\"wordCount\":397,\"commentCount\":0,\"publisher\":{\"@id\":\"https:\\\/\\\/maranhaotv.com.br\\\/#organization\"},\"image\":{\"@id\":\"https:\\\/\\\/maranhaotv.com.br\\\/index.php\\\/2024\\\/02\\\/22\\\/flavio-dino-toma-posse-como-ministro-do-supremo-nesta-quinta-feira\\\/#primaryimage\"},\"thumbnailUrl\":\"\",\"articleSection\":[\"pol\u00edtica\"],\"inLanguage\":\"pt-BR\",\"potentialAction\":[{\"@type\":\"CommentAction\",\"name\":\"Comment\",\"target\":[\"https:\\\/\\\/maranhaotv.com.br\\\/index.php\\\/2024\\\/02\\\/22\\\/flavio-dino-toma-posse-como-ministro-do-supremo-nesta-quinta-feira\\\/#respond\"]}]},{\"@type\":\"WebPage\",\"@id\":\"https:\\\/\\\/maranhaotv.com.br\\\/index.php\\\/2024\\\/02\\\/22\\\/flavio-dino-toma-posse-como-ministro-do-supremo-nesta-quinta-feira\\\/\",\"url\":\"https:\\\/\\\/maranhaotv.com.br\\\/index.php\\\/2024\\\/02\\\/22\\\/flavio-dino-toma-posse-como-ministro-do-supremo-nesta-quinta-feira\\\/\",\"name\":\"Fl\u00e1vio Dino toma posse como ministro do Supremo nesta quinta-feira - NOT\u00cdCIAS EM TEMPO REAL\",\"isPartOf\":{\"@id\":\"https:\\\/\\\/maranhaotv.com.br\\\/#website\"},\"primaryImageOfPage\":{\"@id\":\"https:\\\/\\\/maranhaotv.com.br\\\/index.php\\\/2024\\\/02\\\/22\\\/flavio-dino-toma-posse-como-ministro-do-supremo-nesta-quinta-feira\\\/#primaryimage\"},\"image\":{\"@id\":\"https:\\\/\\\/maranhaotv.com.br\\\/index.php\\\/2024\\\/02\\\/22\\\/flavio-dino-toma-posse-como-ministro-do-supremo-nesta-quinta-feira\\\/#primaryimage\"},\"thumbnailUrl\":\"\",\"datePublished\":\"2024-02-22T12:28:01+00:00\",\"breadcrumb\":{\"@id\":\"https:\\\/\\\/maranhaotv.com.br\\\/index.php\\\/2024\\\/02\\\/22\\\/flavio-dino-toma-posse-como-ministro-do-supremo-nesta-quinta-feira\\\/#breadcrumb\"},\"inLanguage\":\"pt-BR\",\"potentialAction\":[{\"@type\":\"ReadAction\",\"target\":[\"https:\\\/\\\/maranhaotv.com.br\\\/index.php\\\/2024\\\/02\\\/22\\\/flavio-dino-toma-posse-como-ministro-do-supremo-nesta-quinta-feira\\\/\"]}]},{\"@type\":\"ImageObject\",\"inLanguage\":\"pt-BR\",\"@id\":\"https:\\\/\\\/maranhaotv.com.br\\\/index.php\\\/2024\\\/02\\\/22\\\/flavio-dino-toma-posse-como-ministro-do-supremo-nesta-quinta-feira\\\/#primaryimage\",\"url\":\"\",\"contentUrl\":\"\"},{\"@type\":\"BreadcrumbList\",\"@id\":\"https:\\\/\\\/maranhaotv.com.br\\\/index.php\\\/2024\\\/02\\\/22\\\/flavio-dino-toma-posse-como-ministro-do-supremo-nesta-quinta-feira\\\/#breadcrumb\",\"itemListElement\":[{\"@type\":\"ListItem\",\"position\":1,\"name\":\"In\u00edcio\",\"item\":\"https:\\\/\\\/maranhaotv.com.br\\\/\"},{\"@type\":\"ListItem\",\"position\":2,\"name\":\"Fl\u00e1vio Dino toma posse como ministro do Supremo nesta quinta-feira\"}]},{\"@type\":\"WebSite\",\"@id\":\"https:\\\/\\\/maranhaotv.com.br\\\/#website\",\"url\":\"https:\\\/\\\/maranhaotv.com.br\\\/\",\"name\":\"Maranh\u00e3oTV\",\"description\":\"\",\"publisher\":{\"@id\":\"https:\\\/\\\/maranhaotv.com.br\\\/#organization\"},\"potentialAction\":[{\"@type\":\"SearchAction\",\"target\":{\"@type\":\"EntryPoint\",\"urlTemplate\":\"https:\\\/\\\/maranhaotv.com.br\\\/?s={search_term_string}\"},\"query-input\":{\"@type\":\"PropertyValueSpecification\",\"valueRequired\":true,\"valueName\":\"search_term_string\"}}],\"inLanguage\":\"pt-BR\"},{\"@type\":\"Organization\",\"@id\":\"https:\\\/\\\/maranhaotv.com.br\\\/#organization\",\"name\":\"Portal de Not\u00edcias\",\"url\":\"https:\\\/\\\/maranhaotv.com.br\\\/\",\"logo\":{\"@type\":\"ImageObject\",\"inLanguage\":\"pt-BR\",\"@id\":\"https:\\\/\\\/maranhaotv.com.br\\\/#\\\/schema\\\/logo\\\/image\\\/\",\"url\":\"https:\\\/\\\/maranhaotv.com.br\\\/wp-content\\\/uploads\\\/2024\\\/05\\\/cropped-cropped-avatar-1.png\",\"contentUrl\":\"https:\\\/\\\/maranhaotv.com.br\\\/wp-content\\\/uploads\\\/2024\\\/05\\\/cropped-cropped-avatar-1.png\",\"width\":792,\"height\":428,\"caption\":\"Portal de Not\u00edcias\"},\"image\":{\"@id\":\"https:\\\/\\\/maranhaotv.com.br\\\/#\\\/schema\\\/logo\\\/image\\\/\"},\"sameAs\":[\"https:\\\/\\\/www.facebook.com\\\/maiobaotv\",\"https:\\\/\\\/x.com\\\/sitemaranhaotv\",\"https:\\\/\\\/www.instagram.com\\\/maranhao.tv\",\"https:\\\/\\\/www.threads.net\\\/@maranhao.tv\"]},{\"@type\":\"Person\",\"@id\":\"https:\\\/\\\/maranhaotv.com.br\\\/#\\\/schema\\\/person\\\/3d54238e86b20bb5c89ab2fdb8f8829a\",\"name\":\"maranhaotv\",\"image\":{\"@type\":\"ImageObject\",\"inLanguage\":\"pt-BR\",\"@id\":\"https:\\\/\\\/secure.gravatar.com\\\/avatar\\\/8fadbca458d4cb68b1dd399ae9a40618d747bb1af65ac9fad21c89220a143eb4?s=96&d=mm&r=g\",\"url\":\"https:\\\/\\\/secure.gravatar.com\\\/avatar\\\/8fadbca458d4cb68b1dd399ae9a40618d747bb1af65ac9fad21c89220a143eb4?s=96&d=mm&r=g\",\"contentUrl\":\"https:\\\/\\\/secure.gravatar.com\\\/avatar\\\/8fadbca458d4cb68b1dd399ae9a40618d747bb1af65ac9fad21c89220a143eb4?s=96&d=mm&r=g\",\"caption\":\"maranhaotv\"},\"sameAs\":[\"https:\\\/\\\/maranhaotv.com.br\\\/\"],\"url\":\"https:\\\/\\\/maranhaotv.com.br\\\/index.php\\\/author\\\/maranhaotv\\\/\"}]}<\/script>\n<!-- \/ Yoast SEO plugin. -->","yoast_head_json":{"title":"Fl\u00e1vio Dino toma posse como ministro do Supremo nesta quinta-feira - NOT\u00cdCIAS EM TEMPO REAL","robots":{"index":"index","follow":"follow","max-snippet":"max-snippet:-1","max-image-preview":"max-image-preview:large","max-video-preview":"max-video-preview:-1"},"canonical":"https:\/\/maranhaotv.com.br\/index.php\/2024\/02\/22\/flavio-dino-toma-posse-como-ministro-do-supremo-nesta-quinta-feira\/","og_locale":"pt_BR","og_type":"article","og_title":"Fl\u00e1vio Dino toma posse como ministro do Supremo nesta quinta-feira - NOT\u00cdCIAS EM TEMPO REAL","og_description":"Escolhido pelo presidente Luiz In\u00e1cio Lula da Silva (PT) para suceder a ministra Rosa Weber, que se aposentou no ano","og_url":"https:\/\/maranhaotv.com.br\/index.php\/2024\/02\/22\/flavio-dino-toma-posse-como-ministro-do-supremo-nesta-quinta-feira\/","og_site_name":"NOT\u00cdCIAS EM TEMPO REAL","article_publisher":"https:\/\/www.facebook.com\/maiobaotv","article_published_time":"2024-02-22T12:28:01+00:00","author":"maranhaotv","twitter_card":"summary_large_image","twitter_creator":"@sitemaranhaotv","twitter_site":"@sitemaranhaotv","twitter_misc":{"Escrito por":"maranhaotv","Est. tempo de leitura":"2 minutos"},"schema":{"@context":"https:\/\/schema.org","@graph":[{"@type":"Article","@id":"https:\/\/maranhaotv.com.br\/index.php\/2024\/02\/22\/flavio-dino-toma-posse-como-ministro-do-supremo-nesta-quinta-feira\/#article","isPartOf":{"@id":"https:\/\/maranhaotv.com.br\/index.php\/2024\/02\/22\/flavio-dino-toma-posse-como-ministro-do-supremo-nesta-quinta-feira\/"},"author":{"name":"maranhaotv","@id":"https:\/\/maranhaotv.com.br\/#\/schema\/person\/3d54238e86b20bb5c89ab2fdb8f8829a"},"headline":"Fl\u00e1vio Dino toma posse como ministro do Supremo nesta quinta-feira","datePublished":"2024-02-22T12:28:01+00:00","mainEntityOfPage":{"@id":"https:\/\/maranhaotv.com.br\/index.php\/2024\/02\/22\/flavio-dino-toma-posse-como-ministro-do-supremo-nesta-quinta-feira\/"},"wordCount":397,"commentCount":0,"publisher":{"@id":"https:\/\/maranhaotv.com.br\/#organization"},"image":{"@id":"https:\/\/maranhaotv.com.br\/index.php\/2024\/02\/22\/flavio-dino-toma-posse-como-ministro-do-supremo-nesta-quinta-feira\/#primaryimage"},"thumbnailUrl":"","articleSection":["pol\u00edtica"],"inLanguage":"pt-BR","potentialAction":[{"@type":"CommentAction","name":"Comment","target":["https:\/\/maranhaotv.com.br\/index.php\/2024\/02\/22\/flavio-dino-toma-posse-como-ministro-do-supremo-nesta-quinta-feira\/#respond"]}]},{"@type":"WebPage","@id":"https:\/\/maranhaotv.com.br\/index.php\/2024\/02\/22\/flavio-dino-toma-posse-como-ministro-do-supremo-nesta-quinta-feira\/","url":"https:\/\/maranhaotv.com.br\/index.php\/2024\/02\/22\/flavio-dino-toma-posse-como-ministro-do-supremo-nesta-quinta-feira\/","name":"Fl\u00e1vio Dino toma posse como ministro do Supremo nesta quinta-feira - NOT\u00cdCIAS EM TEMPO REAL","isPartOf":{"@id":"https:\/\/maranhaotv.com.br\/#website"},"primaryImageOfPage":{"@id":"https:\/\/maranhaotv.com.br\/index.php\/2024\/02\/22\/flavio-dino-toma-posse-como-ministro-do-supremo-nesta-quinta-feira\/#primaryimage"},"image":{"@id":"https:\/\/maranhaotv.com.br\/index.php\/2024\/02\/22\/flavio-dino-toma-posse-como-ministro-do-supremo-nesta-quinta-feira\/#primaryimage"},"thumbnailUrl":"","datePublished":"2024-02-22T12:28:01+00:00","breadcrumb":{"@id":"https:\/\/maranhaotv.com.br\/index.php\/2024\/02\/22\/flavio-dino-toma-posse-como-ministro-do-supremo-nesta-quinta-feira\/#breadcrumb"},"inLanguage":"pt-BR","potentialAction":[{"@type":"ReadAction","target":["https:\/\/maranhaotv.com.br\/index.php\/2024\/02\/22\/flavio-dino-toma-posse-como-ministro-do-supremo-nesta-quinta-feira\/"]}]},{"@type":"ImageObject","inLanguage":"pt-BR","@id":"https:\/\/maranhaotv.com.br\/index.php\/2024\/02\/22\/flavio-dino-toma-posse-como-ministro-do-supremo-nesta-quinta-feira\/#primaryimage","url":"","contentUrl":""},{"@type":"BreadcrumbList","@id":"https:\/\/maranhaotv.com.br\/index.php\/2024\/02\/22\/flavio-dino-toma-posse-como-ministro-do-supremo-nesta-quinta-feira\/#breadcrumb","itemListElement":[{"@type":"ListItem","position":1,"name":"In\u00edcio","item":"https:\/\/maranhaotv.com.br\/"},{"@type":"ListItem","position":2,"name":"Fl\u00e1vio Dino toma posse como ministro do Supremo nesta quinta-feira"}]},{"@type":"WebSite","@id":"https:\/\/maranhaotv.com.br\/#website","url":"https:\/\/maranhaotv.com.br\/","name":"Maranh\u00e3oTV","description":"","publisher":{"@id":"https:\/\/maranhaotv.com.br\/#organization"},"potentialAction":[{"@type":"SearchAction","target":{"@type":"EntryPoint","urlTemplate":"https:\/\/maranhaotv.com.br\/?s={search_term_string}"},"query-input":{"@type":"PropertyValueSpecification","valueRequired":true,"valueName":"search_term_string"}}],"inLanguage":"pt-BR"},{"@type":"Organization","@id":"https:\/\/maranhaotv.com.br\/#organization","name":"Portal de Not\u00edcias","url":"https:\/\/maranhaotv.com.br\/","logo":{"@type":"ImageObject","inLanguage":"pt-BR","@id":"https:\/\/maranhaotv.com.br\/#\/schema\/logo\/image\/","url":"https:\/\/maranhaotv.com.br\/wp-content\/uploads\/2024\/05\/cropped-cropped-avatar-1.png","contentUrl":"https:\/\/maranhaotv.com.br\/wp-content\/uploads\/2024\/05\/cropped-cropped-avatar-1.png","width":792,"height":428,"caption":"Portal de Not\u00edcias"},"image":{"@id":"https:\/\/maranhaotv.com.br\/#\/schema\/logo\/image\/"},"sameAs":["https:\/\/www.facebook.com\/maiobaotv","https:\/\/x.com\/sitemaranhaotv","https:\/\/www.instagram.com\/maranhao.tv","https:\/\/www.threads.net\/@maranhao.tv"]},{"@type":"Person","@id":"https:\/\/maranhaotv.com.br\/#\/schema\/person\/3d54238e86b20bb5c89ab2fdb8f8829a","name":"maranhaotv","image":{"@type":"ImageObject","inLanguage":"pt-BR","@id":"https:\/\/secure.gravatar.com\/avatar\/8fadbca458d4cb68b1dd399ae9a40618d747bb1af65ac9fad21c89220a143eb4?s=96&d=mm&r=g","url":"https:\/\/secure.gravatar.com\/avatar\/8fadbca458d4cb68b1dd399ae9a40618d747bb1af65ac9fad21c89220a143eb4?s=96&d=mm&r=g","contentUrl":"https:\/\/secure.gravatar.com\/avatar\/8fadbca458d4cb68b1dd399ae9a40618d747bb1af65ac9fad21c89220a143eb4?s=96&d=mm&r=g","caption":"maranhaotv"},"sameAs":["https:\/\/maranhaotv.com.br\/"],"url":"https:\/\/maranhaotv.com.br\/index.php\/author\/maranhaotv\/"}]}},"jetpack_featured_media_url":"","jetpack_sharing_enabled":true,"_links":{"self":[{"href":"https:\/\/maranhaotv.com.br\/index.php\/wp-json\/wp\/v2\/posts\/34845","targetHints":{"allow":["GET"]}}],"collection":[{"href":"https:\/\/maranhaotv.com.br\/index.php\/wp-json\/wp\/v2\/posts"}],"about":[{"href":"https:\/\/maranhaotv.com.br\/index.php\/wp-json\/wp\/v2\/types\/post"}],"author":[{"embeddable":true,"href":"https:\/\/maranhaotv.com.br\/index.php\/wp-json\/wp\/v2\/users\/2"}],"replies":[{"embeddable":true,"href":"https:\/\/maranhaotv.com.br\/index.php\/wp-json\/wp\/v2\/comments?post=34845"}],"version-history":[{"count":0,"href":"https:\/\/maranhaotv.com.br\/index.php\/wp-json\/wp\/v2\/posts\/34845\/revisions"}],"wp:featuredmedia":[{"embeddable":true,"href":"https:\/\/maranhaotv.com.br\/index.php\/wp-json\/"}],"wp:attachment":[{"href":"https:\/\/maranhaotv.com.br\/index.php\/wp-json\/wp\/v2\/media?parent=34845"}],"wp:term":[{"taxonomy":"category","embeddable":true,"href":"https:\/\/maranhaotv.com.br\/index.php\/wp-json\/wp\/v2\/categories?post=34845"},{"taxonomy":"post_tag","embeddable":true,"href":"https:\/\/maranhaotv.com.br\/index.php\/wp-json\/wp\/v2\/tags?post=34845"}],"curies":[{"name":"wp","href":"https:\/\/api.w.org\/{rel}","templated":true}]}}