{"id":34853,"date":"2024-02-22T09:30:00","date_gmt":"2024-02-22T12:30:00","guid":{"rendered":"https:\/\/maranhaotv.com.br\/?p=34853"},"modified":"2024-02-22T09:30:00","modified_gmt":"2024-02-22T12:30:00","slug":"daniel-alves-e-condenado-a-4-anos-e-6-meses-de-prisao-na-espanha","status":"publish","type":"post","link":"https:\/\/maranhaotv.com.br\/index.php\/2024\/02\/22\/daniel-alves-e-condenado-a-4-anos-e-6-meses-de-prisao-na-espanha\/","title":{"rendered":"Daniel Alves \u00e9 condenado a 4 anos e 6 meses de pris\u00e3o na Espanha"},"content":{"rendered":"\n<p><br>O Tribunal de Barcelona, na Espanha, condenou\u00a0Daniel Alves\u00a0a\u00a04 anos e 6 meses de pris\u00e3o\u00a0pelo estupro de uma mulher de 23 anos em uma boate da cidade, al\u00e9m de cinco anos de liberdade vigiada ap\u00f3s o cumprimento da pena, sendo proibido de se comunicar ou se aproximar da v\u00edtima. <br><br>O crime ocorreu em dezembro de 2022, dias ap\u00f3s a participa\u00e7\u00e3o do jogador na Copa do Mundo do Catar com a sele\u00e7\u00e3o brasileira. A senten\u00e7a foi anunciada nesta quinta-feira, 22, pela ju\u00edza ju\u00edza Isabel Delgado P\u00e9rez e cabe recurso.<br><br>Daniel Alves, que alega inoc\u00eancia, estava preso de forma preventiva h\u00e1 13 meses e vai continuar na pris\u00e3o enquanto recorre no Tribunal de Apela\u00e7\u00e3o. O julgamento do brasileiro durou 3 dias e foi finalizado no dia 7 de fevereiro. <br><br>A mulher que acusa o brasileiro manteve a vers\u00e3o inicial e reafirmou ter sido violentada. O jogador chorou bastante, alegou que estava b\u00eabado, mas negou que a rela\u00e7\u00e3o aconteceu de maneira for\u00e7ada.<br><br>O Minist\u00e9rio P\u00fablico da Espanha havia pedido\u00a09 anos de pris\u00e3o\u00a0para o jogador. Por\u00e9m, era esperado que o brasileiro fosse condenado a no m\u00e1ximo seis anos. Isso porque no in\u00edcio do caso, a defesa dele pagou \u00e0 Justi\u00e7a o valor de 150 mil euros (cerca de R$ 800 mil) em atenuante de pena, esp\u00e9cie de indeniza\u00e7\u00e3o \u00e0 v\u00edtima abuso. Tamb\u00e9m determinado ao jogador o pagamento dos custos do processo.<\/p>\n","protected":false},"excerpt":{"rendered":"<p>O Tribunal de Barcelona, na Espanha, condenou\u00a0Daniel Alves\u00a0a\u00a04 anos e 6 meses de pris\u00e3o\u00a0pelo estupro de uma mulher de 23<\/p>\n","protected":false},"author":2,"featured_media":34852,"comment_status":"open","ping_status":"open","sticky":false,"template":"","format":"standard","meta":{"colormag_page_container_layout":"default_layout","colormag_page_sidebar_layout":"default_layout","_jetpack_memberships_contains_paid_content":false,"footnotes":""},"categories":[3],"tags":[],"class_list":["post-34853","post","type-post","status-publish","format-standard","has-post-thumbnail","hentry","category-policial"],"magazineBlocksPostFeaturedMedia":{"thumbnail":false,"medium":false,"medium_large":false,"large":false,"1536x1536":false,"2048x2048":false,"colormag-highlighted-post":false,"colormag-featured-post-medium":false,"colormag-featured-post-small":false,"colormag-featured-image":false,"colormag-default-news":false,"colormag-featured-image-large":false},"magazineBlocksPostAuthor":{"name":"maranhaotv","avatar":"https:\/\/secure.gravatar.com\/avatar\/8fadbca458d4cb68b1dd399ae9a40618d747bb1af65ac9fad21c89220a143eb4?s=96&d=mm&r=g"},"magazineBlocksPostCommentsNumber":"0","magazineBlocksPostExcerpt":"O Tribunal de Barcelona, na Espanha, condenou\u00a0Daniel Alves\u00a0a\u00a04 anos e 6 meses de pris\u00e3o\u00a0pelo estupro de uma mulher de 23","magazineBlocksPostCategories":["policial"],"magazineBlocksPostViewCount":225,"magazineBlocksPostReadTime":2,"magazine_blocks_featured_image_url":{"full":false,"medium":false,"thumbnail":false},"magazine_blocks_author":{"display_name":"maranhaotv","author_link":"https:\/\/maranhaotv.com.br\/index.php\/author\/maranhaotv\/"},"magazine_blocks_comment":0,"magazine_blocks_author_image":"https:\/\/secure.gravatar.com\/avatar\/8fadbca458d4cb68b1dd399ae9a40618d747bb1af65ac9fad21c89220a143eb4?s=96&d=mm&r=g","magazine_blocks_category":"<a href=\"#\" class=\"category-link category-link-3\">policial<\/a>","yoast_head":"<!-- This site is optimized with the Yoast SEO plugin v27.4 - https:\/\/yoast.com\/product\/yoast-seo-wordpress\/ -->\n<title>Daniel Alves \u00e9 condenado a 4 anos e 6 meses de pris\u00e3o na Espanha - NOT\u00cdCIAS EM TEMPO REAL<\/title>\n<meta name=\"robots\" content=\"index, follow, max-snippet:-1, max-image-preview:large, max-video-preview:-1\" \/>\n<link rel=\"canonical\" href=\"https:\/\/maranhaotv.com.br\/index.php\/2024\/02\/22\/daniel-alves-e-condenado-a-4-anos-e-6-meses-de-prisao-na-espanha\/\" \/>\n<meta property=\"og:locale\" content=\"pt_BR\" \/>\n<meta property=\"og:type\" content=\"article\" \/>\n<meta property=\"og:title\" content=\"Daniel Alves \u00e9 condenado a 4 anos e 6 meses de pris\u00e3o na Espanha - NOT\u00cdCIAS EM TEMPO REAL\" \/>\n<meta property=\"og:description\" content=\"O Tribunal de Barcelona, na Espanha, condenou\u00a0Daniel Alves\u00a0a\u00a04 anos e 6 meses de pris\u00e3o\u00a0pelo estupro de uma mulher de 23\" \/>\n<meta property=\"og:url\" content=\"https:\/\/maranhaotv.com.br\/index.php\/2024\/02\/22\/daniel-alves-e-condenado-a-4-anos-e-6-meses-de-prisao-na-espanha\/\" \/>\n<meta property=\"og:site_name\" content=\"NOT\u00cdCIAS EM TEMPO REAL\" \/>\n<meta property=\"article:publisher\" content=\"https:\/\/www.facebook.com\/maiobaotv\" \/>\n<meta property=\"article:published_time\" content=\"2024-02-22T12:30:00+00:00\" \/>\n<meta name=\"author\" content=\"maranhaotv\" \/>\n<meta name=\"twitter:card\" content=\"summary_large_image\" \/>\n<meta name=\"twitter:creator\" content=\"@sitemaranhaotv\" \/>\n<meta name=\"twitter:site\" content=\"@sitemaranhaotv\" \/>\n<meta name=\"twitter:label1\" content=\"Escrito por\" \/>\n\t<meta name=\"twitter:data1\" content=\"maranhaotv\" \/>\n\t<meta name=\"twitter:label2\" content=\"Est. tempo de leitura\" \/>\n\t<meta name=\"twitter:data2\" content=\"2 minutos\" \/>\n<script type=\"application\/ld+json\" class=\"yoast-schema-graph\">{\"@context\":\"https:\\\/\\\/schema.org\",\"@graph\":[{\"@type\":\"Article\",\"@id\":\"https:\\\/\\\/maranhaotv.com.br\\\/index.php\\\/2024\\\/02\\\/22\\\/daniel-alves-e-condenado-a-4-anos-e-6-meses-de-prisao-na-espanha\\\/#article\",\"isPartOf\":{\"@id\":\"https:\\\/\\\/maranhaotv.com.br\\\/index.php\\\/2024\\\/02\\\/22\\\/daniel-alves-e-condenado-a-4-anos-e-6-meses-de-prisao-na-espanha\\\/\"},\"author\":{\"name\":\"maranhaotv\",\"@id\":\"https:\\\/\\\/maranhaotv.com.br\\\/#\\\/schema\\\/person\\\/3d54238e86b20bb5c89ab2fdb8f8829a\"},\"headline\":\"Daniel Alves \u00e9 condenado a 4 anos e 6 meses de pris\u00e3o na Espanha\",\"datePublished\":\"2024-02-22T12:30:00+00:00\",\"mainEntityOfPage\":{\"@id\":\"https:\\\/\\\/maranhaotv.com.br\\\/index.php\\\/2024\\\/02\\\/22\\\/daniel-alves-e-condenado-a-4-anos-e-6-meses-de-prisao-na-espanha\\\/\"},\"wordCount\":260,\"commentCount\":0,\"publisher\":{\"@id\":\"https:\\\/\\\/maranhaotv.com.br\\\/#organization\"},\"image\":{\"@id\":\"https:\\\/\\\/maranhaotv.com.br\\\/index.php\\\/2024\\\/02\\\/22\\\/daniel-alves-e-condenado-a-4-anos-e-6-meses-de-prisao-na-espanha\\\/#primaryimage\"},\"thumbnailUrl\":\"\",\"articleSection\":[\"policial\"],\"inLanguage\":\"pt-BR\",\"potentialAction\":[{\"@type\":\"CommentAction\",\"name\":\"Comment\",\"target\":[\"https:\\\/\\\/maranhaotv.com.br\\\/index.php\\\/2024\\\/02\\\/22\\\/daniel-alves-e-condenado-a-4-anos-e-6-meses-de-prisao-na-espanha\\\/#respond\"]}]},{\"@type\":\"WebPage\",\"@id\":\"https:\\\/\\\/maranhaotv.com.br\\\/index.php\\\/2024\\\/02\\\/22\\\/daniel-alves-e-condenado-a-4-anos-e-6-meses-de-prisao-na-espanha\\\/\",\"url\":\"https:\\\/\\\/maranhaotv.com.br\\\/index.php\\\/2024\\\/02\\\/22\\\/daniel-alves-e-condenado-a-4-anos-e-6-meses-de-prisao-na-espanha\\\/\",\"name\":\"Daniel Alves \u00e9 condenado a 4 anos e 6 meses de pris\u00e3o na Espanha - NOT\u00cdCIAS EM TEMPO REAL\",\"isPartOf\":{\"@id\":\"https:\\\/\\\/maranhaotv.com.br\\\/#website\"},\"primaryImageOfPage\":{\"@id\":\"https:\\\/\\\/maranhaotv.com.br\\\/index.php\\\/2024\\\/02\\\/22\\\/daniel-alves-e-condenado-a-4-anos-e-6-meses-de-prisao-na-espanha\\\/#primaryimage\"},\"image\":{\"@id\":\"https:\\\/\\\/maranhaotv.com.br\\\/index.php\\\/2024\\\/02\\\/22\\\/daniel-alves-e-condenado-a-4-anos-e-6-meses-de-prisao-na-espanha\\\/#primaryimage\"},\"thumbnailUrl\":\"\",\"datePublished\":\"2024-02-22T12:30:00+00:00\",\"breadcrumb\":{\"@id\":\"https:\\\/\\\/maranhaotv.com.br\\\/index.php\\\/2024\\\/02\\\/22\\\/daniel-alves-e-condenado-a-4-anos-e-6-meses-de-prisao-na-espanha\\\/#breadcrumb\"},\"inLanguage\":\"pt-BR\",\"potentialAction\":[{\"@type\":\"ReadAction\",\"target\":[\"https:\\\/\\\/maranhaotv.com.br\\\/index.php\\\/2024\\\/02\\\/22\\\/daniel-alves-e-condenado-a-4-anos-e-6-meses-de-prisao-na-espanha\\\/\"]}]},{\"@type\":\"ImageObject\",\"inLanguage\":\"pt-BR\",\"@id\":\"https:\\\/\\\/maranhaotv.com.br\\\/index.php\\\/2024\\\/02\\\/22\\\/daniel-alves-e-condenado-a-4-anos-e-6-meses-de-prisao-na-espanha\\\/#primaryimage\",\"url\":\"\",\"contentUrl\":\"\"},{\"@type\":\"BreadcrumbList\",\"@id\":\"https:\\\/\\\/maranhaotv.com.br\\\/index.php\\\/2024\\\/02\\\/22\\\/daniel-alves-e-condenado-a-4-anos-e-6-meses-de-prisao-na-espanha\\\/#breadcrumb\",\"itemListElement\":[{\"@type\":\"ListItem\",\"position\":1,\"name\":\"In\u00edcio\",\"item\":\"https:\\\/\\\/maranhaotv.com.br\\\/\"},{\"@type\":\"ListItem\",\"position\":2,\"name\":\"Daniel Alves \u00e9 condenado a 4 anos e 6 meses de pris\u00e3o na Espanha\"}]},{\"@type\":\"WebSite\",\"@id\":\"https:\\\/\\\/maranhaotv.com.br\\\/#website\",\"url\":\"https:\\\/\\\/maranhaotv.com.br\\\/\",\"name\":\"Maranh\u00e3oTV\",\"description\":\"\",\"publisher\":{\"@id\":\"https:\\\/\\\/maranhaotv.com.br\\\/#organization\"},\"potentialAction\":[{\"@type\":\"SearchAction\",\"target\":{\"@type\":\"EntryPoint\",\"urlTemplate\":\"https:\\\/\\\/maranhaotv.com.br\\\/?s={search_term_string}\"},\"query-input\":{\"@type\":\"PropertyValueSpecification\",\"valueRequired\":true,\"valueName\":\"search_term_string\"}}],\"inLanguage\":\"pt-BR\"},{\"@type\":\"Organization\",\"@id\":\"https:\\\/\\\/maranhaotv.com.br\\\/#organization\",\"name\":\"Portal de Not\u00edcias\",\"url\":\"https:\\\/\\\/maranhaotv.com.br\\\/\",\"logo\":{\"@type\":\"ImageObject\",\"inLanguage\":\"pt-BR\",\"@id\":\"https:\\\/\\\/maranhaotv.com.br\\\/#\\\/schema\\\/logo\\\/image\\\/\",\"url\":\"https:\\\/\\\/maranhaotv.com.br\\\/wp-content\\\/uploads\\\/2024\\\/05\\\/cropped-cropped-avatar-1.png\",\"contentUrl\":\"https:\\\/\\\/maranhaotv.com.br\\\/wp-content\\\/uploads\\\/2024\\\/05\\\/cropped-cropped-avatar-1.png\",\"width\":792,\"height\":428,\"caption\":\"Portal de Not\u00edcias\"},\"image\":{\"@id\":\"https:\\\/\\\/maranhaotv.com.br\\\/#\\\/schema\\\/logo\\\/image\\\/\"},\"sameAs\":[\"https:\\\/\\\/www.facebook.com\\\/maiobaotv\",\"https:\\\/\\\/x.com\\\/sitemaranhaotv\",\"https:\\\/\\\/www.instagram.com\\\/maranhao.tv\",\"https:\\\/\\\/www.threads.net\\\/@maranhao.tv\"]},{\"@type\":\"Person\",\"@id\":\"https:\\\/\\\/maranhaotv.com.br\\\/#\\\/schema\\\/person\\\/3d54238e86b20bb5c89ab2fdb8f8829a\",\"name\":\"maranhaotv\",\"image\":{\"@type\":\"ImageObject\",\"inLanguage\":\"pt-BR\",\"@id\":\"https:\\\/\\\/secure.gravatar.com\\\/avatar\\\/8fadbca458d4cb68b1dd399ae9a40618d747bb1af65ac9fad21c89220a143eb4?s=96&d=mm&r=g\",\"url\":\"https:\\\/\\\/secure.gravatar.com\\\/avatar\\\/8fadbca458d4cb68b1dd399ae9a40618d747bb1af65ac9fad21c89220a143eb4?s=96&d=mm&r=g\",\"contentUrl\":\"https:\\\/\\\/secure.gravatar.com\\\/avatar\\\/8fadbca458d4cb68b1dd399ae9a40618d747bb1af65ac9fad21c89220a143eb4?s=96&d=mm&r=g\",\"caption\":\"maranhaotv\"},\"sameAs\":[\"https:\\\/\\\/maranhaotv.com.br\\\/\"],\"url\":\"https:\\\/\\\/maranhaotv.com.br\\\/index.php\\\/author\\\/maranhaotv\\\/\"}]}<\/script>\n<!-- \/ Yoast SEO plugin. -->","yoast_head_json":{"title":"Daniel Alves \u00e9 condenado a 4 anos e 6 meses de pris\u00e3o na Espanha - NOT\u00cdCIAS EM TEMPO REAL","robots":{"index":"index","follow":"follow","max-snippet":"max-snippet:-1","max-image-preview":"max-image-preview:large","max-video-preview":"max-video-preview:-1"},"canonical":"https:\/\/maranhaotv.com.br\/index.php\/2024\/02\/22\/daniel-alves-e-condenado-a-4-anos-e-6-meses-de-prisao-na-espanha\/","og_locale":"pt_BR","og_type":"article","og_title":"Daniel Alves \u00e9 condenado a 4 anos e 6 meses de pris\u00e3o na Espanha - NOT\u00cdCIAS EM TEMPO REAL","og_description":"O Tribunal de Barcelona, na Espanha, condenou\u00a0Daniel Alves\u00a0a\u00a04 anos e 6 meses de pris\u00e3o\u00a0pelo estupro de uma mulher de 23","og_url":"https:\/\/maranhaotv.com.br\/index.php\/2024\/02\/22\/daniel-alves-e-condenado-a-4-anos-e-6-meses-de-prisao-na-espanha\/","og_site_name":"NOT\u00cdCIAS EM TEMPO REAL","article_publisher":"https:\/\/www.facebook.com\/maiobaotv","article_published_time":"2024-02-22T12:30:00+00:00","author":"maranhaotv","twitter_card":"summary_large_image","twitter_creator":"@sitemaranhaotv","twitter_site":"@sitemaranhaotv","twitter_misc":{"Escrito por":"maranhaotv","Est. tempo de leitura":"2 minutos"},"schema":{"@context":"https:\/\/schema.org","@graph":[{"@type":"Article","@id":"https:\/\/maranhaotv.com.br\/index.php\/2024\/02\/22\/daniel-alves-e-condenado-a-4-anos-e-6-meses-de-prisao-na-espanha\/#article","isPartOf":{"@id":"https:\/\/maranhaotv.com.br\/index.php\/2024\/02\/22\/daniel-alves-e-condenado-a-4-anos-e-6-meses-de-prisao-na-espanha\/"},"author":{"name":"maranhaotv","@id":"https:\/\/maranhaotv.com.br\/#\/schema\/person\/3d54238e86b20bb5c89ab2fdb8f8829a"},"headline":"Daniel Alves \u00e9 condenado a 4 anos e 6 meses de pris\u00e3o na Espanha","datePublished":"2024-02-22T12:30:00+00:00","mainEntityOfPage":{"@id":"https:\/\/maranhaotv.com.br\/index.php\/2024\/02\/22\/daniel-alves-e-condenado-a-4-anos-e-6-meses-de-prisao-na-espanha\/"},"wordCount":260,"commentCount":0,"publisher":{"@id":"https:\/\/maranhaotv.com.br\/#organization"},"image":{"@id":"https:\/\/maranhaotv.com.br\/index.php\/2024\/02\/22\/daniel-alves-e-condenado-a-4-anos-e-6-meses-de-prisao-na-espanha\/#primaryimage"},"thumbnailUrl":"","articleSection":["policial"],"inLanguage":"pt-BR","potentialAction":[{"@type":"CommentAction","name":"Comment","target":["https:\/\/maranhaotv.com.br\/index.php\/2024\/02\/22\/daniel-alves-e-condenado-a-4-anos-e-6-meses-de-prisao-na-espanha\/#respond"]}]},{"@type":"WebPage","@id":"https:\/\/maranhaotv.com.br\/index.php\/2024\/02\/22\/daniel-alves-e-condenado-a-4-anos-e-6-meses-de-prisao-na-espanha\/","url":"https:\/\/maranhaotv.com.br\/index.php\/2024\/02\/22\/daniel-alves-e-condenado-a-4-anos-e-6-meses-de-prisao-na-espanha\/","name":"Daniel Alves \u00e9 condenado a 4 anos e 6 meses de pris\u00e3o na Espanha - NOT\u00cdCIAS EM TEMPO REAL","isPartOf":{"@id":"https:\/\/maranhaotv.com.br\/#website"},"primaryImageOfPage":{"@id":"https:\/\/maranhaotv.com.br\/index.php\/2024\/02\/22\/daniel-alves-e-condenado-a-4-anos-e-6-meses-de-prisao-na-espanha\/#primaryimage"},"image":{"@id":"https:\/\/maranhaotv.com.br\/index.php\/2024\/02\/22\/daniel-alves-e-condenado-a-4-anos-e-6-meses-de-prisao-na-espanha\/#primaryimage"},"thumbnailUrl":"","datePublished":"2024-02-22T12:30:00+00:00","breadcrumb":{"@id":"https:\/\/maranhaotv.com.br\/index.php\/2024\/02\/22\/daniel-alves-e-condenado-a-4-anos-e-6-meses-de-prisao-na-espanha\/#breadcrumb"},"inLanguage":"pt-BR","potentialAction":[{"@type":"ReadAction","target":["https:\/\/maranhaotv.com.br\/index.php\/2024\/02\/22\/daniel-alves-e-condenado-a-4-anos-e-6-meses-de-prisao-na-espanha\/"]}]},{"@type":"ImageObject","inLanguage":"pt-BR","@id":"https:\/\/maranhaotv.com.br\/index.php\/2024\/02\/22\/daniel-alves-e-condenado-a-4-anos-e-6-meses-de-prisao-na-espanha\/#primaryimage","url":"","contentUrl":""},{"@type":"BreadcrumbList","@id":"https:\/\/maranhaotv.com.br\/index.php\/2024\/02\/22\/daniel-alves-e-condenado-a-4-anos-e-6-meses-de-prisao-na-espanha\/#breadcrumb","itemListElement":[{"@type":"ListItem","position":1,"name":"In\u00edcio","item":"https:\/\/maranhaotv.com.br\/"},{"@type":"ListItem","position":2,"name":"Daniel Alves \u00e9 condenado a 4 anos e 6 meses de pris\u00e3o na Espanha"}]},{"@type":"WebSite","@id":"https:\/\/maranhaotv.com.br\/#website","url":"https:\/\/maranhaotv.com.br\/","name":"Maranh\u00e3oTV","description":"","publisher":{"@id":"https:\/\/maranhaotv.com.br\/#organization"},"potentialAction":[{"@type":"SearchAction","target":{"@type":"EntryPoint","urlTemplate":"https:\/\/maranhaotv.com.br\/?s={search_term_string}"},"query-input":{"@type":"PropertyValueSpecification","valueRequired":true,"valueName":"search_term_string"}}],"inLanguage":"pt-BR"},{"@type":"Organization","@id":"https:\/\/maranhaotv.com.br\/#organization","name":"Portal de Not\u00edcias","url":"https:\/\/maranhaotv.com.br\/","logo":{"@type":"ImageObject","inLanguage":"pt-BR","@id":"https:\/\/maranhaotv.com.br\/#\/schema\/logo\/image\/","url":"https:\/\/maranhaotv.com.br\/wp-content\/uploads\/2024\/05\/cropped-cropped-avatar-1.png","contentUrl":"https:\/\/maranhaotv.com.br\/wp-content\/uploads\/2024\/05\/cropped-cropped-avatar-1.png","width":792,"height":428,"caption":"Portal de Not\u00edcias"},"image":{"@id":"https:\/\/maranhaotv.com.br\/#\/schema\/logo\/image\/"},"sameAs":["https:\/\/www.facebook.com\/maiobaotv","https:\/\/x.com\/sitemaranhaotv","https:\/\/www.instagram.com\/maranhao.tv","https:\/\/www.threads.net\/@maranhao.tv"]},{"@type":"Person","@id":"https:\/\/maranhaotv.com.br\/#\/schema\/person\/3d54238e86b20bb5c89ab2fdb8f8829a","name":"maranhaotv","image":{"@type":"ImageObject","inLanguage":"pt-BR","@id":"https:\/\/secure.gravatar.com\/avatar\/8fadbca458d4cb68b1dd399ae9a40618d747bb1af65ac9fad21c89220a143eb4?s=96&d=mm&r=g","url":"https:\/\/secure.gravatar.com\/avatar\/8fadbca458d4cb68b1dd399ae9a40618d747bb1af65ac9fad21c89220a143eb4?s=96&d=mm&r=g","contentUrl":"https:\/\/secure.gravatar.com\/avatar\/8fadbca458d4cb68b1dd399ae9a40618d747bb1af65ac9fad21c89220a143eb4?s=96&d=mm&r=g","caption":"maranhaotv"},"sameAs":["https:\/\/maranhaotv.com.br\/"],"url":"https:\/\/maranhaotv.com.br\/index.php\/author\/maranhaotv\/"}]}},"jetpack_featured_media_url":"","jetpack_sharing_enabled":true,"_links":{"self":[{"href":"https:\/\/maranhaotv.com.br\/index.php\/wp-json\/wp\/v2\/posts\/34853","targetHints":{"allow":["GET"]}}],"collection":[{"href":"https:\/\/maranhaotv.com.br\/index.php\/wp-json\/wp\/v2\/posts"}],"about":[{"href":"https:\/\/maranhaotv.com.br\/index.php\/wp-json\/wp\/v2\/types\/post"}],"author":[{"embeddable":true,"href":"https:\/\/maranhaotv.com.br\/index.php\/wp-json\/wp\/v2\/users\/2"}],"replies":[{"embeddable":true,"href":"https:\/\/maranhaotv.com.br\/index.php\/wp-json\/wp\/v2\/comments?post=34853"}],"version-history":[{"count":0,"href":"https:\/\/maranhaotv.com.br\/index.php\/wp-json\/wp\/v2\/posts\/34853\/revisions"}],"wp:featuredmedia":[{"embeddable":true,"href":"https:\/\/maranhaotv.com.br\/index.php\/wp-json\/"}],"wp:attachment":[{"href":"https:\/\/maranhaotv.com.br\/index.php\/wp-json\/wp\/v2\/media?parent=34853"}],"wp:term":[{"taxonomy":"category","embeddable":true,"href":"https:\/\/maranhaotv.com.br\/index.php\/wp-json\/wp\/v2\/categories?post=34853"},{"taxonomy":"post_tag","embeddable":true,"href":"https:\/\/maranhaotv.com.br\/index.php\/wp-json\/wp\/v2\/tags?post=34853"}],"curies":[{"name":"wp","href":"https:\/\/api.w.org\/{rel}","templated":true}]}}