{"id":34882,"date":"2024-02-23T10:34:15","date_gmt":"2024-02-23T13:34:15","guid":{"rendered":"https:\/\/maranhaotv.com.br\/?p=34882"},"modified":"2024-02-23T10:34:15","modified_gmt":"2024-02-23T13:34:15","slug":"penha-mantem-debate-sobre-pl-que-amplia-direito-a-gratuidade-no-transporte-coletivo","status":"publish","type":"post","link":"https:\/\/maranhaotv.com.br\/index.php\/2024\/02\/23\/penha-mantem-debate-sobre-pl-que-amplia-direito-a-gratuidade-no-transporte-coletivo\/","title":{"rendered":"Penha mant\u00e9m debate sobre PL que amplia direito a gratuidade no transporte coletivo"},"content":{"rendered":"\n<p><br><br>O Projeto de Lei n\u00ba 228\/23, que garante a gratuidade no transporte coletivo para acompanhantes de pessoas com defici\u00eancia, mesmo na aus\u00eancia do benefici\u00e1rio, continua em debate. Desta vez, o vereador autor do projeto, Raimundo Penha, reuniu-se com o superintendente municipal de Transporte, Paulo Andrade, e sua equipe, para discutir sua proposta.<br><br>&#8220;Estamos aprimorando uma legisla\u00e7\u00e3o que ser\u00e1 votada na semana que vem na C\u00e2mara de S\u00e3o Lu\u00eds, com o objetivo de aperfei\u00e7oar o benef\u00edcio da gratuidade para pessoas com defici\u00eancia, possibilitando que pais e respons\u00e1veis possam utilizar esse benef\u00edcio para resolver as necessidades das pessoas com defici\u00eancia, como por exemplo, marcar consultas, fazer rematr\u00edculas na escola, buscar medicamentos, etc. Teremos uma legisla\u00e7\u00e3o mais humanizada e que respeite as pessoas com defici\u00eancia em nossa cidade\u201d, afirmou Raimundo Penha.<br><br>A melhoria desta lei ter\u00e1 um impacto significativo na rotina das fam\u00edlias que t\u00eam pessoas com defici\u00eancia. O benef\u00edcio da gratuidade poder\u00e1 ser utilizado de maneira mais flex\u00edvel, permitindo que m\u00e3es e respons\u00e1veis possam cuidar das necessidades m\u00e9dicas e terap\u00eauticas dos PCDs de forma mais pr\u00e1tica e eficaz.<br><br>Durante a reuni\u00e3o na Secretaria Municipal de Tr\u00e2nsito e Transporte (SMTT), tamb\u00e9m foram debatidas ideias para garantir mais acessibilidade e prote\u00e7\u00e3o de direitos. Uma das propostas \u00e9 a padroniza\u00e7\u00e3o dos cart\u00f5es de identifica\u00e7\u00e3o das pessoas com defici\u00eancia, visando evitar fraudes, para comprovar o direito de usufruir de filas preferenciais, atendimentos priorit\u00e1rios e meia-entrada na compra de ingressos para eventos e cinemas.<br><br>A representante do Grupo de M\u00e3es Fant\u00e1sticas, Maruschka Aguiar, ressaltou a import\u00e2ncia de aperfei\u00e7oar a lei para garantir mais flexibilidade no dia a dia das PCDs e seus respons\u00e1veis. \u201cEste aprimoramento da lei significa que as fam\u00edlias ter\u00e3o mais liberdade para gerenciar as necessidades de sa\u00fade e bem-estar das pessoas com defici\u00eancia, sem as limita\u00e7\u00f5es atuais. Isso certamente facilitar\u00e1 a vida di\u00e1ria, trazendo mais tranquilidade e al\u00edvio financeiro para as nossas fam\u00edlias\u201d, enfatizou.<br><br>Estiveram presentes na reuni\u00e3o o vereador Raimundo Penha, o superintendente de Transporte, Paulo Andrade, o presidente da Associa\u00e7\u00e3o Maranhense de Equoterapia (AME), Ricardo Pereira, a representante do Grupo de M\u00e3es Fant\u00e1sticas, Maruschka Aguiar, e a equipe t\u00e9cnica da SMTT.<\/p>\n\n\n\n<figure class=\"wp-block-image size-large\"><img decoding=\"async\" src=\"https:\/\/maranhaotv.com.br\/wp-content\/uploads\/2024\/02\/img-20240223-wa009857621333340615485-1024x683.jpg\" alt=\"\" class=\"wp-image-34880\"\/><\/figure>\n","protected":false},"excerpt":{"rendered":"<p>O Projeto de Lei n\u00ba 228\/23, que garante a gratuidade no transporte coletivo para acompanhantes de pessoas com defici\u00eancia, mesmo<\/p>\n","protected":false},"author":2,"featured_media":34881,"comment_status":"open","ping_status":"open","sticky":false,"template":"","format":"standard","meta":{"colormag_page_container_layout":"default_layout","colormag_page_sidebar_layout":"default_layout","_jetpack_memberships_contains_paid_content":false,"footnotes":""},"categories":[2],"tags":[],"class_list":["post-34882","post","type-post","status-publish","format-standard","has-post-thumbnail","hentry","category-noticias"],"magazineBlocksPostFeaturedMedia":{"thumbnail":false,"medium":false,"medium_large":false,"large":false,"1536x1536":false,"2048x2048":false,"colormag-highlighted-post":false,"colormag-featured-post-medium":false,"colormag-featured-post-small":false,"colormag-featured-image":false,"colormag-default-news":false,"colormag-featured-image-large":false},"magazineBlocksPostAuthor":{"name":"maranhaotv","avatar":"https:\/\/secure.gravatar.com\/avatar\/8fadbca458d4cb68b1dd399ae9a40618d747bb1af65ac9fad21c89220a143eb4?s=96&d=mm&r=g"},"magazineBlocksPostCommentsNumber":"0","magazineBlocksPostExcerpt":"O Projeto de Lei n\u00ba 228\/23, que garante a gratuidade no transporte coletivo para acompanhantes de pessoas com defici\u00eancia, mesmo","magazineBlocksPostCategories":["not\u00edcias"],"magazineBlocksPostViewCount":339,"magazineBlocksPostReadTime":2,"magazine_blocks_featured_image_url":{"full":false,"medium":false,"thumbnail":false},"magazine_blocks_author":{"display_name":"maranhaotv","author_link":"https:\/\/maranhaotv.com.br\/index.php\/author\/maranhaotv\/"},"magazine_blocks_comment":0,"magazine_blocks_author_image":"https:\/\/secure.gravatar.com\/avatar\/8fadbca458d4cb68b1dd399ae9a40618d747bb1af65ac9fad21c89220a143eb4?s=96&d=mm&r=g","magazine_blocks_category":"<a href=\"#\" class=\"category-link category-link-2\">not\u00edcias<\/a>","yoast_head":"<!-- This site is optimized with the Yoast SEO plugin v27.4 - https:\/\/yoast.com\/product\/yoast-seo-wordpress\/ -->\n<title>Penha mant\u00e9m debate sobre PL que amplia direito a gratuidade no transporte coletivo - NOT\u00cdCIAS EM TEMPO REAL<\/title>\n<meta name=\"robots\" content=\"index, follow, max-snippet:-1, max-image-preview:large, max-video-preview:-1\" \/>\n<link rel=\"canonical\" href=\"https:\/\/maranhaotv.com.br\/index.php\/2024\/02\/23\/penha-mantem-debate-sobre-pl-que-amplia-direito-a-gratuidade-no-transporte-coletivo\/\" \/>\n<meta property=\"og:locale\" content=\"pt_BR\" \/>\n<meta property=\"og:type\" content=\"article\" \/>\n<meta property=\"og:title\" content=\"Penha mant\u00e9m debate sobre PL que amplia direito a gratuidade no transporte coletivo - NOT\u00cdCIAS EM TEMPO REAL\" \/>\n<meta property=\"og:description\" content=\"O Projeto de Lei n\u00ba 228\/23, que garante a gratuidade no transporte coletivo para acompanhantes de pessoas com defici\u00eancia, mesmo\" \/>\n<meta property=\"og:url\" content=\"https:\/\/maranhaotv.com.br\/index.php\/2024\/02\/23\/penha-mantem-debate-sobre-pl-que-amplia-direito-a-gratuidade-no-transporte-coletivo\/\" \/>\n<meta property=\"og:site_name\" content=\"NOT\u00cdCIAS EM TEMPO REAL\" \/>\n<meta property=\"article:publisher\" content=\"https:\/\/www.facebook.com\/maiobaotv\" \/>\n<meta property=\"article:published_time\" content=\"2024-02-23T13:34:15+00:00\" \/>\n<meta name=\"author\" content=\"maranhaotv\" \/>\n<meta name=\"twitter:card\" content=\"summary_large_image\" \/>\n<meta name=\"twitter:creator\" content=\"@sitemaranhaotv\" \/>\n<meta name=\"twitter:site\" content=\"@sitemaranhaotv\" \/>\n<meta name=\"twitter:label1\" content=\"Escrito por\" \/>\n\t<meta name=\"twitter:data1\" content=\"maranhaotv\" \/>\n\t<meta name=\"twitter:label2\" content=\"Est. tempo de leitura\" \/>\n\t<meta name=\"twitter:data2\" content=\"2 minutos\" \/>\n<script type=\"application\/ld+json\" class=\"yoast-schema-graph\">{\"@context\":\"https:\\\/\\\/schema.org\",\"@graph\":[{\"@type\":\"Article\",\"@id\":\"https:\\\/\\\/maranhaotv.com.br\\\/index.php\\\/2024\\\/02\\\/23\\\/penha-mantem-debate-sobre-pl-que-amplia-direito-a-gratuidade-no-transporte-coletivo\\\/#article\",\"isPartOf\":{\"@id\":\"https:\\\/\\\/maranhaotv.com.br\\\/index.php\\\/2024\\\/02\\\/23\\\/penha-mantem-debate-sobre-pl-que-amplia-direito-a-gratuidade-no-transporte-coletivo\\\/\"},\"author\":{\"name\":\"maranhaotv\",\"@id\":\"https:\\\/\\\/maranhaotv.com.br\\\/#\\\/schema\\\/person\\\/3d54238e86b20bb5c89ab2fdb8f8829a\"},\"headline\":\"Penha mant\u00e9m debate sobre PL que amplia direito a gratuidade no transporte coletivo\",\"datePublished\":\"2024-02-23T13:34:15+00:00\",\"mainEntityOfPage\":{\"@id\":\"https:\\\/\\\/maranhaotv.com.br\\\/index.php\\\/2024\\\/02\\\/23\\\/penha-mantem-debate-sobre-pl-que-amplia-direito-a-gratuidade-no-transporte-coletivo\\\/\"},\"wordCount\":414,\"commentCount\":0,\"publisher\":{\"@id\":\"https:\\\/\\\/maranhaotv.com.br\\\/#organization\"},\"image\":{\"@id\":\"https:\\\/\\\/maranhaotv.com.br\\\/index.php\\\/2024\\\/02\\\/23\\\/penha-mantem-debate-sobre-pl-que-amplia-direito-a-gratuidade-no-transporte-coletivo\\\/#primaryimage\"},\"thumbnailUrl\":\"\",\"articleSection\":[\"not\u00edcias\"],\"inLanguage\":\"pt-BR\",\"potentialAction\":[{\"@type\":\"CommentAction\",\"name\":\"Comment\",\"target\":[\"https:\\\/\\\/maranhaotv.com.br\\\/index.php\\\/2024\\\/02\\\/23\\\/penha-mantem-debate-sobre-pl-que-amplia-direito-a-gratuidade-no-transporte-coletivo\\\/#respond\"]}]},{\"@type\":\"WebPage\",\"@id\":\"https:\\\/\\\/maranhaotv.com.br\\\/index.php\\\/2024\\\/02\\\/23\\\/penha-mantem-debate-sobre-pl-que-amplia-direito-a-gratuidade-no-transporte-coletivo\\\/\",\"url\":\"https:\\\/\\\/maranhaotv.com.br\\\/index.php\\\/2024\\\/02\\\/23\\\/penha-mantem-debate-sobre-pl-que-amplia-direito-a-gratuidade-no-transporte-coletivo\\\/\",\"name\":\"Penha mant\u00e9m debate sobre PL que amplia direito a gratuidade no transporte coletivo - NOT\u00cdCIAS EM TEMPO REAL\",\"isPartOf\":{\"@id\":\"https:\\\/\\\/maranhaotv.com.br\\\/#website\"},\"primaryImageOfPage\":{\"@id\":\"https:\\\/\\\/maranhaotv.com.br\\\/index.php\\\/2024\\\/02\\\/23\\\/penha-mantem-debate-sobre-pl-que-amplia-direito-a-gratuidade-no-transporte-coletivo\\\/#primaryimage\"},\"image\":{\"@id\":\"https:\\\/\\\/maranhaotv.com.br\\\/index.php\\\/2024\\\/02\\\/23\\\/penha-mantem-debate-sobre-pl-que-amplia-direito-a-gratuidade-no-transporte-coletivo\\\/#primaryimage\"},\"thumbnailUrl\":\"\",\"datePublished\":\"2024-02-23T13:34:15+00:00\",\"breadcrumb\":{\"@id\":\"https:\\\/\\\/maranhaotv.com.br\\\/index.php\\\/2024\\\/02\\\/23\\\/penha-mantem-debate-sobre-pl-que-amplia-direito-a-gratuidade-no-transporte-coletivo\\\/#breadcrumb\"},\"inLanguage\":\"pt-BR\",\"potentialAction\":[{\"@type\":\"ReadAction\",\"target\":[\"https:\\\/\\\/maranhaotv.com.br\\\/index.php\\\/2024\\\/02\\\/23\\\/penha-mantem-debate-sobre-pl-que-amplia-direito-a-gratuidade-no-transporte-coletivo\\\/\"]}]},{\"@type\":\"ImageObject\",\"inLanguage\":\"pt-BR\",\"@id\":\"https:\\\/\\\/maranhaotv.com.br\\\/index.php\\\/2024\\\/02\\\/23\\\/penha-mantem-debate-sobre-pl-que-amplia-direito-a-gratuidade-no-transporte-coletivo\\\/#primaryimage\",\"url\":\"\",\"contentUrl\":\"\"},{\"@type\":\"BreadcrumbList\",\"@id\":\"https:\\\/\\\/maranhaotv.com.br\\\/index.php\\\/2024\\\/02\\\/23\\\/penha-mantem-debate-sobre-pl-que-amplia-direito-a-gratuidade-no-transporte-coletivo\\\/#breadcrumb\",\"itemListElement\":[{\"@type\":\"ListItem\",\"position\":1,\"name\":\"In\u00edcio\",\"item\":\"https:\\\/\\\/maranhaotv.com.br\\\/\"},{\"@type\":\"ListItem\",\"position\":2,\"name\":\"Penha mant\u00e9m debate sobre PL que amplia direito a gratuidade no transporte coletivo\"}]},{\"@type\":\"WebSite\",\"@id\":\"https:\\\/\\\/maranhaotv.com.br\\\/#website\",\"url\":\"https:\\\/\\\/maranhaotv.com.br\\\/\",\"name\":\"Maranh\u00e3oTV\",\"description\":\"\",\"publisher\":{\"@id\":\"https:\\\/\\\/maranhaotv.com.br\\\/#organization\"},\"potentialAction\":[{\"@type\":\"SearchAction\",\"target\":{\"@type\":\"EntryPoint\",\"urlTemplate\":\"https:\\\/\\\/maranhaotv.com.br\\\/?s={search_term_string}\"},\"query-input\":{\"@type\":\"PropertyValueSpecification\",\"valueRequired\":true,\"valueName\":\"search_term_string\"}}],\"inLanguage\":\"pt-BR\"},{\"@type\":\"Organization\",\"@id\":\"https:\\\/\\\/maranhaotv.com.br\\\/#organization\",\"name\":\"Portal de Not\u00edcias\",\"url\":\"https:\\\/\\\/maranhaotv.com.br\\\/\",\"logo\":{\"@type\":\"ImageObject\",\"inLanguage\":\"pt-BR\",\"@id\":\"https:\\\/\\\/maranhaotv.com.br\\\/#\\\/schema\\\/logo\\\/image\\\/\",\"url\":\"https:\\\/\\\/maranhaotv.com.br\\\/wp-content\\\/uploads\\\/2024\\\/05\\\/cropped-cropped-avatar-1.png\",\"contentUrl\":\"https:\\\/\\\/maranhaotv.com.br\\\/wp-content\\\/uploads\\\/2024\\\/05\\\/cropped-cropped-avatar-1.png\",\"width\":792,\"height\":428,\"caption\":\"Portal de Not\u00edcias\"},\"image\":{\"@id\":\"https:\\\/\\\/maranhaotv.com.br\\\/#\\\/schema\\\/logo\\\/image\\\/\"},\"sameAs\":[\"https:\\\/\\\/www.facebook.com\\\/maiobaotv\",\"https:\\\/\\\/x.com\\\/sitemaranhaotv\",\"https:\\\/\\\/www.instagram.com\\\/maranhao.tv\",\"https:\\\/\\\/www.threads.net\\\/@maranhao.tv\"]},{\"@type\":\"Person\",\"@id\":\"https:\\\/\\\/maranhaotv.com.br\\\/#\\\/schema\\\/person\\\/3d54238e86b20bb5c89ab2fdb8f8829a\",\"name\":\"maranhaotv\",\"image\":{\"@type\":\"ImageObject\",\"inLanguage\":\"pt-BR\",\"@id\":\"https:\\\/\\\/secure.gravatar.com\\\/avatar\\\/8fadbca458d4cb68b1dd399ae9a40618d747bb1af65ac9fad21c89220a143eb4?s=96&d=mm&r=g\",\"url\":\"https:\\\/\\\/secure.gravatar.com\\\/avatar\\\/8fadbca458d4cb68b1dd399ae9a40618d747bb1af65ac9fad21c89220a143eb4?s=96&d=mm&r=g\",\"contentUrl\":\"https:\\\/\\\/secure.gravatar.com\\\/avatar\\\/8fadbca458d4cb68b1dd399ae9a40618d747bb1af65ac9fad21c89220a143eb4?s=96&d=mm&r=g\",\"caption\":\"maranhaotv\"},\"sameAs\":[\"https:\\\/\\\/maranhaotv.com.br\\\/\"],\"url\":\"https:\\\/\\\/maranhaotv.com.br\\\/index.php\\\/author\\\/maranhaotv\\\/\"}]}<\/script>\n<!-- \/ Yoast SEO plugin. -->","yoast_head_json":{"title":"Penha mant\u00e9m debate sobre PL que amplia direito a gratuidade no transporte coletivo - NOT\u00cdCIAS EM TEMPO REAL","robots":{"index":"index","follow":"follow","max-snippet":"max-snippet:-1","max-image-preview":"max-image-preview:large","max-video-preview":"max-video-preview:-1"},"canonical":"https:\/\/maranhaotv.com.br\/index.php\/2024\/02\/23\/penha-mantem-debate-sobre-pl-que-amplia-direito-a-gratuidade-no-transporte-coletivo\/","og_locale":"pt_BR","og_type":"article","og_title":"Penha mant\u00e9m debate sobre PL que amplia direito a gratuidade no transporte coletivo - NOT\u00cdCIAS EM TEMPO REAL","og_description":"O Projeto de Lei n\u00ba 228\/23, que garante a gratuidade no transporte coletivo para acompanhantes de pessoas com defici\u00eancia, mesmo","og_url":"https:\/\/maranhaotv.com.br\/index.php\/2024\/02\/23\/penha-mantem-debate-sobre-pl-que-amplia-direito-a-gratuidade-no-transporte-coletivo\/","og_site_name":"NOT\u00cdCIAS EM TEMPO REAL","article_publisher":"https:\/\/www.facebook.com\/maiobaotv","article_published_time":"2024-02-23T13:34:15+00:00","author":"maranhaotv","twitter_card":"summary_large_image","twitter_creator":"@sitemaranhaotv","twitter_site":"@sitemaranhaotv","twitter_misc":{"Escrito por":"maranhaotv","Est. tempo de leitura":"2 minutos"},"schema":{"@context":"https:\/\/schema.org","@graph":[{"@type":"Article","@id":"https:\/\/maranhaotv.com.br\/index.php\/2024\/02\/23\/penha-mantem-debate-sobre-pl-que-amplia-direito-a-gratuidade-no-transporte-coletivo\/#article","isPartOf":{"@id":"https:\/\/maranhaotv.com.br\/index.php\/2024\/02\/23\/penha-mantem-debate-sobre-pl-que-amplia-direito-a-gratuidade-no-transporte-coletivo\/"},"author":{"name":"maranhaotv","@id":"https:\/\/maranhaotv.com.br\/#\/schema\/person\/3d54238e86b20bb5c89ab2fdb8f8829a"},"headline":"Penha mant\u00e9m debate sobre PL que amplia direito a gratuidade no transporte coletivo","datePublished":"2024-02-23T13:34:15+00:00","mainEntityOfPage":{"@id":"https:\/\/maranhaotv.com.br\/index.php\/2024\/02\/23\/penha-mantem-debate-sobre-pl-que-amplia-direito-a-gratuidade-no-transporte-coletivo\/"},"wordCount":414,"commentCount":0,"publisher":{"@id":"https:\/\/maranhaotv.com.br\/#organization"},"image":{"@id":"https:\/\/maranhaotv.com.br\/index.php\/2024\/02\/23\/penha-mantem-debate-sobre-pl-que-amplia-direito-a-gratuidade-no-transporte-coletivo\/#primaryimage"},"thumbnailUrl":"","articleSection":["not\u00edcias"],"inLanguage":"pt-BR","potentialAction":[{"@type":"CommentAction","name":"Comment","target":["https:\/\/maranhaotv.com.br\/index.php\/2024\/02\/23\/penha-mantem-debate-sobre-pl-que-amplia-direito-a-gratuidade-no-transporte-coletivo\/#respond"]}]},{"@type":"WebPage","@id":"https:\/\/maranhaotv.com.br\/index.php\/2024\/02\/23\/penha-mantem-debate-sobre-pl-que-amplia-direito-a-gratuidade-no-transporte-coletivo\/","url":"https:\/\/maranhaotv.com.br\/index.php\/2024\/02\/23\/penha-mantem-debate-sobre-pl-que-amplia-direito-a-gratuidade-no-transporte-coletivo\/","name":"Penha mant\u00e9m debate sobre PL que amplia direito a gratuidade no transporte coletivo - NOT\u00cdCIAS EM TEMPO REAL","isPartOf":{"@id":"https:\/\/maranhaotv.com.br\/#website"},"primaryImageOfPage":{"@id":"https:\/\/maranhaotv.com.br\/index.php\/2024\/02\/23\/penha-mantem-debate-sobre-pl-que-amplia-direito-a-gratuidade-no-transporte-coletivo\/#primaryimage"},"image":{"@id":"https:\/\/maranhaotv.com.br\/index.php\/2024\/02\/23\/penha-mantem-debate-sobre-pl-que-amplia-direito-a-gratuidade-no-transporte-coletivo\/#primaryimage"},"thumbnailUrl":"","datePublished":"2024-02-23T13:34:15+00:00","breadcrumb":{"@id":"https:\/\/maranhaotv.com.br\/index.php\/2024\/02\/23\/penha-mantem-debate-sobre-pl-que-amplia-direito-a-gratuidade-no-transporte-coletivo\/#breadcrumb"},"inLanguage":"pt-BR","potentialAction":[{"@type":"ReadAction","target":["https:\/\/maranhaotv.com.br\/index.php\/2024\/02\/23\/penha-mantem-debate-sobre-pl-que-amplia-direito-a-gratuidade-no-transporte-coletivo\/"]}]},{"@type":"ImageObject","inLanguage":"pt-BR","@id":"https:\/\/maranhaotv.com.br\/index.php\/2024\/02\/23\/penha-mantem-debate-sobre-pl-que-amplia-direito-a-gratuidade-no-transporte-coletivo\/#primaryimage","url":"","contentUrl":""},{"@type":"BreadcrumbList","@id":"https:\/\/maranhaotv.com.br\/index.php\/2024\/02\/23\/penha-mantem-debate-sobre-pl-que-amplia-direito-a-gratuidade-no-transporte-coletivo\/#breadcrumb","itemListElement":[{"@type":"ListItem","position":1,"name":"In\u00edcio","item":"https:\/\/maranhaotv.com.br\/"},{"@type":"ListItem","position":2,"name":"Penha mant\u00e9m debate sobre PL que amplia direito a gratuidade no transporte coletivo"}]},{"@type":"WebSite","@id":"https:\/\/maranhaotv.com.br\/#website","url":"https:\/\/maranhaotv.com.br\/","name":"Maranh\u00e3oTV","description":"","publisher":{"@id":"https:\/\/maranhaotv.com.br\/#organization"},"potentialAction":[{"@type":"SearchAction","target":{"@type":"EntryPoint","urlTemplate":"https:\/\/maranhaotv.com.br\/?s={search_term_string}"},"query-input":{"@type":"PropertyValueSpecification","valueRequired":true,"valueName":"search_term_string"}}],"inLanguage":"pt-BR"},{"@type":"Organization","@id":"https:\/\/maranhaotv.com.br\/#organization","name":"Portal de Not\u00edcias","url":"https:\/\/maranhaotv.com.br\/","logo":{"@type":"ImageObject","inLanguage":"pt-BR","@id":"https:\/\/maranhaotv.com.br\/#\/schema\/logo\/image\/","url":"https:\/\/maranhaotv.com.br\/wp-content\/uploads\/2024\/05\/cropped-cropped-avatar-1.png","contentUrl":"https:\/\/maranhaotv.com.br\/wp-content\/uploads\/2024\/05\/cropped-cropped-avatar-1.png","width":792,"height":428,"caption":"Portal de Not\u00edcias"},"image":{"@id":"https:\/\/maranhaotv.com.br\/#\/schema\/logo\/image\/"},"sameAs":["https:\/\/www.facebook.com\/maiobaotv","https:\/\/x.com\/sitemaranhaotv","https:\/\/www.instagram.com\/maranhao.tv","https:\/\/www.threads.net\/@maranhao.tv"]},{"@type":"Person","@id":"https:\/\/maranhaotv.com.br\/#\/schema\/person\/3d54238e86b20bb5c89ab2fdb8f8829a","name":"maranhaotv","image":{"@type":"ImageObject","inLanguage":"pt-BR","@id":"https:\/\/secure.gravatar.com\/avatar\/8fadbca458d4cb68b1dd399ae9a40618d747bb1af65ac9fad21c89220a143eb4?s=96&d=mm&r=g","url":"https:\/\/secure.gravatar.com\/avatar\/8fadbca458d4cb68b1dd399ae9a40618d747bb1af65ac9fad21c89220a143eb4?s=96&d=mm&r=g","contentUrl":"https:\/\/secure.gravatar.com\/avatar\/8fadbca458d4cb68b1dd399ae9a40618d747bb1af65ac9fad21c89220a143eb4?s=96&d=mm&r=g","caption":"maranhaotv"},"sameAs":["https:\/\/maranhaotv.com.br\/"],"url":"https:\/\/maranhaotv.com.br\/index.php\/author\/maranhaotv\/"}]}},"jetpack_featured_media_url":"","jetpack_sharing_enabled":true,"_links":{"self":[{"href":"https:\/\/maranhaotv.com.br\/index.php\/wp-json\/wp\/v2\/posts\/34882","targetHints":{"allow":["GET"]}}],"collection":[{"href":"https:\/\/maranhaotv.com.br\/index.php\/wp-json\/wp\/v2\/posts"}],"about":[{"href":"https:\/\/maranhaotv.com.br\/index.php\/wp-json\/wp\/v2\/types\/post"}],"author":[{"embeddable":true,"href":"https:\/\/maranhaotv.com.br\/index.php\/wp-json\/wp\/v2\/users\/2"}],"replies":[{"embeddable":true,"href":"https:\/\/maranhaotv.com.br\/index.php\/wp-json\/wp\/v2\/comments?post=34882"}],"version-history":[{"count":0,"href":"https:\/\/maranhaotv.com.br\/index.php\/wp-json\/wp\/v2\/posts\/34882\/revisions"}],"wp:featuredmedia":[{"embeddable":true,"href":"https:\/\/maranhaotv.com.br\/index.php\/wp-json\/"}],"wp:attachment":[{"href":"https:\/\/maranhaotv.com.br\/index.php\/wp-json\/wp\/v2\/media?parent=34882"}],"wp:term":[{"taxonomy":"category","embeddable":true,"href":"https:\/\/maranhaotv.com.br\/index.php\/wp-json\/wp\/v2\/categories?post=34882"},{"taxonomy":"post_tag","embeddable":true,"href":"https:\/\/maranhaotv.com.br\/index.php\/wp-json\/wp\/v2\/tags?post=34882"}],"curies":[{"name":"wp","href":"https:\/\/api.w.org\/{rel}","templated":true}]}}