{"id":34904,"date":"2024-02-26T11:51:17","date_gmt":"2024-02-26T14:51:17","guid":{"rendered":"https:\/\/maranhaotv.com.br\/?p=34904"},"modified":"2024-02-26T11:51:17","modified_gmt":"2024-02-26T14:51:17","slug":"exclusivo-yuri-arruda-deve-ser-exonerado-e-assume-kecio-rabelo-na-cultura","status":"publish","type":"post","link":"https:\/\/maranhaotv.com.br\/index.php\/2024\/02\/26\/exclusivo-yuri-arruda-deve-ser-exonerado-e-assume-kecio-rabelo-na-cultura\/","title":{"rendered":"Exclusivo: Yuri Arruda deve ser exonerado e assume K\u00e9cio Rabelo, na Cultura"},"content":{"rendered":"\n<p>Ap\u00f3s passado todo movimento do Carnaval de S\u00e3o Lu\u00eds e Lava pratos na cidade de Imperatriz,\u00a0 o governador Carlos Brand\u00e3o deve realizar grandes mudan\u00e7as na pasta da cultural. <br>O primeiro nome a ser anunciado \u00e9 o de K\u00e9cio Rabelo como Secret\u00e1ria de Estado de Cultura. <br>K\u00e9cio \u00e9 ligado diretamente \u00e0 ex governadora\u00a0 Roseana Sarney, nome de extrema confian\u00e7a da fam\u00edlia.<\/p>\n\n\n\n<p><br>Como adjunto na Cultura, deve ser anunciado Roberto Brand\u00e3o.<br>Roberto Brand\u00e3o integra a Companhia Barrica desde a funda\u00e7\u00e3o do grupo, apresentando os espet\u00e1culos Boizinho Barrica, Natalina da Paix\u00e3o e Bicho-Terra, com v\u00e1rios CD\u2019s e DVD\u2019s gravados. Participou dos CD\u2019s &#8220;S\u00e3o Lu\u00eds \u2013 Carnaval de Rua&#8221;,; \u201cCrist\u00f3v\u00e3o Al\u00f4 Brasil\u201d do compositor Crist\u00f3v\u00e3o; &#8220;Carnaval dos bons tempos&#8221;; \u201cO Sotaque Maranhense na Arte de Cozinhar\u201d de Wellington Reis e Jos\u00e9 In\u00e1cio Rego; \u201cContente\u201d do compositor Lu\u00eds Bulc\u00e3o; \u201cToadas de Orquestra e Amores\u201d.<\/p>\n\n\n\n<p>E por \u00faltimo, o cantor e compositor, Wellington Reis na parte de eventos na UGADC que deve mudar de nome pra SADC.<\/p>\n\n\n\n<figure class=\"wp-block-image size-large\"><img decoding=\"async\" src=\"https:\/\/maranhaotv.com.br\/wp-content\/uploads\/2024\/02\/images-2-12670506169449695702-199x300.jpg\" alt=\"\" class=\"wp-image-34901\"\/><figcaption class=\"wp-element-caption\">Roberto Brand\u00e3o, tamb\u00e9m j\u00e1 foi diretor do Teatro Arthur Azevedo<\/figcaption><\/figure>\n\n\n\n<figure class=\"wp-block-image size-large\"><img decoding=\"async\" src=\"https:\/\/maranhaotv.com.br\/wp-content\/uploads\/2024\/02\/whatsapp-image-2022-06-02-at-163886914787124378953-300x225.jpeg\" alt=\"\" class=\"wp-image-34903\"\/><figcaption class=\"wp-element-caption\">Wellington Reis, cantor e compositor <\/figcaption><\/figure>\n","protected":false},"excerpt":{"rendered":"<p>Ap\u00f3s passado todo movimento do Carnaval de S\u00e3o Lu\u00eds e Lava pratos na cidade de Imperatriz,\u00a0 o governador Carlos Brand\u00e3o<\/p>\n","protected":false},"author":2,"featured_media":34902,"comment_status":"open","ping_status":"open","sticky":false,"template":"","format":"standard","meta":{"colormag_page_container_layout":"default_layout","colormag_page_sidebar_layout":"default_layout","_jetpack_memberships_contains_paid_content":false,"footnotes":""},"categories":[30],"tags":[],"class_list":["post-34904","post","type-post","status-publish","format-standard","has-post-thumbnail","hentry","category-cultura"],"magazineBlocksPostFeaturedMedia":{"thumbnail":false,"medium":false,"medium_large":false,"large":false,"1536x1536":false,"2048x2048":false,"colormag-highlighted-post":false,"colormag-featured-post-medium":false,"colormag-featured-post-small":false,"colormag-featured-image":false,"colormag-default-news":false,"colormag-featured-image-large":false},"magazineBlocksPostAuthor":{"name":"maranhaotv","avatar":"https:\/\/secure.gravatar.com\/avatar\/8fadbca458d4cb68b1dd399ae9a40618d747bb1af65ac9fad21c89220a143eb4?s=96&d=mm&r=g"},"magazineBlocksPostCommentsNumber":"0","magazineBlocksPostExcerpt":"Ap\u00f3s passado todo movimento do Carnaval de S\u00e3o Lu\u00eds e Lava pratos na cidade de Imperatriz,\u00a0 o governador Carlos Brand\u00e3o","magazineBlocksPostCategories":["cultura"],"magazineBlocksPostViewCount":302,"magazineBlocksPostReadTime":2,"magazine_blocks_featured_image_url":{"full":false,"medium":false,"thumbnail":false},"magazine_blocks_author":{"display_name":"maranhaotv","author_link":"https:\/\/maranhaotv.com.br\/index.php\/author\/maranhaotv\/"},"magazine_blocks_comment":0,"magazine_blocks_author_image":"https:\/\/secure.gravatar.com\/avatar\/8fadbca458d4cb68b1dd399ae9a40618d747bb1af65ac9fad21c89220a143eb4?s=96&d=mm&r=g","magazine_blocks_category":"<a href=\"#\" class=\"category-link category-link-30\">cultura<\/a>","yoast_head":"<!-- This site is optimized with the Yoast SEO plugin v27.4 - https:\/\/yoast.com\/product\/yoast-seo-wordpress\/ -->\n<title>Exclusivo: Yuri Arruda deve ser exonerado e assume K\u00e9cio Rabelo, na Cultura - NOT\u00cdCIAS EM TEMPO REAL<\/title>\n<meta name=\"robots\" content=\"index, follow, max-snippet:-1, max-image-preview:large, max-video-preview:-1\" \/>\n<link rel=\"canonical\" href=\"https:\/\/maranhaotv.com.br\/index.php\/2024\/02\/26\/exclusivo-yuri-arruda-deve-ser-exonerado-e-assume-kecio-rabelo-na-cultura\/\" \/>\n<meta property=\"og:locale\" content=\"pt_BR\" \/>\n<meta property=\"og:type\" content=\"article\" \/>\n<meta property=\"og:title\" content=\"Exclusivo: Yuri Arruda deve ser exonerado e assume K\u00e9cio Rabelo, na Cultura - NOT\u00cdCIAS EM TEMPO REAL\" \/>\n<meta property=\"og:description\" content=\"Ap\u00f3s passado todo movimento do Carnaval de S\u00e3o Lu\u00eds e Lava pratos na cidade de Imperatriz,\u00a0 o governador Carlos Brand\u00e3o\" \/>\n<meta property=\"og:url\" content=\"https:\/\/maranhaotv.com.br\/index.php\/2024\/02\/26\/exclusivo-yuri-arruda-deve-ser-exonerado-e-assume-kecio-rabelo-na-cultura\/\" \/>\n<meta property=\"og:site_name\" content=\"NOT\u00cdCIAS EM TEMPO REAL\" \/>\n<meta property=\"article:publisher\" content=\"https:\/\/www.facebook.com\/maiobaotv\" \/>\n<meta property=\"article:published_time\" content=\"2024-02-26T14:51:17+00:00\" \/>\n<meta name=\"author\" content=\"maranhaotv\" \/>\n<meta name=\"twitter:card\" content=\"summary_large_image\" \/>\n<meta name=\"twitter:creator\" content=\"@sitemaranhaotv\" \/>\n<meta name=\"twitter:site\" content=\"@sitemaranhaotv\" \/>\n<meta name=\"twitter:label1\" content=\"Escrito por\" \/>\n\t<meta name=\"twitter:data1\" content=\"maranhaotv\" \/>\n\t<meta name=\"twitter:label2\" content=\"Est. tempo de leitura\" \/>\n\t<meta name=\"twitter:data2\" content=\"1 minuto\" \/>\n<script type=\"application\/ld+json\" class=\"yoast-schema-graph\">{\"@context\":\"https:\\\/\\\/schema.org\",\"@graph\":[{\"@type\":\"Article\",\"@id\":\"https:\\\/\\\/maranhaotv.com.br\\\/index.php\\\/2024\\\/02\\\/26\\\/exclusivo-yuri-arruda-deve-ser-exonerado-e-assume-kecio-rabelo-na-cultura\\\/#article\",\"isPartOf\":{\"@id\":\"https:\\\/\\\/maranhaotv.com.br\\\/index.php\\\/2024\\\/02\\\/26\\\/exclusivo-yuri-arruda-deve-ser-exonerado-e-assume-kecio-rabelo-na-cultura\\\/\"},\"author\":{\"name\":\"maranhaotv\",\"@id\":\"https:\\\/\\\/maranhaotv.com.br\\\/#\\\/schema\\\/person\\\/3d54238e86b20bb5c89ab2fdb8f8829a\"},\"headline\":\"Exclusivo: Yuri Arruda deve ser exonerado e assume K\u00e9cio Rabelo, na Cultura\",\"datePublished\":\"2024-02-26T14:51:17+00:00\",\"mainEntityOfPage\":{\"@id\":\"https:\\\/\\\/maranhaotv.com.br\\\/index.php\\\/2024\\\/02\\\/26\\\/exclusivo-yuri-arruda-deve-ser-exonerado-e-assume-kecio-rabelo-na-cultura\\\/\"},\"wordCount\":215,\"commentCount\":0,\"publisher\":{\"@id\":\"https:\\\/\\\/maranhaotv.com.br\\\/#organization\"},\"image\":{\"@id\":\"https:\\\/\\\/maranhaotv.com.br\\\/index.php\\\/2024\\\/02\\\/26\\\/exclusivo-yuri-arruda-deve-ser-exonerado-e-assume-kecio-rabelo-na-cultura\\\/#primaryimage\"},\"thumbnailUrl\":\"\",\"articleSection\":[\"cultura\"],\"inLanguage\":\"pt-BR\",\"potentialAction\":[{\"@type\":\"CommentAction\",\"name\":\"Comment\",\"target\":[\"https:\\\/\\\/maranhaotv.com.br\\\/index.php\\\/2024\\\/02\\\/26\\\/exclusivo-yuri-arruda-deve-ser-exonerado-e-assume-kecio-rabelo-na-cultura\\\/#respond\"]}]},{\"@type\":\"WebPage\",\"@id\":\"https:\\\/\\\/maranhaotv.com.br\\\/index.php\\\/2024\\\/02\\\/26\\\/exclusivo-yuri-arruda-deve-ser-exonerado-e-assume-kecio-rabelo-na-cultura\\\/\",\"url\":\"https:\\\/\\\/maranhaotv.com.br\\\/index.php\\\/2024\\\/02\\\/26\\\/exclusivo-yuri-arruda-deve-ser-exonerado-e-assume-kecio-rabelo-na-cultura\\\/\",\"name\":\"Exclusivo: Yuri Arruda deve ser exonerado e assume K\u00e9cio Rabelo, na Cultura - NOT\u00cdCIAS EM TEMPO REAL\",\"isPartOf\":{\"@id\":\"https:\\\/\\\/maranhaotv.com.br\\\/#website\"},\"primaryImageOfPage\":{\"@id\":\"https:\\\/\\\/maranhaotv.com.br\\\/index.php\\\/2024\\\/02\\\/26\\\/exclusivo-yuri-arruda-deve-ser-exonerado-e-assume-kecio-rabelo-na-cultura\\\/#primaryimage\"},\"image\":{\"@id\":\"https:\\\/\\\/maranhaotv.com.br\\\/index.php\\\/2024\\\/02\\\/26\\\/exclusivo-yuri-arruda-deve-ser-exonerado-e-assume-kecio-rabelo-na-cultura\\\/#primaryimage\"},\"thumbnailUrl\":\"\",\"datePublished\":\"2024-02-26T14:51:17+00:00\",\"breadcrumb\":{\"@id\":\"https:\\\/\\\/maranhaotv.com.br\\\/index.php\\\/2024\\\/02\\\/26\\\/exclusivo-yuri-arruda-deve-ser-exonerado-e-assume-kecio-rabelo-na-cultura\\\/#breadcrumb\"},\"inLanguage\":\"pt-BR\",\"potentialAction\":[{\"@type\":\"ReadAction\",\"target\":[\"https:\\\/\\\/maranhaotv.com.br\\\/index.php\\\/2024\\\/02\\\/26\\\/exclusivo-yuri-arruda-deve-ser-exonerado-e-assume-kecio-rabelo-na-cultura\\\/\"]}]},{\"@type\":\"ImageObject\",\"inLanguage\":\"pt-BR\",\"@id\":\"https:\\\/\\\/maranhaotv.com.br\\\/index.php\\\/2024\\\/02\\\/26\\\/exclusivo-yuri-arruda-deve-ser-exonerado-e-assume-kecio-rabelo-na-cultura\\\/#primaryimage\",\"url\":\"\",\"contentUrl\":\"\"},{\"@type\":\"BreadcrumbList\",\"@id\":\"https:\\\/\\\/maranhaotv.com.br\\\/index.php\\\/2024\\\/02\\\/26\\\/exclusivo-yuri-arruda-deve-ser-exonerado-e-assume-kecio-rabelo-na-cultura\\\/#breadcrumb\",\"itemListElement\":[{\"@type\":\"ListItem\",\"position\":1,\"name\":\"In\u00edcio\",\"item\":\"https:\\\/\\\/maranhaotv.com.br\\\/\"},{\"@type\":\"ListItem\",\"position\":2,\"name\":\"Exclusivo: Yuri Arruda deve ser exonerado e assume K\u00e9cio Rabelo, na Cultura\"}]},{\"@type\":\"WebSite\",\"@id\":\"https:\\\/\\\/maranhaotv.com.br\\\/#website\",\"url\":\"https:\\\/\\\/maranhaotv.com.br\\\/\",\"name\":\"Maranh\u00e3oTV\",\"description\":\"\",\"publisher\":{\"@id\":\"https:\\\/\\\/maranhaotv.com.br\\\/#organization\"},\"potentialAction\":[{\"@type\":\"SearchAction\",\"target\":{\"@type\":\"EntryPoint\",\"urlTemplate\":\"https:\\\/\\\/maranhaotv.com.br\\\/?s={search_term_string}\"},\"query-input\":{\"@type\":\"PropertyValueSpecification\",\"valueRequired\":true,\"valueName\":\"search_term_string\"}}],\"inLanguage\":\"pt-BR\"},{\"@type\":\"Organization\",\"@id\":\"https:\\\/\\\/maranhaotv.com.br\\\/#organization\",\"name\":\"Portal de Not\u00edcias\",\"url\":\"https:\\\/\\\/maranhaotv.com.br\\\/\",\"logo\":{\"@type\":\"ImageObject\",\"inLanguage\":\"pt-BR\",\"@id\":\"https:\\\/\\\/maranhaotv.com.br\\\/#\\\/schema\\\/logo\\\/image\\\/\",\"url\":\"https:\\\/\\\/maranhaotv.com.br\\\/wp-content\\\/uploads\\\/2024\\\/05\\\/cropped-cropped-avatar-1.png\",\"contentUrl\":\"https:\\\/\\\/maranhaotv.com.br\\\/wp-content\\\/uploads\\\/2024\\\/05\\\/cropped-cropped-avatar-1.png\",\"width\":792,\"height\":428,\"caption\":\"Portal de Not\u00edcias\"},\"image\":{\"@id\":\"https:\\\/\\\/maranhaotv.com.br\\\/#\\\/schema\\\/logo\\\/image\\\/\"},\"sameAs\":[\"https:\\\/\\\/www.facebook.com\\\/maiobaotv\",\"https:\\\/\\\/x.com\\\/sitemaranhaotv\",\"https:\\\/\\\/www.instagram.com\\\/maranhao.tv\",\"https:\\\/\\\/www.threads.net\\\/@maranhao.tv\"]},{\"@type\":\"Person\",\"@id\":\"https:\\\/\\\/maranhaotv.com.br\\\/#\\\/schema\\\/person\\\/3d54238e86b20bb5c89ab2fdb8f8829a\",\"name\":\"maranhaotv\",\"image\":{\"@type\":\"ImageObject\",\"inLanguage\":\"pt-BR\",\"@id\":\"https:\\\/\\\/secure.gravatar.com\\\/avatar\\\/8fadbca458d4cb68b1dd399ae9a40618d747bb1af65ac9fad21c89220a143eb4?s=96&d=mm&r=g\",\"url\":\"https:\\\/\\\/secure.gravatar.com\\\/avatar\\\/8fadbca458d4cb68b1dd399ae9a40618d747bb1af65ac9fad21c89220a143eb4?s=96&d=mm&r=g\",\"contentUrl\":\"https:\\\/\\\/secure.gravatar.com\\\/avatar\\\/8fadbca458d4cb68b1dd399ae9a40618d747bb1af65ac9fad21c89220a143eb4?s=96&d=mm&r=g\",\"caption\":\"maranhaotv\"},\"sameAs\":[\"https:\\\/\\\/maranhaotv.com.br\\\/\"],\"url\":\"https:\\\/\\\/maranhaotv.com.br\\\/index.php\\\/author\\\/maranhaotv\\\/\"}]}<\/script>\n<!-- \/ Yoast SEO plugin. -->","yoast_head_json":{"title":"Exclusivo: Yuri Arruda deve ser exonerado e assume K\u00e9cio Rabelo, na Cultura - NOT\u00cdCIAS EM TEMPO REAL","robots":{"index":"index","follow":"follow","max-snippet":"max-snippet:-1","max-image-preview":"max-image-preview:large","max-video-preview":"max-video-preview:-1"},"canonical":"https:\/\/maranhaotv.com.br\/index.php\/2024\/02\/26\/exclusivo-yuri-arruda-deve-ser-exonerado-e-assume-kecio-rabelo-na-cultura\/","og_locale":"pt_BR","og_type":"article","og_title":"Exclusivo: Yuri Arruda deve ser exonerado e assume K\u00e9cio Rabelo, na Cultura - NOT\u00cdCIAS EM TEMPO REAL","og_description":"Ap\u00f3s passado todo movimento do Carnaval de S\u00e3o Lu\u00eds e Lava pratos na cidade de Imperatriz,\u00a0 o governador Carlos Brand\u00e3o","og_url":"https:\/\/maranhaotv.com.br\/index.php\/2024\/02\/26\/exclusivo-yuri-arruda-deve-ser-exonerado-e-assume-kecio-rabelo-na-cultura\/","og_site_name":"NOT\u00cdCIAS EM TEMPO REAL","article_publisher":"https:\/\/www.facebook.com\/maiobaotv","article_published_time":"2024-02-26T14:51:17+00:00","author":"maranhaotv","twitter_card":"summary_large_image","twitter_creator":"@sitemaranhaotv","twitter_site":"@sitemaranhaotv","twitter_misc":{"Escrito por":"maranhaotv","Est. tempo de leitura":"1 minuto"},"schema":{"@context":"https:\/\/schema.org","@graph":[{"@type":"Article","@id":"https:\/\/maranhaotv.com.br\/index.php\/2024\/02\/26\/exclusivo-yuri-arruda-deve-ser-exonerado-e-assume-kecio-rabelo-na-cultura\/#article","isPartOf":{"@id":"https:\/\/maranhaotv.com.br\/index.php\/2024\/02\/26\/exclusivo-yuri-arruda-deve-ser-exonerado-e-assume-kecio-rabelo-na-cultura\/"},"author":{"name":"maranhaotv","@id":"https:\/\/maranhaotv.com.br\/#\/schema\/person\/3d54238e86b20bb5c89ab2fdb8f8829a"},"headline":"Exclusivo: Yuri Arruda deve ser exonerado e assume K\u00e9cio Rabelo, na Cultura","datePublished":"2024-02-26T14:51:17+00:00","mainEntityOfPage":{"@id":"https:\/\/maranhaotv.com.br\/index.php\/2024\/02\/26\/exclusivo-yuri-arruda-deve-ser-exonerado-e-assume-kecio-rabelo-na-cultura\/"},"wordCount":215,"commentCount":0,"publisher":{"@id":"https:\/\/maranhaotv.com.br\/#organization"},"image":{"@id":"https:\/\/maranhaotv.com.br\/index.php\/2024\/02\/26\/exclusivo-yuri-arruda-deve-ser-exonerado-e-assume-kecio-rabelo-na-cultura\/#primaryimage"},"thumbnailUrl":"","articleSection":["cultura"],"inLanguage":"pt-BR","potentialAction":[{"@type":"CommentAction","name":"Comment","target":["https:\/\/maranhaotv.com.br\/index.php\/2024\/02\/26\/exclusivo-yuri-arruda-deve-ser-exonerado-e-assume-kecio-rabelo-na-cultura\/#respond"]}]},{"@type":"WebPage","@id":"https:\/\/maranhaotv.com.br\/index.php\/2024\/02\/26\/exclusivo-yuri-arruda-deve-ser-exonerado-e-assume-kecio-rabelo-na-cultura\/","url":"https:\/\/maranhaotv.com.br\/index.php\/2024\/02\/26\/exclusivo-yuri-arruda-deve-ser-exonerado-e-assume-kecio-rabelo-na-cultura\/","name":"Exclusivo: Yuri Arruda deve ser exonerado e assume K\u00e9cio Rabelo, na Cultura - NOT\u00cdCIAS EM TEMPO REAL","isPartOf":{"@id":"https:\/\/maranhaotv.com.br\/#website"},"primaryImageOfPage":{"@id":"https:\/\/maranhaotv.com.br\/index.php\/2024\/02\/26\/exclusivo-yuri-arruda-deve-ser-exonerado-e-assume-kecio-rabelo-na-cultura\/#primaryimage"},"image":{"@id":"https:\/\/maranhaotv.com.br\/index.php\/2024\/02\/26\/exclusivo-yuri-arruda-deve-ser-exonerado-e-assume-kecio-rabelo-na-cultura\/#primaryimage"},"thumbnailUrl":"","datePublished":"2024-02-26T14:51:17+00:00","breadcrumb":{"@id":"https:\/\/maranhaotv.com.br\/index.php\/2024\/02\/26\/exclusivo-yuri-arruda-deve-ser-exonerado-e-assume-kecio-rabelo-na-cultura\/#breadcrumb"},"inLanguage":"pt-BR","potentialAction":[{"@type":"ReadAction","target":["https:\/\/maranhaotv.com.br\/index.php\/2024\/02\/26\/exclusivo-yuri-arruda-deve-ser-exonerado-e-assume-kecio-rabelo-na-cultura\/"]}]},{"@type":"ImageObject","inLanguage":"pt-BR","@id":"https:\/\/maranhaotv.com.br\/index.php\/2024\/02\/26\/exclusivo-yuri-arruda-deve-ser-exonerado-e-assume-kecio-rabelo-na-cultura\/#primaryimage","url":"","contentUrl":""},{"@type":"BreadcrumbList","@id":"https:\/\/maranhaotv.com.br\/index.php\/2024\/02\/26\/exclusivo-yuri-arruda-deve-ser-exonerado-e-assume-kecio-rabelo-na-cultura\/#breadcrumb","itemListElement":[{"@type":"ListItem","position":1,"name":"In\u00edcio","item":"https:\/\/maranhaotv.com.br\/"},{"@type":"ListItem","position":2,"name":"Exclusivo: Yuri Arruda deve ser exonerado e assume K\u00e9cio Rabelo, na Cultura"}]},{"@type":"WebSite","@id":"https:\/\/maranhaotv.com.br\/#website","url":"https:\/\/maranhaotv.com.br\/","name":"Maranh\u00e3oTV","description":"","publisher":{"@id":"https:\/\/maranhaotv.com.br\/#organization"},"potentialAction":[{"@type":"SearchAction","target":{"@type":"EntryPoint","urlTemplate":"https:\/\/maranhaotv.com.br\/?s={search_term_string}"},"query-input":{"@type":"PropertyValueSpecification","valueRequired":true,"valueName":"search_term_string"}}],"inLanguage":"pt-BR"},{"@type":"Organization","@id":"https:\/\/maranhaotv.com.br\/#organization","name":"Portal de Not\u00edcias","url":"https:\/\/maranhaotv.com.br\/","logo":{"@type":"ImageObject","inLanguage":"pt-BR","@id":"https:\/\/maranhaotv.com.br\/#\/schema\/logo\/image\/","url":"https:\/\/maranhaotv.com.br\/wp-content\/uploads\/2024\/05\/cropped-cropped-avatar-1.png","contentUrl":"https:\/\/maranhaotv.com.br\/wp-content\/uploads\/2024\/05\/cropped-cropped-avatar-1.png","width":792,"height":428,"caption":"Portal de Not\u00edcias"},"image":{"@id":"https:\/\/maranhaotv.com.br\/#\/schema\/logo\/image\/"},"sameAs":["https:\/\/www.facebook.com\/maiobaotv","https:\/\/x.com\/sitemaranhaotv","https:\/\/www.instagram.com\/maranhao.tv","https:\/\/www.threads.net\/@maranhao.tv"]},{"@type":"Person","@id":"https:\/\/maranhaotv.com.br\/#\/schema\/person\/3d54238e86b20bb5c89ab2fdb8f8829a","name":"maranhaotv","image":{"@type":"ImageObject","inLanguage":"pt-BR","@id":"https:\/\/secure.gravatar.com\/avatar\/8fadbca458d4cb68b1dd399ae9a40618d747bb1af65ac9fad21c89220a143eb4?s=96&d=mm&r=g","url":"https:\/\/secure.gravatar.com\/avatar\/8fadbca458d4cb68b1dd399ae9a40618d747bb1af65ac9fad21c89220a143eb4?s=96&d=mm&r=g","contentUrl":"https:\/\/secure.gravatar.com\/avatar\/8fadbca458d4cb68b1dd399ae9a40618d747bb1af65ac9fad21c89220a143eb4?s=96&d=mm&r=g","caption":"maranhaotv"},"sameAs":["https:\/\/maranhaotv.com.br\/"],"url":"https:\/\/maranhaotv.com.br\/index.php\/author\/maranhaotv\/"}]}},"jetpack_featured_media_url":"","jetpack_sharing_enabled":true,"_links":{"self":[{"href":"https:\/\/maranhaotv.com.br\/index.php\/wp-json\/wp\/v2\/posts\/34904","targetHints":{"allow":["GET"]}}],"collection":[{"href":"https:\/\/maranhaotv.com.br\/index.php\/wp-json\/wp\/v2\/posts"}],"about":[{"href":"https:\/\/maranhaotv.com.br\/index.php\/wp-json\/wp\/v2\/types\/post"}],"author":[{"embeddable":true,"href":"https:\/\/maranhaotv.com.br\/index.php\/wp-json\/wp\/v2\/users\/2"}],"replies":[{"embeddable":true,"href":"https:\/\/maranhaotv.com.br\/index.php\/wp-json\/wp\/v2\/comments?post=34904"}],"version-history":[{"count":0,"href":"https:\/\/maranhaotv.com.br\/index.php\/wp-json\/wp\/v2\/posts\/34904\/revisions"}],"wp:featuredmedia":[{"embeddable":true,"href":"https:\/\/maranhaotv.com.br\/index.php\/wp-json\/"}],"wp:attachment":[{"href":"https:\/\/maranhaotv.com.br\/index.php\/wp-json\/wp\/v2\/media?parent=34904"}],"wp:term":[{"taxonomy":"category","embeddable":true,"href":"https:\/\/maranhaotv.com.br\/index.php\/wp-json\/wp\/v2\/categories?post=34904"},{"taxonomy":"post_tag","embeddable":true,"href":"https:\/\/maranhaotv.com.br\/index.php\/wp-json\/wp\/v2\/tags?post=34904"}],"curies":[{"name":"wp","href":"https:\/\/api.w.org\/{rel}","templated":true}]}}