{"id":34916,"date":"2024-02-26T15:46:59","date_gmt":"2024-02-26T18:46:59","guid":{"rendered":"https:\/\/maranhaotv.com.br\/?p=34916"},"modified":"2024-02-26T15:46:59","modified_gmt":"2024-02-26T18:46:59","slug":"policial-envolvida-em-ocorrencia-em-que-jovem-morreu-em-governador-edison-lobao-e-afastada-pela-pm","status":"publish","type":"post","link":"https:\/\/maranhaotv.com.br\/index.php\/2024\/02\/26\/policial-envolvida-em-ocorrencia-em-que-jovem-morreu-em-governador-edison-lobao-e-afastada-pela-pm\/","title":{"rendered":"Policial envolvida em ocorr\u00eancia em que jovem morreu em Governador Edison Lob\u00e3o \u00e9 afastada pela PM"},"content":{"rendered":"\n<p><br><br>A policial militar Sabrina Silva, lotada no 3\u00ba Batalh\u00e3o da Pol\u00edcia Militar, foi afastada das fun\u00e7\u00f5es na corpora\u00e7\u00e3o nesta segunda-feira (26). Ela \u00e9 apontada como a respons\u00e1vel pelo disparo que vitimou Marcos Vinicius, 20 anos, em Governador Edison Lob\u00e3o, na tarde do domingo (25).<br>Em entrevista exclusiva \u00e0 TV Difusora, o Coronel Magalh\u00e3es, comandante da Pol\u00edcia Militar do Maranh\u00e3o (PMMA) respons\u00e1vel pelo policiamento do interior, contou a vers\u00e3o dada pelos policiais que participaram da a\u00e7\u00e3o que terminou com a morte de Marcos Vinicius.<br>Segundo o coronel, a viatura estava fazendo ronda na regi\u00e3o, quando se deparou com um grupo de motociclistas em atividade suspeita. Durante a tentativa de abordagem, o grupo se dispersou e logo em seguida, a guarni\u00e7\u00e3o efetuou um acompanhamento t\u00e1tico.<br>\u201cUm dos motociclistas, em um segundo momento, encontrou novamente a guarni\u00e7\u00e3o e empreendeu fuga. Em determinado momento, numa rua, o motociclista fez a volta e veio de encontro \u00e0 guarni\u00e7\u00e3o. A guarni\u00e7\u00e3o manobrou a viatura para continuar o acompanhamento, por\u00e9m, nesse momento, o indiv\u00edduo adentrou uma viela, e a policial desembarcou da viatura e iniciou o acompanhamento a p\u00e9\u201d, relatou.<br>O coronel explicou ainda que foi aberto um inqu\u00e9rito policial paralelo \u00e0s investiga\u00e7\u00f5es da Pol\u00edcia Civil para devida apura\u00e7\u00e3o dos fatos. Ele pontuou que qualquer julgamento antes do fim do inqu\u00e9rito militar \u00e9 leviano.<br>\u201cA per\u00edcia esteve no local, fez todo o levantamento pericial para que a gente realmente tenha uma vis\u00e3o clara e precisa de tudo que aconteceu naquele local\u201d, afirmou.<br><br>Entenda o caso<br><br>A PM Sabrina Silva atirou contra o jovem Marcos Vinicius, de 20 anos, durante uma abordagem em uma ocorr\u00eancia de perturba\u00e7\u00e3o do sossego. O caso ocorreu na tarde deste domingo (25), no munic\u00edpio Governador Edison Lob\u00e3o.<br>O rapaz havia desobedecido uma ordem de parada dos agentes que passavam pelo local. Durante a persegui\u00e7\u00e3o, Marcos tentou ref\u00fagio dentro de casa, mas acabou sendo baleado e morto pela agente de seguran\u00e7a. A policial teria invadido a casa da v\u00edtima. A Pol\u00edcia Civil do Maranh\u00e3o investiga o caso.<\/p>\n","protected":false},"excerpt":{"rendered":"<p>A policial militar Sabrina Silva, lotada no 3\u00ba Batalh\u00e3o da Pol\u00edcia Militar, foi afastada das fun\u00e7\u00f5es na corpora\u00e7\u00e3o nesta segunda-feira<\/p>\n","protected":false},"author":2,"featured_media":34915,"comment_status":"open","ping_status":"open","sticky":false,"template":"","format":"standard","meta":{"colormag_page_container_layout":"default_layout","colormag_page_sidebar_layout":"default_layout","_jetpack_memberships_contains_paid_content":false,"footnotes":""},"categories":[2],"tags":[],"class_list":["post-34916","post","type-post","status-publish","format-standard","has-post-thumbnail","hentry","category-noticias"],"magazineBlocksPostFeaturedMedia":{"thumbnail":false,"medium":false,"medium_large":false,"large":false,"1536x1536":false,"2048x2048":false,"colormag-highlighted-post":false,"colormag-featured-post-medium":false,"colormag-featured-post-small":false,"colormag-featured-image":false,"colormag-default-news":false,"colormag-featured-image-large":false},"magazineBlocksPostAuthor":{"name":"maranhaotv","avatar":"https:\/\/secure.gravatar.com\/avatar\/8fadbca458d4cb68b1dd399ae9a40618d747bb1af65ac9fad21c89220a143eb4?s=96&d=mm&r=g"},"magazineBlocksPostCommentsNumber":"0","magazineBlocksPostExcerpt":"A policial militar Sabrina Silva, lotada no 3\u00ba Batalh\u00e3o da Pol\u00edcia Militar, foi afastada das fun\u00e7\u00f5es na corpora\u00e7\u00e3o nesta segunda-feira","magazineBlocksPostCategories":["not\u00edcias"],"magazineBlocksPostViewCount":252,"magazineBlocksPostReadTime":2,"magazine_blocks_featured_image_url":{"full":false,"medium":false,"thumbnail":false},"magazine_blocks_author":{"display_name":"maranhaotv","author_link":"https:\/\/maranhaotv.com.br\/index.php\/author\/maranhaotv\/"},"magazine_blocks_comment":0,"magazine_blocks_author_image":"https:\/\/secure.gravatar.com\/avatar\/8fadbca458d4cb68b1dd399ae9a40618d747bb1af65ac9fad21c89220a143eb4?s=96&d=mm&r=g","magazine_blocks_category":"<a href=\"#\" class=\"category-link category-link-2\">not\u00edcias<\/a>","yoast_head":"<!-- This site is optimized with the Yoast SEO plugin v27.4 - https:\/\/yoast.com\/product\/yoast-seo-wordpress\/ -->\n<title>Policial envolvida em ocorr\u00eancia em que jovem morreu em Governador Edison Lob\u00e3o \u00e9 afastada pela PM - NOT\u00cdCIAS EM TEMPO REAL<\/title>\n<meta name=\"robots\" content=\"index, follow, max-snippet:-1, max-image-preview:large, max-video-preview:-1\" \/>\n<link rel=\"canonical\" href=\"https:\/\/maranhaotv.com.br\/index.php\/2024\/02\/26\/policial-envolvida-em-ocorrencia-em-que-jovem-morreu-em-governador-edison-lobao-e-afastada-pela-pm\/\" \/>\n<meta property=\"og:locale\" content=\"pt_BR\" \/>\n<meta property=\"og:type\" content=\"article\" \/>\n<meta property=\"og:title\" content=\"Policial envolvida em ocorr\u00eancia em que jovem morreu em Governador Edison Lob\u00e3o \u00e9 afastada pela PM - NOT\u00cdCIAS EM TEMPO REAL\" \/>\n<meta property=\"og:description\" content=\"A policial militar Sabrina Silva, lotada no 3\u00ba Batalh\u00e3o da Pol\u00edcia Militar, foi afastada das fun\u00e7\u00f5es na corpora\u00e7\u00e3o nesta segunda-feira\" \/>\n<meta property=\"og:url\" content=\"https:\/\/maranhaotv.com.br\/index.php\/2024\/02\/26\/policial-envolvida-em-ocorrencia-em-que-jovem-morreu-em-governador-edison-lobao-e-afastada-pela-pm\/\" \/>\n<meta property=\"og:site_name\" content=\"NOT\u00cdCIAS EM TEMPO REAL\" \/>\n<meta property=\"article:publisher\" content=\"https:\/\/www.facebook.com\/maiobaotv\" \/>\n<meta property=\"article:published_time\" content=\"2024-02-26T18:46:59+00:00\" \/>\n<meta name=\"author\" content=\"maranhaotv\" \/>\n<meta name=\"twitter:card\" content=\"summary_large_image\" \/>\n<meta name=\"twitter:creator\" content=\"@sitemaranhaotv\" \/>\n<meta name=\"twitter:site\" content=\"@sitemaranhaotv\" \/>\n<meta name=\"twitter:label1\" content=\"Escrito por\" \/>\n\t<meta name=\"twitter:data1\" content=\"maranhaotv\" \/>\n\t<meta name=\"twitter:label2\" content=\"Est. tempo de leitura\" \/>\n\t<meta name=\"twitter:data2\" content=\"2 minutos\" \/>\n<script type=\"application\/ld+json\" class=\"yoast-schema-graph\">{\"@context\":\"https:\\\/\\\/schema.org\",\"@graph\":[{\"@type\":\"Article\",\"@id\":\"https:\\\/\\\/maranhaotv.com.br\\\/index.php\\\/2024\\\/02\\\/26\\\/policial-envolvida-em-ocorrencia-em-que-jovem-morreu-em-governador-edison-lobao-e-afastada-pela-pm\\\/#article\",\"isPartOf\":{\"@id\":\"https:\\\/\\\/maranhaotv.com.br\\\/index.php\\\/2024\\\/02\\\/26\\\/policial-envolvida-em-ocorrencia-em-que-jovem-morreu-em-governador-edison-lobao-e-afastada-pela-pm\\\/\"},\"author\":{\"name\":\"maranhaotv\",\"@id\":\"https:\\\/\\\/maranhaotv.com.br\\\/#\\\/schema\\\/person\\\/3d54238e86b20bb5c89ab2fdb8f8829a\"},\"headline\":\"Policial envolvida em ocorr\u00eancia em que jovem morreu em Governador Edison Lob\u00e3o \u00e9 afastada pela PM\",\"datePublished\":\"2024-02-26T18:46:59+00:00\",\"mainEntityOfPage\":{\"@id\":\"https:\\\/\\\/maranhaotv.com.br\\\/index.php\\\/2024\\\/02\\\/26\\\/policial-envolvida-em-ocorrencia-em-que-jovem-morreu-em-governador-edison-lobao-e-afastada-pela-pm\\\/\"},\"wordCount\":377,\"commentCount\":0,\"publisher\":{\"@id\":\"https:\\\/\\\/maranhaotv.com.br\\\/#organization\"},\"image\":{\"@id\":\"https:\\\/\\\/maranhaotv.com.br\\\/index.php\\\/2024\\\/02\\\/26\\\/policial-envolvida-em-ocorrencia-em-que-jovem-morreu-em-governador-edison-lobao-e-afastada-pela-pm\\\/#primaryimage\"},\"thumbnailUrl\":\"\",\"articleSection\":[\"not\u00edcias\"],\"inLanguage\":\"pt-BR\",\"potentialAction\":[{\"@type\":\"CommentAction\",\"name\":\"Comment\",\"target\":[\"https:\\\/\\\/maranhaotv.com.br\\\/index.php\\\/2024\\\/02\\\/26\\\/policial-envolvida-em-ocorrencia-em-que-jovem-morreu-em-governador-edison-lobao-e-afastada-pela-pm\\\/#respond\"]}]},{\"@type\":\"WebPage\",\"@id\":\"https:\\\/\\\/maranhaotv.com.br\\\/index.php\\\/2024\\\/02\\\/26\\\/policial-envolvida-em-ocorrencia-em-que-jovem-morreu-em-governador-edison-lobao-e-afastada-pela-pm\\\/\",\"url\":\"https:\\\/\\\/maranhaotv.com.br\\\/index.php\\\/2024\\\/02\\\/26\\\/policial-envolvida-em-ocorrencia-em-que-jovem-morreu-em-governador-edison-lobao-e-afastada-pela-pm\\\/\",\"name\":\"Policial envolvida em ocorr\u00eancia em que jovem morreu em Governador Edison Lob\u00e3o \u00e9 afastada pela PM - NOT\u00cdCIAS EM TEMPO REAL\",\"isPartOf\":{\"@id\":\"https:\\\/\\\/maranhaotv.com.br\\\/#website\"},\"primaryImageOfPage\":{\"@id\":\"https:\\\/\\\/maranhaotv.com.br\\\/index.php\\\/2024\\\/02\\\/26\\\/policial-envolvida-em-ocorrencia-em-que-jovem-morreu-em-governador-edison-lobao-e-afastada-pela-pm\\\/#primaryimage\"},\"image\":{\"@id\":\"https:\\\/\\\/maranhaotv.com.br\\\/index.php\\\/2024\\\/02\\\/26\\\/policial-envolvida-em-ocorrencia-em-que-jovem-morreu-em-governador-edison-lobao-e-afastada-pela-pm\\\/#primaryimage\"},\"thumbnailUrl\":\"\",\"datePublished\":\"2024-02-26T18:46:59+00:00\",\"breadcrumb\":{\"@id\":\"https:\\\/\\\/maranhaotv.com.br\\\/index.php\\\/2024\\\/02\\\/26\\\/policial-envolvida-em-ocorrencia-em-que-jovem-morreu-em-governador-edison-lobao-e-afastada-pela-pm\\\/#breadcrumb\"},\"inLanguage\":\"pt-BR\",\"potentialAction\":[{\"@type\":\"ReadAction\",\"target\":[\"https:\\\/\\\/maranhaotv.com.br\\\/index.php\\\/2024\\\/02\\\/26\\\/policial-envolvida-em-ocorrencia-em-que-jovem-morreu-em-governador-edison-lobao-e-afastada-pela-pm\\\/\"]}]},{\"@type\":\"ImageObject\",\"inLanguage\":\"pt-BR\",\"@id\":\"https:\\\/\\\/maranhaotv.com.br\\\/index.php\\\/2024\\\/02\\\/26\\\/policial-envolvida-em-ocorrencia-em-que-jovem-morreu-em-governador-edison-lobao-e-afastada-pela-pm\\\/#primaryimage\",\"url\":\"\",\"contentUrl\":\"\"},{\"@type\":\"BreadcrumbList\",\"@id\":\"https:\\\/\\\/maranhaotv.com.br\\\/index.php\\\/2024\\\/02\\\/26\\\/policial-envolvida-em-ocorrencia-em-que-jovem-morreu-em-governador-edison-lobao-e-afastada-pela-pm\\\/#breadcrumb\",\"itemListElement\":[{\"@type\":\"ListItem\",\"position\":1,\"name\":\"In\u00edcio\",\"item\":\"https:\\\/\\\/maranhaotv.com.br\\\/\"},{\"@type\":\"ListItem\",\"position\":2,\"name\":\"Policial envolvida em ocorr\u00eancia em que jovem morreu em Governador Edison Lob\u00e3o \u00e9 afastada pela PM\"}]},{\"@type\":\"WebSite\",\"@id\":\"https:\\\/\\\/maranhaotv.com.br\\\/#website\",\"url\":\"https:\\\/\\\/maranhaotv.com.br\\\/\",\"name\":\"Maranh\u00e3oTV\",\"description\":\"\",\"publisher\":{\"@id\":\"https:\\\/\\\/maranhaotv.com.br\\\/#organization\"},\"potentialAction\":[{\"@type\":\"SearchAction\",\"target\":{\"@type\":\"EntryPoint\",\"urlTemplate\":\"https:\\\/\\\/maranhaotv.com.br\\\/?s={search_term_string}\"},\"query-input\":{\"@type\":\"PropertyValueSpecification\",\"valueRequired\":true,\"valueName\":\"search_term_string\"}}],\"inLanguage\":\"pt-BR\"},{\"@type\":\"Organization\",\"@id\":\"https:\\\/\\\/maranhaotv.com.br\\\/#organization\",\"name\":\"Portal de Not\u00edcias\",\"url\":\"https:\\\/\\\/maranhaotv.com.br\\\/\",\"logo\":{\"@type\":\"ImageObject\",\"inLanguage\":\"pt-BR\",\"@id\":\"https:\\\/\\\/maranhaotv.com.br\\\/#\\\/schema\\\/logo\\\/image\\\/\",\"url\":\"https:\\\/\\\/maranhaotv.com.br\\\/wp-content\\\/uploads\\\/2024\\\/05\\\/cropped-cropped-avatar-1.png\",\"contentUrl\":\"https:\\\/\\\/maranhaotv.com.br\\\/wp-content\\\/uploads\\\/2024\\\/05\\\/cropped-cropped-avatar-1.png\",\"width\":792,\"height\":428,\"caption\":\"Portal de Not\u00edcias\"},\"image\":{\"@id\":\"https:\\\/\\\/maranhaotv.com.br\\\/#\\\/schema\\\/logo\\\/image\\\/\"},\"sameAs\":[\"https:\\\/\\\/www.facebook.com\\\/maiobaotv\",\"https:\\\/\\\/x.com\\\/sitemaranhaotv\",\"https:\\\/\\\/www.instagram.com\\\/maranhao.tv\",\"https:\\\/\\\/www.threads.net\\\/@maranhao.tv\"]},{\"@type\":\"Person\",\"@id\":\"https:\\\/\\\/maranhaotv.com.br\\\/#\\\/schema\\\/person\\\/3d54238e86b20bb5c89ab2fdb8f8829a\",\"name\":\"maranhaotv\",\"image\":{\"@type\":\"ImageObject\",\"inLanguage\":\"pt-BR\",\"@id\":\"https:\\\/\\\/secure.gravatar.com\\\/avatar\\\/8fadbca458d4cb68b1dd399ae9a40618d747bb1af65ac9fad21c89220a143eb4?s=96&d=mm&r=g\",\"url\":\"https:\\\/\\\/secure.gravatar.com\\\/avatar\\\/8fadbca458d4cb68b1dd399ae9a40618d747bb1af65ac9fad21c89220a143eb4?s=96&d=mm&r=g\",\"contentUrl\":\"https:\\\/\\\/secure.gravatar.com\\\/avatar\\\/8fadbca458d4cb68b1dd399ae9a40618d747bb1af65ac9fad21c89220a143eb4?s=96&d=mm&r=g\",\"caption\":\"maranhaotv\"},\"sameAs\":[\"https:\\\/\\\/maranhaotv.com.br\\\/\"],\"url\":\"https:\\\/\\\/maranhaotv.com.br\\\/index.php\\\/author\\\/maranhaotv\\\/\"}]}<\/script>\n<!-- \/ Yoast SEO plugin. -->","yoast_head_json":{"title":"Policial envolvida em ocorr\u00eancia em que jovem morreu em Governador Edison Lob\u00e3o \u00e9 afastada pela PM - NOT\u00cdCIAS EM TEMPO REAL","robots":{"index":"index","follow":"follow","max-snippet":"max-snippet:-1","max-image-preview":"max-image-preview:large","max-video-preview":"max-video-preview:-1"},"canonical":"https:\/\/maranhaotv.com.br\/index.php\/2024\/02\/26\/policial-envolvida-em-ocorrencia-em-que-jovem-morreu-em-governador-edison-lobao-e-afastada-pela-pm\/","og_locale":"pt_BR","og_type":"article","og_title":"Policial envolvida em ocorr\u00eancia em que jovem morreu em Governador Edison Lob\u00e3o \u00e9 afastada pela PM - NOT\u00cdCIAS EM TEMPO REAL","og_description":"A policial militar Sabrina Silva, lotada no 3\u00ba Batalh\u00e3o da Pol\u00edcia Militar, foi afastada das fun\u00e7\u00f5es na corpora\u00e7\u00e3o nesta segunda-feira","og_url":"https:\/\/maranhaotv.com.br\/index.php\/2024\/02\/26\/policial-envolvida-em-ocorrencia-em-que-jovem-morreu-em-governador-edison-lobao-e-afastada-pela-pm\/","og_site_name":"NOT\u00cdCIAS EM TEMPO REAL","article_publisher":"https:\/\/www.facebook.com\/maiobaotv","article_published_time":"2024-02-26T18:46:59+00:00","author":"maranhaotv","twitter_card":"summary_large_image","twitter_creator":"@sitemaranhaotv","twitter_site":"@sitemaranhaotv","twitter_misc":{"Escrito por":"maranhaotv","Est. tempo de leitura":"2 minutos"},"schema":{"@context":"https:\/\/schema.org","@graph":[{"@type":"Article","@id":"https:\/\/maranhaotv.com.br\/index.php\/2024\/02\/26\/policial-envolvida-em-ocorrencia-em-que-jovem-morreu-em-governador-edison-lobao-e-afastada-pela-pm\/#article","isPartOf":{"@id":"https:\/\/maranhaotv.com.br\/index.php\/2024\/02\/26\/policial-envolvida-em-ocorrencia-em-que-jovem-morreu-em-governador-edison-lobao-e-afastada-pela-pm\/"},"author":{"name":"maranhaotv","@id":"https:\/\/maranhaotv.com.br\/#\/schema\/person\/3d54238e86b20bb5c89ab2fdb8f8829a"},"headline":"Policial envolvida em ocorr\u00eancia em que jovem morreu em Governador Edison Lob\u00e3o \u00e9 afastada pela PM","datePublished":"2024-02-26T18:46:59+00:00","mainEntityOfPage":{"@id":"https:\/\/maranhaotv.com.br\/index.php\/2024\/02\/26\/policial-envolvida-em-ocorrencia-em-que-jovem-morreu-em-governador-edison-lobao-e-afastada-pela-pm\/"},"wordCount":377,"commentCount":0,"publisher":{"@id":"https:\/\/maranhaotv.com.br\/#organization"},"image":{"@id":"https:\/\/maranhaotv.com.br\/index.php\/2024\/02\/26\/policial-envolvida-em-ocorrencia-em-que-jovem-morreu-em-governador-edison-lobao-e-afastada-pela-pm\/#primaryimage"},"thumbnailUrl":"","articleSection":["not\u00edcias"],"inLanguage":"pt-BR","potentialAction":[{"@type":"CommentAction","name":"Comment","target":["https:\/\/maranhaotv.com.br\/index.php\/2024\/02\/26\/policial-envolvida-em-ocorrencia-em-que-jovem-morreu-em-governador-edison-lobao-e-afastada-pela-pm\/#respond"]}]},{"@type":"WebPage","@id":"https:\/\/maranhaotv.com.br\/index.php\/2024\/02\/26\/policial-envolvida-em-ocorrencia-em-que-jovem-morreu-em-governador-edison-lobao-e-afastada-pela-pm\/","url":"https:\/\/maranhaotv.com.br\/index.php\/2024\/02\/26\/policial-envolvida-em-ocorrencia-em-que-jovem-morreu-em-governador-edison-lobao-e-afastada-pela-pm\/","name":"Policial envolvida em ocorr\u00eancia em que jovem morreu em Governador Edison Lob\u00e3o \u00e9 afastada pela PM - NOT\u00cdCIAS EM TEMPO REAL","isPartOf":{"@id":"https:\/\/maranhaotv.com.br\/#website"},"primaryImageOfPage":{"@id":"https:\/\/maranhaotv.com.br\/index.php\/2024\/02\/26\/policial-envolvida-em-ocorrencia-em-que-jovem-morreu-em-governador-edison-lobao-e-afastada-pela-pm\/#primaryimage"},"image":{"@id":"https:\/\/maranhaotv.com.br\/index.php\/2024\/02\/26\/policial-envolvida-em-ocorrencia-em-que-jovem-morreu-em-governador-edison-lobao-e-afastada-pela-pm\/#primaryimage"},"thumbnailUrl":"","datePublished":"2024-02-26T18:46:59+00:00","breadcrumb":{"@id":"https:\/\/maranhaotv.com.br\/index.php\/2024\/02\/26\/policial-envolvida-em-ocorrencia-em-que-jovem-morreu-em-governador-edison-lobao-e-afastada-pela-pm\/#breadcrumb"},"inLanguage":"pt-BR","potentialAction":[{"@type":"ReadAction","target":["https:\/\/maranhaotv.com.br\/index.php\/2024\/02\/26\/policial-envolvida-em-ocorrencia-em-que-jovem-morreu-em-governador-edison-lobao-e-afastada-pela-pm\/"]}]},{"@type":"ImageObject","inLanguage":"pt-BR","@id":"https:\/\/maranhaotv.com.br\/index.php\/2024\/02\/26\/policial-envolvida-em-ocorrencia-em-que-jovem-morreu-em-governador-edison-lobao-e-afastada-pela-pm\/#primaryimage","url":"","contentUrl":""},{"@type":"BreadcrumbList","@id":"https:\/\/maranhaotv.com.br\/index.php\/2024\/02\/26\/policial-envolvida-em-ocorrencia-em-que-jovem-morreu-em-governador-edison-lobao-e-afastada-pela-pm\/#breadcrumb","itemListElement":[{"@type":"ListItem","position":1,"name":"In\u00edcio","item":"https:\/\/maranhaotv.com.br\/"},{"@type":"ListItem","position":2,"name":"Policial envolvida em ocorr\u00eancia em que jovem morreu em Governador Edison Lob\u00e3o \u00e9 afastada pela PM"}]},{"@type":"WebSite","@id":"https:\/\/maranhaotv.com.br\/#website","url":"https:\/\/maranhaotv.com.br\/","name":"Maranh\u00e3oTV","description":"","publisher":{"@id":"https:\/\/maranhaotv.com.br\/#organization"},"potentialAction":[{"@type":"SearchAction","target":{"@type":"EntryPoint","urlTemplate":"https:\/\/maranhaotv.com.br\/?s={search_term_string}"},"query-input":{"@type":"PropertyValueSpecification","valueRequired":true,"valueName":"search_term_string"}}],"inLanguage":"pt-BR"},{"@type":"Organization","@id":"https:\/\/maranhaotv.com.br\/#organization","name":"Portal de Not\u00edcias","url":"https:\/\/maranhaotv.com.br\/","logo":{"@type":"ImageObject","inLanguage":"pt-BR","@id":"https:\/\/maranhaotv.com.br\/#\/schema\/logo\/image\/","url":"https:\/\/maranhaotv.com.br\/wp-content\/uploads\/2024\/05\/cropped-cropped-avatar-1.png","contentUrl":"https:\/\/maranhaotv.com.br\/wp-content\/uploads\/2024\/05\/cropped-cropped-avatar-1.png","width":792,"height":428,"caption":"Portal de Not\u00edcias"},"image":{"@id":"https:\/\/maranhaotv.com.br\/#\/schema\/logo\/image\/"},"sameAs":["https:\/\/www.facebook.com\/maiobaotv","https:\/\/x.com\/sitemaranhaotv","https:\/\/www.instagram.com\/maranhao.tv","https:\/\/www.threads.net\/@maranhao.tv"]},{"@type":"Person","@id":"https:\/\/maranhaotv.com.br\/#\/schema\/person\/3d54238e86b20bb5c89ab2fdb8f8829a","name":"maranhaotv","image":{"@type":"ImageObject","inLanguage":"pt-BR","@id":"https:\/\/secure.gravatar.com\/avatar\/8fadbca458d4cb68b1dd399ae9a40618d747bb1af65ac9fad21c89220a143eb4?s=96&d=mm&r=g","url":"https:\/\/secure.gravatar.com\/avatar\/8fadbca458d4cb68b1dd399ae9a40618d747bb1af65ac9fad21c89220a143eb4?s=96&d=mm&r=g","contentUrl":"https:\/\/secure.gravatar.com\/avatar\/8fadbca458d4cb68b1dd399ae9a40618d747bb1af65ac9fad21c89220a143eb4?s=96&d=mm&r=g","caption":"maranhaotv"},"sameAs":["https:\/\/maranhaotv.com.br\/"],"url":"https:\/\/maranhaotv.com.br\/index.php\/author\/maranhaotv\/"}]}},"jetpack_featured_media_url":"","jetpack_sharing_enabled":true,"_links":{"self":[{"href":"https:\/\/maranhaotv.com.br\/index.php\/wp-json\/wp\/v2\/posts\/34916","targetHints":{"allow":["GET"]}}],"collection":[{"href":"https:\/\/maranhaotv.com.br\/index.php\/wp-json\/wp\/v2\/posts"}],"about":[{"href":"https:\/\/maranhaotv.com.br\/index.php\/wp-json\/wp\/v2\/types\/post"}],"author":[{"embeddable":true,"href":"https:\/\/maranhaotv.com.br\/index.php\/wp-json\/wp\/v2\/users\/2"}],"replies":[{"embeddable":true,"href":"https:\/\/maranhaotv.com.br\/index.php\/wp-json\/wp\/v2\/comments?post=34916"}],"version-history":[{"count":0,"href":"https:\/\/maranhaotv.com.br\/index.php\/wp-json\/wp\/v2\/posts\/34916\/revisions"}],"wp:featuredmedia":[{"embeddable":true,"href":"https:\/\/maranhaotv.com.br\/index.php\/wp-json\/"}],"wp:attachment":[{"href":"https:\/\/maranhaotv.com.br\/index.php\/wp-json\/wp\/v2\/media?parent=34916"}],"wp:term":[{"taxonomy":"category","embeddable":true,"href":"https:\/\/maranhaotv.com.br\/index.php\/wp-json\/wp\/v2\/categories?post=34916"},{"taxonomy":"post_tag","embeddable":true,"href":"https:\/\/maranhaotv.com.br\/index.php\/wp-json\/wp\/v2\/tags?post=34916"}],"curies":[{"name":"wp","href":"https:\/\/api.w.org\/{rel}","templated":true}]}}