{"id":34929,"date":"2024-02-27T12:20:12","date_gmt":"2024-02-27T15:20:12","guid":{"rendered":"https:\/\/maranhaotv.com.br\/?p=34929"},"modified":"2024-02-27T12:20:12","modified_gmt":"2024-02-27T15:20:12","slug":"dino-estreia-em-julgamentos-no-stf-nesta-terca","status":"publish","type":"post","link":"https:\/\/maranhaotv.com.br\/index.php\/2024\/02\/27\/dino-estreia-em-julgamentos-no-stf-nesta-terca\/","title":{"rendered":"Dino estreia em julgamentos no STF nesta ter\u00e7a"},"content":{"rendered":"\n<p>A primeira sess\u00e3o de Dino como ministro ocorre ap\u00f3s sua posse na \u00faltima quinta-feira. Na pauta da Turma h\u00e1 a previs\u00e3o de an\u00e1lise de um habeas corpus de um advogado denunciado por corrup\u00e7\u00e3o ativa, explora\u00e7\u00e3o de prest\u00edgio e lavagem de dinheiro. N\u00e3o h\u00e1 previs\u00e3o de que o ministro fa\u00e7a discursos ou pronunciamentos.Na quarta-feira, Dino ir\u00e1 participar da sua primeira sess\u00e3o no plen\u00e1rio, em que os onze ministros participam. Com a presen\u00e7a do novo magistrado, a Corte volta a ter a composi\u00e7\u00e3o completa desde outubro de 2023.<br><br>O STF vai seguir analisando uma mudan\u00e7a nas regras das sobras eleitorais feita em 2021. Tr\u00eas ministros j\u00e1 votaram contra a altera\u00e7\u00e3o, e dois defenderam mant\u00ea-la. Entretanto, h\u00e1 diferen\u00e7as nos votos, como sobre o impacto ou n\u00e3o nos parlamentares eleitos em 2022.<br><br>Nesta segunda-feira, o ministro deu seu primeiro voto na Corte ao se posicionar a favor da repercuss\u00e3o geral em uma a\u00e7\u00e3o que debate v\u00ednculo empregat\u00edcio entre plataformas e motoristas de aplicativo. O m\u00e9rito do caso n\u00e3o est\u00e1 sob an\u00e1lise.<br><br>Tamb\u00e9m nesta segunda-feira, Dino negou que o STF seja \u201cativista\u201d, e defendeu que a fun\u00e7\u00e3o do tribunal requer \u201cdesagradar\u201d. A declara\u00e7\u00e3o do ministro foi dada durante uma palestra acad\u00eamica realizada pela faculdade IDP, que tem como fundador o ministro Gilmar Mendes.<br><br>Na avalia\u00e7\u00e3o do ministro, que tomou posse na \u00faltima quinta-feira, uma eventual aus\u00eancia de questionamentos feitos ao Supremo demonstraria sua \u201cirrelev\u00e2ncia\u201d.<br><br>\u2013 Quando se diz que o STF \u00e9 ativista ou tem judicializa\u00e7\u00e3o da pol\u00edtica, se mete demais na pol\u00edtica, esse debate n\u00e3o \u00e9 exclusivamente brasileiro \u2013 disse.<br><br>Dino assumiu uma vaga na Corte aberta com a aposentadoria da ministra Rosa Weber, em 2023. Ele foi a segunda indica\u00e7\u00e3o feita pelo presidente Luiz In\u00e1cio Lula da Silva (PT) em seu atual mandato, e foi aprovado pelo Senado em dezembro.<br><br>Primeiro voto<br><br>O primeiro voto do ministro Fl\u00e1vio Dino ao tomar posse no Supremo Tribunal Federal (STF) foi a favor da repercuss\u00e3o geral do julgamento sobre o v\u00ednculo de emprego entre trabalhadores e plataformas de entrega e transporte.<br><br>Para o novo ministro, o STF deve estabelecer diretrizes para os tribunais e ju\u00edzes de inst\u00e2ncias inferiores julgarem processos sobre o tema. O voto foi registrado no plen\u00e1rio virtual.<br><br>O que o STF est\u00e1 decidindo \u00e9 o alcance do julgamento sobre a chamada \u201cuberiza\u00e7\u00e3o\u201d, que ainda ser\u00e1 marcado. Neste momento, n\u00e3o h\u00e1 ju\u00edzo de valor sobre o tema, mas decis\u00e3o pode abrir caminho para o tribunal tra\u00e7ar um precedente importante sobre as rela\u00e7\u00f5es entre motoristas e aplicativos como Uber, Rappi, Cabify e iFood.<br><br>Os ministros precisam definir, antes da vota\u00e7\u00e3o, se o processo ser\u00e1 analisado individualmente ou se a decis\u00e3o ter\u00e1 um alcance mais amplo, com a fixa\u00e7\u00e3o de uma tese para uniformizar o julgamento de todas as a\u00e7\u00f5es semelhantes no Pa\u00eds.<br><br>O Estad\u00e3o apurou que a tend\u00eancia \u00e9 o STF julgar o tema com repercuss\u00e3o geral. Os ministros avaliam que \u00e9 necess\u00e1rio oferecer uma resposta para evitar decis\u00f5es divergentes da Justi\u00e7a do Trabalho.<br><br>Relator do processo, o ministro Edson Fachin tamb\u00e9m \u00e9 a favor da repercuss\u00e3o geral do julgamento. Ele argumentou que o assunto tem import\u00e2ncia econ\u00f4mica, jur\u00eddica e social. Mais de 10 mil a\u00e7\u00f5es podem ser afetadas pelo posicionamento do Supremo.<\/p>\n","protected":false},"excerpt":{"rendered":"<p>A primeira sess\u00e3o de Dino como ministro ocorre ap\u00f3s sua posse na \u00faltima quinta-feira. Na pauta da Turma h\u00e1 a<\/p>\n","protected":false},"author":2,"featured_media":34928,"comment_status":"open","ping_status":"open","sticky":false,"template":"","format":"standard","meta":{"colormag_page_container_layout":"default_layout","colormag_page_sidebar_layout":"default_layout","_jetpack_memberships_contains_paid_content":false,"footnotes":""},"categories":[110],"tags":[52],"class_list":["post-34929","post","type-post","status-publish","format-standard","has-post-thumbnail","hentry","category-cotidiano","tag-flavio-dino"],"magazineBlocksPostFeaturedMedia":{"thumbnail":false,"medium":false,"medium_large":false,"large":false,"1536x1536":false,"2048x2048":false,"colormag-highlighted-post":false,"colormag-featured-post-medium":false,"colormag-featured-post-small":false,"colormag-featured-image":false,"colormag-default-news":false,"colormag-featured-image-large":false},"magazineBlocksPostAuthor":{"name":"maranhaotv","avatar":"https:\/\/secure.gravatar.com\/avatar\/8fadbca458d4cb68b1dd399ae9a40618d747bb1af65ac9fad21c89220a143eb4?s=96&d=mm&r=g"},"magazineBlocksPostCommentsNumber":"0","magazineBlocksPostExcerpt":"A primeira sess\u00e3o de Dino como ministro ocorre ap\u00f3s sua posse na \u00faltima quinta-feira. Na pauta da Turma h\u00e1 a","magazineBlocksPostCategories":["cotidiano"],"magazineBlocksPostViewCount":303,"magazineBlocksPostReadTime":3,"magazine_blocks_featured_image_url":{"full":false,"medium":false,"thumbnail":false},"magazine_blocks_author":{"display_name":"maranhaotv","author_link":"https:\/\/maranhaotv.com.br\/index.php\/author\/maranhaotv\/"},"magazine_blocks_comment":0,"magazine_blocks_author_image":"https:\/\/secure.gravatar.com\/avatar\/8fadbca458d4cb68b1dd399ae9a40618d747bb1af65ac9fad21c89220a143eb4?s=96&d=mm&r=g","magazine_blocks_category":"<a href=\"#\" class=\"category-link category-link-110\">cotidiano<\/a>","yoast_head":"<!-- This site is optimized with the Yoast SEO plugin v27.4 - https:\/\/yoast.com\/product\/yoast-seo-wordpress\/ -->\n<title>Dino estreia em julgamentos no STF nesta ter\u00e7a - NOT\u00cdCIAS EM TEMPO REAL<\/title>\n<meta name=\"robots\" content=\"index, follow, max-snippet:-1, max-image-preview:large, max-video-preview:-1\" \/>\n<link rel=\"canonical\" href=\"https:\/\/maranhaotv.com.br\/index.php\/2024\/02\/27\/dino-estreia-em-julgamentos-no-stf-nesta-terca\/\" \/>\n<meta property=\"og:locale\" content=\"pt_BR\" \/>\n<meta property=\"og:type\" content=\"article\" \/>\n<meta property=\"og:title\" content=\"Dino estreia em julgamentos no STF nesta ter\u00e7a - NOT\u00cdCIAS EM TEMPO REAL\" \/>\n<meta property=\"og:description\" content=\"A primeira sess\u00e3o de Dino como ministro ocorre ap\u00f3s sua posse na \u00faltima quinta-feira. Na pauta da Turma h\u00e1 a\" \/>\n<meta property=\"og:url\" content=\"https:\/\/maranhaotv.com.br\/index.php\/2024\/02\/27\/dino-estreia-em-julgamentos-no-stf-nesta-terca\/\" \/>\n<meta property=\"og:site_name\" content=\"NOT\u00cdCIAS EM TEMPO REAL\" \/>\n<meta property=\"article:publisher\" content=\"https:\/\/www.facebook.com\/maiobaotv\" \/>\n<meta property=\"article:published_time\" content=\"2024-02-27T15:20:12+00:00\" \/>\n<meta name=\"author\" content=\"maranhaotv\" \/>\n<meta name=\"twitter:card\" content=\"summary_large_image\" \/>\n<meta name=\"twitter:creator\" content=\"@sitemaranhaotv\" \/>\n<meta name=\"twitter:site\" content=\"@sitemaranhaotv\" \/>\n<meta name=\"twitter:label1\" content=\"Escrito por\" \/>\n\t<meta name=\"twitter:data1\" content=\"maranhaotv\" \/>\n\t<meta name=\"twitter:label2\" content=\"Est. tempo de leitura\" \/>\n\t<meta name=\"twitter:data2\" content=\"3 minutos\" \/>\n<script type=\"application\/ld+json\" class=\"yoast-schema-graph\">{\"@context\":\"https:\\\/\\\/schema.org\",\"@graph\":[{\"@type\":\"Article\",\"@id\":\"https:\\\/\\\/maranhaotv.com.br\\\/index.php\\\/2024\\\/02\\\/27\\\/dino-estreia-em-julgamentos-no-stf-nesta-terca\\\/#article\",\"isPartOf\":{\"@id\":\"https:\\\/\\\/maranhaotv.com.br\\\/index.php\\\/2024\\\/02\\\/27\\\/dino-estreia-em-julgamentos-no-stf-nesta-terca\\\/\"},\"author\":{\"name\":\"maranhaotv\",\"@id\":\"https:\\\/\\\/maranhaotv.com.br\\\/#\\\/schema\\\/person\\\/3d54238e86b20bb5c89ab2fdb8f8829a\"},\"headline\":\"Dino estreia em julgamentos no STF nesta ter\u00e7a\",\"datePublished\":\"2024-02-27T15:20:12+00:00\",\"mainEntityOfPage\":{\"@id\":\"https:\\\/\\\/maranhaotv.com.br\\\/index.php\\\/2024\\\/02\\\/27\\\/dino-estreia-em-julgamentos-no-stf-nesta-terca\\\/\"},\"wordCount\":594,\"commentCount\":0,\"publisher\":{\"@id\":\"https:\\\/\\\/maranhaotv.com.br\\\/#organization\"},\"image\":{\"@id\":\"https:\\\/\\\/maranhaotv.com.br\\\/index.php\\\/2024\\\/02\\\/27\\\/dino-estreia-em-julgamentos-no-stf-nesta-terca\\\/#primaryimage\"},\"thumbnailUrl\":\"\",\"keywords\":[\"Fl\u00e1vio Dino\"],\"articleSection\":[\"cotidiano\"],\"inLanguage\":\"pt-BR\",\"potentialAction\":[{\"@type\":\"CommentAction\",\"name\":\"Comment\",\"target\":[\"https:\\\/\\\/maranhaotv.com.br\\\/index.php\\\/2024\\\/02\\\/27\\\/dino-estreia-em-julgamentos-no-stf-nesta-terca\\\/#respond\"]}]},{\"@type\":\"WebPage\",\"@id\":\"https:\\\/\\\/maranhaotv.com.br\\\/index.php\\\/2024\\\/02\\\/27\\\/dino-estreia-em-julgamentos-no-stf-nesta-terca\\\/\",\"url\":\"https:\\\/\\\/maranhaotv.com.br\\\/index.php\\\/2024\\\/02\\\/27\\\/dino-estreia-em-julgamentos-no-stf-nesta-terca\\\/\",\"name\":\"Dino estreia em julgamentos no STF nesta ter\u00e7a - NOT\u00cdCIAS EM TEMPO REAL\",\"isPartOf\":{\"@id\":\"https:\\\/\\\/maranhaotv.com.br\\\/#website\"},\"primaryImageOfPage\":{\"@id\":\"https:\\\/\\\/maranhaotv.com.br\\\/index.php\\\/2024\\\/02\\\/27\\\/dino-estreia-em-julgamentos-no-stf-nesta-terca\\\/#primaryimage\"},\"image\":{\"@id\":\"https:\\\/\\\/maranhaotv.com.br\\\/index.php\\\/2024\\\/02\\\/27\\\/dino-estreia-em-julgamentos-no-stf-nesta-terca\\\/#primaryimage\"},\"thumbnailUrl\":\"\",\"datePublished\":\"2024-02-27T15:20:12+00:00\",\"breadcrumb\":{\"@id\":\"https:\\\/\\\/maranhaotv.com.br\\\/index.php\\\/2024\\\/02\\\/27\\\/dino-estreia-em-julgamentos-no-stf-nesta-terca\\\/#breadcrumb\"},\"inLanguage\":\"pt-BR\",\"potentialAction\":[{\"@type\":\"ReadAction\",\"target\":[\"https:\\\/\\\/maranhaotv.com.br\\\/index.php\\\/2024\\\/02\\\/27\\\/dino-estreia-em-julgamentos-no-stf-nesta-terca\\\/\"]}]},{\"@type\":\"ImageObject\",\"inLanguage\":\"pt-BR\",\"@id\":\"https:\\\/\\\/maranhaotv.com.br\\\/index.php\\\/2024\\\/02\\\/27\\\/dino-estreia-em-julgamentos-no-stf-nesta-terca\\\/#primaryimage\",\"url\":\"\",\"contentUrl\":\"\"},{\"@type\":\"BreadcrumbList\",\"@id\":\"https:\\\/\\\/maranhaotv.com.br\\\/index.php\\\/2024\\\/02\\\/27\\\/dino-estreia-em-julgamentos-no-stf-nesta-terca\\\/#breadcrumb\",\"itemListElement\":[{\"@type\":\"ListItem\",\"position\":1,\"name\":\"In\u00edcio\",\"item\":\"https:\\\/\\\/maranhaotv.com.br\\\/\"},{\"@type\":\"ListItem\",\"position\":2,\"name\":\"Dino estreia em julgamentos no STF nesta ter\u00e7a\"}]},{\"@type\":\"WebSite\",\"@id\":\"https:\\\/\\\/maranhaotv.com.br\\\/#website\",\"url\":\"https:\\\/\\\/maranhaotv.com.br\\\/\",\"name\":\"Maranh\u00e3oTV\",\"description\":\"\",\"publisher\":{\"@id\":\"https:\\\/\\\/maranhaotv.com.br\\\/#organization\"},\"potentialAction\":[{\"@type\":\"SearchAction\",\"target\":{\"@type\":\"EntryPoint\",\"urlTemplate\":\"https:\\\/\\\/maranhaotv.com.br\\\/?s={search_term_string}\"},\"query-input\":{\"@type\":\"PropertyValueSpecification\",\"valueRequired\":true,\"valueName\":\"search_term_string\"}}],\"inLanguage\":\"pt-BR\"},{\"@type\":\"Organization\",\"@id\":\"https:\\\/\\\/maranhaotv.com.br\\\/#organization\",\"name\":\"Portal de Not\u00edcias\",\"url\":\"https:\\\/\\\/maranhaotv.com.br\\\/\",\"logo\":{\"@type\":\"ImageObject\",\"inLanguage\":\"pt-BR\",\"@id\":\"https:\\\/\\\/maranhaotv.com.br\\\/#\\\/schema\\\/logo\\\/image\\\/\",\"url\":\"https:\\\/\\\/maranhaotv.com.br\\\/wp-content\\\/uploads\\\/2024\\\/05\\\/cropped-cropped-avatar-1.png\",\"contentUrl\":\"https:\\\/\\\/maranhaotv.com.br\\\/wp-content\\\/uploads\\\/2024\\\/05\\\/cropped-cropped-avatar-1.png\",\"width\":792,\"height\":428,\"caption\":\"Portal de Not\u00edcias\"},\"image\":{\"@id\":\"https:\\\/\\\/maranhaotv.com.br\\\/#\\\/schema\\\/logo\\\/image\\\/\"},\"sameAs\":[\"https:\\\/\\\/www.facebook.com\\\/maiobaotv\",\"https:\\\/\\\/x.com\\\/sitemaranhaotv\",\"https:\\\/\\\/www.instagram.com\\\/maranhao.tv\",\"https:\\\/\\\/www.threads.net\\\/@maranhao.tv\"]},{\"@type\":\"Person\",\"@id\":\"https:\\\/\\\/maranhaotv.com.br\\\/#\\\/schema\\\/person\\\/3d54238e86b20bb5c89ab2fdb8f8829a\",\"name\":\"maranhaotv\",\"image\":{\"@type\":\"ImageObject\",\"inLanguage\":\"pt-BR\",\"@id\":\"https:\\\/\\\/secure.gravatar.com\\\/avatar\\\/8fadbca458d4cb68b1dd399ae9a40618d747bb1af65ac9fad21c89220a143eb4?s=96&d=mm&r=g\",\"url\":\"https:\\\/\\\/secure.gravatar.com\\\/avatar\\\/8fadbca458d4cb68b1dd399ae9a40618d747bb1af65ac9fad21c89220a143eb4?s=96&d=mm&r=g\",\"contentUrl\":\"https:\\\/\\\/secure.gravatar.com\\\/avatar\\\/8fadbca458d4cb68b1dd399ae9a40618d747bb1af65ac9fad21c89220a143eb4?s=96&d=mm&r=g\",\"caption\":\"maranhaotv\"},\"sameAs\":[\"https:\\\/\\\/maranhaotv.com.br\\\/\"],\"url\":\"https:\\\/\\\/maranhaotv.com.br\\\/index.php\\\/author\\\/maranhaotv\\\/\"}]}<\/script>\n<!-- \/ Yoast SEO plugin. -->","yoast_head_json":{"title":"Dino estreia em julgamentos no STF nesta ter\u00e7a - NOT\u00cdCIAS EM TEMPO REAL","robots":{"index":"index","follow":"follow","max-snippet":"max-snippet:-1","max-image-preview":"max-image-preview:large","max-video-preview":"max-video-preview:-1"},"canonical":"https:\/\/maranhaotv.com.br\/index.php\/2024\/02\/27\/dino-estreia-em-julgamentos-no-stf-nesta-terca\/","og_locale":"pt_BR","og_type":"article","og_title":"Dino estreia em julgamentos no STF nesta ter\u00e7a - NOT\u00cdCIAS EM TEMPO REAL","og_description":"A primeira sess\u00e3o de Dino como ministro ocorre ap\u00f3s sua posse na \u00faltima quinta-feira. Na pauta da Turma h\u00e1 a","og_url":"https:\/\/maranhaotv.com.br\/index.php\/2024\/02\/27\/dino-estreia-em-julgamentos-no-stf-nesta-terca\/","og_site_name":"NOT\u00cdCIAS EM TEMPO REAL","article_publisher":"https:\/\/www.facebook.com\/maiobaotv","article_published_time":"2024-02-27T15:20:12+00:00","author":"maranhaotv","twitter_card":"summary_large_image","twitter_creator":"@sitemaranhaotv","twitter_site":"@sitemaranhaotv","twitter_misc":{"Escrito por":"maranhaotv","Est. tempo de leitura":"3 minutos"},"schema":{"@context":"https:\/\/schema.org","@graph":[{"@type":"Article","@id":"https:\/\/maranhaotv.com.br\/index.php\/2024\/02\/27\/dino-estreia-em-julgamentos-no-stf-nesta-terca\/#article","isPartOf":{"@id":"https:\/\/maranhaotv.com.br\/index.php\/2024\/02\/27\/dino-estreia-em-julgamentos-no-stf-nesta-terca\/"},"author":{"name":"maranhaotv","@id":"https:\/\/maranhaotv.com.br\/#\/schema\/person\/3d54238e86b20bb5c89ab2fdb8f8829a"},"headline":"Dino estreia em julgamentos no STF nesta ter\u00e7a","datePublished":"2024-02-27T15:20:12+00:00","mainEntityOfPage":{"@id":"https:\/\/maranhaotv.com.br\/index.php\/2024\/02\/27\/dino-estreia-em-julgamentos-no-stf-nesta-terca\/"},"wordCount":594,"commentCount":0,"publisher":{"@id":"https:\/\/maranhaotv.com.br\/#organization"},"image":{"@id":"https:\/\/maranhaotv.com.br\/index.php\/2024\/02\/27\/dino-estreia-em-julgamentos-no-stf-nesta-terca\/#primaryimage"},"thumbnailUrl":"","keywords":["Fl\u00e1vio Dino"],"articleSection":["cotidiano"],"inLanguage":"pt-BR","potentialAction":[{"@type":"CommentAction","name":"Comment","target":["https:\/\/maranhaotv.com.br\/index.php\/2024\/02\/27\/dino-estreia-em-julgamentos-no-stf-nesta-terca\/#respond"]}]},{"@type":"WebPage","@id":"https:\/\/maranhaotv.com.br\/index.php\/2024\/02\/27\/dino-estreia-em-julgamentos-no-stf-nesta-terca\/","url":"https:\/\/maranhaotv.com.br\/index.php\/2024\/02\/27\/dino-estreia-em-julgamentos-no-stf-nesta-terca\/","name":"Dino estreia em julgamentos no STF nesta ter\u00e7a - NOT\u00cdCIAS EM TEMPO REAL","isPartOf":{"@id":"https:\/\/maranhaotv.com.br\/#website"},"primaryImageOfPage":{"@id":"https:\/\/maranhaotv.com.br\/index.php\/2024\/02\/27\/dino-estreia-em-julgamentos-no-stf-nesta-terca\/#primaryimage"},"image":{"@id":"https:\/\/maranhaotv.com.br\/index.php\/2024\/02\/27\/dino-estreia-em-julgamentos-no-stf-nesta-terca\/#primaryimage"},"thumbnailUrl":"","datePublished":"2024-02-27T15:20:12+00:00","breadcrumb":{"@id":"https:\/\/maranhaotv.com.br\/index.php\/2024\/02\/27\/dino-estreia-em-julgamentos-no-stf-nesta-terca\/#breadcrumb"},"inLanguage":"pt-BR","potentialAction":[{"@type":"ReadAction","target":["https:\/\/maranhaotv.com.br\/index.php\/2024\/02\/27\/dino-estreia-em-julgamentos-no-stf-nesta-terca\/"]}]},{"@type":"ImageObject","inLanguage":"pt-BR","@id":"https:\/\/maranhaotv.com.br\/index.php\/2024\/02\/27\/dino-estreia-em-julgamentos-no-stf-nesta-terca\/#primaryimage","url":"","contentUrl":""},{"@type":"BreadcrumbList","@id":"https:\/\/maranhaotv.com.br\/index.php\/2024\/02\/27\/dino-estreia-em-julgamentos-no-stf-nesta-terca\/#breadcrumb","itemListElement":[{"@type":"ListItem","position":1,"name":"In\u00edcio","item":"https:\/\/maranhaotv.com.br\/"},{"@type":"ListItem","position":2,"name":"Dino estreia em julgamentos no STF nesta ter\u00e7a"}]},{"@type":"WebSite","@id":"https:\/\/maranhaotv.com.br\/#website","url":"https:\/\/maranhaotv.com.br\/","name":"Maranh\u00e3oTV","description":"","publisher":{"@id":"https:\/\/maranhaotv.com.br\/#organization"},"potentialAction":[{"@type":"SearchAction","target":{"@type":"EntryPoint","urlTemplate":"https:\/\/maranhaotv.com.br\/?s={search_term_string}"},"query-input":{"@type":"PropertyValueSpecification","valueRequired":true,"valueName":"search_term_string"}}],"inLanguage":"pt-BR"},{"@type":"Organization","@id":"https:\/\/maranhaotv.com.br\/#organization","name":"Portal de Not\u00edcias","url":"https:\/\/maranhaotv.com.br\/","logo":{"@type":"ImageObject","inLanguage":"pt-BR","@id":"https:\/\/maranhaotv.com.br\/#\/schema\/logo\/image\/","url":"https:\/\/maranhaotv.com.br\/wp-content\/uploads\/2024\/05\/cropped-cropped-avatar-1.png","contentUrl":"https:\/\/maranhaotv.com.br\/wp-content\/uploads\/2024\/05\/cropped-cropped-avatar-1.png","width":792,"height":428,"caption":"Portal de Not\u00edcias"},"image":{"@id":"https:\/\/maranhaotv.com.br\/#\/schema\/logo\/image\/"},"sameAs":["https:\/\/www.facebook.com\/maiobaotv","https:\/\/x.com\/sitemaranhaotv","https:\/\/www.instagram.com\/maranhao.tv","https:\/\/www.threads.net\/@maranhao.tv"]},{"@type":"Person","@id":"https:\/\/maranhaotv.com.br\/#\/schema\/person\/3d54238e86b20bb5c89ab2fdb8f8829a","name":"maranhaotv","image":{"@type":"ImageObject","inLanguage":"pt-BR","@id":"https:\/\/secure.gravatar.com\/avatar\/8fadbca458d4cb68b1dd399ae9a40618d747bb1af65ac9fad21c89220a143eb4?s=96&d=mm&r=g","url":"https:\/\/secure.gravatar.com\/avatar\/8fadbca458d4cb68b1dd399ae9a40618d747bb1af65ac9fad21c89220a143eb4?s=96&d=mm&r=g","contentUrl":"https:\/\/secure.gravatar.com\/avatar\/8fadbca458d4cb68b1dd399ae9a40618d747bb1af65ac9fad21c89220a143eb4?s=96&d=mm&r=g","caption":"maranhaotv"},"sameAs":["https:\/\/maranhaotv.com.br\/"],"url":"https:\/\/maranhaotv.com.br\/index.php\/author\/maranhaotv\/"}]}},"jetpack_featured_media_url":"","jetpack_sharing_enabled":true,"_links":{"self":[{"href":"https:\/\/maranhaotv.com.br\/index.php\/wp-json\/wp\/v2\/posts\/34929","targetHints":{"allow":["GET"]}}],"collection":[{"href":"https:\/\/maranhaotv.com.br\/index.php\/wp-json\/wp\/v2\/posts"}],"about":[{"href":"https:\/\/maranhaotv.com.br\/index.php\/wp-json\/wp\/v2\/types\/post"}],"author":[{"embeddable":true,"href":"https:\/\/maranhaotv.com.br\/index.php\/wp-json\/wp\/v2\/users\/2"}],"replies":[{"embeddable":true,"href":"https:\/\/maranhaotv.com.br\/index.php\/wp-json\/wp\/v2\/comments?post=34929"}],"version-history":[{"count":0,"href":"https:\/\/maranhaotv.com.br\/index.php\/wp-json\/wp\/v2\/posts\/34929\/revisions"}],"wp:featuredmedia":[{"embeddable":true,"href":"https:\/\/maranhaotv.com.br\/index.php\/wp-json\/"}],"wp:attachment":[{"href":"https:\/\/maranhaotv.com.br\/index.php\/wp-json\/wp\/v2\/media?parent=34929"}],"wp:term":[{"taxonomy":"category","embeddable":true,"href":"https:\/\/maranhaotv.com.br\/index.php\/wp-json\/wp\/v2\/categories?post=34929"},{"taxonomy":"post_tag","embeddable":true,"href":"https:\/\/maranhaotv.com.br\/index.php\/wp-json\/wp\/v2\/tags?post=34929"}],"curies":[{"name":"wp","href":"https:\/\/api.w.org\/{rel}","templated":true}]}}