{"id":34951,"date":"2024-02-28T10:24:15","date_gmt":"2024-02-28T13:24:15","guid":{"rendered":"https:\/\/maranhaotv.com.br\/?p=34951"},"modified":"2024-02-28T10:24:15","modified_gmt":"2024-02-28T13:24:15","slug":"prefeitura-de-paco-do-lumiar-atrasa-repasse-financeiro-as-escolas-comunitarias-comprometendo-inicio-das-aulas","status":"publish","type":"post","link":"https:\/\/maranhaotv.com.br\/index.php\/2024\/02\/28\/prefeitura-de-paco-do-lumiar-atrasa-repasse-financeiro-as-escolas-comunitarias-comprometendo-inicio-das-aulas\/","title":{"rendered":"Prefeitura de Pa\u00e7o do Lumiar atrasa repasse financeiro \u00e0s escolas comunit\u00e1rias, comprometendo in\u00edcio das aulas"},"content":{"rendered":"\n<p><br>H\u00e1 uma crescente preocupa\u00e7\u00e3o na cidade de Pa\u00e7o do Lumiar com o atraso no repasse financeiro das escolas comunit\u00e1rias por parte da prefeitura. Por mais de dois meses consecutivos, as institui\u00e7\u00f5es enfrentam dificuldades para pagar os sal\u00e1rios de seus funcion\u00e1rios, colocando em risco o in\u00edcio das aulas.<br><br>A situa\u00e7\u00e3o se agrava com a falta de professores e a escassez de merenda escolar, resultando em um ambiente desafiador para a educa\u00e7\u00e3o local. Este \u00e9 mais um problema enfrentado pelas escolas de Pa\u00e7o do Lumiar sob a gest\u00e3o da prefeita Paula da Pindoba.<br><br>A comunidade escolar expressa sua indigna\u00e7\u00e3o e preocupa\u00e7\u00e3o com o descaso das autoridades municipais, que comprometem n\u00e3o apenas o funcionamento regular das escolas, mas tamb\u00e9m o direito fundamental \u00e0 educa\u00e7\u00e3o das crian\u00e7as e adolescentes do munic\u00edpio.<br><br>Diante desse cen\u00e1rio, \u00e9 urgente que medidas sejam tomadas para garantir o repasse imediato dos recursos financeiros \u00e0s escolas comunit\u00e1rias, assegurando assim o pleno funcionamento das institui\u00e7\u00f5es de ensino e o acesso dos alunos a uma educa\u00e7\u00e3o de qualidade.<\/p>\n","protected":false},"excerpt":{"rendered":"<p>H\u00e1 uma crescente preocupa\u00e7\u00e3o na cidade de Pa\u00e7o do Lumiar com o atraso no repasse financeiro das escolas comunit\u00e1rias por<\/p>\n","protected":false},"author":2,"featured_media":34950,"comment_status":"open","ping_status":"open","sticky":false,"template":"","format":"standard","meta":{"colormag_page_container_layout":"default_layout","colormag_page_sidebar_layout":"default_layout","_jetpack_memberships_contains_paid_content":false,"footnotes":""},"categories":[2],"tags":[],"class_list":["post-34951","post","type-post","status-publish","format-standard","has-post-thumbnail","hentry","category-noticias"],"magazineBlocksPostFeaturedMedia":{"thumbnail":false,"medium":false,"medium_large":false,"large":false,"1536x1536":false,"2048x2048":false,"colormag-highlighted-post":false,"colormag-featured-post-medium":false,"colormag-featured-post-small":false,"colormag-featured-image":false,"colormag-default-news":false,"colormag-featured-image-large":false},"magazineBlocksPostAuthor":{"name":"maranhaotv","avatar":"https:\/\/secure.gravatar.com\/avatar\/8fadbca458d4cb68b1dd399ae9a40618d747bb1af65ac9fad21c89220a143eb4?s=96&d=mm&r=g"},"magazineBlocksPostCommentsNumber":"0","magazineBlocksPostExcerpt":"H\u00e1 uma crescente preocupa\u00e7\u00e3o na cidade de Pa\u00e7o do Lumiar com o atraso no repasse financeiro das escolas comunit\u00e1rias por","magazineBlocksPostCategories":["not\u00edcias"],"magazineBlocksPostViewCount":253,"magazineBlocksPostReadTime":1,"magazine_blocks_featured_image_url":{"full":false,"medium":false,"thumbnail":false},"magazine_blocks_author":{"display_name":"maranhaotv","author_link":"https:\/\/maranhaotv.com.br\/index.php\/author\/maranhaotv\/"},"magazine_blocks_comment":0,"magazine_blocks_author_image":"https:\/\/secure.gravatar.com\/avatar\/8fadbca458d4cb68b1dd399ae9a40618d747bb1af65ac9fad21c89220a143eb4?s=96&d=mm&r=g","magazine_blocks_category":"<a href=\"#\" class=\"category-link category-link-2\">not\u00edcias<\/a>","yoast_head":"<!-- This site is optimized with the Yoast SEO plugin v27.4 - https:\/\/yoast.com\/product\/yoast-seo-wordpress\/ -->\n<title>Prefeitura de Pa\u00e7o do Lumiar atrasa repasse financeiro \u00e0s escolas comunit\u00e1rias, comprometendo in\u00edcio das aulas - NOT\u00cdCIAS EM TEMPO REAL<\/title>\n<meta name=\"robots\" content=\"index, follow, max-snippet:-1, max-image-preview:large, max-video-preview:-1\" \/>\n<link rel=\"canonical\" href=\"https:\/\/maranhaotv.com.br\/index.php\/2024\/02\/28\/prefeitura-de-paco-do-lumiar-atrasa-repasse-financeiro-as-escolas-comunitarias-comprometendo-inicio-das-aulas\/\" \/>\n<meta property=\"og:locale\" content=\"pt_BR\" \/>\n<meta property=\"og:type\" content=\"article\" \/>\n<meta property=\"og:title\" content=\"Prefeitura de Pa\u00e7o do Lumiar atrasa repasse financeiro \u00e0s escolas comunit\u00e1rias, comprometendo in\u00edcio das aulas - NOT\u00cdCIAS EM TEMPO REAL\" \/>\n<meta property=\"og:description\" content=\"H\u00e1 uma crescente preocupa\u00e7\u00e3o na cidade de Pa\u00e7o do Lumiar com o atraso no repasse financeiro das escolas comunit\u00e1rias por\" \/>\n<meta property=\"og:url\" content=\"https:\/\/maranhaotv.com.br\/index.php\/2024\/02\/28\/prefeitura-de-paco-do-lumiar-atrasa-repasse-financeiro-as-escolas-comunitarias-comprometendo-inicio-das-aulas\/\" \/>\n<meta property=\"og:site_name\" content=\"NOT\u00cdCIAS EM TEMPO REAL\" \/>\n<meta property=\"article:publisher\" content=\"https:\/\/www.facebook.com\/maiobaotv\" \/>\n<meta property=\"article:published_time\" content=\"2024-02-28T13:24:15+00:00\" \/>\n<meta name=\"author\" content=\"maranhaotv\" \/>\n<meta name=\"twitter:card\" content=\"summary_large_image\" \/>\n<meta name=\"twitter:creator\" content=\"@sitemaranhaotv\" \/>\n<meta name=\"twitter:site\" content=\"@sitemaranhaotv\" \/>\n<meta name=\"twitter:label1\" content=\"Escrito por\" \/>\n\t<meta name=\"twitter:data1\" content=\"maranhaotv\" \/>\n\t<meta name=\"twitter:label2\" content=\"Est. tempo de leitura\" \/>\n\t<meta name=\"twitter:data2\" content=\"1 minuto\" \/>\n<script type=\"application\/ld+json\" class=\"yoast-schema-graph\">{\"@context\":\"https:\\\/\\\/schema.org\",\"@graph\":[{\"@type\":\"Article\",\"@id\":\"https:\\\/\\\/maranhaotv.com.br\\\/index.php\\\/2024\\\/02\\\/28\\\/prefeitura-de-paco-do-lumiar-atrasa-repasse-financeiro-as-escolas-comunitarias-comprometendo-inicio-das-aulas\\\/#article\",\"isPartOf\":{\"@id\":\"https:\\\/\\\/maranhaotv.com.br\\\/index.php\\\/2024\\\/02\\\/28\\\/prefeitura-de-paco-do-lumiar-atrasa-repasse-financeiro-as-escolas-comunitarias-comprometendo-inicio-das-aulas\\\/\"},\"author\":{\"name\":\"maranhaotv\",\"@id\":\"https:\\\/\\\/maranhaotv.com.br\\\/#\\\/schema\\\/person\\\/3d54238e86b20bb5c89ab2fdb8f8829a\"},\"headline\":\"Prefeitura de Pa\u00e7o do Lumiar atrasa repasse financeiro \u00e0s escolas comunit\u00e1rias, comprometendo in\u00edcio das aulas\",\"datePublished\":\"2024-02-28T13:24:15+00:00\",\"mainEntityOfPage\":{\"@id\":\"https:\\\/\\\/maranhaotv.com.br\\\/index.php\\\/2024\\\/02\\\/28\\\/prefeitura-de-paco-do-lumiar-atrasa-repasse-financeiro-as-escolas-comunitarias-comprometendo-inicio-das-aulas\\\/\"},\"wordCount\":203,\"commentCount\":0,\"publisher\":{\"@id\":\"https:\\\/\\\/maranhaotv.com.br\\\/#organization\"},\"image\":{\"@id\":\"https:\\\/\\\/maranhaotv.com.br\\\/index.php\\\/2024\\\/02\\\/28\\\/prefeitura-de-paco-do-lumiar-atrasa-repasse-financeiro-as-escolas-comunitarias-comprometendo-inicio-das-aulas\\\/#primaryimage\"},\"thumbnailUrl\":\"\",\"articleSection\":[\"not\u00edcias\"],\"inLanguage\":\"pt-BR\",\"potentialAction\":[{\"@type\":\"CommentAction\",\"name\":\"Comment\",\"target\":[\"https:\\\/\\\/maranhaotv.com.br\\\/index.php\\\/2024\\\/02\\\/28\\\/prefeitura-de-paco-do-lumiar-atrasa-repasse-financeiro-as-escolas-comunitarias-comprometendo-inicio-das-aulas\\\/#respond\"]}]},{\"@type\":\"WebPage\",\"@id\":\"https:\\\/\\\/maranhaotv.com.br\\\/index.php\\\/2024\\\/02\\\/28\\\/prefeitura-de-paco-do-lumiar-atrasa-repasse-financeiro-as-escolas-comunitarias-comprometendo-inicio-das-aulas\\\/\",\"url\":\"https:\\\/\\\/maranhaotv.com.br\\\/index.php\\\/2024\\\/02\\\/28\\\/prefeitura-de-paco-do-lumiar-atrasa-repasse-financeiro-as-escolas-comunitarias-comprometendo-inicio-das-aulas\\\/\",\"name\":\"Prefeitura de Pa\u00e7o do Lumiar atrasa repasse financeiro \u00e0s escolas comunit\u00e1rias, comprometendo in\u00edcio das aulas - NOT\u00cdCIAS EM TEMPO REAL\",\"isPartOf\":{\"@id\":\"https:\\\/\\\/maranhaotv.com.br\\\/#website\"},\"primaryImageOfPage\":{\"@id\":\"https:\\\/\\\/maranhaotv.com.br\\\/index.php\\\/2024\\\/02\\\/28\\\/prefeitura-de-paco-do-lumiar-atrasa-repasse-financeiro-as-escolas-comunitarias-comprometendo-inicio-das-aulas\\\/#primaryimage\"},\"image\":{\"@id\":\"https:\\\/\\\/maranhaotv.com.br\\\/index.php\\\/2024\\\/02\\\/28\\\/prefeitura-de-paco-do-lumiar-atrasa-repasse-financeiro-as-escolas-comunitarias-comprometendo-inicio-das-aulas\\\/#primaryimage\"},\"thumbnailUrl\":\"\",\"datePublished\":\"2024-02-28T13:24:15+00:00\",\"breadcrumb\":{\"@id\":\"https:\\\/\\\/maranhaotv.com.br\\\/index.php\\\/2024\\\/02\\\/28\\\/prefeitura-de-paco-do-lumiar-atrasa-repasse-financeiro-as-escolas-comunitarias-comprometendo-inicio-das-aulas\\\/#breadcrumb\"},\"inLanguage\":\"pt-BR\",\"potentialAction\":[{\"@type\":\"ReadAction\",\"target\":[\"https:\\\/\\\/maranhaotv.com.br\\\/index.php\\\/2024\\\/02\\\/28\\\/prefeitura-de-paco-do-lumiar-atrasa-repasse-financeiro-as-escolas-comunitarias-comprometendo-inicio-das-aulas\\\/\"]}]},{\"@type\":\"ImageObject\",\"inLanguage\":\"pt-BR\",\"@id\":\"https:\\\/\\\/maranhaotv.com.br\\\/index.php\\\/2024\\\/02\\\/28\\\/prefeitura-de-paco-do-lumiar-atrasa-repasse-financeiro-as-escolas-comunitarias-comprometendo-inicio-das-aulas\\\/#primaryimage\",\"url\":\"\",\"contentUrl\":\"\"},{\"@type\":\"BreadcrumbList\",\"@id\":\"https:\\\/\\\/maranhaotv.com.br\\\/index.php\\\/2024\\\/02\\\/28\\\/prefeitura-de-paco-do-lumiar-atrasa-repasse-financeiro-as-escolas-comunitarias-comprometendo-inicio-das-aulas\\\/#breadcrumb\",\"itemListElement\":[{\"@type\":\"ListItem\",\"position\":1,\"name\":\"In\u00edcio\",\"item\":\"https:\\\/\\\/maranhaotv.com.br\\\/\"},{\"@type\":\"ListItem\",\"position\":2,\"name\":\"Prefeitura de Pa\u00e7o do Lumiar atrasa repasse financeiro \u00e0s escolas comunit\u00e1rias, comprometendo in\u00edcio das aulas\"}]},{\"@type\":\"WebSite\",\"@id\":\"https:\\\/\\\/maranhaotv.com.br\\\/#website\",\"url\":\"https:\\\/\\\/maranhaotv.com.br\\\/\",\"name\":\"Maranh\u00e3oTV\",\"description\":\"\",\"publisher\":{\"@id\":\"https:\\\/\\\/maranhaotv.com.br\\\/#organization\"},\"potentialAction\":[{\"@type\":\"SearchAction\",\"target\":{\"@type\":\"EntryPoint\",\"urlTemplate\":\"https:\\\/\\\/maranhaotv.com.br\\\/?s={search_term_string}\"},\"query-input\":{\"@type\":\"PropertyValueSpecification\",\"valueRequired\":true,\"valueName\":\"search_term_string\"}}],\"inLanguage\":\"pt-BR\"},{\"@type\":\"Organization\",\"@id\":\"https:\\\/\\\/maranhaotv.com.br\\\/#organization\",\"name\":\"Portal de Not\u00edcias\",\"url\":\"https:\\\/\\\/maranhaotv.com.br\\\/\",\"logo\":{\"@type\":\"ImageObject\",\"inLanguage\":\"pt-BR\",\"@id\":\"https:\\\/\\\/maranhaotv.com.br\\\/#\\\/schema\\\/logo\\\/image\\\/\",\"url\":\"https:\\\/\\\/maranhaotv.com.br\\\/wp-content\\\/uploads\\\/2024\\\/05\\\/cropped-cropped-avatar-1.png\",\"contentUrl\":\"https:\\\/\\\/maranhaotv.com.br\\\/wp-content\\\/uploads\\\/2024\\\/05\\\/cropped-cropped-avatar-1.png\",\"width\":792,\"height\":428,\"caption\":\"Portal de Not\u00edcias\"},\"image\":{\"@id\":\"https:\\\/\\\/maranhaotv.com.br\\\/#\\\/schema\\\/logo\\\/image\\\/\"},\"sameAs\":[\"https:\\\/\\\/www.facebook.com\\\/maiobaotv\",\"https:\\\/\\\/x.com\\\/sitemaranhaotv\",\"https:\\\/\\\/www.instagram.com\\\/maranhao.tv\",\"https:\\\/\\\/www.threads.net\\\/@maranhao.tv\"]},{\"@type\":\"Person\",\"@id\":\"https:\\\/\\\/maranhaotv.com.br\\\/#\\\/schema\\\/person\\\/3d54238e86b20bb5c89ab2fdb8f8829a\",\"name\":\"maranhaotv\",\"image\":{\"@type\":\"ImageObject\",\"inLanguage\":\"pt-BR\",\"@id\":\"https:\\\/\\\/secure.gravatar.com\\\/avatar\\\/8fadbca458d4cb68b1dd399ae9a40618d747bb1af65ac9fad21c89220a143eb4?s=96&d=mm&r=g\",\"url\":\"https:\\\/\\\/secure.gravatar.com\\\/avatar\\\/8fadbca458d4cb68b1dd399ae9a40618d747bb1af65ac9fad21c89220a143eb4?s=96&d=mm&r=g\",\"contentUrl\":\"https:\\\/\\\/secure.gravatar.com\\\/avatar\\\/8fadbca458d4cb68b1dd399ae9a40618d747bb1af65ac9fad21c89220a143eb4?s=96&d=mm&r=g\",\"caption\":\"maranhaotv\"},\"sameAs\":[\"https:\\\/\\\/maranhaotv.com.br\\\/\"],\"url\":\"https:\\\/\\\/maranhaotv.com.br\\\/index.php\\\/author\\\/maranhaotv\\\/\"}]}<\/script>\n<!-- \/ Yoast SEO plugin. -->","yoast_head_json":{"title":"Prefeitura de Pa\u00e7o do Lumiar atrasa repasse financeiro \u00e0s escolas comunit\u00e1rias, comprometendo in\u00edcio das aulas - NOT\u00cdCIAS EM TEMPO REAL","robots":{"index":"index","follow":"follow","max-snippet":"max-snippet:-1","max-image-preview":"max-image-preview:large","max-video-preview":"max-video-preview:-1"},"canonical":"https:\/\/maranhaotv.com.br\/index.php\/2024\/02\/28\/prefeitura-de-paco-do-lumiar-atrasa-repasse-financeiro-as-escolas-comunitarias-comprometendo-inicio-das-aulas\/","og_locale":"pt_BR","og_type":"article","og_title":"Prefeitura de Pa\u00e7o do Lumiar atrasa repasse financeiro \u00e0s escolas comunit\u00e1rias, comprometendo in\u00edcio das aulas - NOT\u00cdCIAS EM TEMPO REAL","og_description":"H\u00e1 uma crescente preocupa\u00e7\u00e3o na cidade de Pa\u00e7o do Lumiar com o atraso no repasse financeiro das escolas comunit\u00e1rias por","og_url":"https:\/\/maranhaotv.com.br\/index.php\/2024\/02\/28\/prefeitura-de-paco-do-lumiar-atrasa-repasse-financeiro-as-escolas-comunitarias-comprometendo-inicio-das-aulas\/","og_site_name":"NOT\u00cdCIAS EM TEMPO REAL","article_publisher":"https:\/\/www.facebook.com\/maiobaotv","article_published_time":"2024-02-28T13:24:15+00:00","author":"maranhaotv","twitter_card":"summary_large_image","twitter_creator":"@sitemaranhaotv","twitter_site":"@sitemaranhaotv","twitter_misc":{"Escrito por":"maranhaotv","Est. tempo de leitura":"1 minuto"},"schema":{"@context":"https:\/\/schema.org","@graph":[{"@type":"Article","@id":"https:\/\/maranhaotv.com.br\/index.php\/2024\/02\/28\/prefeitura-de-paco-do-lumiar-atrasa-repasse-financeiro-as-escolas-comunitarias-comprometendo-inicio-das-aulas\/#article","isPartOf":{"@id":"https:\/\/maranhaotv.com.br\/index.php\/2024\/02\/28\/prefeitura-de-paco-do-lumiar-atrasa-repasse-financeiro-as-escolas-comunitarias-comprometendo-inicio-das-aulas\/"},"author":{"name":"maranhaotv","@id":"https:\/\/maranhaotv.com.br\/#\/schema\/person\/3d54238e86b20bb5c89ab2fdb8f8829a"},"headline":"Prefeitura de Pa\u00e7o do Lumiar atrasa repasse financeiro \u00e0s escolas comunit\u00e1rias, comprometendo in\u00edcio das aulas","datePublished":"2024-02-28T13:24:15+00:00","mainEntityOfPage":{"@id":"https:\/\/maranhaotv.com.br\/index.php\/2024\/02\/28\/prefeitura-de-paco-do-lumiar-atrasa-repasse-financeiro-as-escolas-comunitarias-comprometendo-inicio-das-aulas\/"},"wordCount":203,"commentCount":0,"publisher":{"@id":"https:\/\/maranhaotv.com.br\/#organization"},"image":{"@id":"https:\/\/maranhaotv.com.br\/index.php\/2024\/02\/28\/prefeitura-de-paco-do-lumiar-atrasa-repasse-financeiro-as-escolas-comunitarias-comprometendo-inicio-das-aulas\/#primaryimage"},"thumbnailUrl":"","articleSection":["not\u00edcias"],"inLanguage":"pt-BR","potentialAction":[{"@type":"CommentAction","name":"Comment","target":["https:\/\/maranhaotv.com.br\/index.php\/2024\/02\/28\/prefeitura-de-paco-do-lumiar-atrasa-repasse-financeiro-as-escolas-comunitarias-comprometendo-inicio-das-aulas\/#respond"]}]},{"@type":"WebPage","@id":"https:\/\/maranhaotv.com.br\/index.php\/2024\/02\/28\/prefeitura-de-paco-do-lumiar-atrasa-repasse-financeiro-as-escolas-comunitarias-comprometendo-inicio-das-aulas\/","url":"https:\/\/maranhaotv.com.br\/index.php\/2024\/02\/28\/prefeitura-de-paco-do-lumiar-atrasa-repasse-financeiro-as-escolas-comunitarias-comprometendo-inicio-das-aulas\/","name":"Prefeitura de Pa\u00e7o do Lumiar atrasa repasse financeiro \u00e0s escolas comunit\u00e1rias, comprometendo in\u00edcio das aulas - NOT\u00cdCIAS EM TEMPO REAL","isPartOf":{"@id":"https:\/\/maranhaotv.com.br\/#website"},"primaryImageOfPage":{"@id":"https:\/\/maranhaotv.com.br\/index.php\/2024\/02\/28\/prefeitura-de-paco-do-lumiar-atrasa-repasse-financeiro-as-escolas-comunitarias-comprometendo-inicio-das-aulas\/#primaryimage"},"image":{"@id":"https:\/\/maranhaotv.com.br\/index.php\/2024\/02\/28\/prefeitura-de-paco-do-lumiar-atrasa-repasse-financeiro-as-escolas-comunitarias-comprometendo-inicio-das-aulas\/#primaryimage"},"thumbnailUrl":"","datePublished":"2024-02-28T13:24:15+00:00","breadcrumb":{"@id":"https:\/\/maranhaotv.com.br\/index.php\/2024\/02\/28\/prefeitura-de-paco-do-lumiar-atrasa-repasse-financeiro-as-escolas-comunitarias-comprometendo-inicio-das-aulas\/#breadcrumb"},"inLanguage":"pt-BR","potentialAction":[{"@type":"ReadAction","target":["https:\/\/maranhaotv.com.br\/index.php\/2024\/02\/28\/prefeitura-de-paco-do-lumiar-atrasa-repasse-financeiro-as-escolas-comunitarias-comprometendo-inicio-das-aulas\/"]}]},{"@type":"ImageObject","inLanguage":"pt-BR","@id":"https:\/\/maranhaotv.com.br\/index.php\/2024\/02\/28\/prefeitura-de-paco-do-lumiar-atrasa-repasse-financeiro-as-escolas-comunitarias-comprometendo-inicio-das-aulas\/#primaryimage","url":"","contentUrl":""},{"@type":"BreadcrumbList","@id":"https:\/\/maranhaotv.com.br\/index.php\/2024\/02\/28\/prefeitura-de-paco-do-lumiar-atrasa-repasse-financeiro-as-escolas-comunitarias-comprometendo-inicio-das-aulas\/#breadcrumb","itemListElement":[{"@type":"ListItem","position":1,"name":"In\u00edcio","item":"https:\/\/maranhaotv.com.br\/"},{"@type":"ListItem","position":2,"name":"Prefeitura de Pa\u00e7o do Lumiar atrasa repasse financeiro \u00e0s escolas comunit\u00e1rias, comprometendo in\u00edcio das aulas"}]},{"@type":"WebSite","@id":"https:\/\/maranhaotv.com.br\/#website","url":"https:\/\/maranhaotv.com.br\/","name":"Maranh\u00e3oTV","description":"","publisher":{"@id":"https:\/\/maranhaotv.com.br\/#organization"},"potentialAction":[{"@type":"SearchAction","target":{"@type":"EntryPoint","urlTemplate":"https:\/\/maranhaotv.com.br\/?s={search_term_string}"},"query-input":{"@type":"PropertyValueSpecification","valueRequired":true,"valueName":"search_term_string"}}],"inLanguage":"pt-BR"},{"@type":"Organization","@id":"https:\/\/maranhaotv.com.br\/#organization","name":"Portal de Not\u00edcias","url":"https:\/\/maranhaotv.com.br\/","logo":{"@type":"ImageObject","inLanguage":"pt-BR","@id":"https:\/\/maranhaotv.com.br\/#\/schema\/logo\/image\/","url":"https:\/\/maranhaotv.com.br\/wp-content\/uploads\/2024\/05\/cropped-cropped-avatar-1.png","contentUrl":"https:\/\/maranhaotv.com.br\/wp-content\/uploads\/2024\/05\/cropped-cropped-avatar-1.png","width":792,"height":428,"caption":"Portal de Not\u00edcias"},"image":{"@id":"https:\/\/maranhaotv.com.br\/#\/schema\/logo\/image\/"},"sameAs":["https:\/\/www.facebook.com\/maiobaotv","https:\/\/x.com\/sitemaranhaotv","https:\/\/www.instagram.com\/maranhao.tv","https:\/\/www.threads.net\/@maranhao.tv"]},{"@type":"Person","@id":"https:\/\/maranhaotv.com.br\/#\/schema\/person\/3d54238e86b20bb5c89ab2fdb8f8829a","name":"maranhaotv","image":{"@type":"ImageObject","inLanguage":"pt-BR","@id":"https:\/\/secure.gravatar.com\/avatar\/8fadbca458d4cb68b1dd399ae9a40618d747bb1af65ac9fad21c89220a143eb4?s=96&d=mm&r=g","url":"https:\/\/secure.gravatar.com\/avatar\/8fadbca458d4cb68b1dd399ae9a40618d747bb1af65ac9fad21c89220a143eb4?s=96&d=mm&r=g","contentUrl":"https:\/\/secure.gravatar.com\/avatar\/8fadbca458d4cb68b1dd399ae9a40618d747bb1af65ac9fad21c89220a143eb4?s=96&d=mm&r=g","caption":"maranhaotv"},"sameAs":["https:\/\/maranhaotv.com.br\/"],"url":"https:\/\/maranhaotv.com.br\/index.php\/author\/maranhaotv\/"}]}},"jetpack_featured_media_url":"","jetpack_sharing_enabled":true,"_links":{"self":[{"href":"https:\/\/maranhaotv.com.br\/index.php\/wp-json\/wp\/v2\/posts\/34951","targetHints":{"allow":["GET"]}}],"collection":[{"href":"https:\/\/maranhaotv.com.br\/index.php\/wp-json\/wp\/v2\/posts"}],"about":[{"href":"https:\/\/maranhaotv.com.br\/index.php\/wp-json\/wp\/v2\/types\/post"}],"author":[{"embeddable":true,"href":"https:\/\/maranhaotv.com.br\/index.php\/wp-json\/wp\/v2\/users\/2"}],"replies":[{"embeddable":true,"href":"https:\/\/maranhaotv.com.br\/index.php\/wp-json\/wp\/v2\/comments?post=34951"}],"version-history":[{"count":0,"href":"https:\/\/maranhaotv.com.br\/index.php\/wp-json\/wp\/v2\/posts\/34951\/revisions"}],"wp:featuredmedia":[{"embeddable":true,"href":"https:\/\/maranhaotv.com.br\/index.php\/wp-json\/"}],"wp:attachment":[{"href":"https:\/\/maranhaotv.com.br\/index.php\/wp-json\/wp\/v2\/media?parent=34951"}],"wp:term":[{"taxonomy":"category","embeddable":true,"href":"https:\/\/maranhaotv.com.br\/index.php\/wp-json\/wp\/v2\/categories?post=34951"},{"taxonomy":"post_tag","embeddable":true,"href":"https:\/\/maranhaotv.com.br\/index.php\/wp-json\/wp\/v2\/tags?post=34951"}],"curies":[{"name":"wp","href":"https:\/\/api.w.org\/{rel}","templated":true}]}}