{"id":34961,"date":"2024-02-28T15:04:04","date_gmt":"2024-02-28T18:04:04","guid":{"rendered":"https:\/\/maranhaotv.com.br\/?p=34961"},"modified":"2024-02-28T15:04:04","modified_gmt":"2024-02-28T18:04:04","slug":"procuradoria-eleitoral-no-tse-confirma-posicao-do-tre-e-opina-pelo-indeferimento-da-cassacao-de-neto-evangelista","status":"publish","type":"post","link":"https:\/\/maranhaotv.com.br\/index.php\/2024\/02\/28\/procuradoria-eleitoral-no-tse-confirma-posicao-do-tre-e-opina-pelo-indeferimento-da-cassacao-de-neto-evangelista\/","title":{"rendered":"Procuradoria Eleitoral&nbsp; no TSE confirma posi\u00e7\u00e3o do TRE e opina pelo indeferimento da cassa\u00e7\u00e3o de Neto Evangelista"},"content":{"rendered":"\n<p><br><br>O TRE do Maranh\u00e3o teve seu posicionamento sobre cotas de g\u00eanero reconhecido no \u00e2mbito do Tribunal Superior Eleitoral em parecer da lavra da vice Procuradoria Geral Eleitoral.<br><br>Em parecer publicado nesta quarta-feira (28), o Minist\u00e9rio P\u00fablico Eleitoral n\u00e3o conheceu e negou provimento a um recurso eleitoral interposto que tentava mudar a decis\u00e3o do Tribunal Regional Eleitoral, que por maioria considerou improcedente a\u00e7\u00e3o contra o Uni\u00e3o Brasil, partido de Neto Evangelista. O parecer do MPE confirma o entendimento firmado pelo TRE, n\u00e3o reconhecendo a alega\u00e7\u00e3o de fraude \u00e0 cota de g\u00eanero nas elei\u00e7\u00f5es em 2022. <br><br>A manifesta\u00e7\u00e3o do \u00d3rg\u00e3o sinaliza o entendimento quanto \u00e0 manuten\u00e7\u00e3o dos mandatos parlamentes e pode servir de precedente para casos an\u00e1logos, a exemplo de a\u00e7\u00e3o que foi ajuizada contra o Partido Social Crist\u00e3o (PSC) e que deve ir a julgamento nos pr\u00f3ximos dias e tem como principais figuras os deputados estaduais Fernando Braide e Wellington do Curso. Caso seja priorizada a uniformiza\u00e7\u00e3o das decis\u00f5es e o princ\u00edpio da seguran\u00e7a jur\u00eddica, tem-se grande possibilidade favor\u00e1vel aos parlamentares em quest\u00e3o.<\/p>\n","protected":false},"excerpt":{"rendered":"<p>O TRE do Maranh\u00e3o teve seu posicionamento sobre cotas de g\u00eanero reconhecido no \u00e2mbito do Tribunal Superior Eleitoral em parecer<\/p>\n","protected":false},"author":2,"featured_media":34960,"comment_status":"open","ping_status":"open","sticky":false,"template":"","format":"standard","meta":{"colormag_page_container_layout":"default_layout","colormag_page_sidebar_layout":"default_layout","_jetpack_memberships_contains_paid_content":false,"footnotes":""},"categories":[2],"tags":[],"class_list":["post-34961","post","type-post","status-publish","format-standard","has-post-thumbnail","hentry","category-noticias"],"magazineBlocksPostFeaturedMedia":{"thumbnail":false,"medium":false,"medium_large":false,"large":false,"1536x1536":false,"2048x2048":false,"colormag-highlighted-post":false,"colormag-featured-post-medium":false,"colormag-featured-post-small":false,"colormag-featured-image":false,"colormag-default-news":false,"colormag-featured-image-large":false},"magazineBlocksPostAuthor":{"name":"maranhaotv","avatar":"https:\/\/secure.gravatar.com\/avatar\/8fadbca458d4cb68b1dd399ae9a40618d747bb1af65ac9fad21c89220a143eb4?s=96&d=mm&r=g"},"magazineBlocksPostCommentsNumber":"0","magazineBlocksPostExcerpt":"O TRE do Maranh\u00e3o teve seu posicionamento sobre cotas de g\u00eanero reconhecido no \u00e2mbito do Tribunal Superior Eleitoral em parecer","magazineBlocksPostCategories":["not\u00edcias"],"magazineBlocksPostViewCount":179,"magazineBlocksPostReadTime":1,"magazine_blocks_featured_image_url":{"full":false,"medium":false,"thumbnail":false},"magazine_blocks_author":{"display_name":"maranhaotv","author_link":"https:\/\/maranhaotv.com.br\/index.php\/author\/maranhaotv\/"},"magazine_blocks_comment":0,"magazine_blocks_author_image":"https:\/\/secure.gravatar.com\/avatar\/8fadbca458d4cb68b1dd399ae9a40618d747bb1af65ac9fad21c89220a143eb4?s=96&d=mm&r=g","magazine_blocks_category":"<a href=\"#\" class=\"category-link category-link-2\">not\u00edcias<\/a>","yoast_head":"<!-- This site is optimized with the Yoast SEO plugin v27.4 - https:\/\/yoast.com\/product\/yoast-seo-wordpress\/ -->\n<title>Procuradoria Eleitoral&nbsp; no TSE confirma posi\u00e7\u00e3o do TRE e opina pelo indeferimento da cassa\u00e7\u00e3o de Neto Evangelista - NOT\u00cdCIAS EM TEMPO REAL<\/title>\n<meta name=\"robots\" content=\"index, follow, max-snippet:-1, max-image-preview:large, max-video-preview:-1\" \/>\n<link rel=\"canonical\" href=\"https:\/\/maranhaotv.com.br\/index.php\/2024\/02\/28\/procuradoria-eleitoral-no-tse-confirma-posicao-do-tre-e-opina-pelo-indeferimento-da-cassacao-de-neto-evangelista\/\" \/>\n<meta property=\"og:locale\" content=\"pt_BR\" \/>\n<meta property=\"og:type\" content=\"article\" \/>\n<meta property=\"og:title\" content=\"Procuradoria Eleitoral&nbsp; no TSE confirma posi\u00e7\u00e3o do TRE e opina pelo indeferimento da cassa\u00e7\u00e3o de Neto Evangelista - NOT\u00cdCIAS EM TEMPO REAL\" \/>\n<meta property=\"og:description\" content=\"O TRE do Maranh\u00e3o teve seu posicionamento sobre cotas de g\u00eanero reconhecido no \u00e2mbito do Tribunal Superior Eleitoral em parecer\" \/>\n<meta property=\"og:url\" content=\"https:\/\/maranhaotv.com.br\/index.php\/2024\/02\/28\/procuradoria-eleitoral-no-tse-confirma-posicao-do-tre-e-opina-pelo-indeferimento-da-cassacao-de-neto-evangelista\/\" \/>\n<meta property=\"og:site_name\" content=\"NOT\u00cdCIAS EM TEMPO REAL\" \/>\n<meta property=\"article:publisher\" content=\"https:\/\/www.facebook.com\/maiobaotv\" \/>\n<meta property=\"article:published_time\" content=\"2024-02-28T18:04:04+00:00\" \/>\n<meta name=\"author\" content=\"maranhaotv\" \/>\n<meta name=\"twitter:card\" content=\"summary_large_image\" \/>\n<meta name=\"twitter:creator\" content=\"@sitemaranhaotv\" \/>\n<meta name=\"twitter:site\" content=\"@sitemaranhaotv\" \/>\n<meta name=\"twitter:label1\" content=\"Escrito por\" \/>\n\t<meta name=\"twitter:data1\" content=\"maranhaotv\" \/>\n\t<meta name=\"twitter:label2\" content=\"Est. tempo de leitura\" \/>\n\t<meta name=\"twitter:data2\" content=\"1 minuto\" \/>\n<script type=\"application\/ld+json\" class=\"yoast-schema-graph\">{\"@context\":\"https:\\\/\\\/schema.org\",\"@graph\":[{\"@type\":\"Article\",\"@id\":\"https:\\\/\\\/maranhaotv.com.br\\\/index.php\\\/2024\\\/02\\\/28\\\/procuradoria-eleitoral-no-tse-confirma-posicao-do-tre-e-opina-pelo-indeferimento-da-cassacao-de-neto-evangelista\\\/#article\",\"isPartOf\":{\"@id\":\"https:\\\/\\\/maranhaotv.com.br\\\/index.php\\\/2024\\\/02\\\/28\\\/procuradoria-eleitoral-no-tse-confirma-posicao-do-tre-e-opina-pelo-indeferimento-da-cassacao-de-neto-evangelista\\\/\"},\"author\":{\"name\":\"maranhaotv\",\"@id\":\"https:\\\/\\\/maranhaotv.com.br\\\/#\\\/schema\\\/person\\\/3d54238e86b20bb5c89ab2fdb8f8829a\"},\"headline\":\"Procuradoria Eleitoral&nbsp; no TSE confirma posi\u00e7\u00e3o do TRE e opina pelo indeferimento da cassa\u00e7\u00e3o de Neto Evangelista\",\"datePublished\":\"2024-02-28T18:04:04+00:00\",\"mainEntityOfPage\":{\"@id\":\"https:\\\/\\\/maranhaotv.com.br\\\/index.php\\\/2024\\\/02\\\/28\\\/procuradoria-eleitoral-no-tse-confirma-posicao-do-tre-e-opina-pelo-indeferimento-da-cassacao-de-neto-evangelista\\\/\"},\"wordCount\":214,\"commentCount\":0,\"publisher\":{\"@id\":\"https:\\\/\\\/maranhaotv.com.br\\\/#organization\"},\"image\":{\"@id\":\"https:\\\/\\\/maranhaotv.com.br\\\/index.php\\\/2024\\\/02\\\/28\\\/procuradoria-eleitoral-no-tse-confirma-posicao-do-tre-e-opina-pelo-indeferimento-da-cassacao-de-neto-evangelista\\\/#primaryimage\"},\"thumbnailUrl\":\"\",\"articleSection\":[\"not\u00edcias\"],\"inLanguage\":\"pt-BR\",\"potentialAction\":[{\"@type\":\"CommentAction\",\"name\":\"Comment\",\"target\":[\"https:\\\/\\\/maranhaotv.com.br\\\/index.php\\\/2024\\\/02\\\/28\\\/procuradoria-eleitoral-no-tse-confirma-posicao-do-tre-e-opina-pelo-indeferimento-da-cassacao-de-neto-evangelista\\\/#respond\"]}]},{\"@type\":\"WebPage\",\"@id\":\"https:\\\/\\\/maranhaotv.com.br\\\/index.php\\\/2024\\\/02\\\/28\\\/procuradoria-eleitoral-no-tse-confirma-posicao-do-tre-e-opina-pelo-indeferimento-da-cassacao-de-neto-evangelista\\\/\",\"url\":\"https:\\\/\\\/maranhaotv.com.br\\\/index.php\\\/2024\\\/02\\\/28\\\/procuradoria-eleitoral-no-tse-confirma-posicao-do-tre-e-opina-pelo-indeferimento-da-cassacao-de-neto-evangelista\\\/\",\"name\":\"Procuradoria Eleitoral&nbsp; no TSE confirma posi\u00e7\u00e3o do TRE e opina pelo indeferimento da cassa\u00e7\u00e3o de Neto Evangelista - NOT\u00cdCIAS EM TEMPO REAL\",\"isPartOf\":{\"@id\":\"https:\\\/\\\/maranhaotv.com.br\\\/#website\"},\"primaryImageOfPage\":{\"@id\":\"https:\\\/\\\/maranhaotv.com.br\\\/index.php\\\/2024\\\/02\\\/28\\\/procuradoria-eleitoral-no-tse-confirma-posicao-do-tre-e-opina-pelo-indeferimento-da-cassacao-de-neto-evangelista\\\/#primaryimage\"},\"image\":{\"@id\":\"https:\\\/\\\/maranhaotv.com.br\\\/index.php\\\/2024\\\/02\\\/28\\\/procuradoria-eleitoral-no-tse-confirma-posicao-do-tre-e-opina-pelo-indeferimento-da-cassacao-de-neto-evangelista\\\/#primaryimage\"},\"thumbnailUrl\":\"\",\"datePublished\":\"2024-02-28T18:04:04+00:00\",\"breadcrumb\":{\"@id\":\"https:\\\/\\\/maranhaotv.com.br\\\/index.php\\\/2024\\\/02\\\/28\\\/procuradoria-eleitoral-no-tse-confirma-posicao-do-tre-e-opina-pelo-indeferimento-da-cassacao-de-neto-evangelista\\\/#breadcrumb\"},\"inLanguage\":\"pt-BR\",\"potentialAction\":[{\"@type\":\"ReadAction\",\"target\":[\"https:\\\/\\\/maranhaotv.com.br\\\/index.php\\\/2024\\\/02\\\/28\\\/procuradoria-eleitoral-no-tse-confirma-posicao-do-tre-e-opina-pelo-indeferimento-da-cassacao-de-neto-evangelista\\\/\"]}]},{\"@type\":\"ImageObject\",\"inLanguage\":\"pt-BR\",\"@id\":\"https:\\\/\\\/maranhaotv.com.br\\\/index.php\\\/2024\\\/02\\\/28\\\/procuradoria-eleitoral-no-tse-confirma-posicao-do-tre-e-opina-pelo-indeferimento-da-cassacao-de-neto-evangelista\\\/#primaryimage\",\"url\":\"\",\"contentUrl\":\"\"},{\"@type\":\"BreadcrumbList\",\"@id\":\"https:\\\/\\\/maranhaotv.com.br\\\/index.php\\\/2024\\\/02\\\/28\\\/procuradoria-eleitoral-no-tse-confirma-posicao-do-tre-e-opina-pelo-indeferimento-da-cassacao-de-neto-evangelista\\\/#breadcrumb\",\"itemListElement\":[{\"@type\":\"ListItem\",\"position\":1,\"name\":\"In\u00edcio\",\"item\":\"https:\\\/\\\/maranhaotv.com.br\\\/\"},{\"@type\":\"ListItem\",\"position\":2,\"name\":\"Procuradoria Eleitoral&nbsp; no TSE confirma posi\u00e7\u00e3o do TRE e opina pelo indeferimento da cassa\u00e7\u00e3o de Neto Evangelista\"}]},{\"@type\":\"WebSite\",\"@id\":\"https:\\\/\\\/maranhaotv.com.br\\\/#website\",\"url\":\"https:\\\/\\\/maranhaotv.com.br\\\/\",\"name\":\"Maranh\u00e3oTV\",\"description\":\"\",\"publisher\":{\"@id\":\"https:\\\/\\\/maranhaotv.com.br\\\/#organization\"},\"potentialAction\":[{\"@type\":\"SearchAction\",\"target\":{\"@type\":\"EntryPoint\",\"urlTemplate\":\"https:\\\/\\\/maranhaotv.com.br\\\/?s={search_term_string}\"},\"query-input\":{\"@type\":\"PropertyValueSpecification\",\"valueRequired\":true,\"valueName\":\"search_term_string\"}}],\"inLanguage\":\"pt-BR\"},{\"@type\":\"Organization\",\"@id\":\"https:\\\/\\\/maranhaotv.com.br\\\/#organization\",\"name\":\"Portal de Not\u00edcias\",\"url\":\"https:\\\/\\\/maranhaotv.com.br\\\/\",\"logo\":{\"@type\":\"ImageObject\",\"inLanguage\":\"pt-BR\",\"@id\":\"https:\\\/\\\/maranhaotv.com.br\\\/#\\\/schema\\\/logo\\\/image\\\/\",\"url\":\"https:\\\/\\\/maranhaotv.com.br\\\/wp-content\\\/uploads\\\/2024\\\/05\\\/cropped-cropped-avatar-1.png\",\"contentUrl\":\"https:\\\/\\\/maranhaotv.com.br\\\/wp-content\\\/uploads\\\/2024\\\/05\\\/cropped-cropped-avatar-1.png\",\"width\":792,\"height\":428,\"caption\":\"Portal de Not\u00edcias\"},\"image\":{\"@id\":\"https:\\\/\\\/maranhaotv.com.br\\\/#\\\/schema\\\/logo\\\/image\\\/\"},\"sameAs\":[\"https:\\\/\\\/www.facebook.com\\\/maiobaotv\",\"https:\\\/\\\/x.com\\\/sitemaranhaotv\",\"https:\\\/\\\/www.instagram.com\\\/maranhao.tv\",\"https:\\\/\\\/www.threads.net\\\/@maranhao.tv\"]},{\"@type\":\"Person\",\"@id\":\"https:\\\/\\\/maranhaotv.com.br\\\/#\\\/schema\\\/person\\\/3d54238e86b20bb5c89ab2fdb8f8829a\",\"name\":\"maranhaotv\",\"image\":{\"@type\":\"ImageObject\",\"inLanguage\":\"pt-BR\",\"@id\":\"https:\\\/\\\/secure.gravatar.com\\\/avatar\\\/8fadbca458d4cb68b1dd399ae9a40618d747bb1af65ac9fad21c89220a143eb4?s=96&d=mm&r=g\",\"url\":\"https:\\\/\\\/secure.gravatar.com\\\/avatar\\\/8fadbca458d4cb68b1dd399ae9a40618d747bb1af65ac9fad21c89220a143eb4?s=96&d=mm&r=g\",\"contentUrl\":\"https:\\\/\\\/secure.gravatar.com\\\/avatar\\\/8fadbca458d4cb68b1dd399ae9a40618d747bb1af65ac9fad21c89220a143eb4?s=96&d=mm&r=g\",\"caption\":\"maranhaotv\"},\"sameAs\":[\"https:\\\/\\\/maranhaotv.com.br\\\/\"],\"url\":\"https:\\\/\\\/maranhaotv.com.br\\\/index.php\\\/author\\\/maranhaotv\\\/\"}]}<\/script>\n<!-- \/ Yoast SEO plugin. -->","yoast_head_json":{"title":"Procuradoria Eleitoral&nbsp; no TSE confirma posi\u00e7\u00e3o do TRE e opina pelo indeferimento da cassa\u00e7\u00e3o de Neto Evangelista - NOT\u00cdCIAS EM TEMPO REAL","robots":{"index":"index","follow":"follow","max-snippet":"max-snippet:-1","max-image-preview":"max-image-preview:large","max-video-preview":"max-video-preview:-1"},"canonical":"https:\/\/maranhaotv.com.br\/index.php\/2024\/02\/28\/procuradoria-eleitoral-no-tse-confirma-posicao-do-tre-e-opina-pelo-indeferimento-da-cassacao-de-neto-evangelista\/","og_locale":"pt_BR","og_type":"article","og_title":"Procuradoria Eleitoral&nbsp; no TSE confirma posi\u00e7\u00e3o do TRE e opina pelo indeferimento da cassa\u00e7\u00e3o de Neto Evangelista - NOT\u00cdCIAS EM TEMPO REAL","og_description":"O TRE do Maranh\u00e3o teve seu posicionamento sobre cotas de g\u00eanero reconhecido no \u00e2mbito do Tribunal Superior Eleitoral em parecer","og_url":"https:\/\/maranhaotv.com.br\/index.php\/2024\/02\/28\/procuradoria-eleitoral-no-tse-confirma-posicao-do-tre-e-opina-pelo-indeferimento-da-cassacao-de-neto-evangelista\/","og_site_name":"NOT\u00cdCIAS EM TEMPO REAL","article_publisher":"https:\/\/www.facebook.com\/maiobaotv","article_published_time":"2024-02-28T18:04:04+00:00","author":"maranhaotv","twitter_card":"summary_large_image","twitter_creator":"@sitemaranhaotv","twitter_site":"@sitemaranhaotv","twitter_misc":{"Escrito por":"maranhaotv","Est. tempo de leitura":"1 minuto"},"schema":{"@context":"https:\/\/schema.org","@graph":[{"@type":"Article","@id":"https:\/\/maranhaotv.com.br\/index.php\/2024\/02\/28\/procuradoria-eleitoral-no-tse-confirma-posicao-do-tre-e-opina-pelo-indeferimento-da-cassacao-de-neto-evangelista\/#article","isPartOf":{"@id":"https:\/\/maranhaotv.com.br\/index.php\/2024\/02\/28\/procuradoria-eleitoral-no-tse-confirma-posicao-do-tre-e-opina-pelo-indeferimento-da-cassacao-de-neto-evangelista\/"},"author":{"name":"maranhaotv","@id":"https:\/\/maranhaotv.com.br\/#\/schema\/person\/3d54238e86b20bb5c89ab2fdb8f8829a"},"headline":"Procuradoria Eleitoral&nbsp; no TSE confirma posi\u00e7\u00e3o do TRE e opina pelo indeferimento da cassa\u00e7\u00e3o de Neto Evangelista","datePublished":"2024-02-28T18:04:04+00:00","mainEntityOfPage":{"@id":"https:\/\/maranhaotv.com.br\/index.php\/2024\/02\/28\/procuradoria-eleitoral-no-tse-confirma-posicao-do-tre-e-opina-pelo-indeferimento-da-cassacao-de-neto-evangelista\/"},"wordCount":214,"commentCount":0,"publisher":{"@id":"https:\/\/maranhaotv.com.br\/#organization"},"image":{"@id":"https:\/\/maranhaotv.com.br\/index.php\/2024\/02\/28\/procuradoria-eleitoral-no-tse-confirma-posicao-do-tre-e-opina-pelo-indeferimento-da-cassacao-de-neto-evangelista\/#primaryimage"},"thumbnailUrl":"","articleSection":["not\u00edcias"],"inLanguage":"pt-BR","potentialAction":[{"@type":"CommentAction","name":"Comment","target":["https:\/\/maranhaotv.com.br\/index.php\/2024\/02\/28\/procuradoria-eleitoral-no-tse-confirma-posicao-do-tre-e-opina-pelo-indeferimento-da-cassacao-de-neto-evangelista\/#respond"]}]},{"@type":"WebPage","@id":"https:\/\/maranhaotv.com.br\/index.php\/2024\/02\/28\/procuradoria-eleitoral-no-tse-confirma-posicao-do-tre-e-opina-pelo-indeferimento-da-cassacao-de-neto-evangelista\/","url":"https:\/\/maranhaotv.com.br\/index.php\/2024\/02\/28\/procuradoria-eleitoral-no-tse-confirma-posicao-do-tre-e-opina-pelo-indeferimento-da-cassacao-de-neto-evangelista\/","name":"Procuradoria Eleitoral&nbsp; no TSE confirma posi\u00e7\u00e3o do TRE e opina pelo indeferimento da cassa\u00e7\u00e3o de Neto Evangelista - NOT\u00cdCIAS EM TEMPO REAL","isPartOf":{"@id":"https:\/\/maranhaotv.com.br\/#website"},"primaryImageOfPage":{"@id":"https:\/\/maranhaotv.com.br\/index.php\/2024\/02\/28\/procuradoria-eleitoral-no-tse-confirma-posicao-do-tre-e-opina-pelo-indeferimento-da-cassacao-de-neto-evangelista\/#primaryimage"},"image":{"@id":"https:\/\/maranhaotv.com.br\/index.php\/2024\/02\/28\/procuradoria-eleitoral-no-tse-confirma-posicao-do-tre-e-opina-pelo-indeferimento-da-cassacao-de-neto-evangelista\/#primaryimage"},"thumbnailUrl":"","datePublished":"2024-02-28T18:04:04+00:00","breadcrumb":{"@id":"https:\/\/maranhaotv.com.br\/index.php\/2024\/02\/28\/procuradoria-eleitoral-no-tse-confirma-posicao-do-tre-e-opina-pelo-indeferimento-da-cassacao-de-neto-evangelista\/#breadcrumb"},"inLanguage":"pt-BR","potentialAction":[{"@type":"ReadAction","target":["https:\/\/maranhaotv.com.br\/index.php\/2024\/02\/28\/procuradoria-eleitoral-no-tse-confirma-posicao-do-tre-e-opina-pelo-indeferimento-da-cassacao-de-neto-evangelista\/"]}]},{"@type":"ImageObject","inLanguage":"pt-BR","@id":"https:\/\/maranhaotv.com.br\/index.php\/2024\/02\/28\/procuradoria-eleitoral-no-tse-confirma-posicao-do-tre-e-opina-pelo-indeferimento-da-cassacao-de-neto-evangelista\/#primaryimage","url":"","contentUrl":""},{"@type":"BreadcrumbList","@id":"https:\/\/maranhaotv.com.br\/index.php\/2024\/02\/28\/procuradoria-eleitoral-no-tse-confirma-posicao-do-tre-e-opina-pelo-indeferimento-da-cassacao-de-neto-evangelista\/#breadcrumb","itemListElement":[{"@type":"ListItem","position":1,"name":"In\u00edcio","item":"https:\/\/maranhaotv.com.br\/"},{"@type":"ListItem","position":2,"name":"Procuradoria Eleitoral&nbsp; no TSE confirma posi\u00e7\u00e3o do TRE e opina pelo indeferimento da cassa\u00e7\u00e3o de Neto Evangelista"}]},{"@type":"WebSite","@id":"https:\/\/maranhaotv.com.br\/#website","url":"https:\/\/maranhaotv.com.br\/","name":"Maranh\u00e3oTV","description":"","publisher":{"@id":"https:\/\/maranhaotv.com.br\/#organization"},"potentialAction":[{"@type":"SearchAction","target":{"@type":"EntryPoint","urlTemplate":"https:\/\/maranhaotv.com.br\/?s={search_term_string}"},"query-input":{"@type":"PropertyValueSpecification","valueRequired":true,"valueName":"search_term_string"}}],"inLanguage":"pt-BR"},{"@type":"Organization","@id":"https:\/\/maranhaotv.com.br\/#organization","name":"Portal de Not\u00edcias","url":"https:\/\/maranhaotv.com.br\/","logo":{"@type":"ImageObject","inLanguage":"pt-BR","@id":"https:\/\/maranhaotv.com.br\/#\/schema\/logo\/image\/","url":"https:\/\/maranhaotv.com.br\/wp-content\/uploads\/2024\/05\/cropped-cropped-avatar-1.png","contentUrl":"https:\/\/maranhaotv.com.br\/wp-content\/uploads\/2024\/05\/cropped-cropped-avatar-1.png","width":792,"height":428,"caption":"Portal de Not\u00edcias"},"image":{"@id":"https:\/\/maranhaotv.com.br\/#\/schema\/logo\/image\/"},"sameAs":["https:\/\/www.facebook.com\/maiobaotv","https:\/\/x.com\/sitemaranhaotv","https:\/\/www.instagram.com\/maranhao.tv","https:\/\/www.threads.net\/@maranhao.tv"]},{"@type":"Person","@id":"https:\/\/maranhaotv.com.br\/#\/schema\/person\/3d54238e86b20bb5c89ab2fdb8f8829a","name":"maranhaotv","image":{"@type":"ImageObject","inLanguage":"pt-BR","@id":"https:\/\/secure.gravatar.com\/avatar\/8fadbca458d4cb68b1dd399ae9a40618d747bb1af65ac9fad21c89220a143eb4?s=96&d=mm&r=g","url":"https:\/\/secure.gravatar.com\/avatar\/8fadbca458d4cb68b1dd399ae9a40618d747bb1af65ac9fad21c89220a143eb4?s=96&d=mm&r=g","contentUrl":"https:\/\/secure.gravatar.com\/avatar\/8fadbca458d4cb68b1dd399ae9a40618d747bb1af65ac9fad21c89220a143eb4?s=96&d=mm&r=g","caption":"maranhaotv"},"sameAs":["https:\/\/maranhaotv.com.br\/"],"url":"https:\/\/maranhaotv.com.br\/index.php\/author\/maranhaotv\/"}]}},"jetpack_featured_media_url":"","jetpack_sharing_enabled":true,"_links":{"self":[{"href":"https:\/\/maranhaotv.com.br\/index.php\/wp-json\/wp\/v2\/posts\/34961","targetHints":{"allow":["GET"]}}],"collection":[{"href":"https:\/\/maranhaotv.com.br\/index.php\/wp-json\/wp\/v2\/posts"}],"about":[{"href":"https:\/\/maranhaotv.com.br\/index.php\/wp-json\/wp\/v2\/types\/post"}],"author":[{"embeddable":true,"href":"https:\/\/maranhaotv.com.br\/index.php\/wp-json\/wp\/v2\/users\/2"}],"replies":[{"embeddable":true,"href":"https:\/\/maranhaotv.com.br\/index.php\/wp-json\/wp\/v2\/comments?post=34961"}],"version-history":[{"count":0,"href":"https:\/\/maranhaotv.com.br\/index.php\/wp-json\/wp\/v2\/posts\/34961\/revisions"}],"wp:featuredmedia":[{"embeddable":true,"href":"https:\/\/maranhaotv.com.br\/index.php\/wp-json\/"}],"wp:attachment":[{"href":"https:\/\/maranhaotv.com.br\/index.php\/wp-json\/wp\/v2\/media?parent=34961"}],"wp:term":[{"taxonomy":"category","embeddable":true,"href":"https:\/\/maranhaotv.com.br\/index.php\/wp-json\/wp\/v2\/categories?post=34961"},{"taxonomy":"post_tag","embeddable":true,"href":"https:\/\/maranhaotv.com.br\/index.php\/wp-json\/wp\/v2\/tags?post=34961"}],"curies":[{"name":"wp","href":"https:\/\/api.w.org\/{rel}","templated":true}]}}