{"id":34982,"date":"2024-03-01T11:55:39","date_gmt":"2024-03-01T14:55:39","guid":{"rendered":"https:\/\/maranhaotv.com.br\/?p=34982"},"modified":"2024-03-01T11:55:39","modified_gmt":"2024-03-01T14:55:39","slug":"ciclistas-questionam-a-falta-de-ciclovias-que-haviam-no-projeto-original-do-programa-transito-livre-de-sao-luis-ma","status":"publish","type":"post","link":"https:\/\/maranhaotv.com.br\/index.php\/2024\/03\/01\/ciclistas-questionam-a-falta-de-ciclovias-que-haviam-no-projeto-original-do-programa-transito-livre-de-sao-luis-ma\/","title":{"rendered":"Ciclistas questionam a falta de ciclovias que haviam no projeto original do programa tr\u00e2nsito livre de S\u00e3o Lu\u00eds\/MA."},"content":{"rendered":"\n<p><br><br>No lan\u00e7amento do projeto da etapa retorno do Caolho, em 06 de agosto 2022, a prefeitura de S\u00e3o Lu\u00eds postou em suas redes sociais a maquete acima.<br><br>A not\u00edcia gerou entusiasmo entre as pessoas que utilizam a bicicleta para seu deslocamento di\u00e1rio. <br><br>No entanto, o entusiasmo durou somente at\u00e9 a inaugura\u00e7\u00e3o da obra, visto que, na pr\u00e1tica, as ciclovias simplesmente n\u00e3o apareceram.<br><br>Desde ent\u00e3o, os ciclistas solicitam \u00e0 prefeitura e a seus \u00f3rg\u00e3os uma justificativa da mudan\u00e7a no projeto, mas at\u00e9 o momento n\u00e3o houve retorno.<br><br>O mesmo problema ocorre com as demais etapas do programa.<br><br>Espa\u00e7o fica aberto \u00e0 prefeitura e seus \u00f3rg\u00e3os para\u00a0 justificativa.<br><br>Texto: @pedalecobrasil \/ Imagem: @gilberto_leda<\/p>\n\n\n\n<figure class=\"wp-block-image size-large\"><img decoding=\"async\" src=\"https:\/\/maranhaotv.com.br\/wp-content\/uploads\/2024\/03\/img-20240301-wa00425985356351240630988-1019x1024.jpg\" alt=\"\" class=\"wp-image-34980\"\/><\/figure>\n","protected":false},"excerpt":{"rendered":"<p>No lan\u00e7amento do projeto da etapa retorno do Caolho, em 06 de agosto 2022, a prefeitura de S\u00e3o Lu\u00eds postou<\/p>\n","protected":false},"author":2,"featured_media":34981,"comment_status":"open","ping_status":"open","sticky":false,"template":"","format":"standard","meta":{"colormag_page_container_layout":"default_layout","colormag_page_sidebar_layout":"default_layout","_jetpack_memberships_contains_paid_content":false,"footnotes":""},"categories":[2],"tags":[77],"class_list":["post-34982","post","type-post","status-publish","format-standard","has-post-thumbnail","hentry","category-noticias","tag-eduardo-braide"],"magazineBlocksPostFeaturedMedia":{"thumbnail":false,"medium":false,"medium_large":false,"large":false,"1536x1536":false,"2048x2048":false,"colormag-highlighted-post":false,"colormag-featured-post-medium":false,"colormag-featured-post-small":false,"colormag-featured-image":false,"colormag-default-news":false,"colormag-featured-image-large":false},"magazineBlocksPostAuthor":{"name":"maranhaotv","avatar":"https:\/\/secure.gravatar.com\/avatar\/8fadbca458d4cb68b1dd399ae9a40618d747bb1af65ac9fad21c89220a143eb4?s=96&d=mm&r=g"},"magazineBlocksPostCommentsNumber":"0","magazineBlocksPostExcerpt":"No lan\u00e7amento do projeto da etapa retorno do Caolho, em 06 de agosto 2022, a prefeitura de S\u00e3o Lu\u00eds postou","magazineBlocksPostCategories":["not\u00edcias"],"magazineBlocksPostViewCount":395,"magazineBlocksPostReadTime":1,"magazine_blocks_featured_image_url":{"full":false,"medium":false,"thumbnail":false},"magazine_blocks_author":{"display_name":"maranhaotv","author_link":"https:\/\/maranhaotv.com.br\/index.php\/author\/maranhaotv\/"},"magazine_blocks_comment":0,"magazine_blocks_author_image":"https:\/\/secure.gravatar.com\/avatar\/8fadbca458d4cb68b1dd399ae9a40618d747bb1af65ac9fad21c89220a143eb4?s=96&d=mm&r=g","magazine_blocks_category":"<a href=\"#\" class=\"category-link category-link-2\">not\u00edcias<\/a>","yoast_head":"<!-- This site is optimized with the Yoast SEO plugin v27.4 - https:\/\/yoast.com\/product\/yoast-seo-wordpress\/ -->\n<title>Ciclistas questionam a falta de ciclovias que haviam no projeto original do programa tr\u00e2nsito livre de S\u00e3o Lu\u00eds\/MA. - NOT\u00cdCIAS EM TEMPO REAL<\/title>\n<meta name=\"robots\" content=\"index, follow, max-snippet:-1, max-image-preview:large, max-video-preview:-1\" \/>\n<link rel=\"canonical\" href=\"https:\/\/maranhaotv.com.br\/index.php\/2024\/03\/01\/ciclistas-questionam-a-falta-de-ciclovias-que-haviam-no-projeto-original-do-programa-transito-livre-de-sao-luis-ma\/\" \/>\n<meta property=\"og:locale\" content=\"pt_BR\" \/>\n<meta property=\"og:type\" content=\"article\" \/>\n<meta property=\"og:title\" content=\"Ciclistas questionam a falta de ciclovias que haviam no projeto original do programa tr\u00e2nsito livre de S\u00e3o Lu\u00eds\/MA. - NOT\u00cdCIAS EM TEMPO REAL\" \/>\n<meta property=\"og:description\" content=\"No lan\u00e7amento do projeto da etapa retorno do Caolho, em 06 de agosto 2022, a prefeitura de S\u00e3o Lu\u00eds postou\" \/>\n<meta property=\"og:url\" content=\"https:\/\/maranhaotv.com.br\/index.php\/2024\/03\/01\/ciclistas-questionam-a-falta-de-ciclovias-que-haviam-no-projeto-original-do-programa-transito-livre-de-sao-luis-ma\/\" \/>\n<meta property=\"og:site_name\" content=\"NOT\u00cdCIAS EM TEMPO REAL\" \/>\n<meta property=\"article:publisher\" content=\"https:\/\/www.facebook.com\/maiobaotv\" \/>\n<meta property=\"article:published_time\" content=\"2024-03-01T14:55:39+00:00\" \/>\n<meta name=\"author\" content=\"maranhaotv\" \/>\n<meta name=\"twitter:card\" content=\"summary_large_image\" \/>\n<meta name=\"twitter:creator\" content=\"@sitemaranhaotv\" \/>\n<meta name=\"twitter:site\" content=\"@sitemaranhaotv\" \/>\n<meta name=\"twitter:label1\" content=\"Escrito por\" \/>\n\t<meta name=\"twitter:data1\" content=\"maranhaotv\" \/>\n\t<meta name=\"twitter:label2\" content=\"Est. tempo de leitura\" \/>\n\t<meta name=\"twitter:data2\" content=\"1 minuto\" \/>\n<script type=\"application\/ld+json\" class=\"yoast-schema-graph\">{\"@context\":\"https:\\\/\\\/schema.org\",\"@graph\":[{\"@type\":\"Article\",\"@id\":\"https:\\\/\\\/maranhaotv.com.br\\\/index.php\\\/2024\\\/03\\\/01\\\/ciclistas-questionam-a-falta-de-ciclovias-que-haviam-no-projeto-original-do-programa-transito-livre-de-sao-luis-ma\\\/#article\",\"isPartOf\":{\"@id\":\"https:\\\/\\\/maranhaotv.com.br\\\/index.php\\\/2024\\\/03\\\/01\\\/ciclistas-questionam-a-falta-de-ciclovias-que-haviam-no-projeto-original-do-programa-transito-livre-de-sao-luis-ma\\\/\"},\"author\":{\"name\":\"maranhaotv\",\"@id\":\"https:\\\/\\\/maranhaotv.com.br\\\/#\\\/schema\\\/person\\\/3d54238e86b20bb5c89ab2fdb8f8829a\"},\"headline\":\"Ciclistas questionam a falta de ciclovias que haviam no projeto original do programa tr\u00e2nsito livre de S\u00e3o Lu\u00eds\\\/MA.\",\"datePublished\":\"2024-03-01T14:55:39+00:00\",\"mainEntityOfPage\":{\"@id\":\"https:\\\/\\\/maranhaotv.com.br\\\/index.php\\\/2024\\\/03\\\/01\\\/ciclistas-questionam-a-falta-de-ciclovias-que-haviam-no-projeto-original-do-programa-transito-livre-de-sao-luis-ma\\\/\"},\"wordCount\":143,\"commentCount\":0,\"publisher\":{\"@id\":\"https:\\\/\\\/maranhaotv.com.br\\\/#organization\"},\"image\":{\"@id\":\"https:\\\/\\\/maranhaotv.com.br\\\/index.php\\\/2024\\\/03\\\/01\\\/ciclistas-questionam-a-falta-de-ciclovias-que-haviam-no-projeto-original-do-programa-transito-livre-de-sao-luis-ma\\\/#primaryimage\"},\"thumbnailUrl\":\"\",\"keywords\":[\"Eduardo Braide\"],\"articleSection\":[\"not\u00edcias\"],\"inLanguage\":\"pt-BR\",\"potentialAction\":[{\"@type\":\"CommentAction\",\"name\":\"Comment\",\"target\":[\"https:\\\/\\\/maranhaotv.com.br\\\/index.php\\\/2024\\\/03\\\/01\\\/ciclistas-questionam-a-falta-de-ciclovias-que-haviam-no-projeto-original-do-programa-transito-livre-de-sao-luis-ma\\\/#respond\"]}]},{\"@type\":\"WebPage\",\"@id\":\"https:\\\/\\\/maranhaotv.com.br\\\/index.php\\\/2024\\\/03\\\/01\\\/ciclistas-questionam-a-falta-de-ciclovias-que-haviam-no-projeto-original-do-programa-transito-livre-de-sao-luis-ma\\\/\",\"url\":\"https:\\\/\\\/maranhaotv.com.br\\\/index.php\\\/2024\\\/03\\\/01\\\/ciclistas-questionam-a-falta-de-ciclovias-que-haviam-no-projeto-original-do-programa-transito-livre-de-sao-luis-ma\\\/\",\"name\":\"Ciclistas questionam a falta de ciclovias que haviam no projeto original do programa tr\u00e2nsito livre de S\u00e3o Lu\u00eds\\\/MA. - NOT\u00cdCIAS EM TEMPO REAL\",\"isPartOf\":{\"@id\":\"https:\\\/\\\/maranhaotv.com.br\\\/#website\"},\"primaryImageOfPage\":{\"@id\":\"https:\\\/\\\/maranhaotv.com.br\\\/index.php\\\/2024\\\/03\\\/01\\\/ciclistas-questionam-a-falta-de-ciclovias-que-haviam-no-projeto-original-do-programa-transito-livre-de-sao-luis-ma\\\/#primaryimage\"},\"image\":{\"@id\":\"https:\\\/\\\/maranhaotv.com.br\\\/index.php\\\/2024\\\/03\\\/01\\\/ciclistas-questionam-a-falta-de-ciclovias-que-haviam-no-projeto-original-do-programa-transito-livre-de-sao-luis-ma\\\/#primaryimage\"},\"thumbnailUrl\":\"\",\"datePublished\":\"2024-03-01T14:55:39+00:00\",\"breadcrumb\":{\"@id\":\"https:\\\/\\\/maranhaotv.com.br\\\/index.php\\\/2024\\\/03\\\/01\\\/ciclistas-questionam-a-falta-de-ciclovias-que-haviam-no-projeto-original-do-programa-transito-livre-de-sao-luis-ma\\\/#breadcrumb\"},\"inLanguage\":\"pt-BR\",\"potentialAction\":[{\"@type\":\"ReadAction\",\"target\":[\"https:\\\/\\\/maranhaotv.com.br\\\/index.php\\\/2024\\\/03\\\/01\\\/ciclistas-questionam-a-falta-de-ciclovias-que-haviam-no-projeto-original-do-programa-transito-livre-de-sao-luis-ma\\\/\"]}]},{\"@type\":\"ImageObject\",\"inLanguage\":\"pt-BR\",\"@id\":\"https:\\\/\\\/maranhaotv.com.br\\\/index.php\\\/2024\\\/03\\\/01\\\/ciclistas-questionam-a-falta-de-ciclovias-que-haviam-no-projeto-original-do-programa-transito-livre-de-sao-luis-ma\\\/#primaryimage\",\"url\":\"\",\"contentUrl\":\"\"},{\"@type\":\"BreadcrumbList\",\"@id\":\"https:\\\/\\\/maranhaotv.com.br\\\/index.php\\\/2024\\\/03\\\/01\\\/ciclistas-questionam-a-falta-de-ciclovias-que-haviam-no-projeto-original-do-programa-transito-livre-de-sao-luis-ma\\\/#breadcrumb\",\"itemListElement\":[{\"@type\":\"ListItem\",\"position\":1,\"name\":\"In\u00edcio\",\"item\":\"https:\\\/\\\/maranhaotv.com.br\\\/\"},{\"@type\":\"ListItem\",\"position\":2,\"name\":\"Ciclistas questionam a falta de ciclovias que haviam no projeto original do programa tr\u00e2nsito livre de S\u00e3o Lu\u00eds\\\/MA.\"}]},{\"@type\":\"WebSite\",\"@id\":\"https:\\\/\\\/maranhaotv.com.br\\\/#website\",\"url\":\"https:\\\/\\\/maranhaotv.com.br\\\/\",\"name\":\"Maranh\u00e3oTV\",\"description\":\"\",\"publisher\":{\"@id\":\"https:\\\/\\\/maranhaotv.com.br\\\/#organization\"},\"potentialAction\":[{\"@type\":\"SearchAction\",\"target\":{\"@type\":\"EntryPoint\",\"urlTemplate\":\"https:\\\/\\\/maranhaotv.com.br\\\/?s={search_term_string}\"},\"query-input\":{\"@type\":\"PropertyValueSpecification\",\"valueRequired\":true,\"valueName\":\"search_term_string\"}}],\"inLanguage\":\"pt-BR\"},{\"@type\":\"Organization\",\"@id\":\"https:\\\/\\\/maranhaotv.com.br\\\/#organization\",\"name\":\"Portal de Not\u00edcias\",\"url\":\"https:\\\/\\\/maranhaotv.com.br\\\/\",\"logo\":{\"@type\":\"ImageObject\",\"inLanguage\":\"pt-BR\",\"@id\":\"https:\\\/\\\/maranhaotv.com.br\\\/#\\\/schema\\\/logo\\\/image\\\/\",\"url\":\"https:\\\/\\\/maranhaotv.com.br\\\/wp-content\\\/uploads\\\/2024\\\/05\\\/cropped-cropped-avatar-1.png\",\"contentUrl\":\"https:\\\/\\\/maranhaotv.com.br\\\/wp-content\\\/uploads\\\/2024\\\/05\\\/cropped-cropped-avatar-1.png\",\"width\":792,\"height\":428,\"caption\":\"Portal de Not\u00edcias\"},\"image\":{\"@id\":\"https:\\\/\\\/maranhaotv.com.br\\\/#\\\/schema\\\/logo\\\/image\\\/\"},\"sameAs\":[\"https:\\\/\\\/www.facebook.com\\\/maiobaotv\",\"https:\\\/\\\/x.com\\\/sitemaranhaotv\",\"https:\\\/\\\/www.instagram.com\\\/maranhao.tv\",\"https:\\\/\\\/www.threads.net\\\/@maranhao.tv\"]},{\"@type\":\"Person\",\"@id\":\"https:\\\/\\\/maranhaotv.com.br\\\/#\\\/schema\\\/person\\\/3d54238e86b20bb5c89ab2fdb8f8829a\",\"name\":\"maranhaotv\",\"image\":{\"@type\":\"ImageObject\",\"inLanguage\":\"pt-BR\",\"@id\":\"https:\\\/\\\/secure.gravatar.com\\\/avatar\\\/8fadbca458d4cb68b1dd399ae9a40618d747bb1af65ac9fad21c89220a143eb4?s=96&d=mm&r=g\",\"url\":\"https:\\\/\\\/secure.gravatar.com\\\/avatar\\\/8fadbca458d4cb68b1dd399ae9a40618d747bb1af65ac9fad21c89220a143eb4?s=96&d=mm&r=g\",\"contentUrl\":\"https:\\\/\\\/secure.gravatar.com\\\/avatar\\\/8fadbca458d4cb68b1dd399ae9a40618d747bb1af65ac9fad21c89220a143eb4?s=96&d=mm&r=g\",\"caption\":\"maranhaotv\"},\"sameAs\":[\"https:\\\/\\\/maranhaotv.com.br\\\/\"],\"url\":\"https:\\\/\\\/maranhaotv.com.br\\\/index.php\\\/author\\\/maranhaotv\\\/\"}]}<\/script>\n<!-- \/ Yoast SEO plugin. -->","yoast_head_json":{"title":"Ciclistas questionam a falta de ciclovias que haviam no projeto original do programa tr\u00e2nsito livre de S\u00e3o Lu\u00eds\/MA. - NOT\u00cdCIAS EM TEMPO REAL","robots":{"index":"index","follow":"follow","max-snippet":"max-snippet:-1","max-image-preview":"max-image-preview:large","max-video-preview":"max-video-preview:-1"},"canonical":"https:\/\/maranhaotv.com.br\/index.php\/2024\/03\/01\/ciclistas-questionam-a-falta-de-ciclovias-que-haviam-no-projeto-original-do-programa-transito-livre-de-sao-luis-ma\/","og_locale":"pt_BR","og_type":"article","og_title":"Ciclistas questionam a falta de ciclovias que haviam no projeto original do programa tr\u00e2nsito livre de S\u00e3o Lu\u00eds\/MA. - NOT\u00cdCIAS EM TEMPO REAL","og_description":"No lan\u00e7amento do projeto da etapa retorno do Caolho, em 06 de agosto 2022, a prefeitura de S\u00e3o Lu\u00eds postou","og_url":"https:\/\/maranhaotv.com.br\/index.php\/2024\/03\/01\/ciclistas-questionam-a-falta-de-ciclovias-que-haviam-no-projeto-original-do-programa-transito-livre-de-sao-luis-ma\/","og_site_name":"NOT\u00cdCIAS EM TEMPO REAL","article_publisher":"https:\/\/www.facebook.com\/maiobaotv","article_published_time":"2024-03-01T14:55:39+00:00","author":"maranhaotv","twitter_card":"summary_large_image","twitter_creator":"@sitemaranhaotv","twitter_site":"@sitemaranhaotv","twitter_misc":{"Escrito por":"maranhaotv","Est. tempo de leitura":"1 minuto"},"schema":{"@context":"https:\/\/schema.org","@graph":[{"@type":"Article","@id":"https:\/\/maranhaotv.com.br\/index.php\/2024\/03\/01\/ciclistas-questionam-a-falta-de-ciclovias-que-haviam-no-projeto-original-do-programa-transito-livre-de-sao-luis-ma\/#article","isPartOf":{"@id":"https:\/\/maranhaotv.com.br\/index.php\/2024\/03\/01\/ciclistas-questionam-a-falta-de-ciclovias-que-haviam-no-projeto-original-do-programa-transito-livre-de-sao-luis-ma\/"},"author":{"name":"maranhaotv","@id":"https:\/\/maranhaotv.com.br\/#\/schema\/person\/3d54238e86b20bb5c89ab2fdb8f8829a"},"headline":"Ciclistas questionam a falta de ciclovias que haviam no projeto original do programa tr\u00e2nsito livre de S\u00e3o Lu\u00eds\/MA.","datePublished":"2024-03-01T14:55:39+00:00","mainEntityOfPage":{"@id":"https:\/\/maranhaotv.com.br\/index.php\/2024\/03\/01\/ciclistas-questionam-a-falta-de-ciclovias-que-haviam-no-projeto-original-do-programa-transito-livre-de-sao-luis-ma\/"},"wordCount":143,"commentCount":0,"publisher":{"@id":"https:\/\/maranhaotv.com.br\/#organization"},"image":{"@id":"https:\/\/maranhaotv.com.br\/index.php\/2024\/03\/01\/ciclistas-questionam-a-falta-de-ciclovias-que-haviam-no-projeto-original-do-programa-transito-livre-de-sao-luis-ma\/#primaryimage"},"thumbnailUrl":"","keywords":["Eduardo Braide"],"articleSection":["not\u00edcias"],"inLanguage":"pt-BR","potentialAction":[{"@type":"CommentAction","name":"Comment","target":["https:\/\/maranhaotv.com.br\/index.php\/2024\/03\/01\/ciclistas-questionam-a-falta-de-ciclovias-que-haviam-no-projeto-original-do-programa-transito-livre-de-sao-luis-ma\/#respond"]}]},{"@type":"WebPage","@id":"https:\/\/maranhaotv.com.br\/index.php\/2024\/03\/01\/ciclistas-questionam-a-falta-de-ciclovias-que-haviam-no-projeto-original-do-programa-transito-livre-de-sao-luis-ma\/","url":"https:\/\/maranhaotv.com.br\/index.php\/2024\/03\/01\/ciclistas-questionam-a-falta-de-ciclovias-que-haviam-no-projeto-original-do-programa-transito-livre-de-sao-luis-ma\/","name":"Ciclistas questionam a falta de ciclovias que haviam no projeto original do programa tr\u00e2nsito livre de S\u00e3o Lu\u00eds\/MA. - NOT\u00cdCIAS EM TEMPO REAL","isPartOf":{"@id":"https:\/\/maranhaotv.com.br\/#website"},"primaryImageOfPage":{"@id":"https:\/\/maranhaotv.com.br\/index.php\/2024\/03\/01\/ciclistas-questionam-a-falta-de-ciclovias-que-haviam-no-projeto-original-do-programa-transito-livre-de-sao-luis-ma\/#primaryimage"},"image":{"@id":"https:\/\/maranhaotv.com.br\/index.php\/2024\/03\/01\/ciclistas-questionam-a-falta-de-ciclovias-que-haviam-no-projeto-original-do-programa-transito-livre-de-sao-luis-ma\/#primaryimage"},"thumbnailUrl":"","datePublished":"2024-03-01T14:55:39+00:00","breadcrumb":{"@id":"https:\/\/maranhaotv.com.br\/index.php\/2024\/03\/01\/ciclistas-questionam-a-falta-de-ciclovias-que-haviam-no-projeto-original-do-programa-transito-livre-de-sao-luis-ma\/#breadcrumb"},"inLanguage":"pt-BR","potentialAction":[{"@type":"ReadAction","target":["https:\/\/maranhaotv.com.br\/index.php\/2024\/03\/01\/ciclistas-questionam-a-falta-de-ciclovias-que-haviam-no-projeto-original-do-programa-transito-livre-de-sao-luis-ma\/"]}]},{"@type":"ImageObject","inLanguage":"pt-BR","@id":"https:\/\/maranhaotv.com.br\/index.php\/2024\/03\/01\/ciclistas-questionam-a-falta-de-ciclovias-que-haviam-no-projeto-original-do-programa-transito-livre-de-sao-luis-ma\/#primaryimage","url":"","contentUrl":""},{"@type":"BreadcrumbList","@id":"https:\/\/maranhaotv.com.br\/index.php\/2024\/03\/01\/ciclistas-questionam-a-falta-de-ciclovias-que-haviam-no-projeto-original-do-programa-transito-livre-de-sao-luis-ma\/#breadcrumb","itemListElement":[{"@type":"ListItem","position":1,"name":"In\u00edcio","item":"https:\/\/maranhaotv.com.br\/"},{"@type":"ListItem","position":2,"name":"Ciclistas questionam a falta de ciclovias que haviam no projeto original do programa tr\u00e2nsito livre de S\u00e3o Lu\u00eds\/MA."}]},{"@type":"WebSite","@id":"https:\/\/maranhaotv.com.br\/#website","url":"https:\/\/maranhaotv.com.br\/","name":"Maranh\u00e3oTV","description":"","publisher":{"@id":"https:\/\/maranhaotv.com.br\/#organization"},"potentialAction":[{"@type":"SearchAction","target":{"@type":"EntryPoint","urlTemplate":"https:\/\/maranhaotv.com.br\/?s={search_term_string}"},"query-input":{"@type":"PropertyValueSpecification","valueRequired":true,"valueName":"search_term_string"}}],"inLanguage":"pt-BR"},{"@type":"Organization","@id":"https:\/\/maranhaotv.com.br\/#organization","name":"Portal de Not\u00edcias","url":"https:\/\/maranhaotv.com.br\/","logo":{"@type":"ImageObject","inLanguage":"pt-BR","@id":"https:\/\/maranhaotv.com.br\/#\/schema\/logo\/image\/","url":"https:\/\/maranhaotv.com.br\/wp-content\/uploads\/2024\/05\/cropped-cropped-avatar-1.png","contentUrl":"https:\/\/maranhaotv.com.br\/wp-content\/uploads\/2024\/05\/cropped-cropped-avatar-1.png","width":792,"height":428,"caption":"Portal de Not\u00edcias"},"image":{"@id":"https:\/\/maranhaotv.com.br\/#\/schema\/logo\/image\/"},"sameAs":["https:\/\/www.facebook.com\/maiobaotv","https:\/\/x.com\/sitemaranhaotv","https:\/\/www.instagram.com\/maranhao.tv","https:\/\/www.threads.net\/@maranhao.tv"]},{"@type":"Person","@id":"https:\/\/maranhaotv.com.br\/#\/schema\/person\/3d54238e86b20bb5c89ab2fdb8f8829a","name":"maranhaotv","image":{"@type":"ImageObject","inLanguage":"pt-BR","@id":"https:\/\/secure.gravatar.com\/avatar\/8fadbca458d4cb68b1dd399ae9a40618d747bb1af65ac9fad21c89220a143eb4?s=96&d=mm&r=g","url":"https:\/\/secure.gravatar.com\/avatar\/8fadbca458d4cb68b1dd399ae9a40618d747bb1af65ac9fad21c89220a143eb4?s=96&d=mm&r=g","contentUrl":"https:\/\/secure.gravatar.com\/avatar\/8fadbca458d4cb68b1dd399ae9a40618d747bb1af65ac9fad21c89220a143eb4?s=96&d=mm&r=g","caption":"maranhaotv"},"sameAs":["https:\/\/maranhaotv.com.br\/"],"url":"https:\/\/maranhaotv.com.br\/index.php\/author\/maranhaotv\/"}]}},"jetpack_featured_media_url":"","jetpack_sharing_enabled":true,"_links":{"self":[{"href":"https:\/\/maranhaotv.com.br\/index.php\/wp-json\/wp\/v2\/posts\/34982","targetHints":{"allow":["GET"]}}],"collection":[{"href":"https:\/\/maranhaotv.com.br\/index.php\/wp-json\/wp\/v2\/posts"}],"about":[{"href":"https:\/\/maranhaotv.com.br\/index.php\/wp-json\/wp\/v2\/types\/post"}],"author":[{"embeddable":true,"href":"https:\/\/maranhaotv.com.br\/index.php\/wp-json\/wp\/v2\/users\/2"}],"replies":[{"embeddable":true,"href":"https:\/\/maranhaotv.com.br\/index.php\/wp-json\/wp\/v2\/comments?post=34982"}],"version-history":[{"count":0,"href":"https:\/\/maranhaotv.com.br\/index.php\/wp-json\/wp\/v2\/posts\/34982\/revisions"}],"wp:featuredmedia":[{"embeddable":true,"href":"https:\/\/maranhaotv.com.br\/index.php\/wp-json\/"}],"wp:attachment":[{"href":"https:\/\/maranhaotv.com.br\/index.php\/wp-json\/wp\/v2\/media?parent=34982"}],"wp:term":[{"taxonomy":"category","embeddable":true,"href":"https:\/\/maranhaotv.com.br\/index.php\/wp-json\/wp\/v2\/categories?post=34982"},{"taxonomy":"post_tag","embeddable":true,"href":"https:\/\/maranhaotv.com.br\/index.php\/wp-json\/wp\/v2\/tags?post=34982"}],"curies":[{"name":"wp","href":"https:\/\/api.w.org\/{rel}","templated":true}]}}