{"id":34996,"date":"2024-03-01T15:43:10","date_gmt":"2024-03-01T18:43:10","guid":{"rendered":"https:\/\/maranhaotv.com.br\/?p=34996"},"modified":"2024-03-01T15:43:10","modified_gmt":"2024-03-01T18:43:10","slug":"pega-na-mentira-prefeita-paula-da-pindoba-e-acusada-de-falsas-alegacoes-sobre-moradores-de-iguaiba","status":"publish","type":"post","link":"https:\/\/maranhaotv.com.br\/index.php\/2024\/03\/01\/pega-na-mentira-prefeita-paula-da-pindoba-e-acusada-de-falsas-alegacoes-sobre-moradores-de-iguaiba\/","title":{"rendered":"Pega na mentira! Prefeita Paula da Pindoba \u00e9 acusada de falsas alega\u00e7\u00f5es sobre moradores de Iguaiba"},"content":{"rendered":"\n<p><br \/><br \/><br \/>\u201cO carro da prefeitura por pouco n\u00e3o foi queimado, porque foi depredado, teve os pneus cortados!\u201d Paula da Pindoba.<br \/><br \/><br \/>Na \u00faltima segunda-feira (26), um embate acalorado tomou conta da pequena comunidade de Iguaiba, onde a prefeita Paula da Pindoba acusou injustamente os moradores de vandalismo. A controv\u00e9rsia come\u00e7ou quando fiscais da prefeitura tentaram bloquear uma obra da Rua Digna do governo estadual na \u00e1rea.<br \/><br \/>Segundo relatos dos moradores, os fiscais da prefeitura tentaram embargar a obra sem aviso pr\u00e9vio ou justificativa clara. Em resposta, os residentes se uniram para impedir o embargo, argumentando que a obra era de extrema import\u00e2ncia para a comunidade.<br \/><br \/>No entanto, a situa\u00e7\u00e3o tomou um rumo ainda mais tenso quando a prefeita Paula da Pindoba alegou em v\u00eddeo publicado em suas redes sociais que os moradores haviam cortado os pneus da caminhonete dos fiscais como forma de intimida\u00e7\u00e3o. Essa alega\u00e7\u00e3o foi prontamente contestada pelos pr\u00f3prios moradores, que negaram veementemente qualquer envolvimento em atos de vandalismo.<br \/><br \/>Diante da falta de evid\u00eancias e do testemunho un\u00e2nime dos residentes, a prefeita foi criticada por disseminar informa\u00e7\u00f5es falsas e tentar deslegitimar a leg\u00edtima resist\u00eancia da comunidade. At\u00e9 o momento, n\u00e3o houve retrata\u00e7\u00e3o por parte da prefeitura em rela\u00e7\u00e3o \u00e0s acusa\u00e7\u00f5es infundadas.<br \/><br \/>Esse incidente ressalta a import\u00e2ncia da transpar\u00eancia e do di\u00e1logo entre as autoridades e as comunidades locais, bem como a necessidade de evitar a propaga\u00e7\u00e3o de informa\u00e7\u00f5es imprecisas que possam prejudicar a rela\u00e7\u00e3o de confian\u00e7a entre governo e cidad\u00e3os.<\/p>\n\n\n\n<figure class=\"wp-block-image size-large\"><img decoding=\"async\" src=\"https:\/\/maranhaotv.com.br\/wp-content\/uploads\/2024\/03\/img-20240301-wa01431661772823206610192-934x1024.jpg\" alt=\"\" class=\"wp-image-34993\"\/><\/figure>\n\n\n\n<figure class=\"wp-block-image\"><img decoding=\"async\" src=\"https:\/\/maranhaotv.com.br\/wp-content\/uploads\/2024\/03\/img-20240301-wa01422023655660121768593-1024x570.jpg\" alt=\"\" class=\"wp-image-34992\"\/><\/figure>\n\n\n\n<figure class=\"wp-block-video\"><video controls src=\"https:\/\/maranhaotv.com.br\/wp-content\/uploads\/2024\/03\/VID-20240301-WA0145.mp4\"><\/video><\/figure>\n\n\n\n<p>https:\/\/www.instagram.com\/p\/C3-3rE8PsAG\/?igsh=MTZmOXY2aWhzY2V2Mw==<\/p>\n","protected":false},"excerpt":{"rendered":"<p>\u201cO carro da prefeitura por pouco n\u00e3o foi queimado, porque foi depredado, teve os pneus cortados!\u201d Paula da Pindoba. Na<\/p>\n","protected":false},"author":2,"featured_media":34995,"comment_status":"open","ping_status":"open","sticky":false,"template":"","format":"standard","meta":{"colormag_page_container_layout":"default_layout","colormag_page_sidebar_layout":"default_layout","_jetpack_memberships_contains_paid_content":false,"footnotes":""},"categories":[2],"tags":[],"class_list":["post-34996","post","type-post","status-publish","format-standard","has-post-thumbnail","hentry","category-noticias"],"magazineBlocksPostFeaturedMedia":{"thumbnail":false,"medium":false,"medium_large":false,"large":false,"1536x1536":false,"2048x2048":false,"colormag-highlighted-post":false,"colormag-featured-post-medium":false,"colormag-featured-post-small":false,"colormag-featured-image":false,"colormag-default-news":false,"colormag-featured-image-large":false},"magazineBlocksPostAuthor":{"name":"maranhaotv","avatar":"https:\/\/secure.gravatar.com\/avatar\/8fadbca458d4cb68b1dd399ae9a40618d747bb1af65ac9fad21c89220a143eb4?s=96&d=mm&r=g"},"magazineBlocksPostCommentsNumber":"0","magazineBlocksPostExcerpt":"\u201cO carro da prefeitura por pouco n\u00e3o foi queimado, porque foi depredado, teve os pneus cortados!\u201d Paula da Pindoba. Na","magazineBlocksPostCategories":["not\u00edcias"],"magazineBlocksPostViewCount":182,"magazineBlocksPostReadTime":2,"magazine_blocks_featured_image_url":{"full":false,"medium":false,"thumbnail":false},"magazine_blocks_author":{"display_name":"maranhaotv","author_link":"https:\/\/maranhaotv.com.br\/index.php\/author\/maranhaotv\/"},"magazine_blocks_comment":0,"magazine_blocks_author_image":"https:\/\/secure.gravatar.com\/avatar\/8fadbca458d4cb68b1dd399ae9a40618d747bb1af65ac9fad21c89220a143eb4?s=96&d=mm&r=g","magazine_blocks_category":"<a href=\"#\" class=\"category-link category-link-2\">not\u00edcias<\/a>","yoast_head":"<!-- This site is optimized with the Yoast SEO plugin v27.4 - https:\/\/yoast.com\/product\/yoast-seo-wordpress\/ -->\n<title>Pega na mentira! Prefeita Paula da Pindoba \u00e9 acusada de falsas alega\u00e7\u00f5es sobre moradores de Iguaiba - NOT\u00cdCIAS EM TEMPO REAL<\/title>\n<meta name=\"robots\" content=\"index, follow, max-snippet:-1, max-image-preview:large, max-video-preview:-1\" \/>\n<link rel=\"canonical\" href=\"https:\/\/maranhaotv.com.br\/index.php\/2024\/03\/01\/pega-na-mentira-prefeita-paula-da-pindoba-e-acusada-de-falsas-alegacoes-sobre-moradores-de-iguaiba\/\" \/>\n<meta property=\"og:locale\" content=\"pt_BR\" \/>\n<meta property=\"og:type\" content=\"article\" \/>\n<meta property=\"og:title\" content=\"Pega na mentira! Prefeita Paula da Pindoba \u00e9 acusada de falsas alega\u00e7\u00f5es sobre moradores de Iguaiba - NOT\u00cdCIAS EM TEMPO REAL\" \/>\n<meta property=\"og:description\" content=\"\u201cO carro da prefeitura por pouco n\u00e3o foi queimado, porque foi depredado, teve os pneus cortados!\u201d Paula da Pindoba. Na\" \/>\n<meta property=\"og:url\" content=\"https:\/\/maranhaotv.com.br\/index.php\/2024\/03\/01\/pega-na-mentira-prefeita-paula-da-pindoba-e-acusada-de-falsas-alegacoes-sobre-moradores-de-iguaiba\/\" \/>\n<meta property=\"og:site_name\" content=\"NOT\u00cdCIAS EM TEMPO REAL\" \/>\n<meta property=\"article:publisher\" content=\"https:\/\/www.facebook.com\/maiobaotv\" \/>\n<meta property=\"article:published_time\" content=\"2024-03-01T18:43:10+00:00\" \/>\n<meta name=\"author\" content=\"maranhaotv\" \/>\n<meta name=\"twitter:card\" content=\"summary_large_image\" \/>\n<meta name=\"twitter:creator\" content=\"@sitemaranhaotv\" \/>\n<meta name=\"twitter:site\" content=\"@sitemaranhaotv\" \/>\n<meta name=\"twitter:label1\" content=\"Escrito por\" \/>\n\t<meta name=\"twitter:data1\" content=\"maranhaotv\" \/>\n\t<meta name=\"twitter:label2\" content=\"Est. tempo de leitura\" \/>\n\t<meta name=\"twitter:data2\" content=\"1 minuto\" \/>\n<script type=\"application\/ld+json\" class=\"yoast-schema-graph\">{\"@context\":\"https:\\\/\\\/schema.org\",\"@graph\":[{\"@type\":\"Article\",\"@id\":\"https:\\\/\\\/maranhaotv.com.br\\\/index.php\\\/2024\\\/03\\\/01\\\/pega-na-mentira-prefeita-paula-da-pindoba-e-acusada-de-falsas-alegacoes-sobre-moradores-de-iguaiba\\\/#article\",\"isPartOf\":{\"@id\":\"https:\\\/\\\/maranhaotv.com.br\\\/index.php\\\/2024\\\/03\\\/01\\\/pega-na-mentira-prefeita-paula-da-pindoba-e-acusada-de-falsas-alegacoes-sobre-moradores-de-iguaiba\\\/\"},\"author\":{\"name\":\"maranhaotv\",\"@id\":\"https:\\\/\\\/maranhaotv.com.br\\\/#\\\/schema\\\/person\\\/3d54238e86b20bb5c89ab2fdb8f8829a\"},\"headline\":\"Pega na mentira! Prefeita Paula da Pindoba \u00e9 acusada de falsas alega\u00e7\u00f5es sobre moradores de Iguaiba\",\"datePublished\":\"2024-03-01T18:43:10+00:00\",\"mainEntityOfPage\":{\"@id\":\"https:\\\/\\\/maranhaotv.com.br\\\/index.php\\\/2024\\\/03\\\/01\\\/pega-na-mentira-prefeita-paula-da-pindoba-e-acusada-de-falsas-alegacoes-sobre-moradores-de-iguaiba\\\/\"},\"wordCount\":296,\"commentCount\":0,\"publisher\":{\"@id\":\"https:\\\/\\\/maranhaotv.com.br\\\/#organization\"},\"image\":{\"@id\":\"https:\\\/\\\/maranhaotv.com.br\\\/index.php\\\/2024\\\/03\\\/01\\\/pega-na-mentira-prefeita-paula-da-pindoba-e-acusada-de-falsas-alegacoes-sobre-moradores-de-iguaiba\\\/#primaryimage\"},\"thumbnailUrl\":\"\",\"articleSection\":[\"not\u00edcias\"],\"inLanguage\":\"pt-BR\",\"potentialAction\":[{\"@type\":\"CommentAction\",\"name\":\"Comment\",\"target\":[\"https:\\\/\\\/maranhaotv.com.br\\\/index.php\\\/2024\\\/03\\\/01\\\/pega-na-mentira-prefeita-paula-da-pindoba-e-acusada-de-falsas-alegacoes-sobre-moradores-de-iguaiba\\\/#respond\"]}]},{\"@type\":\"WebPage\",\"@id\":\"https:\\\/\\\/maranhaotv.com.br\\\/index.php\\\/2024\\\/03\\\/01\\\/pega-na-mentira-prefeita-paula-da-pindoba-e-acusada-de-falsas-alegacoes-sobre-moradores-de-iguaiba\\\/\",\"url\":\"https:\\\/\\\/maranhaotv.com.br\\\/index.php\\\/2024\\\/03\\\/01\\\/pega-na-mentira-prefeita-paula-da-pindoba-e-acusada-de-falsas-alegacoes-sobre-moradores-de-iguaiba\\\/\",\"name\":\"Pega na mentira! Prefeita Paula da Pindoba \u00e9 acusada de falsas alega\u00e7\u00f5es sobre moradores de Iguaiba - NOT\u00cdCIAS EM TEMPO REAL\",\"isPartOf\":{\"@id\":\"https:\\\/\\\/maranhaotv.com.br\\\/#website\"},\"primaryImageOfPage\":{\"@id\":\"https:\\\/\\\/maranhaotv.com.br\\\/index.php\\\/2024\\\/03\\\/01\\\/pega-na-mentira-prefeita-paula-da-pindoba-e-acusada-de-falsas-alegacoes-sobre-moradores-de-iguaiba\\\/#primaryimage\"},\"image\":{\"@id\":\"https:\\\/\\\/maranhaotv.com.br\\\/index.php\\\/2024\\\/03\\\/01\\\/pega-na-mentira-prefeita-paula-da-pindoba-e-acusada-de-falsas-alegacoes-sobre-moradores-de-iguaiba\\\/#primaryimage\"},\"thumbnailUrl\":\"\",\"datePublished\":\"2024-03-01T18:43:10+00:00\",\"breadcrumb\":{\"@id\":\"https:\\\/\\\/maranhaotv.com.br\\\/index.php\\\/2024\\\/03\\\/01\\\/pega-na-mentira-prefeita-paula-da-pindoba-e-acusada-de-falsas-alegacoes-sobre-moradores-de-iguaiba\\\/#breadcrumb\"},\"inLanguage\":\"pt-BR\",\"potentialAction\":[{\"@type\":\"ReadAction\",\"target\":[\"https:\\\/\\\/maranhaotv.com.br\\\/index.php\\\/2024\\\/03\\\/01\\\/pega-na-mentira-prefeita-paula-da-pindoba-e-acusada-de-falsas-alegacoes-sobre-moradores-de-iguaiba\\\/\"]}]},{\"@type\":\"ImageObject\",\"inLanguage\":\"pt-BR\",\"@id\":\"https:\\\/\\\/maranhaotv.com.br\\\/index.php\\\/2024\\\/03\\\/01\\\/pega-na-mentira-prefeita-paula-da-pindoba-e-acusada-de-falsas-alegacoes-sobre-moradores-de-iguaiba\\\/#primaryimage\",\"url\":\"\",\"contentUrl\":\"\"},{\"@type\":\"BreadcrumbList\",\"@id\":\"https:\\\/\\\/maranhaotv.com.br\\\/index.php\\\/2024\\\/03\\\/01\\\/pega-na-mentira-prefeita-paula-da-pindoba-e-acusada-de-falsas-alegacoes-sobre-moradores-de-iguaiba\\\/#breadcrumb\",\"itemListElement\":[{\"@type\":\"ListItem\",\"position\":1,\"name\":\"In\u00edcio\",\"item\":\"https:\\\/\\\/maranhaotv.com.br\\\/\"},{\"@type\":\"ListItem\",\"position\":2,\"name\":\"Pega na mentira! Prefeita Paula da Pindoba \u00e9 acusada de falsas alega\u00e7\u00f5es sobre moradores de Iguaiba\"}]},{\"@type\":\"WebSite\",\"@id\":\"https:\\\/\\\/maranhaotv.com.br\\\/#website\",\"url\":\"https:\\\/\\\/maranhaotv.com.br\\\/\",\"name\":\"Maranh\u00e3oTV\",\"description\":\"\",\"publisher\":{\"@id\":\"https:\\\/\\\/maranhaotv.com.br\\\/#organization\"},\"potentialAction\":[{\"@type\":\"SearchAction\",\"target\":{\"@type\":\"EntryPoint\",\"urlTemplate\":\"https:\\\/\\\/maranhaotv.com.br\\\/?s={search_term_string}\"},\"query-input\":{\"@type\":\"PropertyValueSpecification\",\"valueRequired\":true,\"valueName\":\"search_term_string\"}}],\"inLanguage\":\"pt-BR\"},{\"@type\":\"Organization\",\"@id\":\"https:\\\/\\\/maranhaotv.com.br\\\/#organization\",\"name\":\"Portal de Not\u00edcias\",\"url\":\"https:\\\/\\\/maranhaotv.com.br\\\/\",\"logo\":{\"@type\":\"ImageObject\",\"inLanguage\":\"pt-BR\",\"@id\":\"https:\\\/\\\/maranhaotv.com.br\\\/#\\\/schema\\\/logo\\\/image\\\/\",\"url\":\"https:\\\/\\\/maranhaotv.com.br\\\/wp-content\\\/uploads\\\/2024\\\/05\\\/cropped-cropped-avatar-1.png\",\"contentUrl\":\"https:\\\/\\\/maranhaotv.com.br\\\/wp-content\\\/uploads\\\/2024\\\/05\\\/cropped-cropped-avatar-1.png\",\"width\":792,\"height\":428,\"caption\":\"Portal de Not\u00edcias\"},\"image\":{\"@id\":\"https:\\\/\\\/maranhaotv.com.br\\\/#\\\/schema\\\/logo\\\/image\\\/\"},\"sameAs\":[\"https:\\\/\\\/www.facebook.com\\\/maiobaotv\",\"https:\\\/\\\/x.com\\\/sitemaranhaotv\",\"https:\\\/\\\/www.instagram.com\\\/maranhao.tv\",\"https:\\\/\\\/www.threads.net\\\/@maranhao.tv\"]},{\"@type\":\"Person\",\"@id\":\"https:\\\/\\\/maranhaotv.com.br\\\/#\\\/schema\\\/person\\\/3d54238e86b20bb5c89ab2fdb8f8829a\",\"name\":\"maranhaotv\",\"image\":{\"@type\":\"ImageObject\",\"inLanguage\":\"pt-BR\",\"@id\":\"https:\\\/\\\/secure.gravatar.com\\\/avatar\\\/8fadbca458d4cb68b1dd399ae9a40618d747bb1af65ac9fad21c89220a143eb4?s=96&d=mm&r=g\",\"url\":\"https:\\\/\\\/secure.gravatar.com\\\/avatar\\\/8fadbca458d4cb68b1dd399ae9a40618d747bb1af65ac9fad21c89220a143eb4?s=96&d=mm&r=g\",\"contentUrl\":\"https:\\\/\\\/secure.gravatar.com\\\/avatar\\\/8fadbca458d4cb68b1dd399ae9a40618d747bb1af65ac9fad21c89220a143eb4?s=96&d=mm&r=g\",\"caption\":\"maranhaotv\"},\"sameAs\":[\"https:\\\/\\\/maranhaotv.com.br\\\/\"],\"url\":\"https:\\\/\\\/maranhaotv.com.br\\\/index.php\\\/author\\\/maranhaotv\\\/\"}]}<\/script>\n<!-- \/ Yoast SEO plugin. -->","yoast_head_json":{"title":"Pega na mentira! Prefeita Paula da Pindoba \u00e9 acusada de falsas alega\u00e7\u00f5es sobre moradores de Iguaiba - NOT\u00cdCIAS EM TEMPO REAL","robots":{"index":"index","follow":"follow","max-snippet":"max-snippet:-1","max-image-preview":"max-image-preview:large","max-video-preview":"max-video-preview:-1"},"canonical":"https:\/\/maranhaotv.com.br\/index.php\/2024\/03\/01\/pega-na-mentira-prefeita-paula-da-pindoba-e-acusada-de-falsas-alegacoes-sobre-moradores-de-iguaiba\/","og_locale":"pt_BR","og_type":"article","og_title":"Pega na mentira! Prefeita Paula da Pindoba \u00e9 acusada de falsas alega\u00e7\u00f5es sobre moradores de Iguaiba - NOT\u00cdCIAS EM TEMPO REAL","og_description":"\u201cO carro da prefeitura por pouco n\u00e3o foi queimado, porque foi depredado, teve os pneus cortados!\u201d Paula da Pindoba. Na","og_url":"https:\/\/maranhaotv.com.br\/index.php\/2024\/03\/01\/pega-na-mentira-prefeita-paula-da-pindoba-e-acusada-de-falsas-alegacoes-sobre-moradores-de-iguaiba\/","og_site_name":"NOT\u00cdCIAS EM TEMPO REAL","article_publisher":"https:\/\/www.facebook.com\/maiobaotv","article_published_time":"2024-03-01T18:43:10+00:00","author":"maranhaotv","twitter_card":"summary_large_image","twitter_creator":"@sitemaranhaotv","twitter_site":"@sitemaranhaotv","twitter_misc":{"Escrito por":"maranhaotv","Est. tempo de leitura":"1 minuto"},"schema":{"@context":"https:\/\/schema.org","@graph":[{"@type":"Article","@id":"https:\/\/maranhaotv.com.br\/index.php\/2024\/03\/01\/pega-na-mentira-prefeita-paula-da-pindoba-e-acusada-de-falsas-alegacoes-sobre-moradores-de-iguaiba\/#article","isPartOf":{"@id":"https:\/\/maranhaotv.com.br\/index.php\/2024\/03\/01\/pega-na-mentira-prefeita-paula-da-pindoba-e-acusada-de-falsas-alegacoes-sobre-moradores-de-iguaiba\/"},"author":{"name":"maranhaotv","@id":"https:\/\/maranhaotv.com.br\/#\/schema\/person\/3d54238e86b20bb5c89ab2fdb8f8829a"},"headline":"Pega na mentira! Prefeita Paula da Pindoba \u00e9 acusada de falsas alega\u00e7\u00f5es sobre moradores de Iguaiba","datePublished":"2024-03-01T18:43:10+00:00","mainEntityOfPage":{"@id":"https:\/\/maranhaotv.com.br\/index.php\/2024\/03\/01\/pega-na-mentira-prefeita-paula-da-pindoba-e-acusada-de-falsas-alegacoes-sobre-moradores-de-iguaiba\/"},"wordCount":296,"commentCount":0,"publisher":{"@id":"https:\/\/maranhaotv.com.br\/#organization"},"image":{"@id":"https:\/\/maranhaotv.com.br\/index.php\/2024\/03\/01\/pega-na-mentira-prefeita-paula-da-pindoba-e-acusada-de-falsas-alegacoes-sobre-moradores-de-iguaiba\/#primaryimage"},"thumbnailUrl":"","articleSection":["not\u00edcias"],"inLanguage":"pt-BR","potentialAction":[{"@type":"CommentAction","name":"Comment","target":["https:\/\/maranhaotv.com.br\/index.php\/2024\/03\/01\/pega-na-mentira-prefeita-paula-da-pindoba-e-acusada-de-falsas-alegacoes-sobre-moradores-de-iguaiba\/#respond"]}]},{"@type":"WebPage","@id":"https:\/\/maranhaotv.com.br\/index.php\/2024\/03\/01\/pega-na-mentira-prefeita-paula-da-pindoba-e-acusada-de-falsas-alegacoes-sobre-moradores-de-iguaiba\/","url":"https:\/\/maranhaotv.com.br\/index.php\/2024\/03\/01\/pega-na-mentira-prefeita-paula-da-pindoba-e-acusada-de-falsas-alegacoes-sobre-moradores-de-iguaiba\/","name":"Pega na mentira! Prefeita Paula da Pindoba \u00e9 acusada de falsas alega\u00e7\u00f5es sobre moradores de Iguaiba - NOT\u00cdCIAS EM TEMPO REAL","isPartOf":{"@id":"https:\/\/maranhaotv.com.br\/#website"},"primaryImageOfPage":{"@id":"https:\/\/maranhaotv.com.br\/index.php\/2024\/03\/01\/pega-na-mentira-prefeita-paula-da-pindoba-e-acusada-de-falsas-alegacoes-sobre-moradores-de-iguaiba\/#primaryimage"},"image":{"@id":"https:\/\/maranhaotv.com.br\/index.php\/2024\/03\/01\/pega-na-mentira-prefeita-paula-da-pindoba-e-acusada-de-falsas-alegacoes-sobre-moradores-de-iguaiba\/#primaryimage"},"thumbnailUrl":"","datePublished":"2024-03-01T18:43:10+00:00","breadcrumb":{"@id":"https:\/\/maranhaotv.com.br\/index.php\/2024\/03\/01\/pega-na-mentira-prefeita-paula-da-pindoba-e-acusada-de-falsas-alegacoes-sobre-moradores-de-iguaiba\/#breadcrumb"},"inLanguage":"pt-BR","potentialAction":[{"@type":"ReadAction","target":["https:\/\/maranhaotv.com.br\/index.php\/2024\/03\/01\/pega-na-mentira-prefeita-paula-da-pindoba-e-acusada-de-falsas-alegacoes-sobre-moradores-de-iguaiba\/"]}]},{"@type":"ImageObject","inLanguage":"pt-BR","@id":"https:\/\/maranhaotv.com.br\/index.php\/2024\/03\/01\/pega-na-mentira-prefeita-paula-da-pindoba-e-acusada-de-falsas-alegacoes-sobre-moradores-de-iguaiba\/#primaryimage","url":"","contentUrl":""},{"@type":"BreadcrumbList","@id":"https:\/\/maranhaotv.com.br\/index.php\/2024\/03\/01\/pega-na-mentira-prefeita-paula-da-pindoba-e-acusada-de-falsas-alegacoes-sobre-moradores-de-iguaiba\/#breadcrumb","itemListElement":[{"@type":"ListItem","position":1,"name":"In\u00edcio","item":"https:\/\/maranhaotv.com.br\/"},{"@type":"ListItem","position":2,"name":"Pega na mentira! Prefeita Paula da Pindoba \u00e9 acusada de falsas alega\u00e7\u00f5es sobre moradores de Iguaiba"}]},{"@type":"WebSite","@id":"https:\/\/maranhaotv.com.br\/#website","url":"https:\/\/maranhaotv.com.br\/","name":"Maranh\u00e3oTV","description":"","publisher":{"@id":"https:\/\/maranhaotv.com.br\/#organization"},"potentialAction":[{"@type":"SearchAction","target":{"@type":"EntryPoint","urlTemplate":"https:\/\/maranhaotv.com.br\/?s={search_term_string}"},"query-input":{"@type":"PropertyValueSpecification","valueRequired":true,"valueName":"search_term_string"}}],"inLanguage":"pt-BR"},{"@type":"Organization","@id":"https:\/\/maranhaotv.com.br\/#organization","name":"Portal de Not\u00edcias","url":"https:\/\/maranhaotv.com.br\/","logo":{"@type":"ImageObject","inLanguage":"pt-BR","@id":"https:\/\/maranhaotv.com.br\/#\/schema\/logo\/image\/","url":"https:\/\/maranhaotv.com.br\/wp-content\/uploads\/2024\/05\/cropped-cropped-avatar-1.png","contentUrl":"https:\/\/maranhaotv.com.br\/wp-content\/uploads\/2024\/05\/cropped-cropped-avatar-1.png","width":792,"height":428,"caption":"Portal de Not\u00edcias"},"image":{"@id":"https:\/\/maranhaotv.com.br\/#\/schema\/logo\/image\/"},"sameAs":["https:\/\/www.facebook.com\/maiobaotv","https:\/\/x.com\/sitemaranhaotv","https:\/\/www.instagram.com\/maranhao.tv","https:\/\/www.threads.net\/@maranhao.tv"]},{"@type":"Person","@id":"https:\/\/maranhaotv.com.br\/#\/schema\/person\/3d54238e86b20bb5c89ab2fdb8f8829a","name":"maranhaotv","image":{"@type":"ImageObject","inLanguage":"pt-BR","@id":"https:\/\/secure.gravatar.com\/avatar\/8fadbca458d4cb68b1dd399ae9a40618d747bb1af65ac9fad21c89220a143eb4?s=96&d=mm&r=g","url":"https:\/\/secure.gravatar.com\/avatar\/8fadbca458d4cb68b1dd399ae9a40618d747bb1af65ac9fad21c89220a143eb4?s=96&d=mm&r=g","contentUrl":"https:\/\/secure.gravatar.com\/avatar\/8fadbca458d4cb68b1dd399ae9a40618d747bb1af65ac9fad21c89220a143eb4?s=96&d=mm&r=g","caption":"maranhaotv"},"sameAs":["https:\/\/maranhaotv.com.br\/"],"url":"https:\/\/maranhaotv.com.br\/index.php\/author\/maranhaotv\/"}]}},"jetpack_featured_media_url":"","jetpack_sharing_enabled":true,"_links":{"self":[{"href":"https:\/\/maranhaotv.com.br\/index.php\/wp-json\/wp\/v2\/posts\/34996","targetHints":{"allow":["GET"]}}],"collection":[{"href":"https:\/\/maranhaotv.com.br\/index.php\/wp-json\/wp\/v2\/posts"}],"about":[{"href":"https:\/\/maranhaotv.com.br\/index.php\/wp-json\/wp\/v2\/types\/post"}],"author":[{"embeddable":true,"href":"https:\/\/maranhaotv.com.br\/index.php\/wp-json\/wp\/v2\/users\/2"}],"replies":[{"embeddable":true,"href":"https:\/\/maranhaotv.com.br\/index.php\/wp-json\/wp\/v2\/comments?post=34996"}],"version-history":[{"count":0,"href":"https:\/\/maranhaotv.com.br\/index.php\/wp-json\/wp\/v2\/posts\/34996\/revisions"}],"wp:featuredmedia":[{"embeddable":true,"href":"https:\/\/maranhaotv.com.br\/index.php\/wp-json\/"}],"wp:attachment":[{"href":"https:\/\/maranhaotv.com.br\/index.php\/wp-json\/wp\/v2\/media?parent=34996"}],"wp:term":[{"taxonomy":"category","embeddable":true,"href":"https:\/\/maranhaotv.com.br\/index.php\/wp-json\/wp\/v2\/categories?post=34996"},{"taxonomy":"post_tag","embeddable":true,"href":"https:\/\/maranhaotv.com.br\/index.php\/wp-json\/wp\/v2\/tags?post=34996"}],"curies":[{"name":"wp","href":"https:\/\/api.w.org\/{rel}","templated":true}]}}