{"id":35011,"date":"2024-03-04T12:19:29","date_gmt":"2024-03-04T15:19:29","guid":{"rendered":"https:\/\/maranhaotv.com.br\/?p=35011"},"modified":"2024-03-04T12:19:29","modified_gmt":"2024-03-04T15:19:29","slug":"um-mes-apos-o-inicio-das-aulas-inoperancia-da-gestao-braide-continua-privando-criancas-de-estudar","status":"publish","type":"post","link":"https:\/\/maranhaotv.com.br\/index.php\/2024\/03\/04\/um-mes-apos-o-inicio-das-aulas-inoperancia-da-gestao-braide-continua-privando-criancas-de-estudar\/","title":{"rendered":"Um m\u00eas ap\u00f3s o in\u00edcio das aulas, inoper\u00e2ncia da gest\u00e3o Braide continua privando crian\u00e7as de estudar"},"content":{"rendered":"\n<p><br>Em pleno m\u00eas de mar\u00e7o, mais de um m\u00eas depois do in\u00edcio das aulas na rede municipal, muitas crian\u00e7as e adolescentes continuam sem poder frequentar a escola por conta da falta de vagas nas unidades de ensino da capital. Conselheiros tutelares da \u00e1rea Cohab\/Cohatrac denunciam que devido a inoper\u00e2ncia da gest\u00e3o do prefeito Eduardo Braide (PSD), dezenas de crian\u00e7as e adolescentes da regi\u00e3o est\u00e3o fora da escola.<br><br>De acordo com os conselheiros Rodrigo Santos e Cleidiana Miranda, at\u00e9 este domingo (3), quase 100 crian\u00e7as est\u00e3o fora da sala de aula nas comunidades que abrangem a \u00e1rea Cohab\/Cohatrac. \u201cAt\u00e9 a \u00faltima sexta-feira, fizemos um levantamento e j\u00e1 s\u00e3o 97 solicita\u00e7\u00f5es de vaga escolar. Ou seja, 97 crian\u00e7as e adolescentes fora da sala de aula, informou Rodrigo Santos a um programa de r\u00e1dio da capital.<br><br>Quase 700 crian\u00e7as fora da escola em S\u00e3o Lu\u00eds<br><br>As crian\u00e7as e adolescentes da \u00e1rea Cohab\/Cohatrac integram um quantitativo de mais de 700 que est\u00e3o fora da escola em S\u00e3o Lu\u00eds, de acordo com estimativa da Defensoria P\u00fablica do Estado do Maranh\u00e3o (DPE\/MA). Divulgado pelo \u00f3rg\u00e3o ainda em fevereiro, o n\u00famero pode ser ainda maior, devido \u00e0s subnotifica\u00e7\u00f5es feitas \u00e0 DPE<br><br><\/p>\n","protected":false},"excerpt":{"rendered":"<p>Em pleno m\u00eas de mar\u00e7o, mais de um m\u00eas depois do in\u00edcio das aulas na rede municipal, muitas crian\u00e7as e<\/p>\n","protected":false},"author":2,"featured_media":35010,"comment_status":"open","ping_status":"open","sticky":false,"template":"","format":"standard","meta":{"colormag_page_container_layout":"default_layout","colormag_page_sidebar_layout":"default_layout","_jetpack_memberships_contains_paid_content":false,"footnotes":""},"categories":[23],"tags":[],"class_list":["post-35011","post","type-post","status-publish","format-standard","has-post-thumbnail","hentry","category-denuncia"],"magazineBlocksPostFeaturedMedia":{"thumbnail":false,"medium":false,"medium_large":false,"large":false,"1536x1536":false,"2048x2048":false,"colormag-highlighted-post":false,"colormag-featured-post-medium":false,"colormag-featured-post-small":false,"colormag-featured-image":false,"colormag-default-news":false,"colormag-featured-image-large":false},"magazineBlocksPostAuthor":{"name":"maranhaotv","avatar":"https:\/\/secure.gravatar.com\/avatar\/8fadbca458d4cb68b1dd399ae9a40618d747bb1af65ac9fad21c89220a143eb4?s=96&d=mm&r=g"},"magazineBlocksPostCommentsNumber":"0","magazineBlocksPostExcerpt":"Em pleno m\u00eas de mar\u00e7o, mais de um m\u00eas depois do in\u00edcio das aulas na rede municipal, muitas crian\u00e7as e","magazineBlocksPostCategories":["den\u00fancia"],"magazineBlocksPostViewCount":221,"magazineBlocksPostReadTime":2,"magazine_blocks_featured_image_url":{"full":false,"medium":false,"thumbnail":false},"magazine_blocks_author":{"display_name":"maranhaotv","author_link":"https:\/\/maranhaotv.com.br\/index.php\/author\/maranhaotv\/"},"magazine_blocks_comment":0,"magazine_blocks_author_image":"https:\/\/secure.gravatar.com\/avatar\/8fadbca458d4cb68b1dd399ae9a40618d747bb1af65ac9fad21c89220a143eb4?s=96&d=mm&r=g","magazine_blocks_category":"<a href=\"#\" class=\"category-link category-link-23\">den\u00fancia<\/a>","yoast_head":"<!-- This site is optimized with the Yoast SEO plugin v27.4 - https:\/\/yoast.com\/product\/yoast-seo-wordpress\/ -->\n<title>Um m\u00eas ap\u00f3s o in\u00edcio das aulas, inoper\u00e2ncia da gest\u00e3o Braide continua privando crian\u00e7as de estudar - NOT\u00cdCIAS EM TEMPO REAL<\/title>\n<meta name=\"robots\" content=\"index, follow, max-snippet:-1, max-image-preview:large, max-video-preview:-1\" \/>\n<link rel=\"canonical\" href=\"https:\/\/maranhaotv.com.br\/index.php\/2024\/03\/04\/um-mes-apos-o-inicio-das-aulas-inoperancia-da-gestao-braide-continua-privando-criancas-de-estudar\/\" \/>\n<meta property=\"og:locale\" content=\"pt_BR\" \/>\n<meta property=\"og:type\" content=\"article\" \/>\n<meta property=\"og:title\" content=\"Um m\u00eas ap\u00f3s o in\u00edcio das aulas, inoper\u00e2ncia da gest\u00e3o Braide continua privando crian\u00e7as de estudar - NOT\u00cdCIAS EM TEMPO REAL\" \/>\n<meta property=\"og:description\" content=\"Em pleno m\u00eas de mar\u00e7o, mais de um m\u00eas depois do in\u00edcio das aulas na rede municipal, muitas crian\u00e7as e\" \/>\n<meta property=\"og:url\" content=\"https:\/\/maranhaotv.com.br\/index.php\/2024\/03\/04\/um-mes-apos-o-inicio-das-aulas-inoperancia-da-gestao-braide-continua-privando-criancas-de-estudar\/\" \/>\n<meta property=\"og:site_name\" content=\"NOT\u00cdCIAS EM TEMPO REAL\" \/>\n<meta property=\"article:publisher\" content=\"https:\/\/www.facebook.com\/maiobaotv\" \/>\n<meta property=\"article:published_time\" content=\"2024-03-04T15:19:29+00:00\" \/>\n<meta name=\"author\" content=\"maranhaotv\" \/>\n<meta name=\"twitter:card\" content=\"summary_large_image\" \/>\n<meta name=\"twitter:creator\" content=\"@sitemaranhaotv\" \/>\n<meta name=\"twitter:site\" content=\"@sitemaranhaotv\" \/>\n<meta name=\"twitter:label1\" content=\"Escrito por\" \/>\n\t<meta name=\"twitter:data1\" content=\"maranhaotv\" \/>\n\t<meta name=\"twitter:label2\" content=\"Est. tempo de leitura\" \/>\n\t<meta name=\"twitter:data2\" content=\"1 minuto\" \/>\n<script type=\"application\/ld+json\" class=\"yoast-schema-graph\">{\"@context\":\"https:\\\/\\\/schema.org\",\"@graph\":[{\"@type\":\"Article\",\"@id\":\"https:\\\/\\\/maranhaotv.com.br\\\/index.php\\\/2024\\\/03\\\/04\\\/um-mes-apos-o-inicio-das-aulas-inoperancia-da-gestao-braide-continua-privando-criancas-de-estudar\\\/#article\",\"isPartOf\":{\"@id\":\"https:\\\/\\\/maranhaotv.com.br\\\/index.php\\\/2024\\\/03\\\/04\\\/um-mes-apos-o-inicio-das-aulas-inoperancia-da-gestao-braide-continua-privando-criancas-de-estudar\\\/\"},\"author\":{\"name\":\"maranhaotv\",\"@id\":\"https:\\\/\\\/maranhaotv.com.br\\\/#\\\/schema\\\/person\\\/3d54238e86b20bb5c89ab2fdb8f8829a\"},\"headline\":\"Um m\u00eas ap\u00f3s o in\u00edcio das aulas, inoper\u00e2ncia da gest\u00e3o Braide continua privando crian\u00e7as de estudar\",\"datePublished\":\"2024-03-04T15:19:29+00:00\",\"mainEntityOfPage\":{\"@id\":\"https:\\\/\\\/maranhaotv.com.br\\\/index.php\\\/2024\\\/03\\\/04\\\/um-mes-apos-o-inicio-das-aulas-inoperancia-da-gestao-braide-continua-privando-criancas-de-estudar\\\/\"},\"wordCount\":241,\"commentCount\":0,\"publisher\":{\"@id\":\"https:\\\/\\\/maranhaotv.com.br\\\/#organization\"},\"image\":{\"@id\":\"https:\\\/\\\/maranhaotv.com.br\\\/index.php\\\/2024\\\/03\\\/04\\\/um-mes-apos-o-inicio-das-aulas-inoperancia-da-gestao-braide-continua-privando-criancas-de-estudar\\\/#primaryimage\"},\"thumbnailUrl\":\"\",\"articleSection\":[\"den\u00fancia\"],\"inLanguage\":\"pt-BR\",\"potentialAction\":[{\"@type\":\"CommentAction\",\"name\":\"Comment\",\"target\":[\"https:\\\/\\\/maranhaotv.com.br\\\/index.php\\\/2024\\\/03\\\/04\\\/um-mes-apos-o-inicio-das-aulas-inoperancia-da-gestao-braide-continua-privando-criancas-de-estudar\\\/#respond\"]}]},{\"@type\":\"WebPage\",\"@id\":\"https:\\\/\\\/maranhaotv.com.br\\\/index.php\\\/2024\\\/03\\\/04\\\/um-mes-apos-o-inicio-das-aulas-inoperancia-da-gestao-braide-continua-privando-criancas-de-estudar\\\/\",\"url\":\"https:\\\/\\\/maranhaotv.com.br\\\/index.php\\\/2024\\\/03\\\/04\\\/um-mes-apos-o-inicio-das-aulas-inoperancia-da-gestao-braide-continua-privando-criancas-de-estudar\\\/\",\"name\":\"Um m\u00eas ap\u00f3s o in\u00edcio das aulas, inoper\u00e2ncia da gest\u00e3o Braide continua privando crian\u00e7as de estudar - NOT\u00cdCIAS EM TEMPO REAL\",\"isPartOf\":{\"@id\":\"https:\\\/\\\/maranhaotv.com.br\\\/#website\"},\"primaryImageOfPage\":{\"@id\":\"https:\\\/\\\/maranhaotv.com.br\\\/index.php\\\/2024\\\/03\\\/04\\\/um-mes-apos-o-inicio-das-aulas-inoperancia-da-gestao-braide-continua-privando-criancas-de-estudar\\\/#primaryimage\"},\"image\":{\"@id\":\"https:\\\/\\\/maranhaotv.com.br\\\/index.php\\\/2024\\\/03\\\/04\\\/um-mes-apos-o-inicio-das-aulas-inoperancia-da-gestao-braide-continua-privando-criancas-de-estudar\\\/#primaryimage\"},\"thumbnailUrl\":\"\",\"datePublished\":\"2024-03-04T15:19:29+00:00\",\"breadcrumb\":{\"@id\":\"https:\\\/\\\/maranhaotv.com.br\\\/index.php\\\/2024\\\/03\\\/04\\\/um-mes-apos-o-inicio-das-aulas-inoperancia-da-gestao-braide-continua-privando-criancas-de-estudar\\\/#breadcrumb\"},\"inLanguage\":\"pt-BR\",\"potentialAction\":[{\"@type\":\"ReadAction\",\"target\":[\"https:\\\/\\\/maranhaotv.com.br\\\/index.php\\\/2024\\\/03\\\/04\\\/um-mes-apos-o-inicio-das-aulas-inoperancia-da-gestao-braide-continua-privando-criancas-de-estudar\\\/\"]}]},{\"@type\":\"ImageObject\",\"inLanguage\":\"pt-BR\",\"@id\":\"https:\\\/\\\/maranhaotv.com.br\\\/index.php\\\/2024\\\/03\\\/04\\\/um-mes-apos-o-inicio-das-aulas-inoperancia-da-gestao-braide-continua-privando-criancas-de-estudar\\\/#primaryimage\",\"url\":\"\",\"contentUrl\":\"\"},{\"@type\":\"BreadcrumbList\",\"@id\":\"https:\\\/\\\/maranhaotv.com.br\\\/index.php\\\/2024\\\/03\\\/04\\\/um-mes-apos-o-inicio-das-aulas-inoperancia-da-gestao-braide-continua-privando-criancas-de-estudar\\\/#breadcrumb\",\"itemListElement\":[{\"@type\":\"ListItem\",\"position\":1,\"name\":\"In\u00edcio\",\"item\":\"https:\\\/\\\/maranhaotv.com.br\\\/\"},{\"@type\":\"ListItem\",\"position\":2,\"name\":\"Um m\u00eas ap\u00f3s o in\u00edcio das aulas, inoper\u00e2ncia da gest\u00e3o Braide continua privando crian\u00e7as de estudar\"}]},{\"@type\":\"WebSite\",\"@id\":\"https:\\\/\\\/maranhaotv.com.br\\\/#website\",\"url\":\"https:\\\/\\\/maranhaotv.com.br\\\/\",\"name\":\"Maranh\u00e3oTV\",\"description\":\"\",\"publisher\":{\"@id\":\"https:\\\/\\\/maranhaotv.com.br\\\/#organization\"},\"potentialAction\":[{\"@type\":\"SearchAction\",\"target\":{\"@type\":\"EntryPoint\",\"urlTemplate\":\"https:\\\/\\\/maranhaotv.com.br\\\/?s={search_term_string}\"},\"query-input\":{\"@type\":\"PropertyValueSpecification\",\"valueRequired\":true,\"valueName\":\"search_term_string\"}}],\"inLanguage\":\"pt-BR\"},{\"@type\":\"Organization\",\"@id\":\"https:\\\/\\\/maranhaotv.com.br\\\/#organization\",\"name\":\"Portal de Not\u00edcias\",\"url\":\"https:\\\/\\\/maranhaotv.com.br\\\/\",\"logo\":{\"@type\":\"ImageObject\",\"inLanguage\":\"pt-BR\",\"@id\":\"https:\\\/\\\/maranhaotv.com.br\\\/#\\\/schema\\\/logo\\\/image\\\/\",\"url\":\"https:\\\/\\\/maranhaotv.com.br\\\/wp-content\\\/uploads\\\/2024\\\/05\\\/cropped-cropped-avatar-1.png\",\"contentUrl\":\"https:\\\/\\\/maranhaotv.com.br\\\/wp-content\\\/uploads\\\/2024\\\/05\\\/cropped-cropped-avatar-1.png\",\"width\":792,\"height\":428,\"caption\":\"Portal de Not\u00edcias\"},\"image\":{\"@id\":\"https:\\\/\\\/maranhaotv.com.br\\\/#\\\/schema\\\/logo\\\/image\\\/\"},\"sameAs\":[\"https:\\\/\\\/www.facebook.com\\\/maiobaotv\",\"https:\\\/\\\/x.com\\\/sitemaranhaotv\",\"https:\\\/\\\/www.instagram.com\\\/maranhao.tv\",\"https:\\\/\\\/www.threads.net\\\/@maranhao.tv\"]},{\"@type\":\"Person\",\"@id\":\"https:\\\/\\\/maranhaotv.com.br\\\/#\\\/schema\\\/person\\\/3d54238e86b20bb5c89ab2fdb8f8829a\",\"name\":\"maranhaotv\",\"image\":{\"@type\":\"ImageObject\",\"inLanguage\":\"pt-BR\",\"@id\":\"https:\\\/\\\/secure.gravatar.com\\\/avatar\\\/8fadbca458d4cb68b1dd399ae9a40618d747bb1af65ac9fad21c89220a143eb4?s=96&d=mm&r=g\",\"url\":\"https:\\\/\\\/secure.gravatar.com\\\/avatar\\\/8fadbca458d4cb68b1dd399ae9a40618d747bb1af65ac9fad21c89220a143eb4?s=96&d=mm&r=g\",\"contentUrl\":\"https:\\\/\\\/secure.gravatar.com\\\/avatar\\\/8fadbca458d4cb68b1dd399ae9a40618d747bb1af65ac9fad21c89220a143eb4?s=96&d=mm&r=g\",\"caption\":\"maranhaotv\"},\"sameAs\":[\"https:\\\/\\\/maranhaotv.com.br\\\/\"],\"url\":\"https:\\\/\\\/maranhaotv.com.br\\\/index.php\\\/author\\\/maranhaotv\\\/\"}]}<\/script>\n<!-- \/ Yoast SEO plugin. -->","yoast_head_json":{"title":"Um m\u00eas ap\u00f3s o in\u00edcio das aulas, inoper\u00e2ncia da gest\u00e3o Braide continua privando crian\u00e7as de estudar - NOT\u00cdCIAS EM TEMPO REAL","robots":{"index":"index","follow":"follow","max-snippet":"max-snippet:-1","max-image-preview":"max-image-preview:large","max-video-preview":"max-video-preview:-1"},"canonical":"https:\/\/maranhaotv.com.br\/index.php\/2024\/03\/04\/um-mes-apos-o-inicio-das-aulas-inoperancia-da-gestao-braide-continua-privando-criancas-de-estudar\/","og_locale":"pt_BR","og_type":"article","og_title":"Um m\u00eas ap\u00f3s o in\u00edcio das aulas, inoper\u00e2ncia da gest\u00e3o Braide continua privando crian\u00e7as de estudar - NOT\u00cdCIAS EM TEMPO REAL","og_description":"Em pleno m\u00eas de mar\u00e7o, mais de um m\u00eas depois do in\u00edcio das aulas na rede municipal, muitas crian\u00e7as e","og_url":"https:\/\/maranhaotv.com.br\/index.php\/2024\/03\/04\/um-mes-apos-o-inicio-das-aulas-inoperancia-da-gestao-braide-continua-privando-criancas-de-estudar\/","og_site_name":"NOT\u00cdCIAS EM TEMPO REAL","article_publisher":"https:\/\/www.facebook.com\/maiobaotv","article_published_time":"2024-03-04T15:19:29+00:00","author":"maranhaotv","twitter_card":"summary_large_image","twitter_creator":"@sitemaranhaotv","twitter_site":"@sitemaranhaotv","twitter_misc":{"Escrito por":"maranhaotv","Est. tempo de leitura":"1 minuto"},"schema":{"@context":"https:\/\/schema.org","@graph":[{"@type":"Article","@id":"https:\/\/maranhaotv.com.br\/index.php\/2024\/03\/04\/um-mes-apos-o-inicio-das-aulas-inoperancia-da-gestao-braide-continua-privando-criancas-de-estudar\/#article","isPartOf":{"@id":"https:\/\/maranhaotv.com.br\/index.php\/2024\/03\/04\/um-mes-apos-o-inicio-das-aulas-inoperancia-da-gestao-braide-continua-privando-criancas-de-estudar\/"},"author":{"name":"maranhaotv","@id":"https:\/\/maranhaotv.com.br\/#\/schema\/person\/3d54238e86b20bb5c89ab2fdb8f8829a"},"headline":"Um m\u00eas ap\u00f3s o in\u00edcio das aulas, inoper\u00e2ncia da gest\u00e3o Braide continua privando crian\u00e7as de estudar","datePublished":"2024-03-04T15:19:29+00:00","mainEntityOfPage":{"@id":"https:\/\/maranhaotv.com.br\/index.php\/2024\/03\/04\/um-mes-apos-o-inicio-das-aulas-inoperancia-da-gestao-braide-continua-privando-criancas-de-estudar\/"},"wordCount":241,"commentCount":0,"publisher":{"@id":"https:\/\/maranhaotv.com.br\/#organization"},"image":{"@id":"https:\/\/maranhaotv.com.br\/index.php\/2024\/03\/04\/um-mes-apos-o-inicio-das-aulas-inoperancia-da-gestao-braide-continua-privando-criancas-de-estudar\/#primaryimage"},"thumbnailUrl":"","articleSection":["den\u00fancia"],"inLanguage":"pt-BR","potentialAction":[{"@type":"CommentAction","name":"Comment","target":["https:\/\/maranhaotv.com.br\/index.php\/2024\/03\/04\/um-mes-apos-o-inicio-das-aulas-inoperancia-da-gestao-braide-continua-privando-criancas-de-estudar\/#respond"]}]},{"@type":"WebPage","@id":"https:\/\/maranhaotv.com.br\/index.php\/2024\/03\/04\/um-mes-apos-o-inicio-das-aulas-inoperancia-da-gestao-braide-continua-privando-criancas-de-estudar\/","url":"https:\/\/maranhaotv.com.br\/index.php\/2024\/03\/04\/um-mes-apos-o-inicio-das-aulas-inoperancia-da-gestao-braide-continua-privando-criancas-de-estudar\/","name":"Um m\u00eas ap\u00f3s o in\u00edcio das aulas, inoper\u00e2ncia da gest\u00e3o Braide continua privando crian\u00e7as de estudar - NOT\u00cdCIAS EM TEMPO REAL","isPartOf":{"@id":"https:\/\/maranhaotv.com.br\/#website"},"primaryImageOfPage":{"@id":"https:\/\/maranhaotv.com.br\/index.php\/2024\/03\/04\/um-mes-apos-o-inicio-das-aulas-inoperancia-da-gestao-braide-continua-privando-criancas-de-estudar\/#primaryimage"},"image":{"@id":"https:\/\/maranhaotv.com.br\/index.php\/2024\/03\/04\/um-mes-apos-o-inicio-das-aulas-inoperancia-da-gestao-braide-continua-privando-criancas-de-estudar\/#primaryimage"},"thumbnailUrl":"","datePublished":"2024-03-04T15:19:29+00:00","breadcrumb":{"@id":"https:\/\/maranhaotv.com.br\/index.php\/2024\/03\/04\/um-mes-apos-o-inicio-das-aulas-inoperancia-da-gestao-braide-continua-privando-criancas-de-estudar\/#breadcrumb"},"inLanguage":"pt-BR","potentialAction":[{"@type":"ReadAction","target":["https:\/\/maranhaotv.com.br\/index.php\/2024\/03\/04\/um-mes-apos-o-inicio-das-aulas-inoperancia-da-gestao-braide-continua-privando-criancas-de-estudar\/"]}]},{"@type":"ImageObject","inLanguage":"pt-BR","@id":"https:\/\/maranhaotv.com.br\/index.php\/2024\/03\/04\/um-mes-apos-o-inicio-das-aulas-inoperancia-da-gestao-braide-continua-privando-criancas-de-estudar\/#primaryimage","url":"","contentUrl":""},{"@type":"BreadcrumbList","@id":"https:\/\/maranhaotv.com.br\/index.php\/2024\/03\/04\/um-mes-apos-o-inicio-das-aulas-inoperancia-da-gestao-braide-continua-privando-criancas-de-estudar\/#breadcrumb","itemListElement":[{"@type":"ListItem","position":1,"name":"In\u00edcio","item":"https:\/\/maranhaotv.com.br\/"},{"@type":"ListItem","position":2,"name":"Um m\u00eas ap\u00f3s o in\u00edcio das aulas, inoper\u00e2ncia da gest\u00e3o Braide continua privando crian\u00e7as de estudar"}]},{"@type":"WebSite","@id":"https:\/\/maranhaotv.com.br\/#website","url":"https:\/\/maranhaotv.com.br\/","name":"Maranh\u00e3oTV","description":"","publisher":{"@id":"https:\/\/maranhaotv.com.br\/#organization"},"potentialAction":[{"@type":"SearchAction","target":{"@type":"EntryPoint","urlTemplate":"https:\/\/maranhaotv.com.br\/?s={search_term_string}"},"query-input":{"@type":"PropertyValueSpecification","valueRequired":true,"valueName":"search_term_string"}}],"inLanguage":"pt-BR"},{"@type":"Organization","@id":"https:\/\/maranhaotv.com.br\/#organization","name":"Portal de Not\u00edcias","url":"https:\/\/maranhaotv.com.br\/","logo":{"@type":"ImageObject","inLanguage":"pt-BR","@id":"https:\/\/maranhaotv.com.br\/#\/schema\/logo\/image\/","url":"https:\/\/maranhaotv.com.br\/wp-content\/uploads\/2024\/05\/cropped-cropped-avatar-1.png","contentUrl":"https:\/\/maranhaotv.com.br\/wp-content\/uploads\/2024\/05\/cropped-cropped-avatar-1.png","width":792,"height":428,"caption":"Portal de Not\u00edcias"},"image":{"@id":"https:\/\/maranhaotv.com.br\/#\/schema\/logo\/image\/"},"sameAs":["https:\/\/www.facebook.com\/maiobaotv","https:\/\/x.com\/sitemaranhaotv","https:\/\/www.instagram.com\/maranhao.tv","https:\/\/www.threads.net\/@maranhao.tv"]},{"@type":"Person","@id":"https:\/\/maranhaotv.com.br\/#\/schema\/person\/3d54238e86b20bb5c89ab2fdb8f8829a","name":"maranhaotv","image":{"@type":"ImageObject","inLanguage":"pt-BR","@id":"https:\/\/secure.gravatar.com\/avatar\/8fadbca458d4cb68b1dd399ae9a40618d747bb1af65ac9fad21c89220a143eb4?s=96&d=mm&r=g","url":"https:\/\/secure.gravatar.com\/avatar\/8fadbca458d4cb68b1dd399ae9a40618d747bb1af65ac9fad21c89220a143eb4?s=96&d=mm&r=g","contentUrl":"https:\/\/secure.gravatar.com\/avatar\/8fadbca458d4cb68b1dd399ae9a40618d747bb1af65ac9fad21c89220a143eb4?s=96&d=mm&r=g","caption":"maranhaotv"},"sameAs":["https:\/\/maranhaotv.com.br\/"],"url":"https:\/\/maranhaotv.com.br\/index.php\/author\/maranhaotv\/"}]}},"jetpack_featured_media_url":"","jetpack_sharing_enabled":true,"_links":{"self":[{"href":"https:\/\/maranhaotv.com.br\/index.php\/wp-json\/wp\/v2\/posts\/35011","targetHints":{"allow":["GET"]}}],"collection":[{"href":"https:\/\/maranhaotv.com.br\/index.php\/wp-json\/wp\/v2\/posts"}],"about":[{"href":"https:\/\/maranhaotv.com.br\/index.php\/wp-json\/wp\/v2\/types\/post"}],"author":[{"embeddable":true,"href":"https:\/\/maranhaotv.com.br\/index.php\/wp-json\/wp\/v2\/users\/2"}],"replies":[{"embeddable":true,"href":"https:\/\/maranhaotv.com.br\/index.php\/wp-json\/wp\/v2\/comments?post=35011"}],"version-history":[{"count":0,"href":"https:\/\/maranhaotv.com.br\/index.php\/wp-json\/wp\/v2\/posts\/35011\/revisions"}],"wp:featuredmedia":[{"embeddable":true,"href":"https:\/\/maranhaotv.com.br\/index.php\/wp-json\/"}],"wp:attachment":[{"href":"https:\/\/maranhaotv.com.br\/index.php\/wp-json\/wp\/v2\/media?parent=35011"}],"wp:term":[{"taxonomy":"category","embeddable":true,"href":"https:\/\/maranhaotv.com.br\/index.php\/wp-json\/wp\/v2\/categories?post=35011"},{"taxonomy":"post_tag","embeddable":true,"href":"https:\/\/maranhaotv.com.br\/index.php\/wp-json\/wp\/v2\/tags?post=35011"}],"curies":[{"name":"wp","href":"https:\/\/api.w.org\/{rel}","templated":true}]}}