{"id":35195,"date":"2024-03-19T15:39:57","date_gmt":"2024-03-19T18:39:57","guid":{"rendered":"https:\/\/maranhaotv.com.br\/?p=35195"},"modified":"2024-03-19T15:39:57","modified_gmt":"2024-03-19T18:39:57","slug":"justica-condena-municipio-de-paco-do-lumiar-a-cuidar-de-animais-abandonados","status":"publish","type":"post","link":"https:\/\/maranhaotv.com.br\/index.php\/2024\/03\/19\/justica-condena-municipio-de-paco-do-lumiar-a-cuidar-de-animais-abandonados\/","title":{"rendered":"Justi\u00e7a condena Munic\u00edpio de Pa\u00e7o do Lumiar a cuidar de animais abandonados<br>"},"content":{"rendered":"\n<p><br>A Vara de Interesses Difusos e Coletivos de S\u00e3o Lu\u00eds condenou o Munic\u00edpio de Pa\u00e7o do Lumiar a resgatar, cuidar, identificar e buscar abrigo e ado\u00e7\u00e3o para os animais de pequeno porte, em especial c\u00e3es e gatos, que se encontrem em estado de abandono na cidade.<br>A Prefeitura dever\u00e1 planejar e executar essas a\u00e7\u00f5es, sob assist\u00eancia de m\u00e9dicos veterin\u00e1rios, no prazo de dois anos, e ainda, pagar danos morais coletivos no importe de R$ 20 mil ao Fundo Estadual de Direitos Difusos.<br>A senten\u00e7a judicial tamb\u00e9m condenou uma moradora de Pa\u00e7o do Lumiar a deixar de abrigar grande n\u00famero de animais em im\u00f3vel insalubre, e sem oferecer os cuidados como \u00e1gua, comida e assist\u00eancia m\u00e9dico-veterin\u00e1ria, como foi constatado na a\u00e7\u00e3o.<br>Omiss\u00e3o do Munic\u00edpio <br>Na senten\u00e7a, o juiz Douglas de Melo Martins, titular da Vara de Interesses Difusos e Coletivos, considerou que os moradores da cidade suportaram transtornos diante das consequ\u00eancias da omiss\u00e3o do Munic\u00edpio, pois n\u00e3o foram cumpridas as normas ambientais.<br>\u201cH\u00e1 les\u00e3o evidente \u00e0 confian\u00e7a na atua\u00e7\u00e3o do Poder P\u00fablico, notadamente \u00e0quela voltada a evitar maus-tratos e abandono aos animais\u201d, afirmou o juiz, a respeito do abandono e viol\u00eancia aos animais, com not\u00edcias frequentes nos meios de comunica\u00e7\u00e3o e redes sociais sobre campanhas para arrecadar recursos para tratamento e ado\u00e7\u00e3o.<br>A decis\u00e3o foi emitida no julgamento da A\u00e7\u00e3o Civil P\u00fablica movida pelo Minist\u00e9rio P\u00fablico do Estado do Maranh\u00e3o contra o Estado do Maranh\u00e3o, o Munic\u00edpio de Pa\u00e7o do Lumiar e as moradoras D.M.R. e M.V.R.S., que abrigam animais.<br>Abandono de Animais<br>O Minist\u00e9rio P\u00fablico alegou na a\u00e7\u00e3o, que tem recebido den\u00fancias sobre animais de pequeno porte em situa\u00e7\u00e3o de abandono, condi\u00e7\u00f5es insalubres, sem \u00e1gua, alimenta\u00e7\u00e3o e qualquer assist\u00eancia veterin\u00e1ria e em condi\u00e7\u00f5es insalubres em im\u00f3veis das duas moradoras.<br>Ainda de acordo com o MP, o Munic\u00edpio de Pa\u00e7o do Lumiar n\u00e3o disp\u00f5e de local para acolher os animais abandonados ou maltratados, o que prejudica e at\u00e9 inviabiliza o trabalho do Minist\u00e9rio P\u00fablico, bem como que o Estado do Maranh\u00e3o deve fomentar a forma\u00e7\u00e3o de redes de atendimento para animais doentes, abandonados e v\u00edtimas de viol\u00eancia.<br>D.M.R. fez acordo na Justi\u00e7a, em audi\u00eancia de concilia\u00e7\u00e3o, realizada em 27\/05\/22 e n\u00e3o apresentou contesta\u00e7\u00e3o no processo. Quanto ao Estado do Maranh\u00e3o, ser\u00e1 julgado junto com outra A\u00e7\u00e3o Civil P\u00fablica de teor semelhante, que tramita na Vara.<br>Crimes ambientais<br>O juiz Douglas Martins considerou, na decis\u00e3o, a Lei dos Crimes Ambientais (n\u00ba 9.605\/1998), que estendeu a sua prote\u00e7\u00e3o \u00e0s esp\u00e9cies silvestres, dom\u00e9sticas ou domesticadas, nativas ou ex\u00f3ticas, considerando a capacidade de sofrimento de cada animal.<br>Quanto aos in\u00fameros c\u00e3es e gatos encontrados abandonados nas ruas e pra\u00e7as, a \u201cDeclara\u00e7\u00e3o Universal dos Direitos dos Animais\u201d disp\u00f5e que \u201co abandono de um animal \u00e9 um ato cruel e degradante\u201d.<br>O juiz assegurou, ainda, que a Constitui\u00e7\u00e3o Federal consagra a sa\u00fade como direito de todos e dever do Estado, garantido mediante pol\u00edticas sociais e econ\u00f4micas que visem \u00e0 redu\u00e7\u00e3o do risco de doen\u00e7a e de outros males.<br>\u201cO grande n\u00famero de animais abandonados pelos logradouros p\u00fablicos coloca em risco a pr\u00f3pria sa\u00fade p\u00fablica da popula\u00e7\u00e3o, em raz\u00e3o de a grande maioria n\u00e3o ser vacinada, al\u00e9m de que n\u00e3o h\u00e1 medida alguma para o efetivo controle de doen\u00e7as que possam ser transmitidas aos seres humanos, como, por exemplo, micose e leptospirose\u201d, declarou.<br>Por Maranh\u00e3o no Ar<\/p>\n","protected":false},"excerpt":{"rendered":"<p>A Vara de Interesses Difusos e Coletivos de S\u00e3o Lu\u00eds condenou o Munic\u00edpio de Pa\u00e7o do Lumiar a resgatar, cuidar,<\/p>\n","protected":false},"author":2,"featured_media":35194,"comment_status":"open","ping_status":"open","sticky":false,"template":"","format":"standard","meta":{"colormag_page_container_layout":"default_layout","colormag_page_sidebar_layout":"default_layout","_jetpack_memberships_contains_paid_content":false,"footnotes":""},"categories":[2],"tags":[15],"class_list":["post-35195","post","type-post","status-publish","format-standard","has-post-thumbnail","hentry","category-noticias","tag-paco-do-lumiar"],"magazineBlocksPostFeaturedMedia":{"thumbnail":false,"medium":false,"medium_large":false,"large":false,"1536x1536":false,"2048x2048":false,"colormag-highlighted-post":false,"colormag-featured-post-medium":false,"colormag-featured-post-small":false,"colormag-featured-image":false,"colormag-default-news":false,"colormag-featured-image-large":false},"magazineBlocksPostAuthor":{"name":"maranhaotv","avatar":"https:\/\/secure.gravatar.com\/avatar\/8fadbca458d4cb68b1dd399ae9a40618d747bb1af65ac9fad21c89220a143eb4?s=96&d=mm&r=g"},"magazineBlocksPostCommentsNumber":"0","magazineBlocksPostExcerpt":"A Vara de Interesses Difusos e Coletivos de S\u00e3o Lu\u00eds condenou o Munic\u00edpio de Pa\u00e7o do Lumiar a resgatar, cuidar,","magazineBlocksPostCategories":["not\u00edcias"],"magazineBlocksPostViewCount":205,"magazineBlocksPostReadTime":4,"magazine_blocks_featured_image_url":{"full":false,"medium":false,"thumbnail":false},"magazine_blocks_author":{"display_name":"maranhaotv","author_link":"https:\/\/maranhaotv.com.br\/index.php\/author\/maranhaotv\/"},"magazine_blocks_comment":0,"magazine_blocks_author_image":"https:\/\/secure.gravatar.com\/avatar\/8fadbca458d4cb68b1dd399ae9a40618d747bb1af65ac9fad21c89220a143eb4?s=96&d=mm&r=g","magazine_blocks_category":"<a href=\"#\" class=\"category-link category-link-2\">not\u00edcias<\/a>","yoast_head":"<!-- This site is optimized with the Yoast SEO plugin v27.4 - https:\/\/yoast.com\/product\/yoast-seo-wordpress\/ -->\n<title>Justi\u00e7a condena Munic\u00edpio de Pa\u00e7o do Lumiar a cuidar de animais abandonados - NOT\u00cdCIAS EM TEMPO REAL<\/title>\n<meta name=\"robots\" content=\"index, follow, max-snippet:-1, max-image-preview:large, max-video-preview:-1\" \/>\n<link rel=\"canonical\" href=\"https:\/\/maranhaotv.com.br\/index.php\/2024\/03\/19\/justica-condena-municipio-de-paco-do-lumiar-a-cuidar-de-animais-abandonados\/\" \/>\n<meta property=\"og:locale\" content=\"pt_BR\" \/>\n<meta property=\"og:type\" content=\"article\" \/>\n<meta property=\"og:title\" content=\"Justi\u00e7a condena Munic\u00edpio de Pa\u00e7o do Lumiar a cuidar de animais abandonados - NOT\u00cdCIAS EM TEMPO REAL\" \/>\n<meta property=\"og:description\" content=\"A Vara de Interesses Difusos e Coletivos de S\u00e3o Lu\u00eds condenou o Munic\u00edpio de Pa\u00e7o do Lumiar a resgatar, cuidar,\" \/>\n<meta property=\"og:url\" content=\"https:\/\/maranhaotv.com.br\/index.php\/2024\/03\/19\/justica-condena-municipio-de-paco-do-lumiar-a-cuidar-de-animais-abandonados\/\" \/>\n<meta property=\"og:site_name\" content=\"NOT\u00cdCIAS EM TEMPO REAL\" \/>\n<meta property=\"article:publisher\" content=\"https:\/\/www.facebook.com\/maiobaotv\" \/>\n<meta property=\"article:published_time\" content=\"2024-03-19T18:39:57+00:00\" \/>\n<meta name=\"author\" content=\"maranhaotv\" \/>\n<meta name=\"twitter:card\" content=\"summary_large_image\" \/>\n<meta name=\"twitter:creator\" content=\"@sitemaranhaotv\" \/>\n<meta name=\"twitter:site\" content=\"@sitemaranhaotv\" \/>\n<meta name=\"twitter:label1\" content=\"Escrito por\" \/>\n\t<meta name=\"twitter:data1\" content=\"maranhaotv\" \/>\n\t<meta name=\"twitter:label2\" content=\"Est. tempo de leitura\" \/>\n\t<meta name=\"twitter:data2\" content=\"3 minutos\" \/>\n<script type=\"application\/ld+json\" class=\"yoast-schema-graph\">{\"@context\":\"https:\\\/\\\/schema.org\",\"@graph\":[{\"@type\":\"Article\",\"@id\":\"https:\\\/\\\/maranhaotv.com.br\\\/index.php\\\/2024\\\/03\\\/19\\\/justica-condena-municipio-de-paco-do-lumiar-a-cuidar-de-animais-abandonados\\\/#article\",\"isPartOf\":{\"@id\":\"https:\\\/\\\/maranhaotv.com.br\\\/index.php\\\/2024\\\/03\\\/19\\\/justica-condena-municipio-de-paco-do-lumiar-a-cuidar-de-animais-abandonados\\\/\"},\"author\":{\"name\":\"maranhaotv\",\"@id\":\"https:\\\/\\\/maranhaotv.com.br\\\/#\\\/schema\\\/person\\\/3d54238e86b20bb5c89ab2fdb8f8829a\"},\"headline\":\"Justi\u00e7a condena Munic\u00edpio de Pa\u00e7o do Lumiar a cuidar de animais abandonados\",\"datePublished\":\"2024-03-19T18:39:57+00:00\",\"mainEntityOfPage\":{\"@id\":\"https:\\\/\\\/maranhaotv.com.br\\\/index.php\\\/2024\\\/03\\\/19\\\/justica-condena-municipio-de-paco-do-lumiar-a-cuidar-de-animais-abandonados\\\/\"},\"wordCount\":663,\"commentCount\":0,\"publisher\":{\"@id\":\"https:\\\/\\\/maranhaotv.com.br\\\/#organization\"},\"image\":{\"@id\":\"https:\\\/\\\/maranhaotv.com.br\\\/index.php\\\/2024\\\/03\\\/19\\\/justica-condena-municipio-de-paco-do-lumiar-a-cuidar-de-animais-abandonados\\\/#primaryimage\"},\"thumbnailUrl\":\"\",\"keywords\":[\"Pa\u00e7o do Lumiar\"],\"articleSection\":[\"not\u00edcias\"],\"inLanguage\":\"pt-BR\",\"potentialAction\":[{\"@type\":\"CommentAction\",\"name\":\"Comment\",\"target\":[\"https:\\\/\\\/maranhaotv.com.br\\\/index.php\\\/2024\\\/03\\\/19\\\/justica-condena-municipio-de-paco-do-lumiar-a-cuidar-de-animais-abandonados\\\/#respond\"]}]},{\"@type\":\"WebPage\",\"@id\":\"https:\\\/\\\/maranhaotv.com.br\\\/index.php\\\/2024\\\/03\\\/19\\\/justica-condena-municipio-de-paco-do-lumiar-a-cuidar-de-animais-abandonados\\\/\",\"url\":\"https:\\\/\\\/maranhaotv.com.br\\\/index.php\\\/2024\\\/03\\\/19\\\/justica-condena-municipio-de-paco-do-lumiar-a-cuidar-de-animais-abandonados\\\/\",\"name\":\"Justi\u00e7a condena Munic\u00edpio de Pa\u00e7o do Lumiar a cuidar de animais abandonados - NOT\u00cdCIAS EM TEMPO REAL\",\"isPartOf\":{\"@id\":\"https:\\\/\\\/maranhaotv.com.br\\\/#website\"},\"primaryImageOfPage\":{\"@id\":\"https:\\\/\\\/maranhaotv.com.br\\\/index.php\\\/2024\\\/03\\\/19\\\/justica-condena-municipio-de-paco-do-lumiar-a-cuidar-de-animais-abandonados\\\/#primaryimage\"},\"image\":{\"@id\":\"https:\\\/\\\/maranhaotv.com.br\\\/index.php\\\/2024\\\/03\\\/19\\\/justica-condena-municipio-de-paco-do-lumiar-a-cuidar-de-animais-abandonados\\\/#primaryimage\"},\"thumbnailUrl\":\"\",\"datePublished\":\"2024-03-19T18:39:57+00:00\",\"breadcrumb\":{\"@id\":\"https:\\\/\\\/maranhaotv.com.br\\\/index.php\\\/2024\\\/03\\\/19\\\/justica-condena-municipio-de-paco-do-lumiar-a-cuidar-de-animais-abandonados\\\/#breadcrumb\"},\"inLanguage\":\"pt-BR\",\"potentialAction\":[{\"@type\":\"ReadAction\",\"target\":[\"https:\\\/\\\/maranhaotv.com.br\\\/index.php\\\/2024\\\/03\\\/19\\\/justica-condena-municipio-de-paco-do-lumiar-a-cuidar-de-animais-abandonados\\\/\"]}]},{\"@type\":\"ImageObject\",\"inLanguage\":\"pt-BR\",\"@id\":\"https:\\\/\\\/maranhaotv.com.br\\\/index.php\\\/2024\\\/03\\\/19\\\/justica-condena-municipio-de-paco-do-lumiar-a-cuidar-de-animais-abandonados\\\/#primaryimage\",\"url\":\"\",\"contentUrl\":\"\"},{\"@type\":\"BreadcrumbList\",\"@id\":\"https:\\\/\\\/maranhaotv.com.br\\\/index.php\\\/2024\\\/03\\\/19\\\/justica-condena-municipio-de-paco-do-lumiar-a-cuidar-de-animais-abandonados\\\/#breadcrumb\",\"itemListElement\":[{\"@type\":\"ListItem\",\"position\":1,\"name\":\"In\u00edcio\",\"item\":\"https:\\\/\\\/maranhaotv.com.br\\\/\"},{\"@type\":\"ListItem\",\"position\":2,\"name\":\"Justi\u00e7a condena Munic\u00edpio de Pa\u00e7o do Lumiar a cuidar de animais abandonados\"}]},{\"@type\":\"WebSite\",\"@id\":\"https:\\\/\\\/maranhaotv.com.br\\\/#website\",\"url\":\"https:\\\/\\\/maranhaotv.com.br\\\/\",\"name\":\"Maranh\u00e3oTV\",\"description\":\"\",\"publisher\":{\"@id\":\"https:\\\/\\\/maranhaotv.com.br\\\/#organization\"},\"potentialAction\":[{\"@type\":\"SearchAction\",\"target\":{\"@type\":\"EntryPoint\",\"urlTemplate\":\"https:\\\/\\\/maranhaotv.com.br\\\/?s={search_term_string}\"},\"query-input\":{\"@type\":\"PropertyValueSpecification\",\"valueRequired\":true,\"valueName\":\"search_term_string\"}}],\"inLanguage\":\"pt-BR\"},{\"@type\":\"Organization\",\"@id\":\"https:\\\/\\\/maranhaotv.com.br\\\/#organization\",\"name\":\"Portal de Not\u00edcias\",\"url\":\"https:\\\/\\\/maranhaotv.com.br\\\/\",\"logo\":{\"@type\":\"ImageObject\",\"inLanguage\":\"pt-BR\",\"@id\":\"https:\\\/\\\/maranhaotv.com.br\\\/#\\\/schema\\\/logo\\\/image\\\/\",\"url\":\"https:\\\/\\\/maranhaotv.com.br\\\/wp-content\\\/uploads\\\/2024\\\/05\\\/cropped-cropped-avatar-1.png\",\"contentUrl\":\"https:\\\/\\\/maranhaotv.com.br\\\/wp-content\\\/uploads\\\/2024\\\/05\\\/cropped-cropped-avatar-1.png\",\"width\":792,\"height\":428,\"caption\":\"Portal de Not\u00edcias\"},\"image\":{\"@id\":\"https:\\\/\\\/maranhaotv.com.br\\\/#\\\/schema\\\/logo\\\/image\\\/\"},\"sameAs\":[\"https:\\\/\\\/www.facebook.com\\\/maiobaotv\",\"https:\\\/\\\/x.com\\\/sitemaranhaotv\",\"https:\\\/\\\/www.instagram.com\\\/maranhao.tv\",\"https:\\\/\\\/www.threads.net\\\/@maranhao.tv\"]},{\"@type\":\"Person\",\"@id\":\"https:\\\/\\\/maranhaotv.com.br\\\/#\\\/schema\\\/person\\\/3d54238e86b20bb5c89ab2fdb8f8829a\",\"name\":\"maranhaotv\",\"image\":{\"@type\":\"ImageObject\",\"inLanguage\":\"pt-BR\",\"@id\":\"https:\\\/\\\/secure.gravatar.com\\\/avatar\\\/8fadbca458d4cb68b1dd399ae9a40618d747bb1af65ac9fad21c89220a143eb4?s=96&d=mm&r=g\",\"url\":\"https:\\\/\\\/secure.gravatar.com\\\/avatar\\\/8fadbca458d4cb68b1dd399ae9a40618d747bb1af65ac9fad21c89220a143eb4?s=96&d=mm&r=g\",\"contentUrl\":\"https:\\\/\\\/secure.gravatar.com\\\/avatar\\\/8fadbca458d4cb68b1dd399ae9a40618d747bb1af65ac9fad21c89220a143eb4?s=96&d=mm&r=g\",\"caption\":\"maranhaotv\"},\"sameAs\":[\"https:\\\/\\\/maranhaotv.com.br\\\/\"],\"url\":\"https:\\\/\\\/maranhaotv.com.br\\\/index.php\\\/author\\\/maranhaotv\\\/\"}]}<\/script>\n<!-- \/ Yoast SEO plugin. -->","yoast_head_json":{"title":"Justi\u00e7a condena Munic\u00edpio de Pa\u00e7o do Lumiar a cuidar de animais abandonados - NOT\u00cdCIAS EM TEMPO REAL","robots":{"index":"index","follow":"follow","max-snippet":"max-snippet:-1","max-image-preview":"max-image-preview:large","max-video-preview":"max-video-preview:-1"},"canonical":"https:\/\/maranhaotv.com.br\/index.php\/2024\/03\/19\/justica-condena-municipio-de-paco-do-lumiar-a-cuidar-de-animais-abandonados\/","og_locale":"pt_BR","og_type":"article","og_title":"Justi\u00e7a condena Munic\u00edpio de Pa\u00e7o do Lumiar a cuidar de animais abandonados - NOT\u00cdCIAS EM TEMPO REAL","og_description":"A Vara de Interesses Difusos e Coletivos de S\u00e3o Lu\u00eds condenou o Munic\u00edpio de Pa\u00e7o do Lumiar a resgatar, cuidar,","og_url":"https:\/\/maranhaotv.com.br\/index.php\/2024\/03\/19\/justica-condena-municipio-de-paco-do-lumiar-a-cuidar-de-animais-abandonados\/","og_site_name":"NOT\u00cdCIAS EM TEMPO REAL","article_publisher":"https:\/\/www.facebook.com\/maiobaotv","article_published_time":"2024-03-19T18:39:57+00:00","author":"maranhaotv","twitter_card":"summary_large_image","twitter_creator":"@sitemaranhaotv","twitter_site":"@sitemaranhaotv","twitter_misc":{"Escrito por":"maranhaotv","Est. tempo de leitura":"3 minutos"},"schema":{"@context":"https:\/\/schema.org","@graph":[{"@type":"Article","@id":"https:\/\/maranhaotv.com.br\/index.php\/2024\/03\/19\/justica-condena-municipio-de-paco-do-lumiar-a-cuidar-de-animais-abandonados\/#article","isPartOf":{"@id":"https:\/\/maranhaotv.com.br\/index.php\/2024\/03\/19\/justica-condena-municipio-de-paco-do-lumiar-a-cuidar-de-animais-abandonados\/"},"author":{"name":"maranhaotv","@id":"https:\/\/maranhaotv.com.br\/#\/schema\/person\/3d54238e86b20bb5c89ab2fdb8f8829a"},"headline":"Justi\u00e7a condena Munic\u00edpio de Pa\u00e7o do Lumiar a cuidar de animais abandonados","datePublished":"2024-03-19T18:39:57+00:00","mainEntityOfPage":{"@id":"https:\/\/maranhaotv.com.br\/index.php\/2024\/03\/19\/justica-condena-municipio-de-paco-do-lumiar-a-cuidar-de-animais-abandonados\/"},"wordCount":663,"commentCount":0,"publisher":{"@id":"https:\/\/maranhaotv.com.br\/#organization"},"image":{"@id":"https:\/\/maranhaotv.com.br\/index.php\/2024\/03\/19\/justica-condena-municipio-de-paco-do-lumiar-a-cuidar-de-animais-abandonados\/#primaryimage"},"thumbnailUrl":"","keywords":["Pa\u00e7o do Lumiar"],"articleSection":["not\u00edcias"],"inLanguage":"pt-BR","potentialAction":[{"@type":"CommentAction","name":"Comment","target":["https:\/\/maranhaotv.com.br\/index.php\/2024\/03\/19\/justica-condena-municipio-de-paco-do-lumiar-a-cuidar-de-animais-abandonados\/#respond"]}]},{"@type":"WebPage","@id":"https:\/\/maranhaotv.com.br\/index.php\/2024\/03\/19\/justica-condena-municipio-de-paco-do-lumiar-a-cuidar-de-animais-abandonados\/","url":"https:\/\/maranhaotv.com.br\/index.php\/2024\/03\/19\/justica-condena-municipio-de-paco-do-lumiar-a-cuidar-de-animais-abandonados\/","name":"Justi\u00e7a condena Munic\u00edpio de Pa\u00e7o do Lumiar a cuidar de animais abandonados - NOT\u00cdCIAS EM TEMPO REAL","isPartOf":{"@id":"https:\/\/maranhaotv.com.br\/#website"},"primaryImageOfPage":{"@id":"https:\/\/maranhaotv.com.br\/index.php\/2024\/03\/19\/justica-condena-municipio-de-paco-do-lumiar-a-cuidar-de-animais-abandonados\/#primaryimage"},"image":{"@id":"https:\/\/maranhaotv.com.br\/index.php\/2024\/03\/19\/justica-condena-municipio-de-paco-do-lumiar-a-cuidar-de-animais-abandonados\/#primaryimage"},"thumbnailUrl":"","datePublished":"2024-03-19T18:39:57+00:00","breadcrumb":{"@id":"https:\/\/maranhaotv.com.br\/index.php\/2024\/03\/19\/justica-condena-municipio-de-paco-do-lumiar-a-cuidar-de-animais-abandonados\/#breadcrumb"},"inLanguage":"pt-BR","potentialAction":[{"@type":"ReadAction","target":["https:\/\/maranhaotv.com.br\/index.php\/2024\/03\/19\/justica-condena-municipio-de-paco-do-lumiar-a-cuidar-de-animais-abandonados\/"]}]},{"@type":"ImageObject","inLanguage":"pt-BR","@id":"https:\/\/maranhaotv.com.br\/index.php\/2024\/03\/19\/justica-condena-municipio-de-paco-do-lumiar-a-cuidar-de-animais-abandonados\/#primaryimage","url":"","contentUrl":""},{"@type":"BreadcrumbList","@id":"https:\/\/maranhaotv.com.br\/index.php\/2024\/03\/19\/justica-condena-municipio-de-paco-do-lumiar-a-cuidar-de-animais-abandonados\/#breadcrumb","itemListElement":[{"@type":"ListItem","position":1,"name":"In\u00edcio","item":"https:\/\/maranhaotv.com.br\/"},{"@type":"ListItem","position":2,"name":"Justi\u00e7a condena Munic\u00edpio de Pa\u00e7o do Lumiar a cuidar de animais abandonados"}]},{"@type":"WebSite","@id":"https:\/\/maranhaotv.com.br\/#website","url":"https:\/\/maranhaotv.com.br\/","name":"Maranh\u00e3oTV","description":"","publisher":{"@id":"https:\/\/maranhaotv.com.br\/#organization"},"potentialAction":[{"@type":"SearchAction","target":{"@type":"EntryPoint","urlTemplate":"https:\/\/maranhaotv.com.br\/?s={search_term_string}"},"query-input":{"@type":"PropertyValueSpecification","valueRequired":true,"valueName":"search_term_string"}}],"inLanguage":"pt-BR"},{"@type":"Organization","@id":"https:\/\/maranhaotv.com.br\/#organization","name":"Portal de Not\u00edcias","url":"https:\/\/maranhaotv.com.br\/","logo":{"@type":"ImageObject","inLanguage":"pt-BR","@id":"https:\/\/maranhaotv.com.br\/#\/schema\/logo\/image\/","url":"https:\/\/maranhaotv.com.br\/wp-content\/uploads\/2024\/05\/cropped-cropped-avatar-1.png","contentUrl":"https:\/\/maranhaotv.com.br\/wp-content\/uploads\/2024\/05\/cropped-cropped-avatar-1.png","width":792,"height":428,"caption":"Portal de Not\u00edcias"},"image":{"@id":"https:\/\/maranhaotv.com.br\/#\/schema\/logo\/image\/"},"sameAs":["https:\/\/www.facebook.com\/maiobaotv","https:\/\/x.com\/sitemaranhaotv","https:\/\/www.instagram.com\/maranhao.tv","https:\/\/www.threads.net\/@maranhao.tv"]},{"@type":"Person","@id":"https:\/\/maranhaotv.com.br\/#\/schema\/person\/3d54238e86b20bb5c89ab2fdb8f8829a","name":"maranhaotv","image":{"@type":"ImageObject","inLanguage":"pt-BR","@id":"https:\/\/secure.gravatar.com\/avatar\/8fadbca458d4cb68b1dd399ae9a40618d747bb1af65ac9fad21c89220a143eb4?s=96&d=mm&r=g","url":"https:\/\/secure.gravatar.com\/avatar\/8fadbca458d4cb68b1dd399ae9a40618d747bb1af65ac9fad21c89220a143eb4?s=96&d=mm&r=g","contentUrl":"https:\/\/secure.gravatar.com\/avatar\/8fadbca458d4cb68b1dd399ae9a40618d747bb1af65ac9fad21c89220a143eb4?s=96&d=mm&r=g","caption":"maranhaotv"},"sameAs":["https:\/\/maranhaotv.com.br\/"],"url":"https:\/\/maranhaotv.com.br\/index.php\/author\/maranhaotv\/"}]}},"jetpack_featured_media_url":"","jetpack_sharing_enabled":true,"_links":{"self":[{"href":"https:\/\/maranhaotv.com.br\/index.php\/wp-json\/wp\/v2\/posts\/35195","targetHints":{"allow":["GET"]}}],"collection":[{"href":"https:\/\/maranhaotv.com.br\/index.php\/wp-json\/wp\/v2\/posts"}],"about":[{"href":"https:\/\/maranhaotv.com.br\/index.php\/wp-json\/wp\/v2\/types\/post"}],"author":[{"embeddable":true,"href":"https:\/\/maranhaotv.com.br\/index.php\/wp-json\/wp\/v2\/users\/2"}],"replies":[{"embeddable":true,"href":"https:\/\/maranhaotv.com.br\/index.php\/wp-json\/wp\/v2\/comments?post=35195"}],"version-history":[{"count":0,"href":"https:\/\/maranhaotv.com.br\/index.php\/wp-json\/wp\/v2\/posts\/35195\/revisions"}],"wp:featuredmedia":[{"embeddable":true,"href":"https:\/\/maranhaotv.com.br\/index.php\/wp-json\/"}],"wp:attachment":[{"href":"https:\/\/maranhaotv.com.br\/index.php\/wp-json\/wp\/v2\/media?parent=35195"}],"wp:term":[{"taxonomy":"category","embeddable":true,"href":"https:\/\/maranhaotv.com.br\/index.php\/wp-json\/wp\/v2\/categories?post=35195"},{"taxonomy":"post_tag","embeddable":true,"href":"https:\/\/maranhaotv.com.br\/index.php\/wp-json\/wp\/v2\/tags?post=35195"}],"curies":[{"name":"wp","href":"https:\/\/api.w.org\/{rel}","templated":true}]}}