{"id":35224,"date":"2024-03-21T15:01:31","date_gmt":"2024-03-21T18:01:31","guid":{"rendered":"https:\/\/maranhaotv.com.br\/?p=35224"},"modified":"2024-03-21T15:01:31","modified_gmt":"2024-03-21T18:01:31","slug":"irma-e-sobrinho-de-superintendente-de-articulacao-politica-do-governo-do-estado-atacam-carlos-brandao","status":"publish","type":"post","link":"https:\/\/maranhaotv.com.br\/index.php\/2024\/03\/21\/irma-e-sobrinho-de-superintendente-de-articulacao-politica-do-governo-do-estado-atacam-carlos-brandao\/","title":{"rendered":"Irm\u00e3 e sobrinho de Superintendente de Articula\u00e7\u00e3o Pol\u00edtica do Governo do Estado atacam Carlos Brand\u00e3o"},"content":{"rendered":"\n<p><br><br>O governador Carlos Brand\u00e3o (PSB) precisa conferir cuidadosamente quem s\u00e3o os seus verdadeiros aliados, sobretudo, aqueles que est\u00e3o ocupando cargos comissionados, portanto, de confian\u00e7a no Governo do Maranh\u00e3o.<br>Um dos motivos para o alerta do Blog do Domingos Costa \u00e9 uma situa\u00e7\u00e3o lastim\u00e1vel proveniente da cidade de Lago da Pedra, onde esta semana, dois familiares direto do Superintendente de Articula\u00e7\u00e3o Pol\u00edtica, Salom\u00e3o Bispo, atacaram o governador do <br>E os ataques n\u00e3o foram apenas por quest\u00f5es administrativas ou cr\u00edticas pontuais contra o governo, mas sim, agress\u00f5es pessoais a Carlos Brand\u00e3o.<br>Primeiro, foi um sobrinho do Superintendente Salom\u00e3o, identificado por \u201cBrendel Bispo\u201d que desdenhou de Brand\u00e3o por meio de um \u00e1udio em grupo do aplicativo de troca de mensagens WhatsApp (ou\u00e7a acima).<br>\u201c[\u2026] Brand\u00e3ozinho s\u00f3 tem dois anos, nem fede nem cheira, s\u00f3 passa isso a\u00ed tu vai ver, t\u00e1 fazendo um negocinho dele a\u00ed pra ver se elege senador, que s\u00e3o duas vagas, todo mundo vai se candidatar novamente, entendeu [\u2026]\u201d criticou.<br>Em seguida, o Blog do DC recebeu mais uma investiga de um familiar do Superintendente de Articula\u00e7\u00e3o Pol\u00edtica de Lago da Pedra contra o governador Brand\u00e3o. Desta vez, foi uma irm\u00e3, de Salom\u00e3o, identificada por\u00a0Diana Bispo.<br>Ela fala com uma pessoa pelas redes sociais e dispara:\u00a0\u201cBrand\u00e3o est\u00e1 com c\u00e2ncer, quando ele morrer quem governa \u00e9 Felipe Camar\u00e3o e ele [o Governador] vai para a rua\u201d, escreveu a irm\u00e3 de Salom\u00e3o.<br>Diante dos fatos acima, o Blog do DC pergunta: o Governador do Maranh\u00e3o, Carlos Brand\u00e3o, ir\u00e1 assistir tudo isso sem tomar nenhuma atitude?<br><br>Por Domingos Costa<\/p>\n\n\n\n<figure class=\"wp-block-image size-large\"><img decoding=\"async\" src=\"https:\/\/maranhaotv.com.br\/wp-content\/uploads\/2024\/03\/img-20240321-wa03862826093897885663837-588x1024.jpg\" alt=\"\" class=\"wp-image-35222\"\/><\/figure>\n","protected":false},"excerpt":{"rendered":"<p>O governador Carlos Brand\u00e3o (PSB) precisa conferir cuidadosamente quem s\u00e3o os seus verdadeiros aliados, sobretudo, aqueles que est\u00e3o ocupando cargos<\/p>\n","protected":false},"author":2,"featured_media":35223,"comment_status":"open","ping_status":"open","sticky":false,"template":"","format":"standard","meta":{"colormag_page_container_layout":"default_layout","colormag_page_sidebar_layout":"default_layout","_jetpack_memberships_contains_paid_content":false,"footnotes":""},"categories":[2],"tags":[],"class_list":["post-35224","post","type-post","status-publish","format-standard","has-post-thumbnail","hentry","category-noticias"],"magazineBlocksPostFeaturedMedia":{"thumbnail":false,"medium":false,"medium_large":false,"large":false,"1536x1536":false,"2048x2048":false,"colormag-highlighted-post":false,"colormag-featured-post-medium":false,"colormag-featured-post-small":false,"colormag-featured-image":false,"colormag-default-news":false,"colormag-featured-image-large":false},"magazineBlocksPostAuthor":{"name":"maranhaotv","avatar":"https:\/\/secure.gravatar.com\/avatar\/8fadbca458d4cb68b1dd399ae9a40618d747bb1af65ac9fad21c89220a143eb4?s=96&d=mm&r=g"},"magazineBlocksPostCommentsNumber":"0","magazineBlocksPostExcerpt":"O governador Carlos Brand\u00e3o (PSB) precisa conferir cuidadosamente quem s\u00e3o os seus verdadeiros aliados, sobretudo, aqueles que est\u00e3o ocupando cargos","magazineBlocksPostCategories":["not\u00edcias"],"magazineBlocksPostViewCount":173,"magazineBlocksPostReadTime":2,"magazine_blocks_featured_image_url":{"full":false,"medium":false,"thumbnail":false},"magazine_blocks_author":{"display_name":"maranhaotv","author_link":"https:\/\/maranhaotv.com.br\/index.php\/author\/maranhaotv\/"},"magazine_blocks_comment":0,"magazine_blocks_author_image":"https:\/\/secure.gravatar.com\/avatar\/8fadbca458d4cb68b1dd399ae9a40618d747bb1af65ac9fad21c89220a143eb4?s=96&d=mm&r=g","magazine_blocks_category":"<a href=\"#\" class=\"category-link category-link-2\">not\u00edcias<\/a>","yoast_head":"<!-- This site is optimized with the Yoast SEO plugin v27.4 - https:\/\/yoast.com\/product\/yoast-seo-wordpress\/ -->\n<title>Irm\u00e3 e sobrinho de Superintendente de Articula\u00e7\u00e3o Pol\u00edtica do Governo do Estado atacam Carlos Brand\u00e3o - NOT\u00cdCIAS EM TEMPO REAL<\/title>\n<meta name=\"robots\" content=\"index, follow, max-snippet:-1, max-image-preview:large, max-video-preview:-1\" \/>\n<link rel=\"canonical\" href=\"https:\/\/maranhaotv.com.br\/index.php\/2024\/03\/21\/irma-e-sobrinho-de-superintendente-de-articulacao-politica-do-governo-do-estado-atacam-carlos-brandao\/\" \/>\n<meta property=\"og:locale\" content=\"pt_BR\" \/>\n<meta property=\"og:type\" content=\"article\" \/>\n<meta property=\"og:title\" content=\"Irm\u00e3 e sobrinho de Superintendente de Articula\u00e7\u00e3o Pol\u00edtica do Governo do Estado atacam Carlos Brand\u00e3o - NOT\u00cdCIAS EM TEMPO REAL\" \/>\n<meta property=\"og:description\" content=\"O governador Carlos Brand\u00e3o (PSB) precisa conferir cuidadosamente quem s\u00e3o os seus verdadeiros aliados, sobretudo, aqueles que est\u00e3o ocupando cargos\" \/>\n<meta property=\"og:url\" content=\"https:\/\/maranhaotv.com.br\/index.php\/2024\/03\/21\/irma-e-sobrinho-de-superintendente-de-articulacao-politica-do-governo-do-estado-atacam-carlos-brandao\/\" \/>\n<meta property=\"og:site_name\" content=\"NOT\u00cdCIAS EM TEMPO REAL\" \/>\n<meta property=\"article:publisher\" content=\"https:\/\/www.facebook.com\/maiobaotv\" \/>\n<meta property=\"article:published_time\" content=\"2024-03-21T18:01:31+00:00\" \/>\n<meta name=\"author\" content=\"maranhaotv\" \/>\n<meta name=\"twitter:card\" content=\"summary_large_image\" \/>\n<meta name=\"twitter:creator\" content=\"@sitemaranhaotv\" \/>\n<meta name=\"twitter:site\" content=\"@sitemaranhaotv\" \/>\n<meta name=\"twitter:label1\" content=\"Escrito por\" \/>\n\t<meta name=\"twitter:data1\" content=\"maranhaotv\" \/>\n\t<meta name=\"twitter:label2\" content=\"Est. tempo de leitura\" \/>\n\t<meta name=\"twitter:data2\" content=\"1 minuto\" \/>\n<script type=\"application\/ld+json\" class=\"yoast-schema-graph\">{\"@context\":\"https:\\\/\\\/schema.org\",\"@graph\":[{\"@type\":\"Article\",\"@id\":\"https:\\\/\\\/maranhaotv.com.br\\\/index.php\\\/2024\\\/03\\\/21\\\/irma-e-sobrinho-de-superintendente-de-articulacao-politica-do-governo-do-estado-atacam-carlos-brandao\\\/#article\",\"isPartOf\":{\"@id\":\"https:\\\/\\\/maranhaotv.com.br\\\/index.php\\\/2024\\\/03\\\/21\\\/irma-e-sobrinho-de-superintendente-de-articulacao-politica-do-governo-do-estado-atacam-carlos-brandao\\\/\"},\"author\":{\"name\":\"maranhaotv\",\"@id\":\"https:\\\/\\\/maranhaotv.com.br\\\/#\\\/schema\\\/person\\\/3d54238e86b20bb5c89ab2fdb8f8829a\"},\"headline\":\"Irm\u00e3 e sobrinho de Superintendente de Articula\u00e7\u00e3o Pol\u00edtica do Governo do Estado atacam Carlos Brand\u00e3o\",\"datePublished\":\"2024-03-21T18:01:31+00:00\",\"mainEntityOfPage\":{\"@id\":\"https:\\\/\\\/maranhaotv.com.br\\\/index.php\\\/2024\\\/03\\\/21\\\/irma-e-sobrinho-de-superintendente-de-articulacao-politica-do-governo-do-estado-atacam-carlos-brandao\\\/\"},\"wordCount\":303,\"commentCount\":0,\"publisher\":{\"@id\":\"https:\\\/\\\/maranhaotv.com.br\\\/#organization\"},\"image\":{\"@id\":\"https:\\\/\\\/maranhaotv.com.br\\\/index.php\\\/2024\\\/03\\\/21\\\/irma-e-sobrinho-de-superintendente-de-articulacao-politica-do-governo-do-estado-atacam-carlos-brandao\\\/#primaryimage\"},\"thumbnailUrl\":\"\",\"articleSection\":[\"not\u00edcias\"],\"inLanguage\":\"pt-BR\",\"potentialAction\":[{\"@type\":\"CommentAction\",\"name\":\"Comment\",\"target\":[\"https:\\\/\\\/maranhaotv.com.br\\\/index.php\\\/2024\\\/03\\\/21\\\/irma-e-sobrinho-de-superintendente-de-articulacao-politica-do-governo-do-estado-atacam-carlos-brandao\\\/#respond\"]}]},{\"@type\":\"WebPage\",\"@id\":\"https:\\\/\\\/maranhaotv.com.br\\\/index.php\\\/2024\\\/03\\\/21\\\/irma-e-sobrinho-de-superintendente-de-articulacao-politica-do-governo-do-estado-atacam-carlos-brandao\\\/\",\"url\":\"https:\\\/\\\/maranhaotv.com.br\\\/index.php\\\/2024\\\/03\\\/21\\\/irma-e-sobrinho-de-superintendente-de-articulacao-politica-do-governo-do-estado-atacam-carlos-brandao\\\/\",\"name\":\"Irm\u00e3 e sobrinho de Superintendente de Articula\u00e7\u00e3o Pol\u00edtica do Governo do Estado atacam Carlos Brand\u00e3o - NOT\u00cdCIAS EM TEMPO REAL\",\"isPartOf\":{\"@id\":\"https:\\\/\\\/maranhaotv.com.br\\\/#website\"},\"primaryImageOfPage\":{\"@id\":\"https:\\\/\\\/maranhaotv.com.br\\\/index.php\\\/2024\\\/03\\\/21\\\/irma-e-sobrinho-de-superintendente-de-articulacao-politica-do-governo-do-estado-atacam-carlos-brandao\\\/#primaryimage\"},\"image\":{\"@id\":\"https:\\\/\\\/maranhaotv.com.br\\\/index.php\\\/2024\\\/03\\\/21\\\/irma-e-sobrinho-de-superintendente-de-articulacao-politica-do-governo-do-estado-atacam-carlos-brandao\\\/#primaryimage\"},\"thumbnailUrl\":\"\",\"datePublished\":\"2024-03-21T18:01:31+00:00\",\"breadcrumb\":{\"@id\":\"https:\\\/\\\/maranhaotv.com.br\\\/index.php\\\/2024\\\/03\\\/21\\\/irma-e-sobrinho-de-superintendente-de-articulacao-politica-do-governo-do-estado-atacam-carlos-brandao\\\/#breadcrumb\"},\"inLanguage\":\"pt-BR\",\"potentialAction\":[{\"@type\":\"ReadAction\",\"target\":[\"https:\\\/\\\/maranhaotv.com.br\\\/index.php\\\/2024\\\/03\\\/21\\\/irma-e-sobrinho-de-superintendente-de-articulacao-politica-do-governo-do-estado-atacam-carlos-brandao\\\/\"]}]},{\"@type\":\"ImageObject\",\"inLanguage\":\"pt-BR\",\"@id\":\"https:\\\/\\\/maranhaotv.com.br\\\/index.php\\\/2024\\\/03\\\/21\\\/irma-e-sobrinho-de-superintendente-de-articulacao-politica-do-governo-do-estado-atacam-carlos-brandao\\\/#primaryimage\",\"url\":\"\",\"contentUrl\":\"\"},{\"@type\":\"BreadcrumbList\",\"@id\":\"https:\\\/\\\/maranhaotv.com.br\\\/index.php\\\/2024\\\/03\\\/21\\\/irma-e-sobrinho-de-superintendente-de-articulacao-politica-do-governo-do-estado-atacam-carlos-brandao\\\/#breadcrumb\",\"itemListElement\":[{\"@type\":\"ListItem\",\"position\":1,\"name\":\"In\u00edcio\",\"item\":\"https:\\\/\\\/maranhaotv.com.br\\\/\"},{\"@type\":\"ListItem\",\"position\":2,\"name\":\"Irm\u00e3 e sobrinho de Superintendente de Articula\u00e7\u00e3o Pol\u00edtica do Governo do Estado atacam Carlos Brand\u00e3o\"}]},{\"@type\":\"WebSite\",\"@id\":\"https:\\\/\\\/maranhaotv.com.br\\\/#website\",\"url\":\"https:\\\/\\\/maranhaotv.com.br\\\/\",\"name\":\"Maranh\u00e3oTV\",\"description\":\"\",\"publisher\":{\"@id\":\"https:\\\/\\\/maranhaotv.com.br\\\/#organization\"},\"potentialAction\":[{\"@type\":\"SearchAction\",\"target\":{\"@type\":\"EntryPoint\",\"urlTemplate\":\"https:\\\/\\\/maranhaotv.com.br\\\/?s={search_term_string}\"},\"query-input\":{\"@type\":\"PropertyValueSpecification\",\"valueRequired\":true,\"valueName\":\"search_term_string\"}}],\"inLanguage\":\"pt-BR\"},{\"@type\":\"Organization\",\"@id\":\"https:\\\/\\\/maranhaotv.com.br\\\/#organization\",\"name\":\"Portal de Not\u00edcias\",\"url\":\"https:\\\/\\\/maranhaotv.com.br\\\/\",\"logo\":{\"@type\":\"ImageObject\",\"inLanguage\":\"pt-BR\",\"@id\":\"https:\\\/\\\/maranhaotv.com.br\\\/#\\\/schema\\\/logo\\\/image\\\/\",\"url\":\"https:\\\/\\\/maranhaotv.com.br\\\/wp-content\\\/uploads\\\/2024\\\/05\\\/cropped-cropped-avatar-1.png\",\"contentUrl\":\"https:\\\/\\\/maranhaotv.com.br\\\/wp-content\\\/uploads\\\/2024\\\/05\\\/cropped-cropped-avatar-1.png\",\"width\":792,\"height\":428,\"caption\":\"Portal de Not\u00edcias\"},\"image\":{\"@id\":\"https:\\\/\\\/maranhaotv.com.br\\\/#\\\/schema\\\/logo\\\/image\\\/\"},\"sameAs\":[\"https:\\\/\\\/www.facebook.com\\\/maiobaotv\",\"https:\\\/\\\/x.com\\\/sitemaranhaotv\",\"https:\\\/\\\/www.instagram.com\\\/maranhao.tv\",\"https:\\\/\\\/www.threads.net\\\/@maranhao.tv\"]},{\"@type\":\"Person\",\"@id\":\"https:\\\/\\\/maranhaotv.com.br\\\/#\\\/schema\\\/person\\\/3d54238e86b20bb5c89ab2fdb8f8829a\",\"name\":\"maranhaotv\",\"image\":{\"@type\":\"ImageObject\",\"inLanguage\":\"pt-BR\",\"@id\":\"https:\\\/\\\/secure.gravatar.com\\\/avatar\\\/8fadbca458d4cb68b1dd399ae9a40618d747bb1af65ac9fad21c89220a143eb4?s=96&d=mm&r=g\",\"url\":\"https:\\\/\\\/secure.gravatar.com\\\/avatar\\\/8fadbca458d4cb68b1dd399ae9a40618d747bb1af65ac9fad21c89220a143eb4?s=96&d=mm&r=g\",\"contentUrl\":\"https:\\\/\\\/secure.gravatar.com\\\/avatar\\\/8fadbca458d4cb68b1dd399ae9a40618d747bb1af65ac9fad21c89220a143eb4?s=96&d=mm&r=g\",\"caption\":\"maranhaotv\"},\"sameAs\":[\"https:\\\/\\\/maranhaotv.com.br\\\/\"],\"url\":\"https:\\\/\\\/maranhaotv.com.br\\\/index.php\\\/author\\\/maranhaotv\\\/\"}]}<\/script>\n<!-- \/ Yoast SEO plugin. -->","yoast_head_json":{"title":"Irm\u00e3 e sobrinho de Superintendente de Articula\u00e7\u00e3o Pol\u00edtica do Governo do Estado atacam Carlos Brand\u00e3o - NOT\u00cdCIAS EM TEMPO REAL","robots":{"index":"index","follow":"follow","max-snippet":"max-snippet:-1","max-image-preview":"max-image-preview:large","max-video-preview":"max-video-preview:-1"},"canonical":"https:\/\/maranhaotv.com.br\/index.php\/2024\/03\/21\/irma-e-sobrinho-de-superintendente-de-articulacao-politica-do-governo-do-estado-atacam-carlos-brandao\/","og_locale":"pt_BR","og_type":"article","og_title":"Irm\u00e3 e sobrinho de Superintendente de Articula\u00e7\u00e3o Pol\u00edtica do Governo do Estado atacam Carlos Brand\u00e3o - NOT\u00cdCIAS EM TEMPO REAL","og_description":"O governador Carlos Brand\u00e3o (PSB) precisa conferir cuidadosamente quem s\u00e3o os seus verdadeiros aliados, sobretudo, aqueles que est\u00e3o ocupando cargos","og_url":"https:\/\/maranhaotv.com.br\/index.php\/2024\/03\/21\/irma-e-sobrinho-de-superintendente-de-articulacao-politica-do-governo-do-estado-atacam-carlos-brandao\/","og_site_name":"NOT\u00cdCIAS EM TEMPO REAL","article_publisher":"https:\/\/www.facebook.com\/maiobaotv","article_published_time":"2024-03-21T18:01:31+00:00","author":"maranhaotv","twitter_card":"summary_large_image","twitter_creator":"@sitemaranhaotv","twitter_site":"@sitemaranhaotv","twitter_misc":{"Escrito por":"maranhaotv","Est. tempo de leitura":"1 minuto"},"schema":{"@context":"https:\/\/schema.org","@graph":[{"@type":"Article","@id":"https:\/\/maranhaotv.com.br\/index.php\/2024\/03\/21\/irma-e-sobrinho-de-superintendente-de-articulacao-politica-do-governo-do-estado-atacam-carlos-brandao\/#article","isPartOf":{"@id":"https:\/\/maranhaotv.com.br\/index.php\/2024\/03\/21\/irma-e-sobrinho-de-superintendente-de-articulacao-politica-do-governo-do-estado-atacam-carlos-brandao\/"},"author":{"name":"maranhaotv","@id":"https:\/\/maranhaotv.com.br\/#\/schema\/person\/3d54238e86b20bb5c89ab2fdb8f8829a"},"headline":"Irm\u00e3 e sobrinho de Superintendente de Articula\u00e7\u00e3o Pol\u00edtica do Governo do Estado atacam Carlos Brand\u00e3o","datePublished":"2024-03-21T18:01:31+00:00","mainEntityOfPage":{"@id":"https:\/\/maranhaotv.com.br\/index.php\/2024\/03\/21\/irma-e-sobrinho-de-superintendente-de-articulacao-politica-do-governo-do-estado-atacam-carlos-brandao\/"},"wordCount":303,"commentCount":0,"publisher":{"@id":"https:\/\/maranhaotv.com.br\/#organization"},"image":{"@id":"https:\/\/maranhaotv.com.br\/index.php\/2024\/03\/21\/irma-e-sobrinho-de-superintendente-de-articulacao-politica-do-governo-do-estado-atacam-carlos-brandao\/#primaryimage"},"thumbnailUrl":"","articleSection":["not\u00edcias"],"inLanguage":"pt-BR","potentialAction":[{"@type":"CommentAction","name":"Comment","target":["https:\/\/maranhaotv.com.br\/index.php\/2024\/03\/21\/irma-e-sobrinho-de-superintendente-de-articulacao-politica-do-governo-do-estado-atacam-carlos-brandao\/#respond"]}]},{"@type":"WebPage","@id":"https:\/\/maranhaotv.com.br\/index.php\/2024\/03\/21\/irma-e-sobrinho-de-superintendente-de-articulacao-politica-do-governo-do-estado-atacam-carlos-brandao\/","url":"https:\/\/maranhaotv.com.br\/index.php\/2024\/03\/21\/irma-e-sobrinho-de-superintendente-de-articulacao-politica-do-governo-do-estado-atacam-carlos-brandao\/","name":"Irm\u00e3 e sobrinho de Superintendente de Articula\u00e7\u00e3o Pol\u00edtica do Governo do Estado atacam Carlos Brand\u00e3o - NOT\u00cdCIAS EM TEMPO REAL","isPartOf":{"@id":"https:\/\/maranhaotv.com.br\/#website"},"primaryImageOfPage":{"@id":"https:\/\/maranhaotv.com.br\/index.php\/2024\/03\/21\/irma-e-sobrinho-de-superintendente-de-articulacao-politica-do-governo-do-estado-atacam-carlos-brandao\/#primaryimage"},"image":{"@id":"https:\/\/maranhaotv.com.br\/index.php\/2024\/03\/21\/irma-e-sobrinho-de-superintendente-de-articulacao-politica-do-governo-do-estado-atacam-carlos-brandao\/#primaryimage"},"thumbnailUrl":"","datePublished":"2024-03-21T18:01:31+00:00","breadcrumb":{"@id":"https:\/\/maranhaotv.com.br\/index.php\/2024\/03\/21\/irma-e-sobrinho-de-superintendente-de-articulacao-politica-do-governo-do-estado-atacam-carlos-brandao\/#breadcrumb"},"inLanguage":"pt-BR","potentialAction":[{"@type":"ReadAction","target":["https:\/\/maranhaotv.com.br\/index.php\/2024\/03\/21\/irma-e-sobrinho-de-superintendente-de-articulacao-politica-do-governo-do-estado-atacam-carlos-brandao\/"]}]},{"@type":"ImageObject","inLanguage":"pt-BR","@id":"https:\/\/maranhaotv.com.br\/index.php\/2024\/03\/21\/irma-e-sobrinho-de-superintendente-de-articulacao-politica-do-governo-do-estado-atacam-carlos-brandao\/#primaryimage","url":"","contentUrl":""},{"@type":"BreadcrumbList","@id":"https:\/\/maranhaotv.com.br\/index.php\/2024\/03\/21\/irma-e-sobrinho-de-superintendente-de-articulacao-politica-do-governo-do-estado-atacam-carlos-brandao\/#breadcrumb","itemListElement":[{"@type":"ListItem","position":1,"name":"In\u00edcio","item":"https:\/\/maranhaotv.com.br\/"},{"@type":"ListItem","position":2,"name":"Irm\u00e3 e sobrinho de Superintendente de Articula\u00e7\u00e3o Pol\u00edtica do Governo do Estado atacam Carlos Brand\u00e3o"}]},{"@type":"WebSite","@id":"https:\/\/maranhaotv.com.br\/#website","url":"https:\/\/maranhaotv.com.br\/","name":"Maranh\u00e3oTV","description":"","publisher":{"@id":"https:\/\/maranhaotv.com.br\/#organization"},"potentialAction":[{"@type":"SearchAction","target":{"@type":"EntryPoint","urlTemplate":"https:\/\/maranhaotv.com.br\/?s={search_term_string}"},"query-input":{"@type":"PropertyValueSpecification","valueRequired":true,"valueName":"search_term_string"}}],"inLanguage":"pt-BR"},{"@type":"Organization","@id":"https:\/\/maranhaotv.com.br\/#organization","name":"Portal de Not\u00edcias","url":"https:\/\/maranhaotv.com.br\/","logo":{"@type":"ImageObject","inLanguage":"pt-BR","@id":"https:\/\/maranhaotv.com.br\/#\/schema\/logo\/image\/","url":"https:\/\/maranhaotv.com.br\/wp-content\/uploads\/2024\/05\/cropped-cropped-avatar-1.png","contentUrl":"https:\/\/maranhaotv.com.br\/wp-content\/uploads\/2024\/05\/cropped-cropped-avatar-1.png","width":792,"height":428,"caption":"Portal de Not\u00edcias"},"image":{"@id":"https:\/\/maranhaotv.com.br\/#\/schema\/logo\/image\/"},"sameAs":["https:\/\/www.facebook.com\/maiobaotv","https:\/\/x.com\/sitemaranhaotv","https:\/\/www.instagram.com\/maranhao.tv","https:\/\/www.threads.net\/@maranhao.tv"]},{"@type":"Person","@id":"https:\/\/maranhaotv.com.br\/#\/schema\/person\/3d54238e86b20bb5c89ab2fdb8f8829a","name":"maranhaotv","image":{"@type":"ImageObject","inLanguage":"pt-BR","@id":"https:\/\/secure.gravatar.com\/avatar\/8fadbca458d4cb68b1dd399ae9a40618d747bb1af65ac9fad21c89220a143eb4?s=96&d=mm&r=g","url":"https:\/\/secure.gravatar.com\/avatar\/8fadbca458d4cb68b1dd399ae9a40618d747bb1af65ac9fad21c89220a143eb4?s=96&d=mm&r=g","contentUrl":"https:\/\/secure.gravatar.com\/avatar\/8fadbca458d4cb68b1dd399ae9a40618d747bb1af65ac9fad21c89220a143eb4?s=96&d=mm&r=g","caption":"maranhaotv"},"sameAs":["https:\/\/maranhaotv.com.br\/"],"url":"https:\/\/maranhaotv.com.br\/index.php\/author\/maranhaotv\/"}]}},"jetpack_featured_media_url":"","jetpack_sharing_enabled":true,"_links":{"self":[{"href":"https:\/\/maranhaotv.com.br\/index.php\/wp-json\/wp\/v2\/posts\/35224","targetHints":{"allow":["GET"]}}],"collection":[{"href":"https:\/\/maranhaotv.com.br\/index.php\/wp-json\/wp\/v2\/posts"}],"about":[{"href":"https:\/\/maranhaotv.com.br\/index.php\/wp-json\/wp\/v2\/types\/post"}],"author":[{"embeddable":true,"href":"https:\/\/maranhaotv.com.br\/index.php\/wp-json\/wp\/v2\/users\/2"}],"replies":[{"embeddable":true,"href":"https:\/\/maranhaotv.com.br\/index.php\/wp-json\/wp\/v2\/comments?post=35224"}],"version-history":[{"count":0,"href":"https:\/\/maranhaotv.com.br\/index.php\/wp-json\/wp\/v2\/posts\/35224\/revisions"}],"wp:featuredmedia":[{"embeddable":true,"href":"https:\/\/maranhaotv.com.br\/index.php\/wp-json\/"}],"wp:attachment":[{"href":"https:\/\/maranhaotv.com.br\/index.php\/wp-json\/wp\/v2\/media?parent=35224"}],"wp:term":[{"taxonomy":"category","embeddable":true,"href":"https:\/\/maranhaotv.com.br\/index.php\/wp-json\/wp\/v2\/categories?post=35224"},{"taxonomy":"post_tag","embeddable":true,"href":"https:\/\/maranhaotv.com.br\/index.php\/wp-json\/wp\/v2\/tags?post=35224"}],"curies":[{"name":"wp","href":"https:\/\/api.w.org\/{rel}","templated":true}]}}