{"id":35229,"date":"2024-03-21T15:13:58","date_gmt":"2024-03-21T18:13:58","guid":{"rendered":"https:\/\/maranhaotv.com.br\/?p=35229"},"modified":"2024-03-21T15:13:58","modified_gmt":"2024-03-21T18:13:58","slug":"penha-promove-sessao-solene-em-homenagem-a-advocacia-publica","status":"publish","type":"post","link":"https:\/\/maranhaotv.com.br\/index.php\/2024\/03\/21\/penha-promove-sessao-solene-em-homenagem-a-advocacia-publica\/","title":{"rendered":"Penha promove sess\u00e3o solene em homenagem \u00e0 advocacia p\u00fablica<br>"},"content":{"rendered":"\n<p><br>O Dia Nacional da Advocacia P\u00fablica, comemorado anualmente em 7 de mar\u00e7o, foi celebrado em sess\u00e3o solene nesta quinta-feira (21), na C\u00e2mara Municipal de S\u00e3o Lu\u00eds. A homenagem foi requerida pelo vereador Raimundo Penha (PDT).<br><br>\u201cA sess\u00e3o de hoje \u00e9 extremamente simb\u00f3lica. Em meus 7 anos como advogado, este \u00e9 um dos raros momentos em que vejo um grande n\u00famero de colegas reunidos para celebrar esta data significativa. \u00c9 um encontro n\u00e3o apenas com colegas, mas tamb\u00e9m com minha pr\u00f3pria jornada&#8221;, disse Raimundo Penha.<br><br>Al\u00e9m do vereador, estiveram presentes o Procurador-Geral do Estado, Valdenio Caminha; a Procuradora-Chefe da Procuradoria da Uni\u00e3o no Maranh\u00e3o, Kacilda Rodrigues; a Procuradora-Chefe da Procuradoria Federal da Advocacia Geral da Uni\u00e3o, Marla Nogueira; a Procuradora-Geral Adjunta do Munic\u00edpio de S\u00e3o Lu\u00eds, Viviane Gomes; o Presidente da OAB-MA, Kaio Saraiva; o Procurador do Munic\u00edpio de S\u00e3o Lu\u00eds, Rafael Cavalcante; a Procuradora-Geral da C\u00e2mara de S\u00e3o Lu\u00eds, J\u00e9ssica Thereza e a Procuradora do Estado do Maranh\u00e3o e vice-presidente da Associa\u00e7\u00e3o dos Procuradores do Estado do Maranh\u00e3o, Fernanda Mendon\u00e7a.<br><br>Penha tamb\u00e9m destacou a presen\u00e7a majorit\u00e1ria de mulheres na composi\u00e7\u00e3o da mesa de trabalho. E acrescentou que a data foi institu\u00edda para honrar os profissionais que dedicam suas carreiras \u00e0 defesa do Estado e das pol\u00edticas p\u00fablicas que visam beneficiar os cidad\u00e3os. Seja representando os entes federativos (Uni\u00e3o, estados e munic\u00edpios) nos tribunais, seja prestando assessoria jur\u00eddica aos gestores p\u00fablicos.<br><br>O Procurador-Geral do Estado, Valdenio Caminha, ressaltou a relev\u00e2ncia da homenagem prestada \u00e0 advocacia p\u00fablica neste dia, destacando a import\u00e2ncia das atividades realizadas por muitos profissionais, cujo reconhecimento talvez n\u00e3o seja plenamente concedido. Ele enfatizou ainda o papel crucial dos advogados na defesa do Estado.<br><br>&#8220;Nas minhas lembran\u00e7as, Penha sempre foi um aluno dedicado, respeitoso e estudioso. E sem d\u00favida, isso se reflete em seu mandato&#8221;, disse o procurador destacando a admira\u00e7\u00e3o pelo vereador e recebendo a Mo\u00e7\u00e3o de Aplausos pela nomea\u00e7\u00e3o ao cargo de Procurador-Geral.<br><br>&#8220;Agrade\u00e7o sinceramente a justa homenagem \u00e0 advocacia, em particular \u00e0 advocacia p\u00fablica. Estamos todos aqui admirados e felizes. Parab\u00e9ns pelo reconhecimento merecido que estamos recebendo hoje. Expresso minha gratid\u00e3o ao vereador Raimundo Penha por proporcionar este momento significativo&#8221;, declarou o presidente da Ordem dos Advogados do Brasil no Maranh\u00e3o (OAB-MA), Kaio Saraiva.<br><br>A data foi institu\u00eddo pela Lei 12.636, de 14 de maio de 2012, sancionada pela presidente Dilma Rousseff, escolhida em homenagem ao dia 7 de mar\u00e7o de 1609, quando foi criado o cargo de Procurador dos Feitos da Coroa, da Fazenda e do Fisco, na \u00e9poca do Brasil-Col\u00f4nia. A fun\u00e7\u00e3o foi o passo inicial para a cria\u00e7\u00e3o dos atuais cargos das carreiras da Advocacia-Geral da Uni\u00e3o (advogados da Uni\u00e3o, procuradores federais, procuradores da Fazenda e procuradores do Banco Central) e das Procuradorias Gerais dos Estados, do Distrito Federal e dos Munic\u00edpios.<br><br>Os profissionais da Advocacia P\u00fablica atuam na estrutura da Uni\u00e3o, dos Estados, do Distrito Federal e dos Munic\u00edpios e suas principais fun\u00e7\u00f5es incluem a postula\u00e7\u00e3o judicial e a consultoria, assessoria e dire\u00e7\u00e3o jur\u00eddicas dos entes p\u00fablicos.<\/p>\n\n\n\n<figure class=\"wp-block-image size-large\"><img decoding=\"async\" src=\"https:\/\/maranhaotv.com.br\/wp-content\/uploads\/2024\/03\/img-20240321-wa04046674711774613605276-1024x682.jpg\" alt=\"\" class=\"wp-image-35227\"\/><\/figure>\n\n\n\n<figure class=\"wp-block-image\"><img decoding=\"async\" src=\"https:\/\/maranhaotv.com.br\/wp-content\/uploads\/2024\/03\/img-20240321-wa04029017323739709102433-1024x682.jpg\" alt=\"\" class=\"wp-image-35226\"\/><\/figure>\n","protected":false},"excerpt":{"rendered":"<p>O Dia Nacional da Advocacia P\u00fablica, comemorado anualmente em 7 de mar\u00e7o, foi celebrado em sess\u00e3o solene nesta quinta-feira (21),<\/p>\n","protected":false},"author":2,"featured_media":35228,"comment_status":"open","ping_status":"open","sticky":false,"template":"","format":"standard","meta":{"colormag_page_container_layout":"default_layout","colormag_page_sidebar_layout":"default_layout","_jetpack_memberships_contains_paid_content":false,"footnotes":""},"categories":[2],"tags":[],"class_list":["post-35229","post","type-post","status-publish","format-standard","has-post-thumbnail","hentry","category-noticias"],"magazineBlocksPostFeaturedMedia":{"thumbnail":false,"medium":false,"medium_large":false,"large":false,"1536x1536":false,"2048x2048":false,"colormag-highlighted-post":false,"colormag-featured-post-medium":false,"colormag-featured-post-small":false,"colormag-featured-image":false,"colormag-default-news":false,"colormag-featured-image-large":false},"magazineBlocksPostAuthor":{"name":"maranhaotv","avatar":"https:\/\/secure.gravatar.com\/avatar\/8fadbca458d4cb68b1dd399ae9a40618d747bb1af65ac9fad21c89220a143eb4?s=96&d=mm&r=g"},"magazineBlocksPostCommentsNumber":"0","magazineBlocksPostExcerpt":"O Dia Nacional da Advocacia P\u00fablica, comemorado anualmente em 7 de mar\u00e7o, foi celebrado em sess\u00e3o solene nesta quinta-feira (21),","magazineBlocksPostCategories":["not\u00edcias"],"magazineBlocksPostViewCount":175,"magazineBlocksPostReadTime":3,"magazine_blocks_featured_image_url":{"full":false,"medium":false,"thumbnail":false},"magazine_blocks_author":{"display_name":"maranhaotv","author_link":"https:\/\/maranhaotv.com.br\/index.php\/author\/maranhaotv\/"},"magazine_blocks_comment":0,"magazine_blocks_author_image":"https:\/\/secure.gravatar.com\/avatar\/8fadbca458d4cb68b1dd399ae9a40618d747bb1af65ac9fad21c89220a143eb4?s=96&d=mm&r=g","magazine_blocks_category":"<a href=\"#\" class=\"category-link category-link-2\">not\u00edcias<\/a>","yoast_head":"<!-- This site is optimized with the Yoast SEO plugin v27.4 - https:\/\/yoast.com\/product\/yoast-seo-wordpress\/ -->\n<title>Penha promove sess\u00e3o solene em homenagem \u00e0 advocacia p\u00fablica - NOT\u00cdCIAS EM TEMPO REAL<\/title>\n<meta name=\"robots\" content=\"index, follow, max-snippet:-1, max-image-preview:large, max-video-preview:-1\" \/>\n<link rel=\"canonical\" href=\"https:\/\/maranhaotv.com.br\/index.php\/2024\/03\/21\/penha-promove-sessao-solene-em-homenagem-a-advocacia-publica\/\" \/>\n<meta property=\"og:locale\" content=\"pt_BR\" \/>\n<meta property=\"og:type\" content=\"article\" \/>\n<meta property=\"og:title\" content=\"Penha promove sess\u00e3o solene em homenagem \u00e0 advocacia p\u00fablica - NOT\u00cdCIAS EM TEMPO REAL\" \/>\n<meta property=\"og:description\" content=\"O Dia Nacional da Advocacia P\u00fablica, comemorado anualmente em 7 de mar\u00e7o, foi celebrado em sess\u00e3o solene nesta quinta-feira (21),\" \/>\n<meta property=\"og:url\" content=\"https:\/\/maranhaotv.com.br\/index.php\/2024\/03\/21\/penha-promove-sessao-solene-em-homenagem-a-advocacia-publica\/\" \/>\n<meta property=\"og:site_name\" content=\"NOT\u00cdCIAS EM TEMPO REAL\" \/>\n<meta property=\"article:publisher\" content=\"https:\/\/www.facebook.com\/maiobaotv\" \/>\n<meta property=\"article:published_time\" content=\"2024-03-21T18:13:58+00:00\" \/>\n<meta name=\"author\" content=\"maranhaotv\" \/>\n<meta name=\"twitter:card\" content=\"summary_large_image\" \/>\n<meta name=\"twitter:creator\" content=\"@sitemaranhaotv\" \/>\n<meta name=\"twitter:site\" content=\"@sitemaranhaotv\" \/>\n<meta name=\"twitter:label1\" content=\"Escrito por\" \/>\n\t<meta name=\"twitter:data1\" content=\"maranhaotv\" \/>\n\t<meta name=\"twitter:label2\" content=\"Est. tempo de leitura\" \/>\n\t<meta name=\"twitter:data2\" content=\"3 minutos\" \/>\n<script type=\"application\/ld+json\" class=\"yoast-schema-graph\">{\"@context\":\"https:\\\/\\\/schema.org\",\"@graph\":[{\"@type\":\"Article\",\"@id\":\"https:\\\/\\\/maranhaotv.com.br\\\/index.php\\\/2024\\\/03\\\/21\\\/penha-promove-sessao-solene-em-homenagem-a-advocacia-publica\\\/#article\",\"isPartOf\":{\"@id\":\"https:\\\/\\\/maranhaotv.com.br\\\/index.php\\\/2024\\\/03\\\/21\\\/penha-promove-sessao-solene-em-homenagem-a-advocacia-publica\\\/\"},\"author\":{\"name\":\"maranhaotv\",\"@id\":\"https:\\\/\\\/maranhaotv.com.br\\\/#\\\/schema\\\/person\\\/3d54238e86b20bb5c89ab2fdb8f8829a\"},\"headline\":\"Penha promove sess\u00e3o solene em homenagem \u00e0 advocacia p\u00fablica\",\"datePublished\":\"2024-03-21T18:13:58+00:00\",\"mainEntityOfPage\":{\"@id\":\"https:\\\/\\\/maranhaotv.com.br\\\/index.php\\\/2024\\\/03\\\/21\\\/penha-promove-sessao-solene-em-homenagem-a-advocacia-publica\\\/\"},\"wordCount\":562,\"commentCount\":0,\"publisher\":{\"@id\":\"https:\\\/\\\/maranhaotv.com.br\\\/#organization\"},\"image\":{\"@id\":\"https:\\\/\\\/maranhaotv.com.br\\\/index.php\\\/2024\\\/03\\\/21\\\/penha-promove-sessao-solene-em-homenagem-a-advocacia-publica\\\/#primaryimage\"},\"thumbnailUrl\":\"\",\"articleSection\":[\"not\u00edcias\"],\"inLanguage\":\"pt-BR\",\"potentialAction\":[{\"@type\":\"CommentAction\",\"name\":\"Comment\",\"target\":[\"https:\\\/\\\/maranhaotv.com.br\\\/index.php\\\/2024\\\/03\\\/21\\\/penha-promove-sessao-solene-em-homenagem-a-advocacia-publica\\\/#respond\"]}]},{\"@type\":\"WebPage\",\"@id\":\"https:\\\/\\\/maranhaotv.com.br\\\/index.php\\\/2024\\\/03\\\/21\\\/penha-promove-sessao-solene-em-homenagem-a-advocacia-publica\\\/\",\"url\":\"https:\\\/\\\/maranhaotv.com.br\\\/index.php\\\/2024\\\/03\\\/21\\\/penha-promove-sessao-solene-em-homenagem-a-advocacia-publica\\\/\",\"name\":\"Penha promove sess\u00e3o solene em homenagem \u00e0 advocacia p\u00fablica - NOT\u00cdCIAS EM TEMPO REAL\",\"isPartOf\":{\"@id\":\"https:\\\/\\\/maranhaotv.com.br\\\/#website\"},\"primaryImageOfPage\":{\"@id\":\"https:\\\/\\\/maranhaotv.com.br\\\/index.php\\\/2024\\\/03\\\/21\\\/penha-promove-sessao-solene-em-homenagem-a-advocacia-publica\\\/#primaryimage\"},\"image\":{\"@id\":\"https:\\\/\\\/maranhaotv.com.br\\\/index.php\\\/2024\\\/03\\\/21\\\/penha-promove-sessao-solene-em-homenagem-a-advocacia-publica\\\/#primaryimage\"},\"thumbnailUrl\":\"\",\"datePublished\":\"2024-03-21T18:13:58+00:00\",\"breadcrumb\":{\"@id\":\"https:\\\/\\\/maranhaotv.com.br\\\/index.php\\\/2024\\\/03\\\/21\\\/penha-promove-sessao-solene-em-homenagem-a-advocacia-publica\\\/#breadcrumb\"},\"inLanguage\":\"pt-BR\",\"potentialAction\":[{\"@type\":\"ReadAction\",\"target\":[\"https:\\\/\\\/maranhaotv.com.br\\\/index.php\\\/2024\\\/03\\\/21\\\/penha-promove-sessao-solene-em-homenagem-a-advocacia-publica\\\/\"]}]},{\"@type\":\"ImageObject\",\"inLanguage\":\"pt-BR\",\"@id\":\"https:\\\/\\\/maranhaotv.com.br\\\/index.php\\\/2024\\\/03\\\/21\\\/penha-promove-sessao-solene-em-homenagem-a-advocacia-publica\\\/#primaryimage\",\"url\":\"\",\"contentUrl\":\"\"},{\"@type\":\"BreadcrumbList\",\"@id\":\"https:\\\/\\\/maranhaotv.com.br\\\/index.php\\\/2024\\\/03\\\/21\\\/penha-promove-sessao-solene-em-homenagem-a-advocacia-publica\\\/#breadcrumb\",\"itemListElement\":[{\"@type\":\"ListItem\",\"position\":1,\"name\":\"In\u00edcio\",\"item\":\"https:\\\/\\\/maranhaotv.com.br\\\/\"},{\"@type\":\"ListItem\",\"position\":2,\"name\":\"Penha promove sess\u00e3o solene em homenagem \u00e0 advocacia p\u00fablica\"}]},{\"@type\":\"WebSite\",\"@id\":\"https:\\\/\\\/maranhaotv.com.br\\\/#website\",\"url\":\"https:\\\/\\\/maranhaotv.com.br\\\/\",\"name\":\"Maranh\u00e3oTV\",\"description\":\"\",\"publisher\":{\"@id\":\"https:\\\/\\\/maranhaotv.com.br\\\/#organization\"},\"potentialAction\":[{\"@type\":\"SearchAction\",\"target\":{\"@type\":\"EntryPoint\",\"urlTemplate\":\"https:\\\/\\\/maranhaotv.com.br\\\/?s={search_term_string}\"},\"query-input\":{\"@type\":\"PropertyValueSpecification\",\"valueRequired\":true,\"valueName\":\"search_term_string\"}}],\"inLanguage\":\"pt-BR\"},{\"@type\":\"Organization\",\"@id\":\"https:\\\/\\\/maranhaotv.com.br\\\/#organization\",\"name\":\"Portal de Not\u00edcias\",\"url\":\"https:\\\/\\\/maranhaotv.com.br\\\/\",\"logo\":{\"@type\":\"ImageObject\",\"inLanguage\":\"pt-BR\",\"@id\":\"https:\\\/\\\/maranhaotv.com.br\\\/#\\\/schema\\\/logo\\\/image\\\/\",\"url\":\"https:\\\/\\\/maranhaotv.com.br\\\/wp-content\\\/uploads\\\/2024\\\/05\\\/cropped-cropped-avatar-1.png\",\"contentUrl\":\"https:\\\/\\\/maranhaotv.com.br\\\/wp-content\\\/uploads\\\/2024\\\/05\\\/cropped-cropped-avatar-1.png\",\"width\":792,\"height\":428,\"caption\":\"Portal de Not\u00edcias\"},\"image\":{\"@id\":\"https:\\\/\\\/maranhaotv.com.br\\\/#\\\/schema\\\/logo\\\/image\\\/\"},\"sameAs\":[\"https:\\\/\\\/www.facebook.com\\\/maiobaotv\",\"https:\\\/\\\/x.com\\\/sitemaranhaotv\",\"https:\\\/\\\/www.instagram.com\\\/maranhao.tv\",\"https:\\\/\\\/www.threads.net\\\/@maranhao.tv\"]},{\"@type\":\"Person\",\"@id\":\"https:\\\/\\\/maranhaotv.com.br\\\/#\\\/schema\\\/person\\\/3d54238e86b20bb5c89ab2fdb8f8829a\",\"name\":\"maranhaotv\",\"image\":{\"@type\":\"ImageObject\",\"inLanguage\":\"pt-BR\",\"@id\":\"https:\\\/\\\/secure.gravatar.com\\\/avatar\\\/8fadbca458d4cb68b1dd399ae9a40618d747bb1af65ac9fad21c89220a143eb4?s=96&d=mm&r=g\",\"url\":\"https:\\\/\\\/secure.gravatar.com\\\/avatar\\\/8fadbca458d4cb68b1dd399ae9a40618d747bb1af65ac9fad21c89220a143eb4?s=96&d=mm&r=g\",\"contentUrl\":\"https:\\\/\\\/secure.gravatar.com\\\/avatar\\\/8fadbca458d4cb68b1dd399ae9a40618d747bb1af65ac9fad21c89220a143eb4?s=96&d=mm&r=g\",\"caption\":\"maranhaotv\"},\"sameAs\":[\"https:\\\/\\\/maranhaotv.com.br\\\/\"],\"url\":\"https:\\\/\\\/maranhaotv.com.br\\\/index.php\\\/author\\\/maranhaotv\\\/\"}]}<\/script>\n<!-- \/ Yoast SEO plugin. -->","yoast_head_json":{"title":"Penha promove sess\u00e3o solene em homenagem \u00e0 advocacia p\u00fablica - NOT\u00cdCIAS EM TEMPO REAL","robots":{"index":"index","follow":"follow","max-snippet":"max-snippet:-1","max-image-preview":"max-image-preview:large","max-video-preview":"max-video-preview:-1"},"canonical":"https:\/\/maranhaotv.com.br\/index.php\/2024\/03\/21\/penha-promove-sessao-solene-em-homenagem-a-advocacia-publica\/","og_locale":"pt_BR","og_type":"article","og_title":"Penha promove sess\u00e3o solene em homenagem \u00e0 advocacia p\u00fablica - NOT\u00cdCIAS EM TEMPO REAL","og_description":"O Dia Nacional da Advocacia P\u00fablica, comemorado anualmente em 7 de mar\u00e7o, foi celebrado em sess\u00e3o solene nesta quinta-feira (21),","og_url":"https:\/\/maranhaotv.com.br\/index.php\/2024\/03\/21\/penha-promove-sessao-solene-em-homenagem-a-advocacia-publica\/","og_site_name":"NOT\u00cdCIAS EM TEMPO REAL","article_publisher":"https:\/\/www.facebook.com\/maiobaotv","article_published_time":"2024-03-21T18:13:58+00:00","author":"maranhaotv","twitter_card":"summary_large_image","twitter_creator":"@sitemaranhaotv","twitter_site":"@sitemaranhaotv","twitter_misc":{"Escrito por":"maranhaotv","Est. tempo de leitura":"3 minutos"},"schema":{"@context":"https:\/\/schema.org","@graph":[{"@type":"Article","@id":"https:\/\/maranhaotv.com.br\/index.php\/2024\/03\/21\/penha-promove-sessao-solene-em-homenagem-a-advocacia-publica\/#article","isPartOf":{"@id":"https:\/\/maranhaotv.com.br\/index.php\/2024\/03\/21\/penha-promove-sessao-solene-em-homenagem-a-advocacia-publica\/"},"author":{"name":"maranhaotv","@id":"https:\/\/maranhaotv.com.br\/#\/schema\/person\/3d54238e86b20bb5c89ab2fdb8f8829a"},"headline":"Penha promove sess\u00e3o solene em homenagem \u00e0 advocacia p\u00fablica","datePublished":"2024-03-21T18:13:58+00:00","mainEntityOfPage":{"@id":"https:\/\/maranhaotv.com.br\/index.php\/2024\/03\/21\/penha-promove-sessao-solene-em-homenagem-a-advocacia-publica\/"},"wordCount":562,"commentCount":0,"publisher":{"@id":"https:\/\/maranhaotv.com.br\/#organization"},"image":{"@id":"https:\/\/maranhaotv.com.br\/index.php\/2024\/03\/21\/penha-promove-sessao-solene-em-homenagem-a-advocacia-publica\/#primaryimage"},"thumbnailUrl":"","articleSection":["not\u00edcias"],"inLanguage":"pt-BR","potentialAction":[{"@type":"CommentAction","name":"Comment","target":["https:\/\/maranhaotv.com.br\/index.php\/2024\/03\/21\/penha-promove-sessao-solene-em-homenagem-a-advocacia-publica\/#respond"]}]},{"@type":"WebPage","@id":"https:\/\/maranhaotv.com.br\/index.php\/2024\/03\/21\/penha-promove-sessao-solene-em-homenagem-a-advocacia-publica\/","url":"https:\/\/maranhaotv.com.br\/index.php\/2024\/03\/21\/penha-promove-sessao-solene-em-homenagem-a-advocacia-publica\/","name":"Penha promove sess\u00e3o solene em homenagem \u00e0 advocacia p\u00fablica - NOT\u00cdCIAS EM TEMPO REAL","isPartOf":{"@id":"https:\/\/maranhaotv.com.br\/#website"},"primaryImageOfPage":{"@id":"https:\/\/maranhaotv.com.br\/index.php\/2024\/03\/21\/penha-promove-sessao-solene-em-homenagem-a-advocacia-publica\/#primaryimage"},"image":{"@id":"https:\/\/maranhaotv.com.br\/index.php\/2024\/03\/21\/penha-promove-sessao-solene-em-homenagem-a-advocacia-publica\/#primaryimage"},"thumbnailUrl":"","datePublished":"2024-03-21T18:13:58+00:00","breadcrumb":{"@id":"https:\/\/maranhaotv.com.br\/index.php\/2024\/03\/21\/penha-promove-sessao-solene-em-homenagem-a-advocacia-publica\/#breadcrumb"},"inLanguage":"pt-BR","potentialAction":[{"@type":"ReadAction","target":["https:\/\/maranhaotv.com.br\/index.php\/2024\/03\/21\/penha-promove-sessao-solene-em-homenagem-a-advocacia-publica\/"]}]},{"@type":"ImageObject","inLanguage":"pt-BR","@id":"https:\/\/maranhaotv.com.br\/index.php\/2024\/03\/21\/penha-promove-sessao-solene-em-homenagem-a-advocacia-publica\/#primaryimage","url":"","contentUrl":""},{"@type":"BreadcrumbList","@id":"https:\/\/maranhaotv.com.br\/index.php\/2024\/03\/21\/penha-promove-sessao-solene-em-homenagem-a-advocacia-publica\/#breadcrumb","itemListElement":[{"@type":"ListItem","position":1,"name":"In\u00edcio","item":"https:\/\/maranhaotv.com.br\/"},{"@type":"ListItem","position":2,"name":"Penha promove sess\u00e3o solene em homenagem \u00e0 advocacia p\u00fablica"}]},{"@type":"WebSite","@id":"https:\/\/maranhaotv.com.br\/#website","url":"https:\/\/maranhaotv.com.br\/","name":"Maranh\u00e3oTV","description":"","publisher":{"@id":"https:\/\/maranhaotv.com.br\/#organization"},"potentialAction":[{"@type":"SearchAction","target":{"@type":"EntryPoint","urlTemplate":"https:\/\/maranhaotv.com.br\/?s={search_term_string}"},"query-input":{"@type":"PropertyValueSpecification","valueRequired":true,"valueName":"search_term_string"}}],"inLanguage":"pt-BR"},{"@type":"Organization","@id":"https:\/\/maranhaotv.com.br\/#organization","name":"Portal de Not\u00edcias","url":"https:\/\/maranhaotv.com.br\/","logo":{"@type":"ImageObject","inLanguage":"pt-BR","@id":"https:\/\/maranhaotv.com.br\/#\/schema\/logo\/image\/","url":"https:\/\/maranhaotv.com.br\/wp-content\/uploads\/2024\/05\/cropped-cropped-avatar-1.png","contentUrl":"https:\/\/maranhaotv.com.br\/wp-content\/uploads\/2024\/05\/cropped-cropped-avatar-1.png","width":792,"height":428,"caption":"Portal de Not\u00edcias"},"image":{"@id":"https:\/\/maranhaotv.com.br\/#\/schema\/logo\/image\/"},"sameAs":["https:\/\/www.facebook.com\/maiobaotv","https:\/\/x.com\/sitemaranhaotv","https:\/\/www.instagram.com\/maranhao.tv","https:\/\/www.threads.net\/@maranhao.tv"]},{"@type":"Person","@id":"https:\/\/maranhaotv.com.br\/#\/schema\/person\/3d54238e86b20bb5c89ab2fdb8f8829a","name":"maranhaotv","image":{"@type":"ImageObject","inLanguage":"pt-BR","@id":"https:\/\/secure.gravatar.com\/avatar\/8fadbca458d4cb68b1dd399ae9a40618d747bb1af65ac9fad21c89220a143eb4?s=96&d=mm&r=g","url":"https:\/\/secure.gravatar.com\/avatar\/8fadbca458d4cb68b1dd399ae9a40618d747bb1af65ac9fad21c89220a143eb4?s=96&d=mm&r=g","contentUrl":"https:\/\/secure.gravatar.com\/avatar\/8fadbca458d4cb68b1dd399ae9a40618d747bb1af65ac9fad21c89220a143eb4?s=96&d=mm&r=g","caption":"maranhaotv"},"sameAs":["https:\/\/maranhaotv.com.br\/"],"url":"https:\/\/maranhaotv.com.br\/index.php\/author\/maranhaotv\/"}]}},"jetpack_featured_media_url":"","jetpack_sharing_enabled":true,"_links":{"self":[{"href":"https:\/\/maranhaotv.com.br\/index.php\/wp-json\/wp\/v2\/posts\/35229","targetHints":{"allow":["GET"]}}],"collection":[{"href":"https:\/\/maranhaotv.com.br\/index.php\/wp-json\/wp\/v2\/posts"}],"about":[{"href":"https:\/\/maranhaotv.com.br\/index.php\/wp-json\/wp\/v2\/types\/post"}],"author":[{"embeddable":true,"href":"https:\/\/maranhaotv.com.br\/index.php\/wp-json\/wp\/v2\/users\/2"}],"replies":[{"embeddable":true,"href":"https:\/\/maranhaotv.com.br\/index.php\/wp-json\/wp\/v2\/comments?post=35229"}],"version-history":[{"count":0,"href":"https:\/\/maranhaotv.com.br\/index.php\/wp-json\/wp\/v2\/posts\/35229\/revisions"}],"wp:featuredmedia":[{"embeddable":true,"href":"https:\/\/maranhaotv.com.br\/index.php\/wp-json\/"}],"wp:attachment":[{"href":"https:\/\/maranhaotv.com.br\/index.php\/wp-json\/wp\/v2\/media?parent=35229"}],"wp:term":[{"taxonomy":"category","embeddable":true,"href":"https:\/\/maranhaotv.com.br\/index.php\/wp-json\/wp\/v2\/categories?post=35229"},{"taxonomy":"post_tag","embeddable":true,"href":"https:\/\/maranhaotv.com.br\/index.php\/wp-json\/wp\/v2\/tags?post=35229"}],"curies":[{"name":"wp","href":"https:\/\/api.w.org\/{rel}","templated":true}]}}