{"id":35503,"date":"2024-04-22T10:08:45","date_gmt":"2024-04-22T13:08:45","guid":{"rendered":"https:\/\/maranhaotv.com.br\/?p=35503"},"modified":"2024-04-22T10:08:45","modified_gmt":"2024-04-22T13:08:45","slug":"eleicoes-2024-guilherme-mulato-diz-que-causa-animal-sera-incluida-nas-politicas-publicas-em-ribamar","status":"publish","type":"post","link":"https:\/\/maranhaotv.com.br\/index.php\/2024\/04\/22\/eleicoes-2024-guilherme-mulato-diz-que-causa-animal-sera-incluida-nas-politicas-publicas-em-ribamar\/","title":{"rendered":"Elei\u00e7\u00f5es 2024: Guilherme Mulato diz que causa animal ser\u00e1 inclu\u00edda nas pol\u00edticas p\u00fablicas em Ribamar"},"content":{"rendered":"\n<p><br>O pr\u00e9-candidato a prefeito de S\u00e3o Jos\u00e9 de Ribamar, Guilherme Mulato (NOVO), reuniu-se neste final de semana, com defensores da Causa Animal, para debater a elabora\u00e7\u00e3o do Plano de Governo, com propostas voltadas para a \u00e1rea.<br><br>Durante o encontro, foi criado o Grupo T\u00e9cnico da Causa Animal, que ter\u00e1 como coordenador, o ativista professor Francisco Braga, popularmente conhecido como Chico, da Turma do Chico, e que tornou-se refer\u00eancia nacional no resgate e cuidado de animais de pequeno e grande porte, em especial, cavalos e jumentos v\u00edtimas de maus tratos.<br><br>Para Mulato, \u00e9 preciso criar mecanismos p\u00fablico para o bem estar dos animais e a redu\u00e7\u00e3o da popula\u00e7\u00e3o de animais de ruas.<br><br>\u201cCastra\u00e7\u00e3o gratuita para tutores de baixa renda, distribui\u00e7\u00e3o de ra\u00e7\u00e3o e rem\u00e9dios para ongs e Defensores devidamente cadastrados, al\u00e9m de patrulha para recolher animais de ruas e para combate aos maus tratos s\u00e3o algumas das a\u00e7\u00f5es que devem ser pensadas, com urg\u00eancia.\u201d Disse Mulato.<br>Chico tamb\u00e9m destacou a import\u00e2ncia de iniciar o debate para regulariza\u00e7\u00e3o e solu\u00e7\u00f5es para a tra\u00e7\u00e3o animal na terceira maior cidade do Estado, a exemplo de grandes cidades.<br>J\u00e1 a advogada C\u00e1ssia Maior, integrante da Comiss\u00e3o de Defesa dos Animais da OAB, lembrou que incluir no curriculum das escolas, o cuidado e prote\u00e7\u00e3o aos animais, \u00e9 preparar adultos que no futuro, tamb\u00e9m ajudar\u00e3o acabar com os maus tratos aos animais.<br><br>Pr\u00e9-candidato pelo Partido Novo, Guilherme Mulato \u00e9 o \u00fanico pr\u00e9-candidato a prefeito que tem se reunido para debater temas de interesse do munic\u00edpio, e tem se destacado pelo compromisso com a cidade.<\/p>\n\n\n\n<figure class=\"wp-block-image size-large\"><img decoding=\"async\" src=\"https:\/\/maranhaotv.com.br\/wp-content\/uploads\/2024\/04\/img-20240422-wa01886899580177891454091-785x1024.jpg\" alt=\"\" class=\"wp-image-35501\"\/><\/figure>\n","protected":false},"excerpt":{"rendered":"<p>O pr\u00e9-candidato a prefeito de S\u00e3o Jos\u00e9 de Ribamar, Guilherme Mulato (NOVO), reuniu-se neste final de semana, com defensores da<\/p>\n","protected":false},"author":2,"featured_media":35502,"comment_status":"open","ping_status":"open","sticky":false,"template":"","format":"standard","meta":{"colormag_page_container_layout":"default_layout","colormag_page_sidebar_layout":"default_layout","_jetpack_memberships_contains_paid_content":false,"footnotes":""},"categories":[6],"tags":[],"class_list":["post-35503","post","type-post","status-publish","format-standard","has-post-thumbnail","hentry","category-politica"],"magazineBlocksPostFeaturedMedia":{"thumbnail":false,"medium":false,"medium_large":false,"large":false,"1536x1536":false,"2048x2048":false,"colormag-highlighted-post":false,"colormag-featured-post-medium":false,"colormag-featured-post-small":false,"colormag-featured-image":false,"colormag-default-news":false,"colormag-featured-image-large":false},"magazineBlocksPostAuthor":{"name":"maranhaotv","avatar":"https:\/\/secure.gravatar.com\/avatar\/8fadbca458d4cb68b1dd399ae9a40618d747bb1af65ac9fad21c89220a143eb4?s=96&d=mm&r=g"},"magazineBlocksPostCommentsNumber":"0","magazineBlocksPostExcerpt":"O pr\u00e9-candidato a prefeito de S\u00e3o Jos\u00e9 de Ribamar, Guilherme Mulato (NOVO), reuniu-se neste final de semana, com defensores da","magazineBlocksPostCategories":["pol\u00edtica"],"magazineBlocksPostViewCount":246,"magazineBlocksPostReadTime":2,"magazine_blocks_featured_image_url":{"full":false,"medium":false,"thumbnail":false},"magazine_blocks_author":{"display_name":"maranhaotv","author_link":"https:\/\/maranhaotv.com.br\/index.php\/author\/maranhaotv\/"},"magazine_blocks_comment":0,"magazine_blocks_author_image":"https:\/\/secure.gravatar.com\/avatar\/8fadbca458d4cb68b1dd399ae9a40618d747bb1af65ac9fad21c89220a143eb4?s=96&d=mm&r=g","magazine_blocks_category":"<a href=\"#\" class=\"category-link category-link-6\">pol\u00edtica<\/a>","yoast_head":"<!-- This site is optimized with the Yoast SEO plugin v27.4 - https:\/\/yoast.com\/product\/yoast-seo-wordpress\/ -->\n<title>Elei\u00e7\u00f5es 2024: Guilherme Mulato diz que causa animal ser\u00e1 inclu\u00edda nas pol\u00edticas p\u00fablicas em Ribamar - NOT\u00cdCIAS EM TEMPO REAL<\/title>\n<meta name=\"robots\" content=\"index, follow, max-snippet:-1, max-image-preview:large, max-video-preview:-1\" \/>\n<link rel=\"canonical\" href=\"https:\/\/maranhaotv.com.br\/index.php\/2024\/04\/22\/eleicoes-2024-guilherme-mulato-diz-que-causa-animal-sera-incluida-nas-politicas-publicas-em-ribamar\/\" \/>\n<meta property=\"og:locale\" content=\"pt_BR\" \/>\n<meta property=\"og:type\" content=\"article\" \/>\n<meta property=\"og:title\" content=\"Elei\u00e7\u00f5es 2024: Guilherme Mulato diz que causa animal ser\u00e1 inclu\u00edda nas pol\u00edticas p\u00fablicas em Ribamar - NOT\u00cdCIAS EM TEMPO REAL\" \/>\n<meta property=\"og:description\" content=\"O pr\u00e9-candidato a prefeito de S\u00e3o Jos\u00e9 de Ribamar, Guilherme Mulato (NOVO), reuniu-se neste final de semana, com defensores da\" \/>\n<meta property=\"og:url\" content=\"https:\/\/maranhaotv.com.br\/index.php\/2024\/04\/22\/eleicoes-2024-guilherme-mulato-diz-que-causa-animal-sera-incluida-nas-politicas-publicas-em-ribamar\/\" \/>\n<meta property=\"og:site_name\" content=\"NOT\u00cdCIAS EM TEMPO REAL\" \/>\n<meta property=\"article:publisher\" content=\"https:\/\/www.facebook.com\/maiobaotv\" \/>\n<meta property=\"article:published_time\" content=\"2024-04-22T13:08:45+00:00\" \/>\n<meta name=\"author\" content=\"maranhaotv\" \/>\n<meta name=\"twitter:card\" content=\"summary_large_image\" \/>\n<meta name=\"twitter:creator\" content=\"@sitemaranhaotv\" \/>\n<meta name=\"twitter:site\" content=\"@sitemaranhaotv\" \/>\n<meta name=\"twitter:label1\" content=\"Escrito por\" \/>\n\t<meta name=\"twitter:data1\" content=\"maranhaotv\" \/>\n\t<meta name=\"twitter:label2\" content=\"Est. tempo de leitura\" \/>\n\t<meta name=\"twitter:data2\" content=\"1 minuto\" \/>\n<script type=\"application\/ld+json\" class=\"yoast-schema-graph\">{\"@context\":\"https:\\\/\\\/schema.org\",\"@graph\":[{\"@type\":\"Article\",\"@id\":\"https:\\\/\\\/maranhaotv.com.br\\\/index.php\\\/2024\\\/04\\\/22\\\/eleicoes-2024-guilherme-mulato-diz-que-causa-animal-sera-incluida-nas-politicas-publicas-em-ribamar\\\/#article\",\"isPartOf\":{\"@id\":\"https:\\\/\\\/maranhaotv.com.br\\\/index.php\\\/2024\\\/04\\\/22\\\/eleicoes-2024-guilherme-mulato-diz-que-causa-animal-sera-incluida-nas-politicas-publicas-em-ribamar\\\/\"},\"author\":{\"name\":\"maranhaotv\",\"@id\":\"https:\\\/\\\/maranhaotv.com.br\\\/#\\\/schema\\\/person\\\/3d54238e86b20bb5c89ab2fdb8f8829a\"},\"headline\":\"Elei\u00e7\u00f5es 2024: Guilherme Mulato diz que causa animal ser\u00e1 inclu\u00edda nas pol\u00edticas p\u00fablicas em Ribamar\",\"datePublished\":\"2024-04-22T13:08:45+00:00\",\"mainEntityOfPage\":{\"@id\":\"https:\\\/\\\/maranhaotv.com.br\\\/index.php\\\/2024\\\/04\\\/22\\\/eleicoes-2024-guilherme-mulato-diz-que-causa-animal-sera-incluida-nas-politicas-publicas-em-ribamar\\\/\"},\"wordCount\":302,\"commentCount\":0,\"publisher\":{\"@id\":\"https:\\\/\\\/maranhaotv.com.br\\\/#organization\"},\"image\":{\"@id\":\"https:\\\/\\\/maranhaotv.com.br\\\/index.php\\\/2024\\\/04\\\/22\\\/eleicoes-2024-guilherme-mulato-diz-que-causa-animal-sera-incluida-nas-politicas-publicas-em-ribamar\\\/#primaryimage\"},\"thumbnailUrl\":\"\",\"articleSection\":[\"pol\u00edtica\"],\"inLanguage\":\"pt-BR\",\"potentialAction\":[{\"@type\":\"CommentAction\",\"name\":\"Comment\",\"target\":[\"https:\\\/\\\/maranhaotv.com.br\\\/index.php\\\/2024\\\/04\\\/22\\\/eleicoes-2024-guilherme-mulato-diz-que-causa-animal-sera-incluida-nas-politicas-publicas-em-ribamar\\\/#respond\"]}]},{\"@type\":\"WebPage\",\"@id\":\"https:\\\/\\\/maranhaotv.com.br\\\/index.php\\\/2024\\\/04\\\/22\\\/eleicoes-2024-guilherme-mulato-diz-que-causa-animal-sera-incluida-nas-politicas-publicas-em-ribamar\\\/\",\"url\":\"https:\\\/\\\/maranhaotv.com.br\\\/index.php\\\/2024\\\/04\\\/22\\\/eleicoes-2024-guilherme-mulato-diz-que-causa-animal-sera-incluida-nas-politicas-publicas-em-ribamar\\\/\",\"name\":\"Elei\u00e7\u00f5es 2024: Guilherme Mulato diz que causa animal ser\u00e1 inclu\u00edda nas pol\u00edticas p\u00fablicas em Ribamar - NOT\u00cdCIAS EM TEMPO REAL\",\"isPartOf\":{\"@id\":\"https:\\\/\\\/maranhaotv.com.br\\\/#website\"},\"primaryImageOfPage\":{\"@id\":\"https:\\\/\\\/maranhaotv.com.br\\\/index.php\\\/2024\\\/04\\\/22\\\/eleicoes-2024-guilherme-mulato-diz-que-causa-animal-sera-incluida-nas-politicas-publicas-em-ribamar\\\/#primaryimage\"},\"image\":{\"@id\":\"https:\\\/\\\/maranhaotv.com.br\\\/index.php\\\/2024\\\/04\\\/22\\\/eleicoes-2024-guilherme-mulato-diz-que-causa-animal-sera-incluida-nas-politicas-publicas-em-ribamar\\\/#primaryimage\"},\"thumbnailUrl\":\"\",\"datePublished\":\"2024-04-22T13:08:45+00:00\",\"breadcrumb\":{\"@id\":\"https:\\\/\\\/maranhaotv.com.br\\\/index.php\\\/2024\\\/04\\\/22\\\/eleicoes-2024-guilherme-mulato-diz-que-causa-animal-sera-incluida-nas-politicas-publicas-em-ribamar\\\/#breadcrumb\"},\"inLanguage\":\"pt-BR\",\"potentialAction\":[{\"@type\":\"ReadAction\",\"target\":[\"https:\\\/\\\/maranhaotv.com.br\\\/index.php\\\/2024\\\/04\\\/22\\\/eleicoes-2024-guilherme-mulato-diz-que-causa-animal-sera-incluida-nas-politicas-publicas-em-ribamar\\\/\"]}]},{\"@type\":\"ImageObject\",\"inLanguage\":\"pt-BR\",\"@id\":\"https:\\\/\\\/maranhaotv.com.br\\\/index.php\\\/2024\\\/04\\\/22\\\/eleicoes-2024-guilherme-mulato-diz-que-causa-animal-sera-incluida-nas-politicas-publicas-em-ribamar\\\/#primaryimage\",\"url\":\"\",\"contentUrl\":\"\"},{\"@type\":\"BreadcrumbList\",\"@id\":\"https:\\\/\\\/maranhaotv.com.br\\\/index.php\\\/2024\\\/04\\\/22\\\/eleicoes-2024-guilherme-mulato-diz-que-causa-animal-sera-incluida-nas-politicas-publicas-em-ribamar\\\/#breadcrumb\",\"itemListElement\":[{\"@type\":\"ListItem\",\"position\":1,\"name\":\"In\u00edcio\",\"item\":\"https:\\\/\\\/maranhaotv.com.br\\\/\"},{\"@type\":\"ListItem\",\"position\":2,\"name\":\"Elei\u00e7\u00f5es 2024: Guilherme Mulato diz que causa animal ser\u00e1 inclu\u00edda nas pol\u00edticas p\u00fablicas em Ribamar\"}]},{\"@type\":\"WebSite\",\"@id\":\"https:\\\/\\\/maranhaotv.com.br\\\/#website\",\"url\":\"https:\\\/\\\/maranhaotv.com.br\\\/\",\"name\":\"Maranh\u00e3oTV\",\"description\":\"\",\"publisher\":{\"@id\":\"https:\\\/\\\/maranhaotv.com.br\\\/#organization\"},\"potentialAction\":[{\"@type\":\"SearchAction\",\"target\":{\"@type\":\"EntryPoint\",\"urlTemplate\":\"https:\\\/\\\/maranhaotv.com.br\\\/?s={search_term_string}\"},\"query-input\":{\"@type\":\"PropertyValueSpecification\",\"valueRequired\":true,\"valueName\":\"search_term_string\"}}],\"inLanguage\":\"pt-BR\"},{\"@type\":\"Organization\",\"@id\":\"https:\\\/\\\/maranhaotv.com.br\\\/#organization\",\"name\":\"Portal de Not\u00edcias\",\"url\":\"https:\\\/\\\/maranhaotv.com.br\\\/\",\"logo\":{\"@type\":\"ImageObject\",\"inLanguage\":\"pt-BR\",\"@id\":\"https:\\\/\\\/maranhaotv.com.br\\\/#\\\/schema\\\/logo\\\/image\\\/\",\"url\":\"https:\\\/\\\/maranhaotv.com.br\\\/wp-content\\\/uploads\\\/2024\\\/05\\\/cropped-cropped-avatar-1.png\",\"contentUrl\":\"https:\\\/\\\/maranhaotv.com.br\\\/wp-content\\\/uploads\\\/2024\\\/05\\\/cropped-cropped-avatar-1.png\",\"width\":792,\"height\":428,\"caption\":\"Portal de Not\u00edcias\"},\"image\":{\"@id\":\"https:\\\/\\\/maranhaotv.com.br\\\/#\\\/schema\\\/logo\\\/image\\\/\"},\"sameAs\":[\"https:\\\/\\\/www.facebook.com\\\/maiobaotv\",\"https:\\\/\\\/x.com\\\/sitemaranhaotv\",\"https:\\\/\\\/www.instagram.com\\\/maranhao.tv\",\"https:\\\/\\\/www.threads.net\\\/@maranhao.tv\"]},{\"@type\":\"Person\",\"@id\":\"https:\\\/\\\/maranhaotv.com.br\\\/#\\\/schema\\\/person\\\/3d54238e86b20bb5c89ab2fdb8f8829a\",\"name\":\"maranhaotv\",\"image\":{\"@type\":\"ImageObject\",\"inLanguage\":\"pt-BR\",\"@id\":\"https:\\\/\\\/secure.gravatar.com\\\/avatar\\\/8fadbca458d4cb68b1dd399ae9a40618d747bb1af65ac9fad21c89220a143eb4?s=96&d=mm&r=g\",\"url\":\"https:\\\/\\\/secure.gravatar.com\\\/avatar\\\/8fadbca458d4cb68b1dd399ae9a40618d747bb1af65ac9fad21c89220a143eb4?s=96&d=mm&r=g\",\"contentUrl\":\"https:\\\/\\\/secure.gravatar.com\\\/avatar\\\/8fadbca458d4cb68b1dd399ae9a40618d747bb1af65ac9fad21c89220a143eb4?s=96&d=mm&r=g\",\"caption\":\"maranhaotv\"},\"sameAs\":[\"https:\\\/\\\/maranhaotv.com.br\\\/\"],\"url\":\"https:\\\/\\\/maranhaotv.com.br\\\/index.php\\\/author\\\/maranhaotv\\\/\"}]}<\/script>\n<!-- \/ Yoast SEO plugin. -->","yoast_head_json":{"title":"Elei\u00e7\u00f5es 2024: Guilherme Mulato diz que causa animal ser\u00e1 inclu\u00edda nas pol\u00edticas p\u00fablicas em Ribamar - NOT\u00cdCIAS EM TEMPO REAL","robots":{"index":"index","follow":"follow","max-snippet":"max-snippet:-1","max-image-preview":"max-image-preview:large","max-video-preview":"max-video-preview:-1"},"canonical":"https:\/\/maranhaotv.com.br\/index.php\/2024\/04\/22\/eleicoes-2024-guilherme-mulato-diz-que-causa-animal-sera-incluida-nas-politicas-publicas-em-ribamar\/","og_locale":"pt_BR","og_type":"article","og_title":"Elei\u00e7\u00f5es 2024: Guilherme Mulato diz que causa animal ser\u00e1 inclu\u00edda nas pol\u00edticas p\u00fablicas em Ribamar - NOT\u00cdCIAS EM TEMPO REAL","og_description":"O pr\u00e9-candidato a prefeito de S\u00e3o Jos\u00e9 de Ribamar, Guilherme Mulato (NOVO), reuniu-se neste final de semana, com defensores da","og_url":"https:\/\/maranhaotv.com.br\/index.php\/2024\/04\/22\/eleicoes-2024-guilherme-mulato-diz-que-causa-animal-sera-incluida-nas-politicas-publicas-em-ribamar\/","og_site_name":"NOT\u00cdCIAS EM TEMPO REAL","article_publisher":"https:\/\/www.facebook.com\/maiobaotv","article_published_time":"2024-04-22T13:08:45+00:00","author":"maranhaotv","twitter_card":"summary_large_image","twitter_creator":"@sitemaranhaotv","twitter_site":"@sitemaranhaotv","twitter_misc":{"Escrito por":"maranhaotv","Est. tempo de leitura":"1 minuto"},"schema":{"@context":"https:\/\/schema.org","@graph":[{"@type":"Article","@id":"https:\/\/maranhaotv.com.br\/index.php\/2024\/04\/22\/eleicoes-2024-guilherme-mulato-diz-que-causa-animal-sera-incluida-nas-politicas-publicas-em-ribamar\/#article","isPartOf":{"@id":"https:\/\/maranhaotv.com.br\/index.php\/2024\/04\/22\/eleicoes-2024-guilherme-mulato-diz-que-causa-animal-sera-incluida-nas-politicas-publicas-em-ribamar\/"},"author":{"name":"maranhaotv","@id":"https:\/\/maranhaotv.com.br\/#\/schema\/person\/3d54238e86b20bb5c89ab2fdb8f8829a"},"headline":"Elei\u00e7\u00f5es 2024: Guilherme Mulato diz que causa animal ser\u00e1 inclu\u00edda nas pol\u00edticas p\u00fablicas em Ribamar","datePublished":"2024-04-22T13:08:45+00:00","mainEntityOfPage":{"@id":"https:\/\/maranhaotv.com.br\/index.php\/2024\/04\/22\/eleicoes-2024-guilherme-mulato-diz-que-causa-animal-sera-incluida-nas-politicas-publicas-em-ribamar\/"},"wordCount":302,"commentCount":0,"publisher":{"@id":"https:\/\/maranhaotv.com.br\/#organization"},"image":{"@id":"https:\/\/maranhaotv.com.br\/index.php\/2024\/04\/22\/eleicoes-2024-guilherme-mulato-diz-que-causa-animal-sera-incluida-nas-politicas-publicas-em-ribamar\/#primaryimage"},"thumbnailUrl":"","articleSection":["pol\u00edtica"],"inLanguage":"pt-BR","potentialAction":[{"@type":"CommentAction","name":"Comment","target":["https:\/\/maranhaotv.com.br\/index.php\/2024\/04\/22\/eleicoes-2024-guilherme-mulato-diz-que-causa-animal-sera-incluida-nas-politicas-publicas-em-ribamar\/#respond"]}]},{"@type":"WebPage","@id":"https:\/\/maranhaotv.com.br\/index.php\/2024\/04\/22\/eleicoes-2024-guilherme-mulato-diz-que-causa-animal-sera-incluida-nas-politicas-publicas-em-ribamar\/","url":"https:\/\/maranhaotv.com.br\/index.php\/2024\/04\/22\/eleicoes-2024-guilherme-mulato-diz-que-causa-animal-sera-incluida-nas-politicas-publicas-em-ribamar\/","name":"Elei\u00e7\u00f5es 2024: Guilherme Mulato diz que causa animal ser\u00e1 inclu\u00edda nas pol\u00edticas p\u00fablicas em Ribamar - NOT\u00cdCIAS EM TEMPO REAL","isPartOf":{"@id":"https:\/\/maranhaotv.com.br\/#website"},"primaryImageOfPage":{"@id":"https:\/\/maranhaotv.com.br\/index.php\/2024\/04\/22\/eleicoes-2024-guilherme-mulato-diz-que-causa-animal-sera-incluida-nas-politicas-publicas-em-ribamar\/#primaryimage"},"image":{"@id":"https:\/\/maranhaotv.com.br\/index.php\/2024\/04\/22\/eleicoes-2024-guilherme-mulato-diz-que-causa-animal-sera-incluida-nas-politicas-publicas-em-ribamar\/#primaryimage"},"thumbnailUrl":"","datePublished":"2024-04-22T13:08:45+00:00","breadcrumb":{"@id":"https:\/\/maranhaotv.com.br\/index.php\/2024\/04\/22\/eleicoes-2024-guilherme-mulato-diz-que-causa-animal-sera-incluida-nas-politicas-publicas-em-ribamar\/#breadcrumb"},"inLanguage":"pt-BR","potentialAction":[{"@type":"ReadAction","target":["https:\/\/maranhaotv.com.br\/index.php\/2024\/04\/22\/eleicoes-2024-guilherme-mulato-diz-que-causa-animal-sera-incluida-nas-politicas-publicas-em-ribamar\/"]}]},{"@type":"ImageObject","inLanguage":"pt-BR","@id":"https:\/\/maranhaotv.com.br\/index.php\/2024\/04\/22\/eleicoes-2024-guilherme-mulato-diz-que-causa-animal-sera-incluida-nas-politicas-publicas-em-ribamar\/#primaryimage","url":"","contentUrl":""},{"@type":"BreadcrumbList","@id":"https:\/\/maranhaotv.com.br\/index.php\/2024\/04\/22\/eleicoes-2024-guilherme-mulato-diz-que-causa-animal-sera-incluida-nas-politicas-publicas-em-ribamar\/#breadcrumb","itemListElement":[{"@type":"ListItem","position":1,"name":"In\u00edcio","item":"https:\/\/maranhaotv.com.br\/"},{"@type":"ListItem","position":2,"name":"Elei\u00e7\u00f5es 2024: Guilherme Mulato diz que causa animal ser\u00e1 inclu\u00edda nas pol\u00edticas p\u00fablicas em Ribamar"}]},{"@type":"WebSite","@id":"https:\/\/maranhaotv.com.br\/#website","url":"https:\/\/maranhaotv.com.br\/","name":"Maranh\u00e3oTV","description":"","publisher":{"@id":"https:\/\/maranhaotv.com.br\/#organization"},"potentialAction":[{"@type":"SearchAction","target":{"@type":"EntryPoint","urlTemplate":"https:\/\/maranhaotv.com.br\/?s={search_term_string}"},"query-input":{"@type":"PropertyValueSpecification","valueRequired":true,"valueName":"search_term_string"}}],"inLanguage":"pt-BR"},{"@type":"Organization","@id":"https:\/\/maranhaotv.com.br\/#organization","name":"Portal de Not\u00edcias","url":"https:\/\/maranhaotv.com.br\/","logo":{"@type":"ImageObject","inLanguage":"pt-BR","@id":"https:\/\/maranhaotv.com.br\/#\/schema\/logo\/image\/","url":"https:\/\/maranhaotv.com.br\/wp-content\/uploads\/2024\/05\/cropped-cropped-avatar-1.png","contentUrl":"https:\/\/maranhaotv.com.br\/wp-content\/uploads\/2024\/05\/cropped-cropped-avatar-1.png","width":792,"height":428,"caption":"Portal de Not\u00edcias"},"image":{"@id":"https:\/\/maranhaotv.com.br\/#\/schema\/logo\/image\/"},"sameAs":["https:\/\/www.facebook.com\/maiobaotv","https:\/\/x.com\/sitemaranhaotv","https:\/\/www.instagram.com\/maranhao.tv","https:\/\/www.threads.net\/@maranhao.tv"]},{"@type":"Person","@id":"https:\/\/maranhaotv.com.br\/#\/schema\/person\/3d54238e86b20bb5c89ab2fdb8f8829a","name":"maranhaotv","image":{"@type":"ImageObject","inLanguage":"pt-BR","@id":"https:\/\/secure.gravatar.com\/avatar\/8fadbca458d4cb68b1dd399ae9a40618d747bb1af65ac9fad21c89220a143eb4?s=96&d=mm&r=g","url":"https:\/\/secure.gravatar.com\/avatar\/8fadbca458d4cb68b1dd399ae9a40618d747bb1af65ac9fad21c89220a143eb4?s=96&d=mm&r=g","contentUrl":"https:\/\/secure.gravatar.com\/avatar\/8fadbca458d4cb68b1dd399ae9a40618d747bb1af65ac9fad21c89220a143eb4?s=96&d=mm&r=g","caption":"maranhaotv"},"sameAs":["https:\/\/maranhaotv.com.br\/"],"url":"https:\/\/maranhaotv.com.br\/index.php\/author\/maranhaotv\/"}]}},"jetpack_featured_media_url":"","jetpack_sharing_enabled":true,"_links":{"self":[{"href":"https:\/\/maranhaotv.com.br\/index.php\/wp-json\/wp\/v2\/posts\/35503","targetHints":{"allow":["GET"]}}],"collection":[{"href":"https:\/\/maranhaotv.com.br\/index.php\/wp-json\/wp\/v2\/posts"}],"about":[{"href":"https:\/\/maranhaotv.com.br\/index.php\/wp-json\/wp\/v2\/types\/post"}],"author":[{"embeddable":true,"href":"https:\/\/maranhaotv.com.br\/index.php\/wp-json\/wp\/v2\/users\/2"}],"replies":[{"embeddable":true,"href":"https:\/\/maranhaotv.com.br\/index.php\/wp-json\/wp\/v2\/comments?post=35503"}],"version-history":[{"count":0,"href":"https:\/\/maranhaotv.com.br\/index.php\/wp-json\/wp\/v2\/posts\/35503\/revisions"}],"wp:featuredmedia":[{"embeddable":true,"href":"https:\/\/maranhaotv.com.br\/index.php\/wp-json\/"}],"wp:attachment":[{"href":"https:\/\/maranhaotv.com.br\/index.php\/wp-json\/wp\/v2\/media?parent=35503"}],"wp:term":[{"taxonomy":"category","embeddable":true,"href":"https:\/\/maranhaotv.com.br\/index.php\/wp-json\/wp\/v2\/categories?post=35503"},{"taxonomy":"post_tag","embeddable":true,"href":"https:\/\/maranhaotv.com.br\/index.php\/wp-json\/wp\/v2\/tags?post=35503"}],"curies":[{"name":"wp","href":"https:\/\/api.w.org\/{rel}","templated":true}]}}