{"id":35507,"date":"2024-04-22T11:16:53","date_gmt":"2024-04-22T14:16:53","guid":{"rendered":"https:\/\/maranhaotv.com.br\/?p=35507"},"modified":"2024-04-22T11:16:53","modified_gmt":"2024-04-22T14:16:53","slug":"penha-garante-agua-de-qualidade-a-familias-da-comunidade-camboa-dos-frades","status":"publish","type":"post","link":"https:\/\/maranhaotv.com.br\/index.php\/2024\/04\/22\/penha-garante-agua-de-qualidade-a-familias-da-comunidade-camboa-dos-frades\/","title":{"rendered":"Penha garante \u00e1gua de qualidade a fam\u00edlias da comunidade Camboa dos Frades"},"content":{"rendered":"\n<p><br><br>O bairro Camboa dos Frades, uma comunidade tradicional da Zona Rural de S\u00e3o Lu\u00eds, agora conta com um novo sistema de abastecimento de \u00e1gua, gra\u00e7as ao esfor\u00e7o e articula\u00e7\u00e3o do vereador Raimundo Penha e lideran\u00e7as comunit\u00e1rias. <br><br>\u201cEssa conquista representa muito para a comunidade, garantindo n\u00e3o apenas o acesso \u00e0 \u00e1gua pot\u00e1vel para consumo di\u00e1rio, mas tamb\u00e9m viabilizando atividades essenciais como agricultura e cria\u00e7\u00e3o de animais. Agora, os moradores ter\u00e3o \u00e1gua encanada em suas casas, acabando com a necessidade de carregar \u00e1gua na cabe\u00e7a. Esta \u00e9 apenas a primeira de muitas conquistas, pois nossa luta continua&#8221;, afirmou o vereador Raimundo Penha.<br><br>Anteriormente, parte da comunidade dependia de um po\u00e7o, enquanto outro sistema de abastecimento estava abandonado devido \u00e0 alta salinidade da \u00e1gua. Os moradores relatavam a inadequa\u00e7\u00e3o da \u00e1gua para consumo, o que levou muitas fam\u00edlias a deixarem suas casas. Ap\u00f3s um trabalho conjunto, foi instalado um novo sistema de abastecimento que beneficiar\u00e1 mais de 100 fam\u00edlias.<br><br>O presidente da Associa\u00e7\u00e3o de Moradores da Camboa dos Frades, Guilherme Costa, expressou sua gratid\u00e3o pelo esfor\u00e7o conjunto que viabilizou o novo sistema de \u00e1gua para atender especialmente \u00e0s necessidades dos mais vulner\u00e1veis. &#8220;Apesar de estarmos pr\u00f3ximos \u00e0 maior riqueza do nosso estado, o Porto Itaqui, e ao lado da Eneva, respons\u00e1vel pela gera\u00e7\u00e3o de energia, muitas vezes nos sentimos esquecidos. Agradecemos ao vereador por nos ouvir e lutar pelas demandas de nossa comunidade&#8221;, destacou o presidente.<br><br>\u201cTenho acompanhado de perto sua trajet\u00f3ria pol\u00edtica e noto que voc\u00ea trabalha mais para os mais necessitados, para aquelas pessoas que, de fato, n\u00e3o s\u00e3o assistidas\u201d, acrescentou Guilherme, ao expressar sua gratid\u00e3o ao vereador pela parceria.<\/p>\n\n\n\n<figure class=\"wp-block-image size-large\"><img decoding=\"async\" src=\"https:\/\/maranhaotv.com.br\/wp-content\/uploads\/2024\/04\/img-20240422-wa02395146115360590898964-1024x683.jpg\" alt=\"\" class=\"wp-image-35505\"\/><\/figure>\n","protected":false},"excerpt":{"rendered":"<p>O bairro Camboa dos Frades, uma comunidade tradicional da Zona Rural de S\u00e3o Lu\u00eds, agora conta com um novo sistema<\/p>\n","protected":false},"author":2,"featured_media":35506,"comment_status":"open","ping_status":"open","sticky":false,"template":"","format":"standard","meta":{"colormag_page_container_layout":"default_layout","colormag_page_sidebar_layout":"default_layout","_jetpack_memberships_contains_paid_content":false,"footnotes":""},"categories":[8],"tags":[],"class_list":["post-35507","post","type-post","status-publish","format-standard","has-post-thumbnail","hentry","category-servicos"],"magazineBlocksPostFeaturedMedia":{"thumbnail":false,"medium":false,"medium_large":false,"large":false,"1536x1536":false,"2048x2048":false,"colormag-highlighted-post":false,"colormag-featured-post-medium":false,"colormag-featured-post-small":false,"colormag-featured-image":false,"colormag-default-news":false,"colormag-featured-image-large":false},"magazineBlocksPostAuthor":{"name":"maranhaotv","avatar":"https:\/\/secure.gravatar.com\/avatar\/8fadbca458d4cb68b1dd399ae9a40618d747bb1af65ac9fad21c89220a143eb4?s=96&d=mm&r=g"},"magazineBlocksPostCommentsNumber":"0","magazineBlocksPostExcerpt":"O bairro Camboa dos Frades, uma comunidade tradicional da Zona Rural de S\u00e3o Lu\u00eds, agora conta com um novo sistema","magazineBlocksPostCategories":["servi\u00e7os"],"magazineBlocksPostViewCount":205,"magazineBlocksPostReadTime":2,"magazine_blocks_featured_image_url":{"full":false,"medium":false,"thumbnail":false},"magazine_blocks_author":{"display_name":"maranhaotv","author_link":"https:\/\/maranhaotv.com.br\/index.php\/author\/maranhaotv\/"},"magazine_blocks_comment":0,"magazine_blocks_author_image":"https:\/\/secure.gravatar.com\/avatar\/8fadbca458d4cb68b1dd399ae9a40618d747bb1af65ac9fad21c89220a143eb4?s=96&d=mm&r=g","magazine_blocks_category":"<a href=\"#\" class=\"category-link category-link-8\">servi\u00e7os<\/a>","yoast_head":"<!-- This site is optimized with the Yoast SEO plugin v27.4 - https:\/\/yoast.com\/product\/yoast-seo-wordpress\/ -->\n<title>Penha garante \u00e1gua de qualidade a fam\u00edlias da comunidade Camboa dos Frades - NOT\u00cdCIAS EM TEMPO REAL<\/title>\n<meta name=\"robots\" content=\"index, follow, max-snippet:-1, max-image-preview:large, max-video-preview:-1\" \/>\n<link rel=\"canonical\" href=\"https:\/\/maranhaotv.com.br\/index.php\/2024\/04\/22\/penha-garante-agua-de-qualidade-a-familias-da-comunidade-camboa-dos-frades\/\" \/>\n<meta property=\"og:locale\" content=\"pt_BR\" \/>\n<meta property=\"og:type\" content=\"article\" \/>\n<meta property=\"og:title\" content=\"Penha garante \u00e1gua de qualidade a fam\u00edlias da comunidade Camboa dos Frades - NOT\u00cdCIAS EM TEMPO REAL\" \/>\n<meta property=\"og:description\" content=\"O bairro Camboa dos Frades, uma comunidade tradicional da Zona Rural de S\u00e3o Lu\u00eds, agora conta com um novo sistema\" \/>\n<meta property=\"og:url\" content=\"https:\/\/maranhaotv.com.br\/index.php\/2024\/04\/22\/penha-garante-agua-de-qualidade-a-familias-da-comunidade-camboa-dos-frades\/\" \/>\n<meta property=\"og:site_name\" content=\"NOT\u00cdCIAS EM TEMPO REAL\" \/>\n<meta property=\"article:publisher\" content=\"https:\/\/www.facebook.com\/maiobaotv\" \/>\n<meta property=\"article:published_time\" content=\"2024-04-22T14:16:53+00:00\" \/>\n<meta name=\"author\" content=\"maranhaotv\" \/>\n<meta name=\"twitter:card\" content=\"summary_large_image\" \/>\n<meta name=\"twitter:creator\" content=\"@sitemaranhaotv\" \/>\n<meta name=\"twitter:site\" content=\"@sitemaranhaotv\" \/>\n<meta name=\"twitter:label1\" content=\"Escrito por\" \/>\n\t<meta name=\"twitter:data1\" content=\"maranhaotv\" \/>\n\t<meta name=\"twitter:label2\" content=\"Est. tempo de leitura\" \/>\n\t<meta name=\"twitter:data2\" content=\"1 minuto\" \/>\n<script type=\"application\/ld+json\" class=\"yoast-schema-graph\">{\"@context\":\"https:\\\/\\\/schema.org\",\"@graph\":[{\"@type\":\"Article\",\"@id\":\"https:\\\/\\\/maranhaotv.com.br\\\/index.php\\\/2024\\\/04\\\/22\\\/penha-garante-agua-de-qualidade-a-familias-da-comunidade-camboa-dos-frades\\\/#article\",\"isPartOf\":{\"@id\":\"https:\\\/\\\/maranhaotv.com.br\\\/index.php\\\/2024\\\/04\\\/22\\\/penha-garante-agua-de-qualidade-a-familias-da-comunidade-camboa-dos-frades\\\/\"},\"author\":{\"name\":\"maranhaotv\",\"@id\":\"https:\\\/\\\/maranhaotv.com.br\\\/#\\\/schema\\\/person\\\/3d54238e86b20bb5c89ab2fdb8f8829a\"},\"headline\":\"Penha garante \u00e1gua de qualidade a fam\u00edlias da comunidade Camboa dos Frades\",\"datePublished\":\"2024-04-22T14:16:53+00:00\",\"mainEntityOfPage\":{\"@id\":\"https:\\\/\\\/maranhaotv.com.br\\\/index.php\\\/2024\\\/04\\\/22\\\/penha-garante-agua-de-qualidade-a-familias-da-comunidade-camboa-dos-frades\\\/\"},\"wordCount\":308,\"commentCount\":0,\"publisher\":{\"@id\":\"https:\\\/\\\/maranhaotv.com.br\\\/#organization\"},\"image\":{\"@id\":\"https:\\\/\\\/maranhaotv.com.br\\\/index.php\\\/2024\\\/04\\\/22\\\/penha-garante-agua-de-qualidade-a-familias-da-comunidade-camboa-dos-frades\\\/#primaryimage\"},\"thumbnailUrl\":\"\",\"articleSection\":[\"servi\u00e7os\"],\"inLanguage\":\"pt-BR\",\"potentialAction\":[{\"@type\":\"CommentAction\",\"name\":\"Comment\",\"target\":[\"https:\\\/\\\/maranhaotv.com.br\\\/index.php\\\/2024\\\/04\\\/22\\\/penha-garante-agua-de-qualidade-a-familias-da-comunidade-camboa-dos-frades\\\/#respond\"]}]},{\"@type\":\"WebPage\",\"@id\":\"https:\\\/\\\/maranhaotv.com.br\\\/index.php\\\/2024\\\/04\\\/22\\\/penha-garante-agua-de-qualidade-a-familias-da-comunidade-camboa-dos-frades\\\/\",\"url\":\"https:\\\/\\\/maranhaotv.com.br\\\/index.php\\\/2024\\\/04\\\/22\\\/penha-garante-agua-de-qualidade-a-familias-da-comunidade-camboa-dos-frades\\\/\",\"name\":\"Penha garante \u00e1gua de qualidade a fam\u00edlias da comunidade Camboa dos Frades - NOT\u00cdCIAS EM TEMPO REAL\",\"isPartOf\":{\"@id\":\"https:\\\/\\\/maranhaotv.com.br\\\/#website\"},\"primaryImageOfPage\":{\"@id\":\"https:\\\/\\\/maranhaotv.com.br\\\/index.php\\\/2024\\\/04\\\/22\\\/penha-garante-agua-de-qualidade-a-familias-da-comunidade-camboa-dos-frades\\\/#primaryimage\"},\"image\":{\"@id\":\"https:\\\/\\\/maranhaotv.com.br\\\/index.php\\\/2024\\\/04\\\/22\\\/penha-garante-agua-de-qualidade-a-familias-da-comunidade-camboa-dos-frades\\\/#primaryimage\"},\"thumbnailUrl\":\"\",\"datePublished\":\"2024-04-22T14:16:53+00:00\",\"breadcrumb\":{\"@id\":\"https:\\\/\\\/maranhaotv.com.br\\\/index.php\\\/2024\\\/04\\\/22\\\/penha-garante-agua-de-qualidade-a-familias-da-comunidade-camboa-dos-frades\\\/#breadcrumb\"},\"inLanguage\":\"pt-BR\",\"potentialAction\":[{\"@type\":\"ReadAction\",\"target\":[\"https:\\\/\\\/maranhaotv.com.br\\\/index.php\\\/2024\\\/04\\\/22\\\/penha-garante-agua-de-qualidade-a-familias-da-comunidade-camboa-dos-frades\\\/\"]}]},{\"@type\":\"ImageObject\",\"inLanguage\":\"pt-BR\",\"@id\":\"https:\\\/\\\/maranhaotv.com.br\\\/index.php\\\/2024\\\/04\\\/22\\\/penha-garante-agua-de-qualidade-a-familias-da-comunidade-camboa-dos-frades\\\/#primaryimage\",\"url\":\"\",\"contentUrl\":\"\"},{\"@type\":\"BreadcrumbList\",\"@id\":\"https:\\\/\\\/maranhaotv.com.br\\\/index.php\\\/2024\\\/04\\\/22\\\/penha-garante-agua-de-qualidade-a-familias-da-comunidade-camboa-dos-frades\\\/#breadcrumb\",\"itemListElement\":[{\"@type\":\"ListItem\",\"position\":1,\"name\":\"In\u00edcio\",\"item\":\"https:\\\/\\\/maranhaotv.com.br\\\/\"},{\"@type\":\"ListItem\",\"position\":2,\"name\":\"Penha garante \u00e1gua de qualidade a fam\u00edlias da comunidade Camboa dos Frades\"}]},{\"@type\":\"WebSite\",\"@id\":\"https:\\\/\\\/maranhaotv.com.br\\\/#website\",\"url\":\"https:\\\/\\\/maranhaotv.com.br\\\/\",\"name\":\"Maranh\u00e3oTV\",\"description\":\"\",\"publisher\":{\"@id\":\"https:\\\/\\\/maranhaotv.com.br\\\/#organization\"},\"potentialAction\":[{\"@type\":\"SearchAction\",\"target\":{\"@type\":\"EntryPoint\",\"urlTemplate\":\"https:\\\/\\\/maranhaotv.com.br\\\/?s={search_term_string}\"},\"query-input\":{\"@type\":\"PropertyValueSpecification\",\"valueRequired\":true,\"valueName\":\"search_term_string\"}}],\"inLanguage\":\"pt-BR\"},{\"@type\":\"Organization\",\"@id\":\"https:\\\/\\\/maranhaotv.com.br\\\/#organization\",\"name\":\"Portal de Not\u00edcias\",\"url\":\"https:\\\/\\\/maranhaotv.com.br\\\/\",\"logo\":{\"@type\":\"ImageObject\",\"inLanguage\":\"pt-BR\",\"@id\":\"https:\\\/\\\/maranhaotv.com.br\\\/#\\\/schema\\\/logo\\\/image\\\/\",\"url\":\"https:\\\/\\\/maranhaotv.com.br\\\/wp-content\\\/uploads\\\/2024\\\/05\\\/cropped-cropped-avatar-1.png\",\"contentUrl\":\"https:\\\/\\\/maranhaotv.com.br\\\/wp-content\\\/uploads\\\/2024\\\/05\\\/cropped-cropped-avatar-1.png\",\"width\":792,\"height\":428,\"caption\":\"Portal de Not\u00edcias\"},\"image\":{\"@id\":\"https:\\\/\\\/maranhaotv.com.br\\\/#\\\/schema\\\/logo\\\/image\\\/\"},\"sameAs\":[\"https:\\\/\\\/www.facebook.com\\\/maiobaotv\",\"https:\\\/\\\/x.com\\\/sitemaranhaotv\",\"https:\\\/\\\/www.instagram.com\\\/maranhao.tv\",\"https:\\\/\\\/www.threads.net\\\/@maranhao.tv\"]},{\"@type\":\"Person\",\"@id\":\"https:\\\/\\\/maranhaotv.com.br\\\/#\\\/schema\\\/person\\\/3d54238e86b20bb5c89ab2fdb8f8829a\",\"name\":\"maranhaotv\",\"image\":{\"@type\":\"ImageObject\",\"inLanguage\":\"pt-BR\",\"@id\":\"https:\\\/\\\/secure.gravatar.com\\\/avatar\\\/8fadbca458d4cb68b1dd399ae9a40618d747bb1af65ac9fad21c89220a143eb4?s=96&d=mm&r=g\",\"url\":\"https:\\\/\\\/secure.gravatar.com\\\/avatar\\\/8fadbca458d4cb68b1dd399ae9a40618d747bb1af65ac9fad21c89220a143eb4?s=96&d=mm&r=g\",\"contentUrl\":\"https:\\\/\\\/secure.gravatar.com\\\/avatar\\\/8fadbca458d4cb68b1dd399ae9a40618d747bb1af65ac9fad21c89220a143eb4?s=96&d=mm&r=g\",\"caption\":\"maranhaotv\"},\"sameAs\":[\"https:\\\/\\\/maranhaotv.com.br\\\/\"],\"url\":\"https:\\\/\\\/maranhaotv.com.br\\\/index.php\\\/author\\\/maranhaotv\\\/\"}]}<\/script>\n<!-- \/ Yoast SEO plugin. -->","yoast_head_json":{"title":"Penha garante \u00e1gua de qualidade a fam\u00edlias da comunidade Camboa dos Frades - NOT\u00cdCIAS EM TEMPO REAL","robots":{"index":"index","follow":"follow","max-snippet":"max-snippet:-1","max-image-preview":"max-image-preview:large","max-video-preview":"max-video-preview:-1"},"canonical":"https:\/\/maranhaotv.com.br\/index.php\/2024\/04\/22\/penha-garante-agua-de-qualidade-a-familias-da-comunidade-camboa-dos-frades\/","og_locale":"pt_BR","og_type":"article","og_title":"Penha garante \u00e1gua de qualidade a fam\u00edlias da comunidade Camboa dos Frades - NOT\u00cdCIAS EM TEMPO REAL","og_description":"O bairro Camboa dos Frades, uma comunidade tradicional da Zona Rural de S\u00e3o Lu\u00eds, agora conta com um novo sistema","og_url":"https:\/\/maranhaotv.com.br\/index.php\/2024\/04\/22\/penha-garante-agua-de-qualidade-a-familias-da-comunidade-camboa-dos-frades\/","og_site_name":"NOT\u00cdCIAS EM TEMPO REAL","article_publisher":"https:\/\/www.facebook.com\/maiobaotv","article_published_time":"2024-04-22T14:16:53+00:00","author":"maranhaotv","twitter_card":"summary_large_image","twitter_creator":"@sitemaranhaotv","twitter_site":"@sitemaranhaotv","twitter_misc":{"Escrito por":"maranhaotv","Est. tempo de leitura":"1 minuto"},"schema":{"@context":"https:\/\/schema.org","@graph":[{"@type":"Article","@id":"https:\/\/maranhaotv.com.br\/index.php\/2024\/04\/22\/penha-garante-agua-de-qualidade-a-familias-da-comunidade-camboa-dos-frades\/#article","isPartOf":{"@id":"https:\/\/maranhaotv.com.br\/index.php\/2024\/04\/22\/penha-garante-agua-de-qualidade-a-familias-da-comunidade-camboa-dos-frades\/"},"author":{"name":"maranhaotv","@id":"https:\/\/maranhaotv.com.br\/#\/schema\/person\/3d54238e86b20bb5c89ab2fdb8f8829a"},"headline":"Penha garante \u00e1gua de qualidade a fam\u00edlias da comunidade Camboa dos Frades","datePublished":"2024-04-22T14:16:53+00:00","mainEntityOfPage":{"@id":"https:\/\/maranhaotv.com.br\/index.php\/2024\/04\/22\/penha-garante-agua-de-qualidade-a-familias-da-comunidade-camboa-dos-frades\/"},"wordCount":308,"commentCount":0,"publisher":{"@id":"https:\/\/maranhaotv.com.br\/#organization"},"image":{"@id":"https:\/\/maranhaotv.com.br\/index.php\/2024\/04\/22\/penha-garante-agua-de-qualidade-a-familias-da-comunidade-camboa-dos-frades\/#primaryimage"},"thumbnailUrl":"","articleSection":["servi\u00e7os"],"inLanguage":"pt-BR","potentialAction":[{"@type":"CommentAction","name":"Comment","target":["https:\/\/maranhaotv.com.br\/index.php\/2024\/04\/22\/penha-garante-agua-de-qualidade-a-familias-da-comunidade-camboa-dos-frades\/#respond"]}]},{"@type":"WebPage","@id":"https:\/\/maranhaotv.com.br\/index.php\/2024\/04\/22\/penha-garante-agua-de-qualidade-a-familias-da-comunidade-camboa-dos-frades\/","url":"https:\/\/maranhaotv.com.br\/index.php\/2024\/04\/22\/penha-garante-agua-de-qualidade-a-familias-da-comunidade-camboa-dos-frades\/","name":"Penha garante \u00e1gua de qualidade a fam\u00edlias da comunidade Camboa dos Frades - NOT\u00cdCIAS EM TEMPO REAL","isPartOf":{"@id":"https:\/\/maranhaotv.com.br\/#website"},"primaryImageOfPage":{"@id":"https:\/\/maranhaotv.com.br\/index.php\/2024\/04\/22\/penha-garante-agua-de-qualidade-a-familias-da-comunidade-camboa-dos-frades\/#primaryimage"},"image":{"@id":"https:\/\/maranhaotv.com.br\/index.php\/2024\/04\/22\/penha-garante-agua-de-qualidade-a-familias-da-comunidade-camboa-dos-frades\/#primaryimage"},"thumbnailUrl":"","datePublished":"2024-04-22T14:16:53+00:00","breadcrumb":{"@id":"https:\/\/maranhaotv.com.br\/index.php\/2024\/04\/22\/penha-garante-agua-de-qualidade-a-familias-da-comunidade-camboa-dos-frades\/#breadcrumb"},"inLanguage":"pt-BR","potentialAction":[{"@type":"ReadAction","target":["https:\/\/maranhaotv.com.br\/index.php\/2024\/04\/22\/penha-garante-agua-de-qualidade-a-familias-da-comunidade-camboa-dos-frades\/"]}]},{"@type":"ImageObject","inLanguage":"pt-BR","@id":"https:\/\/maranhaotv.com.br\/index.php\/2024\/04\/22\/penha-garante-agua-de-qualidade-a-familias-da-comunidade-camboa-dos-frades\/#primaryimage","url":"","contentUrl":""},{"@type":"BreadcrumbList","@id":"https:\/\/maranhaotv.com.br\/index.php\/2024\/04\/22\/penha-garante-agua-de-qualidade-a-familias-da-comunidade-camboa-dos-frades\/#breadcrumb","itemListElement":[{"@type":"ListItem","position":1,"name":"In\u00edcio","item":"https:\/\/maranhaotv.com.br\/"},{"@type":"ListItem","position":2,"name":"Penha garante \u00e1gua de qualidade a fam\u00edlias da comunidade Camboa dos Frades"}]},{"@type":"WebSite","@id":"https:\/\/maranhaotv.com.br\/#website","url":"https:\/\/maranhaotv.com.br\/","name":"Maranh\u00e3oTV","description":"","publisher":{"@id":"https:\/\/maranhaotv.com.br\/#organization"},"potentialAction":[{"@type":"SearchAction","target":{"@type":"EntryPoint","urlTemplate":"https:\/\/maranhaotv.com.br\/?s={search_term_string}"},"query-input":{"@type":"PropertyValueSpecification","valueRequired":true,"valueName":"search_term_string"}}],"inLanguage":"pt-BR"},{"@type":"Organization","@id":"https:\/\/maranhaotv.com.br\/#organization","name":"Portal de Not\u00edcias","url":"https:\/\/maranhaotv.com.br\/","logo":{"@type":"ImageObject","inLanguage":"pt-BR","@id":"https:\/\/maranhaotv.com.br\/#\/schema\/logo\/image\/","url":"https:\/\/maranhaotv.com.br\/wp-content\/uploads\/2024\/05\/cropped-cropped-avatar-1.png","contentUrl":"https:\/\/maranhaotv.com.br\/wp-content\/uploads\/2024\/05\/cropped-cropped-avatar-1.png","width":792,"height":428,"caption":"Portal de Not\u00edcias"},"image":{"@id":"https:\/\/maranhaotv.com.br\/#\/schema\/logo\/image\/"},"sameAs":["https:\/\/www.facebook.com\/maiobaotv","https:\/\/x.com\/sitemaranhaotv","https:\/\/www.instagram.com\/maranhao.tv","https:\/\/www.threads.net\/@maranhao.tv"]},{"@type":"Person","@id":"https:\/\/maranhaotv.com.br\/#\/schema\/person\/3d54238e86b20bb5c89ab2fdb8f8829a","name":"maranhaotv","image":{"@type":"ImageObject","inLanguage":"pt-BR","@id":"https:\/\/secure.gravatar.com\/avatar\/8fadbca458d4cb68b1dd399ae9a40618d747bb1af65ac9fad21c89220a143eb4?s=96&d=mm&r=g","url":"https:\/\/secure.gravatar.com\/avatar\/8fadbca458d4cb68b1dd399ae9a40618d747bb1af65ac9fad21c89220a143eb4?s=96&d=mm&r=g","contentUrl":"https:\/\/secure.gravatar.com\/avatar\/8fadbca458d4cb68b1dd399ae9a40618d747bb1af65ac9fad21c89220a143eb4?s=96&d=mm&r=g","caption":"maranhaotv"},"sameAs":["https:\/\/maranhaotv.com.br\/"],"url":"https:\/\/maranhaotv.com.br\/index.php\/author\/maranhaotv\/"}]}},"jetpack_featured_media_url":"","jetpack_sharing_enabled":true,"_links":{"self":[{"href":"https:\/\/maranhaotv.com.br\/index.php\/wp-json\/wp\/v2\/posts\/35507","targetHints":{"allow":["GET"]}}],"collection":[{"href":"https:\/\/maranhaotv.com.br\/index.php\/wp-json\/wp\/v2\/posts"}],"about":[{"href":"https:\/\/maranhaotv.com.br\/index.php\/wp-json\/wp\/v2\/types\/post"}],"author":[{"embeddable":true,"href":"https:\/\/maranhaotv.com.br\/index.php\/wp-json\/wp\/v2\/users\/2"}],"replies":[{"embeddable":true,"href":"https:\/\/maranhaotv.com.br\/index.php\/wp-json\/wp\/v2\/comments?post=35507"}],"version-history":[{"count":0,"href":"https:\/\/maranhaotv.com.br\/index.php\/wp-json\/wp\/v2\/posts\/35507\/revisions"}],"wp:featuredmedia":[{"embeddable":true,"href":"https:\/\/maranhaotv.com.br\/index.php\/wp-json\/"}],"wp:attachment":[{"href":"https:\/\/maranhaotv.com.br\/index.php\/wp-json\/wp\/v2\/media?parent=35507"}],"wp:term":[{"taxonomy":"category","embeddable":true,"href":"https:\/\/maranhaotv.com.br\/index.php\/wp-json\/wp\/v2\/categories?post=35507"},{"taxonomy":"post_tag","embeddable":true,"href":"https:\/\/maranhaotv.com.br\/index.php\/wp-json\/wp\/v2\/tags?post=35507"}],"curies":[{"name":"wp","href":"https:\/\/api.w.org\/{rel}","templated":true}]}}