{"id":35520,"date":"2024-04-24T07:59:51","date_gmt":"2024-04-24T10:59:51","guid":{"rendered":"https:\/\/maranhaotv.com.br\/?p=35520"},"modified":"2024-04-24T07:59:51","modified_gmt":"2024-04-24T10:59:51","slug":"wesley-sousa-assumira-mandato-de-vereador-de-sao-luis-nesta-quarta-feira-24-de-abril","status":"publish","type":"post","link":"https:\/\/maranhaotv.com.br\/index.php\/2024\/04\/24\/wesley-sousa-assumira-mandato-de-vereador-de-sao-luis-nesta-quarta-feira-24-de-abril\/","title":{"rendered":"Wesley Sousa assumir\u00e1 mandato de vereador de S\u00e3o Lu\u00eds nesta quarta-feira, 24 de abril"},"content":{"rendered":"\n<p>O professor, m\u00fasico e ativista social Wesley Sousa assumir\u00e1 nesta quarta-feira, 24, a partir das 8h30, o mandato de vereador na C\u00e2mara Municipal de S\u00e3o Lu\u00eds. Ele substituir\u00e1 temporariamente o vereador Ant\u00f4nio Garcez (PP) que se afastou para tratar de assuntos particulares. Com uma vis\u00e3o voltada para a transforma\u00e7\u00e3o social e o progresso inclusivo, Wesley traz consigo uma bagagem de experi\u00eancias e compromissos que devemmarcar sua atua\u00e7\u00e3o no legislativo municipal.<br><br>Sua experi\u00eancia como m\u00fasico lhe confere uma compreens\u00e3o profunda das necessidades e potenciais da cena cultural da capital maranhense. O parlamentar ter\u00e1 como bandeira a defesa de pol\u00edticas e iniciativas que promovam a preserva\u00e7\u00e3o, o desenvolvimento e a promo\u00e7\u00e3o das artes e tradi\u00e7\u00f5es locais.<br><br><br>Com uma trajet\u00f3ria marcada tamb\u00e9m pela educa\u00e7\u00e3o, Wesley Sousa utiliza tamb\u00e9m a m\u00fasica como uma ferramenta para inspirar e promover mudan\u00e7as sociais. Ele \u00e9 o fundador de iniciativas como o \u201cBatucando Esperan\u00e7a\u201d, um projeto que oferece educa\u00e7\u00e3o musical a crian\u00e7as em situa\u00e7\u00e3o de vulnerabilidade. Al\u00e9m disso, criou o \u201cOportuniza\u201d, um pr\u00e9-vestibular comunit\u00e1rio que prepara jovens para os desafios do ENEM, beneficiando alunos dos bairros Parque Vit\u00f3ria, Jo\u00e3o de Deus e Anjo da Guarda.<br><br>Sua incurs\u00e3o na pol\u00edtica, inicialmente como candidato a vereador em 2020 e posteriormente como deputado federal em 2022, \u00e9 uma extens\u00e3o de sua miss\u00e3o de servir e transformar. Com o lema \u201cPor uma Cidade de Oportunidades\u201d, sua campanha em 2020 destacou-se por propostas nos pilares da educa\u00e7\u00e3o, cultura e desenvolvimento social, refletindo sua vis\u00e3o de uma sociedade mais justa e inclusiva.<br><br>Wesley Sousa tamb\u00e9m \u00e9 reconhecido por sua atua\u00e7\u00e3o humanit\u00e1ria durante a pandemia, liderando o movimento \u201cUni\u00e3o MA\u201d que arrecadou mais de R$ 3 milh\u00f5es em recursos para ajudar os mais necessitados, distribuindo cestas b\u00e1sicas, tickets de alimenta\u00e7\u00e3o, produtos de higiene e eletrodom\u00e9sticos.<br><br>O novo vereador de S\u00e3o Lu\u00eds publicou em suas redes sociais, que a galeria da C\u00e2mara \u00e9 pequena para receber tanta gente, por isso est\u00e1 preparando uma confraterniza\u00e7\u00e3o a noite no Bar do Leo no Vinhais a partir das 19h.<\/p>\n\n\n\n<figure class=\"wp-block-image size-large\"><img decoding=\"async\" src=\"https:\/\/maranhaotv.com.br\/wp-content\/uploads\/2024\/04\/screenshot_20240424_075758_chrome8872091394353233334-857x1024.jpg\" alt=\"\" class=\"wp-image-35518\"\/><\/figure>\n\n\n\n<p>Diego Emir<\/p>\n","protected":false},"excerpt":{"rendered":"<p>O professor, m\u00fasico e ativista social Wesley Sousa assumir\u00e1 nesta quarta-feira, 24, a partir das 8h30, o mandato de vereador<\/p>\n","protected":false},"author":2,"featured_media":35519,"comment_status":"open","ping_status":"open","sticky":false,"template":"","format":"standard","meta":{"colormag_page_container_layout":"default_layout","colormag_page_sidebar_layout":"default_layout","_jetpack_memberships_contains_paid_content":false,"footnotes":""},"categories":[6],"tags":[],"class_list":["post-35520","post","type-post","status-publish","format-standard","has-post-thumbnail","hentry","category-politica"],"magazineBlocksPostFeaturedMedia":{"thumbnail":false,"medium":false,"medium_large":false,"large":false,"1536x1536":false,"2048x2048":false,"colormag-highlighted-post":false,"colormag-featured-post-medium":false,"colormag-featured-post-small":false,"colormag-featured-image":false,"colormag-default-news":false,"colormag-featured-image-large":false},"magazineBlocksPostAuthor":{"name":"maranhaotv","avatar":"https:\/\/secure.gravatar.com\/avatar\/8fadbca458d4cb68b1dd399ae9a40618d747bb1af65ac9fad21c89220a143eb4?s=96&d=mm&r=g"},"magazineBlocksPostCommentsNumber":"0","magazineBlocksPostExcerpt":"O professor, m\u00fasico e ativista social Wesley Sousa assumir\u00e1 nesta quarta-feira, 24, a partir das 8h30, o mandato de vereador","magazineBlocksPostCategories":["pol\u00edtica"],"magazineBlocksPostViewCount":200,"magazineBlocksPostReadTime":2,"magazine_blocks_featured_image_url":{"full":false,"medium":false,"thumbnail":false},"magazine_blocks_author":{"display_name":"maranhaotv","author_link":"https:\/\/maranhaotv.com.br\/index.php\/author\/maranhaotv\/"},"magazine_blocks_comment":0,"magazine_blocks_author_image":"https:\/\/secure.gravatar.com\/avatar\/8fadbca458d4cb68b1dd399ae9a40618d747bb1af65ac9fad21c89220a143eb4?s=96&d=mm&r=g","magazine_blocks_category":"<a href=\"#\" class=\"category-link category-link-6\">pol\u00edtica<\/a>","yoast_head":"<!-- This site is optimized with the Yoast SEO plugin v27.4 - https:\/\/yoast.com\/product\/yoast-seo-wordpress\/ -->\n<title>Wesley Sousa assumir\u00e1 mandato de vereador de S\u00e3o Lu\u00eds nesta quarta-feira, 24 de abril - NOT\u00cdCIAS EM TEMPO REAL<\/title>\n<meta name=\"robots\" content=\"index, follow, max-snippet:-1, max-image-preview:large, max-video-preview:-1\" \/>\n<link rel=\"canonical\" href=\"https:\/\/maranhaotv.com.br\/index.php\/2024\/04\/24\/wesley-sousa-assumira-mandato-de-vereador-de-sao-luis-nesta-quarta-feira-24-de-abril\/\" \/>\n<meta property=\"og:locale\" content=\"pt_BR\" \/>\n<meta property=\"og:type\" content=\"article\" \/>\n<meta property=\"og:title\" content=\"Wesley Sousa assumir\u00e1 mandato de vereador de S\u00e3o Lu\u00eds nesta quarta-feira, 24 de abril - NOT\u00cdCIAS EM TEMPO REAL\" \/>\n<meta property=\"og:description\" content=\"O professor, m\u00fasico e ativista social Wesley Sousa assumir\u00e1 nesta quarta-feira, 24, a partir das 8h30, o mandato de vereador\" \/>\n<meta property=\"og:url\" content=\"https:\/\/maranhaotv.com.br\/index.php\/2024\/04\/24\/wesley-sousa-assumira-mandato-de-vereador-de-sao-luis-nesta-quarta-feira-24-de-abril\/\" \/>\n<meta property=\"og:site_name\" content=\"NOT\u00cdCIAS EM TEMPO REAL\" \/>\n<meta property=\"article:publisher\" content=\"https:\/\/www.facebook.com\/maiobaotv\" \/>\n<meta property=\"article:published_time\" content=\"2024-04-24T10:59:51+00:00\" \/>\n<meta name=\"author\" content=\"maranhaotv\" \/>\n<meta name=\"twitter:card\" content=\"summary_large_image\" \/>\n<meta name=\"twitter:creator\" content=\"@sitemaranhaotv\" \/>\n<meta name=\"twitter:site\" content=\"@sitemaranhaotv\" \/>\n<meta name=\"twitter:label1\" content=\"Escrito por\" \/>\n\t<meta name=\"twitter:data1\" content=\"maranhaotv\" \/>\n\t<meta name=\"twitter:label2\" content=\"Est. tempo de leitura\" \/>\n\t<meta name=\"twitter:data2\" content=\"2 minutos\" \/>\n<script type=\"application\/ld+json\" class=\"yoast-schema-graph\">{\"@context\":\"https:\\\/\\\/schema.org\",\"@graph\":[{\"@type\":\"Article\",\"@id\":\"https:\\\/\\\/maranhaotv.com.br\\\/index.php\\\/2024\\\/04\\\/24\\\/wesley-sousa-assumira-mandato-de-vereador-de-sao-luis-nesta-quarta-feira-24-de-abril\\\/#article\",\"isPartOf\":{\"@id\":\"https:\\\/\\\/maranhaotv.com.br\\\/index.php\\\/2024\\\/04\\\/24\\\/wesley-sousa-assumira-mandato-de-vereador-de-sao-luis-nesta-quarta-feira-24-de-abril\\\/\"},\"author\":{\"name\":\"maranhaotv\",\"@id\":\"https:\\\/\\\/maranhaotv.com.br\\\/#\\\/schema\\\/person\\\/3d54238e86b20bb5c89ab2fdb8f8829a\"},\"headline\":\"Wesley Sousa assumir\u00e1 mandato de vereador de S\u00e3o Lu\u00eds nesta quarta-feira, 24 de abril\",\"datePublished\":\"2024-04-24T10:59:51+00:00\",\"mainEntityOfPage\":{\"@id\":\"https:\\\/\\\/maranhaotv.com.br\\\/index.php\\\/2024\\\/04\\\/24\\\/wesley-sousa-assumira-mandato-de-vereador-de-sao-luis-nesta-quarta-feira-24-de-abril\\\/\"},\"wordCount\":387,\"commentCount\":0,\"publisher\":{\"@id\":\"https:\\\/\\\/maranhaotv.com.br\\\/#organization\"},\"image\":{\"@id\":\"https:\\\/\\\/maranhaotv.com.br\\\/index.php\\\/2024\\\/04\\\/24\\\/wesley-sousa-assumira-mandato-de-vereador-de-sao-luis-nesta-quarta-feira-24-de-abril\\\/#primaryimage\"},\"thumbnailUrl\":\"\",\"articleSection\":[\"pol\u00edtica\"],\"inLanguage\":\"pt-BR\",\"potentialAction\":[{\"@type\":\"CommentAction\",\"name\":\"Comment\",\"target\":[\"https:\\\/\\\/maranhaotv.com.br\\\/index.php\\\/2024\\\/04\\\/24\\\/wesley-sousa-assumira-mandato-de-vereador-de-sao-luis-nesta-quarta-feira-24-de-abril\\\/#respond\"]}]},{\"@type\":\"WebPage\",\"@id\":\"https:\\\/\\\/maranhaotv.com.br\\\/index.php\\\/2024\\\/04\\\/24\\\/wesley-sousa-assumira-mandato-de-vereador-de-sao-luis-nesta-quarta-feira-24-de-abril\\\/\",\"url\":\"https:\\\/\\\/maranhaotv.com.br\\\/index.php\\\/2024\\\/04\\\/24\\\/wesley-sousa-assumira-mandato-de-vereador-de-sao-luis-nesta-quarta-feira-24-de-abril\\\/\",\"name\":\"Wesley Sousa assumir\u00e1 mandato de vereador de S\u00e3o Lu\u00eds nesta quarta-feira, 24 de abril - NOT\u00cdCIAS EM TEMPO REAL\",\"isPartOf\":{\"@id\":\"https:\\\/\\\/maranhaotv.com.br\\\/#website\"},\"primaryImageOfPage\":{\"@id\":\"https:\\\/\\\/maranhaotv.com.br\\\/index.php\\\/2024\\\/04\\\/24\\\/wesley-sousa-assumira-mandato-de-vereador-de-sao-luis-nesta-quarta-feira-24-de-abril\\\/#primaryimage\"},\"image\":{\"@id\":\"https:\\\/\\\/maranhaotv.com.br\\\/index.php\\\/2024\\\/04\\\/24\\\/wesley-sousa-assumira-mandato-de-vereador-de-sao-luis-nesta-quarta-feira-24-de-abril\\\/#primaryimage\"},\"thumbnailUrl\":\"\",\"datePublished\":\"2024-04-24T10:59:51+00:00\",\"breadcrumb\":{\"@id\":\"https:\\\/\\\/maranhaotv.com.br\\\/index.php\\\/2024\\\/04\\\/24\\\/wesley-sousa-assumira-mandato-de-vereador-de-sao-luis-nesta-quarta-feira-24-de-abril\\\/#breadcrumb\"},\"inLanguage\":\"pt-BR\",\"potentialAction\":[{\"@type\":\"ReadAction\",\"target\":[\"https:\\\/\\\/maranhaotv.com.br\\\/index.php\\\/2024\\\/04\\\/24\\\/wesley-sousa-assumira-mandato-de-vereador-de-sao-luis-nesta-quarta-feira-24-de-abril\\\/\"]}]},{\"@type\":\"ImageObject\",\"inLanguage\":\"pt-BR\",\"@id\":\"https:\\\/\\\/maranhaotv.com.br\\\/index.php\\\/2024\\\/04\\\/24\\\/wesley-sousa-assumira-mandato-de-vereador-de-sao-luis-nesta-quarta-feira-24-de-abril\\\/#primaryimage\",\"url\":\"\",\"contentUrl\":\"\"},{\"@type\":\"BreadcrumbList\",\"@id\":\"https:\\\/\\\/maranhaotv.com.br\\\/index.php\\\/2024\\\/04\\\/24\\\/wesley-sousa-assumira-mandato-de-vereador-de-sao-luis-nesta-quarta-feira-24-de-abril\\\/#breadcrumb\",\"itemListElement\":[{\"@type\":\"ListItem\",\"position\":1,\"name\":\"In\u00edcio\",\"item\":\"https:\\\/\\\/maranhaotv.com.br\\\/\"},{\"@type\":\"ListItem\",\"position\":2,\"name\":\"Wesley Sousa assumir\u00e1 mandato de vereador de S\u00e3o Lu\u00eds nesta quarta-feira, 24 de abril\"}]},{\"@type\":\"WebSite\",\"@id\":\"https:\\\/\\\/maranhaotv.com.br\\\/#website\",\"url\":\"https:\\\/\\\/maranhaotv.com.br\\\/\",\"name\":\"Maranh\u00e3oTV\",\"description\":\"\",\"publisher\":{\"@id\":\"https:\\\/\\\/maranhaotv.com.br\\\/#organization\"},\"potentialAction\":[{\"@type\":\"SearchAction\",\"target\":{\"@type\":\"EntryPoint\",\"urlTemplate\":\"https:\\\/\\\/maranhaotv.com.br\\\/?s={search_term_string}\"},\"query-input\":{\"@type\":\"PropertyValueSpecification\",\"valueRequired\":true,\"valueName\":\"search_term_string\"}}],\"inLanguage\":\"pt-BR\"},{\"@type\":\"Organization\",\"@id\":\"https:\\\/\\\/maranhaotv.com.br\\\/#organization\",\"name\":\"Portal de Not\u00edcias\",\"url\":\"https:\\\/\\\/maranhaotv.com.br\\\/\",\"logo\":{\"@type\":\"ImageObject\",\"inLanguage\":\"pt-BR\",\"@id\":\"https:\\\/\\\/maranhaotv.com.br\\\/#\\\/schema\\\/logo\\\/image\\\/\",\"url\":\"https:\\\/\\\/maranhaotv.com.br\\\/wp-content\\\/uploads\\\/2024\\\/05\\\/cropped-cropped-avatar-1.png\",\"contentUrl\":\"https:\\\/\\\/maranhaotv.com.br\\\/wp-content\\\/uploads\\\/2024\\\/05\\\/cropped-cropped-avatar-1.png\",\"width\":792,\"height\":428,\"caption\":\"Portal de Not\u00edcias\"},\"image\":{\"@id\":\"https:\\\/\\\/maranhaotv.com.br\\\/#\\\/schema\\\/logo\\\/image\\\/\"},\"sameAs\":[\"https:\\\/\\\/www.facebook.com\\\/maiobaotv\",\"https:\\\/\\\/x.com\\\/sitemaranhaotv\",\"https:\\\/\\\/www.instagram.com\\\/maranhao.tv\",\"https:\\\/\\\/www.threads.net\\\/@maranhao.tv\"]},{\"@type\":\"Person\",\"@id\":\"https:\\\/\\\/maranhaotv.com.br\\\/#\\\/schema\\\/person\\\/3d54238e86b20bb5c89ab2fdb8f8829a\",\"name\":\"maranhaotv\",\"image\":{\"@type\":\"ImageObject\",\"inLanguage\":\"pt-BR\",\"@id\":\"https:\\\/\\\/secure.gravatar.com\\\/avatar\\\/8fadbca458d4cb68b1dd399ae9a40618d747bb1af65ac9fad21c89220a143eb4?s=96&d=mm&r=g\",\"url\":\"https:\\\/\\\/secure.gravatar.com\\\/avatar\\\/8fadbca458d4cb68b1dd399ae9a40618d747bb1af65ac9fad21c89220a143eb4?s=96&d=mm&r=g\",\"contentUrl\":\"https:\\\/\\\/secure.gravatar.com\\\/avatar\\\/8fadbca458d4cb68b1dd399ae9a40618d747bb1af65ac9fad21c89220a143eb4?s=96&d=mm&r=g\",\"caption\":\"maranhaotv\"},\"sameAs\":[\"https:\\\/\\\/maranhaotv.com.br\\\/\"],\"url\":\"https:\\\/\\\/maranhaotv.com.br\\\/index.php\\\/author\\\/maranhaotv\\\/\"}]}<\/script>\n<!-- \/ Yoast SEO plugin. -->","yoast_head_json":{"title":"Wesley Sousa assumir\u00e1 mandato de vereador de S\u00e3o Lu\u00eds nesta quarta-feira, 24 de abril - NOT\u00cdCIAS EM TEMPO REAL","robots":{"index":"index","follow":"follow","max-snippet":"max-snippet:-1","max-image-preview":"max-image-preview:large","max-video-preview":"max-video-preview:-1"},"canonical":"https:\/\/maranhaotv.com.br\/index.php\/2024\/04\/24\/wesley-sousa-assumira-mandato-de-vereador-de-sao-luis-nesta-quarta-feira-24-de-abril\/","og_locale":"pt_BR","og_type":"article","og_title":"Wesley Sousa assumir\u00e1 mandato de vereador de S\u00e3o Lu\u00eds nesta quarta-feira, 24 de abril - NOT\u00cdCIAS EM TEMPO REAL","og_description":"O professor, m\u00fasico e ativista social Wesley Sousa assumir\u00e1 nesta quarta-feira, 24, a partir das 8h30, o mandato de vereador","og_url":"https:\/\/maranhaotv.com.br\/index.php\/2024\/04\/24\/wesley-sousa-assumira-mandato-de-vereador-de-sao-luis-nesta-quarta-feira-24-de-abril\/","og_site_name":"NOT\u00cdCIAS EM TEMPO REAL","article_publisher":"https:\/\/www.facebook.com\/maiobaotv","article_published_time":"2024-04-24T10:59:51+00:00","author":"maranhaotv","twitter_card":"summary_large_image","twitter_creator":"@sitemaranhaotv","twitter_site":"@sitemaranhaotv","twitter_misc":{"Escrito por":"maranhaotv","Est. tempo de leitura":"2 minutos"},"schema":{"@context":"https:\/\/schema.org","@graph":[{"@type":"Article","@id":"https:\/\/maranhaotv.com.br\/index.php\/2024\/04\/24\/wesley-sousa-assumira-mandato-de-vereador-de-sao-luis-nesta-quarta-feira-24-de-abril\/#article","isPartOf":{"@id":"https:\/\/maranhaotv.com.br\/index.php\/2024\/04\/24\/wesley-sousa-assumira-mandato-de-vereador-de-sao-luis-nesta-quarta-feira-24-de-abril\/"},"author":{"name":"maranhaotv","@id":"https:\/\/maranhaotv.com.br\/#\/schema\/person\/3d54238e86b20bb5c89ab2fdb8f8829a"},"headline":"Wesley Sousa assumir\u00e1 mandato de vereador de S\u00e3o Lu\u00eds nesta quarta-feira, 24 de abril","datePublished":"2024-04-24T10:59:51+00:00","mainEntityOfPage":{"@id":"https:\/\/maranhaotv.com.br\/index.php\/2024\/04\/24\/wesley-sousa-assumira-mandato-de-vereador-de-sao-luis-nesta-quarta-feira-24-de-abril\/"},"wordCount":387,"commentCount":0,"publisher":{"@id":"https:\/\/maranhaotv.com.br\/#organization"},"image":{"@id":"https:\/\/maranhaotv.com.br\/index.php\/2024\/04\/24\/wesley-sousa-assumira-mandato-de-vereador-de-sao-luis-nesta-quarta-feira-24-de-abril\/#primaryimage"},"thumbnailUrl":"","articleSection":["pol\u00edtica"],"inLanguage":"pt-BR","potentialAction":[{"@type":"CommentAction","name":"Comment","target":["https:\/\/maranhaotv.com.br\/index.php\/2024\/04\/24\/wesley-sousa-assumira-mandato-de-vereador-de-sao-luis-nesta-quarta-feira-24-de-abril\/#respond"]}]},{"@type":"WebPage","@id":"https:\/\/maranhaotv.com.br\/index.php\/2024\/04\/24\/wesley-sousa-assumira-mandato-de-vereador-de-sao-luis-nesta-quarta-feira-24-de-abril\/","url":"https:\/\/maranhaotv.com.br\/index.php\/2024\/04\/24\/wesley-sousa-assumira-mandato-de-vereador-de-sao-luis-nesta-quarta-feira-24-de-abril\/","name":"Wesley Sousa assumir\u00e1 mandato de vereador de S\u00e3o Lu\u00eds nesta quarta-feira, 24 de abril - NOT\u00cdCIAS EM TEMPO REAL","isPartOf":{"@id":"https:\/\/maranhaotv.com.br\/#website"},"primaryImageOfPage":{"@id":"https:\/\/maranhaotv.com.br\/index.php\/2024\/04\/24\/wesley-sousa-assumira-mandato-de-vereador-de-sao-luis-nesta-quarta-feira-24-de-abril\/#primaryimage"},"image":{"@id":"https:\/\/maranhaotv.com.br\/index.php\/2024\/04\/24\/wesley-sousa-assumira-mandato-de-vereador-de-sao-luis-nesta-quarta-feira-24-de-abril\/#primaryimage"},"thumbnailUrl":"","datePublished":"2024-04-24T10:59:51+00:00","breadcrumb":{"@id":"https:\/\/maranhaotv.com.br\/index.php\/2024\/04\/24\/wesley-sousa-assumira-mandato-de-vereador-de-sao-luis-nesta-quarta-feira-24-de-abril\/#breadcrumb"},"inLanguage":"pt-BR","potentialAction":[{"@type":"ReadAction","target":["https:\/\/maranhaotv.com.br\/index.php\/2024\/04\/24\/wesley-sousa-assumira-mandato-de-vereador-de-sao-luis-nesta-quarta-feira-24-de-abril\/"]}]},{"@type":"ImageObject","inLanguage":"pt-BR","@id":"https:\/\/maranhaotv.com.br\/index.php\/2024\/04\/24\/wesley-sousa-assumira-mandato-de-vereador-de-sao-luis-nesta-quarta-feira-24-de-abril\/#primaryimage","url":"","contentUrl":""},{"@type":"BreadcrumbList","@id":"https:\/\/maranhaotv.com.br\/index.php\/2024\/04\/24\/wesley-sousa-assumira-mandato-de-vereador-de-sao-luis-nesta-quarta-feira-24-de-abril\/#breadcrumb","itemListElement":[{"@type":"ListItem","position":1,"name":"In\u00edcio","item":"https:\/\/maranhaotv.com.br\/"},{"@type":"ListItem","position":2,"name":"Wesley Sousa assumir\u00e1 mandato de vereador de S\u00e3o Lu\u00eds nesta quarta-feira, 24 de abril"}]},{"@type":"WebSite","@id":"https:\/\/maranhaotv.com.br\/#website","url":"https:\/\/maranhaotv.com.br\/","name":"Maranh\u00e3oTV","description":"","publisher":{"@id":"https:\/\/maranhaotv.com.br\/#organization"},"potentialAction":[{"@type":"SearchAction","target":{"@type":"EntryPoint","urlTemplate":"https:\/\/maranhaotv.com.br\/?s={search_term_string}"},"query-input":{"@type":"PropertyValueSpecification","valueRequired":true,"valueName":"search_term_string"}}],"inLanguage":"pt-BR"},{"@type":"Organization","@id":"https:\/\/maranhaotv.com.br\/#organization","name":"Portal de Not\u00edcias","url":"https:\/\/maranhaotv.com.br\/","logo":{"@type":"ImageObject","inLanguage":"pt-BR","@id":"https:\/\/maranhaotv.com.br\/#\/schema\/logo\/image\/","url":"https:\/\/maranhaotv.com.br\/wp-content\/uploads\/2024\/05\/cropped-cropped-avatar-1.png","contentUrl":"https:\/\/maranhaotv.com.br\/wp-content\/uploads\/2024\/05\/cropped-cropped-avatar-1.png","width":792,"height":428,"caption":"Portal de Not\u00edcias"},"image":{"@id":"https:\/\/maranhaotv.com.br\/#\/schema\/logo\/image\/"},"sameAs":["https:\/\/www.facebook.com\/maiobaotv","https:\/\/x.com\/sitemaranhaotv","https:\/\/www.instagram.com\/maranhao.tv","https:\/\/www.threads.net\/@maranhao.tv"]},{"@type":"Person","@id":"https:\/\/maranhaotv.com.br\/#\/schema\/person\/3d54238e86b20bb5c89ab2fdb8f8829a","name":"maranhaotv","image":{"@type":"ImageObject","inLanguage":"pt-BR","@id":"https:\/\/secure.gravatar.com\/avatar\/8fadbca458d4cb68b1dd399ae9a40618d747bb1af65ac9fad21c89220a143eb4?s=96&d=mm&r=g","url":"https:\/\/secure.gravatar.com\/avatar\/8fadbca458d4cb68b1dd399ae9a40618d747bb1af65ac9fad21c89220a143eb4?s=96&d=mm&r=g","contentUrl":"https:\/\/secure.gravatar.com\/avatar\/8fadbca458d4cb68b1dd399ae9a40618d747bb1af65ac9fad21c89220a143eb4?s=96&d=mm&r=g","caption":"maranhaotv"},"sameAs":["https:\/\/maranhaotv.com.br\/"],"url":"https:\/\/maranhaotv.com.br\/index.php\/author\/maranhaotv\/"}]}},"jetpack_featured_media_url":"","jetpack_sharing_enabled":true,"_links":{"self":[{"href":"https:\/\/maranhaotv.com.br\/index.php\/wp-json\/wp\/v2\/posts\/35520","targetHints":{"allow":["GET"]}}],"collection":[{"href":"https:\/\/maranhaotv.com.br\/index.php\/wp-json\/wp\/v2\/posts"}],"about":[{"href":"https:\/\/maranhaotv.com.br\/index.php\/wp-json\/wp\/v2\/types\/post"}],"author":[{"embeddable":true,"href":"https:\/\/maranhaotv.com.br\/index.php\/wp-json\/wp\/v2\/users\/2"}],"replies":[{"embeddable":true,"href":"https:\/\/maranhaotv.com.br\/index.php\/wp-json\/wp\/v2\/comments?post=35520"}],"version-history":[{"count":0,"href":"https:\/\/maranhaotv.com.br\/index.php\/wp-json\/wp\/v2\/posts\/35520\/revisions"}],"wp:featuredmedia":[{"embeddable":true,"href":"https:\/\/maranhaotv.com.br\/index.php\/wp-json\/"}],"wp:attachment":[{"href":"https:\/\/maranhaotv.com.br\/index.php\/wp-json\/wp\/v2\/media?parent=35520"}],"wp:term":[{"taxonomy":"category","embeddable":true,"href":"https:\/\/maranhaotv.com.br\/index.php\/wp-json\/wp\/v2\/categories?post=35520"},{"taxonomy":"post_tag","embeddable":true,"href":"https:\/\/maranhaotv.com.br\/index.php\/wp-json\/wp\/v2\/tags?post=35520"}],"curies":[{"name":"wp","href":"https:\/\/api.w.org\/{rel}","templated":true}]}}