{"id":35898,"date":"2024-05-17T09:53:53","date_gmt":"2024-05-17T12:53:53","guid":{"rendered":"https:\/\/maranhaotv.com.br\/?p=35898"},"modified":"2024-05-17T10:58:23","modified_gmt":"2024-05-17T13:58:23","slug":"o-diferencial-de-mariana-brandao-nas-eleicoes-de-paco-do-lumiar","status":"publish","type":"post","link":"https:\/\/maranhaotv.com.br\/index.php\/2024\/05\/17\/o-diferencial-de-mariana-brandao-nas-eleicoes-de-paco-do-lumiar\/","title":{"rendered":"O diferencial de Mariana Brand\u00e3o nas elei\u00e7\u00f5es de Pa\u00e7o do Lumiar"},"content":{"rendered":"\n<p>A poss\u00edvel candidatura de Mariana Brand\u00e3o, do MDB, ao cargo de vice-prefeita em Pa\u00e7o do Lumiar, para compor possivelmente a chapa com Fred Campos (PSB), tem gerado expectativas e especula\u00e7\u00f5es na pol\u00edtica maranhense. Como filha do presidente do MDB do Maranh\u00e3o, Marcus Brand\u00e3o, ela representa uma importante conex\u00e3o pol\u00edtica, trazendo consigo uma influ\u00eancia significativa no cen\u00e1rio estadual.<br><br>A indica\u00e7\u00e3o de Mariana como vice, presumivelmente apoiada pela fam\u00edlia do governador Carlos Brand\u00e3o \u2013 seu tio \u2013 pela sua rela\u00e7\u00e3o familiar com o presidente estadual do MDB, Marcus Brand\u00e3o, eleva sua import\u00e2ncia na pol\u00edtica local e estadual. A possibilidade de sua efetiva\u00e7\u00e3o nas urnas em outubro promete impulsionar Pa\u00e7o do Lumiar para um per\u00edodo de intenso desenvolvimento e obras.<br><br>O munic\u00edpio, situado na regi\u00e3o metropolitana, pode se tornar um centro de atividades pol\u00edticas e administrativas sob a lideran\u00e7a de Mariana como vice-prefeita. Sua influ\u00eancia a n\u00edvel estadual sugere que Pa\u00e7o do Lumiar poder\u00e1 contar com recursos e investimentos significativos, transformando-se em um verdadeiro celeiro de obras e desenvolvimento.<br><br>A presen\u00e7a de Mariana, sobrinha do governador, como vice-prefeita de uma cidade como Pa\u00e7o do Lumiar, acrescenta uma dimens\u00e3o interessante \u00e0 pol\u00edtica local. Sua ascend\u00eancia pol\u00edtica, aliada \u00e0 sua juventude e determina\u00e7\u00e3o, promete trazer novas perspectivas e oportunidades para os moradores do munic\u00edpio.<br><br>Enquanto Mariana Brand\u00e3o inicia sua jornada rumo \u00e0 vice-prefeitura de Pa\u00e7o do Lumiar, a pol\u00edtica maranhense aguarda com expectativa as consequ\u00eancias desse movimento. E o munic\u00edpio pode estar prestes a testemunhar uma transforma\u00e7\u00e3o significativa sob a lideran\u00e7a de uma nova figura pol\u00edtica emergente.<br><br><br><br>Domingos Costa<\/p>\n","protected":false},"excerpt":{"rendered":"<p>A poss\u00edvel candidatura de Mariana Brand\u00e3o, do MDB, ao cargo de vice-prefeita em Pa\u00e7o do Lumiar, para compor possivelmente a<\/p>\n","protected":false},"author":2,"featured_media":35904,"comment_status":"open","ping_status":"open","sticky":false,"template":"","format":"standard","meta":{"colormag_page_container_layout":"default_layout","colormag_page_sidebar_layout":"default_layout","_jetpack_memberships_contains_paid_content":false,"footnotes":""},"categories":[6],"tags":[43,440],"class_list":["post-35898","post","type-post","status-publish","format-standard","has-post-thumbnail","hentry","category-politica","tag-fred-campos","tag-mariana-brandao"],"magazineBlocksPostFeaturedMedia":{"thumbnail":"https:\/\/maranhaotv.com.br\/wp-content\/uploads\/2024\/05\/IMG-20240517-WA0047-1-150x150.jpg","medium":"https:\/\/maranhaotv.com.br\/wp-content\/uploads\/2024\/05\/IMG-20240517-WA0047-1-300x219.jpg","medium_large":"https:\/\/maranhaotv.com.br\/wp-content\/uploads\/2024\/05\/IMG-20240517-WA0047-1-768x562.jpg","large":"https:\/\/maranhaotv.com.br\/wp-content\/uploads\/2024\/05\/IMG-20240517-WA0047-1-1024x749.jpg","1536x1536":"https:\/\/maranhaotv.com.br\/wp-content\/uploads\/2024\/05\/IMG-20240517-WA0047-1-1536x1123.jpg","2048x2048":"https:\/\/maranhaotv.com.br\/wp-content\/uploads\/2024\/05\/IMG-20240517-WA0047-1-2048x1498.jpg","colormag-highlighted-post":"https:\/\/maranhaotv.com.br\/wp-content\/uploads\/2024\/05\/IMG-20240517-WA0047-1-392x272.jpg","colormag-featured-post-medium":"https:\/\/maranhaotv.com.br\/wp-content\/uploads\/2024\/05\/IMG-20240517-WA0047-1-390x205.jpg","colormag-featured-post-small":"https:\/\/maranhaotv.com.br\/wp-content\/uploads\/2024\/05\/IMG-20240517-WA0047-1-130x90.jpg","colormag-featured-image":"https:\/\/maranhaotv.com.br\/wp-content\/uploads\/2024\/05\/IMG-20240517-WA0047-1-800x445.jpg","colormag-default-news":"https:\/\/maranhaotv.com.br\/wp-content\/uploads\/2024\/05\/IMG-20240517-WA0047-1-150x150.jpg","colormag-featured-image-large":"https:\/\/maranhaotv.com.br\/wp-content\/uploads\/2024\/05\/IMG-20240517-WA0047-1-1400x600.jpg"},"magazineBlocksPostAuthor":{"name":"maranhaotv","avatar":"https:\/\/secure.gravatar.com\/avatar\/8fadbca458d4cb68b1dd399ae9a40618d747bb1af65ac9fad21c89220a143eb4?s=96&d=mm&r=g"},"magazineBlocksPostCommentsNumber":"0","magazineBlocksPostExcerpt":"A poss\u00edvel candidatura de Mariana Brand\u00e3o, do MDB, ao cargo de vice-prefeita em Pa\u00e7o do Lumiar, para compor possivelmente a","magazineBlocksPostCategories":["pol\u00edtica"],"magazineBlocksPostViewCount":361,"magazineBlocksPostReadTime":2,"magazine_blocks_featured_image_url":{"full":["https:\/\/maranhaotv.com.br\/wp-content\/uploads\/2024\/05\/IMG-20240517-WA0047-1-scaled.jpg",123,90,false],"medium":["https:\/\/maranhaotv.com.br\/wp-content\/uploads\/2024\/05\/IMG-20240517-WA0047-1-300x219.jpg",300,219,true],"thumbnail":["https:\/\/maranhaotv.com.br\/wp-content\/uploads\/2024\/05\/IMG-20240517-WA0047-1-150x150.jpg",150,150,true]},"magazine_blocks_author":{"display_name":"maranhaotv","author_link":"https:\/\/maranhaotv.com.br\/index.php\/author\/maranhaotv\/"},"magazine_blocks_comment":0,"magazine_blocks_author_image":"https:\/\/secure.gravatar.com\/avatar\/8fadbca458d4cb68b1dd399ae9a40618d747bb1af65ac9fad21c89220a143eb4?s=96&d=mm&r=g","magazine_blocks_category":"<a href=\"#\" class=\"category-link category-link-6\">pol\u00edtica<\/a>","yoast_head":"<!-- This site is optimized with the Yoast SEO plugin v27.4 - https:\/\/yoast.com\/product\/yoast-seo-wordpress\/ -->\n<title>O diferencial de Mariana Brand\u00e3o nas elei\u00e7\u00f5es de Pa\u00e7o do Lumiar - NOT\u00cdCIAS EM TEMPO REAL<\/title>\n<meta name=\"robots\" content=\"index, follow, max-snippet:-1, max-image-preview:large, max-video-preview:-1\" \/>\n<link rel=\"canonical\" href=\"https:\/\/maranhaotv.com.br\/index.php\/2024\/05\/17\/o-diferencial-de-mariana-brandao-nas-eleicoes-de-paco-do-lumiar\/\" \/>\n<meta property=\"og:locale\" content=\"pt_BR\" \/>\n<meta property=\"og:type\" content=\"article\" \/>\n<meta property=\"og:title\" content=\"O diferencial de Mariana Brand\u00e3o nas elei\u00e7\u00f5es de Pa\u00e7o do Lumiar - NOT\u00cdCIAS EM TEMPO REAL\" \/>\n<meta property=\"og:description\" content=\"A poss\u00edvel candidatura de Mariana Brand\u00e3o, do MDB, ao cargo de vice-prefeita em Pa\u00e7o do Lumiar, para compor possivelmente a\" \/>\n<meta property=\"og:url\" content=\"https:\/\/maranhaotv.com.br\/index.php\/2024\/05\/17\/o-diferencial-de-mariana-brandao-nas-eleicoes-de-paco-do-lumiar\/\" \/>\n<meta property=\"og:site_name\" content=\"NOT\u00cdCIAS EM TEMPO REAL\" \/>\n<meta property=\"article:publisher\" content=\"https:\/\/www.facebook.com\/maiobaotv\" \/>\n<meta property=\"article:published_time\" content=\"2024-05-17T12:53:53+00:00\" \/>\n<meta property=\"article:modified_time\" content=\"2024-05-17T13:58:23+00:00\" \/>\n<meta property=\"og:image\" content=\"https:\/\/maranhaotv.com.br\/wp-content\/uploads\/2024\/05\/IMG-20240517-WA0047-1-scaled.jpg\" \/>\n\t<meta property=\"og:image:width\" content=\"2560\" \/>\n\t<meta property=\"og:image:height\" content=\"1872\" \/>\n\t<meta property=\"og:image:type\" content=\"image\/jpeg\" \/>\n<meta name=\"author\" content=\"maranhaotv\" \/>\n<meta name=\"twitter:card\" content=\"summary_large_image\" \/>\n<meta name=\"twitter:creator\" content=\"@sitemaranhaotv\" \/>\n<meta name=\"twitter:site\" content=\"@sitemaranhaotv\" \/>\n<meta name=\"twitter:label1\" content=\"Escrito por\" \/>\n\t<meta name=\"twitter:data1\" content=\"maranhaotv\" \/>\n\t<meta name=\"twitter:label2\" content=\"Est. tempo de leitura\" \/>\n\t<meta name=\"twitter:data2\" content=\"1 minuto\" \/>\n<script type=\"application\/ld+json\" class=\"yoast-schema-graph\">{\"@context\":\"https:\\\/\\\/schema.org\",\"@graph\":[{\"@type\":\"Article\",\"@id\":\"https:\\\/\\\/maranhaotv.com.br\\\/index.php\\\/2024\\\/05\\\/17\\\/o-diferencial-de-mariana-brandao-nas-eleicoes-de-paco-do-lumiar\\\/#article\",\"isPartOf\":{\"@id\":\"https:\\\/\\\/maranhaotv.com.br\\\/index.php\\\/2024\\\/05\\\/17\\\/o-diferencial-de-mariana-brandao-nas-eleicoes-de-paco-do-lumiar\\\/\"},\"author\":{\"name\":\"maranhaotv\",\"@id\":\"https:\\\/\\\/maranhaotv.com.br\\\/#\\\/schema\\\/person\\\/3d54238e86b20bb5c89ab2fdb8f8829a\"},\"headline\":\"O diferencial de Mariana Brand\u00e3o nas elei\u00e7\u00f5es de Pa\u00e7o do Lumiar\",\"datePublished\":\"2024-05-17T12:53:53+00:00\",\"dateModified\":\"2024-05-17T13:58:23+00:00\",\"mainEntityOfPage\":{\"@id\":\"https:\\\/\\\/maranhaotv.com.br\\\/index.php\\\/2024\\\/05\\\/17\\\/o-diferencial-de-mariana-brandao-nas-eleicoes-de-paco-do-lumiar\\\/\"},\"wordCount\":307,\"commentCount\":0,\"publisher\":{\"@id\":\"https:\\\/\\\/maranhaotv.com.br\\\/#organization\"},\"image\":{\"@id\":\"https:\\\/\\\/maranhaotv.com.br\\\/index.php\\\/2024\\\/05\\\/17\\\/o-diferencial-de-mariana-brandao-nas-eleicoes-de-paco-do-lumiar\\\/#primaryimage\"},\"thumbnailUrl\":\"https:\\\/\\\/maranhaotv.com.br\\\/wp-content\\\/uploads\\\/2024\\\/05\\\/IMG-20240517-WA0047-1-scaled.jpg\",\"keywords\":[\"Fred Campos\",\"Mariana Brand\u00e3o\"],\"articleSection\":[\"pol\u00edtica\"],\"inLanguage\":\"pt-BR\",\"potentialAction\":[{\"@type\":\"CommentAction\",\"name\":\"Comment\",\"target\":[\"https:\\\/\\\/maranhaotv.com.br\\\/index.php\\\/2024\\\/05\\\/17\\\/o-diferencial-de-mariana-brandao-nas-eleicoes-de-paco-do-lumiar\\\/#respond\"]}]},{\"@type\":\"WebPage\",\"@id\":\"https:\\\/\\\/maranhaotv.com.br\\\/index.php\\\/2024\\\/05\\\/17\\\/o-diferencial-de-mariana-brandao-nas-eleicoes-de-paco-do-lumiar\\\/\",\"url\":\"https:\\\/\\\/maranhaotv.com.br\\\/index.php\\\/2024\\\/05\\\/17\\\/o-diferencial-de-mariana-brandao-nas-eleicoes-de-paco-do-lumiar\\\/\",\"name\":\"O diferencial de Mariana Brand\u00e3o nas elei\u00e7\u00f5es de Pa\u00e7o do Lumiar - NOT\u00cdCIAS EM TEMPO REAL\",\"isPartOf\":{\"@id\":\"https:\\\/\\\/maranhaotv.com.br\\\/#website\"},\"primaryImageOfPage\":{\"@id\":\"https:\\\/\\\/maranhaotv.com.br\\\/index.php\\\/2024\\\/05\\\/17\\\/o-diferencial-de-mariana-brandao-nas-eleicoes-de-paco-do-lumiar\\\/#primaryimage\"},\"image\":{\"@id\":\"https:\\\/\\\/maranhaotv.com.br\\\/index.php\\\/2024\\\/05\\\/17\\\/o-diferencial-de-mariana-brandao-nas-eleicoes-de-paco-do-lumiar\\\/#primaryimage\"},\"thumbnailUrl\":\"https:\\\/\\\/maranhaotv.com.br\\\/wp-content\\\/uploads\\\/2024\\\/05\\\/IMG-20240517-WA0047-1-scaled.jpg\",\"datePublished\":\"2024-05-17T12:53:53+00:00\",\"dateModified\":\"2024-05-17T13:58:23+00:00\",\"breadcrumb\":{\"@id\":\"https:\\\/\\\/maranhaotv.com.br\\\/index.php\\\/2024\\\/05\\\/17\\\/o-diferencial-de-mariana-brandao-nas-eleicoes-de-paco-do-lumiar\\\/#breadcrumb\"},\"inLanguage\":\"pt-BR\",\"potentialAction\":[{\"@type\":\"ReadAction\",\"target\":[\"https:\\\/\\\/maranhaotv.com.br\\\/index.php\\\/2024\\\/05\\\/17\\\/o-diferencial-de-mariana-brandao-nas-eleicoes-de-paco-do-lumiar\\\/\"]}]},{\"@type\":\"ImageObject\",\"inLanguage\":\"pt-BR\",\"@id\":\"https:\\\/\\\/maranhaotv.com.br\\\/index.php\\\/2024\\\/05\\\/17\\\/o-diferencial-de-mariana-brandao-nas-eleicoes-de-paco-do-lumiar\\\/#primaryimage\",\"url\":\"https:\\\/\\\/maranhaotv.com.br\\\/wp-content\\\/uploads\\\/2024\\\/05\\\/IMG-20240517-WA0047-1-scaled.jpg\",\"contentUrl\":\"https:\\\/\\\/maranhaotv.com.br\\\/wp-content\\\/uploads\\\/2024\\\/05\\\/IMG-20240517-WA0047-1-scaled.jpg\",\"width\":123,\"height\":90},{\"@type\":\"BreadcrumbList\",\"@id\":\"https:\\\/\\\/maranhaotv.com.br\\\/index.php\\\/2024\\\/05\\\/17\\\/o-diferencial-de-mariana-brandao-nas-eleicoes-de-paco-do-lumiar\\\/#breadcrumb\",\"itemListElement\":[{\"@type\":\"ListItem\",\"position\":1,\"name\":\"In\u00edcio\",\"item\":\"https:\\\/\\\/maranhaotv.com.br\\\/\"},{\"@type\":\"ListItem\",\"position\":2,\"name\":\"O diferencial de Mariana Brand\u00e3o nas elei\u00e7\u00f5es de Pa\u00e7o do Lumiar\"}]},{\"@type\":\"WebSite\",\"@id\":\"https:\\\/\\\/maranhaotv.com.br\\\/#website\",\"url\":\"https:\\\/\\\/maranhaotv.com.br\\\/\",\"name\":\"Maranh\u00e3oTV\",\"description\":\"\",\"publisher\":{\"@id\":\"https:\\\/\\\/maranhaotv.com.br\\\/#organization\"},\"potentialAction\":[{\"@type\":\"SearchAction\",\"target\":{\"@type\":\"EntryPoint\",\"urlTemplate\":\"https:\\\/\\\/maranhaotv.com.br\\\/?s={search_term_string}\"},\"query-input\":{\"@type\":\"PropertyValueSpecification\",\"valueRequired\":true,\"valueName\":\"search_term_string\"}}],\"inLanguage\":\"pt-BR\"},{\"@type\":\"Organization\",\"@id\":\"https:\\\/\\\/maranhaotv.com.br\\\/#organization\",\"name\":\"Portal de Not\u00edcias\",\"url\":\"https:\\\/\\\/maranhaotv.com.br\\\/\",\"logo\":{\"@type\":\"ImageObject\",\"inLanguage\":\"pt-BR\",\"@id\":\"https:\\\/\\\/maranhaotv.com.br\\\/#\\\/schema\\\/logo\\\/image\\\/\",\"url\":\"https:\\\/\\\/maranhaotv.com.br\\\/wp-content\\\/uploads\\\/2024\\\/05\\\/cropped-cropped-avatar-1.png\",\"contentUrl\":\"https:\\\/\\\/maranhaotv.com.br\\\/wp-content\\\/uploads\\\/2024\\\/05\\\/cropped-cropped-avatar-1.png\",\"width\":792,\"height\":428,\"caption\":\"Portal de Not\u00edcias\"},\"image\":{\"@id\":\"https:\\\/\\\/maranhaotv.com.br\\\/#\\\/schema\\\/logo\\\/image\\\/\"},\"sameAs\":[\"https:\\\/\\\/www.facebook.com\\\/maiobaotv\",\"https:\\\/\\\/x.com\\\/sitemaranhaotv\",\"https:\\\/\\\/www.instagram.com\\\/maranhao.tv\",\"https:\\\/\\\/www.threads.net\\\/@maranhao.tv\"]},{\"@type\":\"Person\",\"@id\":\"https:\\\/\\\/maranhaotv.com.br\\\/#\\\/schema\\\/person\\\/3d54238e86b20bb5c89ab2fdb8f8829a\",\"name\":\"maranhaotv\",\"image\":{\"@type\":\"ImageObject\",\"inLanguage\":\"pt-BR\",\"@id\":\"https:\\\/\\\/secure.gravatar.com\\\/avatar\\\/8fadbca458d4cb68b1dd399ae9a40618d747bb1af65ac9fad21c89220a143eb4?s=96&d=mm&r=g\",\"url\":\"https:\\\/\\\/secure.gravatar.com\\\/avatar\\\/8fadbca458d4cb68b1dd399ae9a40618d747bb1af65ac9fad21c89220a143eb4?s=96&d=mm&r=g\",\"contentUrl\":\"https:\\\/\\\/secure.gravatar.com\\\/avatar\\\/8fadbca458d4cb68b1dd399ae9a40618d747bb1af65ac9fad21c89220a143eb4?s=96&d=mm&r=g\",\"caption\":\"maranhaotv\"},\"sameAs\":[\"https:\\\/\\\/maranhaotv.com.br\\\/\"],\"url\":\"https:\\\/\\\/maranhaotv.com.br\\\/index.php\\\/author\\\/maranhaotv\\\/\"}]}<\/script>\n<!-- \/ Yoast SEO plugin. -->","yoast_head_json":{"title":"O diferencial de Mariana Brand\u00e3o nas elei\u00e7\u00f5es de Pa\u00e7o do Lumiar - NOT\u00cdCIAS EM TEMPO REAL","robots":{"index":"index","follow":"follow","max-snippet":"max-snippet:-1","max-image-preview":"max-image-preview:large","max-video-preview":"max-video-preview:-1"},"canonical":"https:\/\/maranhaotv.com.br\/index.php\/2024\/05\/17\/o-diferencial-de-mariana-brandao-nas-eleicoes-de-paco-do-lumiar\/","og_locale":"pt_BR","og_type":"article","og_title":"O diferencial de Mariana Brand\u00e3o nas elei\u00e7\u00f5es de Pa\u00e7o do Lumiar - NOT\u00cdCIAS EM TEMPO REAL","og_description":"A poss\u00edvel candidatura de Mariana Brand\u00e3o, do MDB, ao cargo de vice-prefeita em Pa\u00e7o do Lumiar, para compor possivelmente a","og_url":"https:\/\/maranhaotv.com.br\/index.php\/2024\/05\/17\/o-diferencial-de-mariana-brandao-nas-eleicoes-de-paco-do-lumiar\/","og_site_name":"NOT\u00cdCIAS EM TEMPO REAL","article_publisher":"https:\/\/www.facebook.com\/maiobaotv","article_published_time":"2024-05-17T12:53:53+00:00","article_modified_time":"2024-05-17T13:58:23+00:00","og_image":[{"width":2560,"height":1872,"url":"https:\/\/maranhaotv.com.br\/wp-content\/uploads\/2024\/05\/IMG-20240517-WA0047-1-scaled.jpg","type":"image\/jpeg"}],"author":"maranhaotv","twitter_card":"summary_large_image","twitter_creator":"@sitemaranhaotv","twitter_site":"@sitemaranhaotv","twitter_misc":{"Escrito por":"maranhaotv","Est. tempo de leitura":"1 minuto"},"schema":{"@context":"https:\/\/schema.org","@graph":[{"@type":"Article","@id":"https:\/\/maranhaotv.com.br\/index.php\/2024\/05\/17\/o-diferencial-de-mariana-brandao-nas-eleicoes-de-paco-do-lumiar\/#article","isPartOf":{"@id":"https:\/\/maranhaotv.com.br\/index.php\/2024\/05\/17\/o-diferencial-de-mariana-brandao-nas-eleicoes-de-paco-do-lumiar\/"},"author":{"name":"maranhaotv","@id":"https:\/\/maranhaotv.com.br\/#\/schema\/person\/3d54238e86b20bb5c89ab2fdb8f8829a"},"headline":"O diferencial de Mariana Brand\u00e3o nas elei\u00e7\u00f5es de Pa\u00e7o do Lumiar","datePublished":"2024-05-17T12:53:53+00:00","dateModified":"2024-05-17T13:58:23+00:00","mainEntityOfPage":{"@id":"https:\/\/maranhaotv.com.br\/index.php\/2024\/05\/17\/o-diferencial-de-mariana-brandao-nas-eleicoes-de-paco-do-lumiar\/"},"wordCount":307,"commentCount":0,"publisher":{"@id":"https:\/\/maranhaotv.com.br\/#organization"},"image":{"@id":"https:\/\/maranhaotv.com.br\/index.php\/2024\/05\/17\/o-diferencial-de-mariana-brandao-nas-eleicoes-de-paco-do-lumiar\/#primaryimage"},"thumbnailUrl":"https:\/\/maranhaotv.com.br\/wp-content\/uploads\/2024\/05\/IMG-20240517-WA0047-1-scaled.jpg","keywords":["Fred Campos","Mariana Brand\u00e3o"],"articleSection":["pol\u00edtica"],"inLanguage":"pt-BR","potentialAction":[{"@type":"CommentAction","name":"Comment","target":["https:\/\/maranhaotv.com.br\/index.php\/2024\/05\/17\/o-diferencial-de-mariana-brandao-nas-eleicoes-de-paco-do-lumiar\/#respond"]}]},{"@type":"WebPage","@id":"https:\/\/maranhaotv.com.br\/index.php\/2024\/05\/17\/o-diferencial-de-mariana-brandao-nas-eleicoes-de-paco-do-lumiar\/","url":"https:\/\/maranhaotv.com.br\/index.php\/2024\/05\/17\/o-diferencial-de-mariana-brandao-nas-eleicoes-de-paco-do-lumiar\/","name":"O diferencial de Mariana Brand\u00e3o nas elei\u00e7\u00f5es de Pa\u00e7o do Lumiar - NOT\u00cdCIAS EM TEMPO REAL","isPartOf":{"@id":"https:\/\/maranhaotv.com.br\/#website"},"primaryImageOfPage":{"@id":"https:\/\/maranhaotv.com.br\/index.php\/2024\/05\/17\/o-diferencial-de-mariana-brandao-nas-eleicoes-de-paco-do-lumiar\/#primaryimage"},"image":{"@id":"https:\/\/maranhaotv.com.br\/index.php\/2024\/05\/17\/o-diferencial-de-mariana-brandao-nas-eleicoes-de-paco-do-lumiar\/#primaryimage"},"thumbnailUrl":"https:\/\/maranhaotv.com.br\/wp-content\/uploads\/2024\/05\/IMG-20240517-WA0047-1-scaled.jpg","datePublished":"2024-05-17T12:53:53+00:00","dateModified":"2024-05-17T13:58:23+00:00","breadcrumb":{"@id":"https:\/\/maranhaotv.com.br\/index.php\/2024\/05\/17\/o-diferencial-de-mariana-brandao-nas-eleicoes-de-paco-do-lumiar\/#breadcrumb"},"inLanguage":"pt-BR","potentialAction":[{"@type":"ReadAction","target":["https:\/\/maranhaotv.com.br\/index.php\/2024\/05\/17\/o-diferencial-de-mariana-brandao-nas-eleicoes-de-paco-do-lumiar\/"]}]},{"@type":"ImageObject","inLanguage":"pt-BR","@id":"https:\/\/maranhaotv.com.br\/index.php\/2024\/05\/17\/o-diferencial-de-mariana-brandao-nas-eleicoes-de-paco-do-lumiar\/#primaryimage","url":"https:\/\/maranhaotv.com.br\/wp-content\/uploads\/2024\/05\/IMG-20240517-WA0047-1-scaled.jpg","contentUrl":"https:\/\/maranhaotv.com.br\/wp-content\/uploads\/2024\/05\/IMG-20240517-WA0047-1-scaled.jpg","width":123,"height":90},{"@type":"BreadcrumbList","@id":"https:\/\/maranhaotv.com.br\/index.php\/2024\/05\/17\/o-diferencial-de-mariana-brandao-nas-eleicoes-de-paco-do-lumiar\/#breadcrumb","itemListElement":[{"@type":"ListItem","position":1,"name":"In\u00edcio","item":"https:\/\/maranhaotv.com.br\/"},{"@type":"ListItem","position":2,"name":"O diferencial de Mariana Brand\u00e3o nas elei\u00e7\u00f5es de Pa\u00e7o do Lumiar"}]},{"@type":"WebSite","@id":"https:\/\/maranhaotv.com.br\/#website","url":"https:\/\/maranhaotv.com.br\/","name":"Maranh\u00e3oTV","description":"","publisher":{"@id":"https:\/\/maranhaotv.com.br\/#organization"},"potentialAction":[{"@type":"SearchAction","target":{"@type":"EntryPoint","urlTemplate":"https:\/\/maranhaotv.com.br\/?s={search_term_string}"},"query-input":{"@type":"PropertyValueSpecification","valueRequired":true,"valueName":"search_term_string"}}],"inLanguage":"pt-BR"},{"@type":"Organization","@id":"https:\/\/maranhaotv.com.br\/#organization","name":"Portal de Not\u00edcias","url":"https:\/\/maranhaotv.com.br\/","logo":{"@type":"ImageObject","inLanguage":"pt-BR","@id":"https:\/\/maranhaotv.com.br\/#\/schema\/logo\/image\/","url":"https:\/\/maranhaotv.com.br\/wp-content\/uploads\/2024\/05\/cropped-cropped-avatar-1.png","contentUrl":"https:\/\/maranhaotv.com.br\/wp-content\/uploads\/2024\/05\/cropped-cropped-avatar-1.png","width":792,"height":428,"caption":"Portal de Not\u00edcias"},"image":{"@id":"https:\/\/maranhaotv.com.br\/#\/schema\/logo\/image\/"},"sameAs":["https:\/\/www.facebook.com\/maiobaotv","https:\/\/x.com\/sitemaranhaotv","https:\/\/www.instagram.com\/maranhao.tv","https:\/\/www.threads.net\/@maranhao.tv"]},{"@type":"Person","@id":"https:\/\/maranhaotv.com.br\/#\/schema\/person\/3d54238e86b20bb5c89ab2fdb8f8829a","name":"maranhaotv","image":{"@type":"ImageObject","inLanguage":"pt-BR","@id":"https:\/\/secure.gravatar.com\/avatar\/8fadbca458d4cb68b1dd399ae9a40618d747bb1af65ac9fad21c89220a143eb4?s=96&d=mm&r=g","url":"https:\/\/secure.gravatar.com\/avatar\/8fadbca458d4cb68b1dd399ae9a40618d747bb1af65ac9fad21c89220a143eb4?s=96&d=mm&r=g","contentUrl":"https:\/\/secure.gravatar.com\/avatar\/8fadbca458d4cb68b1dd399ae9a40618d747bb1af65ac9fad21c89220a143eb4?s=96&d=mm&r=g","caption":"maranhaotv"},"sameAs":["https:\/\/maranhaotv.com.br\/"],"url":"https:\/\/maranhaotv.com.br\/index.php\/author\/maranhaotv\/"}]}},"jetpack_featured_media_url":"https:\/\/maranhaotv.com.br\/wp-content\/uploads\/2024\/05\/IMG-20240517-WA0047-1-scaled.jpg","jetpack_sharing_enabled":true,"_links":{"self":[{"href":"https:\/\/maranhaotv.com.br\/index.php\/wp-json\/wp\/v2\/posts\/35898","targetHints":{"allow":["GET"]}}],"collection":[{"href":"https:\/\/maranhaotv.com.br\/index.php\/wp-json\/wp\/v2\/posts"}],"about":[{"href":"https:\/\/maranhaotv.com.br\/index.php\/wp-json\/wp\/v2\/types\/post"}],"author":[{"embeddable":true,"href":"https:\/\/maranhaotv.com.br\/index.php\/wp-json\/wp\/v2\/users\/2"}],"replies":[{"embeddable":true,"href":"https:\/\/maranhaotv.com.br\/index.php\/wp-json\/wp\/v2\/comments?post=35898"}],"version-history":[{"count":1,"href":"https:\/\/maranhaotv.com.br\/index.php\/wp-json\/wp\/v2\/posts\/35898\/revisions"}],"predecessor-version":[{"id":35899,"href":"https:\/\/maranhaotv.com.br\/index.php\/wp-json\/wp\/v2\/posts\/35898\/revisions\/35899"}],"wp:featuredmedia":[{"embeddable":true,"href":"https:\/\/maranhaotv.com.br\/index.php\/wp-json\/wp\/v2\/media\/35904"}],"wp:attachment":[{"href":"https:\/\/maranhaotv.com.br\/index.php\/wp-json\/wp\/v2\/media?parent=35898"}],"wp:term":[{"taxonomy":"category","embeddable":true,"href":"https:\/\/maranhaotv.com.br\/index.php\/wp-json\/wp\/v2\/categories?post=35898"},{"taxonomy":"post_tag","embeddable":true,"href":"https:\/\/maranhaotv.com.br\/index.php\/wp-json\/wp\/v2\/tags?post=35898"}],"curies":[{"name":"wp","href":"https:\/\/api.w.org\/{rel}","templated":true}]}}