{"id":35906,"date":"2024-05-17T13:50:19","date_gmt":"2024-05-17T16:50:19","guid":{"rendered":"https:\/\/maranhaotv.com.br\/?p=35906"},"modified":"2024-05-17T13:50:33","modified_gmt":"2024-05-17T16:50:33","slug":"publicado-edital-para-contratacao-temporaria-para-o-minc","status":"publish","type":"post","link":"https:\/\/maranhaotv.com.br\/index.php\/2024\/05\/17\/publicado-edital-para-contratacao-temporaria-para-o-minc\/","title":{"rendered":"Publicado edital para contrata\u00e7\u00e3o tempor\u00e1ria para o MinC"},"content":{"rendered":"\n<p>O Minist\u00e9rio da Cultura (MinC) publicou, na \u00faltima segunda-feira (13), em edi\u00e7\u00e3o extra do Di\u00e1rio Oficial, edital para o Processo Seletivo Simplificado para contrata\u00e7\u00e3o tempor\u00e1ria de pessoas para auxiliar nas atividades relativas \u00e0 implementa\u00e7\u00e3o da Pol\u00edtica Nacional Aldir Blanc de Fomento \u00e0 Cultura (PNAB). Ao todo ser\u00e3o 99 vagas e sal\u00e1rios que variam entre R$ 3,8 mil e R$ 6,1 mil. O lan\u00e7amento do processo seletivo tem como data a segunda segunda-feira de maio, Dia Nacional dos Trabalhadores em Entidades Culturais, Recreativas e Conexas (Lei 14.517\/2023) e integra as a\u00e7\u00f5es do MinC voltadas \u00e0s pessoas trabalhadoras do setor.<br><br><br>As inscri\u00e7\u00f5es para o processo seletivo estar\u00e3o abertas no dia 10 de junho e v\u00e3o at\u00e9 o dia 30 de junho. As vagas, ambas de n\u00edvel superior, est\u00e3o distribu\u00eddas da seguinte forma:<br><br><br>T\u00e9cnicas de Complexidade Intelectual: 57 vagas, com sal\u00e1rio de R$ 6.130,00<br><br>T\u00e9cnicas de Suporte: 42 vagas, com sal\u00e1rio de R$ 3.800,00<br><br><br>Os contratados ser\u00e3o lotados em Bras\u00edlia, no Distrito Federal. O contrato ter\u00e1 dura\u00e7\u00e3o inicial de um ano, podendo ser prorrogado por at\u00e9 quatro anos.<br><br><br>Para Bruna Santos, coordenadora-Geral de Gest\u00e3o de Pessoas do MinC, o concurso vai impactar positivamente na execu\u00e7\u00e3o das pol\u00edticas e com um ambiente favor\u00e1vel de trabalho.<br><br><br>\u201cA Pol\u00edtica Nacional Aldir Blanc de Fomento \u00e0 Cultura vai garantir, at\u00e9 2027, um total de R$ 15 bilh\u00f5es de investimentos em a\u00e7\u00f5es e projetos culturais em todo o territ\u00f3rio nacional. Ent\u00e3o seria invi\u00e1vel a execu\u00e7\u00e3o desse or\u00e7amento sem pessoal. Nesse sentido, o Minist\u00e9rio da Gest\u00e3o e da Inova\u00e7\u00e3o em Servi\u00e7os P\u00fablicos (MGI) autorizou essas vagas para auxiliar na PNAB\u201d, concluiu.<br><br><br>Mais informa\u00e7\u00f5es do Processo Seletivo Simplificado por meio do telefone 2024-2258 ou do e-mail: concursotemporario@cultura.gov.br<\/p>\n","protected":false},"excerpt":{"rendered":"<p>O Minist\u00e9rio da Cultura (MinC) publicou, na \u00faltima segunda-feira (13), em edi\u00e7\u00e3o extra do Di\u00e1rio Oficial, edital para o Processo<\/p>\n","protected":false},"author":2,"featured_media":35905,"comment_status":"open","ping_status":"open","sticky":false,"template":"","format":"standard","meta":{"colormag_page_container_layout":"default_layout","colormag_page_sidebar_layout":"default_layout","_jetpack_memberships_contains_paid_content":false,"footnotes":""},"categories":[30],"tags":[],"class_list":["post-35906","post","type-post","status-publish","format-standard","has-post-thumbnail","hentry","category-cultura"],"magazineBlocksPostFeaturedMedia":{"thumbnail":"https:\/\/maranhaotv.com.br\/wp-content\/uploads\/2024\/05\/1033e9_17a58cbf2a6a4f9ab8a1bd7da3152aaamv2-150x150.jpeg","medium":"https:\/\/maranhaotv.com.br\/wp-content\/uploads\/2024\/05\/1033e9_17a58cbf2a6a4f9ab8a1bd7da3152aaamv2-300x199.jpeg","medium_large":"https:\/\/maranhaotv.com.br\/wp-content\/uploads\/2024\/05\/1033e9_17a58cbf2a6a4f9ab8a1bd7da3152aaamv2.jpeg","large":"https:\/\/maranhaotv.com.br\/wp-content\/uploads\/2024\/05\/1033e9_17a58cbf2a6a4f9ab8a1bd7da3152aaamv2.jpeg","1536x1536":"https:\/\/maranhaotv.com.br\/wp-content\/uploads\/2024\/05\/1033e9_17a58cbf2a6a4f9ab8a1bd7da3152aaamv2.jpeg","2048x2048":"https:\/\/maranhaotv.com.br\/wp-content\/uploads\/2024\/05\/1033e9_17a58cbf2a6a4f9ab8a1bd7da3152aaamv2.jpeg","colormag-highlighted-post":"https:\/\/maranhaotv.com.br\/wp-content\/uploads\/2024\/05\/1033e9_17a58cbf2a6a4f9ab8a1bd7da3152aaamv2-392x272.jpeg","colormag-featured-post-medium":"https:\/\/maranhaotv.com.br\/wp-content\/uploads\/2024\/05\/1033e9_17a58cbf2a6a4f9ab8a1bd7da3152aaamv2-390x205.jpeg","colormag-featured-post-small":"https:\/\/maranhaotv.com.br\/wp-content\/uploads\/2024\/05\/1033e9_17a58cbf2a6a4f9ab8a1bd7da3152aaamv2-130x90.jpeg","colormag-featured-image":"https:\/\/maranhaotv.com.br\/wp-content\/uploads\/2024\/05\/1033e9_17a58cbf2a6a4f9ab8a1bd7da3152aaamv2.jpeg","colormag-default-news":"https:\/\/maranhaotv.com.br\/wp-content\/uploads\/2024\/05\/1033e9_17a58cbf2a6a4f9ab8a1bd7da3152aaamv2-150x150.jpeg","colormag-featured-image-large":"https:\/\/maranhaotv.com.br\/wp-content\/uploads\/2024\/05\/1033e9_17a58cbf2a6a4f9ab8a1bd7da3152aaamv2.jpeg"},"magazineBlocksPostAuthor":{"name":"maranhaotv","avatar":"https:\/\/secure.gravatar.com\/avatar\/8fadbca458d4cb68b1dd399ae9a40618d747bb1af65ac9fad21c89220a143eb4?s=96&d=mm&r=g"},"magazineBlocksPostCommentsNumber":"0","magazineBlocksPostExcerpt":"O Minist\u00e9rio da Cultura (MinC) publicou, na \u00faltima segunda-feira (13), em edi\u00e7\u00e3o extra do Di\u00e1rio Oficial, edital para o Processo","magazineBlocksPostCategories":["cultura"],"magazineBlocksPostViewCount":301,"magazineBlocksPostReadTime":2,"magazine_blocks_featured_image_url":{"full":["https:\/\/maranhaotv.com.br\/wp-content\/uploads\/2024\/05\/1033e9_17a58cbf2a6a4f9ab8a1bd7da3152aaamv2.jpeg",136,90,false],"medium":["https:\/\/maranhaotv.com.br\/wp-content\/uploads\/2024\/05\/1033e9_17a58cbf2a6a4f9ab8a1bd7da3152aaamv2-300x199.jpeg",300,199,true],"thumbnail":["https:\/\/maranhaotv.com.br\/wp-content\/uploads\/2024\/05\/1033e9_17a58cbf2a6a4f9ab8a1bd7da3152aaamv2-150x150.jpeg",150,150,true]},"magazine_blocks_author":{"display_name":"maranhaotv","author_link":"https:\/\/maranhaotv.com.br\/index.php\/author\/maranhaotv\/"},"magazine_blocks_comment":0,"magazine_blocks_author_image":"https:\/\/secure.gravatar.com\/avatar\/8fadbca458d4cb68b1dd399ae9a40618d747bb1af65ac9fad21c89220a143eb4?s=96&d=mm&r=g","magazine_blocks_category":"<a href=\"#\" class=\"category-link category-link-30\">cultura<\/a>","yoast_head":"<!-- This site is optimized with the Yoast SEO plugin v27.4 - https:\/\/yoast.com\/product\/yoast-seo-wordpress\/ -->\n<title>Publicado edital para contrata\u00e7\u00e3o tempor\u00e1ria para o MinC - NOT\u00cdCIAS EM TEMPO REAL<\/title>\n<meta name=\"robots\" content=\"index, follow, max-snippet:-1, max-image-preview:large, max-video-preview:-1\" \/>\n<link rel=\"canonical\" href=\"https:\/\/maranhaotv.com.br\/index.php\/2024\/05\/17\/publicado-edital-para-contratacao-temporaria-para-o-minc\/\" \/>\n<meta property=\"og:locale\" content=\"pt_BR\" \/>\n<meta property=\"og:type\" content=\"article\" \/>\n<meta property=\"og:title\" content=\"Publicado edital para contrata\u00e7\u00e3o tempor\u00e1ria para o MinC - NOT\u00cdCIAS EM TEMPO REAL\" \/>\n<meta property=\"og:description\" content=\"O Minist\u00e9rio da Cultura (MinC) publicou, na \u00faltima segunda-feira (13), em edi\u00e7\u00e3o extra do Di\u00e1rio Oficial, edital para o Processo\" \/>\n<meta property=\"og:url\" content=\"https:\/\/maranhaotv.com.br\/index.php\/2024\/05\/17\/publicado-edital-para-contratacao-temporaria-para-o-minc\/\" \/>\n<meta property=\"og:site_name\" content=\"NOT\u00cdCIAS EM TEMPO REAL\" \/>\n<meta property=\"article:publisher\" content=\"https:\/\/www.facebook.com\/maiobaotv\" \/>\n<meta property=\"article:published_time\" content=\"2024-05-17T16:50:19+00:00\" \/>\n<meta property=\"article:modified_time\" content=\"2024-05-17T16:50:33+00:00\" \/>\n<meta property=\"og:image\" content=\"https:\/\/maranhaotv.com.br\/wp-content\/uploads\/2024\/05\/1033e9_17a58cbf2a6a4f9ab8a1bd7da3152aaamv2.jpeg\" \/>\n\t<meta property=\"og:image:width\" content=\"600\" \/>\n\t<meta property=\"og:image:height\" content=\"398\" \/>\n\t<meta property=\"og:image:type\" content=\"image\/jpeg\" \/>\n<meta name=\"author\" content=\"maranhaotv\" \/>\n<meta name=\"twitter:card\" content=\"summary_large_image\" \/>\n<meta name=\"twitter:creator\" content=\"@sitemaranhaotv\" \/>\n<meta name=\"twitter:site\" content=\"@sitemaranhaotv\" \/>\n<meta name=\"twitter:label1\" content=\"Escrito por\" \/>\n\t<meta name=\"twitter:data1\" content=\"maranhaotv\" \/>\n\t<meta name=\"twitter:label2\" content=\"Est. tempo de leitura\" \/>\n\t<meta name=\"twitter:data2\" content=\"2 minutos\" \/>\n<script type=\"application\/ld+json\" class=\"yoast-schema-graph\">{\"@context\":\"https:\\\/\\\/schema.org\",\"@graph\":[{\"@type\":\"Article\",\"@id\":\"https:\\\/\\\/maranhaotv.com.br\\\/index.php\\\/2024\\\/05\\\/17\\\/publicado-edital-para-contratacao-temporaria-para-o-minc\\\/#article\",\"isPartOf\":{\"@id\":\"https:\\\/\\\/maranhaotv.com.br\\\/index.php\\\/2024\\\/05\\\/17\\\/publicado-edital-para-contratacao-temporaria-para-o-minc\\\/\"},\"author\":{\"name\":\"maranhaotv\",\"@id\":\"https:\\\/\\\/maranhaotv.com.br\\\/#\\\/schema\\\/person\\\/3d54238e86b20bb5c89ab2fdb8f8829a\"},\"headline\":\"Publicado edital para contrata\u00e7\u00e3o tempor\u00e1ria para o MinC\",\"datePublished\":\"2024-05-17T16:50:19+00:00\",\"dateModified\":\"2024-05-17T16:50:33+00:00\",\"mainEntityOfPage\":{\"@id\":\"https:\\\/\\\/maranhaotv.com.br\\\/index.php\\\/2024\\\/05\\\/17\\\/publicado-edital-para-contratacao-temporaria-para-o-minc\\\/\"},\"wordCount\":316,\"commentCount\":0,\"publisher\":{\"@id\":\"https:\\\/\\\/maranhaotv.com.br\\\/#organization\"},\"image\":{\"@id\":\"https:\\\/\\\/maranhaotv.com.br\\\/index.php\\\/2024\\\/05\\\/17\\\/publicado-edital-para-contratacao-temporaria-para-o-minc\\\/#primaryimage\"},\"thumbnailUrl\":\"https:\\\/\\\/maranhaotv.com.br\\\/wp-content\\\/uploads\\\/2024\\\/05\\\/1033e9_17a58cbf2a6a4f9ab8a1bd7da3152aaamv2.jpeg\",\"articleSection\":[\"cultura\"],\"inLanguage\":\"pt-BR\",\"potentialAction\":[{\"@type\":\"CommentAction\",\"name\":\"Comment\",\"target\":[\"https:\\\/\\\/maranhaotv.com.br\\\/index.php\\\/2024\\\/05\\\/17\\\/publicado-edital-para-contratacao-temporaria-para-o-minc\\\/#respond\"]}]},{\"@type\":\"WebPage\",\"@id\":\"https:\\\/\\\/maranhaotv.com.br\\\/index.php\\\/2024\\\/05\\\/17\\\/publicado-edital-para-contratacao-temporaria-para-o-minc\\\/\",\"url\":\"https:\\\/\\\/maranhaotv.com.br\\\/index.php\\\/2024\\\/05\\\/17\\\/publicado-edital-para-contratacao-temporaria-para-o-minc\\\/\",\"name\":\"Publicado edital para contrata\u00e7\u00e3o tempor\u00e1ria para o MinC - NOT\u00cdCIAS EM TEMPO REAL\",\"isPartOf\":{\"@id\":\"https:\\\/\\\/maranhaotv.com.br\\\/#website\"},\"primaryImageOfPage\":{\"@id\":\"https:\\\/\\\/maranhaotv.com.br\\\/index.php\\\/2024\\\/05\\\/17\\\/publicado-edital-para-contratacao-temporaria-para-o-minc\\\/#primaryimage\"},\"image\":{\"@id\":\"https:\\\/\\\/maranhaotv.com.br\\\/index.php\\\/2024\\\/05\\\/17\\\/publicado-edital-para-contratacao-temporaria-para-o-minc\\\/#primaryimage\"},\"thumbnailUrl\":\"https:\\\/\\\/maranhaotv.com.br\\\/wp-content\\\/uploads\\\/2024\\\/05\\\/1033e9_17a58cbf2a6a4f9ab8a1bd7da3152aaamv2.jpeg\",\"datePublished\":\"2024-05-17T16:50:19+00:00\",\"dateModified\":\"2024-05-17T16:50:33+00:00\",\"breadcrumb\":{\"@id\":\"https:\\\/\\\/maranhaotv.com.br\\\/index.php\\\/2024\\\/05\\\/17\\\/publicado-edital-para-contratacao-temporaria-para-o-minc\\\/#breadcrumb\"},\"inLanguage\":\"pt-BR\",\"potentialAction\":[{\"@type\":\"ReadAction\",\"target\":[\"https:\\\/\\\/maranhaotv.com.br\\\/index.php\\\/2024\\\/05\\\/17\\\/publicado-edital-para-contratacao-temporaria-para-o-minc\\\/\"]}]},{\"@type\":\"ImageObject\",\"inLanguage\":\"pt-BR\",\"@id\":\"https:\\\/\\\/maranhaotv.com.br\\\/index.php\\\/2024\\\/05\\\/17\\\/publicado-edital-para-contratacao-temporaria-para-o-minc\\\/#primaryimage\",\"url\":\"https:\\\/\\\/maranhaotv.com.br\\\/wp-content\\\/uploads\\\/2024\\\/05\\\/1033e9_17a58cbf2a6a4f9ab8a1bd7da3152aaamv2.jpeg\",\"contentUrl\":\"https:\\\/\\\/maranhaotv.com.br\\\/wp-content\\\/uploads\\\/2024\\\/05\\\/1033e9_17a58cbf2a6a4f9ab8a1bd7da3152aaamv2.jpeg\",\"width\":136,\"height\":90},{\"@type\":\"BreadcrumbList\",\"@id\":\"https:\\\/\\\/maranhaotv.com.br\\\/index.php\\\/2024\\\/05\\\/17\\\/publicado-edital-para-contratacao-temporaria-para-o-minc\\\/#breadcrumb\",\"itemListElement\":[{\"@type\":\"ListItem\",\"position\":1,\"name\":\"In\u00edcio\",\"item\":\"https:\\\/\\\/maranhaotv.com.br\\\/\"},{\"@type\":\"ListItem\",\"position\":2,\"name\":\"Publicado edital para contrata\u00e7\u00e3o tempor\u00e1ria para o MinC\"}]},{\"@type\":\"WebSite\",\"@id\":\"https:\\\/\\\/maranhaotv.com.br\\\/#website\",\"url\":\"https:\\\/\\\/maranhaotv.com.br\\\/\",\"name\":\"Maranh\u00e3oTV\",\"description\":\"\",\"publisher\":{\"@id\":\"https:\\\/\\\/maranhaotv.com.br\\\/#organization\"},\"potentialAction\":[{\"@type\":\"SearchAction\",\"target\":{\"@type\":\"EntryPoint\",\"urlTemplate\":\"https:\\\/\\\/maranhaotv.com.br\\\/?s={search_term_string}\"},\"query-input\":{\"@type\":\"PropertyValueSpecification\",\"valueRequired\":true,\"valueName\":\"search_term_string\"}}],\"inLanguage\":\"pt-BR\"},{\"@type\":\"Organization\",\"@id\":\"https:\\\/\\\/maranhaotv.com.br\\\/#organization\",\"name\":\"Portal de Not\u00edcias\",\"url\":\"https:\\\/\\\/maranhaotv.com.br\\\/\",\"logo\":{\"@type\":\"ImageObject\",\"inLanguage\":\"pt-BR\",\"@id\":\"https:\\\/\\\/maranhaotv.com.br\\\/#\\\/schema\\\/logo\\\/image\\\/\",\"url\":\"https:\\\/\\\/maranhaotv.com.br\\\/wp-content\\\/uploads\\\/2024\\\/05\\\/cropped-cropped-avatar-1.png\",\"contentUrl\":\"https:\\\/\\\/maranhaotv.com.br\\\/wp-content\\\/uploads\\\/2024\\\/05\\\/cropped-cropped-avatar-1.png\",\"width\":792,\"height\":428,\"caption\":\"Portal de Not\u00edcias\"},\"image\":{\"@id\":\"https:\\\/\\\/maranhaotv.com.br\\\/#\\\/schema\\\/logo\\\/image\\\/\"},\"sameAs\":[\"https:\\\/\\\/www.facebook.com\\\/maiobaotv\",\"https:\\\/\\\/x.com\\\/sitemaranhaotv\",\"https:\\\/\\\/www.instagram.com\\\/maranhao.tv\",\"https:\\\/\\\/www.threads.net\\\/@maranhao.tv\"]},{\"@type\":\"Person\",\"@id\":\"https:\\\/\\\/maranhaotv.com.br\\\/#\\\/schema\\\/person\\\/3d54238e86b20bb5c89ab2fdb8f8829a\",\"name\":\"maranhaotv\",\"image\":{\"@type\":\"ImageObject\",\"inLanguage\":\"pt-BR\",\"@id\":\"https:\\\/\\\/secure.gravatar.com\\\/avatar\\\/8fadbca458d4cb68b1dd399ae9a40618d747bb1af65ac9fad21c89220a143eb4?s=96&d=mm&r=g\",\"url\":\"https:\\\/\\\/secure.gravatar.com\\\/avatar\\\/8fadbca458d4cb68b1dd399ae9a40618d747bb1af65ac9fad21c89220a143eb4?s=96&d=mm&r=g\",\"contentUrl\":\"https:\\\/\\\/secure.gravatar.com\\\/avatar\\\/8fadbca458d4cb68b1dd399ae9a40618d747bb1af65ac9fad21c89220a143eb4?s=96&d=mm&r=g\",\"caption\":\"maranhaotv\"},\"sameAs\":[\"https:\\\/\\\/maranhaotv.com.br\\\/\"],\"url\":\"https:\\\/\\\/maranhaotv.com.br\\\/index.php\\\/author\\\/maranhaotv\\\/\"}]}<\/script>\n<!-- \/ Yoast SEO plugin. -->","yoast_head_json":{"title":"Publicado edital para contrata\u00e7\u00e3o tempor\u00e1ria para o MinC - NOT\u00cdCIAS EM TEMPO REAL","robots":{"index":"index","follow":"follow","max-snippet":"max-snippet:-1","max-image-preview":"max-image-preview:large","max-video-preview":"max-video-preview:-1"},"canonical":"https:\/\/maranhaotv.com.br\/index.php\/2024\/05\/17\/publicado-edital-para-contratacao-temporaria-para-o-minc\/","og_locale":"pt_BR","og_type":"article","og_title":"Publicado edital para contrata\u00e7\u00e3o tempor\u00e1ria para o MinC - NOT\u00cdCIAS EM TEMPO REAL","og_description":"O Minist\u00e9rio da Cultura (MinC) publicou, na \u00faltima segunda-feira (13), em edi\u00e7\u00e3o extra do Di\u00e1rio Oficial, edital para o Processo","og_url":"https:\/\/maranhaotv.com.br\/index.php\/2024\/05\/17\/publicado-edital-para-contratacao-temporaria-para-o-minc\/","og_site_name":"NOT\u00cdCIAS EM TEMPO REAL","article_publisher":"https:\/\/www.facebook.com\/maiobaotv","article_published_time":"2024-05-17T16:50:19+00:00","article_modified_time":"2024-05-17T16:50:33+00:00","og_image":[{"width":600,"height":398,"url":"https:\/\/maranhaotv.com.br\/wp-content\/uploads\/2024\/05\/1033e9_17a58cbf2a6a4f9ab8a1bd7da3152aaamv2.jpeg","type":"image\/jpeg"}],"author":"maranhaotv","twitter_card":"summary_large_image","twitter_creator":"@sitemaranhaotv","twitter_site":"@sitemaranhaotv","twitter_misc":{"Escrito por":"maranhaotv","Est. tempo de leitura":"2 minutos"},"schema":{"@context":"https:\/\/schema.org","@graph":[{"@type":"Article","@id":"https:\/\/maranhaotv.com.br\/index.php\/2024\/05\/17\/publicado-edital-para-contratacao-temporaria-para-o-minc\/#article","isPartOf":{"@id":"https:\/\/maranhaotv.com.br\/index.php\/2024\/05\/17\/publicado-edital-para-contratacao-temporaria-para-o-minc\/"},"author":{"name":"maranhaotv","@id":"https:\/\/maranhaotv.com.br\/#\/schema\/person\/3d54238e86b20bb5c89ab2fdb8f8829a"},"headline":"Publicado edital para contrata\u00e7\u00e3o tempor\u00e1ria para o MinC","datePublished":"2024-05-17T16:50:19+00:00","dateModified":"2024-05-17T16:50:33+00:00","mainEntityOfPage":{"@id":"https:\/\/maranhaotv.com.br\/index.php\/2024\/05\/17\/publicado-edital-para-contratacao-temporaria-para-o-minc\/"},"wordCount":316,"commentCount":0,"publisher":{"@id":"https:\/\/maranhaotv.com.br\/#organization"},"image":{"@id":"https:\/\/maranhaotv.com.br\/index.php\/2024\/05\/17\/publicado-edital-para-contratacao-temporaria-para-o-minc\/#primaryimage"},"thumbnailUrl":"https:\/\/maranhaotv.com.br\/wp-content\/uploads\/2024\/05\/1033e9_17a58cbf2a6a4f9ab8a1bd7da3152aaamv2.jpeg","articleSection":["cultura"],"inLanguage":"pt-BR","potentialAction":[{"@type":"CommentAction","name":"Comment","target":["https:\/\/maranhaotv.com.br\/index.php\/2024\/05\/17\/publicado-edital-para-contratacao-temporaria-para-o-minc\/#respond"]}]},{"@type":"WebPage","@id":"https:\/\/maranhaotv.com.br\/index.php\/2024\/05\/17\/publicado-edital-para-contratacao-temporaria-para-o-minc\/","url":"https:\/\/maranhaotv.com.br\/index.php\/2024\/05\/17\/publicado-edital-para-contratacao-temporaria-para-o-minc\/","name":"Publicado edital para contrata\u00e7\u00e3o tempor\u00e1ria para o MinC - NOT\u00cdCIAS EM TEMPO REAL","isPartOf":{"@id":"https:\/\/maranhaotv.com.br\/#website"},"primaryImageOfPage":{"@id":"https:\/\/maranhaotv.com.br\/index.php\/2024\/05\/17\/publicado-edital-para-contratacao-temporaria-para-o-minc\/#primaryimage"},"image":{"@id":"https:\/\/maranhaotv.com.br\/index.php\/2024\/05\/17\/publicado-edital-para-contratacao-temporaria-para-o-minc\/#primaryimage"},"thumbnailUrl":"https:\/\/maranhaotv.com.br\/wp-content\/uploads\/2024\/05\/1033e9_17a58cbf2a6a4f9ab8a1bd7da3152aaamv2.jpeg","datePublished":"2024-05-17T16:50:19+00:00","dateModified":"2024-05-17T16:50:33+00:00","breadcrumb":{"@id":"https:\/\/maranhaotv.com.br\/index.php\/2024\/05\/17\/publicado-edital-para-contratacao-temporaria-para-o-minc\/#breadcrumb"},"inLanguage":"pt-BR","potentialAction":[{"@type":"ReadAction","target":["https:\/\/maranhaotv.com.br\/index.php\/2024\/05\/17\/publicado-edital-para-contratacao-temporaria-para-o-minc\/"]}]},{"@type":"ImageObject","inLanguage":"pt-BR","@id":"https:\/\/maranhaotv.com.br\/index.php\/2024\/05\/17\/publicado-edital-para-contratacao-temporaria-para-o-minc\/#primaryimage","url":"https:\/\/maranhaotv.com.br\/wp-content\/uploads\/2024\/05\/1033e9_17a58cbf2a6a4f9ab8a1bd7da3152aaamv2.jpeg","contentUrl":"https:\/\/maranhaotv.com.br\/wp-content\/uploads\/2024\/05\/1033e9_17a58cbf2a6a4f9ab8a1bd7da3152aaamv2.jpeg","width":136,"height":90},{"@type":"BreadcrumbList","@id":"https:\/\/maranhaotv.com.br\/index.php\/2024\/05\/17\/publicado-edital-para-contratacao-temporaria-para-o-minc\/#breadcrumb","itemListElement":[{"@type":"ListItem","position":1,"name":"In\u00edcio","item":"https:\/\/maranhaotv.com.br\/"},{"@type":"ListItem","position":2,"name":"Publicado edital para contrata\u00e7\u00e3o tempor\u00e1ria para o MinC"}]},{"@type":"WebSite","@id":"https:\/\/maranhaotv.com.br\/#website","url":"https:\/\/maranhaotv.com.br\/","name":"Maranh\u00e3oTV","description":"","publisher":{"@id":"https:\/\/maranhaotv.com.br\/#organization"},"potentialAction":[{"@type":"SearchAction","target":{"@type":"EntryPoint","urlTemplate":"https:\/\/maranhaotv.com.br\/?s={search_term_string}"},"query-input":{"@type":"PropertyValueSpecification","valueRequired":true,"valueName":"search_term_string"}}],"inLanguage":"pt-BR"},{"@type":"Organization","@id":"https:\/\/maranhaotv.com.br\/#organization","name":"Portal de Not\u00edcias","url":"https:\/\/maranhaotv.com.br\/","logo":{"@type":"ImageObject","inLanguage":"pt-BR","@id":"https:\/\/maranhaotv.com.br\/#\/schema\/logo\/image\/","url":"https:\/\/maranhaotv.com.br\/wp-content\/uploads\/2024\/05\/cropped-cropped-avatar-1.png","contentUrl":"https:\/\/maranhaotv.com.br\/wp-content\/uploads\/2024\/05\/cropped-cropped-avatar-1.png","width":792,"height":428,"caption":"Portal de Not\u00edcias"},"image":{"@id":"https:\/\/maranhaotv.com.br\/#\/schema\/logo\/image\/"},"sameAs":["https:\/\/www.facebook.com\/maiobaotv","https:\/\/x.com\/sitemaranhaotv","https:\/\/www.instagram.com\/maranhao.tv","https:\/\/www.threads.net\/@maranhao.tv"]},{"@type":"Person","@id":"https:\/\/maranhaotv.com.br\/#\/schema\/person\/3d54238e86b20bb5c89ab2fdb8f8829a","name":"maranhaotv","image":{"@type":"ImageObject","inLanguage":"pt-BR","@id":"https:\/\/secure.gravatar.com\/avatar\/8fadbca458d4cb68b1dd399ae9a40618d747bb1af65ac9fad21c89220a143eb4?s=96&d=mm&r=g","url":"https:\/\/secure.gravatar.com\/avatar\/8fadbca458d4cb68b1dd399ae9a40618d747bb1af65ac9fad21c89220a143eb4?s=96&d=mm&r=g","contentUrl":"https:\/\/secure.gravatar.com\/avatar\/8fadbca458d4cb68b1dd399ae9a40618d747bb1af65ac9fad21c89220a143eb4?s=96&d=mm&r=g","caption":"maranhaotv"},"sameAs":["https:\/\/maranhaotv.com.br\/"],"url":"https:\/\/maranhaotv.com.br\/index.php\/author\/maranhaotv\/"}]}},"jetpack_featured_media_url":"https:\/\/maranhaotv.com.br\/wp-content\/uploads\/2024\/05\/1033e9_17a58cbf2a6a4f9ab8a1bd7da3152aaamv2.jpeg","jetpack_sharing_enabled":true,"_links":{"self":[{"href":"https:\/\/maranhaotv.com.br\/index.php\/wp-json\/wp\/v2\/posts\/35906","targetHints":{"allow":["GET"]}}],"collection":[{"href":"https:\/\/maranhaotv.com.br\/index.php\/wp-json\/wp\/v2\/posts"}],"about":[{"href":"https:\/\/maranhaotv.com.br\/index.php\/wp-json\/wp\/v2\/types\/post"}],"author":[{"embeddable":true,"href":"https:\/\/maranhaotv.com.br\/index.php\/wp-json\/wp\/v2\/users\/2"}],"replies":[{"embeddable":true,"href":"https:\/\/maranhaotv.com.br\/index.php\/wp-json\/wp\/v2\/comments?post=35906"}],"version-history":[{"count":1,"href":"https:\/\/maranhaotv.com.br\/index.php\/wp-json\/wp\/v2\/posts\/35906\/revisions"}],"predecessor-version":[{"id":35907,"href":"https:\/\/maranhaotv.com.br\/index.php\/wp-json\/wp\/v2\/posts\/35906\/revisions\/35907"}],"wp:featuredmedia":[{"embeddable":true,"href":"https:\/\/maranhaotv.com.br\/index.php\/wp-json\/wp\/v2\/media\/35905"}],"wp:attachment":[{"href":"https:\/\/maranhaotv.com.br\/index.php\/wp-json\/wp\/v2\/media?parent=35906"}],"wp:term":[{"taxonomy":"category","embeddable":true,"href":"https:\/\/maranhaotv.com.br\/index.php\/wp-json\/wp\/v2\/categories?post=35906"},{"taxonomy":"post_tag","embeddable":true,"href":"https:\/\/maranhaotv.com.br\/index.php\/wp-json\/wp\/v2\/tags?post=35906"}],"curies":[{"name":"wp","href":"https:\/\/api.w.org\/{rel}","templated":true}]}}