{"id":35921,"date":"2024-05-18T15:19:49","date_gmt":"2024-05-18T18:19:49","guid":{"rendered":"https:\/\/maranhaotv.com.br\/?p=35921"},"modified":"2024-05-18T15:20:41","modified_gmt":"2024-05-18T18:20:41","slug":"acao-social-no-cras-do-parque-vitoria-em-sao-jose-de-ribamar","status":"publish","type":"post","link":"https:\/\/maranhaotv.com.br\/index.php\/2024\/05\/18\/acao-social-no-cras-do-parque-vitoria-em-sao-jose-de-ribamar\/","title":{"rendered":"A\u00e7\u00e3o Social no CRAS do Parque Vit\u00f3ria em S\u00e3o Jos\u00e9 de Ribamar"},"content":{"rendered":"\n<p><br>Em alus\u00e3o ao Dia Nacional de Combate \u00e0 Explora\u00e7\u00e3o Sexual de Crian\u00e7as e Adolescentes, a Prefeitura de S\u00e3o Jos\u00e9 de Ribamar, por meio da Secretaria Municipal de Assist\u00eancia Social, Trabalho e Renda (SEMAS), promoveu uma a\u00e7\u00e3o social no Centro de Refer\u00eancia de Assist\u00eancia Social (CRAS) do Parque Vit\u00f3ria. <br><br>O evento contou com diversos servi\u00e7os gratuitos para a comunidade local, incluindo atendimentos psicol\u00f3gicos, nutricionais e jur\u00eddicos, atualiza\u00e7\u00e3o do Cadastro \u00danico (Cad\u00danico), e uma campanha de vacina\u00e7\u00e3o. O objetivo principal foi conscientizar a popula\u00e7\u00e3o sobre a import\u00e2ncia do combate \u00e0 explora\u00e7\u00e3o sexual de crian\u00e7as e adolescentes, al\u00e9m de divulgar os servi\u00e7os dispon\u00edveis na Unidade B\u00e1sica de Sa\u00fade (UBS) e no CRAS do Parque Vit\u00f3ria.<br><br>A secret\u00e1ria da SEMAS, Gilvana Duailibe, destacou a relev\u00e2ncia da campanha. \u201cHoje estamos aqui com a campanha Fa\u00e7a Bonito, trazendo alguns servi\u00e7os para os ribamarenses do Parque Vit\u00f3ria,\u201d afirmou Gilvana. <br><br>O secret\u00e1rio adjunto, Alfredo Lima, tamb\u00e9m comentou sobre a import\u00e2ncia da a\u00e7\u00e3o no bairro. \u201cO Parque Vit\u00f3ria \u00e9 uma \u00e1rea lim\u00edtrofe de S\u00e3o Jos\u00e9 de Ribamar e que tem v\u00e1rias fam\u00edlias que s\u00e3o atendidas no CRAS, CREAS, Cad\u00danico, e essa \u00e9 a grande import\u00e2ncia de estarmos aqui,\u201d explicou Alfredo, enfatizando a necessidade de aproximar os servi\u00e7os sociais das comunidades mais vulner\u00e1veis.<br><br>A a\u00e7\u00e3o foi um sucesso, mobilizando diversos moradores que puderam acessar os servi\u00e7os oferecidos e se informar sobre os mecanismos de prote\u00e7\u00e3o \u00e0s crian\u00e7as e adolescentes contra a explora\u00e7\u00e3o sexual. A Prefeitura de S\u00e3o Jos\u00e9 de Ribamar continua comprometida em promover iniciativas que visem a conscientiza\u00e7\u00e3o e a prote\u00e7\u00e3o social da popula\u00e7\u00e3o.<\/p>\n\n\n\n<figure class=\"wp-block-image size-large\"><img loading=\"lazy\" decoding=\"async\" width=\"1024\" height=\"682\" src=\"https:\/\/maranhaotv.com.br\/wp-content\/uploads\/2024\/05\/img-20240518-wa02825687085896157803474-1024x682.jpg\" alt=\"\" class=\"wp-image-35918\" srcset=\"https:\/\/maranhaotv.com.br\/wp-content\/uploads\/2024\/05\/img-20240518-wa02825687085896157803474-1024x682.jpg 1024w, https:\/\/maranhaotv.com.br\/wp-content\/uploads\/2024\/05\/img-20240518-wa02825687085896157803474-300x200.jpg 300w, https:\/\/maranhaotv.com.br\/wp-content\/uploads\/2024\/05\/img-20240518-wa02825687085896157803474-768x511.jpg 768w, https:\/\/maranhaotv.com.br\/wp-content\/uploads\/2024\/05\/img-20240518-wa02825687085896157803474-640x426.jpg 640w, https:\/\/maranhaotv.com.br\/wp-content\/uploads\/2024\/05\/img-20240518-wa02825687085896157803474.jpg 135w\" sizes=\"auto, (max-width: 1024px) 100vw, 1024px\" \/><\/figure>\n\n\n\n<figure class=\"wp-block-image\"><img loading=\"lazy\" decoding=\"async\" width=\"1024\" height=\"682\" src=\"https:\/\/maranhaotv.com.br\/wp-content\/uploads\/2024\/05\/img-20240518-wa0280822086020883108617-1024x682.jpg\" alt=\"\" class=\"wp-image-35919\" srcset=\"https:\/\/maranhaotv.com.br\/wp-content\/uploads\/2024\/05\/img-20240518-wa0280822086020883108617-1024x682.jpg 1024w, https:\/\/maranhaotv.com.br\/wp-content\/uploads\/2024\/05\/img-20240518-wa0280822086020883108617-300x200.jpg 300w, https:\/\/maranhaotv.com.br\/wp-content\/uploads\/2024\/05\/img-20240518-wa0280822086020883108617-768x511.jpg 768w, https:\/\/maranhaotv.com.br\/wp-content\/uploads\/2024\/05\/img-20240518-wa0280822086020883108617-640x426.jpg 640w, https:\/\/maranhaotv.com.br\/wp-content\/uploads\/2024\/05\/img-20240518-wa0280822086020883108617.jpg 135w\" sizes=\"auto, (max-width: 1024px) 100vw, 1024px\" \/><\/figure>\n","protected":false},"excerpt":{"rendered":"<p>Em alus\u00e3o ao Dia Nacional de Combate \u00e0 Explora\u00e7\u00e3o Sexual de Crian\u00e7as e Adolescentes, a Prefeitura de S\u00e3o Jos\u00e9 de<\/p>\n","protected":false},"author":2,"featured_media":35920,"comment_status":"open","ping_status":"open","sticky":false,"template":"","format":"standard","meta":{"colormag_page_container_layout":"default_layout","colormag_page_sidebar_layout":"default_layout","_jetpack_memberships_contains_paid_content":false,"footnotes":""},"categories":[8],"tags":[48],"class_list":["post-35921","post","type-post","status-publish","format-standard","has-post-thumbnail","hentry","category-servicos","tag-sao-jose-de-ribamar"],"magazineBlocksPostFeaturedMedia":{"thumbnail":"https:\/\/maranhaotv.com.br\/wp-content\/uploads\/2024\/05\/IMG-20240518-WA0281-150x150.jpg","medium":"https:\/\/maranhaotv.com.br\/wp-content\/uploads\/2024\/05\/IMG-20240518-WA0281-300x200.jpg","medium_large":"https:\/\/maranhaotv.com.br\/wp-content\/uploads\/2024\/05\/IMG-20240518-WA0281-768x511.jpg","large":"https:\/\/maranhaotv.com.br\/wp-content\/uploads\/2024\/05\/IMG-20240518-WA0281-1024x682.jpg","1536x1536":"https:\/\/maranhaotv.com.br\/wp-content\/uploads\/2024\/05\/IMG-20240518-WA0281.jpg","2048x2048":"https:\/\/maranhaotv.com.br\/wp-content\/uploads\/2024\/05\/IMG-20240518-WA0281.jpg","colormag-highlighted-post":"https:\/\/maranhaotv.com.br\/wp-content\/uploads\/2024\/05\/IMG-20240518-WA0281-392x272.jpg","colormag-featured-post-medium":"https:\/\/maranhaotv.com.br\/wp-content\/uploads\/2024\/05\/IMG-20240518-WA0281-390x205.jpg","colormag-featured-post-small":"https:\/\/maranhaotv.com.br\/wp-content\/uploads\/2024\/05\/IMG-20240518-WA0281-130x90.jpg","colormag-featured-image":"https:\/\/maranhaotv.com.br\/wp-content\/uploads\/2024\/05\/IMG-20240518-WA0281-800x445.jpg","colormag-default-news":"https:\/\/maranhaotv.com.br\/wp-content\/uploads\/2024\/05\/IMG-20240518-WA0281-150x150.jpg","colormag-featured-image-large":"https:\/\/maranhaotv.com.br\/wp-content\/uploads\/2024\/05\/IMG-20240518-WA0281-1280x600.jpg"},"magazineBlocksPostAuthor":{"name":"maranhaotv","avatar":"https:\/\/secure.gravatar.com\/avatar\/8fadbca458d4cb68b1dd399ae9a40618d747bb1af65ac9fad21c89220a143eb4?s=96&d=mm&r=g"},"magazineBlocksPostCommentsNumber":"0","magazineBlocksPostExcerpt":"Em alus\u00e3o ao Dia Nacional de Combate \u00e0 Explora\u00e7\u00e3o Sexual de Crian\u00e7as e Adolescentes, a Prefeitura de S\u00e3o Jos\u00e9 de","magazineBlocksPostCategories":["servi\u00e7os"],"magazineBlocksPostViewCount":184,"magazineBlocksPostReadTime":2,"magazine_blocks_featured_image_url":{"full":["https:\/\/maranhaotv.com.br\/wp-content\/uploads\/2024\/05\/IMG-20240518-WA0281.jpg",135,90,false],"medium":["https:\/\/maranhaotv.com.br\/wp-content\/uploads\/2024\/05\/IMG-20240518-WA0281-300x200.jpg",300,200,true],"thumbnail":["https:\/\/maranhaotv.com.br\/wp-content\/uploads\/2024\/05\/IMG-20240518-WA0281-150x150.jpg",150,150,true]},"magazine_blocks_author":{"display_name":"maranhaotv","author_link":"https:\/\/maranhaotv.com.br\/index.php\/author\/maranhaotv\/"},"magazine_blocks_comment":0,"magazine_blocks_author_image":"https:\/\/secure.gravatar.com\/avatar\/8fadbca458d4cb68b1dd399ae9a40618d747bb1af65ac9fad21c89220a143eb4?s=96&d=mm&r=g","magazine_blocks_category":"<a href=\"#\" class=\"category-link category-link-8\">servi\u00e7os<\/a>","yoast_head":"<!-- This site is optimized with the Yoast SEO plugin v27.4 - https:\/\/yoast.com\/product\/yoast-seo-wordpress\/ -->\n<title>A\u00e7\u00e3o Social no CRAS do Parque Vit\u00f3ria em S\u00e3o Jos\u00e9 de Ribamar - NOT\u00cdCIAS EM TEMPO REAL<\/title>\n<meta name=\"robots\" content=\"index, follow, max-snippet:-1, max-image-preview:large, max-video-preview:-1\" \/>\n<link rel=\"canonical\" href=\"https:\/\/maranhaotv.com.br\/index.php\/2024\/05\/18\/acao-social-no-cras-do-parque-vitoria-em-sao-jose-de-ribamar\/\" \/>\n<meta property=\"og:locale\" content=\"pt_BR\" \/>\n<meta property=\"og:type\" content=\"article\" \/>\n<meta property=\"og:title\" content=\"A\u00e7\u00e3o Social no CRAS do Parque Vit\u00f3ria em S\u00e3o Jos\u00e9 de Ribamar - NOT\u00cdCIAS EM TEMPO REAL\" \/>\n<meta property=\"og:description\" content=\"Em alus\u00e3o ao Dia Nacional de Combate \u00e0 Explora\u00e7\u00e3o Sexual de Crian\u00e7as e Adolescentes, a Prefeitura de S\u00e3o Jos\u00e9 de\" \/>\n<meta property=\"og:url\" content=\"https:\/\/maranhaotv.com.br\/index.php\/2024\/05\/18\/acao-social-no-cras-do-parque-vitoria-em-sao-jose-de-ribamar\/\" \/>\n<meta property=\"og:site_name\" content=\"NOT\u00cdCIAS EM TEMPO REAL\" \/>\n<meta property=\"article:publisher\" content=\"https:\/\/www.facebook.com\/maiobaotv\" \/>\n<meta property=\"article:published_time\" content=\"2024-05-18T18:19:49+00:00\" \/>\n<meta property=\"article:modified_time\" content=\"2024-05-18T18:20:41+00:00\" \/>\n<meta property=\"og:image\" content=\"https:\/\/maranhaotv.com.br\/wp-content\/uploads\/2024\/05\/IMG-20240518-WA0281.jpg\" \/>\n\t<meta property=\"og:image:width\" content=\"1280\" \/>\n\t<meta property=\"og:image:height\" content=\"852\" \/>\n\t<meta property=\"og:image:type\" content=\"image\/jpeg\" \/>\n<meta name=\"author\" content=\"maranhaotv\" \/>\n<meta name=\"twitter:card\" content=\"summary_large_image\" \/>\n<meta name=\"twitter:creator\" content=\"@sitemaranhaotv\" \/>\n<meta name=\"twitter:site\" content=\"@sitemaranhaotv\" \/>\n<meta name=\"twitter:label1\" content=\"Escrito por\" \/>\n\t<meta name=\"twitter:data1\" content=\"maranhaotv\" \/>\n\t<meta name=\"twitter:label2\" content=\"Est. tempo de leitura\" \/>\n\t<meta name=\"twitter:data2\" content=\"2 minutos\" \/>\n<script type=\"application\/ld+json\" class=\"yoast-schema-graph\">{\"@context\":\"https:\\\/\\\/schema.org\",\"@graph\":[{\"@type\":\"Article\",\"@id\":\"https:\\\/\\\/maranhaotv.com.br\\\/index.php\\\/2024\\\/05\\\/18\\\/acao-social-no-cras-do-parque-vitoria-em-sao-jose-de-ribamar\\\/#article\",\"isPartOf\":{\"@id\":\"https:\\\/\\\/maranhaotv.com.br\\\/index.php\\\/2024\\\/05\\\/18\\\/acao-social-no-cras-do-parque-vitoria-em-sao-jose-de-ribamar\\\/\"},\"author\":{\"name\":\"maranhaotv\",\"@id\":\"https:\\\/\\\/maranhaotv.com.br\\\/#\\\/schema\\\/person\\\/3d54238e86b20bb5c89ab2fdb8f8829a\"},\"headline\":\"A\u00e7\u00e3o Social no CRAS do Parque Vit\u00f3ria em S\u00e3o Jos\u00e9 de Ribamar\",\"datePublished\":\"2024-05-18T18:19:49+00:00\",\"dateModified\":\"2024-05-18T18:20:41+00:00\",\"mainEntityOfPage\":{\"@id\":\"https:\\\/\\\/maranhaotv.com.br\\\/index.php\\\/2024\\\/05\\\/18\\\/acao-social-no-cras-do-parque-vitoria-em-sao-jose-de-ribamar\\\/\"},\"wordCount\":319,\"commentCount\":0,\"publisher\":{\"@id\":\"https:\\\/\\\/maranhaotv.com.br\\\/#organization\"},\"image\":{\"@id\":\"https:\\\/\\\/maranhaotv.com.br\\\/index.php\\\/2024\\\/05\\\/18\\\/acao-social-no-cras-do-parque-vitoria-em-sao-jose-de-ribamar\\\/#primaryimage\"},\"thumbnailUrl\":\"https:\\\/\\\/maranhaotv.com.br\\\/wp-content\\\/uploads\\\/2024\\\/05\\\/IMG-20240518-WA0281.jpg\",\"keywords\":[\"S\u00e3o Jos\u00e9 de Ribamar\"],\"articleSection\":[\"servi\u00e7os\"],\"inLanguage\":\"pt-BR\",\"potentialAction\":[{\"@type\":\"CommentAction\",\"name\":\"Comment\",\"target\":[\"https:\\\/\\\/maranhaotv.com.br\\\/index.php\\\/2024\\\/05\\\/18\\\/acao-social-no-cras-do-parque-vitoria-em-sao-jose-de-ribamar\\\/#respond\"]}]},{\"@type\":\"WebPage\",\"@id\":\"https:\\\/\\\/maranhaotv.com.br\\\/index.php\\\/2024\\\/05\\\/18\\\/acao-social-no-cras-do-parque-vitoria-em-sao-jose-de-ribamar\\\/\",\"url\":\"https:\\\/\\\/maranhaotv.com.br\\\/index.php\\\/2024\\\/05\\\/18\\\/acao-social-no-cras-do-parque-vitoria-em-sao-jose-de-ribamar\\\/\",\"name\":\"A\u00e7\u00e3o Social no CRAS do Parque Vit\u00f3ria em S\u00e3o Jos\u00e9 de Ribamar - NOT\u00cdCIAS EM TEMPO REAL\",\"isPartOf\":{\"@id\":\"https:\\\/\\\/maranhaotv.com.br\\\/#website\"},\"primaryImageOfPage\":{\"@id\":\"https:\\\/\\\/maranhaotv.com.br\\\/index.php\\\/2024\\\/05\\\/18\\\/acao-social-no-cras-do-parque-vitoria-em-sao-jose-de-ribamar\\\/#primaryimage\"},\"image\":{\"@id\":\"https:\\\/\\\/maranhaotv.com.br\\\/index.php\\\/2024\\\/05\\\/18\\\/acao-social-no-cras-do-parque-vitoria-em-sao-jose-de-ribamar\\\/#primaryimage\"},\"thumbnailUrl\":\"https:\\\/\\\/maranhaotv.com.br\\\/wp-content\\\/uploads\\\/2024\\\/05\\\/IMG-20240518-WA0281.jpg\",\"datePublished\":\"2024-05-18T18:19:49+00:00\",\"dateModified\":\"2024-05-18T18:20:41+00:00\",\"breadcrumb\":{\"@id\":\"https:\\\/\\\/maranhaotv.com.br\\\/index.php\\\/2024\\\/05\\\/18\\\/acao-social-no-cras-do-parque-vitoria-em-sao-jose-de-ribamar\\\/#breadcrumb\"},\"inLanguage\":\"pt-BR\",\"potentialAction\":[{\"@type\":\"ReadAction\",\"target\":[\"https:\\\/\\\/maranhaotv.com.br\\\/index.php\\\/2024\\\/05\\\/18\\\/acao-social-no-cras-do-parque-vitoria-em-sao-jose-de-ribamar\\\/\"]}]},{\"@type\":\"ImageObject\",\"inLanguage\":\"pt-BR\",\"@id\":\"https:\\\/\\\/maranhaotv.com.br\\\/index.php\\\/2024\\\/05\\\/18\\\/acao-social-no-cras-do-parque-vitoria-em-sao-jose-de-ribamar\\\/#primaryimage\",\"url\":\"https:\\\/\\\/maranhaotv.com.br\\\/wp-content\\\/uploads\\\/2024\\\/05\\\/IMG-20240518-WA0281.jpg\",\"contentUrl\":\"https:\\\/\\\/maranhaotv.com.br\\\/wp-content\\\/uploads\\\/2024\\\/05\\\/IMG-20240518-WA0281.jpg\",\"width\":135,\"height\":90},{\"@type\":\"BreadcrumbList\",\"@id\":\"https:\\\/\\\/maranhaotv.com.br\\\/index.php\\\/2024\\\/05\\\/18\\\/acao-social-no-cras-do-parque-vitoria-em-sao-jose-de-ribamar\\\/#breadcrumb\",\"itemListElement\":[{\"@type\":\"ListItem\",\"position\":1,\"name\":\"In\u00edcio\",\"item\":\"https:\\\/\\\/maranhaotv.com.br\\\/\"},{\"@type\":\"ListItem\",\"position\":2,\"name\":\"A\u00e7\u00e3o Social no CRAS do Parque Vit\u00f3ria em S\u00e3o Jos\u00e9 de Ribamar\"}]},{\"@type\":\"WebSite\",\"@id\":\"https:\\\/\\\/maranhaotv.com.br\\\/#website\",\"url\":\"https:\\\/\\\/maranhaotv.com.br\\\/\",\"name\":\"Maranh\u00e3oTV\",\"description\":\"\",\"publisher\":{\"@id\":\"https:\\\/\\\/maranhaotv.com.br\\\/#organization\"},\"potentialAction\":[{\"@type\":\"SearchAction\",\"target\":{\"@type\":\"EntryPoint\",\"urlTemplate\":\"https:\\\/\\\/maranhaotv.com.br\\\/?s={search_term_string}\"},\"query-input\":{\"@type\":\"PropertyValueSpecification\",\"valueRequired\":true,\"valueName\":\"search_term_string\"}}],\"inLanguage\":\"pt-BR\"},{\"@type\":\"Organization\",\"@id\":\"https:\\\/\\\/maranhaotv.com.br\\\/#organization\",\"name\":\"Portal de Not\u00edcias\",\"url\":\"https:\\\/\\\/maranhaotv.com.br\\\/\",\"logo\":{\"@type\":\"ImageObject\",\"inLanguage\":\"pt-BR\",\"@id\":\"https:\\\/\\\/maranhaotv.com.br\\\/#\\\/schema\\\/logo\\\/image\\\/\",\"url\":\"https:\\\/\\\/maranhaotv.com.br\\\/wp-content\\\/uploads\\\/2024\\\/05\\\/cropped-cropped-avatar-1.png\",\"contentUrl\":\"https:\\\/\\\/maranhaotv.com.br\\\/wp-content\\\/uploads\\\/2024\\\/05\\\/cropped-cropped-avatar-1.png\",\"width\":792,\"height\":428,\"caption\":\"Portal de Not\u00edcias\"},\"image\":{\"@id\":\"https:\\\/\\\/maranhaotv.com.br\\\/#\\\/schema\\\/logo\\\/image\\\/\"},\"sameAs\":[\"https:\\\/\\\/www.facebook.com\\\/maiobaotv\",\"https:\\\/\\\/x.com\\\/sitemaranhaotv\",\"https:\\\/\\\/www.instagram.com\\\/maranhao.tv\",\"https:\\\/\\\/www.threads.net\\\/@maranhao.tv\"]},{\"@type\":\"Person\",\"@id\":\"https:\\\/\\\/maranhaotv.com.br\\\/#\\\/schema\\\/person\\\/3d54238e86b20bb5c89ab2fdb8f8829a\",\"name\":\"maranhaotv\",\"image\":{\"@type\":\"ImageObject\",\"inLanguage\":\"pt-BR\",\"@id\":\"https:\\\/\\\/secure.gravatar.com\\\/avatar\\\/8fadbca458d4cb68b1dd399ae9a40618d747bb1af65ac9fad21c89220a143eb4?s=96&d=mm&r=g\",\"url\":\"https:\\\/\\\/secure.gravatar.com\\\/avatar\\\/8fadbca458d4cb68b1dd399ae9a40618d747bb1af65ac9fad21c89220a143eb4?s=96&d=mm&r=g\",\"contentUrl\":\"https:\\\/\\\/secure.gravatar.com\\\/avatar\\\/8fadbca458d4cb68b1dd399ae9a40618d747bb1af65ac9fad21c89220a143eb4?s=96&d=mm&r=g\",\"caption\":\"maranhaotv\"},\"sameAs\":[\"https:\\\/\\\/maranhaotv.com.br\\\/\"],\"url\":\"https:\\\/\\\/maranhaotv.com.br\\\/index.php\\\/author\\\/maranhaotv\\\/\"}]}<\/script>\n<!-- \/ Yoast SEO plugin. -->","yoast_head_json":{"title":"A\u00e7\u00e3o Social no CRAS do Parque Vit\u00f3ria em S\u00e3o Jos\u00e9 de Ribamar - NOT\u00cdCIAS EM TEMPO REAL","robots":{"index":"index","follow":"follow","max-snippet":"max-snippet:-1","max-image-preview":"max-image-preview:large","max-video-preview":"max-video-preview:-1"},"canonical":"https:\/\/maranhaotv.com.br\/index.php\/2024\/05\/18\/acao-social-no-cras-do-parque-vitoria-em-sao-jose-de-ribamar\/","og_locale":"pt_BR","og_type":"article","og_title":"A\u00e7\u00e3o Social no CRAS do Parque Vit\u00f3ria em S\u00e3o Jos\u00e9 de Ribamar - NOT\u00cdCIAS EM TEMPO REAL","og_description":"Em alus\u00e3o ao Dia Nacional de Combate \u00e0 Explora\u00e7\u00e3o Sexual de Crian\u00e7as e Adolescentes, a Prefeitura de S\u00e3o Jos\u00e9 de","og_url":"https:\/\/maranhaotv.com.br\/index.php\/2024\/05\/18\/acao-social-no-cras-do-parque-vitoria-em-sao-jose-de-ribamar\/","og_site_name":"NOT\u00cdCIAS EM TEMPO REAL","article_publisher":"https:\/\/www.facebook.com\/maiobaotv","article_published_time":"2024-05-18T18:19:49+00:00","article_modified_time":"2024-05-18T18:20:41+00:00","og_image":[{"width":1280,"height":852,"url":"https:\/\/maranhaotv.com.br\/wp-content\/uploads\/2024\/05\/IMG-20240518-WA0281.jpg","type":"image\/jpeg"}],"author":"maranhaotv","twitter_card":"summary_large_image","twitter_creator":"@sitemaranhaotv","twitter_site":"@sitemaranhaotv","twitter_misc":{"Escrito por":"maranhaotv","Est. tempo de leitura":"2 minutos"},"schema":{"@context":"https:\/\/schema.org","@graph":[{"@type":"Article","@id":"https:\/\/maranhaotv.com.br\/index.php\/2024\/05\/18\/acao-social-no-cras-do-parque-vitoria-em-sao-jose-de-ribamar\/#article","isPartOf":{"@id":"https:\/\/maranhaotv.com.br\/index.php\/2024\/05\/18\/acao-social-no-cras-do-parque-vitoria-em-sao-jose-de-ribamar\/"},"author":{"name":"maranhaotv","@id":"https:\/\/maranhaotv.com.br\/#\/schema\/person\/3d54238e86b20bb5c89ab2fdb8f8829a"},"headline":"A\u00e7\u00e3o Social no CRAS do Parque Vit\u00f3ria em S\u00e3o Jos\u00e9 de Ribamar","datePublished":"2024-05-18T18:19:49+00:00","dateModified":"2024-05-18T18:20:41+00:00","mainEntityOfPage":{"@id":"https:\/\/maranhaotv.com.br\/index.php\/2024\/05\/18\/acao-social-no-cras-do-parque-vitoria-em-sao-jose-de-ribamar\/"},"wordCount":319,"commentCount":0,"publisher":{"@id":"https:\/\/maranhaotv.com.br\/#organization"},"image":{"@id":"https:\/\/maranhaotv.com.br\/index.php\/2024\/05\/18\/acao-social-no-cras-do-parque-vitoria-em-sao-jose-de-ribamar\/#primaryimage"},"thumbnailUrl":"https:\/\/maranhaotv.com.br\/wp-content\/uploads\/2024\/05\/IMG-20240518-WA0281.jpg","keywords":["S\u00e3o Jos\u00e9 de Ribamar"],"articleSection":["servi\u00e7os"],"inLanguage":"pt-BR","potentialAction":[{"@type":"CommentAction","name":"Comment","target":["https:\/\/maranhaotv.com.br\/index.php\/2024\/05\/18\/acao-social-no-cras-do-parque-vitoria-em-sao-jose-de-ribamar\/#respond"]}]},{"@type":"WebPage","@id":"https:\/\/maranhaotv.com.br\/index.php\/2024\/05\/18\/acao-social-no-cras-do-parque-vitoria-em-sao-jose-de-ribamar\/","url":"https:\/\/maranhaotv.com.br\/index.php\/2024\/05\/18\/acao-social-no-cras-do-parque-vitoria-em-sao-jose-de-ribamar\/","name":"A\u00e7\u00e3o Social no CRAS do Parque Vit\u00f3ria em S\u00e3o Jos\u00e9 de Ribamar - NOT\u00cdCIAS EM TEMPO REAL","isPartOf":{"@id":"https:\/\/maranhaotv.com.br\/#website"},"primaryImageOfPage":{"@id":"https:\/\/maranhaotv.com.br\/index.php\/2024\/05\/18\/acao-social-no-cras-do-parque-vitoria-em-sao-jose-de-ribamar\/#primaryimage"},"image":{"@id":"https:\/\/maranhaotv.com.br\/index.php\/2024\/05\/18\/acao-social-no-cras-do-parque-vitoria-em-sao-jose-de-ribamar\/#primaryimage"},"thumbnailUrl":"https:\/\/maranhaotv.com.br\/wp-content\/uploads\/2024\/05\/IMG-20240518-WA0281.jpg","datePublished":"2024-05-18T18:19:49+00:00","dateModified":"2024-05-18T18:20:41+00:00","breadcrumb":{"@id":"https:\/\/maranhaotv.com.br\/index.php\/2024\/05\/18\/acao-social-no-cras-do-parque-vitoria-em-sao-jose-de-ribamar\/#breadcrumb"},"inLanguage":"pt-BR","potentialAction":[{"@type":"ReadAction","target":["https:\/\/maranhaotv.com.br\/index.php\/2024\/05\/18\/acao-social-no-cras-do-parque-vitoria-em-sao-jose-de-ribamar\/"]}]},{"@type":"ImageObject","inLanguage":"pt-BR","@id":"https:\/\/maranhaotv.com.br\/index.php\/2024\/05\/18\/acao-social-no-cras-do-parque-vitoria-em-sao-jose-de-ribamar\/#primaryimage","url":"https:\/\/maranhaotv.com.br\/wp-content\/uploads\/2024\/05\/IMG-20240518-WA0281.jpg","contentUrl":"https:\/\/maranhaotv.com.br\/wp-content\/uploads\/2024\/05\/IMG-20240518-WA0281.jpg","width":135,"height":90},{"@type":"BreadcrumbList","@id":"https:\/\/maranhaotv.com.br\/index.php\/2024\/05\/18\/acao-social-no-cras-do-parque-vitoria-em-sao-jose-de-ribamar\/#breadcrumb","itemListElement":[{"@type":"ListItem","position":1,"name":"In\u00edcio","item":"https:\/\/maranhaotv.com.br\/"},{"@type":"ListItem","position":2,"name":"A\u00e7\u00e3o Social no CRAS do Parque Vit\u00f3ria em S\u00e3o Jos\u00e9 de Ribamar"}]},{"@type":"WebSite","@id":"https:\/\/maranhaotv.com.br\/#website","url":"https:\/\/maranhaotv.com.br\/","name":"Maranh\u00e3oTV","description":"","publisher":{"@id":"https:\/\/maranhaotv.com.br\/#organization"},"potentialAction":[{"@type":"SearchAction","target":{"@type":"EntryPoint","urlTemplate":"https:\/\/maranhaotv.com.br\/?s={search_term_string}"},"query-input":{"@type":"PropertyValueSpecification","valueRequired":true,"valueName":"search_term_string"}}],"inLanguage":"pt-BR"},{"@type":"Organization","@id":"https:\/\/maranhaotv.com.br\/#organization","name":"Portal de Not\u00edcias","url":"https:\/\/maranhaotv.com.br\/","logo":{"@type":"ImageObject","inLanguage":"pt-BR","@id":"https:\/\/maranhaotv.com.br\/#\/schema\/logo\/image\/","url":"https:\/\/maranhaotv.com.br\/wp-content\/uploads\/2024\/05\/cropped-cropped-avatar-1.png","contentUrl":"https:\/\/maranhaotv.com.br\/wp-content\/uploads\/2024\/05\/cropped-cropped-avatar-1.png","width":792,"height":428,"caption":"Portal de Not\u00edcias"},"image":{"@id":"https:\/\/maranhaotv.com.br\/#\/schema\/logo\/image\/"},"sameAs":["https:\/\/www.facebook.com\/maiobaotv","https:\/\/x.com\/sitemaranhaotv","https:\/\/www.instagram.com\/maranhao.tv","https:\/\/www.threads.net\/@maranhao.tv"]},{"@type":"Person","@id":"https:\/\/maranhaotv.com.br\/#\/schema\/person\/3d54238e86b20bb5c89ab2fdb8f8829a","name":"maranhaotv","image":{"@type":"ImageObject","inLanguage":"pt-BR","@id":"https:\/\/secure.gravatar.com\/avatar\/8fadbca458d4cb68b1dd399ae9a40618d747bb1af65ac9fad21c89220a143eb4?s=96&d=mm&r=g","url":"https:\/\/secure.gravatar.com\/avatar\/8fadbca458d4cb68b1dd399ae9a40618d747bb1af65ac9fad21c89220a143eb4?s=96&d=mm&r=g","contentUrl":"https:\/\/secure.gravatar.com\/avatar\/8fadbca458d4cb68b1dd399ae9a40618d747bb1af65ac9fad21c89220a143eb4?s=96&d=mm&r=g","caption":"maranhaotv"},"sameAs":["https:\/\/maranhaotv.com.br\/"],"url":"https:\/\/maranhaotv.com.br\/index.php\/author\/maranhaotv\/"}]}},"jetpack_featured_media_url":"https:\/\/maranhaotv.com.br\/wp-content\/uploads\/2024\/05\/IMG-20240518-WA0281.jpg","jetpack_sharing_enabled":true,"_links":{"self":[{"href":"https:\/\/maranhaotv.com.br\/index.php\/wp-json\/wp\/v2\/posts\/35921","targetHints":{"allow":["GET"]}}],"collection":[{"href":"https:\/\/maranhaotv.com.br\/index.php\/wp-json\/wp\/v2\/posts"}],"about":[{"href":"https:\/\/maranhaotv.com.br\/index.php\/wp-json\/wp\/v2\/types\/post"}],"author":[{"embeddable":true,"href":"https:\/\/maranhaotv.com.br\/index.php\/wp-json\/wp\/v2\/users\/2"}],"replies":[{"embeddable":true,"href":"https:\/\/maranhaotv.com.br\/index.php\/wp-json\/wp\/v2\/comments?post=35921"}],"version-history":[{"count":1,"href":"https:\/\/maranhaotv.com.br\/index.php\/wp-json\/wp\/v2\/posts\/35921\/revisions"}],"predecessor-version":[{"id":35922,"href":"https:\/\/maranhaotv.com.br\/index.php\/wp-json\/wp\/v2\/posts\/35921\/revisions\/35922"}],"wp:featuredmedia":[{"embeddable":true,"href":"https:\/\/maranhaotv.com.br\/index.php\/wp-json\/wp\/v2\/media\/35920"}],"wp:attachment":[{"href":"https:\/\/maranhaotv.com.br\/index.php\/wp-json\/wp\/v2\/media?parent=35921"}],"wp:term":[{"taxonomy":"category","embeddable":true,"href":"https:\/\/maranhaotv.com.br\/index.php\/wp-json\/wp\/v2\/categories?post=35921"},{"taxonomy":"post_tag","embeddable":true,"href":"https:\/\/maranhaotv.com.br\/index.php\/wp-json\/wp\/v2\/tags?post=35921"}],"curies":[{"name":"wp","href":"https:\/\/api.w.org\/{rel}","templated":true}]}}