{"id":35993,"date":"2024-05-22T12:52:46","date_gmt":"2024-05-22T15:52:46","guid":{"rendered":"https:\/\/maranhaotv.com.br\/?p=35993"},"modified":"2024-05-22T12:53:19","modified_gmt":"2024-05-22T15:53:19","slug":"governador-brandao-nomeia-150-agentes-da-policia-militar-e-novos-servidores-para-o-detran-e-uema","status":"publish","type":"post","link":"https:\/\/maranhaotv.com.br\/index.php\/2024\/05\/22\/governador-brandao-nomeia-150-agentes-da-policia-militar-e-novos-servidores-para-o-detran-e-uema\/","title":{"rendered":"Governador Brand\u00e3o nomeia 150 agentes da Pol\u00edcia Militar e novos servidores para o Detran e Uema"},"content":{"rendered":"\n<p><br><br>O governador do Maranh\u00e3o Carlos Brand\u00e3o anunciou a nomea\u00e7\u00e3o de novos servidores para refor\u00e7ar o servi\u00e7o p\u00fablico. As nomea\u00e7\u00f5es foram publicadas nesta quarta-feira (22), e contam com 243 servidores nomeados, que refor\u00e7am a presta\u00e7\u00e3o de servi\u00e7os essenciais para o estado, garantindo melhorias no atendimento \u00e0 popula\u00e7\u00e3o.\u00a0<br><br>O an\u00fancio foi feito nas redes oficiais do governador, que destacou: &#8220;O servi\u00e7o p\u00fablico do Maranh\u00e3o ganhou um importante refor\u00e7o. Nomeamos hoje (22) 150 policiais militares, 66 servidores efetivos do Detran-MA e 27 professores da Uema, al\u00e9m dos cinco servidores nomeados na semana passada para a Uemasul. Garantia de valoriza\u00e7\u00e3o e melhorias na presta\u00e7\u00e3o do servi\u00e7o \u00e0 popula\u00e7\u00e3o maranhense. Vamos em frente&#8221;, postou Brand\u00e3o.<br><br>Em mar\u00e7o, o governador anunciou a nomea\u00e7\u00e3o de 600 agentes para compor a Pol\u00edcia Militar, como parte do pacote de a\u00e7\u00f5es para garantir \u00edndices satisfat\u00f3rios na \u00e1rea da seguran\u00e7a p\u00fablica. Brand\u00e3o ainda confirmou a realiza\u00e7\u00e3o de concursos para o Corpo de Bombeiros e Pol\u00edcia Civil, que est\u00e3o em fase de tr\u00e2mite legal para a escolha de banca organizadora.<br><br>Ainda em 2024, Brand\u00e3o realizou a promo\u00e7\u00e3o de 873 policiais militares e bombeiros, al\u00e9m do projeto de lei enviado \u00e0 Assembleia Legislativa para a derrubada da cl\u00e1usula de barreira para que fossem convocados 50 delegados, 20 investigadores e 10 peritos. O intuito \u00e9 refor\u00e7ar as a\u00e7\u00f5es em diversos munic\u00edpios maranhenses.<br><br>Na educa\u00e7\u00e3o e tr\u00e2nsito, o governador j\u00e1 havia anunciado que daria continuidade \u00e0 pol\u00edtica de convoca\u00e7\u00e3o de servidores do in\u00edcio do seu governo. No Dia do Trabalhador (1\u00ba), Brand\u00e3o anunciou a nomea\u00e7\u00e3o de 32 professores para Uema e Uemasul e 66 servidores para compor o corpo t\u00e9cnico do Detran. Os an\u00fancios foram cumpridos nesta quarta-feira, demonstrando o compromisso do governo do Maranh\u00e3o com o funcionalismo p\u00fablico.<\/p>\n\n\n","protected":false},"excerpt":{"rendered":"<p>O governador do Maranh\u00e3o Carlos Brand\u00e3o anunciou a nomea\u00e7\u00e3o de novos servidores para refor\u00e7ar o servi\u00e7o p\u00fablico. As nomea\u00e7\u00f5es foram<\/p>\n","protected":false},"author":2,"featured_media":35992,"comment_status":"open","ping_status":"open","sticky":false,"template":"","format":"standard","meta":{"colormag_page_container_layout":"default_layout","colormag_page_sidebar_layout":"default_layout","_jetpack_memberships_contains_paid_content":false,"footnotes":""},"categories":[2],"tags":[144],"class_list":["post-35993","post","type-post","status-publish","format-standard","has-post-thumbnail","hentry","category-noticias","tag-maranhao"],"magazineBlocksPostFeaturedMedia":{"thumbnail":"https:\/\/maranhaotv.com.br\/wp-content\/uploads\/2024\/05\/IMG_1279-150x150.jpg","medium":"https:\/\/maranhaotv.com.br\/wp-content\/uploads\/2024\/05\/IMG_1279-300x206.jpg","medium_large":"https:\/\/maranhaotv.com.br\/wp-content\/uploads\/2024\/05\/IMG_1279-768x528.jpg","large":"https:\/\/maranhaotv.com.br\/wp-content\/uploads\/2024\/05\/IMG_1279-1024x704.jpg","1536x1536":"https:\/\/maranhaotv.com.br\/wp-content\/uploads\/2024\/05\/IMG_1279-1536x1056.jpg","2048x2048":"https:\/\/maranhaotv.com.br\/wp-content\/uploads\/2024\/05\/IMG_1279-2048x1408.jpg","colormag-highlighted-post":"https:\/\/maranhaotv.com.br\/wp-content\/uploads\/2024\/05\/IMG_1279-392x272.jpg","colormag-featured-post-medium":"https:\/\/maranhaotv.com.br\/wp-content\/uploads\/2024\/05\/IMG_1279-390x205.jpg","colormag-featured-post-small":"https:\/\/maranhaotv.com.br\/wp-content\/uploads\/2024\/05\/IMG_1279-130x90.jpg","colormag-featured-image":"https:\/\/maranhaotv.com.br\/wp-content\/uploads\/2024\/05\/IMG_1279-800x445.jpg","colormag-default-news":"https:\/\/maranhaotv.com.br\/wp-content\/uploads\/2024\/05\/IMG_1279-150x150.jpg","colormag-featured-image-large":"https:\/\/maranhaotv.com.br\/wp-content\/uploads\/2024\/05\/IMG_1279-1400x600.jpg"},"magazineBlocksPostAuthor":{"name":"maranhaotv","avatar":"https:\/\/secure.gravatar.com\/avatar\/8fadbca458d4cb68b1dd399ae9a40618d747bb1af65ac9fad21c89220a143eb4?s=96&d=mm&r=g"},"magazineBlocksPostCommentsNumber":"0","magazineBlocksPostExcerpt":"O governador do Maranh\u00e3o Carlos Brand\u00e3o anunciou a nomea\u00e7\u00e3o de novos servidores para refor\u00e7ar o servi\u00e7o p\u00fablico. As nomea\u00e7\u00f5es foram","magazineBlocksPostCategories":["not\u00edcias"],"magazineBlocksPostViewCount":353,"magazineBlocksPostReadTime":2,"magazine_blocks_featured_image_url":{"full":["https:\/\/maranhaotv.com.br\/wp-content\/uploads\/2024\/05\/IMG_1279-scaled.jpg",131,90,false],"medium":["https:\/\/maranhaotv.com.br\/wp-content\/uploads\/2024\/05\/IMG_1279-300x206.jpg",300,206,true],"thumbnail":["https:\/\/maranhaotv.com.br\/wp-content\/uploads\/2024\/05\/IMG_1279-150x150.jpg",150,150,true]},"magazine_blocks_author":{"display_name":"maranhaotv","author_link":"https:\/\/maranhaotv.com.br\/index.php\/author\/maranhaotv\/"},"magazine_blocks_comment":0,"magazine_blocks_author_image":"https:\/\/secure.gravatar.com\/avatar\/8fadbca458d4cb68b1dd399ae9a40618d747bb1af65ac9fad21c89220a143eb4?s=96&d=mm&r=g","magazine_blocks_category":"<a href=\"#\" class=\"category-link category-link-2\">not\u00edcias<\/a>","yoast_head":"<!-- This site is optimized with the Yoast SEO plugin v27.4 - https:\/\/yoast.com\/product\/yoast-seo-wordpress\/ -->\n<title>Governador Brand\u00e3o nomeia 150 agentes da Pol\u00edcia Militar e novos servidores para o Detran e Uema - NOT\u00cdCIAS EM TEMPO REAL<\/title>\n<meta name=\"robots\" content=\"index, follow, max-snippet:-1, max-image-preview:large, max-video-preview:-1\" \/>\n<link rel=\"canonical\" href=\"https:\/\/maranhaotv.com.br\/index.php\/2024\/05\/22\/governador-brandao-nomeia-150-agentes-da-policia-militar-e-novos-servidores-para-o-detran-e-uema\/\" \/>\n<meta property=\"og:locale\" content=\"pt_BR\" \/>\n<meta property=\"og:type\" content=\"article\" \/>\n<meta property=\"og:title\" content=\"Governador Brand\u00e3o nomeia 150 agentes da Pol\u00edcia Militar e novos servidores para o Detran e Uema - NOT\u00cdCIAS EM TEMPO REAL\" \/>\n<meta property=\"og:description\" content=\"O governador do Maranh\u00e3o Carlos Brand\u00e3o anunciou a nomea\u00e7\u00e3o de novos servidores para refor\u00e7ar o servi\u00e7o p\u00fablico. As nomea\u00e7\u00f5es foram\" \/>\n<meta property=\"og:url\" content=\"https:\/\/maranhaotv.com.br\/index.php\/2024\/05\/22\/governador-brandao-nomeia-150-agentes-da-policia-militar-e-novos-servidores-para-o-detran-e-uema\/\" \/>\n<meta property=\"og:site_name\" content=\"NOT\u00cdCIAS EM TEMPO REAL\" \/>\n<meta property=\"article:publisher\" content=\"https:\/\/www.facebook.com\/maiobaotv\" \/>\n<meta property=\"article:published_time\" content=\"2024-05-22T15:52:46+00:00\" \/>\n<meta property=\"article:modified_time\" content=\"2024-05-22T15:53:19+00:00\" \/>\n<meta property=\"og:image\" content=\"https:\/\/maranhaotv.com.br\/wp-content\/uploads\/2024\/05\/IMG_1279-scaled.jpg\" \/>\n\t<meta property=\"og:image:width\" content=\"2560\" \/>\n\t<meta property=\"og:image:height\" content=\"1760\" \/>\n\t<meta property=\"og:image:type\" content=\"image\/jpeg\" \/>\n<meta name=\"author\" content=\"maranhaotv\" \/>\n<meta name=\"twitter:card\" content=\"summary_large_image\" \/>\n<meta name=\"twitter:creator\" content=\"@sitemaranhaotv\" \/>\n<meta name=\"twitter:site\" content=\"@sitemaranhaotv\" \/>\n<meta name=\"twitter:label1\" content=\"Escrito por\" \/>\n\t<meta name=\"twitter:data1\" content=\"maranhaotv\" \/>\n\t<meta name=\"twitter:label2\" content=\"Est. tempo de leitura\" \/>\n\t<meta name=\"twitter:data2\" content=\"2 minutos\" \/>\n<script type=\"application\/ld+json\" class=\"yoast-schema-graph\">{\"@context\":\"https:\\\/\\\/schema.org\",\"@graph\":[{\"@type\":\"Article\",\"@id\":\"https:\\\/\\\/maranhaotv.com.br\\\/index.php\\\/2024\\\/05\\\/22\\\/governador-brandao-nomeia-150-agentes-da-policia-militar-e-novos-servidores-para-o-detran-e-uema\\\/#article\",\"isPartOf\":{\"@id\":\"https:\\\/\\\/maranhaotv.com.br\\\/index.php\\\/2024\\\/05\\\/22\\\/governador-brandao-nomeia-150-agentes-da-policia-militar-e-novos-servidores-para-o-detran-e-uema\\\/\"},\"author\":{\"name\":\"maranhaotv\",\"@id\":\"https:\\\/\\\/maranhaotv.com.br\\\/#\\\/schema\\\/person\\\/3d54238e86b20bb5c89ab2fdb8f8829a\"},\"headline\":\"Governador Brand\u00e3o nomeia 150 agentes da Pol\u00edcia Militar e novos servidores para o Detran e Uema\",\"datePublished\":\"2024-05-22T15:52:46+00:00\",\"dateModified\":\"2024-05-22T15:53:19+00:00\",\"mainEntityOfPage\":{\"@id\":\"https:\\\/\\\/maranhaotv.com.br\\\/index.php\\\/2024\\\/05\\\/22\\\/governador-brandao-nomeia-150-agentes-da-policia-militar-e-novos-servidores-para-o-detran-e-uema\\\/\"},\"wordCount\":333,\"commentCount\":0,\"publisher\":{\"@id\":\"https:\\\/\\\/maranhaotv.com.br\\\/#organization\"},\"image\":{\"@id\":\"https:\\\/\\\/maranhaotv.com.br\\\/index.php\\\/2024\\\/05\\\/22\\\/governador-brandao-nomeia-150-agentes-da-policia-militar-e-novos-servidores-para-o-detran-e-uema\\\/#primaryimage\"},\"thumbnailUrl\":\"https:\\\/\\\/maranhaotv.com.br\\\/wp-content\\\/uploads\\\/2024\\\/05\\\/IMG_1279-scaled.jpg\",\"keywords\":[\"Maranh\u00e3o\"],\"articleSection\":[\"not\u00edcias\"],\"inLanguage\":\"pt-BR\",\"potentialAction\":[{\"@type\":\"CommentAction\",\"name\":\"Comment\",\"target\":[\"https:\\\/\\\/maranhaotv.com.br\\\/index.php\\\/2024\\\/05\\\/22\\\/governador-brandao-nomeia-150-agentes-da-policia-militar-e-novos-servidores-para-o-detran-e-uema\\\/#respond\"]}]},{\"@type\":\"WebPage\",\"@id\":\"https:\\\/\\\/maranhaotv.com.br\\\/index.php\\\/2024\\\/05\\\/22\\\/governador-brandao-nomeia-150-agentes-da-policia-militar-e-novos-servidores-para-o-detran-e-uema\\\/\",\"url\":\"https:\\\/\\\/maranhaotv.com.br\\\/index.php\\\/2024\\\/05\\\/22\\\/governador-brandao-nomeia-150-agentes-da-policia-militar-e-novos-servidores-para-o-detran-e-uema\\\/\",\"name\":\"Governador Brand\u00e3o nomeia 150 agentes da Pol\u00edcia Militar e novos servidores para o Detran e Uema - NOT\u00cdCIAS EM TEMPO REAL\",\"isPartOf\":{\"@id\":\"https:\\\/\\\/maranhaotv.com.br\\\/#website\"},\"primaryImageOfPage\":{\"@id\":\"https:\\\/\\\/maranhaotv.com.br\\\/index.php\\\/2024\\\/05\\\/22\\\/governador-brandao-nomeia-150-agentes-da-policia-militar-e-novos-servidores-para-o-detran-e-uema\\\/#primaryimage\"},\"image\":{\"@id\":\"https:\\\/\\\/maranhaotv.com.br\\\/index.php\\\/2024\\\/05\\\/22\\\/governador-brandao-nomeia-150-agentes-da-policia-militar-e-novos-servidores-para-o-detran-e-uema\\\/#primaryimage\"},\"thumbnailUrl\":\"https:\\\/\\\/maranhaotv.com.br\\\/wp-content\\\/uploads\\\/2024\\\/05\\\/IMG_1279-scaled.jpg\",\"datePublished\":\"2024-05-22T15:52:46+00:00\",\"dateModified\":\"2024-05-22T15:53:19+00:00\",\"breadcrumb\":{\"@id\":\"https:\\\/\\\/maranhaotv.com.br\\\/index.php\\\/2024\\\/05\\\/22\\\/governador-brandao-nomeia-150-agentes-da-policia-militar-e-novos-servidores-para-o-detran-e-uema\\\/#breadcrumb\"},\"inLanguage\":\"pt-BR\",\"potentialAction\":[{\"@type\":\"ReadAction\",\"target\":[\"https:\\\/\\\/maranhaotv.com.br\\\/index.php\\\/2024\\\/05\\\/22\\\/governador-brandao-nomeia-150-agentes-da-policia-militar-e-novos-servidores-para-o-detran-e-uema\\\/\"]}]},{\"@type\":\"ImageObject\",\"inLanguage\":\"pt-BR\",\"@id\":\"https:\\\/\\\/maranhaotv.com.br\\\/index.php\\\/2024\\\/05\\\/22\\\/governador-brandao-nomeia-150-agentes-da-policia-militar-e-novos-servidores-para-o-detran-e-uema\\\/#primaryimage\",\"url\":\"https:\\\/\\\/maranhaotv.com.br\\\/wp-content\\\/uploads\\\/2024\\\/05\\\/IMG_1279-scaled.jpg\",\"contentUrl\":\"https:\\\/\\\/maranhaotv.com.br\\\/wp-content\\\/uploads\\\/2024\\\/05\\\/IMG_1279-scaled.jpg\",\"width\":131,\"height\":90},{\"@type\":\"BreadcrumbList\",\"@id\":\"https:\\\/\\\/maranhaotv.com.br\\\/index.php\\\/2024\\\/05\\\/22\\\/governador-brandao-nomeia-150-agentes-da-policia-militar-e-novos-servidores-para-o-detran-e-uema\\\/#breadcrumb\",\"itemListElement\":[{\"@type\":\"ListItem\",\"position\":1,\"name\":\"In\u00edcio\",\"item\":\"https:\\\/\\\/maranhaotv.com.br\\\/\"},{\"@type\":\"ListItem\",\"position\":2,\"name\":\"Governador Brand\u00e3o nomeia 150 agentes da Pol\u00edcia Militar e novos servidores para o Detran e Uema\"}]},{\"@type\":\"WebSite\",\"@id\":\"https:\\\/\\\/maranhaotv.com.br\\\/#website\",\"url\":\"https:\\\/\\\/maranhaotv.com.br\\\/\",\"name\":\"Maranh\u00e3oTV\",\"description\":\"\",\"publisher\":{\"@id\":\"https:\\\/\\\/maranhaotv.com.br\\\/#organization\"},\"potentialAction\":[{\"@type\":\"SearchAction\",\"target\":{\"@type\":\"EntryPoint\",\"urlTemplate\":\"https:\\\/\\\/maranhaotv.com.br\\\/?s={search_term_string}\"},\"query-input\":{\"@type\":\"PropertyValueSpecification\",\"valueRequired\":true,\"valueName\":\"search_term_string\"}}],\"inLanguage\":\"pt-BR\"},{\"@type\":\"Organization\",\"@id\":\"https:\\\/\\\/maranhaotv.com.br\\\/#organization\",\"name\":\"Portal de Not\u00edcias\",\"url\":\"https:\\\/\\\/maranhaotv.com.br\\\/\",\"logo\":{\"@type\":\"ImageObject\",\"inLanguage\":\"pt-BR\",\"@id\":\"https:\\\/\\\/maranhaotv.com.br\\\/#\\\/schema\\\/logo\\\/image\\\/\",\"url\":\"https:\\\/\\\/maranhaotv.com.br\\\/wp-content\\\/uploads\\\/2024\\\/05\\\/cropped-cropped-avatar-1.png\",\"contentUrl\":\"https:\\\/\\\/maranhaotv.com.br\\\/wp-content\\\/uploads\\\/2024\\\/05\\\/cropped-cropped-avatar-1.png\",\"width\":792,\"height\":428,\"caption\":\"Portal de Not\u00edcias\"},\"image\":{\"@id\":\"https:\\\/\\\/maranhaotv.com.br\\\/#\\\/schema\\\/logo\\\/image\\\/\"},\"sameAs\":[\"https:\\\/\\\/www.facebook.com\\\/maiobaotv\",\"https:\\\/\\\/x.com\\\/sitemaranhaotv\",\"https:\\\/\\\/www.instagram.com\\\/maranhao.tv\",\"https:\\\/\\\/www.threads.net\\\/@maranhao.tv\"]},{\"@type\":\"Person\",\"@id\":\"https:\\\/\\\/maranhaotv.com.br\\\/#\\\/schema\\\/person\\\/3d54238e86b20bb5c89ab2fdb8f8829a\",\"name\":\"maranhaotv\",\"image\":{\"@type\":\"ImageObject\",\"inLanguage\":\"pt-BR\",\"@id\":\"https:\\\/\\\/secure.gravatar.com\\\/avatar\\\/8fadbca458d4cb68b1dd399ae9a40618d747bb1af65ac9fad21c89220a143eb4?s=96&d=mm&r=g\",\"url\":\"https:\\\/\\\/secure.gravatar.com\\\/avatar\\\/8fadbca458d4cb68b1dd399ae9a40618d747bb1af65ac9fad21c89220a143eb4?s=96&d=mm&r=g\",\"contentUrl\":\"https:\\\/\\\/secure.gravatar.com\\\/avatar\\\/8fadbca458d4cb68b1dd399ae9a40618d747bb1af65ac9fad21c89220a143eb4?s=96&d=mm&r=g\",\"caption\":\"maranhaotv\"},\"sameAs\":[\"https:\\\/\\\/maranhaotv.com.br\\\/\"],\"url\":\"https:\\\/\\\/maranhaotv.com.br\\\/index.php\\\/author\\\/maranhaotv\\\/\"}]}<\/script>\n<!-- \/ Yoast SEO plugin. -->","yoast_head_json":{"title":"Governador Brand\u00e3o nomeia 150 agentes da Pol\u00edcia Militar e novos servidores para o Detran e Uema - NOT\u00cdCIAS EM TEMPO REAL","robots":{"index":"index","follow":"follow","max-snippet":"max-snippet:-1","max-image-preview":"max-image-preview:large","max-video-preview":"max-video-preview:-1"},"canonical":"https:\/\/maranhaotv.com.br\/index.php\/2024\/05\/22\/governador-brandao-nomeia-150-agentes-da-policia-militar-e-novos-servidores-para-o-detran-e-uema\/","og_locale":"pt_BR","og_type":"article","og_title":"Governador Brand\u00e3o nomeia 150 agentes da Pol\u00edcia Militar e novos servidores para o Detran e Uema - NOT\u00cdCIAS EM TEMPO REAL","og_description":"O governador do Maranh\u00e3o Carlos Brand\u00e3o anunciou a nomea\u00e7\u00e3o de novos servidores para refor\u00e7ar o servi\u00e7o p\u00fablico. As nomea\u00e7\u00f5es foram","og_url":"https:\/\/maranhaotv.com.br\/index.php\/2024\/05\/22\/governador-brandao-nomeia-150-agentes-da-policia-militar-e-novos-servidores-para-o-detran-e-uema\/","og_site_name":"NOT\u00cdCIAS EM TEMPO REAL","article_publisher":"https:\/\/www.facebook.com\/maiobaotv","article_published_time":"2024-05-22T15:52:46+00:00","article_modified_time":"2024-05-22T15:53:19+00:00","og_image":[{"width":2560,"height":1760,"url":"https:\/\/maranhaotv.com.br\/wp-content\/uploads\/2024\/05\/IMG_1279-scaled.jpg","type":"image\/jpeg"}],"author":"maranhaotv","twitter_card":"summary_large_image","twitter_creator":"@sitemaranhaotv","twitter_site":"@sitemaranhaotv","twitter_misc":{"Escrito por":"maranhaotv","Est. tempo de leitura":"2 minutos"},"schema":{"@context":"https:\/\/schema.org","@graph":[{"@type":"Article","@id":"https:\/\/maranhaotv.com.br\/index.php\/2024\/05\/22\/governador-brandao-nomeia-150-agentes-da-policia-militar-e-novos-servidores-para-o-detran-e-uema\/#article","isPartOf":{"@id":"https:\/\/maranhaotv.com.br\/index.php\/2024\/05\/22\/governador-brandao-nomeia-150-agentes-da-policia-militar-e-novos-servidores-para-o-detran-e-uema\/"},"author":{"name":"maranhaotv","@id":"https:\/\/maranhaotv.com.br\/#\/schema\/person\/3d54238e86b20bb5c89ab2fdb8f8829a"},"headline":"Governador Brand\u00e3o nomeia 150 agentes da Pol\u00edcia Militar e novos servidores para o Detran e Uema","datePublished":"2024-05-22T15:52:46+00:00","dateModified":"2024-05-22T15:53:19+00:00","mainEntityOfPage":{"@id":"https:\/\/maranhaotv.com.br\/index.php\/2024\/05\/22\/governador-brandao-nomeia-150-agentes-da-policia-militar-e-novos-servidores-para-o-detran-e-uema\/"},"wordCount":333,"commentCount":0,"publisher":{"@id":"https:\/\/maranhaotv.com.br\/#organization"},"image":{"@id":"https:\/\/maranhaotv.com.br\/index.php\/2024\/05\/22\/governador-brandao-nomeia-150-agentes-da-policia-militar-e-novos-servidores-para-o-detran-e-uema\/#primaryimage"},"thumbnailUrl":"https:\/\/maranhaotv.com.br\/wp-content\/uploads\/2024\/05\/IMG_1279-scaled.jpg","keywords":["Maranh\u00e3o"],"articleSection":["not\u00edcias"],"inLanguage":"pt-BR","potentialAction":[{"@type":"CommentAction","name":"Comment","target":["https:\/\/maranhaotv.com.br\/index.php\/2024\/05\/22\/governador-brandao-nomeia-150-agentes-da-policia-militar-e-novos-servidores-para-o-detran-e-uema\/#respond"]}]},{"@type":"WebPage","@id":"https:\/\/maranhaotv.com.br\/index.php\/2024\/05\/22\/governador-brandao-nomeia-150-agentes-da-policia-militar-e-novos-servidores-para-o-detran-e-uema\/","url":"https:\/\/maranhaotv.com.br\/index.php\/2024\/05\/22\/governador-brandao-nomeia-150-agentes-da-policia-militar-e-novos-servidores-para-o-detran-e-uema\/","name":"Governador Brand\u00e3o nomeia 150 agentes da Pol\u00edcia Militar e novos servidores para o Detran e Uema - NOT\u00cdCIAS EM TEMPO REAL","isPartOf":{"@id":"https:\/\/maranhaotv.com.br\/#website"},"primaryImageOfPage":{"@id":"https:\/\/maranhaotv.com.br\/index.php\/2024\/05\/22\/governador-brandao-nomeia-150-agentes-da-policia-militar-e-novos-servidores-para-o-detran-e-uema\/#primaryimage"},"image":{"@id":"https:\/\/maranhaotv.com.br\/index.php\/2024\/05\/22\/governador-brandao-nomeia-150-agentes-da-policia-militar-e-novos-servidores-para-o-detran-e-uema\/#primaryimage"},"thumbnailUrl":"https:\/\/maranhaotv.com.br\/wp-content\/uploads\/2024\/05\/IMG_1279-scaled.jpg","datePublished":"2024-05-22T15:52:46+00:00","dateModified":"2024-05-22T15:53:19+00:00","breadcrumb":{"@id":"https:\/\/maranhaotv.com.br\/index.php\/2024\/05\/22\/governador-brandao-nomeia-150-agentes-da-policia-militar-e-novos-servidores-para-o-detran-e-uema\/#breadcrumb"},"inLanguage":"pt-BR","potentialAction":[{"@type":"ReadAction","target":["https:\/\/maranhaotv.com.br\/index.php\/2024\/05\/22\/governador-brandao-nomeia-150-agentes-da-policia-militar-e-novos-servidores-para-o-detran-e-uema\/"]}]},{"@type":"ImageObject","inLanguage":"pt-BR","@id":"https:\/\/maranhaotv.com.br\/index.php\/2024\/05\/22\/governador-brandao-nomeia-150-agentes-da-policia-militar-e-novos-servidores-para-o-detran-e-uema\/#primaryimage","url":"https:\/\/maranhaotv.com.br\/wp-content\/uploads\/2024\/05\/IMG_1279-scaled.jpg","contentUrl":"https:\/\/maranhaotv.com.br\/wp-content\/uploads\/2024\/05\/IMG_1279-scaled.jpg","width":131,"height":90},{"@type":"BreadcrumbList","@id":"https:\/\/maranhaotv.com.br\/index.php\/2024\/05\/22\/governador-brandao-nomeia-150-agentes-da-policia-militar-e-novos-servidores-para-o-detran-e-uema\/#breadcrumb","itemListElement":[{"@type":"ListItem","position":1,"name":"In\u00edcio","item":"https:\/\/maranhaotv.com.br\/"},{"@type":"ListItem","position":2,"name":"Governador Brand\u00e3o nomeia 150 agentes da Pol\u00edcia Militar e novos servidores para o Detran e Uema"}]},{"@type":"WebSite","@id":"https:\/\/maranhaotv.com.br\/#website","url":"https:\/\/maranhaotv.com.br\/","name":"Maranh\u00e3oTV","description":"","publisher":{"@id":"https:\/\/maranhaotv.com.br\/#organization"},"potentialAction":[{"@type":"SearchAction","target":{"@type":"EntryPoint","urlTemplate":"https:\/\/maranhaotv.com.br\/?s={search_term_string}"},"query-input":{"@type":"PropertyValueSpecification","valueRequired":true,"valueName":"search_term_string"}}],"inLanguage":"pt-BR"},{"@type":"Organization","@id":"https:\/\/maranhaotv.com.br\/#organization","name":"Portal de Not\u00edcias","url":"https:\/\/maranhaotv.com.br\/","logo":{"@type":"ImageObject","inLanguage":"pt-BR","@id":"https:\/\/maranhaotv.com.br\/#\/schema\/logo\/image\/","url":"https:\/\/maranhaotv.com.br\/wp-content\/uploads\/2024\/05\/cropped-cropped-avatar-1.png","contentUrl":"https:\/\/maranhaotv.com.br\/wp-content\/uploads\/2024\/05\/cropped-cropped-avatar-1.png","width":792,"height":428,"caption":"Portal de Not\u00edcias"},"image":{"@id":"https:\/\/maranhaotv.com.br\/#\/schema\/logo\/image\/"},"sameAs":["https:\/\/www.facebook.com\/maiobaotv","https:\/\/x.com\/sitemaranhaotv","https:\/\/www.instagram.com\/maranhao.tv","https:\/\/www.threads.net\/@maranhao.tv"]},{"@type":"Person","@id":"https:\/\/maranhaotv.com.br\/#\/schema\/person\/3d54238e86b20bb5c89ab2fdb8f8829a","name":"maranhaotv","image":{"@type":"ImageObject","inLanguage":"pt-BR","@id":"https:\/\/secure.gravatar.com\/avatar\/8fadbca458d4cb68b1dd399ae9a40618d747bb1af65ac9fad21c89220a143eb4?s=96&d=mm&r=g","url":"https:\/\/secure.gravatar.com\/avatar\/8fadbca458d4cb68b1dd399ae9a40618d747bb1af65ac9fad21c89220a143eb4?s=96&d=mm&r=g","contentUrl":"https:\/\/secure.gravatar.com\/avatar\/8fadbca458d4cb68b1dd399ae9a40618d747bb1af65ac9fad21c89220a143eb4?s=96&d=mm&r=g","caption":"maranhaotv"},"sameAs":["https:\/\/maranhaotv.com.br\/"],"url":"https:\/\/maranhaotv.com.br\/index.php\/author\/maranhaotv\/"}]}},"jetpack_featured_media_url":"https:\/\/maranhaotv.com.br\/wp-content\/uploads\/2024\/05\/IMG_1279-scaled.jpg","jetpack_sharing_enabled":true,"_links":{"self":[{"href":"https:\/\/maranhaotv.com.br\/index.php\/wp-json\/wp\/v2\/posts\/35993","targetHints":{"allow":["GET"]}}],"collection":[{"href":"https:\/\/maranhaotv.com.br\/index.php\/wp-json\/wp\/v2\/posts"}],"about":[{"href":"https:\/\/maranhaotv.com.br\/index.php\/wp-json\/wp\/v2\/types\/post"}],"author":[{"embeddable":true,"href":"https:\/\/maranhaotv.com.br\/index.php\/wp-json\/wp\/v2\/users\/2"}],"replies":[{"embeddable":true,"href":"https:\/\/maranhaotv.com.br\/index.php\/wp-json\/wp\/v2\/comments?post=35993"}],"version-history":[{"count":1,"href":"https:\/\/maranhaotv.com.br\/index.php\/wp-json\/wp\/v2\/posts\/35993\/revisions"}],"predecessor-version":[{"id":35994,"href":"https:\/\/maranhaotv.com.br\/index.php\/wp-json\/wp\/v2\/posts\/35993\/revisions\/35994"}],"wp:featuredmedia":[{"embeddable":true,"href":"https:\/\/maranhaotv.com.br\/index.php\/wp-json\/wp\/v2\/media\/35992"}],"wp:attachment":[{"href":"https:\/\/maranhaotv.com.br\/index.php\/wp-json\/wp\/v2\/media?parent=35993"}],"wp:term":[{"taxonomy":"category","embeddable":true,"href":"https:\/\/maranhaotv.com.br\/index.php\/wp-json\/wp\/v2\/categories?post=35993"},{"taxonomy":"post_tag","embeddable":true,"href":"https:\/\/maranhaotv.com.br\/index.php\/wp-json\/wp\/v2\/tags?post=35993"}],"curies":[{"name":"wp","href":"https:\/\/api.w.org\/{rel}","templated":true}]}}