{"id":36001,"date":"2024-05-22T16:15:49","date_gmt":"2024-05-22T19:15:49","guid":{"rendered":"https:\/\/maranhaotv.com.br\/?p=36001"},"modified":"2024-05-22T16:15:54","modified_gmt":"2024-05-22T19:15:54","slug":"preso-pai-confessa-ter-agredido-e-esganado-filho-de-cinco-meses-que-chegou-morto-em-upa","status":"publish","type":"post","link":"https:\/\/maranhaotv.com.br\/index.php\/2024\/05\/22\/preso-pai-confessa-ter-agredido-e-esganado-filho-de-cinco-meses-que-chegou-morto-em-upa\/","title":{"rendered":"Preso, pai confessa ter agredido e esganado filho de cinco meses que chegou morto em UPA"},"content":{"rendered":"\n<p>Encontra-se preso e custodiado na sede da Superintend\u00eancia de Homic\u00eddios e Prote\u00e7\u00e3o \u00e0 Pessoa, na capital maranhense, Mirielton Silva Ferreira, de 32 anos. Ele confessou ser o respons\u00e1vel pela morte do pr\u00f3prio filho de apenas cinco meses de idade, Lucas Barbosa, ocorrida nesta quarta-feira, 22, em Pa\u00e7o do Lumiar.<br><br>A crian\u00e7a chegou sem vida na Unidade de Pronto Atendimento (UPA) do Maiob\u00e3o sendo identificados pelos profissionais de sa\u00fade sinais de maus tratos e agress\u00f5es no corpo do menor que possu\u00eda tamb\u00e9m marcas de esganadura, al\u00e9m de uma les\u00e3o no \u00e2nus com ind\u00edcios de viol\u00eancia sexual. Diante das evid\u00eancias, a pol\u00edcia militar foi acionada e a m\u00e3e do beb\u00ea, que n\u00e3o teve o nome divulgado, apontou o companheiro como autor do crime.<br><br>Mirielton foi preso em flagrante e aos policiais civis confessou ter agredido e esganado o filho, mas negou o estupro, n\u00e3o confirmado pela per\u00edcia. Ainda hoje, o investigado ser\u00e1 conduzido para o Complexo Penitenci\u00e1rio S\u00e3o Lu\u00eds, em Pedrinhas, onde aguardar\u00e1 decis\u00e3o da Justi\u00e7a e dever\u00e1 responder por homic\u00eddio.<br><br>V\u00edtima ficou tr\u00eas meses em abrigo; entenda o caso<br><br>Lucas Barbosa, que iria completar seis meses de vida no pr\u00f3ximo dia 27 de maio, foi deixado numa casa de apoio dias depois de seu nascimento, em novembro do ano passado, onde foi acolhido por tr\u00eas meses at\u00e9 que a fam\u00edlia o pegasse de volta.<br><br>De acordo com a m\u00e3e do menor, uma jovem de 27 anos, Mirielton n\u00e3o acreditava ser o pai do beb\u00ea e desde que a esposa engravidou dizia que n\u00e3o iria ficar com a crian\u00e7a e assim o fez. Por\u00e9m, foi realizado um teste de DNA que comprovou a paternidade e Lucas retornou para o conv\u00edvio com o casal.<br><br>Mesmo assim, Mirielton n\u00e3o aceitava a crian\u00e7a e j\u00e1 haviam relatos de agress\u00f5es e amea\u00e7as contra o filho e a companheira.<br><br>Hoje infelizmente o beb\u00ea morreu v\u00edtima de viol\u00eancia cometida pelo pr\u00f3prio pai que confessou a autoria do crime. A Pol\u00edcia Civil est\u00e1 a frente do caso e segue com as investiga\u00e7\u00f5es que apuram se a m\u00e3e teve ou participa\u00e7\u00e3o no caso. Ela n\u00e3o foi autuada.<\/p>\n","protected":false},"excerpt":{"rendered":"<p>Encontra-se preso e custodiado na sede da Superintend\u00eancia de Homic\u00eddios e Prote\u00e7\u00e3o \u00e0 Pessoa, na capital maranhense, Mirielton Silva Ferreira,<\/p>\n","protected":false},"author":2,"featured_media":36000,"comment_status":"open","ping_status":"open","sticky":false,"template":"","format":"standard","meta":{"colormag_page_container_layout":"default_layout","colormag_page_sidebar_layout":"default_layout","_jetpack_memberships_contains_paid_content":false,"footnotes":""},"categories":[3],"tags":[],"class_list":["post-36001","post","type-post","status-publish","format-standard","has-post-thumbnail","hentry","category-policial"],"magazineBlocksPostFeaturedMedia":{"thumbnail":"https:\/\/maranhaotv.com.br\/wp-content\/uploads\/2024\/05\/shpp-1024x576-1-150x150.jpeg","medium":"https:\/\/maranhaotv.com.br\/wp-content\/uploads\/2024\/05\/shpp-1024x576-1-300x169.jpeg","medium_large":"https:\/\/maranhaotv.com.br\/wp-content\/uploads\/2024\/05\/shpp-1024x576-1-768x432.jpeg","large":"https:\/\/maranhaotv.com.br\/wp-content\/uploads\/2024\/05\/shpp-1024x576-1.jpeg","1536x1536":"https:\/\/maranhaotv.com.br\/wp-content\/uploads\/2024\/05\/shpp-1024x576-1.jpeg","2048x2048":"https:\/\/maranhaotv.com.br\/wp-content\/uploads\/2024\/05\/shpp-1024x576-1.jpeg","colormag-highlighted-post":"https:\/\/maranhaotv.com.br\/wp-content\/uploads\/2024\/05\/shpp-1024x576-1-392x272.jpeg","colormag-featured-post-medium":"https:\/\/maranhaotv.com.br\/wp-content\/uploads\/2024\/05\/shpp-1024x576-1-390x205.jpeg","colormag-featured-post-small":"https:\/\/maranhaotv.com.br\/wp-content\/uploads\/2024\/05\/shpp-1024x576-1-130x90.jpeg","colormag-featured-image":"https:\/\/maranhaotv.com.br\/wp-content\/uploads\/2024\/05\/shpp-1024x576-1-800x445.jpeg","colormag-default-news":"https:\/\/maranhaotv.com.br\/wp-content\/uploads\/2024\/05\/shpp-1024x576-1-150x150.jpeg","colormag-featured-image-large":"https:\/\/maranhaotv.com.br\/wp-content\/uploads\/2024\/05\/shpp-1024x576-1.jpeg"},"magazineBlocksPostAuthor":{"name":"maranhaotv","avatar":"https:\/\/secure.gravatar.com\/avatar\/8fadbca458d4cb68b1dd399ae9a40618d747bb1af65ac9fad21c89220a143eb4?s=96&d=mm&r=g"},"magazineBlocksPostCommentsNumber":"0","magazineBlocksPostExcerpt":"Encontra-se preso e custodiado na sede da Superintend\u00eancia de Homic\u00eddios e Prote\u00e7\u00e3o \u00e0 Pessoa, na capital maranhense, Mirielton Silva Ferreira,","magazineBlocksPostCategories":["policial"],"magazineBlocksPostViewCount":326,"magazineBlocksPostReadTime":2,"magazine_blocks_featured_image_url":{"full":["https:\/\/maranhaotv.com.br\/wp-content\/uploads\/2024\/05\/shpp-1024x576-1.jpeg",160,90,false],"medium":["https:\/\/maranhaotv.com.br\/wp-content\/uploads\/2024\/05\/shpp-1024x576-1-300x169.jpeg",300,169,true],"thumbnail":["https:\/\/maranhaotv.com.br\/wp-content\/uploads\/2024\/05\/shpp-1024x576-1-150x150.jpeg",150,150,true]},"magazine_blocks_author":{"display_name":"maranhaotv","author_link":"https:\/\/maranhaotv.com.br\/index.php\/author\/maranhaotv\/"},"magazine_blocks_comment":0,"magazine_blocks_author_image":"https:\/\/secure.gravatar.com\/avatar\/8fadbca458d4cb68b1dd399ae9a40618d747bb1af65ac9fad21c89220a143eb4?s=96&d=mm&r=g","magazine_blocks_category":"<a href=\"#\" class=\"category-link category-link-3\">policial<\/a>","yoast_head":"<!-- This site is optimized with the Yoast SEO plugin v27.4 - https:\/\/yoast.com\/product\/yoast-seo-wordpress\/ -->\n<title>Preso, pai confessa ter agredido e esganado filho de cinco meses que chegou morto em UPA - NOT\u00cdCIAS EM TEMPO REAL<\/title>\n<meta name=\"robots\" content=\"index, follow, max-snippet:-1, max-image-preview:large, max-video-preview:-1\" \/>\n<link rel=\"canonical\" href=\"https:\/\/maranhaotv.com.br\/index.php\/2024\/05\/22\/preso-pai-confessa-ter-agredido-e-esganado-filho-de-cinco-meses-que-chegou-morto-em-upa\/\" \/>\n<meta property=\"og:locale\" content=\"pt_BR\" \/>\n<meta property=\"og:type\" content=\"article\" \/>\n<meta property=\"og:title\" content=\"Preso, pai confessa ter agredido e esganado filho de cinco meses que chegou morto em UPA - NOT\u00cdCIAS EM TEMPO REAL\" \/>\n<meta property=\"og:description\" content=\"Encontra-se preso e custodiado na sede da Superintend\u00eancia de Homic\u00eddios e Prote\u00e7\u00e3o \u00e0 Pessoa, na capital maranhense, Mirielton Silva Ferreira,\" \/>\n<meta property=\"og:url\" content=\"https:\/\/maranhaotv.com.br\/index.php\/2024\/05\/22\/preso-pai-confessa-ter-agredido-e-esganado-filho-de-cinco-meses-que-chegou-morto-em-upa\/\" \/>\n<meta property=\"og:site_name\" content=\"NOT\u00cdCIAS EM TEMPO REAL\" \/>\n<meta property=\"article:publisher\" content=\"https:\/\/www.facebook.com\/maiobaotv\" \/>\n<meta property=\"article:published_time\" content=\"2024-05-22T19:15:49+00:00\" \/>\n<meta property=\"article:modified_time\" content=\"2024-05-22T19:15:54+00:00\" \/>\n<meta property=\"og:image\" content=\"https:\/\/maranhaotv.com.br\/wp-content\/uploads\/2024\/05\/shpp-1024x576-1.jpeg\" \/>\n\t<meta property=\"og:image:width\" content=\"1024\" \/>\n\t<meta property=\"og:image:height\" content=\"576\" \/>\n\t<meta property=\"og:image:type\" content=\"image\/jpeg\" \/>\n<meta name=\"author\" content=\"maranhaotv\" \/>\n<meta name=\"twitter:card\" content=\"summary_large_image\" \/>\n<meta name=\"twitter:creator\" content=\"@sitemaranhaotv\" \/>\n<meta name=\"twitter:site\" content=\"@sitemaranhaotv\" \/>\n<meta name=\"twitter:label1\" content=\"Escrito por\" \/>\n\t<meta name=\"twitter:data1\" content=\"maranhaotv\" \/>\n\t<meta name=\"twitter:label2\" content=\"Est. tempo de leitura\" \/>\n\t<meta name=\"twitter:data2\" content=\"2 minutos\" \/>\n<script type=\"application\/ld+json\" class=\"yoast-schema-graph\">{\"@context\":\"https:\\\/\\\/schema.org\",\"@graph\":[{\"@type\":\"Article\",\"@id\":\"https:\\\/\\\/maranhaotv.com.br\\\/index.php\\\/2024\\\/05\\\/22\\\/preso-pai-confessa-ter-agredido-e-esganado-filho-de-cinco-meses-que-chegou-morto-em-upa\\\/#article\",\"isPartOf\":{\"@id\":\"https:\\\/\\\/maranhaotv.com.br\\\/index.php\\\/2024\\\/05\\\/22\\\/preso-pai-confessa-ter-agredido-e-esganado-filho-de-cinco-meses-que-chegou-morto-em-upa\\\/\"},\"author\":{\"name\":\"maranhaotv\",\"@id\":\"https:\\\/\\\/maranhaotv.com.br\\\/#\\\/schema\\\/person\\\/3d54238e86b20bb5c89ab2fdb8f8829a\"},\"headline\":\"Preso, pai confessa ter agredido e esganado filho de cinco meses que chegou morto em UPA\",\"datePublished\":\"2024-05-22T19:15:49+00:00\",\"dateModified\":\"2024-05-22T19:15:54+00:00\",\"mainEntityOfPage\":{\"@id\":\"https:\\\/\\\/maranhaotv.com.br\\\/index.php\\\/2024\\\/05\\\/22\\\/preso-pai-confessa-ter-agredido-e-esganado-filho-de-cinco-meses-que-chegou-morto-em-upa\\\/\"},\"wordCount\":409,\"commentCount\":0,\"publisher\":{\"@id\":\"https:\\\/\\\/maranhaotv.com.br\\\/#organization\"},\"image\":{\"@id\":\"https:\\\/\\\/maranhaotv.com.br\\\/index.php\\\/2024\\\/05\\\/22\\\/preso-pai-confessa-ter-agredido-e-esganado-filho-de-cinco-meses-que-chegou-morto-em-upa\\\/#primaryimage\"},\"thumbnailUrl\":\"https:\\\/\\\/maranhaotv.com.br\\\/wp-content\\\/uploads\\\/2024\\\/05\\\/shpp-1024x576-1.jpeg\",\"articleSection\":[\"policial\"],\"inLanguage\":\"pt-BR\",\"potentialAction\":[{\"@type\":\"CommentAction\",\"name\":\"Comment\",\"target\":[\"https:\\\/\\\/maranhaotv.com.br\\\/index.php\\\/2024\\\/05\\\/22\\\/preso-pai-confessa-ter-agredido-e-esganado-filho-de-cinco-meses-que-chegou-morto-em-upa\\\/#respond\"]}]},{\"@type\":\"WebPage\",\"@id\":\"https:\\\/\\\/maranhaotv.com.br\\\/index.php\\\/2024\\\/05\\\/22\\\/preso-pai-confessa-ter-agredido-e-esganado-filho-de-cinco-meses-que-chegou-morto-em-upa\\\/\",\"url\":\"https:\\\/\\\/maranhaotv.com.br\\\/index.php\\\/2024\\\/05\\\/22\\\/preso-pai-confessa-ter-agredido-e-esganado-filho-de-cinco-meses-que-chegou-morto-em-upa\\\/\",\"name\":\"Preso, pai confessa ter agredido e esganado filho de cinco meses que chegou morto em UPA - NOT\u00cdCIAS EM TEMPO REAL\",\"isPartOf\":{\"@id\":\"https:\\\/\\\/maranhaotv.com.br\\\/#website\"},\"primaryImageOfPage\":{\"@id\":\"https:\\\/\\\/maranhaotv.com.br\\\/index.php\\\/2024\\\/05\\\/22\\\/preso-pai-confessa-ter-agredido-e-esganado-filho-de-cinco-meses-que-chegou-morto-em-upa\\\/#primaryimage\"},\"image\":{\"@id\":\"https:\\\/\\\/maranhaotv.com.br\\\/index.php\\\/2024\\\/05\\\/22\\\/preso-pai-confessa-ter-agredido-e-esganado-filho-de-cinco-meses-que-chegou-morto-em-upa\\\/#primaryimage\"},\"thumbnailUrl\":\"https:\\\/\\\/maranhaotv.com.br\\\/wp-content\\\/uploads\\\/2024\\\/05\\\/shpp-1024x576-1.jpeg\",\"datePublished\":\"2024-05-22T19:15:49+00:00\",\"dateModified\":\"2024-05-22T19:15:54+00:00\",\"breadcrumb\":{\"@id\":\"https:\\\/\\\/maranhaotv.com.br\\\/index.php\\\/2024\\\/05\\\/22\\\/preso-pai-confessa-ter-agredido-e-esganado-filho-de-cinco-meses-que-chegou-morto-em-upa\\\/#breadcrumb\"},\"inLanguage\":\"pt-BR\",\"potentialAction\":[{\"@type\":\"ReadAction\",\"target\":[\"https:\\\/\\\/maranhaotv.com.br\\\/index.php\\\/2024\\\/05\\\/22\\\/preso-pai-confessa-ter-agredido-e-esganado-filho-de-cinco-meses-que-chegou-morto-em-upa\\\/\"]}]},{\"@type\":\"ImageObject\",\"inLanguage\":\"pt-BR\",\"@id\":\"https:\\\/\\\/maranhaotv.com.br\\\/index.php\\\/2024\\\/05\\\/22\\\/preso-pai-confessa-ter-agredido-e-esganado-filho-de-cinco-meses-que-chegou-morto-em-upa\\\/#primaryimage\",\"url\":\"https:\\\/\\\/maranhaotv.com.br\\\/wp-content\\\/uploads\\\/2024\\\/05\\\/shpp-1024x576-1.jpeg\",\"contentUrl\":\"https:\\\/\\\/maranhaotv.com.br\\\/wp-content\\\/uploads\\\/2024\\\/05\\\/shpp-1024x576-1.jpeg\",\"width\":160,\"height\":90},{\"@type\":\"BreadcrumbList\",\"@id\":\"https:\\\/\\\/maranhaotv.com.br\\\/index.php\\\/2024\\\/05\\\/22\\\/preso-pai-confessa-ter-agredido-e-esganado-filho-de-cinco-meses-que-chegou-morto-em-upa\\\/#breadcrumb\",\"itemListElement\":[{\"@type\":\"ListItem\",\"position\":1,\"name\":\"In\u00edcio\",\"item\":\"https:\\\/\\\/maranhaotv.com.br\\\/\"},{\"@type\":\"ListItem\",\"position\":2,\"name\":\"Preso, pai confessa ter agredido e esganado filho de cinco meses que chegou morto em UPA\"}]},{\"@type\":\"WebSite\",\"@id\":\"https:\\\/\\\/maranhaotv.com.br\\\/#website\",\"url\":\"https:\\\/\\\/maranhaotv.com.br\\\/\",\"name\":\"Maranh\u00e3oTV\",\"description\":\"\",\"publisher\":{\"@id\":\"https:\\\/\\\/maranhaotv.com.br\\\/#organization\"},\"potentialAction\":[{\"@type\":\"SearchAction\",\"target\":{\"@type\":\"EntryPoint\",\"urlTemplate\":\"https:\\\/\\\/maranhaotv.com.br\\\/?s={search_term_string}\"},\"query-input\":{\"@type\":\"PropertyValueSpecification\",\"valueRequired\":true,\"valueName\":\"search_term_string\"}}],\"inLanguage\":\"pt-BR\"},{\"@type\":\"Organization\",\"@id\":\"https:\\\/\\\/maranhaotv.com.br\\\/#organization\",\"name\":\"Portal de Not\u00edcias\",\"url\":\"https:\\\/\\\/maranhaotv.com.br\\\/\",\"logo\":{\"@type\":\"ImageObject\",\"inLanguage\":\"pt-BR\",\"@id\":\"https:\\\/\\\/maranhaotv.com.br\\\/#\\\/schema\\\/logo\\\/image\\\/\",\"url\":\"https:\\\/\\\/maranhaotv.com.br\\\/wp-content\\\/uploads\\\/2024\\\/05\\\/cropped-cropped-avatar-1.png\",\"contentUrl\":\"https:\\\/\\\/maranhaotv.com.br\\\/wp-content\\\/uploads\\\/2024\\\/05\\\/cropped-cropped-avatar-1.png\",\"width\":792,\"height\":428,\"caption\":\"Portal de Not\u00edcias\"},\"image\":{\"@id\":\"https:\\\/\\\/maranhaotv.com.br\\\/#\\\/schema\\\/logo\\\/image\\\/\"},\"sameAs\":[\"https:\\\/\\\/www.facebook.com\\\/maiobaotv\",\"https:\\\/\\\/x.com\\\/sitemaranhaotv\",\"https:\\\/\\\/www.instagram.com\\\/maranhao.tv\",\"https:\\\/\\\/www.threads.net\\\/@maranhao.tv\"]},{\"@type\":\"Person\",\"@id\":\"https:\\\/\\\/maranhaotv.com.br\\\/#\\\/schema\\\/person\\\/3d54238e86b20bb5c89ab2fdb8f8829a\",\"name\":\"maranhaotv\",\"image\":{\"@type\":\"ImageObject\",\"inLanguage\":\"pt-BR\",\"@id\":\"https:\\\/\\\/secure.gravatar.com\\\/avatar\\\/8fadbca458d4cb68b1dd399ae9a40618d747bb1af65ac9fad21c89220a143eb4?s=96&d=mm&r=g\",\"url\":\"https:\\\/\\\/secure.gravatar.com\\\/avatar\\\/8fadbca458d4cb68b1dd399ae9a40618d747bb1af65ac9fad21c89220a143eb4?s=96&d=mm&r=g\",\"contentUrl\":\"https:\\\/\\\/secure.gravatar.com\\\/avatar\\\/8fadbca458d4cb68b1dd399ae9a40618d747bb1af65ac9fad21c89220a143eb4?s=96&d=mm&r=g\",\"caption\":\"maranhaotv\"},\"sameAs\":[\"https:\\\/\\\/maranhaotv.com.br\\\/\"],\"url\":\"https:\\\/\\\/maranhaotv.com.br\\\/index.php\\\/author\\\/maranhaotv\\\/\"}]}<\/script>\n<!-- \/ Yoast SEO plugin. -->","yoast_head_json":{"title":"Preso, pai confessa ter agredido e esganado filho de cinco meses que chegou morto em UPA - NOT\u00cdCIAS EM TEMPO REAL","robots":{"index":"index","follow":"follow","max-snippet":"max-snippet:-1","max-image-preview":"max-image-preview:large","max-video-preview":"max-video-preview:-1"},"canonical":"https:\/\/maranhaotv.com.br\/index.php\/2024\/05\/22\/preso-pai-confessa-ter-agredido-e-esganado-filho-de-cinco-meses-que-chegou-morto-em-upa\/","og_locale":"pt_BR","og_type":"article","og_title":"Preso, pai confessa ter agredido e esganado filho de cinco meses que chegou morto em UPA - NOT\u00cdCIAS EM TEMPO REAL","og_description":"Encontra-se preso e custodiado na sede da Superintend\u00eancia de Homic\u00eddios e Prote\u00e7\u00e3o \u00e0 Pessoa, na capital maranhense, Mirielton Silva Ferreira,","og_url":"https:\/\/maranhaotv.com.br\/index.php\/2024\/05\/22\/preso-pai-confessa-ter-agredido-e-esganado-filho-de-cinco-meses-que-chegou-morto-em-upa\/","og_site_name":"NOT\u00cdCIAS EM TEMPO REAL","article_publisher":"https:\/\/www.facebook.com\/maiobaotv","article_published_time":"2024-05-22T19:15:49+00:00","article_modified_time":"2024-05-22T19:15:54+00:00","og_image":[{"width":1024,"height":576,"url":"https:\/\/maranhaotv.com.br\/wp-content\/uploads\/2024\/05\/shpp-1024x576-1.jpeg","type":"image\/jpeg"}],"author":"maranhaotv","twitter_card":"summary_large_image","twitter_creator":"@sitemaranhaotv","twitter_site":"@sitemaranhaotv","twitter_misc":{"Escrito por":"maranhaotv","Est. tempo de leitura":"2 minutos"},"schema":{"@context":"https:\/\/schema.org","@graph":[{"@type":"Article","@id":"https:\/\/maranhaotv.com.br\/index.php\/2024\/05\/22\/preso-pai-confessa-ter-agredido-e-esganado-filho-de-cinco-meses-que-chegou-morto-em-upa\/#article","isPartOf":{"@id":"https:\/\/maranhaotv.com.br\/index.php\/2024\/05\/22\/preso-pai-confessa-ter-agredido-e-esganado-filho-de-cinco-meses-que-chegou-morto-em-upa\/"},"author":{"name":"maranhaotv","@id":"https:\/\/maranhaotv.com.br\/#\/schema\/person\/3d54238e86b20bb5c89ab2fdb8f8829a"},"headline":"Preso, pai confessa ter agredido e esganado filho de cinco meses que chegou morto em UPA","datePublished":"2024-05-22T19:15:49+00:00","dateModified":"2024-05-22T19:15:54+00:00","mainEntityOfPage":{"@id":"https:\/\/maranhaotv.com.br\/index.php\/2024\/05\/22\/preso-pai-confessa-ter-agredido-e-esganado-filho-de-cinco-meses-que-chegou-morto-em-upa\/"},"wordCount":409,"commentCount":0,"publisher":{"@id":"https:\/\/maranhaotv.com.br\/#organization"},"image":{"@id":"https:\/\/maranhaotv.com.br\/index.php\/2024\/05\/22\/preso-pai-confessa-ter-agredido-e-esganado-filho-de-cinco-meses-que-chegou-morto-em-upa\/#primaryimage"},"thumbnailUrl":"https:\/\/maranhaotv.com.br\/wp-content\/uploads\/2024\/05\/shpp-1024x576-1.jpeg","articleSection":["policial"],"inLanguage":"pt-BR","potentialAction":[{"@type":"CommentAction","name":"Comment","target":["https:\/\/maranhaotv.com.br\/index.php\/2024\/05\/22\/preso-pai-confessa-ter-agredido-e-esganado-filho-de-cinco-meses-que-chegou-morto-em-upa\/#respond"]}]},{"@type":"WebPage","@id":"https:\/\/maranhaotv.com.br\/index.php\/2024\/05\/22\/preso-pai-confessa-ter-agredido-e-esganado-filho-de-cinco-meses-que-chegou-morto-em-upa\/","url":"https:\/\/maranhaotv.com.br\/index.php\/2024\/05\/22\/preso-pai-confessa-ter-agredido-e-esganado-filho-de-cinco-meses-que-chegou-morto-em-upa\/","name":"Preso, pai confessa ter agredido e esganado filho de cinco meses que chegou morto em UPA - NOT\u00cdCIAS EM TEMPO REAL","isPartOf":{"@id":"https:\/\/maranhaotv.com.br\/#website"},"primaryImageOfPage":{"@id":"https:\/\/maranhaotv.com.br\/index.php\/2024\/05\/22\/preso-pai-confessa-ter-agredido-e-esganado-filho-de-cinco-meses-que-chegou-morto-em-upa\/#primaryimage"},"image":{"@id":"https:\/\/maranhaotv.com.br\/index.php\/2024\/05\/22\/preso-pai-confessa-ter-agredido-e-esganado-filho-de-cinco-meses-que-chegou-morto-em-upa\/#primaryimage"},"thumbnailUrl":"https:\/\/maranhaotv.com.br\/wp-content\/uploads\/2024\/05\/shpp-1024x576-1.jpeg","datePublished":"2024-05-22T19:15:49+00:00","dateModified":"2024-05-22T19:15:54+00:00","breadcrumb":{"@id":"https:\/\/maranhaotv.com.br\/index.php\/2024\/05\/22\/preso-pai-confessa-ter-agredido-e-esganado-filho-de-cinco-meses-que-chegou-morto-em-upa\/#breadcrumb"},"inLanguage":"pt-BR","potentialAction":[{"@type":"ReadAction","target":["https:\/\/maranhaotv.com.br\/index.php\/2024\/05\/22\/preso-pai-confessa-ter-agredido-e-esganado-filho-de-cinco-meses-que-chegou-morto-em-upa\/"]}]},{"@type":"ImageObject","inLanguage":"pt-BR","@id":"https:\/\/maranhaotv.com.br\/index.php\/2024\/05\/22\/preso-pai-confessa-ter-agredido-e-esganado-filho-de-cinco-meses-que-chegou-morto-em-upa\/#primaryimage","url":"https:\/\/maranhaotv.com.br\/wp-content\/uploads\/2024\/05\/shpp-1024x576-1.jpeg","contentUrl":"https:\/\/maranhaotv.com.br\/wp-content\/uploads\/2024\/05\/shpp-1024x576-1.jpeg","width":160,"height":90},{"@type":"BreadcrumbList","@id":"https:\/\/maranhaotv.com.br\/index.php\/2024\/05\/22\/preso-pai-confessa-ter-agredido-e-esganado-filho-de-cinco-meses-que-chegou-morto-em-upa\/#breadcrumb","itemListElement":[{"@type":"ListItem","position":1,"name":"In\u00edcio","item":"https:\/\/maranhaotv.com.br\/"},{"@type":"ListItem","position":2,"name":"Preso, pai confessa ter agredido e esganado filho de cinco meses que chegou morto em UPA"}]},{"@type":"WebSite","@id":"https:\/\/maranhaotv.com.br\/#website","url":"https:\/\/maranhaotv.com.br\/","name":"Maranh\u00e3oTV","description":"","publisher":{"@id":"https:\/\/maranhaotv.com.br\/#organization"},"potentialAction":[{"@type":"SearchAction","target":{"@type":"EntryPoint","urlTemplate":"https:\/\/maranhaotv.com.br\/?s={search_term_string}"},"query-input":{"@type":"PropertyValueSpecification","valueRequired":true,"valueName":"search_term_string"}}],"inLanguage":"pt-BR"},{"@type":"Organization","@id":"https:\/\/maranhaotv.com.br\/#organization","name":"Portal de Not\u00edcias","url":"https:\/\/maranhaotv.com.br\/","logo":{"@type":"ImageObject","inLanguage":"pt-BR","@id":"https:\/\/maranhaotv.com.br\/#\/schema\/logo\/image\/","url":"https:\/\/maranhaotv.com.br\/wp-content\/uploads\/2024\/05\/cropped-cropped-avatar-1.png","contentUrl":"https:\/\/maranhaotv.com.br\/wp-content\/uploads\/2024\/05\/cropped-cropped-avatar-1.png","width":792,"height":428,"caption":"Portal de Not\u00edcias"},"image":{"@id":"https:\/\/maranhaotv.com.br\/#\/schema\/logo\/image\/"},"sameAs":["https:\/\/www.facebook.com\/maiobaotv","https:\/\/x.com\/sitemaranhaotv","https:\/\/www.instagram.com\/maranhao.tv","https:\/\/www.threads.net\/@maranhao.tv"]},{"@type":"Person","@id":"https:\/\/maranhaotv.com.br\/#\/schema\/person\/3d54238e86b20bb5c89ab2fdb8f8829a","name":"maranhaotv","image":{"@type":"ImageObject","inLanguage":"pt-BR","@id":"https:\/\/secure.gravatar.com\/avatar\/8fadbca458d4cb68b1dd399ae9a40618d747bb1af65ac9fad21c89220a143eb4?s=96&d=mm&r=g","url":"https:\/\/secure.gravatar.com\/avatar\/8fadbca458d4cb68b1dd399ae9a40618d747bb1af65ac9fad21c89220a143eb4?s=96&d=mm&r=g","contentUrl":"https:\/\/secure.gravatar.com\/avatar\/8fadbca458d4cb68b1dd399ae9a40618d747bb1af65ac9fad21c89220a143eb4?s=96&d=mm&r=g","caption":"maranhaotv"},"sameAs":["https:\/\/maranhaotv.com.br\/"],"url":"https:\/\/maranhaotv.com.br\/index.php\/author\/maranhaotv\/"}]}},"jetpack_featured_media_url":"https:\/\/maranhaotv.com.br\/wp-content\/uploads\/2024\/05\/shpp-1024x576-1.jpeg","jetpack_sharing_enabled":true,"_links":{"self":[{"href":"https:\/\/maranhaotv.com.br\/index.php\/wp-json\/wp\/v2\/posts\/36001","targetHints":{"allow":["GET"]}}],"collection":[{"href":"https:\/\/maranhaotv.com.br\/index.php\/wp-json\/wp\/v2\/posts"}],"about":[{"href":"https:\/\/maranhaotv.com.br\/index.php\/wp-json\/wp\/v2\/types\/post"}],"author":[{"embeddable":true,"href":"https:\/\/maranhaotv.com.br\/index.php\/wp-json\/wp\/v2\/users\/2"}],"replies":[{"embeddable":true,"href":"https:\/\/maranhaotv.com.br\/index.php\/wp-json\/wp\/v2\/comments?post=36001"}],"version-history":[{"count":1,"href":"https:\/\/maranhaotv.com.br\/index.php\/wp-json\/wp\/v2\/posts\/36001\/revisions"}],"predecessor-version":[{"id":36002,"href":"https:\/\/maranhaotv.com.br\/index.php\/wp-json\/wp\/v2\/posts\/36001\/revisions\/36002"}],"wp:featuredmedia":[{"embeddable":true,"href":"https:\/\/maranhaotv.com.br\/index.php\/wp-json\/wp\/v2\/media\/36000"}],"wp:attachment":[{"href":"https:\/\/maranhaotv.com.br\/index.php\/wp-json\/wp\/v2\/media?parent=36001"}],"wp:term":[{"taxonomy":"category","embeddable":true,"href":"https:\/\/maranhaotv.com.br\/index.php\/wp-json\/wp\/v2\/categories?post=36001"},{"taxonomy":"post_tag","embeddable":true,"href":"https:\/\/maranhaotv.com.br\/index.php\/wp-json\/wp\/v2\/tags?post=36001"}],"curies":[{"name":"wp","href":"https:\/\/api.w.org\/{rel}","templated":true}]}}