{"id":36015,"date":"2024-05-23T17:32:51","date_gmt":"2024-05-23T20:32:51","guid":{"rendered":"https:\/\/maranhaotv.com.br\/?p=36015"},"modified":"2024-05-23T17:33:04","modified_gmt":"2024-05-23T20:33:04","slug":"pedro-lucas-destaca-a-aprovacao-da-criacao-da-zona-de-processamento-de-exportacao-do-maranhao","status":"publish","type":"post","link":"https:\/\/maranhaotv.com.br\/index.php\/2024\/05\/23\/pedro-lucas-destaca-a-aprovacao-da-criacao-da-zona-de-processamento-de-exportacao-do-maranhao\/","title":{"rendered":"Pedro Lucas destaca a aprova\u00e7\u00e3o da cria\u00e7\u00e3o da zona de processamento de exporta\u00e7\u00e3o do Maranh\u00e3o"},"content":{"rendered":"\n<p><br><br><br>O deputado federal Pedro Lucas Fernandes (UNI\u00c3O\/MA) destacou a import\u00e2ncia da aprova\u00e7\u00e3o da cria\u00e7\u00e3o da Zona de Processamento de Exporta\u00e7\u00e3o do Maranh\u00e3o (ZPE-MA). A decis\u00e3o foi definida na quarta-feira (22) em uma reuni\u00e3o do Conselho Nacional das Zonas de Processamento de Exporta\u00e7\u00e3o, realizada em Bras\u00edlia.<br><br>Pedro Lucas enfatizou que \u201co Maranh\u00e3o viver\u00e1 um novo momento\u201d, com a implementa\u00e7\u00e3o da ZPE que ser\u00e1 instalada na cidade de Bacabeira.&nbsp; Segundo dados do Minist\u00e9rio do Desenvolvimento, Ind\u00fastria, Com\u00e9rcio e Servi\u00e7os, a cria\u00e7\u00e3o da ZPE em Bacabeira prev\u00ea a instala\u00e7\u00e3o de projetos industriais com potencial de R$ 15 bilh\u00f5es em investimentos e cria\u00e7\u00e3o de 20 mil empregos diretos e indiretos.<br><br>As Zonas de Processamento de Exporta\u00e7\u00e3o (ZPE) s\u00e3o regi\u00f5es de livre com\u00e9rcio voltadas para a fabrica\u00e7\u00e3o de produtos destinados \u00e0 exporta\u00e7\u00e3o e para a oferta de servi\u00e7os relacionados \u00e0 atividade exportadora. Essas \u00e1reas promovem a cultura exportadora, refor\u00e7am a balan\u00e7a comercial e tamb\u00e9m estimulam o desenvolvimento local, ajudando a reduzir as desigualdades regionais.<br><br>Como destacado pelo deputado, a aprova\u00e7\u00e3o da ZPE foi fruto do trabalho fundamental do governador do Maranh\u00e3o, Carlos Brand\u00e3o, do ex-governador e secret\u00e1rio de Desenvolvimento Econ\u00f4mico e Programas Estrat\u00e9gicos, Jos\u00e9 Reinaldo Tavares, e do presidente da Ag\u00eancia Brasileira de Desenvolvimento Industrial, Ricardo Cappelli.<\/p>\n","protected":false},"excerpt":{"rendered":"<p>O deputado federal Pedro Lucas Fernandes (UNI\u00c3O\/MA) destacou a import\u00e2ncia da aprova\u00e7\u00e3o da cria\u00e7\u00e3o da Zona de Processamento de Exporta\u00e7\u00e3o<\/p>\n","protected":false},"author":2,"featured_media":36014,"comment_status":"open","ping_status":"open","sticky":false,"template":"","format":"standard","meta":{"colormag_page_container_layout":"default_layout","colormag_page_sidebar_layout":"default_layout","_jetpack_memberships_contains_paid_content":false,"footnotes":""},"categories":[6],"tags":[],"class_list":["post-36015","post","type-post","status-publish","format-standard","has-post-thumbnail","hentry","category-politica"],"magazineBlocksPostFeaturedMedia":{"thumbnail":"https:\/\/maranhaotv.com.br\/wp-content\/uploads\/2024\/05\/IMG-20240523-WA0905-150x150.jpg","medium":"https:\/\/maranhaotv.com.br\/wp-content\/uploads\/2024\/05\/IMG-20240523-WA0905-300x200.jpg","medium_large":"https:\/\/maranhaotv.com.br\/wp-content\/uploads\/2024\/05\/IMG-20240523-WA0905-768x512.jpg","large":"https:\/\/maranhaotv.com.br\/wp-content\/uploads\/2024\/05\/IMG-20240523-WA0905-1024x683.jpg","1536x1536":"https:\/\/maranhaotv.com.br\/wp-content\/uploads\/2024\/05\/IMG-20240523-WA0905.jpg","2048x2048":"https:\/\/maranhaotv.com.br\/wp-content\/uploads\/2024\/05\/IMG-20240523-WA0905.jpg","colormag-highlighted-post":"https:\/\/maranhaotv.com.br\/wp-content\/uploads\/2024\/05\/IMG-20240523-WA0905-392x272.jpg","colormag-featured-post-medium":"https:\/\/maranhaotv.com.br\/wp-content\/uploads\/2024\/05\/IMG-20240523-WA0905-390x205.jpg","colormag-featured-post-small":"https:\/\/maranhaotv.com.br\/wp-content\/uploads\/2024\/05\/IMG-20240523-WA0905-130x90.jpg","colormag-featured-image":"https:\/\/maranhaotv.com.br\/wp-content\/uploads\/2024\/05\/IMG-20240523-WA0905-800x445.jpg","colormag-default-news":"https:\/\/maranhaotv.com.br\/wp-content\/uploads\/2024\/05\/IMG-20240523-WA0905-150x150.jpg","colormag-featured-image-large":"https:\/\/maranhaotv.com.br\/wp-content\/uploads\/2024\/05\/IMG-20240523-WA0905-1280x600.jpg"},"magazineBlocksPostAuthor":{"name":"maranhaotv","avatar":"https:\/\/secure.gravatar.com\/avatar\/8fadbca458d4cb68b1dd399ae9a40618d747bb1af65ac9fad21c89220a143eb4?s=96&d=mm&r=g"},"magazineBlocksPostCommentsNumber":"0","magazineBlocksPostExcerpt":"O deputado federal Pedro Lucas Fernandes (UNI\u00c3O\/MA) destacou a import\u00e2ncia da aprova\u00e7\u00e3o da cria\u00e7\u00e3o da Zona de Processamento de Exporta\u00e7\u00e3o","magazineBlocksPostCategories":["pol\u00edtica"],"magazineBlocksPostViewCount":253,"magazineBlocksPostReadTime":2,"magazine_blocks_featured_image_url":{"full":["https:\/\/maranhaotv.com.br\/wp-content\/uploads\/2024\/05\/IMG-20240523-WA0905.jpg",135,90,false],"medium":["https:\/\/maranhaotv.com.br\/wp-content\/uploads\/2024\/05\/IMG-20240523-WA0905-300x200.jpg",300,200,true],"thumbnail":["https:\/\/maranhaotv.com.br\/wp-content\/uploads\/2024\/05\/IMG-20240523-WA0905-150x150.jpg",150,150,true]},"magazine_blocks_author":{"display_name":"maranhaotv","author_link":"https:\/\/maranhaotv.com.br\/index.php\/author\/maranhaotv\/"},"magazine_blocks_comment":0,"magazine_blocks_author_image":"https:\/\/secure.gravatar.com\/avatar\/8fadbca458d4cb68b1dd399ae9a40618d747bb1af65ac9fad21c89220a143eb4?s=96&d=mm&r=g","magazine_blocks_category":"<a href=\"#\" class=\"category-link category-link-6\">pol\u00edtica<\/a>","yoast_head":"<!-- This site is optimized with the Yoast SEO plugin v27.4 - https:\/\/yoast.com\/product\/yoast-seo-wordpress\/ -->\n<title>Pedro Lucas destaca a aprova\u00e7\u00e3o da cria\u00e7\u00e3o da zona de processamento de exporta\u00e7\u00e3o do Maranh\u00e3o - NOT\u00cdCIAS EM TEMPO REAL<\/title>\n<meta name=\"robots\" content=\"index, follow, max-snippet:-1, max-image-preview:large, max-video-preview:-1\" \/>\n<link rel=\"canonical\" href=\"https:\/\/maranhaotv.com.br\/index.php\/2024\/05\/23\/pedro-lucas-destaca-a-aprovacao-da-criacao-da-zona-de-processamento-de-exportacao-do-maranhao\/\" \/>\n<meta property=\"og:locale\" content=\"pt_BR\" \/>\n<meta property=\"og:type\" content=\"article\" \/>\n<meta property=\"og:title\" content=\"Pedro Lucas destaca a aprova\u00e7\u00e3o da cria\u00e7\u00e3o da zona de processamento de exporta\u00e7\u00e3o do Maranh\u00e3o - NOT\u00cdCIAS EM TEMPO REAL\" \/>\n<meta property=\"og:description\" content=\"O deputado federal Pedro Lucas Fernandes (UNI\u00c3O\/MA) destacou a import\u00e2ncia da aprova\u00e7\u00e3o da cria\u00e7\u00e3o da Zona de Processamento de Exporta\u00e7\u00e3o\" \/>\n<meta property=\"og:url\" content=\"https:\/\/maranhaotv.com.br\/index.php\/2024\/05\/23\/pedro-lucas-destaca-a-aprovacao-da-criacao-da-zona-de-processamento-de-exportacao-do-maranhao\/\" \/>\n<meta property=\"og:site_name\" content=\"NOT\u00cdCIAS EM TEMPO REAL\" \/>\n<meta property=\"article:publisher\" content=\"https:\/\/www.facebook.com\/maiobaotv\" \/>\n<meta property=\"article:published_time\" content=\"2024-05-23T20:32:51+00:00\" \/>\n<meta property=\"article:modified_time\" content=\"2024-05-23T20:33:04+00:00\" \/>\n<meta property=\"og:image\" content=\"https:\/\/maranhaotv.com.br\/wp-content\/uploads\/2024\/05\/IMG-20240523-WA0905.jpg\" \/>\n\t<meta property=\"og:image:width\" content=\"1280\" \/>\n\t<meta property=\"og:image:height\" content=\"854\" \/>\n\t<meta property=\"og:image:type\" content=\"image\/jpeg\" \/>\n<meta name=\"author\" content=\"maranhaotv\" \/>\n<meta name=\"twitter:card\" content=\"summary_large_image\" \/>\n<meta name=\"twitter:creator\" content=\"@sitemaranhaotv\" \/>\n<meta name=\"twitter:site\" content=\"@sitemaranhaotv\" \/>\n<meta name=\"twitter:label1\" content=\"Escrito por\" \/>\n\t<meta name=\"twitter:data1\" content=\"maranhaotv\" \/>\n\t<meta name=\"twitter:label2\" content=\"Est. tempo de leitura\" \/>\n\t<meta name=\"twitter:data2\" content=\"1 minuto\" \/>\n<script type=\"application\/ld+json\" class=\"yoast-schema-graph\">{\"@context\":\"https:\\\/\\\/schema.org\",\"@graph\":[{\"@type\":\"Article\",\"@id\":\"https:\\\/\\\/maranhaotv.com.br\\\/index.php\\\/2024\\\/05\\\/23\\\/pedro-lucas-destaca-a-aprovacao-da-criacao-da-zona-de-processamento-de-exportacao-do-maranhao\\\/#article\",\"isPartOf\":{\"@id\":\"https:\\\/\\\/maranhaotv.com.br\\\/index.php\\\/2024\\\/05\\\/23\\\/pedro-lucas-destaca-a-aprovacao-da-criacao-da-zona-de-processamento-de-exportacao-do-maranhao\\\/\"},\"author\":{\"name\":\"maranhaotv\",\"@id\":\"https:\\\/\\\/maranhaotv.com.br\\\/#\\\/schema\\\/person\\\/3d54238e86b20bb5c89ab2fdb8f8829a\"},\"headline\":\"Pedro Lucas destaca a aprova\u00e7\u00e3o da cria\u00e7\u00e3o da zona de processamento de exporta\u00e7\u00e3o do Maranh\u00e3o\",\"datePublished\":\"2024-05-23T20:32:51+00:00\",\"dateModified\":\"2024-05-23T20:33:04+00:00\",\"mainEntityOfPage\":{\"@id\":\"https:\\\/\\\/maranhaotv.com.br\\\/index.php\\\/2024\\\/05\\\/23\\\/pedro-lucas-destaca-a-aprovacao-da-criacao-da-zona-de-processamento-de-exportacao-do-maranhao\\\/\"},\"wordCount\":255,\"commentCount\":0,\"publisher\":{\"@id\":\"https:\\\/\\\/maranhaotv.com.br\\\/#organization\"},\"image\":{\"@id\":\"https:\\\/\\\/maranhaotv.com.br\\\/index.php\\\/2024\\\/05\\\/23\\\/pedro-lucas-destaca-a-aprovacao-da-criacao-da-zona-de-processamento-de-exportacao-do-maranhao\\\/#primaryimage\"},\"thumbnailUrl\":\"https:\\\/\\\/maranhaotv.com.br\\\/wp-content\\\/uploads\\\/2024\\\/05\\\/IMG-20240523-WA0905.jpg\",\"articleSection\":[\"pol\u00edtica\"],\"inLanguage\":\"pt-BR\",\"potentialAction\":[{\"@type\":\"CommentAction\",\"name\":\"Comment\",\"target\":[\"https:\\\/\\\/maranhaotv.com.br\\\/index.php\\\/2024\\\/05\\\/23\\\/pedro-lucas-destaca-a-aprovacao-da-criacao-da-zona-de-processamento-de-exportacao-do-maranhao\\\/#respond\"]}]},{\"@type\":\"WebPage\",\"@id\":\"https:\\\/\\\/maranhaotv.com.br\\\/index.php\\\/2024\\\/05\\\/23\\\/pedro-lucas-destaca-a-aprovacao-da-criacao-da-zona-de-processamento-de-exportacao-do-maranhao\\\/\",\"url\":\"https:\\\/\\\/maranhaotv.com.br\\\/index.php\\\/2024\\\/05\\\/23\\\/pedro-lucas-destaca-a-aprovacao-da-criacao-da-zona-de-processamento-de-exportacao-do-maranhao\\\/\",\"name\":\"Pedro Lucas destaca a aprova\u00e7\u00e3o da cria\u00e7\u00e3o da zona de processamento de exporta\u00e7\u00e3o do Maranh\u00e3o - NOT\u00cdCIAS EM TEMPO REAL\",\"isPartOf\":{\"@id\":\"https:\\\/\\\/maranhaotv.com.br\\\/#website\"},\"primaryImageOfPage\":{\"@id\":\"https:\\\/\\\/maranhaotv.com.br\\\/index.php\\\/2024\\\/05\\\/23\\\/pedro-lucas-destaca-a-aprovacao-da-criacao-da-zona-de-processamento-de-exportacao-do-maranhao\\\/#primaryimage\"},\"image\":{\"@id\":\"https:\\\/\\\/maranhaotv.com.br\\\/index.php\\\/2024\\\/05\\\/23\\\/pedro-lucas-destaca-a-aprovacao-da-criacao-da-zona-de-processamento-de-exportacao-do-maranhao\\\/#primaryimage\"},\"thumbnailUrl\":\"https:\\\/\\\/maranhaotv.com.br\\\/wp-content\\\/uploads\\\/2024\\\/05\\\/IMG-20240523-WA0905.jpg\",\"datePublished\":\"2024-05-23T20:32:51+00:00\",\"dateModified\":\"2024-05-23T20:33:04+00:00\",\"breadcrumb\":{\"@id\":\"https:\\\/\\\/maranhaotv.com.br\\\/index.php\\\/2024\\\/05\\\/23\\\/pedro-lucas-destaca-a-aprovacao-da-criacao-da-zona-de-processamento-de-exportacao-do-maranhao\\\/#breadcrumb\"},\"inLanguage\":\"pt-BR\",\"potentialAction\":[{\"@type\":\"ReadAction\",\"target\":[\"https:\\\/\\\/maranhaotv.com.br\\\/index.php\\\/2024\\\/05\\\/23\\\/pedro-lucas-destaca-a-aprovacao-da-criacao-da-zona-de-processamento-de-exportacao-do-maranhao\\\/\"]}]},{\"@type\":\"ImageObject\",\"inLanguage\":\"pt-BR\",\"@id\":\"https:\\\/\\\/maranhaotv.com.br\\\/index.php\\\/2024\\\/05\\\/23\\\/pedro-lucas-destaca-a-aprovacao-da-criacao-da-zona-de-processamento-de-exportacao-do-maranhao\\\/#primaryimage\",\"url\":\"https:\\\/\\\/maranhaotv.com.br\\\/wp-content\\\/uploads\\\/2024\\\/05\\\/IMG-20240523-WA0905.jpg\",\"contentUrl\":\"https:\\\/\\\/maranhaotv.com.br\\\/wp-content\\\/uploads\\\/2024\\\/05\\\/IMG-20240523-WA0905.jpg\",\"width\":135,\"height\":90},{\"@type\":\"BreadcrumbList\",\"@id\":\"https:\\\/\\\/maranhaotv.com.br\\\/index.php\\\/2024\\\/05\\\/23\\\/pedro-lucas-destaca-a-aprovacao-da-criacao-da-zona-de-processamento-de-exportacao-do-maranhao\\\/#breadcrumb\",\"itemListElement\":[{\"@type\":\"ListItem\",\"position\":1,\"name\":\"In\u00edcio\",\"item\":\"https:\\\/\\\/maranhaotv.com.br\\\/\"},{\"@type\":\"ListItem\",\"position\":2,\"name\":\"Pedro Lucas destaca a aprova\u00e7\u00e3o da cria\u00e7\u00e3o da zona de processamento de exporta\u00e7\u00e3o do Maranh\u00e3o\"}]},{\"@type\":\"WebSite\",\"@id\":\"https:\\\/\\\/maranhaotv.com.br\\\/#website\",\"url\":\"https:\\\/\\\/maranhaotv.com.br\\\/\",\"name\":\"Maranh\u00e3oTV\",\"description\":\"\",\"publisher\":{\"@id\":\"https:\\\/\\\/maranhaotv.com.br\\\/#organization\"},\"potentialAction\":[{\"@type\":\"SearchAction\",\"target\":{\"@type\":\"EntryPoint\",\"urlTemplate\":\"https:\\\/\\\/maranhaotv.com.br\\\/?s={search_term_string}\"},\"query-input\":{\"@type\":\"PropertyValueSpecification\",\"valueRequired\":true,\"valueName\":\"search_term_string\"}}],\"inLanguage\":\"pt-BR\"},{\"@type\":\"Organization\",\"@id\":\"https:\\\/\\\/maranhaotv.com.br\\\/#organization\",\"name\":\"Portal de Not\u00edcias\",\"url\":\"https:\\\/\\\/maranhaotv.com.br\\\/\",\"logo\":{\"@type\":\"ImageObject\",\"inLanguage\":\"pt-BR\",\"@id\":\"https:\\\/\\\/maranhaotv.com.br\\\/#\\\/schema\\\/logo\\\/image\\\/\",\"url\":\"https:\\\/\\\/maranhaotv.com.br\\\/wp-content\\\/uploads\\\/2024\\\/05\\\/cropped-cropped-avatar-1.png\",\"contentUrl\":\"https:\\\/\\\/maranhaotv.com.br\\\/wp-content\\\/uploads\\\/2024\\\/05\\\/cropped-cropped-avatar-1.png\",\"width\":792,\"height\":428,\"caption\":\"Portal de Not\u00edcias\"},\"image\":{\"@id\":\"https:\\\/\\\/maranhaotv.com.br\\\/#\\\/schema\\\/logo\\\/image\\\/\"},\"sameAs\":[\"https:\\\/\\\/www.facebook.com\\\/maiobaotv\",\"https:\\\/\\\/x.com\\\/sitemaranhaotv\",\"https:\\\/\\\/www.instagram.com\\\/maranhao.tv\",\"https:\\\/\\\/www.threads.net\\\/@maranhao.tv\"]},{\"@type\":\"Person\",\"@id\":\"https:\\\/\\\/maranhaotv.com.br\\\/#\\\/schema\\\/person\\\/3d54238e86b20bb5c89ab2fdb8f8829a\",\"name\":\"maranhaotv\",\"image\":{\"@type\":\"ImageObject\",\"inLanguage\":\"pt-BR\",\"@id\":\"https:\\\/\\\/secure.gravatar.com\\\/avatar\\\/8fadbca458d4cb68b1dd399ae9a40618d747bb1af65ac9fad21c89220a143eb4?s=96&d=mm&r=g\",\"url\":\"https:\\\/\\\/secure.gravatar.com\\\/avatar\\\/8fadbca458d4cb68b1dd399ae9a40618d747bb1af65ac9fad21c89220a143eb4?s=96&d=mm&r=g\",\"contentUrl\":\"https:\\\/\\\/secure.gravatar.com\\\/avatar\\\/8fadbca458d4cb68b1dd399ae9a40618d747bb1af65ac9fad21c89220a143eb4?s=96&d=mm&r=g\",\"caption\":\"maranhaotv\"},\"sameAs\":[\"https:\\\/\\\/maranhaotv.com.br\\\/\"],\"url\":\"https:\\\/\\\/maranhaotv.com.br\\\/index.php\\\/author\\\/maranhaotv\\\/\"}]}<\/script>\n<!-- \/ Yoast SEO plugin. -->","yoast_head_json":{"title":"Pedro Lucas destaca a aprova\u00e7\u00e3o da cria\u00e7\u00e3o da zona de processamento de exporta\u00e7\u00e3o do Maranh\u00e3o - NOT\u00cdCIAS EM TEMPO REAL","robots":{"index":"index","follow":"follow","max-snippet":"max-snippet:-1","max-image-preview":"max-image-preview:large","max-video-preview":"max-video-preview:-1"},"canonical":"https:\/\/maranhaotv.com.br\/index.php\/2024\/05\/23\/pedro-lucas-destaca-a-aprovacao-da-criacao-da-zona-de-processamento-de-exportacao-do-maranhao\/","og_locale":"pt_BR","og_type":"article","og_title":"Pedro Lucas destaca a aprova\u00e7\u00e3o da cria\u00e7\u00e3o da zona de processamento de exporta\u00e7\u00e3o do Maranh\u00e3o - NOT\u00cdCIAS EM TEMPO REAL","og_description":"O deputado federal Pedro Lucas Fernandes (UNI\u00c3O\/MA) destacou a import\u00e2ncia da aprova\u00e7\u00e3o da cria\u00e7\u00e3o da Zona de Processamento de Exporta\u00e7\u00e3o","og_url":"https:\/\/maranhaotv.com.br\/index.php\/2024\/05\/23\/pedro-lucas-destaca-a-aprovacao-da-criacao-da-zona-de-processamento-de-exportacao-do-maranhao\/","og_site_name":"NOT\u00cdCIAS EM TEMPO REAL","article_publisher":"https:\/\/www.facebook.com\/maiobaotv","article_published_time":"2024-05-23T20:32:51+00:00","article_modified_time":"2024-05-23T20:33:04+00:00","og_image":[{"width":1280,"height":854,"url":"https:\/\/maranhaotv.com.br\/wp-content\/uploads\/2024\/05\/IMG-20240523-WA0905.jpg","type":"image\/jpeg"}],"author":"maranhaotv","twitter_card":"summary_large_image","twitter_creator":"@sitemaranhaotv","twitter_site":"@sitemaranhaotv","twitter_misc":{"Escrito por":"maranhaotv","Est. tempo de leitura":"1 minuto"},"schema":{"@context":"https:\/\/schema.org","@graph":[{"@type":"Article","@id":"https:\/\/maranhaotv.com.br\/index.php\/2024\/05\/23\/pedro-lucas-destaca-a-aprovacao-da-criacao-da-zona-de-processamento-de-exportacao-do-maranhao\/#article","isPartOf":{"@id":"https:\/\/maranhaotv.com.br\/index.php\/2024\/05\/23\/pedro-lucas-destaca-a-aprovacao-da-criacao-da-zona-de-processamento-de-exportacao-do-maranhao\/"},"author":{"name":"maranhaotv","@id":"https:\/\/maranhaotv.com.br\/#\/schema\/person\/3d54238e86b20bb5c89ab2fdb8f8829a"},"headline":"Pedro Lucas destaca a aprova\u00e7\u00e3o da cria\u00e7\u00e3o da zona de processamento de exporta\u00e7\u00e3o do Maranh\u00e3o","datePublished":"2024-05-23T20:32:51+00:00","dateModified":"2024-05-23T20:33:04+00:00","mainEntityOfPage":{"@id":"https:\/\/maranhaotv.com.br\/index.php\/2024\/05\/23\/pedro-lucas-destaca-a-aprovacao-da-criacao-da-zona-de-processamento-de-exportacao-do-maranhao\/"},"wordCount":255,"commentCount":0,"publisher":{"@id":"https:\/\/maranhaotv.com.br\/#organization"},"image":{"@id":"https:\/\/maranhaotv.com.br\/index.php\/2024\/05\/23\/pedro-lucas-destaca-a-aprovacao-da-criacao-da-zona-de-processamento-de-exportacao-do-maranhao\/#primaryimage"},"thumbnailUrl":"https:\/\/maranhaotv.com.br\/wp-content\/uploads\/2024\/05\/IMG-20240523-WA0905.jpg","articleSection":["pol\u00edtica"],"inLanguage":"pt-BR","potentialAction":[{"@type":"CommentAction","name":"Comment","target":["https:\/\/maranhaotv.com.br\/index.php\/2024\/05\/23\/pedro-lucas-destaca-a-aprovacao-da-criacao-da-zona-de-processamento-de-exportacao-do-maranhao\/#respond"]}]},{"@type":"WebPage","@id":"https:\/\/maranhaotv.com.br\/index.php\/2024\/05\/23\/pedro-lucas-destaca-a-aprovacao-da-criacao-da-zona-de-processamento-de-exportacao-do-maranhao\/","url":"https:\/\/maranhaotv.com.br\/index.php\/2024\/05\/23\/pedro-lucas-destaca-a-aprovacao-da-criacao-da-zona-de-processamento-de-exportacao-do-maranhao\/","name":"Pedro Lucas destaca a aprova\u00e7\u00e3o da cria\u00e7\u00e3o da zona de processamento de exporta\u00e7\u00e3o do Maranh\u00e3o - NOT\u00cdCIAS EM TEMPO REAL","isPartOf":{"@id":"https:\/\/maranhaotv.com.br\/#website"},"primaryImageOfPage":{"@id":"https:\/\/maranhaotv.com.br\/index.php\/2024\/05\/23\/pedro-lucas-destaca-a-aprovacao-da-criacao-da-zona-de-processamento-de-exportacao-do-maranhao\/#primaryimage"},"image":{"@id":"https:\/\/maranhaotv.com.br\/index.php\/2024\/05\/23\/pedro-lucas-destaca-a-aprovacao-da-criacao-da-zona-de-processamento-de-exportacao-do-maranhao\/#primaryimage"},"thumbnailUrl":"https:\/\/maranhaotv.com.br\/wp-content\/uploads\/2024\/05\/IMG-20240523-WA0905.jpg","datePublished":"2024-05-23T20:32:51+00:00","dateModified":"2024-05-23T20:33:04+00:00","breadcrumb":{"@id":"https:\/\/maranhaotv.com.br\/index.php\/2024\/05\/23\/pedro-lucas-destaca-a-aprovacao-da-criacao-da-zona-de-processamento-de-exportacao-do-maranhao\/#breadcrumb"},"inLanguage":"pt-BR","potentialAction":[{"@type":"ReadAction","target":["https:\/\/maranhaotv.com.br\/index.php\/2024\/05\/23\/pedro-lucas-destaca-a-aprovacao-da-criacao-da-zona-de-processamento-de-exportacao-do-maranhao\/"]}]},{"@type":"ImageObject","inLanguage":"pt-BR","@id":"https:\/\/maranhaotv.com.br\/index.php\/2024\/05\/23\/pedro-lucas-destaca-a-aprovacao-da-criacao-da-zona-de-processamento-de-exportacao-do-maranhao\/#primaryimage","url":"https:\/\/maranhaotv.com.br\/wp-content\/uploads\/2024\/05\/IMG-20240523-WA0905.jpg","contentUrl":"https:\/\/maranhaotv.com.br\/wp-content\/uploads\/2024\/05\/IMG-20240523-WA0905.jpg","width":135,"height":90},{"@type":"BreadcrumbList","@id":"https:\/\/maranhaotv.com.br\/index.php\/2024\/05\/23\/pedro-lucas-destaca-a-aprovacao-da-criacao-da-zona-de-processamento-de-exportacao-do-maranhao\/#breadcrumb","itemListElement":[{"@type":"ListItem","position":1,"name":"In\u00edcio","item":"https:\/\/maranhaotv.com.br\/"},{"@type":"ListItem","position":2,"name":"Pedro Lucas destaca a aprova\u00e7\u00e3o da cria\u00e7\u00e3o da zona de processamento de exporta\u00e7\u00e3o do Maranh\u00e3o"}]},{"@type":"WebSite","@id":"https:\/\/maranhaotv.com.br\/#website","url":"https:\/\/maranhaotv.com.br\/","name":"Maranh\u00e3oTV","description":"","publisher":{"@id":"https:\/\/maranhaotv.com.br\/#organization"},"potentialAction":[{"@type":"SearchAction","target":{"@type":"EntryPoint","urlTemplate":"https:\/\/maranhaotv.com.br\/?s={search_term_string}"},"query-input":{"@type":"PropertyValueSpecification","valueRequired":true,"valueName":"search_term_string"}}],"inLanguage":"pt-BR"},{"@type":"Organization","@id":"https:\/\/maranhaotv.com.br\/#organization","name":"Portal de Not\u00edcias","url":"https:\/\/maranhaotv.com.br\/","logo":{"@type":"ImageObject","inLanguage":"pt-BR","@id":"https:\/\/maranhaotv.com.br\/#\/schema\/logo\/image\/","url":"https:\/\/maranhaotv.com.br\/wp-content\/uploads\/2024\/05\/cropped-cropped-avatar-1.png","contentUrl":"https:\/\/maranhaotv.com.br\/wp-content\/uploads\/2024\/05\/cropped-cropped-avatar-1.png","width":792,"height":428,"caption":"Portal de Not\u00edcias"},"image":{"@id":"https:\/\/maranhaotv.com.br\/#\/schema\/logo\/image\/"},"sameAs":["https:\/\/www.facebook.com\/maiobaotv","https:\/\/x.com\/sitemaranhaotv","https:\/\/www.instagram.com\/maranhao.tv","https:\/\/www.threads.net\/@maranhao.tv"]},{"@type":"Person","@id":"https:\/\/maranhaotv.com.br\/#\/schema\/person\/3d54238e86b20bb5c89ab2fdb8f8829a","name":"maranhaotv","image":{"@type":"ImageObject","inLanguage":"pt-BR","@id":"https:\/\/secure.gravatar.com\/avatar\/8fadbca458d4cb68b1dd399ae9a40618d747bb1af65ac9fad21c89220a143eb4?s=96&d=mm&r=g","url":"https:\/\/secure.gravatar.com\/avatar\/8fadbca458d4cb68b1dd399ae9a40618d747bb1af65ac9fad21c89220a143eb4?s=96&d=mm&r=g","contentUrl":"https:\/\/secure.gravatar.com\/avatar\/8fadbca458d4cb68b1dd399ae9a40618d747bb1af65ac9fad21c89220a143eb4?s=96&d=mm&r=g","caption":"maranhaotv"},"sameAs":["https:\/\/maranhaotv.com.br\/"],"url":"https:\/\/maranhaotv.com.br\/index.php\/author\/maranhaotv\/"}]}},"jetpack_featured_media_url":"https:\/\/maranhaotv.com.br\/wp-content\/uploads\/2024\/05\/IMG-20240523-WA0905.jpg","jetpack_sharing_enabled":true,"_links":{"self":[{"href":"https:\/\/maranhaotv.com.br\/index.php\/wp-json\/wp\/v2\/posts\/36015","targetHints":{"allow":["GET"]}}],"collection":[{"href":"https:\/\/maranhaotv.com.br\/index.php\/wp-json\/wp\/v2\/posts"}],"about":[{"href":"https:\/\/maranhaotv.com.br\/index.php\/wp-json\/wp\/v2\/types\/post"}],"author":[{"embeddable":true,"href":"https:\/\/maranhaotv.com.br\/index.php\/wp-json\/wp\/v2\/users\/2"}],"replies":[{"embeddable":true,"href":"https:\/\/maranhaotv.com.br\/index.php\/wp-json\/wp\/v2\/comments?post=36015"}],"version-history":[{"count":1,"href":"https:\/\/maranhaotv.com.br\/index.php\/wp-json\/wp\/v2\/posts\/36015\/revisions"}],"predecessor-version":[{"id":36016,"href":"https:\/\/maranhaotv.com.br\/index.php\/wp-json\/wp\/v2\/posts\/36015\/revisions\/36016"}],"wp:featuredmedia":[{"embeddable":true,"href":"https:\/\/maranhaotv.com.br\/index.php\/wp-json\/wp\/v2\/media\/36014"}],"wp:attachment":[{"href":"https:\/\/maranhaotv.com.br\/index.php\/wp-json\/wp\/v2\/media?parent=36015"}],"wp:term":[{"taxonomy":"category","embeddable":true,"href":"https:\/\/maranhaotv.com.br\/index.php\/wp-json\/wp\/v2\/categories?post=36015"},{"taxonomy":"post_tag","embeddable":true,"href":"https:\/\/maranhaotv.com.br\/index.php\/wp-json\/wp\/v2\/tags?post=36015"}],"curies":[{"name":"wp","href":"https:\/\/api.w.org\/{rel}","templated":true}]}}