{"id":36019,"date":"2024-05-23T18:22:04","date_gmt":"2024-05-23T21:22:04","guid":{"rendered":"https:\/\/maranhaotv.com.br\/?p=36019"},"modified":"2024-05-23T18:22:24","modified_gmt":"2024-05-23T21:22:24","slug":"brandao-autoriza-inicio-das-obras-do-terminal-de-passageiros-da-baixada-em-sao-luis","status":"publish","type":"post","link":"https:\/\/maranhaotv.com.br\/index.php\/2024\/05\/23\/brandao-autoriza-inicio-das-obras-do-terminal-de-passageiros-da-baixada-em-sao-luis\/","title":{"rendered":"Brand\u00e3o autoriza in\u00edcio das obras do Terminal de Passageiros da Baixada, em S\u00e3o Lu\u00eds"},"content":{"rendered":"\n<p><br>Na Praia Grande, em S\u00e3o Lu\u00eds (MA), o governador do Maranh\u00e3o, Carlos Brand\u00e3o, deu um importante passo para a melhoria da infraestrutura de transporte p\u00fablico, ao assinar a ordem de servi\u00e7o para a constru\u00e7\u00e3o do novo Terminal de Passageiros da Baixada, em S\u00e3o Lu\u00eds. A autoriza\u00e7\u00e3o deu in\u00edcio a um projeto que visa proporcionar maior conforto e efici\u00eancia para os usu\u00e1rios do sistema de transporte da regi\u00e3o.<br>Brand\u00e3o assegura que a partir da assinatura da ordem de servi\u00e7o, o novo Terminal de Passageiros da Baixada marca o in\u00edcio de uma nova fase para a atividade do transporte p\u00fablico alternativo no estado.<br>\u201cEsta \u00e9 uma obra que vai mudar a hist\u00f3ria do transporte alternativo e melhorar significativamente as atividades dos donos de vans, assim como das pessoas que utilizam esse servi\u00e7o, especialmente para os baixadeiros. Faremos um investimento de R$ 7,5 milh\u00f5es na constru\u00e7\u00e3o do melhor e mais moderno terminal para passageiros e vans. \u00c9 uma obra que deve acontecer em cerca de oito meses e vai atender cerca de 2 milh\u00f5es de passageiros por ano. Tamb\u00e9m vamos incorporar os donos das barracas, por meio da MOB\u201d, explicou Brand\u00e3o.<br>A cerim\u00f4nia tamb\u00e9m contou com a presen\u00e7a de autoridades como o Secret\u00e1rio de Estado da Infraestrutura (Sinfra), Apar\u00edcio Bandeira, que ressaltou o impacto positivo do novo terminal. \u201cH\u00e1 um tempo, o governador visitou a \u00e1rea desse terminal para ver as condi\u00e7\u00f5es e, sensibilizado, pediu que n\u00f3s fiz\u00e9ssemos um projeto definitivo para contemplar toda a popula\u00e7\u00e3o que precisa do servi\u00e7o alternativo, para atender, principalmente, o povo da Baixada\u201d, afirmou Bandeira.<br>Adriano Sarney, presidente da Ag\u00eancia Estadual de Mobilidade Urbana e Servi\u00e7os P\u00fablicos (MOB), elogiou a inova\u00e7\u00e3o do projeto e assegurou que o Maranh\u00e3o ter\u00e1 uma melhoria significativa no transporte entre S\u00e3o Lu\u00eds e a Baixada. \u201cEsse terminal alternativo das vans \u00e9 uma inova\u00e7\u00e3o nacional, que contar\u00e1 com uma excelente infraestrutura, lanchonete, centro administrativo, enfim, conforto para as pessoas da Baixada, do Litoral Norte e a toda esta \u00e1rea que passa por um grande desenvolvimento tur\u00edstico e econ\u00f4mico\u201d, destacou o titular da MOB.<br>Francisco Salazar, da cidade de Santa Helena, \u00e9 mission\u00e1rio e usu\u00e1rio do transporte alternativo e comemorou a iniciativa estadual. \u201cEu entendo que essa obra vai ser importante porque ir\u00e1 trazer mais acessibilidade, vai promover melhores condi\u00e7\u00f5es de atendimento aos usu\u00e1rios e aos condutores das vans. Eu gostaria de parabenizar o governo por essa iniciativa humana de melhorar esse ponto t\u00e3o importante \u00e0 nossa Baixada. Teremos muitas cidades sendo atendidas por esse projeto\u201d, disse Salazar.<br>\u201cEu sou propriet\u00e1rio do micro-\u00f4nibus do transporte alternativo e quero dizer que isso aqui ser\u00e1 um sonho realizado, um lugar digno para n\u00f3s que trabalhamos aqui e h\u00e1 muito tempo sofremos. Queremos agradecer ao governo\u201d, comemorou S\u00e9rgio Fr\u00f3es, propriet\u00e1rio e condutor de transporte alternativo.<br>A presidente do Cooperativa Alternativa de Transportes de Passageiros da Baixada Maranhense (Coopbama), Gracirene Fonseca, tamb\u00e9m conhecida como \u201cSamica\u201d, destacou o impacto positivo para os 28 munic\u00edpios da regi\u00e3o da Baixada. \u201cEu n\u00e3o tenho ideia de quantas pessoas, por dia, que a gente transporta. \u00c9 muita gente. Eu tenho certeza que cada um dos 28 munic\u00edpios ser\u00e1 beneficiado direta e indiretamente por esse terminal. Essa popula\u00e7\u00e3o vai sair da poeira e da chuva para ter tudo lindo e maravilhoso\u201d, pontuou Samica.<br>O presidente do Instituto do Transporte Alternativo da Baixada Maranhense (Itabma), Genivaldo Rodrigues Souza, expressou sua gratid\u00e3o ao Governo do Maranh\u00e3o. \u201cN\u00f3s n\u00e3o temos palavras para agradecer. N\u00f3s do alternativos somos em torno de 400 fam\u00edlias que dependem do trabalho direito por aqui. Hoje, temos um sentimento de muita alegria. O governador teve muita sensibilidade em olhar o nosso sofrimento e as dificuldades que enfrentamos no dia a dia\u201d, agradeceu Genivaldo.<br> Terminal<br>O programa arquitet\u00f4nico ser\u00e1 executado em terreno total de 6.387 m\u00b2. As \u00e1reas cobertas incluem 20 bancas, 4 bilheterias, 1 dep\u00f3sito de material de limpeza, 1 sala de apoio, 2 salas de administra\u00e7\u00e3o, sanit\u00e1rios feminino e masculino. Haver\u00e1 4 baias para \u00f4nibus e 15 para vans, com coberturas espec\u00edficas para \u00f4nibus, vans, embarque\/desembarque de carrinhos e visitantes, e uma cobertura principal.<br>O projeto tamb\u00e9m inclui brises met\u00e1licas, faixas de pedestres, fossa\/sumidouro, 16 bancos de concreto, 1 mobili\u00e1rio infantil, 20 \u00e1rvores novas, passeios cimentados, revestimento de borracha reciclada, revestimento intertravado e piso industrial. Tamb\u00e9m ser\u00e3o criadas 2 vagas de embarque\/desembarque para carrinhos, 2 para visitantes e 35 vagas de estacionamento.<\/p>\n\n\n\n<figure class=\"wp-block-image size-large\"><img loading=\"lazy\" decoding=\"async\" width=\"1024\" height=\"682\" src=\"https:\/\/maranhaotv.com.br\/wp-content\/uploads\/2024\/05\/img-20240523-wa09331249942042667150219-1024x682.jpg\" alt=\"\" class=\"wp-image-36017\" srcset=\"https:\/\/maranhaotv.com.br\/wp-content\/uploads\/2024\/05\/img-20240523-wa09331249942042667150219-1024x682.jpg 1024w, https:\/\/maranhaotv.com.br\/wp-content\/uploads\/2024\/05\/img-20240523-wa09331249942042667150219-300x200.jpg 300w, https:\/\/maranhaotv.com.br\/wp-content\/uploads\/2024\/05\/img-20240523-wa09331249942042667150219-768x512.jpg 768w, https:\/\/maranhaotv.com.br\/wp-content\/uploads\/2024\/05\/img-20240523-wa09331249942042667150219-1536x1023.jpg 1536w, https:\/\/maranhaotv.com.br\/wp-content\/uploads\/2024\/05\/img-20240523-wa09331249942042667150219-640x426.jpg 640w, https:\/\/maranhaotv.com.br\/wp-content\/uploads\/2024\/05\/img-20240523-wa09331249942042667150219.jpg 135w\" sizes=\"auto, (max-width: 1024px) 100vw, 1024px\" \/><\/figure>\n","protected":false},"excerpt":{"rendered":"<p>Na Praia Grande, em S\u00e3o Lu\u00eds (MA), o governador do Maranh\u00e3o, Carlos Brand\u00e3o, deu um importante passo para a melhoria<\/p>\n","protected":false},"author":2,"featured_media":36018,"comment_status":"open","ping_status":"open","sticky":false,"template":"","format":"standard","meta":{"colormag_page_container_layout":"default_layout","colormag_page_sidebar_layout":"default_layout","_jetpack_memberships_contains_paid_content":false,"footnotes":""},"categories":[2,8],"tags":[],"class_list":["post-36019","post","type-post","status-publish","format-standard","has-post-thumbnail","hentry","category-noticias","category-servicos"],"magazineBlocksPostFeaturedMedia":{"thumbnail":"https:\/\/maranhaotv.com.br\/wp-content\/uploads\/2024\/05\/IMG-20240523-WA0934-150x150.jpg","medium":"https:\/\/maranhaotv.com.br\/wp-content\/uploads\/2024\/05\/IMG-20240523-WA0934-300x200.jpg","medium_large":"https:\/\/maranhaotv.com.br\/wp-content\/uploads\/2024\/05\/IMG-20240523-WA0934-768x512.jpg","large":"https:\/\/maranhaotv.com.br\/wp-content\/uploads\/2024\/05\/IMG-20240523-WA0934-1024x682.jpg","1536x1536":"https:\/\/maranhaotv.com.br\/wp-content\/uploads\/2024\/05\/IMG-20240523-WA0934-1536x1023.jpg","2048x2048":"https:\/\/maranhaotv.com.br\/wp-content\/uploads\/2024\/05\/IMG-20240523-WA0934.jpg","colormag-highlighted-post":"https:\/\/maranhaotv.com.br\/wp-content\/uploads\/2024\/05\/IMG-20240523-WA0934-392x272.jpg","colormag-featured-post-medium":"https:\/\/maranhaotv.com.br\/wp-content\/uploads\/2024\/05\/IMG-20240523-WA0934-390x205.jpg","colormag-featured-post-small":"https:\/\/maranhaotv.com.br\/wp-content\/uploads\/2024\/05\/IMG-20240523-WA0934-130x90.jpg","colormag-featured-image":"https:\/\/maranhaotv.com.br\/wp-content\/uploads\/2024\/05\/IMG-20240523-WA0934-800x445.jpg","colormag-default-news":"https:\/\/maranhaotv.com.br\/wp-content\/uploads\/2024\/05\/IMG-20240523-WA0934-150x150.jpg","colormag-featured-image-large":"https:\/\/maranhaotv.com.br\/wp-content\/uploads\/2024\/05\/IMG-20240523-WA0934-1400x600.jpg"},"magazineBlocksPostAuthor":{"name":"maranhaotv","avatar":"https:\/\/secure.gravatar.com\/avatar\/8fadbca458d4cb68b1dd399ae9a40618d747bb1af65ac9fad21c89220a143eb4?s=96&d=mm&r=g"},"magazineBlocksPostCommentsNumber":"0","magazineBlocksPostExcerpt":"Na Praia Grande, em S\u00e3o Lu\u00eds (MA), o governador do Maranh\u00e3o, Carlos Brand\u00e3o, deu um importante passo para a melhoria","magazineBlocksPostCategories":["not\u00edcias","servi\u00e7os"],"magazineBlocksPostViewCount":190,"magazineBlocksPostReadTime":4,"magazine_blocks_featured_image_url":{"full":["https:\/\/maranhaotv.com.br\/wp-content\/uploads\/2024\/05\/IMG-20240523-WA0934.jpg",135,90,false],"medium":["https:\/\/maranhaotv.com.br\/wp-content\/uploads\/2024\/05\/IMG-20240523-WA0934-300x200.jpg",300,200,true],"thumbnail":["https:\/\/maranhaotv.com.br\/wp-content\/uploads\/2024\/05\/IMG-20240523-WA0934-150x150.jpg",150,150,true]},"magazine_blocks_author":{"display_name":"maranhaotv","author_link":"https:\/\/maranhaotv.com.br\/index.php\/author\/maranhaotv\/"},"magazine_blocks_comment":0,"magazine_blocks_author_image":"https:\/\/secure.gravatar.com\/avatar\/8fadbca458d4cb68b1dd399ae9a40618d747bb1af65ac9fad21c89220a143eb4?s=96&d=mm&r=g","magazine_blocks_category":"<a href=\"#\" class=\"category-link category-link-2\">not\u00edcias<\/a> <a href=\"#\" class=\"category-link category-link-8\">servi\u00e7os<\/a>","yoast_head":"<!-- This site is optimized with the Yoast SEO plugin v27.4 - https:\/\/yoast.com\/product\/yoast-seo-wordpress\/ -->\n<title>Brand\u00e3o autoriza in\u00edcio das obras do Terminal de Passageiros da Baixada, em S\u00e3o Lu\u00eds - NOT\u00cdCIAS EM TEMPO REAL<\/title>\n<meta name=\"robots\" content=\"index, follow, max-snippet:-1, max-image-preview:large, max-video-preview:-1\" \/>\n<link rel=\"canonical\" href=\"https:\/\/maranhaotv.com.br\/index.php\/2024\/05\/23\/brandao-autoriza-inicio-das-obras-do-terminal-de-passageiros-da-baixada-em-sao-luis\/\" \/>\n<meta property=\"og:locale\" content=\"pt_BR\" \/>\n<meta property=\"og:type\" content=\"article\" \/>\n<meta property=\"og:title\" content=\"Brand\u00e3o autoriza in\u00edcio das obras do Terminal de Passageiros da Baixada, em S\u00e3o Lu\u00eds - NOT\u00cdCIAS EM TEMPO REAL\" \/>\n<meta property=\"og:description\" content=\"Na Praia Grande, em S\u00e3o Lu\u00eds (MA), o governador do Maranh\u00e3o, Carlos Brand\u00e3o, deu um importante passo para a melhoria\" \/>\n<meta property=\"og:url\" content=\"https:\/\/maranhaotv.com.br\/index.php\/2024\/05\/23\/brandao-autoriza-inicio-das-obras-do-terminal-de-passageiros-da-baixada-em-sao-luis\/\" \/>\n<meta property=\"og:site_name\" content=\"NOT\u00cdCIAS EM TEMPO REAL\" \/>\n<meta property=\"article:publisher\" content=\"https:\/\/www.facebook.com\/maiobaotv\" \/>\n<meta property=\"article:published_time\" content=\"2024-05-23T21:22:04+00:00\" \/>\n<meta property=\"article:modified_time\" content=\"2024-05-23T21:22:24+00:00\" \/>\n<meta property=\"og:image\" content=\"https:\/\/maranhaotv.com.br\/wp-content\/uploads\/2024\/05\/IMG-20240523-WA0934.jpg\" \/>\n\t<meta property=\"og:image:width\" content=\"1600\" \/>\n\t<meta property=\"og:image:height\" content=\"1066\" \/>\n\t<meta property=\"og:image:type\" content=\"image\/jpeg\" \/>\n<meta name=\"author\" content=\"maranhaotv\" \/>\n<meta name=\"twitter:card\" content=\"summary_large_image\" \/>\n<meta name=\"twitter:creator\" content=\"@sitemaranhaotv\" \/>\n<meta name=\"twitter:site\" content=\"@sitemaranhaotv\" \/>\n<meta name=\"twitter:label1\" content=\"Escrito por\" \/>\n\t<meta name=\"twitter:data1\" content=\"maranhaotv\" \/>\n\t<meta name=\"twitter:label2\" content=\"Est. tempo de leitura\" \/>\n\t<meta name=\"twitter:data2\" content=\"4 minutos\" \/>\n<script type=\"application\/ld+json\" class=\"yoast-schema-graph\">{\"@context\":\"https:\\\/\\\/schema.org\",\"@graph\":[{\"@type\":\"Article\",\"@id\":\"https:\\\/\\\/maranhaotv.com.br\\\/index.php\\\/2024\\\/05\\\/23\\\/brandao-autoriza-inicio-das-obras-do-terminal-de-passageiros-da-baixada-em-sao-luis\\\/#article\",\"isPartOf\":{\"@id\":\"https:\\\/\\\/maranhaotv.com.br\\\/index.php\\\/2024\\\/05\\\/23\\\/brandao-autoriza-inicio-das-obras-do-terminal-de-passageiros-da-baixada-em-sao-luis\\\/\"},\"author\":{\"name\":\"maranhaotv\",\"@id\":\"https:\\\/\\\/maranhaotv.com.br\\\/#\\\/schema\\\/person\\\/3d54238e86b20bb5c89ab2fdb8f8829a\"},\"headline\":\"Brand\u00e3o autoriza in\u00edcio das obras do Terminal de Passageiros da Baixada, em S\u00e3o Lu\u00eds\",\"datePublished\":\"2024-05-23T21:22:04+00:00\",\"dateModified\":\"2024-05-23T21:22:24+00:00\",\"mainEntityOfPage\":{\"@id\":\"https:\\\/\\\/maranhaotv.com.br\\\/index.php\\\/2024\\\/05\\\/23\\\/brandao-autoriza-inicio-das-obras-do-terminal-de-passageiros-da-baixada-em-sao-luis\\\/\"},\"wordCount\":792,\"commentCount\":0,\"publisher\":{\"@id\":\"https:\\\/\\\/maranhaotv.com.br\\\/#organization\"},\"image\":{\"@id\":\"https:\\\/\\\/maranhaotv.com.br\\\/index.php\\\/2024\\\/05\\\/23\\\/brandao-autoriza-inicio-das-obras-do-terminal-de-passageiros-da-baixada-em-sao-luis\\\/#primaryimage\"},\"thumbnailUrl\":\"https:\\\/\\\/maranhaotv.com.br\\\/wp-content\\\/uploads\\\/2024\\\/05\\\/IMG-20240523-WA0934.jpg\",\"articleSection\":[\"not\u00edcias\",\"servi\u00e7os\"],\"inLanguage\":\"pt-BR\",\"potentialAction\":[{\"@type\":\"CommentAction\",\"name\":\"Comment\",\"target\":[\"https:\\\/\\\/maranhaotv.com.br\\\/index.php\\\/2024\\\/05\\\/23\\\/brandao-autoriza-inicio-das-obras-do-terminal-de-passageiros-da-baixada-em-sao-luis\\\/#respond\"]}]},{\"@type\":\"WebPage\",\"@id\":\"https:\\\/\\\/maranhaotv.com.br\\\/index.php\\\/2024\\\/05\\\/23\\\/brandao-autoriza-inicio-das-obras-do-terminal-de-passageiros-da-baixada-em-sao-luis\\\/\",\"url\":\"https:\\\/\\\/maranhaotv.com.br\\\/index.php\\\/2024\\\/05\\\/23\\\/brandao-autoriza-inicio-das-obras-do-terminal-de-passageiros-da-baixada-em-sao-luis\\\/\",\"name\":\"Brand\u00e3o autoriza in\u00edcio das obras do Terminal de Passageiros da Baixada, em S\u00e3o Lu\u00eds - NOT\u00cdCIAS EM TEMPO REAL\",\"isPartOf\":{\"@id\":\"https:\\\/\\\/maranhaotv.com.br\\\/#website\"},\"primaryImageOfPage\":{\"@id\":\"https:\\\/\\\/maranhaotv.com.br\\\/index.php\\\/2024\\\/05\\\/23\\\/brandao-autoriza-inicio-das-obras-do-terminal-de-passageiros-da-baixada-em-sao-luis\\\/#primaryimage\"},\"image\":{\"@id\":\"https:\\\/\\\/maranhaotv.com.br\\\/index.php\\\/2024\\\/05\\\/23\\\/brandao-autoriza-inicio-das-obras-do-terminal-de-passageiros-da-baixada-em-sao-luis\\\/#primaryimage\"},\"thumbnailUrl\":\"https:\\\/\\\/maranhaotv.com.br\\\/wp-content\\\/uploads\\\/2024\\\/05\\\/IMG-20240523-WA0934.jpg\",\"datePublished\":\"2024-05-23T21:22:04+00:00\",\"dateModified\":\"2024-05-23T21:22:24+00:00\",\"breadcrumb\":{\"@id\":\"https:\\\/\\\/maranhaotv.com.br\\\/index.php\\\/2024\\\/05\\\/23\\\/brandao-autoriza-inicio-das-obras-do-terminal-de-passageiros-da-baixada-em-sao-luis\\\/#breadcrumb\"},\"inLanguage\":\"pt-BR\",\"potentialAction\":[{\"@type\":\"ReadAction\",\"target\":[\"https:\\\/\\\/maranhaotv.com.br\\\/index.php\\\/2024\\\/05\\\/23\\\/brandao-autoriza-inicio-das-obras-do-terminal-de-passageiros-da-baixada-em-sao-luis\\\/\"]}]},{\"@type\":\"ImageObject\",\"inLanguage\":\"pt-BR\",\"@id\":\"https:\\\/\\\/maranhaotv.com.br\\\/index.php\\\/2024\\\/05\\\/23\\\/brandao-autoriza-inicio-das-obras-do-terminal-de-passageiros-da-baixada-em-sao-luis\\\/#primaryimage\",\"url\":\"https:\\\/\\\/maranhaotv.com.br\\\/wp-content\\\/uploads\\\/2024\\\/05\\\/IMG-20240523-WA0934.jpg\",\"contentUrl\":\"https:\\\/\\\/maranhaotv.com.br\\\/wp-content\\\/uploads\\\/2024\\\/05\\\/IMG-20240523-WA0934.jpg\",\"width\":135,\"height\":90},{\"@type\":\"BreadcrumbList\",\"@id\":\"https:\\\/\\\/maranhaotv.com.br\\\/index.php\\\/2024\\\/05\\\/23\\\/brandao-autoriza-inicio-das-obras-do-terminal-de-passageiros-da-baixada-em-sao-luis\\\/#breadcrumb\",\"itemListElement\":[{\"@type\":\"ListItem\",\"position\":1,\"name\":\"In\u00edcio\",\"item\":\"https:\\\/\\\/maranhaotv.com.br\\\/\"},{\"@type\":\"ListItem\",\"position\":2,\"name\":\"Brand\u00e3o autoriza in\u00edcio das obras do Terminal de Passageiros da Baixada, em S\u00e3o Lu\u00eds\"}]},{\"@type\":\"WebSite\",\"@id\":\"https:\\\/\\\/maranhaotv.com.br\\\/#website\",\"url\":\"https:\\\/\\\/maranhaotv.com.br\\\/\",\"name\":\"Maranh\u00e3oTV\",\"description\":\"\",\"publisher\":{\"@id\":\"https:\\\/\\\/maranhaotv.com.br\\\/#organization\"},\"potentialAction\":[{\"@type\":\"SearchAction\",\"target\":{\"@type\":\"EntryPoint\",\"urlTemplate\":\"https:\\\/\\\/maranhaotv.com.br\\\/?s={search_term_string}\"},\"query-input\":{\"@type\":\"PropertyValueSpecification\",\"valueRequired\":true,\"valueName\":\"search_term_string\"}}],\"inLanguage\":\"pt-BR\"},{\"@type\":\"Organization\",\"@id\":\"https:\\\/\\\/maranhaotv.com.br\\\/#organization\",\"name\":\"Portal de Not\u00edcias\",\"url\":\"https:\\\/\\\/maranhaotv.com.br\\\/\",\"logo\":{\"@type\":\"ImageObject\",\"inLanguage\":\"pt-BR\",\"@id\":\"https:\\\/\\\/maranhaotv.com.br\\\/#\\\/schema\\\/logo\\\/image\\\/\",\"url\":\"https:\\\/\\\/maranhaotv.com.br\\\/wp-content\\\/uploads\\\/2024\\\/05\\\/cropped-cropped-avatar-1.png\",\"contentUrl\":\"https:\\\/\\\/maranhaotv.com.br\\\/wp-content\\\/uploads\\\/2024\\\/05\\\/cropped-cropped-avatar-1.png\",\"width\":792,\"height\":428,\"caption\":\"Portal de Not\u00edcias\"},\"image\":{\"@id\":\"https:\\\/\\\/maranhaotv.com.br\\\/#\\\/schema\\\/logo\\\/image\\\/\"},\"sameAs\":[\"https:\\\/\\\/www.facebook.com\\\/maiobaotv\",\"https:\\\/\\\/x.com\\\/sitemaranhaotv\",\"https:\\\/\\\/www.instagram.com\\\/maranhao.tv\",\"https:\\\/\\\/www.threads.net\\\/@maranhao.tv\"]},{\"@type\":\"Person\",\"@id\":\"https:\\\/\\\/maranhaotv.com.br\\\/#\\\/schema\\\/person\\\/3d54238e86b20bb5c89ab2fdb8f8829a\",\"name\":\"maranhaotv\",\"image\":{\"@type\":\"ImageObject\",\"inLanguage\":\"pt-BR\",\"@id\":\"https:\\\/\\\/secure.gravatar.com\\\/avatar\\\/8fadbca458d4cb68b1dd399ae9a40618d747bb1af65ac9fad21c89220a143eb4?s=96&d=mm&r=g\",\"url\":\"https:\\\/\\\/secure.gravatar.com\\\/avatar\\\/8fadbca458d4cb68b1dd399ae9a40618d747bb1af65ac9fad21c89220a143eb4?s=96&d=mm&r=g\",\"contentUrl\":\"https:\\\/\\\/secure.gravatar.com\\\/avatar\\\/8fadbca458d4cb68b1dd399ae9a40618d747bb1af65ac9fad21c89220a143eb4?s=96&d=mm&r=g\",\"caption\":\"maranhaotv\"},\"sameAs\":[\"https:\\\/\\\/maranhaotv.com.br\\\/\"],\"url\":\"https:\\\/\\\/maranhaotv.com.br\\\/index.php\\\/author\\\/maranhaotv\\\/\"}]}<\/script>\n<!-- \/ Yoast SEO plugin. -->","yoast_head_json":{"title":"Brand\u00e3o autoriza in\u00edcio das obras do Terminal de Passageiros da Baixada, em S\u00e3o Lu\u00eds - NOT\u00cdCIAS EM TEMPO REAL","robots":{"index":"index","follow":"follow","max-snippet":"max-snippet:-1","max-image-preview":"max-image-preview:large","max-video-preview":"max-video-preview:-1"},"canonical":"https:\/\/maranhaotv.com.br\/index.php\/2024\/05\/23\/brandao-autoriza-inicio-das-obras-do-terminal-de-passageiros-da-baixada-em-sao-luis\/","og_locale":"pt_BR","og_type":"article","og_title":"Brand\u00e3o autoriza in\u00edcio das obras do Terminal de Passageiros da Baixada, em S\u00e3o Lu\u00eds - NOT\u00cdCIAS EM TEMPO REAL","og_description":"Na Praia Grande, em S\u00e3o Lu\u00eds (MA), o governador do Maranh\u00e3o, Carlos Brand\u00e3o, deu um importante passo para a melhoria","og_url":"https:\/\/maranhaotv.com.br\/index.php\/2024\/05\/23\/brandao-autoriza-inicio-das-obras-do-terminal-de-passageiros-da-baixada-em-sao-luis\/","og_site_name":"NOT\u00cdCIAS EM TEMPO REAL","article_publisher":"https:\/\/www.facebook.com\/maiobaotv","article_published_time":"2024-05-23T21:22:04+00:00","article_modified_time":"2024-05-23T21:22:24+00:00","og_image":[{"width":1600,"height":1066,"url":"https:\/\/maranhaotv.com.br\/wp-content\/uploads\/2024\/05\/IMG-20240523-WA0934.jpg","type":"image\/jpeg"}],"author":"maranhaotv","twitter_card":"summary_large_image","twitter_creator":"@sitemaranhaotv","twitter_site":"@sitemaranhaotv","twitter_misc":{"Escrito por":"maranhaotv","Est. tempo de leitura":"4 minutos"},"schema":{"@context":"https:\/\/schema.org","@graph":[{"@type":"Article","@id":"https:\/\/maranhaotv.com.br\/index.php\/2024\/05\/23\/brandao-autoriza-inicio-das-obras-do-terminal-de-passageiros-da-baixada-em-sao-luis\/#article","isPartOf":{"@id":"https:\/\/maranhaotv.com.br\/index.php\/2024\/05\/23\/brandao-autoriza-inicio-das-obras-do-terminal-de-passageiros-da-baixada-em-sao-luis\/"},"author":{"name":"maranhaotv","@id":"https:\/\/maranhaotv.com.br\/#\/schema\/person\/3d54238e86b20bb5c89ab2fdb8f8829a"},"headline":"Brand\u00e3o autoriza in\u00edcio das obras do Terminal de Passageiros da Baixada, em S\u00e3o Lu\u00eds","datePublished":"2024-05-23T21:22:04+00:00","dateModified":"2024-05-23T21:22:24+00:00","mainEntityOfPage":{"@id":"https:\/\/maranhaotv.com.br\/index.php\/2024\/05\/23\/brandao-autoriza-inicio-das-obras-do-terminal-de-passageiros-da-baixada-em-sao-luis\/"},"wordCount":792,"commentCount":0,"publisher":{"@id":"https:\/\/maranhaotv.com.br\/#organization"},"image":{"@id":"https:\/\/maranhaotv.com.br\/index.php\/2024\/05\/23\/brandao-autoriza-inicio-das-obras-do-terminal-de-passageiros-da-baixada-em-sao-luis\/#primaryimage"},"thumbnailUrl":"https:\/\/maranhaotv.com.br\/wp-content\/uploads\/2024\/05\/IMG-20240523-WA0934.jpg","articleSection":["not\u00edcias","servi\u00e7os"],"inLanguage":"pt-BR","potentialAction":[{"@type":"CommentAction","name":"Comment","target":["https:\/\/maranhaotv.com.br\/index.php\/2024\/05\/23\/brandao-autoriza-inicio-das-obras-do-terminal-de-passageiros-da-baixada-em-sao-luis\/#respond"]}]},{"@type":"WebPage","@id":"https:\/\/maranhaotv.com.br\/index.php\/2024\/05\/23\/brandao-autoriza-inicio-das-obras-do-terminal-de-passageiros-da-baixada-em-sao-luis\/","url":"https:\/\/maranhaotv.com.br\/index.php\/2024\/05\/23\/brandao-autoriza-inicio-das-obras-do-terminal-de-passageiros-da-baixada-em-sao-luis\/","name":"Brand\u00e3o autoriza in\u00edcio das obras do Terminal de Passageiros da Baixada, em S\u00e3o Lu\u00eds - NOT\u00cdCIAS EM TEMPO REAL","isPartOf":{"@id":"https:\/\/maranhaotv.com.br\/#website"},"primaryImageOfPage":{"@id":"https:\/\/maranhaotv.com.br\/index.php\/2024\/05\/23\/brandao-autoriza-inicio-das-obras-do-terminal-de-passageiros-da-baixada-em-sao-luis\/#primaryimage"},"image":{"@id":"https:\/\/maranhaotv.com.br\/index.php\/2024\/05\/23\/brandao-autoriza-inicio-das-obras-do-terminal-de-passageiros-da-baixada-em-sao-luis\/#primaryimage"},"thumbnailUrl":"https:\/\/maranhaotv.com.br\/wp-content\/uploads\/2024\/05\/IMG-20240523-WA0934.jpg","datePublished":"2024-05-23T21:22:04+00:00","dateModified":"2024-05-23T21:22:24+00:00","breadcrumb":{"@id":"https:\/\/maranhaotv.com.br\/index.php\/2024\/05\/23\/brandao-autoriza-inicio-das-obras-do-terminal-de-passageiros-da-baixada-em-sao-luis\/#breadcrumb"},"inLanguage":"pt-BR","potentialAction":[{"@type":"ReadAction","target":["https:\/\/maranhaotv.com.br\/index.php\/2024\/05\/23\/brandao-autoriza-inicio-das-obras-do-terminal-de-passageiros-da-baixada-em-sao-luis\/"]}]},{"@type":"ImageObject","inLanguage":"pt-BR","@id":"https:\/\/maranhaotv.com.br\/index.php\/2024\/05\/23\/brandao-autoriza-inicio-das-obras-do-terminal-de-passageiros-da-baixada-em-sao-luis\/#primaryimage","url":"https:\/\/maranhaotv.com.br\/wp-content\/uploads\/2024\/05\/IMG-20240523-WA0934.jpg","contentUrl":"https:\/\/maranhaotv.com.br\/wp-content\/uploads\/2024\/05\/IMG-20240523-WA0934.jpg","width":135,"height":90},{"@type":"BreadcrumbList","@id":"https:\/\/maranhaotv.com.br\/index.php\/2024\/05\/23\/brandao-autoriza-inicio-das-obras-do-terminal-de-passageiros-da-baixada-em-sao-luis\/#breadcrumb","itemListElement":[{"@type":"ListItem","position":1,"name":"In\u00edcio","item":"https:\/\/maranhaotv.com.br\/"},{"@type":"ListItem","position":2,"name":"Brand\u00e3o autoriza in\u00edcio das obras do Terminal de Passageiros da Baixada, em S\u00e3o Lu\u00eds"}]},{"@type":"WebSite","@id":"https:\/\/maranhaotv.com.br\/#website","url":"https:\/\/maranhaotv.com.br\/","name":"Maranh\u00e3oTV","description":"","publisher":{"@id":"https:\/\/maranhaotv.com.br\/#organization"},"potentialAction":[{"@type":"SearchAction","target":{"@type":"EntryPoint","urlTemplate":"https:\/\/maranhaotv.com.br\/?s={search_term_string}"},"query-input":{"@type":"PropertyValueSpecification","valueRequired":true,"valueName":"search_term_string"}}],"inLanguage":"pt-BR"},{"@type":"Organization","@id":"https:\/\/maranhaotv.com.br\/#organization","name":"Portal de Not\u00edcias","url":"https:\/\/maranhaotv.com.br\/","logo":{"@type":"ImageObject","inLanguage":"pt-BR","@id":"https:\/\/maranhaotv.com.br\/#\/schema\/logo\/image\/","url":"https:\/\/maranhaotv.com.br\/wp-content\/uploads\/2024\/05\/cropped-cropped-avatar-1.png","contentUrl":"https:\/\/maranhaotv.com.br\/wp-content\/uploads\/2024\/05\/cropped-cropped-avatar-1.png","width":792,"height":428,"caption":"Portal de Not\u00edcias"},"image":{"@id":"https:\/\/maranhaotv.com.br\/#\/schema\/logo\/image\/"},"sameAs":["https:\/\/www.facebook.com\/maiobaotv","https:\/\/x.com\/sitemaranhaotv","https:\/\/www.instagram.com\/maranhao.tv","https:\/\/www.threads.net\/@maranhao.tv"]},{"@type":"Person","@id":"https:\/\/maranhaotv.com.br\/#\/schema\/person\/3d54238e86b20bb5c89ab2fdb8f8829a","name":"maranhaotv","image":{"@type":"ImageObject","inLanguage":"pt-BR","@id":"https:\/\/secure.gravatar.com\/avatar\/8fadbca458d4cb68b1dd399ae9a40618d747bb1af65ac9fad21c89220a143eb4?s=96&d=mm&r=g","url":"https:\/\/secure.gravatar.com\/avatar\/8fadbca458d4cb68b1dd399ae9a40618d747bb1af65ac9fad21c89220a143eb4?s=96&d=mm&r=g","contentUrl":"https:\/\/secure.gravatar.com\/avatar\/8fadbca458d4cb68b1dd399ae9a40618d747bb1af65ac9fad21c89220a143eb4?s=96&d=mm&r=g","caption":"maranhaotv"},"sameAs":["https:\/\/maranhaotv.com.br\/"],"url":"https:\/\/maranhaotv.com.br\/index.php\/author\/maranhaotv\/"}]}},"jetpack_featured_media_url":"https:\/\/maranhaotv.com.br\/wp-content\/uploads\/2024\/05\/IMG-20240523-WA0934.jpg","jetpack_sharing_enabled":true,"_links":{"self":[{"href":"https:\/\/maranhaotv.com.br\/index.php\/wp-json\/wp\/v2\/posts\/36019","targetHints":{"allow":["GET"]}}],"collection":[{"href":"https:\/\/maranhaotv.com.br\/index.php\/wp-json\/wp\/v2\/posts"}],"about":[{"href":"https:\/\/maranhaotv.com.br\/index.php\/wp-json\/wp\/v2\/types\/post"}],"author":[{"embeddable":true,"href":"https:\/\/maranhaotv.com.br\/index.php\/wp-json\/wp\/v2\/users\/2"}],"replies":[{"embeddable":true,"href":"https:\/\/maranhaotv.com.br\/index.php\/wp-json\/wp\/v2\/comments?post=36019"}],"version-history":[{"count":1,"href":"https:\/\/maranhaotv.com.br\/index.php\/wp-json\/wp\/v2\/posts\/36019\/revisions"}],"predecessor-version":[{"id":36020,"href":"https:\/\/maranhaotv.com.br\/index.php\/wp-json\/wp\/v2\/posts\/36019\/revisions\/36020"}],"wp:featuredmedia":[{"embeddable":true,"href":"https:\/\/maranhaotv.com.br\/index.php\/wp-json\/wp\/v2\/media\/36018"}],"wp:attachment":[{"href":"https:\/\/maranhaotv.com.br\/index.php\/wp-json\/wp\/v2\/media?parent=36019"}],"wp:term":[{"taxonomy":"category","embeddable":true,"href":"https:\/\/maranhaotv.com.br\/index.php\/wp-json\/wp\/v2\/categories?post=36019"},{"taxonomy":"post_tag","embeddable":true,"href":"https:\/\/maranhaotv.com.br\/index.php\/wp-json\/wp\/v2\/tags?post=36019"}],"curies":[{"name":"wp","href":"https:\/\/api.w.org\/{rel}","templated":true}]}}