{"id":36033,"date":"2024-05-24T18:35:39","date_gmt":"2024-05-24T21:35:39","guid":{"rendered":"https:\/\/maranhaotv.com.br\/?p=36033"},"modified":"2024-05-24T18:35:51","modified_gmt":"2024-05-24T21:35:51","slug":"wellington-do-curso-convida-a-populacao-para-acoes-do-novo-na-regiao-metropolitana-de-sao-luis","status":"publish","type":"post","link":"https:\/\/maranhaotv.com.br\/index.php\/2024\/05\/24\/wellington-do-curso-convida-a-populacao-para-acoes-do-novo-na-regiao-metropolitana-de-sao-luis\/","title":{"rendered":"Wellington do Curso convida a popula\u00e7\u00e3o para a\u00e7\u00f5es do NOVO na Regi\u00e3o Metropolitana de S\u00e3o Lu\u00eds"},"content":{"rendered":"\n<p><br><br>O Partido NOVO intensifica sua presen\u00e7a no Maranh\u00e3o com uma s\u00e9rie de eventos programados para este final de semana, visando mobilizar a popula\u00e7\u00e3o e fortalecer suas pr\u00e9-candidaturas em munic\u00edpios da Regi\u00e3o Metropolitana da Grande S\u00e3o Lu\u00eds. <br><br>As atividades contar\u00e3o com a presen\u00e7a de Lah\u00e9sio Bonfim, embaixador do partido no estado, segundo colocado com 25% dos votos na corrida ao Governo do Estado em 2022.<br><br>No s\u00e1bado come\u00e7a com uma caminhada na feira do Maiob\u00e3o, em Pa\u00e7o do Lumiar, liderada pelo pr\u00e9-candidato a prefeito Francisco Neto. A concentra\u00e7\u00e3o est\u00e1 marcada para as 09h em frente ao Supermercado Camino. Este evento \u00e9 uma oportunidade para Francisco Neto ouvir as demandas da popula\u00e7\u00e3o local e apresentar suas propostas para o munic\u00edpio.<br><br>\u00c0s 18h, ser\u00e1 realizado o lan\u00e7amento da pr\u00e9-candidatura de Guilherme Mulato \u00e0 prefeitura de S\u00e3o Jos\u00e9 de Ribamar. O evento acontecer\u00e1 no Audit\u00f3rio da Escola Recanto do Saber, no Parque Vit\u00f3ria. <br><br>No domingo, o pr\u00e9-candidato a prefeito de S\u00e3o Lu\u00eds, Wellington do Curso, participar\u00e1 de um caf\u00e9 da manh\u00e3 com moradores da Vila Janaina. <br><br>Fechando o final de semana, J\u00fanior Passinho (Republicanos) lan\u00e7ar\u00e1 sua pr\u00e9-candidatura \u00e0 prefeitura de Raposa no restaurante Fazendinha, \u00e0s 17h, e receber\u00e1 a formaliza\u00e7\u00e3o do apoio do NOVO ao seu projeto. <br><br>Na ocasi\u00e3o, tamb\u00e9m ser\u00e1 oficializada a instala\u00e7\u00e3o da Comiss\u00e3o Provis\u00f3ria do Partido Novo na cidade de Raposa, que hoje j\u00e1 conta com vereador de mandato Elenildo Rocha (NOVO). <br><br>Todos os eventos contar\u00e3o com a presen\u00e7a de Lah\u00e9sio Bonfim, ex-prefeito reeleito do munic\u00edpio de S\u00e3o Pedro dos Crentes com mais de 90% dos votos e do professor e Deputado Estadual Wellington do Curso, pr\u00e9-candidato a prefeito de S\u00e3o Lu\u00eds. <br><br>*O que*: S\u00e9rie de eventos do Partido NOVO, incluindo caminhadas, caf\u00e9s da manh\u00e3 e lan\u00e7amentos de pr\u00e9-candidaturas.<br>*Quem*: Pr\u00e9-candidatos Francisco Neto, Guilherme Mulato, Wellington do Curso, J\u00fanior Passinho e Lah\u00e9sio Bonfim.<br>*Quando*: Nos dias 25 e 26 de maio.<br>*Onde*: Em Pa\u00e7o do Lumiar, S\u00e3o Jos\u00e9 de Ribamar, S\u00e3o Lu\u00eds e Raposa, no Maranh\u00e3o.<\/p>\n","protected":false},"excerpt":{"rendered":"<p>O Partido NOVO intensifica sua presen\u00e7a no Maranh\u00e3o com uma s\u00e9rie de eventos programados para este final de semana, visando<\/p>\n","protected":false},"author":2,"featured_media":36032,"comment_status":"open","ping_status":"open","sticky":false,"template":"","format":"standard","meta":{"colormag_page_container_layout":"default_layout","colormag_page_sidebar_layout":"default_layout","_jetpack_memberships_contains_paid_content":false,"footnotes":""},"categories":[2],"tags":[],"class_list":["post-36033","post","type-post","status-publish","format-standard","has-post-thumbnail","hentry","category-noticias"],"magazineBlocksPostFeaturedMedia":{"thumbnail":"https:\/\/maranhaotv.com.br\/wp-content\/uploads\/2024\/05\/IMG-20240524-WA0556-150x150.jpg","medium":"https:\/\/maranhaotv.com.br\/wp-content\/uploads\/2024\/05\/IMG-20240524-WA0556-300x212.jpg","medium_large":"https:\/\/maranhaotv.com.br\/wp-content\/uploads\/2024\/05\/IMG-20240524-WA0556.jpg","large":"https:\/\/maranhaotv.com.br\/wp-content\/uploads\/2024\/05\/IMG-20240524-WA0556.jpg","1536x1536":"https:\/\/maranhaotv.com.br\/wp-content\/uploads\/2024\/05\/IMG-20240524-WA0556.jpg","2048x2048":"https:\/\/maranhaotv.com.br\/wp-content\/uploads\/2024\/05\/IMG-20240524-WA0556.jpg","colormag-highlighted-post":"https:\/\/maranhaotv.com.br\/wp-content\/uploads\/2024\/05\/IMG-20240524-WA0556-392x272.jpg","colormag-featured-post-medium":"https:\/\/maranhaotv.com.br\/wp-content\/uploads\/2024\/05\/IMG-20240524-WA0556-390x205.jpg","colormag-featured-post-small":"https:\/\/maranhaotv.com.br\/wp-content\/uploads\/2024\/05\/IMG-20240524-WA0556-130x90.jpg","colormag-featured-image":"https:\/\/maranhaotv.com.br\/wp-content\/uploads\/2024\/05\/IMG-20240524-WA0556-659x445.jpg","colormag-default-news":"https:\/\/maranhaotv.com.br\/wp-content\/uploads\/2024\/05\/IMG-20240524-WA0556-150x150.jpg","colormag-featured-image-large":"https:\/\/maranhaotv.com.br\/wp-content\/uploads\/2024\/05\/IMG-20240524-WA0556.jpg"},"magazineBlocksPostAuthor":{"name":"maranhaotv","avatar":"https:\/\/secure.gravatar.com\/avatar\/8fadbca458d4cb68b1dd399ae9a40618d747bb1af65ac9fad21c89220a143eb4?s=96&d=mm&r=g"},"magazineBlocksPostCommentsNumber":"0","magazineBlocksPostExcerpt":"O Partido NOVO intensifica sua presen\u00e7a no Maranh\u00e3o com uma s\u00e9rie de eventos programados para este final de semana, visando","magazineBlocksPostCategories":["not\u00edcias"],"magazineBlocksPostViewCount":235,"magazineBlocksPostReadTime":2,"magazine_blocks_featured_image_url":{"full":["https:\/\/maranhaotv.com.br\/wp-content\/uploads\/2024\/05\/IMG-20240524-WA0556.jpg",128,90,false],"medium":["https:\/\/maranhaotv.com.br\/wp-content\/uploads\/2024\/05\/IMG-20240524-WA0556-300x212.jpg",300,212,true],"thumbnail":["https:\/\/maranhaotv.com.br\/wp-content\/uploads\/2024\/05\/IMG-20240524-WA0556-150x150.jpg",150,150,true]},"magazine_blocks_author":{"display_name":"maranhaotv","author_link":"https:\/\/maranhaotv.com.br\/index.php\/author\/maranhaotv\/"},"magazine_blocks_comment":0,"magazine_blocks_author_image":"https:\/\/secure.gravatar.com\/avatar\/8fadbca458d4cb68b1dd399ae9a40618d747bb1af65ac9fad21c89220a143eb4?s=96&d=mm&r=g","magazine_blocks_category":"<a href=\"#\" class=\"category-link category-link-2\">not\u00edcias<\/a>","yoast_head":"<!-- This site is optimized with the Yoast SEO plugin v27.4 - https:\/\/yoast.com\/product\/yoast-seo-wordpress\/ -->\n<title>Wellington do Curso convida a popula\u00e7\u00e3o para a\u00e7\u00f5es do NOVO na Regi\u00e3o Metropolitana de S\u00e3o Lu\u00eds - NOT\u00cdCIAS EM TEMPO REAL<\/title>\n<meta name=\"robots\" content=\"index, follow, max-snippet:-1, max-image-preview:large, max-video-preview:-1\" \/>\n<link rel=\"canonical\" href=\"https:\/\/maranhaotv.com.br\/index.php\/2024\/05\/24\/wellington-do-curso-convida-a-populacao-para-acoes-do-novo-na-regiao-metropolitana-de-sao-luis\/\" \/>\n<meta property=\"og:locale\" content=\"pt_BR\" \/>\n<meta property=\"og:type\" content=\"article\" \/>\n<meta property=\"og:title\" content=\"Wellington do Curso convida a popula\u00e7\u00e3o para a\u00e7\u00f5es do NOVO na Regi\u00e3o Metropolitana de S\u00e3o Lu\u00eds - NOT\u00cdCIAS EM TEMPO REAL\" \/>\n<meta property=\"og:description\" content=\"O Partido NOVO intensifica sua presen\u00e7a no Maranh\u00e3o com uma s\u00e9rie de eventos programados para este final de semana, visando\" \/>\n<meta property=\"og:url\" content=\"https:\/\/maranhaotv.com.br\/index.php\/2024\/05\/24\/wellington-do-curso-convida-a-populacao-para-acoes-do-novo-na-regiao-metropolitana-de-sao-luis\/\" \/>\n<meta property=\"og:site_name\" content=\"NOT\u00cdCIAS EM TEMPO REAL\" \/>\n<meta property=\"article:publisher\" content=\"https:\/\/www.facebook.com\/maiobaotv\" \/>\n<meta property=\"article:published_time\" content=\"2024-05-24T21:35:39+00:00\" \/>\n<meta property=\"article:modified_time\" content=\"2024-05-24T21:35:51+00:00\" \/>\n<meta property=\"og:image\" content=\"https:\/\/maranhaotv.com.br\/wp-content\/uploads\/2024\/05\/IMG-20240524-WA0556.jpg\" \/>\n\t<meta property=\"og:image:width\" content=\"659\" \/>\n\t<meta property=\"og:image:height\" content=\"465\" \/>\n\t<meta property=\"og:image:type\" content=\"image\/jpeg\" \/>\n<meta name=\"author\" content=\"maranhaotv\" \/>\n<meta name=\"twitter:card\" content=\"summary_large_image\" \/>\n<meta name=\"twitter:creator\" content=\"@sitemaranhaotv\" \/>\n<meta name=\"twitter:site\" content=\"@sitemaranhaotv\" \/>\n<meta name=\"twitter:label1\" content=\"Escrito por\" \/>\n\t<meta name=\"twitter:data1\" content=\"maranhaotv\" \/>\n\t<meta name=\"twitter:label2\" content=\"Est. tempo de leitura\" \/>\n\t<meta name=\"twitter:data2\" content=\"2 minutos\" \/>\n<script type=\"application\/ld+json\" class=\"yoast-schema-graph\">{\"@context\":\"https:\\\/\\\/schema.org\",\"@graph\":[{\"@type\":\"Article\",\"@id\":\"https:\\\/\\\/maranhaotv.com.br\\\/index.php\\\/2024\\\/05\\\/24\\\/wellington-do-curso-convida-a-populacao-para-acoes-do-novo-na-regiao-metropolitana-de-sao-luis\\\/#article\",\"isPartOf\":{\"@id\":\"https:\\\/\\\/maranhaotv.com.br\\\/index.php\\\/2024\\\/05\\\/24\\\/wellington-do-curso-convida-a-populacao-para-acoes-do-novo-na-regiao-metropolitana-de-sao-luis\\\/\"},\"author\":{\"name\":\"maranhaotv\",\"@id\":\"https:\\\/\\\/maranhaotv.com.br\\\/#\\\/schema\\\/person\\\/3d54238e86b20bb5c89ab2fdb8f8829a\"},\"headline\":\"Wellington do Curso convida a popula\u00e7\u00e3o para a\u00e7\u00f5es do NOVO na Regi\u00e3o Metropolitana de S\u00e3o Lu\u00eds\",\"datePublished\":\"2024-05-24T21:35:39+00:00\",\"dateModified\":\"2024-05-24T21:35:51+00:00\",\"mainEntityOfPage\":{\"@id\":\"https:\\\/\\\/maranhaotv.com.br\\\/index.php\\\/2024\\\/05\\\/24\\\/wellington-do-curso-convida-a-populacao-para-acoes-do-novo-na-regiao-metropolitana-de-sao-luis\\\/\"},\"wordCount\":395,\"commentCount\":0,\"publisher\":{\"@id\":\"https:\\\/\\\/maranhaotv.com.br\\\/#organization\"},\"image\":{\"@id\":\"https:\\\/\\\/maranhaotv.com.br\\\/index.php\\\/2024\\\/05\\\/24\\\/wellington-do-curso-convida-a-populacao-para-acoes-do-novo-na-regiao-metropolitana-de-sao-luis\\\/#primaryimage\"},\"thumbnailUrl\":\"https:\\\/\\\/maranhaotv.com.br\\\/wp-content\\\/uploads\\\/2024\\\/05\\\/IMG-20240524-WA0556.jpg\",\"articleSection\":[\"not\u00edcias\"],\"inLanguage\":\"pt-BR\",\"potentialAction\":[{\"@type\":\"CommentAction\",\"name\":\"Comment\",\"target\":[\"https:\\\/\\\/maranhaotv.com.br\\\/index.php\\\/2024\\\/05\\\/24\\\/wellington-do-curso-convida-a-populacao-para-acoes-do-novo-na-regiao-metropolitana-de-sao-luis\\\/#respond\"]}]},{\"@type\":\"WebPage\",\"@id\":\"https:\\\/\\\/maranhaotv.com.br\\\/index.php\\\/2024\\\/05\\\/24\\\/wellington-do-curso-convida-a-populacao-para-acoes-do-novo-na-regiao-metropolitana-de-sao-luis\\\/\",\"url\":\"https:\\\/\\\/maranhaotv.com.br\\\/index.php\\\/2024\\\/05\\\/24\\\/wellington-do-curso-convida-a-populacao-para-acoes-do-novo-na-regiao-metropolitana-de-sao-luis\\\/\",\"name\":\"Wellington do Curso convida a popula\u00e7\u00e3o para a\u00e7\u00f5es do NOVO na Regi\u00e3o Metropolitana de S\u00e3o Lu\u00eds - NOT\u00cdCIAS EM TEMPO REAL\",\"isPartOf\":{\"@id\":\"https:\\\/\\\/maranhaotv.com.br\\\/#website\"},\"primaryImageOfPage\":{\"@id\":\"https:\\\/\\\/maranhaotv.com.br\\\/index.php\\\/2024\\\/05\\\/24\\\/wellington-do-curso-convida-a-populacao-para-acoes-do-novo-na-regiao-metropolitana-de-sao-luis\\\/#primaryimage\"},\"image\":{\"@id\":\"https:\\\/\\\/maranhaotv.com.br\\\/index.php\\\/2024\\\/05\\\/24\\\/wellington-do-curso-convida-a-populacao-para-acoes-do-novo-na-regiao-metropolitana-de-sao-luis\\\/#primaryimage\"},\"thumbnailUrl\":\"https:\\\/\\\/maranhaotv.com.br\\\/wp-content\\\/uploads\\\/2024\\\/05\\\/IMG-20240524-WA0556.jpg\",\"datePublished\":\"2024-05-24T21:35:39+00:00\",\"dateModified\":\"2024-05-24T21:35:51+00:00\",\"breadcrumb\":{\"@id\":\"https:\\\/\\\/maranhaotv.com.br\\\/index.php\\\/2024\\\/05\\\/24\\\/wellington-do-curso-convida-a-populacao-para-acoes-do-novo-na-regiao-metropolitana-de-sao-luis\\\/#breadcrumb\"},\"inLanguage\":\"pt-BR\",\"potentialAction\":[{\"@type\":\"ReadAction\",\"target\":[\"https:\\\/\\\/maranhaotv.com.br\\\/index.php\\\/2024\\\/05\\\/24\\\/wellington-do-curso-convida-a-populacao-para-acoes-do-novo-na-regiao-metropolitana-de-sao-luis\\\/\"]}]},{\"@type\":\"ImageObject\",\"inLanguage\":\"pt-BR\",\"@id\":\"https:\\\/\\\/maranhaotv.com.br\\\/index.php\\\/2024\\\/05\\\/24\\\/wellington-do-curso-convida-a-populacao-para-acoes-do-novo-na-regiao-metropolitana-de-sao-luis\\\/#primaryimage\",\"url\":\"https:\\\/\\\/maranhaotv.com.br\\\/wp-content\\\/uploads\\\/2024\\\/05\\\/IMG-20240524-WA0556.jpg\",\"contentUrl\":\"https:\\\/\\\/maranhaotv.com.br\\\/wp-content\\\/uploads\\\/2024\\\/05\\\/IMG-20240524-WA0556.jpg\",\"width\":128,\"height\":90},{\"@type\":\"BreadcrumbList\",\"@id\":\"https:\\\/\\\/maranhaotv.com.br\\\/index.php\\\/2024\\\/05\\\/24\\\/wellington-do-curso-convida-a-populacao-para-acoes-do-novo-na-regiao-metropolitana-de-sao-luis\\\/#breadcrumb\",\"itemListElement\":[{\"@type\":\"ListItem\",\"position\":1,\"name\":\"In\u00edcio\",\"item\":\"https:\\\/\\\/maranhaotv.com.br\\\/\"},{\"@type\":\"ListItem\",\"position\":2,\"name\":\"Wellington do Curso convida a popula\u00e7\u00e3o para a\u00e7\u00f5es do NOVO na Regi\u00e3o Metropolitana de S\u00e3o Lu\u00eds\"}]},{\"@type\":\"WebSite\",\"@id\":\"https:\\\/\\\/maranhaotv.com.br\\\/#website\",\"url\":\"https:\\\/\\\/maranhaotv.com.br\\\/\",\"name\":\"Maranh\u00e3oTV\",\"description\":\"\",\"publisher\":{\"@id\":\"https:\\\/\\\/maranhaotv.com.br\\\/#organization\"},\"potentialAction\":[{\"@type\":\"SearchAction\",\"target\":{\"@type\":\"EntryPoint\",\"urlTemplate\":\"https:\\\/\\\/maranhaotv.com.br\\\/?s={search_term_string}\"},\"query-input\":{\"@type\":\"PropertyValueSpecification\",\"valueRequired\":true,\"valueName\":\"search_term_string\"}}],\"inLanguage\":\"pt-BR\"},{\"@type\":\"Organization\",\"@id\":\"https:\\\/\\\/maranhaotv.com.br\\\/#organization\",\"name\":\"Portal de Not\u00edcias\",\"url\":\"https:\\\/\\\/maranhaotv.com.br\\\/\",\"logo\":{\"@type\":\"ImageObject\",\"inLanguage\":\"pt-BR\",\"@id\":\"https:\\\/\\\/maranhaotv.com.br\\\/#\\\/schema\\\/logo\\\/image\\\/\",\"url\":\"https:\\\/\\\/maranhaotv.com.br\\\/wp-content\\\/uploads\\\/2024\\\/05\\\/cropped-cropped-avatar-1.png\",\"contentUrl\":\"https:\\\/\\\/maranhaotv.com.br\\\/wp-content\\\/uploads\\\/2024\\\/05\\\/cropped-cropped-avatar-1.png\",\"width\":792,\"height\":428,\"caption\":\"Portal de Not\u00edcias\"},\"image\":{\"@id\":\"https:\\\/\\\/maranhaotv.com.br\\\/#\\\/schema\\\/logo\\\/image\\\/\"},\"sameAs\":[\"https:\\\/\\\/www.facebook.com\\\/maiobaotv\",\"https:\\\/\\\/x.com\\\/sitemaranhaotv\",\"https:\\\/\\\/www.instagram.com\\\/maranhao.tv\",\"https:\\\/\\\/www.threads.net\\\/@maranhao.tv\"]},{\"@type\":\"Person\",\"@id\":\"https:\\\/\\\/maranhaotv.com.br\\\/#\\\/schema\\\/person\\\/3d54238e86b20bb5c89ab2fdb8f8829a\",\"name\":\"maranhaotv\",\"image\":{\"@type\":\"ImageObject\",\"inLanguage\":\"pt-BR\",\"@id\":\"https:\\\/\\\/secure.gravatar.com\\\/avatar\\\/8fadbca458d4cb68b1dd399ae9a40618d747bb1af65ac9fad21c89220a143eb4?s=96&d=mm&r=g\",\"url\":\"https:\\\/\\\/secure.gravatar.com\\\/avatar\\\/8fadbca458d4cb68b1dd399ae9a40618d747bb1af65ac9fad21c89220a143eb4?s=96&d=mm&r=g\",\"contentUrl\":\"https:\\\/\\\/secure.gravatar.com\\\/avatar\\\/8fadbca458d4cb68b1dd399ae9a40618d747bb1af65ac9fad21c89220a143eb4?s=96&d=mm&r=g\",\"caption\":\"maranhaotv\"},\"sameAs\":[\"https:\\\/\\\/maranhaotv.com.br\\\/\"],\"url\":\"https:\\\/\\\/maranhaotv.com.br\\\/index.php\\\/author\\\/maranhaotv\\\/\"}]}<\/script>\n<!-- \/ Yoast SEO plugin. -->","yoast_head_json":{"title":"Wellington do Curso convida a popula\u00e7\u00e3o para a\u00e7\u00f5es do NOVO na Regi\u00e3o Metropolitana de S\u00e3o Lu\u00eds - NOT\u00cdCIAS EM TEMPO REAL","robots":{"index":"index","follow":"follow","max-snippet":"max-snippet:-1","max-image-preview":"max-image-preview:large","max-video-preview":"max-video-preview:-1"},"canonical":"https:\/\/maranhaotv.com.br\/index.php\/2024\/05\/24\/wellington-do-curso-convida-a-populacao-para-acoes-do-novo-na-regiao-metropolitana-de-sao-luis\/","og_locale":"pt_BR","og_type":"article","og_title":"Wellington do Curso convida a popula\u00e7\u00e3o para a\u00e7\u00f5es do NOVO na Regi\u00e3o Metropolitana de S\u00e3o Lu\u00eds - NOT\u00cdCIAS EM TEMPO REAL","og_description":"O Partido NOVO intensifica sua presen\u00e7a no Maranh\u00e3o com uma s\u00e9rie de eventos programados para este final de semana, visando","og_url":"https:\/\/maranhaotv.com.br\/index.php\/2024\/05\/24\/wellington-do-curso-convida-a-populacao-para-acoes-do-novo-na-regiao-metropolitana-de-sao-luis\/","og_site_name":"NOT\u00cdCIAS EM TEMPO REAL","article_publisher":"https:\/\/www.facebook.com\/maiobaotv","article_published_time":"2024-05-24T21:35:39+00:00","article_modified_time":"2024-05-24T21:35:51+00:00","og_image":[{"width":659,"height":465,"url":"https:\/\/maranhaotv.com.br\/wp-content\/uploads\/2024\/05\/IMG-20240524-WA0556.jpg","type":"image\/jpeg"}],"author":"maranhaotv","twitter_card":"summary_large_image","twitter_creator":"@sitemaranhaotv","twitter_site":"@sitemaranhaotv","twitter_misc":{"Escrito por":"maranhaotv","Est. tempo de leitura":"2 minutos"},"schema":{"@context":"https:\/\/schema.org","@graph":[{"@type":"Article","@id":"https:\/\/maranhaotv.com.br\/index.php\/2024\/05\/24\/wellington-do-curso-convida-a-populacao-para-acoes-do-novo-na-regiao-metropolitana-de-sao-luis\/#article","isPartOf":{"@id":"https:\/\/maranhaotv.com.br\/index.php\/2024\/05\/24\/wellington-do-curso-convida-a-populacao-para-acoes-do-novo-na-regiao-metropolitana-de-sao-luis\/"},"author":{"name":"maranhaotv","@id":"https:\/\/maranhaotv.com.br\/#\/schema\/person\/3d54238e86b20bb5c89ab2fdb8f8829a"},"headline":"Wellington do Curso convida a popula\u00e7\u00e3o para a\u00e7\u00f5es do NOVO na Regi\u00e3o Metropolitana de S\u00e3o Lu\u00eds","datePublished":"2024-05-24T21:35:39+00:00","dateModified":"2024-05-24T21:35:51+00:00","mainEntityOfPage":{"@id":"https:\/\/maranhaotv.com.br\/index.php\/2024\/05\/24\/wellington-do-curso-convida-a-populacao-para-acoes-do-novo-na-regiao-metropolitana-de-sao-luis\/"},"wordCount":395,"commentCount":0,"publisher":{"@id":"https:\/\/maranhaotv.com.br\/#organization"},"image":{"@id":"https:\/\/maranhaotv.com.br\/index.php\/2024\/05\/24\/wellington-do-curso-convida-a-populacao-para-acoes-do-novo-na-regiao-metropolitana-de-sao-luis\/#primaryimage"},"thumbnailUrl":"https:\/\/maranhaotv.com.br\/wp-content\/uploads\/2024\/05\/IMG-20240524-WA0556.jpg","articleSection":["not\u00edcias"],"inLanguage":"pt-BR","potentialAction":[{"@type":"CommentAction","name":"Comment","target":["https:\/\/maranhaotv.com.br\/index.php\/2024\/05\/24\/wellington-do-curso-convida-a-populacao-para-acoes-do-novo-na-regiao-metropolitana-de-sao-luis\/#respond"]}]},{"@type":"WebPage","@id":"https:\/\/maranhaotv.com.br\/index.php\/2024\/05\/24\/wellington-do-curso-convida-a-populacao-para-acoes-do-novo-na-regiao-metropolitana-de-sao-luis\/","url":"https:\/\/maranhaotv.com.br\/index.php\/2024\/05\/24\/wellington-do-curso-convida-a-populacao-para-acoes-do-novo-na-regiao-metropolitana-de-sao-luis\/","name":"Wellington do Curso convida a popula\u00e7\u00e3o para a\u00e7\u00f5es do NOVO na Regi\u00e3o Metropolitana de S\u00e3o Lu\u00eds - NOT\u00cdCIAS EM TEMPO REAL","isPartOf":{"@id":"https:\/\/maranhaotv.com.br\/#website"},"primaryImageOfPage":{"@id":"https:\/\/maranhaotv.com.br\/index.php\/2024\/05\/24\/wellington-do-curso-convida-a-populacao-para-acoes-do-novo-na-regiao-metropolitana-de-sao-luis\/#primaryimage"},"image":{"@id":"https:\/\/maranhaotv.com.br\/index.php\/2024\/05\/24\/wellington-do-curso-convida-a-populacao-para-acoes-do-novo-na-regiao-metropolitana-de-sao-luis\/#primaryimage"},"thumbnailUrl":"https:\/\/maranhaotv.com.br\/wp-content\/uploads\/2024\/05\/IMG-20240524-WA0556.jpg","datePublished":"2024-05-24T21:35:39+00:00","dateModified":"2024-05-24T21:35:51+00:00","breadcrumb":{"@id":"https:\/\/maranhaotv.com.br\/index.php\/2024\/05\/24\/wellington-do-curso-convida-a-populacao-para-acoes-do-novo-na-regiao-metropolitana-de-sao-luis\/#breadcrumb"},"inLanguage":"pt-BR","potentialAction":[{"@type":"ReadAction","target":["https:\/\/maranhaotv.com.br\/index.php\/2024\/05\/24\/wellington-do-curso-convida-a-populacao-para-acoes-do-novo-na-regiao-metropolitana-de-sao-luis\/"]}]},{"@type":"ImageObject","inLanguage":"pt-BR","@id":"https:\/\/maranhaotv.com.br\/index.php\/2024\/05\/24\/wellington-do-curso-convida-a-populacao-para-acoes-do-novo-na-regiao-metropolitana-de-sao-luis\/#primaryimage","url":"https:\/\/maranhaotv.com.br\/wp-content\/uploads\/2024\/05\/IMG-20240524-WA0556.jpg","contentUrl":"https:\/\/maranhaotv.com.br\/wp-content\/uploads\/2024\/05\/IMG-20240524-WA0556.jpg","width":128,"height":90},{"@type":"BreadcrumbList","@id":"https:\/\/maranhaotv.com.br\/index.php\/2024\/05\/24\/wellington-do-curso-convida-a-populacao-para-acoes-do-novo-na-regiao-metropolitana-de-sao-luis\/#breadcrumb","itemListElement":[{"@type":"ListItem","position":1,"name":"In\u00edcio","item":"https:\/\/maranhaotv.com.br\/"},{"@type":"ListItem","position":2,"name":"Wellington do Curso convida a popula\u00e7\u00e3o para a\u00e7\u00f5es do NOVO na Regi\u00e3o Metropolitana de S\u00e3o Lu\u00eds"}]},{"@type":"WebSite","@id":"https:\/\/maranhaotv.com.br\/#website","url":"https:\/\/maranhaotv.com.br\/","name":"Maranh\u00e3oTV","description":"","publisher":{"@id":"https:\/\/maranhaotv.com.br\/#organization"},"potentialAction":[{"@type":"SearchAction","target":{"@type":"EntryPoint","urlTemplate":"https:\/\/maranhaotv.com.br\/?s={search_term_string}"},"query-input":{"@type":"PropertyValueSpecification","valueRequired":true,"valueName":"search_term_string"}}],"inLanguage":"pt-BR"},{"@type":"Organization","@id":"https:\/\/maranhaotv.com.br\/#organization","name":"Portal de Not\u00edcias","url":"https:\/\/maranhaotv.com.br\/","logo":{"@type":"ImageObject","inLanguage":"pt-BR","@id":"https:\/\/maranhaotv.com.br\/#\/schema\/logo\/image\/","url":"https:\/\/maranhaotv.com.br\/wp-content\/uploads\/2024\/05\/cropped-cropped-avatar-1.png","contentUrl":"https:\/\/maranhaotv.com.br\/wp-content\/uploads\/2024\/05\/cropped-cropped-avatar-1.png","width":792,"height":428,"caption":"Portal de Not\u00edcias"},"image":{"@id":"https:\/\/maranhaotv.com.br\/#\/schema\/logo\/image\/"},"sameAs":["https:\/\/www.facebook.com\/maiobaotv","https:\/\/x.com\/sitemaranhaotv","https:\/\/www.instagram.com\/maranhao.tv","https:\/\/www.threads.net\/@maranhao.tv"]},{"@type":"Person","@id":"https:\/\/maranhaotv.com.br\/#\/schema\/person\/3d54238e86b20bb5c89ab2fdb8f8829a","name":"maranhaotv","image":{"@type":"ImageObject","inLanguage":"pt-BR","@id":"https:\/\/secure.gravatar.com\/avatar\/8fadbca458d4cb68b1dd399ae9a40618d747bb1af65ac9fad21c89220a143eb4?s=96&d=mm&r=g","url":"https:\/\/secure.gravatar.com\/avatar\/8fadbca458d4cb68b1dd399ae9a40618d747bb1af65ac9fad21c89220a143eb4?s=96&d=mm&r=g","contentUrl":"https:\/\/secure.gravatar.com\/avatar\/8fadbca458d4cb68b1dd399ae9a40618d747bb1af65ac9fad21c89220a143eb4?s=96&d=mm&r=g","caption":"maranhaotv"},"sameAs":["https:\/\/maranhaotv.com.br\/"],"url":"https:\/\/maranhaotv.com.br\/index.php\/author\/maranhaotv\/"}]}},"jetpack_featured_media_url":"https:\/\/maranhaotv.com.br\/wp-content\/uploads\/2024\/05\/IMG-20240524-WA0556.jpg","jetpack_sharing_enabled":true,"_links":{"self":[{"href":"https:\/\/maranhaotv.com.br\/index.php\/wp-json\/wp\/v2\/posts\/36033","targetHints":{"allow":["GET"]}}],"collection":[{"href":"https:\/\/maranhaotv.com.br\/index.php\/wp-json\/wp\/v2\/posts"}],"about":[{"href":"https:\/\/maranhaotv.com.br\/index.php\/wp-json\/wp\/v2\/types\/post"}],"author":[{"embeddable":true,"href":"https:\/\/maranhaotv.com.br\/index.php\/wp-json\/wp\/v2\/users\/2"}],"replies":[{"embeddable":true,"href":"https:\/\/maranhaotv.com.br\/index.php\/wp-json\/wp\/v2\/comments?post=36033"}],"version-history":[{"count":1,"href":"https:\/\/maranhaotv.com.br\/index.php\/wp-json\/wp\/v2\/posts\/36033\/revisions"}],"predecessor-version":[{"id":36034,"href":"https:\/\/maranhaotv.com.br\/index.php\/wp-json\/wp\/v2\/posts\/36033\/revisions\/36034"}],"wp:featuredmedia":[{"embeddable":true,"href":"https:\/\/maranhaotv.com.br\/index.php\/wp-json\/wp\/v2\/media\/36032"}],"wp:attachment":[{"href":"https:\/\/maranhaotv.com.br\/index.php\/wp-json\/wp\/v2\/media?parent=36033"}],"wp:term":[{"taxonomy":"category","embeddable":true,"href":"https:\/\/maranhaotv.com.br\/index.php\/wp-json\/wp\/v2\/categories?post=36033"},{"taxonomy":"post_tag","embeddable":true,"href":"https:\/\/maranhaotv.com.br\/index.php\/wp-json\/wp\/v2\/tags?post=36033"}],"curies":[{"name":"wp","href":"https:\/\/api.w.org\/{rel}","templated":true}]}}