{"id":36037,"date":"2024-05-25T14:17:03","date_gmt":"2024-05-25T17:17:03","guid":{"rendered":"https:\/\/maranhaotv.com.br\/?p=36037"},"modified":"2024-05-25T14:17:38","modified_gmt":"2024-05-25T17:17:38","slug":"wellington-do-curso-cobra-copia-do-projeto-do-complexo-castelinho-e-solicita-liberacao-da-pista-de-atletismo-interna-do-castelao","status":"publish","type":"post","link":"https:\/\/maranhaotv.com.br\/index.php\/2024\/05\/25\/wellington-do-curso-cobra-copia-do-projeto-do-complexo-castelinho-e-solicita-liberacao-da-pista-de-atletismo-interna-do-castelao\/","title":{"rendered":"Wellington do Curso cobra c\u00f3pia do projeto do Complexo Castelinho e solicita libera\u00e7\u00e3o da pista de atletismo interna do Castel\u00e3o"},"content":{"rendered":"\n<p><br><br>Nesta sexta-feira (23), o deputado estadual Wellington do Curso esteve em manifesta\u00e7\u00e3o pac\u00edfica realizada por atletas maranhenses no Castelinho. A manifesta\u00e7\u00e3o foi uma forma de protesto diante do falecimento do jovem Victor Gabriel, de apenas 13 anos, que veio a \u00f3bito na noite de ontem (22) ap\u00f3s ser atropelado por um ve\u00edculo enquanto treinava no local. <br><br>Sobre o caso, Wellington disse estar solid\u00e1rio aos familiares do jovem e exigiu que o Governo do Estado corrija imediatamente o erro de proibir os treinos na pista de atletismo do Castel\u00e3o. <br><br>\u201cTristeza, dor e revolta. Esse \u00e9 o sentimento de atletas que realizaram manifesta\u00e7\u00e3o pac\u00edfica hoje no Castel\u00e3o, ap\u00f3s o jovem Victor Gabriel, de apenas 13 anos, perder a vida em um acidente enquanto treinava. Logo pela manh\u00e3, estive no vel\u00f3rio do jovem, prestando solidariedade e total apoio a fam\u00edlia, em nome da Assembleia Legislativa. Como deputado, cobro do Governo uma resposta imediata. Cobramos c\u00f3pia do projeto de reforma do Complexo Esportivo Castelinho. Solicito tamb\u00e9m a libera\u00e7\u00e3o da pista de atletismo do Castel\u00e3o para treino dos atletas, enquanto durarem as obras de reforma do complexo. O atletismo est\u00e1 de luto!\u201d, disse Wellington.<\/p>\n\n\n\n<figure class=\"wp-block-image size-large\"><img loading=\"lazy\" decoding=\"async\" width=\"1024\" height=\"576\" src=\"https:\/\/maranhaotv.com.br\/wp-content\/uploads\/2024\/05\/img-20240525-wa03374866451994020783185-1024x576.jpg\" alt=\"\" class=\"wp-image-36035\" srcset=\"https:\/\/maranhaotv.com.br\/wp-content\/uploads\/2024\/05\/img-20240525-wa03374866451994020783185-1024x576.jpg 1024w, https:\/\/maranhaotv.com.br\/wp-content\/uploads\/2024\/05\/img-20240525-wa03374866451994020783185-300x169.jpg 300w, https:\/\/maranhaotv.com.br\/wp-content\/uploads\/2024\/05\/img-20240525-wa03374866451994020783185-768x432.jpg 768w, https:\/\/maranhaotv.com.br\/wp-content\/uploads\/2024\/05\/img-20240525-wa03374866451994020783185-640x360.jpg 640w, https:\/\/maranhaotv.com.br\/wp-content\/uploads\/2024\/05\/img-20240525-wa03374866451994020783185.jpg 160w\" sizes=\"auto, (max-width: 1024px) 100vw, 1024px\" \/><\/figure>\n","protected":false},"excerpt":{"rendered":"<p>Nesta sexta-feira (23), o deputado estadual Wellington do Curso esteve em manifesta\u00e7\u00e3o pac\u00edfica realizada por atletas maranhenses no Castelinho. A<\/p>\n","protected":false},"author":2,"featured_media":36036,"comment_status":"open","ping_status":"open","sticky":false,"template":"","format":"standard","meta":{"colormag_page_container_layout":"default_layout","colormag_page_sidebar_layout":"default_layout","_jetpack_memberships_contains_paid_content":false,"footnotes":""},"categories":[2],"tags":[],"class_list":["post-36037","post","type-post","status-publish","format-standard","has-post-thumbnail","hentry","category-noticias"],"magazineBlocksPostFeaturedMedia":{"thumbnail":"https:\/\/maranhaotv.com.br\/wp-content\/uploads\/2024\/05\/IMG-20240525-WA0339-150x150.jpg","medium":"https:\/\/maranhaotv.com.br\/wp-content\/uploads\/2024\/05\/IMG-20240525-WA0339-300x169.jpg","medium_large":"https:\/\/maranhaotv.com.br\/wp-content\/uploads\/2024\/05\/IMG-20240525-WA0339-768x432.jpg","large":"https:\/\/maranhaotv.com.br\/wp-content\/uploads\/2024\/05\/IMG-20240525-WA0339-1024x576.jpg","1536x1536":"https:\/\/maranhaotv.com.br\/wp-content\/uploads\/2024\/05\/IMG-20240525-WA0339.jpg","2048x2048":"https:\/\/maranhaotv.com.br\/wp-content\/uploads\/2024\/05\/IMG-20240525-WA0339.jpg","colormag-highlighted-post":"https:\/\/maranhaotv.com.br\/wp-content\/uploads\/2024\/05\/IMG-20240525-WA0339-392x272.jpg","colormag-featured-post-medium":"https:\/\/maranhaotv.com.br\/wp-content\/uploads\/2024\/05\/IMG-20240525-WA0339-390x205.jpg","colormag-featured-post-small":"https:\/\/maranhaotv.com.br\/wp-content\/uploads\/2024\/05\/IMG-20240525-WA0339-130x90.jpg","colormag-featured-image":"https:\/\/maranhaotv.com.br\/wp-content\/uploads\/2024\/05\/IMG-20240525-WA0339-800x445.jpg","colormag-default-news":"https:\/\/maranhaotv.com.br\/wp-content\/uploads\/2024\/05\/IMG-20240525-WA0339-150x150.jpg","colormag-featured-image-large":"https:\/\/maranhaotv.com.br\/wp-content\/uploads\/2024\/05\/IMG-20240525-WA0339-1280x600.jpg"},"magazineBlocksPostAuthor":{"name":"maranhaotv","avatar":"https:\/\/secure.gravatar.com\/avatar\/8fadbca458d4cb68b1dd399ae9a40618d747bb1af65ac9fad21c89220a143eb4?s=96&d=mm&r=g"},"magazineBlocksPostCommentsNumber":"0","magazineBlocksPostExcerpt":"Nesta sexta-feira (23), o deputado estadual Wellington do Curso esteve em manifesta\u00e7\u00e3o pac\u00edfica realizada por atletas maranhenses no Castelinho. A","magazineBlocksPostCategories":["not\u00edcias"],"magazineBlocksPostViewCount":220,"magazineBlocksPostReadTime":2,"magazine_blocks_featured_image_url":{"full":["https:\/\/maranhaotv.com.br\/wp-content\/uploads\/2024\/05\/IMG-20240525-WA0339.jpg",160,90,false],"medium":["https:\/\/maranhaotv.com.br\/wp-content\/uploads\/2024\/05\/IMG-20240525-WA0339-300x169.jpg",300,169,true],"thumbnail":["https:\/\/maranhaotv.com.br\/wp-content\/uploads\/2024\/05\/IMG-20240525-WA0339-150x150.jpg",150,150,true]},"magazine_blocks_author":{"display_name":"maranhaotv","author_link":"https:\/\/maranhaotv.com.br\/index.php\/author\/maranhaotv\/"},"magazine_blocks_comment":0,"magazine_blocks_author_image":"https:\/\/secure.gravatar.com\/avatar\/8fadbca458d4cb68b1dd399ae9a40618d747bb1af65ac9fad21c89220a143eb4?s=96&d=mm&r=g","magazine_blocks_category":"<a href=\"#\" class=\"category-link category-link-2\">not\u00edcias<\/a>","yoast_head":"<!-- This site is optimized with the Yoast SEO plugin v27.4 - https:\/\/yoast.com\/product\/yoast-seo-wordpress\/ -->\n<title>Wellington do Curso cobra c\u00f3pia do projeto do Complexo Castelinho e solicita libera\u00e7\u00e3o da pista de atletismo interna do Castel\u00e3o - NOT\u00cdCIAS EM TEMPO REAL<\/title>\n<meta name=\"robots\" content=\"index, follow, max-snippet:-1, max-image-preview:large, max-video-preview:-1\" \/>\n<link rel=\"canonical\" href=\"https:\/\/maranhaotv.com.br\/index.php\/2024\/05\/25\/wellington-do-curso-cobra-copia-do-projeto-do-complexo-castelinho-e-solicita-liberacao-da-pista-de-atletismo-interna-do-castelao\/\" \/>\n<meta property=\"og:locale\" content=\"pt_BR\" \/>\n<meta property=\"og:type\" content=\"article\" \/>\n<meta property=\"og:title\" content=\"Wellington do Curso cobra c\u00f3pia do projeto do Complexo Castelinho e solicita libera\u00e7\u00e3o da pista de atletismo interna do Castel\u00e3o - NOT\u00cdCIAS EM TEMPO REAL\" \/>\n<meta property=\"og:description\" content=\"Nesta sexta-feira (23), o deputado estadual Wellington do Curso esteve em manifesta\u00e7\u00e3o pac\u00edfica realizada por atletas maranhenses no Castelinho. A\" \/>\n<meta property=\"og:url\" content=\"https:\/\/maranhaotv.com.br\/index.php\/2024\/05\/25\/wellington-do-curso-cobra-copia-do-projeto-do-complexo-castelinho-e-solicita-liberacao-da-pista-de-atletismo-interna-do-castelao\/\" \/>\n<meta property=\"og:site_name\" content=\"NOT\u00cdCIAS EM TEMPO REAL\" \/>\n<meta property=\"article:publisher\" content=\"https:\/\/www.facebook.com\/maiobaotv\" \/>\n<meta property=\"article:published_time\" content=\"2024-05-25T17:17:03+00:00\" \/>\n<meta property=\"article:modified_time\" content=\"2024-05-25T17:17:38+00:00\" \/>\n<meta property=\"og:image\" content=\"https:\/\/maranhaotv.com.br\/wp-content\/uploads\/2024\/05\/IMG-20240525-WA0339.jpg\" \/>\n\t<meta property=\"og:image:width\" content=\"1280\" \/>\n\t<meta property=\"og:image:height\" content=\"720\" \/>\n\t<meta property=\"og:image:type\" content=\"image\/jpeg\" \/>\n<meta name=\"author\" content=\"maranhaotv\" \/>\n<meta name=\"twitter:card\" content=\"summary_large_image\" \/>\n<meta name=\"twitter:creator\" content=\"@sitemaranhaotv\" \/>\n<meta name=\"twitter:site\" content=\"@sitemaranhaotv\" \/>\n<meta name=\"twitter:label1\" content=\"Escrito por\" \/>\n\t<meta name=\"twitter:data1\" content=\"maranhaotv\" \/>\n\t<meta name=\"twitter:label2\" content=\"Est. tempo de leitura\" \/>\n\t<meta name=\"twitter:data2\" content=\"1 minuto\" \/>\n<script type=\"application\/ld+json\" class=\"yoast-schema-graph\">{\"@context\":\"https:\\\/\\\/schema.org\",\"@graph\":[{\"@type\":\"Article\",\"@id\":\"https:\\\/\\\/maranhaotv.com.br\\\/index.php\\\/2024\\\/05\\\/25\\\/wellington-do-curso-cobra-copia-do-projeto-do-complexo-castelinho-e-solicita-liberacao-da-pista-de-atletismo-interna-do-castelao\\\/#article\",\"isPartOf\":{\"@id\":\"https:\\\/\\\/maranhaotv.com.br\\\/index.php\\\/2024\\\/05\\\/25\\\/wellington-do-curso-cobra-copia-do-projeto-do-complexo-castelinho-e-solicita-liberacao-da-pista-de-atletismo-interna-do-castelao\\\/\"},\"author\":{\"name\":\"maranhaotv\",\"@id\":\"https:\\\/\\\/maranhaotv.com.br\\\/#\\\/schema\\\/person\\\/3d54238e86b20bb5c89ab2fdb8f8829a\"},\"headline\":\"Wellington do Curso cobra c\u00f3pia do projeto do Complexo Castelinho e solicita libera\u00e7\u00e3o da pista de atletismo interna do Castel\u00e3o\",\"datePublished\":\"2024-05-25T17:17:03+00:00\",\"dateModified\":\"2024-05-25T17:17:38+00:00\",\"mainEntityOfPage\":{\"@id\":\"https:\\\/\\\/maranhaotv.com.br\\\/index.php\\\/2024\\\/05\\\/25\\\/wellington-do-curso-cobra-copia-do-projeto-do-complexo-castelinho-e-solicita-liberacao-da-pista-de-atletismo-interna-do-castelao\\\/\"},\"wordCount\":224,\"commentCount\":0,\"publisher\":{\"@id\":\"https:\\\/\\\/maranhaotv.com.br\\\/#organization\"},\"image\":{\"@id\":\"https:\\\/\\\/maranhaotv.com.br\\\/index.php\\\/2024\\\/05\\\/25\\\/wellington-do-curso-cobra-copia-do-projeto-do-complexo-castelinho-e-solicita-liberacao-da-pista-de-atletismo-interna-do-castelao\\\/#primaryimage\"},\"thumbnailUrl\":\"https:\\\/\\\/maranhaotv.com.br\\\/wp-content\\\/uploads\\\/2024\\\/05\\\/IMG-20240525-WA0339.jpg\",\"articleSection\":[\"not\u00edcias\"],\"inLanguage\":\"pt-BR\",\"potentialAction\":[{\"@type\":\"CommentAction\",\"name\":\"Comment\",\"target\":[\"https:\\\/\\\/maranhaotv.com.br\\\/index.php\\\/2024\\\/05\\\/25\\\/wellington-do-curso-cobra-copia-do-projeto-do-complexo-castelinho-e-solicita-liberacao-da-pista-de-atletismo-interna-do-castelao\\\/#respond\"]}]},{\"@type\":\"WebPage\",\"@id\":\"https:\\\/\\\/maranhaotv.com.br\\\/index.php\\\/2024\\\/05\\\/25\\\/wellington-do-curso-cobra-copia-do-projeto-do-complexo-castelinho-e-solicita-liberacao-da-pista-de-atletismo-interna-do-castelao\\\/\",\"url\":\"https:\\\/\\\/maranhaotv.com.br\\\/index.php\\\/2024\\\/05\\\/25\\\/wellington-do-curso-cobra-copia-do-projeto-do-complexo-castelinho-e-solicita-liberacao-da-pista-de-atletismo-interna-do-castelao\\\/\",\"name\":\"Wellington do Curso cobra c\u00f3pia do projeto do Complexo Castelinho e solicita libera\u00e7\u00e3o da pista de atletismo interna do Castel\u00e3o - NOT\u00cdCIAS EM TEMPO REAL\",\"isPartOf\":{\"@id\":\"https:\\\/\\\/maranhaotv.com.br\\\/#website\"},\"primaryImageOfPage\":{\"@id\":\"https:\\\/\\\/maranhaotv.com.br\\\/index.php\\\/2024\\\/05\\\/25\\\/wellington-do-curso-cobra-copia-do-projeto-do-complexo-castelinho-e-solicita-liberacao-da-pista-de-atletismo-interna-do-castelao\\\/#primaryimage\"},\"image\":{\"@id\":\"https:\\\/\\\/maranhaotv.com.br\\\/index.php\\\/2024\\\/05\\\/25\\\/wellington-do-curso-cobra-copia-do-projeto-do-complexo-castelinho-e-solicita-liberacao-da-pista-de-atletismo-interna-do-castelao\\\/#primaryimage\"},\"thumbnailUrl\":\"https:\\\/\\\/maranhaotv.com.br\\\/wp-content\\\/uploads\\\/2024\\\/05\\\/IMG-20240525-WA0339.jpg\",\"datePublished\":\"2024-05-25T17:17:03+00:00\",\"dateModified\":\"2024-05-25T17:17:38+00:00\",\"breadcrumb\":{\"@id\":\"https:\\\/\\\/maranhaotv.com.br\\\/index.php\\\/2024\\\/05\\\/25\\\/wellington-do-curso-cobra-copia-do-projeto-do-complexo-castelinho-e-solicita-liberacao-da-pista-de-atletismo-interna-do-castelao\\\/#breadcrumb\"},\"inLanguage\":\"pt-BR\",\"potentialAction\":[{\"@type\":\"ReadAction\",\"target\":[\"https:\\\/\\\/maranhaotv.com.br\\\/index.php\\\/2024\\\/05\\\/25\\\/wellington-do-curso-cobra-copia-do-projeto-do-complexo-castelinho-e-solicita-liberacao-da-pista-de-atletismo-interna-do-castelao\\\/\"]}]},{\"@type\":\"ImageObject\",\"inLanguage\":\"pt-BR\",\"@id\":\"https:\\\/\\\/maranhaotv.com.br\\\/index.php\\\/2024\\\/05\\\/25\\\/wellington-do-curso-cobra-copia-do-projeto-do-complexo-castelinho-e-solicita-liberacao-da-pista-de-atletismo-interna-do-castelao\\\/#primaryimage\",\"url\":\"https:\\\/\\\/maranhaotv.com.br\\\/wp-content\\\/uploads\\\/2024\\\/05\\\/IMG-20240525-WA0339.jpg\",\"contentUrl\":\"https:\\\/\\\/maranhaotv.com.br\\\/wp-content\\\/uploads\\\/2024\\\/05\\\/IMG-20240525-WA0339.jpg\",\"width\":160,\"height\":90},{\"@type\":\"BreadcrumbList\",\"@id\":\"https:\\\/\\\/maranhaotv.com.br\\\/index.php\\\/2024\\\/05\\\/25\\\/wellington-do-curso-cobra-copia-do-projeto-do-complexo-castelinho-e-solicita-liberacao-da-pista-de-atletismo-interna-do-castelao\\\/#breadcrumb\",\"itemListElement\":[{\"@type\":\"ListItem\",\"position\":1,\"name\":\"In\u00edcio\",\"item\":\"https:\\\/\\\/maranhaotv.com.br\\\/\"},{\"@type\":\"ListItem\",\"position\":2,\"name\":\"Wellington do Curso cobra c\u00f3pia do projeto do Complexo Castelinho e solicita libera\u00e7\u00e3o da pista de atletismo interna do Castel\u00e3o\"}]},{\"@type\":\"WebSite\",\"@id\":\"https:\\\/\\\/maranhaotv.com.br\\\/#website\",\"url\":\"https:\\\/\\\/maranhaotv.com.br\\\/\",\"name\":\"Maranh\u00e3oTV\",\"description\":\"\",\"publisher\":{\"@id\":\"https:\\\/\\\/maranhaotv.com.br\\\/#organization\"},\"potentialAction\":[{\"@type\":\"SearchAction\",\"target\":{\"@type\":\"EntryPoint\",\"urlTemplate\":\"https:\\\/\\\/maranhaotv.com.br\\\/?s={search_term_string}\"},\"query-input\":{\"@type\":\"PropertyValueSpecification\",\"valueRequired\":true,\"valueName\":\"search_term_string\"}}],\"inLanguage\":\"pt-BR\"},{\"@type\":\"Organization\",\"@id\":\"https:\\\/\\\/maranhaotv.com.br\\\/#organization\",\"name\":\"Portal de Not\u00edcias\",\"url\":\"https:\\\/\\\/maranhaotv.com.br\\\/\",\"logo\":{\"@type\":\"ImageObject\",\"inLanguage\":\"pt-BR\",\"@id\":\"https:\\\/\\\/maranhaotv.com.br\\\/#\\\/schema\\\/logo\\\/image\\\/\",\"url\":\"https:\\\/\\\/maranhaotv.com.br\\\/wp-content\\\/uploads\\\/2024\\\/05\\\/cropped-cropped-avatar-1.png\",\"contentUrl\":\"https:\\\/\\\/maranhaotv.com.br\\\/wp-content\\\/uploads\\\/2024\\\/05\\\/cropped-cropped-avatar-1.png\",\"width\":792,\"height\":428,\"caption\":\"Portal de Not\u00edcias\"},\"image\":{\"@id\":\"https:\\\/\\\/maranhaotv.com.br\\\/#\\\/schema\\\/logo\\\/image\\\/\"},\"sameAs\":[\"https:\\\/\\\/www.facebook.com\\\/maiobaotv\",\"https:\\\/\\\/x.com\\\/sitemaranhaotv\",\"https:\\\/\\\/www.instagram.com\\\/maranhao.tv\",\"https:\\\/\\\/www.threads.net\\\/@maranhao.tv\"]},{\"@type\":\"Person\",\"@id\":\"https:\\\/\\\/maranhaotv.com.br\\\/#\\\/schema\\\/person\\\/3d54238e86b20bb5c89ab2fdb8f8829a\",\"name\":\"maranhaotv\",\"image\":{\"@type\":\"ImageObject\",\"inLanguage\":\"pt-BR\",\"@id\":\"https:\\\/\\\/secure.gravatar.com\\\/avatar\\\/8fadbca458d4cb68b1dd399ae9a40618d747bb1af65ac9fad21c89220a143eb4?s=96&d=mm&r=g\",\"url\":\"https:\\\/\\\/secure.gravatar.com\\\/avatar\\\/8fadbca458d4cb68b1dd399ae9a40618d747bb1af65ac9fad21c89220a143eb4?s=96&d=mm&r=g\",\"contentUrl\":\"https:\\\/\\\/secure.gravatar.com\\\/avatar\\\/8fadbca458d4cb68b1dd399ae9a40618d747bb1af65ac9fad21c89220a143eb4?s=96&d=mm&r=g\",\"caption\":\"maranhaotv\"},\"sameAs\":[\"https:\\\/\\\/maranhaotv.com.br\\\/\"],\"url\":\"https:\\\/\\\/maranhaotv.com.br\\\/index.php\\\/author\\\/maranhaotv\\\/\"}]}<\/script>\n<!-- \/ Yoast SEO plugin. -->","yoast_head_json":{"title":"Wellington do Curso cobra c\u00f3pia do projeto do Complexo Castelinho e solicita libera\u00e7\u00e3o da pista de atletismo interna do Castel\u00e3o - NOT\u00cdCIAS EM TEMPO REAL","robots":{"index":"index","follow":"follow","max-snippet":"max-snippet:-1","max-image-preview":"max-image-preview:large","max-video-preview":"max-video-preview:-1"},"canonical":"https:\/\/maranhaotv.com.br\/index.php\/2024\/05\/25\/wellington-do-curso-cobra-copia-do-projeto-do-complexo-castelinho-e-solicita-liberacao-da-pista-de-atletismo-interna-do-castelao\/","og_locale":"pt_BR","og_type":"article","og_title":"Wellington do Curso cobra c\u00f3pia do projeto do Complexo Castelinho e solicita libera\u00e7\u00e3o da pista de atletismo interna do Castel\u00e3o - NOT\u00cdCIAS EM TEMPO REAL","og_description":"Nesta sexta-feira (23), o deputado estadual Wellington do Curso esteve em manifesta\u00e7\u00e3o pac\u00edfica realizada por atletas maranhenses no Castelinho. A","og_url":"https:\/\/maranhaotv.com.br\/index.php\/2024\/05\/25\/wellington-do-curso-cobra-copia-do-projeto-do-complexo-castelinho-e-solicita-liberacao-da-pista-de-atletismo-interna-do-castelao\/","og_site_name":"NOT\u00cdCIAS EM TEMPO REAL","article_publisher":"https:\/\/www.facebook.com\/maiobaotv","article_published_time":"2024-05-25T17:17:03+00:00","article_modified_time":"2024-05-25T17:17:38+00:00","og_image":[{"width":1280,"height":720,"url":"https:\/\/maranhaotv.com.br\/wp-content\/uploads\/2024\/05\/IMG-20240525-WA0339.jpg","type":"image\/jpeg"}],"author":"maranhaotv","twitter_card":"summary_large_image","twitter_creator":"@sitemaranhaotv","twitter_site":"@sitemaranhaotv","twitter_misc":{"Escrito por":"maranhaotv","Est. tempo de leitura":"1 minuto"},"schema":{"@context":"https:\/\/schema.org","@graph":[{"@type":"Article","@id":"https:\/\/maranhaotv.com.br\/index.php\/2024\/05\/25\/wellington-do-curso-cobra-copia-do-projeto-do-complexo-castelinho-e-solicita-liberacao-da-pista-de-atletismo-interna-do-castelao\/#article","isPartOf":{"@id":"https:\/\/maranhaotv.com.br\/index.php\/2024\/05\/25\/wellington-do-curso-cobra-copia-do-projeto-do-complexo-castelinho-e-solicita-liberacao-da-pista-de-atletismo-interna-do-castelao\/"},"author":{"name":"maranhaotv","@id":"https:\/\/maranhaotv.com.br\/#\/schema\/person\/3d54238e86b20bb5c89ab2fdb8f8829a"},"headline":"Wellington do Curso cobra c\u00f3pia do projeto do Complexo Castelinho e solicita libera\u00e7\u00e3o da pista de atletismo interna do Castel\u00e3o","datePublished":"2024-05-25T17:17:03+00:00","dateModified":"2024-05-25T17:17:38+00:00","mainEntityOfPage":{"@id":"https:\/\/maranhaotv.com.br\/index.php\/2024\/05\/25\/wellington-do-curso-cobra-copia-do-projeto-do-complexo-castelinho-e-solicita-liberacao-da-pista-de-atletismo-interna-do-castelao\/"},"wordCount":224,"commentCount":0,"publisher":{"@id":"https:\/\/maranhaotv.com.br\/#organization"},"image":{"@id":"https:\/\/maranhaotv.com.br\/index.php\/2024\/05\/25\/wellington-do-curso-cobra-copia-do-projeto-do-complexo-castelinho-e-solicita-liberacao-da-pista-de-atletismo-interna-do-castelao\/#primaryimage"},"thumbnailUrl":"https:\/\/maranhaotv.com.br\/wp-content\/uploads\/2024\/05\/IMG-20240525-WA0339.jpg","articleSection":["not\u00edcias"],"inLanguage":"pt-BR","potentialAction":[{"@type":"CommentAction","name":"Comment","target":["https:\/\/maranhaotv.com.br\/index.php\/2024\/05\/25\/wellington-do-curso-cobra-copia-do-projeto-do-complexo-castelinho-e-solicita-liberacao-da-pista-de-atletismo-interna-do-castelao\/#respond"]}]},{"@type":"WebPage","@id":"https:\/\/maranhaotv.com.br\/index.php\/2024\/05\/25\/wellington-do-curso-cobra-copia-do-projeto-do-complexo-castelinho-e-solicita-liberacao-da-pista-de-atletismo-interna-do-castelao\/","url":"https:\/\/maranhaotv.com.br\/index.php\/2024\/05\/25\/wellington-do-curso-cobra-copia-do-projeto-do-complexo-castelinho-e-solicita-liberacao-da-pista-de-atletismo-interna-do-castelao\/","name":"Wellington do Curso cobra c\u00f3pia do projeto do Complexo Castelinho e solicita libera\u00e7\u00e3o da pista de atletismo interna do Castel\u00e3o - NOT\u00cdCIAS EM TEMPO REAL","isPartOf":{"@id":"https:\/\/maranhaotv.com.br\/#website"},"primaryImageOfPage":{"@id":"https:\/\/maranhaotv.com.br\/index.php\/2024\/05\/25\/wellington-do-curso-cobra-copia-do-projeto-do-complexo-castelinho-e-solicita-liberacao-da-pista-de-atletismo-interna-do-castelao\/#primaryimage"},"image":{"@id":"https:\/\/maranhaotv.com.br\/index.php\/2024\/05\/25\/wellington-do-curso-cobra-copia-do-projeto-do-complexo-castelinho-e-solicita-liberacao-da-pista-de-atletismo-interna-do-castelao\/#primaryimage"},"thumbnailUrl":"https:\/\/maranhaotv.com.br\/wp-content\/uploads\/2024\/05\/IMG-20240525-WA0339.jpg","datePublished":"2024-05-25T17:17:03+00:00","dateModified":"2024-05-25T17:17:38+00:00","breadcrumb":{"@id":"https:\/\/maranhaotv.com.br\/index.php\/2024\/05\/25\/wellington-do-curso-cobra-copia-do-projeto-do-complexo-castelinho-e-solicita-liberacao-da-pista-de-atletismo-interna-do-castelao\/#breadcrumb"},"inLanguage":"pt-BR","potentialAction":[{"@type":"ReadAction","target":["https:\/\/maranhaotv.com.br\/index.php\/2024\/05\/25\/wellington-do-curso-cobra-copia-do-projeto-do-complexo-castelinho-e-solicita-liberacao-da-pista-de-atletismo-interna-do-castelao\/"]}]},{"@type":"ImageObject","inLanguage":"pt-BR","@id":"https:\/\/maranhaotv.com.br\/index.php\/2024\/05\/25\/wellington-do-curso-cobra-copia-do-projeto-do-complexo-castelinho-e-solicita-liberacao-da-pista-de-atletismo-interna-do-castelao\/#primaryimage","url":"https:\/\/maranhaotv.com.br\/wp-content\/uploads\/2024\/05\/IMG-20240525-WA0339.jpg","contentUrl":"https:\/\/maranhaotv.com.br\/wp-content\/uploads\/2024\/05\/IMG-20240525-WA0339.jpg","width":160,"height":90},{"@type":"BreadcrumbList","@id":"https:\/\/maranhaotv.com.br\/index.php\/2024\/05\/25\/wellington-do-curso-cobra-copia-do-projeto-do-complexo-castelinho-e-solicita-liberacao-da-pista-de-atletismo-interna-do-castelao\/#breadcrumb","itemListElement":[{"@type":"ListItem","position":1,"name":"In\u00edcio","item":"https:\/\/maranhaotv.com.br\/"},{"@type":"ListItem","position":2,"name":"Wellington do Curso cobra c\u00f3pia do projeto do Complexo Castelinho e solicita libera\u00e7\u00e3o da pista de atletismo interna do Castel\u00e3o"}]},{"@type":"WebSite","@id":"https:\/\/maranhaotv.com.br\/#website","url":"https:\/\/maranhaotv.com.br\/","name":"Maranh\u00e3oTV","description":"","publisher":{"@id":"https:\/\/maranhaotv.com.br\/#organization"},"potentialAction":[{"@type":"SearchAction","target":{"@type":"EntryPoint","urlTemplate":"https:\/\/maranhaotv.com.br\/?s={search_term_string}"},"query-input":{"@type":"PropertyValueSpecification","valueRequired":true,"valueName":"search_term_string"}}],"inLanguage":"pt-BR"},{"@type":"Organization","@id":"https:\/\/maranhaotv.com.br\/#organization","name":"Portal de Not\u00edcias","url":"https:\/\/maranhaotv.com.br\/","logo":{"@type":"ImageObject","inLanguage":"pt-BR","@id":"https:\/\/maranhaotv.com.br\/#\/schema\/logo\/image\/","url":"https:\/\/maranhaotv.com.br\/wp-content\/uploads\/2024\/05\/cropped-cropped-avatar-1.png","contentUrl":"https:\/\/maranhaotv.com.br\/wp-content\/uploads\/2024\/05\/cropped-cropped-avatar-1.png","width":792,"height":428,"caption":"Portal de Not\u00edcias"},"image":{"@id":"https:\/\/maranhaotv.com.br\/#\/schema\/logo\/image\/"},"sameAs":["https:\/\/www.facebook.com\/maiobaotv","https:\/\/x.com\/sitemaranhaotv","https:\/\/www.instagram.com\/maranhao.tv","https:\/\/www.threads.net\/@maranhao.tv"]},{"@type":"Person","@id":"https:\/\/maranhaotv.com.br\/#\/schema\/person\/3d54238e86b20bb5c89ab2fdb8f8829a","name":"maranhaotv","image":{"@type":"ImageObject","inLanguage":"pt-BR","@id":"https:\/\/secure.gravatar.com\/avatar\/8fadbca458d4cb68b1dd399ae9a40618d747bb1af65ac9fad21c89220a143eb4?s=96&d=mm&r=g","url":"https:\/\/secure.gravatar.com\/avatar\/8fadbca458d4cb68b1dd399ae9a40618d747bb1af65ac9fad21c89220a143eb4?s=96&d=mm&r=g","contentUrl":"https:\/\/secure.gravatar.com\/avatar\/8fadbca458d4cb68b1dd399ae9a40618d747bb1af65ac9fad21c89220a143eb4?s=96&d=mm&r=g","caption":"maranhaotv"},"sameAs":["https:\/\/maranhaotv.com.br\/"],"url":"https:\/\/maranhaotv.com.br\/index.php\/author\/maranhaotv\/"}]}},"jetpack_featured_media_url":"https:\/\/maranhaotv.com.br\/wp-content\/uploads\/2024\/05\/IMG-20240525-WA0339.jpg","jetpack_sharing_enabled":true,"_links":{"self":[{"href":"https:\/\/maranhaotv.com.br\/index.php\/wp-json\/wp\/v2\/posts\/36037","targetHints":{"allow":["GET"]}}],"collection":[{"href":"https:\/\/maranhaotv.com.br\/index.php\/wp-json\/wp\/v2\/posts"}],"about":[{"href":"https:\/\/maranhaotv.com.br\/index.php\/wp-json\/wp\/v2\/types\/post"}],"author":[{"embeddable":true,"href":"https:\/\/maranhaotv.com.br\/index.php\/wp-json\/wp\/v2\/users\/2"}],"replies":[{"embeddable":true,"href":"https:\/\/maranhaotv.com.br\/index.php\/wp-json\/wp\/v2\/comments?post=36037"}],"version-history":[{"count":1,"href":"https:\/\/maranhaotv.com.br\/index.php\/wp-json\/wp\/v2\/posts\/36037\/revisions"}],"predecessor-version":[{"id":36038,"href":"https:\/\/maranhaotv.com.br\/index.php\/wp-json\/wp\/v2\/posts\/36037\/revisions\/36038"}],"wp:featuredmedia":[{"embeddable":true,"href":"https:\/\/maranhaotv.com.br\/index.php\/wp-json\/wp\/v2\/media\/36036"}],"wp:attachment":[{"href":"https:\/\/maranhaotv.com.br\/index.php\/wp-json\/wp\/v2\/media?parent=36037"}],"wp:term":[{"taxonomy":"category","embeddable":true,"href":"https:\/\/maranhaotv.com.br\/index.php\/wp-json\/wp\/v2\/categories?post=36037"},{"taxonomy":"post_tag","embeddable":true,"href":"https:\/\/maranhaotv.com.br\/index.php\/wp-json\/wp\/v2\/tags?post=36037"}],"curies":[{"name":"wp","href":"https:\/\/api.w.org\/{rel}","templated":true}]}}