{"id":36153,"date":"2024-06-02T11:29:00","date_gmt":"2024-06-02T14:29:00","guid":{"rendered":"https:\/\/maranhaotv.com.br\/?p=36153"},"modified":"2024-06-02T11:30:42","modified_gmt":"2024-06-02T14:30:42","slug":"ex-prefeita-paula-da-pindoba-esta-impedida-de-se-comunicar-com-vereadores-e-servidores-de-paco","status":"publish","type":"post","link":"https:\/\/maranhaotv.com.br\/index.php\/2024\/06\/02\/ex-prefeita-paula-da-pindoba-esta-impedida-de-se-comunicar-com-vereadores-e-servidores-de-paco\/","title":{"rendered":"Ex-prefeita Paula da Pindoba est\u00e1 impedida de se comunicar com vereadores e servidores de Pa\u00e7o"},"content":{"rendered":"\n<p><br><br>A ex-prefeita Paula da Pindoba (PCdoB) foi afastada de suas fun\u00e7\u00f5es \u00e0 frente do munic\u00edpio de Pa\u00e7o do Lumiar, no Maranh\u00e3o, por um per\u00edodo de 50 dias. A decis\u00e3o foi tomada pela desembargadora Maria das Gra\u00e7as Peres Soares de Amorim, do Tribunal de Justi\u00e7a do Maranh\u00e3o, atendendo a um pedido do Grupo de Atua\u00e7\u00e3o Especial de Combate \u00e0s Organiza\u00e7\u00f5es Criminosas (Gaeco) do Minist\u00e9rio P\u00fablico Estadual (MPE).<br><br>Os detalhes do processo que resultou no afastamento de Paula s\u00e3o mantidos em sigilo, mas informa\u00e7\u00f5es obtidas por assessores da pr\u00f3pria ex-prefeita, que tiveram acesso \u00e0 decis\u00e3o, revelam que uma das medidas impostas pela Justi\u00e7a \u00e9 a proibi\u00e7\u00e3o de comunica\u00e7\u00e3o entre Paula e os vereadores, assim como com os servidores p\u00fablicos do munic\u00edpio. Essa restri\u00e7\u00e3o \u00e9 uma tentativa de evitar qualquer influ\u00eancia que ela possa exercer no andamento das investiga\u00e7\u00f5es e na administra\u00e7\u00e3o municipal durante o per\u00edodo de afastamento.<br><br>O afastamento de Paula da Pindoba ocorre em um momento delicado para o munic\u00edpio de Pa\u00e7o do Lumiar, e a decis\u00e3o judicial refor\u00e7a o compromisso das autoridades em combater irregularidades e garantir a transpar\u00eancia na gest\u00e3o p\u00fablica. Embora o processo tramite em segredo de Justi\u00e7a, a gravidade das acusa\u00e7\u00f5es e as medidas restritivas impostas indicam a seriedade das investiga\u00e7\u00f5es em curso.<br><br>Suspeitas de irregularidades<br><br>O pedido do Minist\u00e9rio P\u00fablico, que resultou no afastamento de Paula da Pindoba e de sua auxiliar, teria liga\u00e7\u00f5es com uma ades\u00e3o a uma Ata de Registro de Pre\u00e7os do munic\u00edpio de Altos, no Piau\u00ed, para aquisi\u00e7\u00e3o milion\u00e1ria de aparelhos de ar condicionado e ventiladores para escolas municipais e unidades b\u00e1sicas de sa\u00fade.<br>A ades\u00e3o por parte da Prefeitura de Pa\u00e7o do Lumiar teria sido feita de forma irregular, segundo as investiga\u00e7\u00f5es, tamb\u00e9m constatando-se, ap\u00f3s inspe\u00e7\u00f5es in loco, malversa\u00e7\u00e3o dos recursos p\u00fablicos e enriquecimento il\u00edcito, por exemplo.<br><br>Foi pedido, ainda, pelo Gaeco a quebra do sigilo banc\u00e1rio e fiscal de Paula da Pindoba e de Fl\u00e1via Virginia Pereira. As gestoras afastadas est\u00e3o proibidas de frequentar pr\u00e9dios p\u00fablicos e manter contato com outros agentes integrantes da administra\u00e7\u00e3o municipal.<br>Com a manuten\u00e7\u00e3o da decis\u00e3o judicial pelo afastamento de Paula da Pindoba, quem deve comandar os destinos do munic\u00edpios pelos pr\u00f3ximos dias \u00e9 o vice-prefeito Inaldo Alves Pereira.<\/p>\n","protected":false},"excerpt":{"rendered":"<p>A ex-prefeita Paula da Pindoba (PCdoB) foi afastada de suas fun\u00e7\u00f5es \u00e0 frente do munic\u00edpio de Pa\u00e7o do Lumiar, no<\/p>\n","protected":false},"author":2,"featured_media":36155,"comment_status":"open","ping_status":"open","sticky":false,"template":"","format":"standard","meta":{"colormag_page_container_layout":"default_layout","colormag_page_sidebar_layout":"default_layout","_jetpack_memberships_contains_paid_content":false,"footnotes":""},"categories":[6],"tags":[76,95],"class_list":["post-36153","post","type-post","status-publish","format-standard","has-post-thumbnail","hentry","category-politica","tag-camara-de-vereadores-de-paco-do-lumiar","tag-paula-azevedo"],"magazineBlocksPostFeaturedMedia":{"thumbnail":"https:\/\/maranhaotv.com.br\/wp-content\/uploads\/2024\/06\/images-1-150x150.jpeg","medium":"https:\/\/maranhaotv.com.br\/wp-content\/uploads\/2024\/06\/images-1-300x180.jpeg","medium_large":"https:\/\/maranhaotv.com.br\/wp-content\/uploads\/2024\/06\/images-1.jpeg","large":"https:\/\/maranhaotv.com.br\/wp-content\/uploads\/2024\/06\/images-1.jpeg","1536x1536":"https:\/\/maranhaotv.com.br\/wp-content\/uploads\/2024\/06\/images-1.jpeg","2048x2048":"https:\/\/maranhaotv.com.br\/wp-content\/uploads\/2024\/06\/images-1.jpeg","colormag-highlighted-post":"https:\/\/maranhaotv.com.br\/wp-content\/uploads\/2024\/06\/images-1-392x272.jpeg","colormag-featured-post-medium":"https:\/\/maranhaotv.com.br\/wp-content\/uploads\/2024\/06\/images-1-390x205.jpeg","colormag-featured-post-small":"https:\/\/maranhaotv.com.br\/wp-content\/uploads\/2024\/06\/images-1-130x90.jpeg","colormag-featured-image":"https:\/\/maranhaotv.com.br\/wp-content\/uploads\/2024\/06\/images-1.jpeg","colormag-default-news":"https:\/\/maranhaotv.com.br\/wp-content\/uploads\/2024\/06\/images-1-150x150.jpeg","colormag-featured-image-large":"https:\/\/maranhaotv.com.br\/wp-content\/uploads\/2024\/06\/images-1.jpeg"},"magazineBlocksPostAuthor":{"name":"maranhaotv","avatar":"https:\/\/secure.gravatar.com\/avatar\/8fadbca458d4cb68b1dd399ae9a40618d747bb1af65ac9fad21c89220a143eb4?s=96&d=mm&r=g"},"magazineBlocksPostCommentsNumber":"0","magazineBlocksPostExcerpt":"A ex-prefeita Paula da Pindoba (PCdoB) foi afastada de suas fun\u00e7\u00f5es \u00e0 frente do munic\u00edpio de Pa\u00e7o do Lumiar, no","magazineBlocksPostCategories":["pol\u00edtica"],"magazineBlocksPostViewCount":270,"magazineBlocksPostReadTime":3,"magazine_blocks_featured_image_url":{"full":["https:\/\/maranhaotv.com.br\/wp-content\/uploads\/2024\/06\/images-1.jpeg",715,429,false],"medium":["https:\/\/maranhaotv.com.br\/wp-content\/uploads\/2024\/06\/images-1-300x180.jpeg",300,180,true],"thumbnail":["https:\/\/maranhaotv.com.br\/wp-content\/uploads\/2024\/06\/images-1-150x150.jpeg",150,150,true]},"magazine_blocks_author":{"display_name":"maranhaotv","author_link":"https:\/\/maranhaotv.com.br\/index.php\/author\/maranhaotv\/"},"magazine_blocks_comment":0,"magazine_blocks_author_image":"https:\/\/secure.gravatar.com\/avatar\/8fadbca458d4cb68b1dd399ae9a40618d747bb1af65ac9fad21c89220a143eb4?s=96&d=mm&r=g","magazine_blocks_category":"<a href=\"#\" class=\"category-link category-link-6\">pol\u00edtica<\/a>","yoast_head":"<!-- This site is optimized with the Yoast SEO plugin v27.4 - https:\/\/yoast.com\/product\/yoast-seo-wordpress\/ -->\n<title>Ex-prefeita Paula da Pindoba est\u00e1 impedida de se comunicar com vereadores e servidores de Pa\u00e7o - NOT\u00cdCIAS EM TEMPO REAL<\/title>\n<meta name=\"robots\" content=\"index, follow, max-snippet:-1, max-image-preview:large, max-video-preview:-1\" \/>\n<link rel=\"canonical\" href=\"https:\/\/maranhaotv.com.br\/index.php\/2024\/06\/02\/ex-prefeita-paula-da-pindoba-esta-impedida-de-se-comunicar-com-vereadores-e-servidores-de-paco\/\" \/>\n<meta property=\"og:locale\" content=\"pt_BR\" \/>\n<meta property=\"og:type\" content=\"article\" \/>\n<meta property=\"og:title\" content=\"Ex-prefeita Paula da Pindoba est\u00e1 impedida de se comunicar com vereadores e servidores de Pa\u00e7o - NOT\u00cdCIAS EM TEMPO REAL\" \/>\n<meta property=\"og:description\" content=\"A ex-prefeita Paula da Pindoba (PCdoB) foi afastada de suas fun\u00e7\u00f5es \u00e0 frente do munic\u00edpio de Pa\u00e7o do Lumiar, no\" \/>\n<meta property=\"og:url\" content=\"https:\/\/maranhaotv.com.br\/index.php\/2024\/06\/02\/ex-prefeita-paula-da-pindoba-esta-impedida-de-se-comunicar-com-vereadores-e-servidores-de-paco\/\" \/>\n<meta property=\"og:site_name\" content=\"NOT\u00cdCIAS EM TEMPO REAL\" \/>\n<meta property=\"article:publisher\" content=\"https:\/\/www.facebook.com\/maiobaotv\" \/>\n<meta property=\"article:published_time\" content=\"2024-06-02T14:29:00+00:00\" \/>\n<meta property=\"article:modified_time\" content=\"2024-06-02T14:30:42+00:00\" \/>\n<meta property=\"og:image\" content=\"https:\/\/maranhaotv.com.br\/wp-content\/uploads\/2024\/06\/images-1.jpeg\" \/>\n\t<meta property=\"og:image:width\" content=\"715\" \/>\n\t<meta property=\"og:image:height\" content=\"429\" \/>\n\t<meta property=\"og:image:type\" content=\"image\/jpeg\" \/>\n<meta name=\"author\" content=\"maranhaotv\" \/>\n<meta name=\"twitter:card\" content=\"summary_large_image\" \/>\n<meta name=\"twitter:creator\" content=\"@sitemaranhaotv\" \/>\n<meta name=\"twitter:site\" content=\"@sitemaranhaotv\" \/>\n<meta name=\"twitter:label1\" content=\"Escrito por\" \/>\n\t<meta name=\"twitter:data1\" content=\"maranhaotv\" \/>\n\t<meta name=\"twitter:label2\" content=\"Est. tempo de leitura\" \/>\n\t<meta name=\"twitter:data2\" content=\"2 minutos\" \/>\n<script type=\"application\/ld+json\" class=\"yoast-schema-graph\">{\"@context\":\"https:\\\/\\\/schema.org\",\"@graph\":[{\"@type\":\"Article\",\"@id\":\"https:\\\/\\\/maranhaotv.com.br\\\/index.php\\\/2024\\\/06\\\/02\\\/ex-prefeita-paula-da-pindoba-esta-impedida-de-se-comunicar-com-vereadores-e-servidores-de-paco\\\/#article\",\"isPartOf\":{\"@id\":\"https:\\\/\\\/maranhaotv.com.br\\\/index.php\\\/2024\\\/06\\\/02\\\/ex-prefeita-paula-da-pindoba-esta-impedida-de-se-comunicar-com-vereadores-e-servidores-de-paco\\\/\"},\"author\":{\"name\":\"maranhaotv\",\"@id\":\"https:\\\/\\\/maranhaotv.com.br\\\/#\\\/schema\\\/person\\\/3d54238e86b20bb5c89ab2fdb8f8829a\"},\"headline\":\"Ex-prefeita Paula da Pindoba est\u00e1 impedida de se comunicar com vereadores e servidores de Pa\u00e7o\",\"datePublished\":\"2024-06-02T14:29:00+00:00\",\"dateModified\":\"2024-06-02T14:30:42+00:00\",\"mainEntityOfPage\":{\"@id\":\"https:\\\/\\\/maranhaotv.com.br\\\/index.php\\\/2024\\\/06\\\/02\\\/ex-prefeita-paula-da-pindoba-esta-impedida-de-se-comunicar-com-vereadores-e-servidores-de-paco\\\/\"},\"wordCount\":440,\"commentCount\":0,\"publisher\":{\"@id\":\"https:\\\/\\\/maranhaotv.com.br\\\/#organization\"},\"image\":{\"@id\":\"https:\\\/\\\/maranhaotv.com.br\\\/index.php\\\/2024\\\/06\\\/02\\\/ex-prefeita-paula-da-pindoba-esta-impedida-de-se-comunicar-com-vereadores-e-servidores-de-paco\\\/#primaryimage\"},\"thumbnailUrl\":\"https:\\\/\\\/maranhaotv.com.br\\\/wp-content\\\/uploads\\\/2024\\\/06\\\/images-1.jpeg\",\"keywords\":[\"C\u00e2mara de Vereadores de Pa\u00e7o do Lumiar\",\"Paula Azevedo\"],\"articleSection\":[\"pol\u00edtica\"],\"inLanguage\":\"pt-BR\",\"potentialAction\":[{\"@type\":\"CommentAction\",\"name\":\"Comment\",\"target\":[\"https:\\\/\\\/maranhaotv.com.br\\\/index.php\\\/2024\\\/06\\\/02\\\/ex-prefeita-paula-da-pindoba-esta-impedida-de-se-comunicar-com-vereadores-e-servidores-de-paco\\\/#respond\"]}]},{\"@type\":\"WebPage\",\"@id\":\"https:\\\/\\\/maranhaotv.com.br\\\/index.php\\\/2024\\\/06\\\/02\\\/ex-prefeita-paula-da-pindoba-esta-impedida-de-se-comunicar-com-vereadores-e-servidores-de-paco\\\/\",\"url\":\"https:\\\/\\\/maranhaotv.com.br\\\/index.php\\\/2024\\\/06\\\/02\\\/ex-prefeita-paula-da-pindoba-esta-impedida-de-se-comunicar-com-vereadores-e-servidores-de-paco\\\/\",\"name\":\"Ex-prefeita Paula da Pindoba est\u00e1 impedida de se comunicar com vereadores e servidores de Pa\u00e7o - NOT\u00cdCIAS EM TEMPO REAL\",\"isPartOf\":{\"@id\":\"https:\\\/\\\/maranhaotv.com.br\\\/#website\"},\"primaryImageOfPage\":{\"@id\":\"https:\\\/\\\/maranhaotv.com.br\\\/index.php\\\/2024\\\/06\\\/02\\\/ex-prefeita-paula-da-pindoba-esta-impedida-de-se-comunicar-com-vereadores-e-servidores-de-paco\\\/#primaryimage\"},\"image\":{\"@id\":\"https:\\\/\\\/maranhaotv.com.br\\\/index.php\\\/2024\\\/06\\\/02\\\/ex-prefeita-paula-da-pindoba-esta-impedida-de-se-comunicar-com-vereadores-e-servidores-de-paco\\\/#primaryimage\"},\"thumbnailUrl\":\"https:\\\/\\\/maranhaotv.com.br\\\/wp-content\\\/uploads\\\/2024\\\/06\\\/images-1.jpeg\",\"datePublished\":\"2024-06-02T14:29:00+00:00\",\"dateModified\":\"2024-06-02T14:30:42+00:00\",\"breadcrumb\":{\"@id\":\"https:\\\/\\\/maranhaotv.com.br\\\/index.php\\\/2024\\\/06\\\/02\\\/ex-prefeita-paula-da-pindoba-esta-impedida-de-se-comunicar-com-vereadores-e-servidores-de-paco\\\/#breadcrumb\"},\"inLanguage\":\"pt-BR\",\"potentialAction\":[{\"@type\":\"ReadAction\",\"target\":[\"https:\\\/\\\/maranhaotv.com.br\\\/index.php\\\/2024\\\/06\\\/02\\\/ex-prefeita-paula-da-pindoba-esta-impedida-de-se-comunicar-com-vereadores-e-servidores-de-paco\\\/\"]}]},{\"@type\":\"ImageObject\",\"inLanguage\":\"pt-BR\",\"@id\":\"https:\\\/\\\/maranhaotv.com.br\\\/index.php\\\/2024\\\/06\\\/02\\\/ex-prefeita-paula-da-pindoba-esta-impedida-de-se-comunicar-com-vereadores-e-servidores-de-paco\\\/#primaryimage\",\"url\":\"https:\\\/\\\/maranhaotv.com.br\\\/wp-content\\\/uploads\\\/2024\\\/06\\\/images-1.jpeg\",\"contentUrl\":\"https:\\\/\\\/maranhaotv.com.br\\\/wp-content\\\/uploads\\\/2024\\\/06\\\/images-1.jpeg\",\"width\":715,\"height\":429},{\"@type\":\"BreadcrumbList\",\"@id\":\"https:\\\/\\\/maranhaotv.com.br\\\/index.php\\\/2024\\\/06\\\/02\\\/ex-prefeita-paula-da-pindoba-esta-impedida-de-se-comunicar-com-vereadores-e-servidores-de-paco\\\/#breadcrumb\",\"itemListElement\":[{\"@type\":\"ListItem\",\"position\":1,\"name\":\"In\u00edcio\",\"item\":\"https:\\\/\\\/maranhaotv.com.br\\\/\"},{\"@type\":\"ListItem\",\"position\":2,\"name\":\"Ex-prefeita Paula da Pindoba est\u00e1 impedida de se comunicar com vereadores e servidores de Pa\u00e7o\"}]},{\"@type\":\"WebSite\",\"@id\":\"https:\\\/\\\/maranhaotv.com.br\\\/#website\",\"url\":\"https:\\\/\\\/maranhaotv.com.br\\\/\",\"name\":\"Maranh\u00e3oTV\",\"description\":\"\",\"publisher\":{\"@id\":\"https:\\\/\\\/maranhaotv.com.br\\\/#organization\"},\"potentialAction\":[{\"@type\":\"SearchAction\",\"target\":{\"@type\":\"EntryPoint\",\"urlTemplate\":\"https:\\\/\\\/maranhaotv.com.br\\\/?s={search_term_string}\"},\"query-input\":{\"@type\":\"PropertyValueSpecification\",\"valueRequired\":true,\"valueName\":\"search_term_string\"}}],\"inLanguage\":\"pt-BR\"},{\"@type\":\"Organization\",\"@id\":\"https:\\\/\\\/maranhaotv.com.br\\\/#organization\",\"name\":\"Portal de Not\u00edcias\",\"url\":\"https:\\\/\\\/maranhaotv.com.br\\\/\",\"logo\":{\"@type\":\"ImageObject\",\"inLanguage\":\"pt-BR\",\"@id\":\"https:\\\/\\\/maranhaotv.com.br\\\/#\\\/schema\\\/logo\\\/image\\\/\",\"url\":\"https:\\\/\\\/maranhaotv.com.br\\\/wp-content\\\/uploads\\\/2024\\\/05\\\/cropped-cropped-avatar-1.png\",\"contentUrl\":\"https:\\\/\\\/maranhaotv.com.br\\\/wp-content\\\/uploads\\\/2024\\\/05\\\/cropped-cropped-avatar-1.png\",\"width\":792,\"height\":428,\"caption\":\"Portal de Not\u00edcias\"},\"image\":{\"@id\":\"https:\\\/\\\/maranhaotv.com.br\\\/#\\\/schema\\\/logo\\\/image\\\/\"},\"sameAs\":[\"https:\\\/\\\/www.facebook.com\\\/maiobaotv\",\"https:\\\/\\\/x.com\\\/sitemaranhaotv\",\"https:\\\/\\\/www.instagram.com\\\/maranhao.tv\",\"https:\\\/\\\/www.threads.net\\\/@maranhao.tv\"]},{\"@type\":\"Person\",\"@id\":\"https:\\\/\\\/maranhaotv.com.br\\\/#\\\/schema\\\/person\\\/3d54238e86b20bb5c89ab2fdb8f8829a\",\"name\":\"maranhaotv\",\"image\":{\"@type\":\"ImageObject\",\"inLanguage\":\"pt-BR\",\"@id\":\"https:\\\/\\\/secure.gravatar.com\\\/avatar\\\/8fadbca458d4cb68b1dd399ae9a40618d747bb1af65ac9fad21c89220a143eb4?s=96&d=mm&r=g\",\"url\":\"https:\\\/\\\/secure.gravatar.com\\\/avatar\\\/8fadbca458d4cb68b1dd399ae9a40618d747bb1af65ac9fad21c89220a143eb4?s=96&d=mm&r=g\",\"contentUrl\":\"https:\\\/\\\/secure.gravatar.com\\\/avatar\\\/8fadbca458d4cb68b1dd399ae9a40618d747bb1af65ac9fad21c89220a143eb4?s=96&d=mm&r=g\",\"caption\":\"maranhaotv\"},\"sameAs\":[\"https:\\\/\\\/maranhaotv.com.br\\\/\"],\"url\":\"https:\\\/\\\/maranhaotv.com.br\\\/index.php\\\/author\\\/maranhaotv\\\/\"}]}<\/script>\n<!-- \/ Yoast SEO plugin. -->","yoast_head_json":{"title":"Ex-prefeita Paula da Pindoba est\u00e1 impedida de se comunicar com vereadores e servidores de Pa\u00e7o - NOT\u00cdCIAS EM TEMPO REAL","robots":{"index":"index","follow":"follow","max-snippet":"max-snippet:-1","max-image-preview":"max-image-preview:large","max-video-preview":"max-video-preview:-1"},"canonical":"https:\/\/maranhaotv.com.br\/index.php\/2024\/06\/02\/ex-prefeita-paula-da-pindoba-esta-impedida-de-se-comunicar-com-vereadores-e-servidores-de-paco\/","og_locale":"pt_BR","og_type":"article","og_title":"Ex-prefeita Paula da Pindoba est\u00e1 impedida de se comunicar com vereadores e servidores de Pa\u00e7o - NOT\u00cdCIAS EM TEMPO REAL","og_description":"A ex-prefeita Paula da Pindoba (PCdoB) foi afastada de suas fun\u00e7\u00f5es \u00e0 frente do munic\u00edpio de Pa\u00e7o do Lumiar, no","og_url":"https:\/\/maranhaotv.com.br\/index.php\/2024\/06\/02\/ex-prefeita-paula-da-pindoba-esta-impedida-de-se-comunicar-com-vereadores-e-servidores-de-paco\/","og_site_name":"NOT\u00cdCIAS EM TEMPO REAL","article_publisher":"https:\/\/www.facebook.com\/maiobaotv","article_published_time":"2024-06-02T14:29:00+00:00","article_modified_time":"2024-06-02T14:30:42+00:00","og_image":[{"width":715,"height":429,"url":"https:\/\/maranhaotv.com.br\/wp-content\/uploads\/2024\/06\/images-1.jpeg","type":"image\/jpeg"}],"author":"maranhaotv","twitter_card":"summary_large_image","twitter_creator":"@sitemaranhaotv","twitter_site":"@sitemaranhaotv","twitter_misc":{"Escrito por":"maranhaotv","Est. tempo de leitura":"2 minutos"},"schema":{"@context":"https:\/\/schema.org","@graph":[{"@type":"Article","@id":"https:\/\/maranhaotv.com.br\/index.php\/2024\/06\/02\/ex-prefeita-paula-da-pindoba-esta-impedida-de-se-comunicar-com-vereadores-e-servidores-de-paco\/#article","isPartOf":{"@id":"https:\/\/maranhaotv.com.br\/index.php\/2024\/06\/02\/ex-prefeita-paula-da-pindoba-esta-impedida-de-se-comunicar-com-vereadores-e-servidores-de-paco\/"},"author":{"name":"maranhaotv","@id":"https:\/\/maranhaotv.com.br\/#\/schema\/person\/3d54238e86b20bb5c89ab2fdb8f8829a"},"headline":"Ex-prefeita Paula da Pindoba est\u00e1 impedida de se comunicar com vereadores e servidores de Pa\u00e7o","datePublished":"2024-06-02T14:29:00+00:00","dateModified":"2024-06-02T14:30:42+00:00","mainEntityOfPage":{"@id":"https:\/\/maranhaotv.com.br\/index.php\/2024\/06\/02\/ex-prefeita-paula-da-pindoba-esta-impedida-de-se-comunicar-com-vereadores-e-servidores-de-paco\/"},"wordCount":440,"commentCount":0,"publisher":{"@id":"https:\/\/maranhaotv.com.br\/#organization"},"image":{"@id":"https:\/\/maranhaotv.com.br\/index.php\/2024\/06\/02\/ex-prefeita-paula-da-pindoba-esta-impedida-de-se-comunicar-com-vereadores-e-servidores-de-paco\/#primaryimage"},"thumbnailUrl":"https:\/\/maranhaotv.com.br\/wp-content\/uploads\/2024\/06\/images-1.jpeg","keywords":["C\u00e2mara de Vereadores de Pa\u00e7o do Lumiar","Paula Azevedo"],"articleSection":["pol\u00edtica"],"inLanguage":"pt-BR","potentialAction":[{"@type":"CommentAction","name":"Comment","target":["https:\/\/maranhaotv.com.br\/index.php\/2024\/06\/02\/ex-prefeita-paula-da-pindoba-esta-impedida-de-se-comunicar-com-vereadores-e-servidores-de-paco\/#respond"]}]},{"@type":"WebPage","@id":"https:\/\/maranhaotv.com.br\/index.php\/2024\/06\/02\/ex-prefeita-paula-da-pindoba-esta-impedida-de-se-comunicar-com-vereadores-e-servidores-de-paco\/","url":"https:\/\/maranhaotv.com.br\/index.php\/2024\/06\/02\/ex-prefeita-paula-da-pindoba-esta-impedida-de-se-comunicar-com-vereadores-e-servidores-de-paco\/","name":"Ex-prefeita Paula da Pindoba est\u00e1 impedida de se comunicar com vereadores e servidores de Pa\u00e7o - NOT\u00cdCIAS EM TEMPO REAL","isPartOf":{"@id":"https:\/\/maranhaotv.com.br\/#website"},"primaryImageOfPage":{"@id":"https:\/\/maranhaotv.com.br\/index.php\/2024\/06\/02\/ex-prefeita-paula-da-pindoba-esta-impedida-de-se-comunicar-com-vereadores-e-servidores-de-paco\/#primaryimage"},"image":{"@id":"https:\/\/maranhaotv.com.br\/index.php\/2024\/06\/02\/ex-prefeita-paula-da-pindoba-esta-impedida-de-se-comunicar-com-vereadores-e-servidores-de-paco\/#primaryimage"},"thumbnailUrl":"https:\/\/maranhaotv.com.br\/wp-content\/uploads\/2024\/06\/images-1.jpeg","datePublished":"2024-06-02T14:29:00+00:00","dateModified":"2024-06-02T14:30:42+00:00","breadcrumb":{"@id":"https:\/\/maranhaotv.com.br\/index.php\/2024\/06\/02\/ex-prefeita-paula-da-pindoba-esta-impedida-de-se-comunicar-com-vereadores-e-servidores-de-paco\/#breadcrumb"},"inLanguage":"pt-BR","potentialAction":[{"@type":"ReadAction","target":["https:\/\/maranhaotv.com.br\/index.php\/2024\/06\/02\/ex-prefeita-paula-da-pindoba-esta-impedida-de-se-comunicar-com-vereadores-e-servidores-de-paco\/"]}]},{"@type":"ImageObject","inLanguage":"pt-BR","@id":"https:\/\/maranhaotv.com.br\/index.php\/2024\/06\/02\/ex-prefeita-paula-da-pindoba-esta-impedida-de-se-comunicar-com-vereadores-e-servidores-de-paco\/#primaryimage","url":"https:\/\/maranhaotv.com.br\/wp-content\/uploads\/2024\/06\/images-1.jpeg","contentUrl":"https:\/\/maranhaotv.com.br\/wp-content\/uploads\/2024\/06\/images-1.jpeg","width":715,"height":429},{"@type":"BreadcrumbList","@id":"https:\/\/maranhaotv.com.br\/index.php\/2024\/06\/02\/ex-prefeita-paula-da-pindoba-esta-impedida-de-se-comunicar-com-vereadores-e-servidores-de-paco\/#breadcrumb","itemListElement":[{"@type":"ListItem","position":1,"name":"In\u00edcio","item":"https:\/\/maranhaotv.com.br\/"},{"@type":"ListItem","position":2,"name":"Ex-prefeita Paula da Pindoba est\u00e1 impedida de se comunicar com vereadores e servidores de Pa\u00e7o"}]},{"@type":"WebSite","@id":"https:\/\/maranhaotv.com.br\/#website","url":"https:\/\/maranhaotv.com.br\/","name":"Maranh\u00e3oTV","description":"","publisher":{"@id":"https:\/\/maranhaotv.com.br\/#organization"},"potentialAction":[{"@type":"SearchAction","target":{"@type":"EntryPoint","urlTemplate":"https:\/\/maranhaotv.com.br\/?s={search_term_string}"},"query-input":{"@type":"PropertyValueSpecification","valueRequired":true,"valueName":"search_term_string"}}],"inLanguage":"pt-BR"},{"@type":"Organization","@id":"https:\/\/maranhaotv.com.br\/#organization","name":"Portal de Not\u00edcias","url":"https:\/\/maranhaotv.com.br\/","logo":{"@type":"ImageObject","inLanguage":"pt-BR","@id":"https:\/\/maranhaotv.com.br\/#\/schema\/logo\/image\/","url":"https:\/\/maranhaotv.com.br\/wp-content\/uploads\/2024\/05\/cropped-cropped-avatar-1.png","contentUrl":"https:\/\/maranhaotv.com.br\/wp-content\/uploads\/2024\/05\/cropped-cropped-avatar-1.png","width":792,"height":428,"caption":"Portal de Not\u00edcias"},"image":{"@id":"https:\/\/maranhaotv.com.br\/#\/schema\/logo\/image\/"},"sameAs":["https:\/\/www.facebook.com\/maiobaotv","https:\/\/x.com\/sitemaranhaotv","https:\/\/www.instagram.com\/maranhao.tv","https:\/\/www.threads.net\/@maranhao.tv"]},{"@type":"Person","@id":"https:\/\/maranhaotv.com.br\/#\/schema\/person\/3d54238e86b20bb5c89ab2fdb8f8829a","name":"maranhaotv","image":{"@type":"ImageObject","inLanguage":"pt-BR","@id":"https:\/\/secure.gravatar.com\/avatar\/8fadbca458d4cb68b1dd399ae9a40618d747bb1af65ac9fad21c89220a143eb4?s=96&d=mm&r=g","url":"https:\/\/secure.gravatar.com\/avatar\/8fadbca458d4cb68b1dd399ae9a40618d747bb1af65ac9fad21c89220a143eb4?s=96&d=mm&r=g","contentUrl":"https:\/\/secure.gravatar.com\/avatar\/8fadbca458d4cb68b1dd399ae9a40618d747bb1af65ac9fad21c89220a143eb4?s=96&d=mm&r=g","caption":"maranhaotv"},"sameAs":["https:\/\/maranhaotv.com.br\/"],"url":"https:\/\/maranhaotv.com.br\/index.php\/author\/maranhaotv\/"}]}},"jetpack_featured_media_url":"https:\/\/maranhaotv.com.br\/wp-content\/uploads\/2024\/06\/images-1.jpeg","jetpack_sharing_enabled":true,"_links":{"self":[{"href":"https:\/\/maranhaotv.com.br\/index.php\/wp-json\/wp\/v2\/posts\/36153","targetHints":{"allow":["GET"]}}],"collection":[{"href":"https:\/\/maranhaotv.com.br\/index.php\/wp-json\/wp\/v2\/posts"}],"about":[{"href":"https:\/\/maranhaotv.com.br\/index.php\/wp-json\/wp\/v2\/types\/post"}],"author":[{"embeddable":true,"href":"https:\/\/maranhaotv.com.br\/index.php\/wp-json\/wp\/v2\/users\/2"}],"replies":[{"embeddable":true,"href":"https:\/\/maranhaotv.com.br\/index.php\/wp-json\/wp\/v2\/comments?post=36153"}],"version-history":[{"count":1,"href":"https:\/\/maranhaotv.com.br\/index.php\/wp-json\/wp\/v2\/posts\/36153\/revisions"}],"predecessor-version":[{"id":36154,"href":"https:\/\/maranhaotv.com.br\/index.php\/wp-json\/wp\/v2\/posts\/36153\/revisions\/36154"}],"wp:featuredmedia":[{"embeddable":true,"href":"https:\/\/maranhaotv.com.br\/index.php\/wp-json\/wp\/v2\/media\/36155"}],"wp:attachment":[{"href":"https:\/\/maranhaotv.com.br\/index.php\/wp-json\/wp\/v2\/media?parent=36153"}],"wp:term":[{"taxonomy":"category","embeddable":true,"href":"https:\/\/maranhaotv.com.br\/index.php\/wp-json\/wp\/v2\/categories?post=36153"},{"taxonomy":"post_tag","embeddable":true,"href":"https:\/\/maranhaotv.com.br\/index.php\/wp-json\/wp\/v2\/tags?post=36153"}],"curies":[{"name":"wp","href":"https:\/\/api.w.org\/{rel}","templated":true}]}}